{"id":20891,"date":"2025-12-05T12:32:23","date_gmt":"2025-12-05T11:32:23","guid":{"rendered":"https:\/\/contactfm72.fr\/?p=20891"},"modified":"2025-12-10T18:45:03","modified_gmt":"2025-12-10T17:45:03","slug":"a-pontvallain-artys-coiffure-recoit-deux-distinctions-dexcellence","status":"publish","type":"post","link":"https:\/\/contactfm72.fr\/?p=20891","title":{"rendered":"A Pontvallain, Art&#8217;ys coiffure re\u00e7oit deux distinctions d&#8217;excellence"},"content":{"rendered":"<div class=\"html-div xdj266r x14z9mp xat24cr x1lziwak xexx8yu xyri2b x18d9i69 x1c1uobl\" dir=\"auto\">\n<div class=\"html-div xdj266r x14z9mp xat24cr x1lziwak xexx8yu xyri2b x18d9i69 x1c1uobl\" data-ad-rendering-role=\"story_message\">\n<div id=\"_r_3p_\" class=\"x1l90r2v x1iorvi4 x1g0dm76 xpdmqnj\" data-ad-comet-preview=\"message\" data-ad-preview=\"message\">\n<div class=\"x78zum5 xdt5ytf xz62fqu x16ldp7u\">\n<div class=\"xu06os2 x1ok221b\">\n<div class=\"html-div xdj266r x14z9mp xat24cr x1lziwak xexx8yu xyri2b x18d9i69 x1c1uobl\">\n<div class=\"xdj266r x14z9mp xat24cr x1lziwak x1vvkbs x126k92a\">\n<div dir=\"auto\">Fin novembre, la <span class=\"html-span xdj266r x14z9mp xat24cr x1lziwak xexx8yu xyri2b x18d9i69 x1c1uobl x1hl2dhg x16tdsg8 x1vvkbs\"><a class=\"x1i10hfl xjbqb8w x1ejq31n x18oe1m7 x1sy0etr xstzfhl x972fbf x10w94by x1qhh985 x14e42zd x9f619 x1ypdohk xt0psk2 x3ct3a4 xdj266r x14z9mp xat24cr x1lziwak xexx8yu xyri2b x18d9i69 x1c1uobl x16tdsg8 x1hl2dhg xggy1nq x1a2a7pz xkrqix3 x1sur9pj x1fey0fg x1s688f\" tabindex=\"0\" role=\"link\" href=\"https:\/\/www.facebook.com\/cmapdl?__cft__[0]=AZX_NGcom6gO-edoCr33pIQJLoAWPzhFvYJ0kLVU8cC2L2aIXrI8zqwkxJImET8XWtKVHBWqu-8TQUNJ_klEKQPRxX9_9IeueN-I_GjnEzaLVSHm53XQbWUguBMxxzGnYFtuNLQflnWtGqguyodf_pPVysGBYmrShy1IQyqXo5BFIENTmC6PphyuoQlSAZgiIzQ&amp;__tn__=-]K-R\"><span class=\"xt0psk2\"><span class=\"xjp7ctv\">Chambre de m\u00e9tiers et de l&#8217;artisanat<\/span><\/span><\/a><\/span> de la Sarthe a distingu\u00e9 sept professionnels. Ils ont re\u00e7u la marque <span class=\"html-span xdj266r x14z9mp xat24cr x1lziwak xexx8yu xyri2b x18d9i69 x1c1uobl x1hl2dhg x16tdsg8 x1vvkbs\"><a class=\"x1i10hfl xjbqb8w x1ejq31n x18oe1m7 x1sy0etr xstzfhl x972fbf x10w94by x1qhh985 x14e42zd x9f619 x1ypdohk xt0psk2 x3ct3a4 xdj266r x14z9mp xat24cr x1lziwak xexx8yu xyri2b x18d9i69 x1c1uobl x16tdsg8 x1hl2dhg xggy1nq x1a2a7pz xkrqix3 x1sur9pj x1fey0fg x1s688f\" tabindex=\"0\" role=\"link\" href=\"https:\/\/www.facebook.com\/EcoDefisPaysDeLoire?__cft__[0]=AZX_NGcom6gO-edoCr33pIQJLoAWPzhFvYJ0kLVU8cC2L2aIXrI8zqwkxJImET8XWtKVHBWqu-8TQUNJ_klEKQPRxX9_9IeueN-I_GjnEzaLVSHm53XQbWUguBMxxzGnYFtuNLQflnWtGqguyodf_pPVysGBYmrShy1IQyqXo5BFIENTmC6PphyuoQlSAZgiIzQ&amp;__tn__=-]K-R\"><span class=\"xt0psk2\"><span class=\"xjp7ctv\">Eco-d\u00e9fis<\/span><\/span><\/a><\/span> pour leurs actions concr\u00e8tes mises en place dans leurs commerces en faveur de l&#8217;environnement.<\/div>\n<\/div>\n<div class=\"x14z9mp xat24cr x1lziwak x1vvkbs xtlvy1s x126k92a\">\n<div dir=\"auto\">Parmi eux, le salon <span class=\"html-span xdj266r x14z9mp xat24cr x1lziwak xexx8yu xyri2b x18d9i69 x1c1uobl x1hl2dhg x16tdsg8 x1vvkbs\"><a class=\"x1i10hfl xjbqb8w x1ejq31n x18oe1m7 x1sy0etr xstzfhl x972fbf x10w94by x1qhh985 x14e42zd x9f619 x1ypdohk xt0psk2 x3ct3a4 xdj266r x14z9mp xat24cr x1lziwak xexx8yu xyri2b x18d9i69 x1c1uobl x16tdsg8 x1hl2dhg xggy1nq x1a2a7pz xkrqix3 x1sur9pj x1fey0fg x1s688f\" tabindex=\"0\" role=\"link\" href=\"https:\/\/www.facebook.com\/artyscoiffure?__cft__[0]=AZX_NGcom6gO-edoCr33pIQJLoAWPzhFvYJ0kLVU8cC2L2aIXrI8zqwkxJImET8XWtKVHBWqu-8TQUNJ_klEKQPRxX9_9IeueN-I_GjnEzaLVSHm53XQbWUguBMxxzGnYFtuNLQflnWtGqguyodf_pPVysGBYmrShy1IQyqXo5BFIENTmC6PphyuoQlSAZgiIzQ&amp;__tn__=-]K-R\"><span class=\"xt0psk2\"><span class=\"xjp7ctv\">Art&#8217;ys Coiffure<\/span><\/span><\/a><\/span>, install\u00e9 au 7 rue du 11 Novembre \u00e0 Pontvallain.<\/div>\n<\/div>\n<div class=\"x14z9mp xat24cr x1lziwak x1vvkbs xtlvy1s x126k92a\">\n<div dir=\"auto\">Lors de cette attribution, Murielle Bru\u00e8re, s&#8217;est aussi vu remettre le titre de ma\u00eetre-artisan, valorisant ainsi 32 ans de savoir-faire et de transmission aupr\u00e8s de plus de 20 apprenants. C&#8217;est la plus haute distinction dans le domaine de l&#8217;artisanat.<\/div>\n<\/div>\n<div class=\"x14z9mp xat24cr x1lziwak x1vvkbs xtlvy1s x126k92a\">\n<div dir=\"auto\">Elle nous parle de son m\u00e9tier passion dans &#8220;L&#8217;interview du jour&#8221;, ce vendredi 5 d\u00e9cembre \u00e0 18h, samedi 6 d\u00e9cembre \u00e0 15h, dimanche 7 d\u00e9cembre \u00e0 12h et lundi 8 d\u00e9cembre \u00e0 13h.<\/div>\n<\/div>\n<\/div>\n<\/div>\n<\/div>\n<\/div>\n<\/div>\n<\/div>\n<p>&nbsp;<\/p>\n<p>&nbsp;<\/p>\n<div id=\"audioigniter-283\" class=\"audioigniter-root \" data-player-type=\"full\" data-tracks-url=\"https:\/\/contactfm72.fr\/?audioigniter_playlist_id=283\" data-display-track-no=\"false\" data-reverse-track-order=\"false\" data-display-tracklist-covers=\"false\" data-display-active-cover=\"false\" data-display-artist-names=\"false\" data-display-buy-buttons=\"true\" data-buy-buttons-target=\"false\" data-cycle-tracks=\"false\" data-display-credits=\"false\" data-display-tracklist=\"true\" data-allow-tracklist-toggle=\"false\" data-allow-tracklist-loop=\"true\" data-limit-tracklist-height=\"true\" data-volume=\"100\" data-tracklist-height=\"185\" data-allow-track-loop=\"false\" ><\/div>\n<!-- AddThis Advanced Settings generic via filter on the_content --><!-- AddThis Share Buttons generic via filter on the_content -->","protected":false},"excerpt":{"rendered":"<p>Fin novembre, la Chambre de m\u00e9tiers et de l&#8217;artisanat de la Sarthe a distingu\u00e9 sept professionnels. Ils ont re\u00e7u la marque Eco-d\u00e9fis pour leurs actions concr\u00e8tes mises en place dans leurs commerces en faveur de l&#8217;environnement. Parmi eux, le salon Art&#8217;ys Coiffure, install\u00e9 au 7 rue du 11 Novembre \u00e0 Pontvallain. Lors de cette attribution,&hellip;<!-- AddThis Advanced Settings generic via filter on get_the_excerpt --><!-- AddThis Share Buttons generic via filter on get_the_excerpt --><\/p>\n","protected":false},"author":5,"featured_media":20893,"comment_status":"closed","ping_status":"open","sticky":false,"template":"","format":"standard","meta":{"footnotes":""},"categories":[1,5],"tags":[],"class_list":["post-20891","post","type-post","status-publish","format-standard","has-post-thumbnail","hentry","category-contact-fm-72","category-linterview-du-jour","category-1","category-5","description-off"],"yoast_head":"<!-- This site is optimized with the Yoast SEO plugin v27.4 - https:\/\/yoast.com\/product\/yoast-seo-wordpress\/ -->\n<title>A Pontvallain, Art&#039;ys coiffure re\u00e7oit deux distinctions d&#039;excellence - Contact FM 99.3<\/title>\n<meta name=\"robots\" content=\"index, follow, max-snippet:-1, max-image-preview:large, max-video-preview:-1\" \/>\n<link rel=\"canonical\" href=\"https:\/\/contactfm72.fr\/?p=20891\" \/>\n<meta property=\"og:locale\" content=\"fr_FR\" \/>\n<meta property=\"og:type\" content=\"article\" \/>\n<meta property=\"og:title\" content=\"A Pontvallain, Art&#039;ys coiffure re\u00e7oit deux distinctions d&#039;excellence - Contact FM 99.3\" \/>\n<meta property=\"og:description\" content=\"Fin novembre, la Chambre de m\u00e9tiers et de l&#8217;artisanat de la Sarthe a distingu\u00e9 sept professionnels. Ils ont re\u00e7u la marque Eco-d\u00e9fis pour leurs actions concr\u00e8tes mises en place dans leurs commerces en faveur de l&#8217;environnement. Parmi eux, le salon Art&#8217;ys Coiffure, install\u00e9 au 7 rue du 11 Novembre \u00e0 Pontvallain. Lors de cette attribution,&hellip;\" \/>\n<meta property=\"og:url\" content=\"https:\/\/contactfm72.fr\/?p=20891\" \/>\n<meta property=\"og:site_name\" content=\"Contact FM 99.3\" \/>\n<meta property=\"article:publisher\" content=\"https:\/\/www.facebook.com\/Contactfm.Chateauduloir\" \/>\n<meta property=\"article:published_time\" content=\"2025-12-05T11:32:23+00:00\" \/>\n<meta property=\"article:modified_time\" content=\"2025-12-10T17:45:03+00:00\" \/>\n<meta property=\"og:image\" content=\"http:\/\/contactfm72.fr\/wp-content\/uploads\/2025\/12\/Artys-coiffure-scaled.jpg\" \/>\n\t<meta property=\"og:image:width\" content=\"2560\" \/>\n\t<meta property=\"og:image:height\" content=\"1920\" \/>\n\t<meta property=\"og:image:type\" content=\"image\/jpeg\" \/>\n<meta name=\"author\" content=\"redaction2@contactfm72.fr\" \/>\n<meta name=\"twitter:card\" content=\"summary_large_image\" \/>\n<meta name=\"twitter:creator\" content=\"@contactfm72\" \/>\n<meta name=\"twitter:site\" content=\"@contactfm72\" \/>\n<meta name=\"twitter:label1\" content=\"\u00c9crit par\" \/>\n\t<meta name=\"twitter:data1\" content=\"redaction2@contactfm72.fr\" \/>\n\t<meta name=\"twitter:label2\" content=\"Dur\u00e9e de lecture estim\u00e9e\" \/>\n\t<meta name=\"twitter:data2\" content=\"1 minute\" \/>\n<script type=\"application\/ld+json\" class=\"yoast-schema-graph\">{\"@context\":\"https:\\\/\\\/schema.org\",\"@graph\":[{\"@type\":\"Article\",\"@id\":\"https:\\\/\\\/contactfm72.fr\\\/?p=20891#article\",\"isPartOf\":{\"@id\":\"https:\\\/\\\/contactfm72.fr\\\/?p=20891\"},\"author\":{\"name\":\"redaction2@contactfm72.fr\",\"@id\":\"https:\\\/\\\/contactfm72.fr\\\/#\\\/schema\\\/person\\\/d2ef09cdea7331b185acaddc4d14dda8\"},\"headline\":\"A Pontvallain, Art&#8217;ys coiffure re\u00e7oit deux distinctions d&#8217;excellence\",\"datePublished\":\"2025-12-05T11:32:23+00:00\",\"dateModified\":\"2025-12-10T17:45:03+00:00\",\"mainEntityOfPage\":{\"@id\":\"https:\\\/\\\/contactfm72.fr\\\/?p=20891\"},\"wordCount\":145,\"publisher\":{\"@id\":\"https:\\\/\\\/contactfm72.fr\\\/#organization\"},\"image\":{\"@id\":\"https:\\\/\\\/contactfm72.fr\\\/?p=20891#primaryimage\"},\"thumbnailUrl\":\"https:\\\/\\\/contactfm72.fr\\\/wp-content\\\/uploads\\\/2025\\\/12\\\/Artys-coiffure-scaled.jpg\",\"articleSection\":[\"Contact FM 72\",\"L'interview du jour\"],\"inLanguage\":\"fr-FR\"},{\"@type\":\"WebPage\",\"@id\":\"https:\\\/\\\/contactfm72.fr\\\/?p=20891\",\"url\":\"https:\\\/\\\/contactfm72.fr\\\/?p=20891\",\"name\":\"A Pontvallain, Art'ys coiffure re\u00e7oit deux distinctions d'excellence - Contact FM 99.3\",\"isPartOf\":{\"@id\":\"https:\\\/\\\/contactfm72.fr\\\/#website\"},\"primaryImageOfPage\":{\"@id\":\"https:\\\/\\\/contactfm72.fr\\\/?p=20891#primaryimage\"},\"image\":{\"@id\":\"https:\\\/\\\/contactfm72.fr\\\/?p=20891#primaryimage\"},\"thumbnailUrl\":\"https:\\\/\\\/contactfm72.fr\\\/wp-content\\\/uploads\\\/2025\\\/12\\\/Artys-coiffure-scaled.jpg\",\"datePublished\":\"2025-12-05T11:32:23+00:00\",\"dateModified\":\"2025-12-10T17:45:03+00:00\",\"breadcrumb\":{\"@id\":\"https:\\\/\\\/contactfm72.fr\\\/?p=20891#breadcrumb\"},\"inLanguage\":\"fr-FR\",\"potentialAction\":[{\"@type\":\"ReadAction\",\"target\":[\"https:\\\/\\\/contactfm72.fr\\\/?p=20891\"]}]},{\"@type\":\"ImageObject\",\"inLanguage\":\"fr-FR\",\"@id\":\"https:\\\/\\\/contactfm72.fr\\\/?p=20891#primaryimage\",\"url\":\"https:\\\/\\\/contactfm72.fr\\\/wp-content\\\/uploads\\\/2025\\\/12\\\/Artys-coiffure-scaled.jpg\",\"contentUrl\":\"https:\\\/\\\/contactfm72.fr\\\/wp-content\\\/uploads\\\/2025\\\/12\\\/Artys-coiffure-scaled.jpg\",\"width\":2560,\"height\":1920},{\"@type\":\"BreadcrumbList\",\"@id\":\"https:\\\/\\\/contactfm72.fr\\\/?p=20891#breadcrumb\",\"itemListElement\":[{\"@type\":\"ListItem\",\"position\":1,\"name\":\"Accueil\",\"item\":\"https:\\\/\\\/contactfm72.fr\\\/\"},{\"@type\":\"ListItem\",\"position\":2,\"name\":\"A Pontvallain, Art&#8217;ys coiffure re\u00e7oit deux distinctions d&#8217;excellence\"}]},{\"@type\":\"WebSite\",\"@id\":\"https:\\\/\\\/contactfm72.fr\\\/#website\",\"url\":\"https:\\\/\\\/contactfm72.fr\\\/\",\"name\":\"Contact FM 99.3\",\"description\":\"Votre radio en vall\u00e9e du Loir\",\"publisher\":{\"@id\":\"https:\\\/\\\/contactfm72.fr\\\/#organization\"},\"potentialAction\":[{\"@type\":\"SearchAction\",\"target\":{\"@type\":\"EntryPoint\",\"urlTemplate\":\"https:\\\/\\\/contactfm72.fr\\\/?s={search_term_string}\"},\"query-input\":{\"@type\":\"PropertyValueSpecification\",\"valueRequired\":true,\"valueName\":\"search_term_string\"}}],\"inLanguage\":\"fr-FR\"},{\"@type\":\"Organization\",\"@id\":\"https:\\\/\\\/contactfm72.fr\\\/#organization\",\"name\":\"Contact FM 99.3\",\"url\":\"https:\\\/\\\/contactfm72.fr\\\/\",\"logo\":{\"@type\":\"ImageObject\",\"inLanguage\":\"fr-FR\",\"@id\":\"https:\\\/\\\/contactfm72.fr\\\/#\\\/schema\\\/logo\\\/image\\\/\",\"url\":\"https:\\\/\\\/contactfm72.fr\\\/wp-content\\\/uploads\\\/2025\\\/04\\\/2025-04-18-2.jpg\",\"contentUrl\":\"https:\\\/\\\/contactfm72.fr\\\/wp-content\\\/uploads\\\/2025\\\/04\\\/2025-04-18-2.jpg\",\"width\":680,\"height\":307,\"caption\":\"Contact FM 99.3\"},\"image\":{\"@id\":\"https:\\\/\\\/contactfm72.fr\\\/#\\\/schema\\\/logo\\\/image\\\/\"},\"sameAs\":[\"https:\\\/\\\/www.facebook.com\\\/Contactfm.Chateauduloir\",\"https:\\\/\\\/x.com\\\/contactfm72\",\"https:\\\/\\\/www.instagram.com\\\/contact.fm.72?igsh=cGhlMHQ5N2JlNnpp\",\"https:\\\/\\\/www.tiktok.com\\\/@contact.fm\"]},{\"@type\":\"Person\",\"@id\":\"https:\\\/\\\/contactfm72.fr\\\/#\\\/schema\\\/person\\\/d2ef09cdea7331b185acaddc4d14dda8\",\"name\":\"redaction2@contactfm72.fr\",\"image\":{\"@type\":\"ImageObject\",\"inLanguage\":\"fr-FR\",\"@id\":\"https:\\\/\\\/secure.gravatar.com\\\/avatar\\\/897f3d57289c1f4c62cade1c2606ba6ded18d5f1676845e668a9f21cb751c06b?s=96&d=mm&r=g\",\"url\":\"https:\\\/\\\/secure.gravatar.com\\\/avatar\\\/897f3d57289c1f4c62cade1c2606ba6ded18d5f1676845e668a9f21cb751c06b?s=96&d=mm&r=g\",\"contentUrl\":\"https:\\\/\\\/secure.gravatar.com\\\/avatar\\\/897f3d57289c1f4c62cade1c2606ba6ded18d5f1676845e668a9f21cb751c06b?s=96&d=mm&r=g\",\"caption\":\"redaction2@contactfm72.fr\"},\"url\":\"https:\\\/\\\/contactfm72.fr\\\/?author=5\"}]}<\/script>\n<!-- \/ Yoast SEO plugin. -->","yoast_head_json":{"title":"A Pontvallain, Art'ys coiffure re\u00e7oit deux distinctions d'excellence - Contact FM 99.3","robots":{"index":"index","follow":"follow","max-snippet":"max-snippet:-1","max-image-preview":"max-image-preview:large","max-video-preview":"max-video-preview:-1"},"canonical":"https:\/\/contactfm72.fr\/?p=20891","og_locale":"fr_FR","og_type":"article","og_title":"A Pontvallain, Art'ys coiffure re\u00e7oit deux distinctions d'excellence - Contact FM 99.3","og_description":"Fin novembre, la Chambre de m\u00e9tiers et de l&#8217;artisanat de la Sarthe a distingu\u00e9 sept professionnels. Ils ont re\u00e7u la marque Eco-d\u00e9fis pour leurs actions concr\u00e8tes mises en place dans leurs commerces en faveur de l&#8217;environnement. Parmi eux, le salon Art&#8217;ys Coiffure, install\u00e9 au 7 rue du 11 Novembre \u00e0 Pontvallain. Lors de cette attribution,&hellip;","og_url":"https:\/\/contactfm72.fr\/?p=20891","og_site_name":"Contact FM 99.3","article_publisher":"https:\/\/www.facebook.com\/Contactfm.Chateauduloir","article_published_time":"2025-12-05T11:32:23+00:00","article_modified_time":"2025-12-10T17:45:03+00:00","og_image":[{"width":2560,"height":1920,"url":"http:\/\/contactfm72.fr\/wp-content\/uploads\/2025\/12\/Artys-coiffure-scaled.jpg","type":"image\/jpeg"}],"author":"redaction2@contactfm72.fr","twitter_card":"summary_large_image","twitter_creator":"@contactfm72","twitter_site":"@contactfm72","twitter_misc":{"\u00c9crit par":"redaction2@contactfm72.fr","Dur\u00e9e de lecture estim\u00e9e":"1 minute"},"schema":{"@context":"https:\/\/schema.org","@graph":[{"@type":"Article","@id":"https:\/\/contactfm72.fr\/?p=20891#article","isPartOf":{"@id":"https:\/\/contactfm72.fr\/?p=20891"},"author":{"name":"redaction2@contactfm72.fr","@id":"https:\/\/contactfm72.fr\/#\/schema\/person\/d2ef09cdea7331b185acaddc4d14dda8"},"headline":"A Pontvallain, Art&#8217;ys coiffure re\u00e7oit deux distinctions d&#8217;excellence","datePublished":"2025-12-05T11:32:23+00:00","dateModified":"2025-12-10T17:45:03+00:00","mainEntityOfPage":{"@id":"https:\/\/contactfm72.fr\/?p=20891"},"wordCount":145,"publisher":{"@id":"https:\/\/contactfm72.fr\/#organization"},"image":{"@id":"https:\/\/contactfm72.fr\/?p=20891#primaryimage"},"thumbnailUrl":"https:\/\/contactfm72.fr\/wp-content\/uploads\/2025\/12\/Artys-coiffure-scaled.jpg","articleSection":["Contact FM 72","L'interview du jour"],"inLanguage":"fr-FR"},{"@type":"WebPage","@id":"https:\/\/contactfm72.fr\/?p=20891","url":"https:\/\/contactfm72.fr\/?p=20891","name":"A Pontvallain, Art'ys coiffure re\u00e7oit deux distinctions d'excellence - Contact FM 99.3","isPartOf":{"@id":"https:\/\/contactfm72.fr\/#website"},"primaryImageOfPage":{"@id":"https:\/\/contactfm72.fr\/?p=20891#primaryimage"},"image":{"@id":"https:\/\/contactfm72.fr\/?p=20891#primaryimage"},"thumbnailUrl":"https:\/\/contactfm72.fr\/wp-content\/uploads\/2025\/12\/Artys-coiffure-scaled.jpg","datePublished":"2025-12-05T11:32:23+00:00","dateModified":"2025-12-10T17:45:03+00:00","breadcrumb":{"@id":"https:\/\/contactfm72.fr\/?p=20891#breadcrumb"},"inLanguage":"fr-FR","potentialAction":[{"@type":"ReadAction","target":["https:\/\/contactfm72.fr\/?p=20891"]}]},{"@type":"ImageObject","inLanguage":"fr-FR","@id":"https:\/\/contactfm72.fr\/?p=20891#primaryimage","url":"https:\/\/contactfm72.fr\/wp-content\/uploads\/2025\/12\/Artys-coiffure-scaled.jpg","contentUrl":"https:\/\/contactfm72.fr\/wp-content\/uploads\/2025\/12\/Artys-coiffure-scaled.jpg","width":2560,"height":1920},{"@type":"BreadcrumbList","@id":"https:\/\/contactfm72.fr\/?p=20891#breadcrumb","itemListElement":[{"@type":"ListItem","position":1,"name":"Accueil","item":"https:\/\/contactfm72.fr\/"},{"@type":"ListItem","position":2,"name":"A Pontvallain, Art&#8217;ys coiffure re\u00e7oit deux distinctions d&#8217;excellence"}]},{"@type":"WebSite","@id":"https:\/\/contactfm72.fr\/#website","url":"https:\/\/contactfm72.fr\/","name":"Contact FM 99.3","description":"Votre radio en vall\u00e9e du Loir","publisher":{"@id":"https:\/\/contactfm72.fr\/#organization"},"potentialAction":[{"@type":"SearchAction","target":{"@type":"EntryPoint","urlTemplate":"https:\/\/contactfm72.fr\/?s={search_term_string}"},"query-input":{"@type":"PropertyValueSpecification","valueRequired":true,"valueName":"search_term_string"}}],"inLanguage":"fr-FR"},{"@type":"Organization","@id":"https:\/\/contactfm72.fr\/#organization","name":"Contact FM 99.3","url":"https:\/\/contactfm72.fr\/","logo":{"@type":"ImageObject","inLanguage":"fr-FR","@id":"https:\/\/contactfm72.fr\/#\/schema\/logo\/image\/","url":"https:\/\/contactfm72.fr\/wp-content\/uploads\/2025\/04\/2025-04-18-2.jpg","contentUrl":"https:\/\/contactfm72.fr\/wp-content\/uploads\/2025\/04\/2025-04-18-2.jpg","width":680,"height":307,"caption":"Contact FM 99.3"},"image":{"@id":"https:\/\/contactfm72.fr\/#\/schema\/logo\/image\/"},"sameAs":["https:\/\/www.facebook.com\/Contactfm.Chateauduloir","https:\/\/x.com\/contactfm72","https:\/\/www.instagram.com\/contact.fm.72?igsh=cGhlMHQ5N2JlNnpp","https:\/\/www.tiktok.com\/@contact.fm"]},{"@type":"Person","@id":"https:\/\/contactfm72.fr\/#\/schema\/person\/d2ef09cdea7331b185acaddc4d14dda8","name":"redaction2@contactfm72.fr","image":{"@type":"ImageObject","inLanguage":"fr-FR","@id":"https:\/\/secure.gravatar.com\/avatar\/897f3d57289c1f4c62cade1c2606ba6ded18d5f1676845e668a9f21cb751c06b?s=96&d=mm&r=g","url":"https:\/\/secure.gravatar.com\/avatar\/897f3d57289c1f4c62cade1c2606ba6ded18d5f1676845e668a9f21cb751c06b?s=96&d=mm&r=g","contentUrl":"https:\/\/secure.gravatar.com\/avatar\/897f3d57289c1f4c62cade1c2606ba6ded18d5f1676845e668a9f21cb751c06b?s=96&d=mm&r=g","caption":"redaction2@contactfm72.fr"},"url":"https:\/\/contactfm72.fr\/?author=5"}]}},"_links":{"self":[{"href":"https:\/\/contactfm72.fr\/index.php?rest_route=\/wp\/v2\/posts\/20891","targetHints":{"allow":["GET"]}}],"collection":[{"href":"https:\/\/contactfm72.fr\/index.php?rest_route=\/wp\/v2\/posts"}],"about":[{"href":"https:\/\/contactfm72.fr\/index.php?rest_route=\/wp\/v2\/types\/post"}],"author":[{"embeddable":true,"href":"https:\/\/contactfm72.fr\/index.php?rest_route=\/wp\/v2\/users\/5"}],"replies":[{"embeddable":true,"href":"https:\/\/contactfm72.fr\/index.php?rest_route=%2Fwp%2Fv2%2Fcomments&post=20891"}],"version-history":[{"count":3,"href":"https:\/\/contactfm72.fr\/index.php?rest_route=\/wp\/v2\/posts\/20891\/revisions"}],"predecessor-version":[{"id":20896,"href":"https:\/\/contactfm72.fr\/index.php?rest_route=\/wp\/v2\/posts\/20891\/revisions\/20896"}],"wp:featuredmedia":[{"embeddable":true,"href":"https:\/\/contactfm72.fr\/index.php?rest_route=\/wp\/v2\/media\/20893"}],"wp:attachment":[{"href":"https:\/\/contactfm72.fr\/index.php?rest_route=%2Fwp%2Fv2%2Fmedia&parent=20891"}],"wp:term":[{"taxonomy":"category","embeddable":true,"href":"https:\/\/contactfm72.fr\/index.php?rest_route=%2Fwp%2Fv2%2Fcategories&post=20891"},{"taxonomy":"post_tag","embeddable":true,"href":"https:\/\/contactfm72.fr\/index.php?rest_route=%2Fwp%2Fv2%2Ftags&post=20891"}],"curies":[{"name":"wp","href":"https:\/\/api.w.org\/{rel}","templated":true}]}}