{"id":20693,"date":"2025-11-16T15:29:12","date_gmt":"2025-11-16T14:29:12","guid":{"rendered":"https:\/\/contactfm72.fr\/?p=20693"},"modified":"2025-11-19T16:34:00","modified_gmt":"2025-11-19T15:34:00","slug":"les-4e-de-nazareth-a-ruille-sur-loir-sidentifient-a-des-monuments-celebres","status":"publish","type":"post","link":"https:\/\/contactfm72.fr\/?p=20693","title":{"rendered":"Les 4e de Nazareth \u00e0 Ruill\u00e9-sur-Loir s\u2019identifient \u00e0 des monuments c\u00e9l\u00e8bres"},"content":{"rendered":"<div class=\"x14z9mp xat24cr x1lziwak x1vvkbs xtlvy1s x126k92a\">\n<div dir=\"auto\">En d\u00e9couverte des m\u00e9dias, les 4e du <span class=\"html-span xdj266r x14z9mp xat24cr x1lziwak xexx8yu xyri2b x18d9i69 x1c1uobl x1hl2dhg x16tdsg8 x1vvkbs\"><a class=\"x1i10hfl xjbqb8w x1ejq31n x18oe1m7 x1sy0etr xstzfhl x972fbf x10w94by x1qhh985 x14e42zd x9f619 x1ypdohk xt0psk2 x3ct3a4 xdj266r x14z9mp xat24cr x1lziwak xexx8yu xyri2b x18d9i69 x1c1uobl x16tdsg8 x1hl2dhg xggy1nq x1a2a7pz xkrqix3 x1sur9pj x1fey0fg x1s688f\" tabindex=\"0\" role=\"link\" href=\"https:\/\/www.facebook.com\/LyceeNazareth?__cft__[0]=AZVFICLPYRJsNNM_T2BOUMDdgyuTCO3TQv_NUkZ79AiNOrr9y2OAQTxlIk3CD6eIDXgexQ4uUiZmlV604KF-wlDHsBhHePNbOjLbW43EzrfXRvF-YxBRUd86yypdVluEv0AIDbRalCV9h7DcOJfy2Lofy0uAmHYlXiMvZo-Hsdwn7oqw3iKpAwhcaYMdBlLQEy8&amp;__tn__=-]K-R\"><span class=\"xt0psk2\"><span class=\"xjp7ctv\">Coll\u00e8ge &#8211; Lyc\u00e9e Nazareth<\/span><\/span><\/a><\/span> \u00e0 <span class=\"html-span xdj266r x14z9mp xat24cr x1lziwak xexx8yu xyri2b x18d9i69 x1c1uobl x1hl2dhg x16tdsg8 x1vvkbs\"><a class=\"x1i10hfl xjbqb8w x1ejq31n x18oe1m7 x1sy0etr xstzfhl x972fbf x10w94by x1qhh985 x14e42zd x9f619 x1ypdohk xt0psk2 x3ct3a4 xdj266r x14z9mp xat24cr x1lziwak xexx8yu xyri2b x18d9i69 x1c1uobl x16tdsg8 x1hl2dhg xggy1nq x1a2a7pz xkrqix3 x1sur9pj x1fey0fg x1s688f\" tabindex=\"0\" role=\"link\" href=\"https:\/\/www.facebook.com\/loirenvallee?__cft__[0]=AZVFICLPYRJsNNM_T2BOUMDdgyuTCO3TQv_NUkZ79AiNOrr9y2OAQTxlIk3CD6eIDXgexQ4uUiZmlV604KF-wlDHsBhHePNbOjLbW43EzrfXRvF-YxBRUd86yypdVluEv0AIDbRalCV9h7DcOJfy2Lofy0uAmHYlXiMvZo-Hsdwn7oqw3iKpAwhcaYMdBlLQEy8&amp;__tn__=-]K-R\"><span class=\"xt0psk2\"><span class=\"xjp7ctv\">Loir en Vall\u00e9e<\/span><\/span><\/a><\/span>, avec leur enseignante de fran\u00e7ais C\u00e9leste Luzzati, se sont mis \u00e0 la place de monuments c\u00e9l\u00e8bres en les pr\u00e9sentant \u00e0 la premi\u00e8re personne du singulier.<\/div>\n<div dir=\"auto\"><\/div>\n<div dir=\"auto\">11 \u00e9difices sont ainsi mis \u00e0 l\u2019honneur, repartis dans deux \u00e9missions de \u00ab L\u2019\u00e9cho de la jeunesse \u00bb.<\/div>\n<div dir=\"auto\"><\/div>\n<\/div>\n<div class=\"x14z9mp xat24cr x1lziwak x1vvkbs xtlvy1s x126k92a\">\n<div dir=\"auto\">Pour ce premier num\u00e9ro diffus\u00e9 dimanche 16 novembre \u00e0 19h et mercredi 19 \u00e0 14h, il est question du ch\u00e2teau d\u2019\u00c9dimbourg en \u00c9cosse, la Cit\u00e9 de P\u00e9tra en Jordanie, la Muraille de Chine, le Colis\u00e9e en Italie, la statue de la Libert\u00e9 aux \u00c9tats-Unis et la Tour Eiffel en France.<\/div>\n<\/div>\n<p>&nbsp;<\/p>\n<p>&nbsp;<\/p>\n<div id=\"audioigniter-299\" class=\"audioigniter-root \" data-player-type=\"full\" data-tracks-url=\"https:\/\/contactfm72.fr\/?audioigniter_playlist_id=299\" data-display-track-no=\"false\" data-reverse-track-order=\"false\" data-display-tracklist-covers=\"false\" data-display-active-cover=\"false\" data-display-artist-names=\"false\" data-display-buy-buttons=\"true\" data-buy-buttons-target=\"false\" data-cycle-tracks=\"false\" data-display-credits=\"false\" data-display-tracklist=\"true\" data-allow-tracklist-toggle=\"true\" data-allow-tracklist-loop=\"true\" data-limit-tracklist-height=\"true\" data-volume=\"100\" data-tracklist-height=\"185\" data-allow-track-loop=\"false\" ><\/div>\n<!-- AddThis Advanced Settings generic via filter on the_content --><!-- AddThis Share Buttons generic via filter on the_content -->","protected":false},"excerpt":{"rendered":"<p>En d\u00e9couverte des m\u00e9dias, les 4e du Coll\u00e8ge &#8211; Lyc\u00e9e Nazareth \u00e0 Loir en Vall\u00e9e, avec leur enseignante de fran\u00e7ais C\u00e9leste Luzzati, se sont mis \u00e0 la place de monuments c\u00e9l\u00e8bres en les pr\u00e9sentant \u00e0 la premi\u00e8re personne du singulier. 11 \u00e9difices sont ainsi mis \u00e0 l\u2019honneur, repartis dans deux \u00e9missions de \u00ab L\u2019\u00e9cho de&hellip;<!-- AddThis Advanced Settings generic via filter on get_the_excerpt --><!-- AddThis Share Buttons generic via filter on get_the_excerpt --><\/p>\n","protected":false},"author":4,"featured_media":20695,"comment_status":"closed","ping_status":"open","sticky":false,"template":"","format":"standard","meta":{"footnotes":""},"categories":[1,7],"tags":[],"class_list":["post-20693","post","type-post","status-publish","format-standard","has-post-thumbnail","hentry","category-contact-fm-72","category-lecho-de-la-jeunesse","category-1","category-7","description-off"],"yoast_head":"<!-- This site is optimized with the Yoast SEO plugin v27.4 - https:\/\/yoast.com\/product\/yoast-seo-wordpress\/ -->\n<title>Les 4e de Nazareth \u00e0 Ruill\u00e9-sur-Loir s\u2019identifient \u00e0 des monuments c\u00e9l\u00e8bres - Contact FM 99.3<\/title>\n<meta name=\"robots\" content=\"index, follow, max-snippet:-1, max-image-preview:large, max-video-preview:-1\" \/>\n<link rel=\"canonical\" href=\"https:\/\/contactfm72.fr\/?p=20693\" \/>\n<meta property=\"og:locale\" content=\"fr_FR\" \/>\n<meta property=\"og:type\" content=\"article\" \/>\n<meta property=\"og:title\" content=\"Les 4e de Nazareth \u00e0 Ruill\u00e9-sur-Loir s\u2019identifient \u00e0 des monuments c\u00e9l\u00e8bres - Contact FM 99.3\" \/>\n<meta property=\"og:description\" content=\"En d\u00e9couverte des m\u00e9dias, les 4e du Coll\u00e8ge &#8211; Lyc\u00e9e Nazareth \u00e0 Loir en Vall\u00e9e, avec leur enseignante de fran\u00e7ais C\u00e9leste Luzzati, se sont mis \u00e0 la place de monuments c\u00e9l\u00e8bres en les pr\u00e9sentant \u00e0 la premi\u00e8re personne du singulier. 11 \u00e9difices sont ainsi mis \u00e0 l\u2019honneur, repartis dans deux \u00e9missions de \u00ab L\u2019\u00e9cho de&hellip;\" \/>\n<meta property=\"og:url\" content=\"https:\/\/contactfm72.fr\/?p=20693\" \/>\n<meta property=\"og:site_name\" content=\"Contact FM 99.3\" \/>\n<meta property=\"article:publisher\" content=\"https:\/\/www.facebook.com\/Contactfm.Chateauduloir\" \/>\n<meta property=\"article:published_time\" content=\"2025-11-16T14:29:12+00:00\" \/>\n<meta property=\"article:modified_time\" content=\"2025-11-19T15:34:00+00:00\" \/>\n<meta property=\"og:image\" content=\"http:\/\/contactfm72.fr\/wp-content\/uploads\/2025\/11\/582218834_1465279995606171_6924724225068307167_n.jpg\" \/>\n\t<meta property=\"og:image:width\" content=\"2048\" \/>\n\t<meta property=\"og:image:height\" content=\"1536\" \/>\n\t<meta property=\"og:image:type\" content=\"image\/jpeg\" \/>\n<meta name=\"author\" content=\"Val\u00e9rie C.\" \/>\n<meta name=\"twitter:card\" content=\"summary_large_image\" \/>\n<meta name=\"twitter:creator\" content=\"@contactfm72\" \/>\n<meta name=\"twitter:site\" content=\"@contactfm72\" \/>\n<meta name=\"twitter:label1\" content=\"\u00c9crit par\" \/>\n\t<meta name=\"twitter:data1\" content=\"Val\u00e9rie C.\" \/>\n\t<meta name=\"twitter:label2\" content=\"Dur\u00e9e de lecture estim\u00e9e\" \/>\n\t<meta name=\"twitter:data2\" content=\"1 minute\" \/>\n<script type=\"application\/ld+json\" class=\"yoast-schema-graph\">{\"@context\":\"https:\\\/\\\/schema.org\",\"@graph\":[{\"@type\":\"Article\",\"@id\":\"https:\\\/\\\/contactfm72.fr\\\/?p=20693#article\",\"isPartOf\":{\"@id\":\"https:\\\/\\\/contactfm72.fr\\\/?p=20693\"},\"author\":{\"name\":\"Val\u00e9rie C.\",\"@id\":\"https:\\\/\\\/contactfm72.fr\\\/#\\\/schema\\\/person\\\/9fdc9d1c2eb029354a4f1535b90ba82d\"},\"headline\":\"Les 4e de Nazareth \u00e0 Ruill\u00e9-sur-Loir s\u2019identifient \u00e0 des monuments c\u00e9l\u00e8bres\",\"datePublished\":\"2025-11-16T14:29:12+00:00\",\"dateModified\":\"2025-11-19T15:34:00+00:00\",\"mainEntityOfPage\":{\"@id\":\"https:\\\/\\\/contactfm72.fr\\\/?p=20693\"},\"wordCount\":133,\"publisher\":{\"@id\":\"https:\\\/\\\/contactfm72.fr\\\/#organization\"},\"image\":{\"@id\":\"https:\\\/\\\/contactfm72.fr\\\/?p=20693#primaryimage\"},\"thumbnailUrl\":\"https:\\\/\\\/contactfm72.fr\\\/wp-content\\\/uploads\\\/2025\\\/11\\\/582218834_1465279995606171_6924724225068307167_n.jpg\",\"articleSection\":[\"Contact FM 72\",\"L\u2019\u00e9cho de la Jeunesse\"],\"inLanguage\":\"fr-FR\"},{\"@type\":\"WebPage\",\"@id\":\"https:\\\/\\\/contactfm72.fr\\\/?p=20693\",\"url\":\"https:\\\/\\\/contactfm72.fr\\\/?p=20693\",\"name\":\"Les 4e de Nazareth \u00e0 Ruill\u00e9-sur-Loir s\u2019identifient \u00e0 des monuments c\u00e9l\u00e8bres - Contact FM 99.3\",\"isPartOf\":{\"@id\":\"https:\\\/\\\/contactfm72.fr\\\/#website\"},\"primaryImageOfPage\":{\"@id\":\"https:\\\/\\\/contactfm72.fr\\\/?p=20693#primaryimage\"},\"image\":{\"@id\":\"https:\\\/\\\/contactfm72.fr\\\/?p=20693#primaryimage\"},\"thumbnailUrl\":\"https:\\\/\\\/contactfm72.fr\\\/wp-content\\\/uploads\\\/2025\\\/11\\\/582218834_1465279995606171_6924724225068307167_n.jpg\",\"datePublished\":\"2025-11-16T14:29:12+00:00\",\"dateModified\":\"2025-11-19T15:34:00+00:00\",\"breadcrumb\":{\"@id\":\"https:\\\/\\\/contactfm72.fr\\\/?p=20693#breadcrumb\"},\"inLanguage\":\"fr-FR\",\"potentialAction\":[{\"@type\":\"ReadAction\",\"target\":[\"https:\\\/\\\/contactfm72.fr\\\/?p=20693\"]}]},{\"@type\":\"ImageObject\",\"inLanguage\":\"fr-FR\",\"@id\":\"https:\\\/\\\/contactfm72.fr\\\/?p=20693#primaryimage\",\"url\":\"https:\\\/\\\/contactfm72.fr\\\/wp-content\\\/uploads\\\/2025\\\/11\\\/582218834_1465279995606171_6924724225068307167_n.jpg\",\"contentUrl\":\"https:\\\/\\\/contactfm72.fr\\\/wp-content\\\/uploads\\\/2025\\\/11\\\/582218834_1465279995606171_6924724225068307167_n.jpg\",\"width\":2048,\"height\":1536},{\"@type\":\"BreadcrumbList\",\"@id\":\"https:\\\/\\\/contactfm72.fr\\\/?p=20693#breadcrumb\",\"itemListElement\":[{\"@type\":\"ListItem\",\"position\":1,\"name\":\"Accueil\",\"item\":\"https:\\\/\\\/contactfm72.fr\\\/\"},{\"@type\":\"ListItem\",\"position\":2,\"name\":\"Les 4e de Nazareth \u00e0 Ruill\u00e9-sur-Loir s\u2019identifient \u00e0 des monuments c\u00e9l\u00e8bres\"}]},{\"@type\":\"WebSite\",\"@id\":\"https:\\\/\\\/contactfm72.fr\\\/#website\",\"url\":\"https:\\\/\\\/contactfm72.fr\\\/\",\"name\":\"Contact FM 99.3\",\"description\":\"Votre radio en vall\u00e9e du Loir\",\"publisher\":{\"@id\":\"https:\\\/\\\/contactfm72.fr\\\/#organization\"},\"potentialAction\":[{\"@type\":\"SearchAction\",\"target\":{\"@type\":\"EntryPoint\",\"urlTemplate\":\"https:\\\/\\\/contactfm72.fr\\\/?s={search_term_string}\"},\"query-input\":{\"@type\":\"PropertyValueSpecification\",\"valueRequired\":true,\"valueName\":\"search_term_string\"}}],\"inLanguage\":\"fr-FR\"},{\"@type\":\"Organization\",\"@id\":\"https:\\\/\\\/contactfm72.fr\\\/#organization\",\"name\":\"Contact FM 99.3\",\"url\":\"https:\\\/\\\/contactfm72.fr\\\/\",\"logo\":{\"@type\":\"ImageObject\",\"inLanguage\":\"fr-FR\",\"@id\":\"https:\\\/\\\/contactfm72.fr\\\/#\\\/schema\\\/logo\\\/image\\\/\",\"url\":\"https:\\\/\\\/contactfm72.fr\\\/wp-content\\\/uploads\\\/2025\\\/04\\\/2025-04-18-2.jpg\",\"contentUrl\":\"https:\\\/\\\/contactfm72.fr\\\/wp-content\\\/uploads\\\/2025\\\/04\\\/2025-04-18-2.jpg\",\"width\":680,\"height\":307,\"caption\":\"Contact FM 99.3\"},\"image\":{\"@id\":\"https:\\\/\\\/contactfm72.fr\\\/#\\\/schema\\\/logo\\\/image\\\/\"},\"sameAs\":[\"https:\\\/\\\/www.facebook.com\\\/Contactfm.Chateauduloir\",\"https:\\\/\\\/x.com\\\/contactfm72\",\"https:\\\/\\\/www.instagram.com\\\/contact.fm.72?igsh=cGhlMHQ5N2JlNnpp\",\"https:\\\/\\\/www.tiktok.com\\\/@contact.fm\"]},{\"@type\":\"Person\",\"@id\":\"https:\\\/\\\/contactfm72.fr\\\/#\\\/schema\\\/person\\\/9fdc9d1c2eb029354a4f1535b90ba82d\",\"name\":\"Val\u00e9rie C.\",\"image\":{\"@type\":\"ImageObject\",\"inLanguage\":\"fr-FR\",\"@id\":\"https:\\\/\\\/secure.gravatar.com\\\/avatar\\\/2f8aa28f8dfbd7d4420afd1fdcdd0a349923e2c8a38ab28198b0f9d0601e4737?s=96&d=mm&r=g\",\"url\":\"https:\\\/\\\/secure.gravatar.com\\\/avatar\\\/2f8aa28f8dfbd7d4420afd1fdcdd0a349923e2c8a38ab28198b0f9d0601e4737?s=96&d=mm&r=g\",\"contentUrl\":\"https:\\\/\\\/secure.gravatar.com\\\/avatar\\\/2f8aa28f8dfbd7d4420afd1fdcdd0a349923e2c8a38ab28198b0f9d0601e4737?s=96&d=mm&r=g\",\"caption\":\"Val\u00e9rie C.\"},\"url\":\"https:\\\/\\\/contactfm72.fr\\\/?author=4\"}]}<\/script>\n<!-- \/ Yoast SEO plugin. -->","yoast_head_json":{"title":"Les 4e de Nazareth \u00e0 Ruill\u00e9-sur-Loir s\u2019identifient \u00e0 des monuments c\u00e9l\u00e8bres - Contact FM 99.3","robots":{"index":"index","follow":"follow","max-snippet":"max-snippet:-1","max-image-preview":"max-image-preview:large","max-video-preview":"max-video-preview:-1"},"canonical":"https:\/\/contactfm72.fr\/?p=20693","og_locale":"fr_FR","og_type":"article","og_title":"Les 4e de Nazareth \u00e0 Ruill\u00e9-sur-Loir s\u2019identifient \u00e0 des monuments c\u00e9l\u00e8bres - Contact FM 99.3","og_description":"En d\u00e9couverte des m\u00e9dias, les 4e du Coll\u00e8ge &#8211; Lyc\u00e9e Nazareth \u00e0 Loir en Vall\u00e9e, avec leur enseignante de fran\u00e7ais C\u00e9leste Luzzati, se sont mis \u00e0 la place de monuments c\u00e9l\u00e8bres en les pr\u00e9sentant \u00e0 la premi\u00e8re personne du singulier. 11 \u00e9difices sont ainsi mis \u00e0 l\u2019honneur, repartis dans deux \u00e9missions de \u00ab L\u2019\u00e9cho de&hellip;","og_url":"https:\/\/contactfm72.fr\/?p=20693","og_site_name":"Contact FM 99.3","article_publisher":"https:\/\/www.facebook.com\/Contactfm.Chateauduloir","article_published_time":"2025-11-16T14:29:12+00:00","article_modified_time":"2025-11-19T15:34:00+00:00","og_image":[{"width":2048,"height":1536,"url":"http:\/\/contactfm72.fr\/wp-content\/uploads\/2025\/11\/582218834_1465279995606171_6924724225068307167_n.jpg","type":"image\/jpeg"}],"author":"Val\u00e9rie C.","twitter_card":"summary_large_image","twitter_creator":"@contactfm72","twitter_site":"@contactfm72","twitter_misc":{"\u00c9crit par":"Val\u00e9rie C.","Dur\u00e9e de lecture estim\u00e9e":"1 minute"},"schema":{"@context":"https:\/\/schema.org","@graph":[{"@type":"Article","@id":"https:\/\/contactfm72.fr\/?p=20693#article","isPartOf":{"@id":"https:\/\/contactfm72.fr\/?p=20693"},"author":{"name":"Val\u00e9rie C.","@id":"https:\/\/contactfm72.fr\/#\/schema\/person\/9fdc9d1c2eb029354a4f1535b90ba82d"},"headline":"Les 4e de Nazareth \u00e0 Ruill\u00e9-sur-Loir s\u2019identifient \u00e0 des monuments c\u00e9l\u00e8bres","datePublished":"2025-11-16T14:29:12+00:00","dateModified":"2025-11-19T15:34:00+00:00","mainEntityOfPage":{"@id":"https:\/\/contactfm72.fr\/?p=20693"},"wordCount":133,"publisher":{"@id":"https:\/\/contactfm72.fr\/#organization"},"image":{"@id":"https:\/\/contactfm72.fr\/?p=20693#primaryimage"},"thumbnailUrl":"https:\/\/contactfm72.fr\/wp-content\/uploads\/2025\/11\/582218834_1465279995606171_6924724225068307167_n.jpg","articleSection":["Contact FM 72","L\u2019\u00e9cho de la Jeunesse"],"inLanguage":"fr-FR"},{"@type":"WebPage","@id":"https:\/\/contactfm72.fr\/?p=20693","url":"https:\/\/contactfm72.fr\/?p=20693","name":"Les 4e de Nazareth \u00e0 Ruill\u00e9-sur-Loir s\u2019identifient \u00e0 des monuments c\u00e9l\u00e8bres - Contact FM 99.3","isPartOf":{"@id":"https:\/\/contactfm72.fr\/#website"},"primaryImageOfPage":{"@id":"https:\/\/contactfm72.fr\/?p=20693#primaryimage"},"image":{"@id":"https:\/\/contactfm72.fr\/?p=20693#primaryimage"},"thumbnailUrl":"https:\/\/contactfm72.fr\/wp-content\/uploads\/2025\/11\/582218834_1465279995606171_6924724225068307167_n.jpg","datePublished":"2025-11-16T14:29:12+00:00","dateModified":"2025-11-19T15:34:00+00:00","breadcrumb":{"@id":"https:\/\/contactfm72.fr\/?p=20693#breadcrumb"},"inLanguage":"fr-FR","potentialAction":[{"@type":"ReadAction","target":["https:\/\/contactfm72.fr\/?p=20693"]}]},{"@type":"ImageObject","inLanguage":"fr-FR","@id":"https:\/\/contactfm72.fr\/?p=20693#primaryimage","url":"https:\/\/contactfm72.fr\/wp-content\/uploads\/2025\/11\/582218834_1465279995606171_6924724225068307167_n.jpg","contentUrl":"https:\/\/contactfm72.fr\/wp-content\/uploads\/2025\/11\/582218834_1465279995606171_6924724225068307167_n.jpg","width":2048,"height":1536},{"@type":"BreadcrumbList","@id":"https:\/\/contactfm72.fr\/?p=20693#breadcrumb","itemListElement":[{"@type":"ListItem","position":1,"name":"Accueil","item":"https:\/\/contactfm72.fr\/"},{"@type":"ListItem","position":2,"name":"Les 4e de Nazareth \u00e0 Ruill\u00e9-sur-Loir s\u2019identifient \u00e0 des monuments c\u00e9l\u00e8bres"}]},{"@type":"WebSite","@id":"https:\/\/contactfm72.fr\/#website","url":"https:\/\/contactfm72.fr\/","name":"Contact FM 99.3","description":"Votre radio en vall\u00e9e du Loir","publisher":{"@id":"https:\/\/contactfm72.fr\/#organization"},"potentialAction":[{"@type":"SearchAction","target":{"@type":"EntryPoint","urlTemplate":"https:\/\/contactfm72.fr\/?s={search_term_string}"},"query-input":{"@type":"PropertyValueSpecification","valueRequired":true,"valueName":"search_term_string"}}],"inLanguage":"fr-FR"},{"@type":"Organization","@id":"https:\/\/contactfm72.fr\/#organization","name":"Contact FM 99.3","url":"https:\/\/contactfm72.fr\/","logo":{"@type":"ImageObject","inLanguage":"fr-FR","@id":"https:\/\/contactfm72.fr\/#\/schema\/logo\/image\/","url":"https:\/\/contactfm72.fr\/wp-content\/uploads\/2025\/04\/2025-04-18-2.jpg","contentUrl":"https:\/\/contactfm72.fr\/wp-content\/uploads\/2025\/04\/2025-04-18-2.jpg","width":680,"height":307,"caption":"Contact FM 99.3"},"image":{"@id":"https:\/\/contactfm72.fr\/#\/schema\/logo\/image\/"},"sameAs":["https:\/\/www.facebook.com\/Contactfm.Chateauduloir","https:\/\/x.com\/contactfm72","https:\/\/www.instagram.com\/contact.fm.72?igsh=cGhlMHQ5N2JlNnpp","https:\/\/www.tiktok.com\/@contact.fm"]},{"@type":"Person","@id":"https:\/\/contactfm72.fr\/#\/schema\/person\/9fdc9d1c2eb029354a4f1535b90ba82d","name":"Val\u00e9rie C.","image":{"@type":"ImageObject","inLanguage":"fr-FR","@id":"https:\/\/secure.gravatar.com\/avatar\/2f8aa28f8dfbd7d4420afd1fdcdd0a349923e2c8a38ab28198b0f9d0601e4737?s=96&d=mm&r=g","url":"https:\/\/secure.gravatar.com\/avatar\/2f8aa28f8dfbd7d4420afd1fdcdd0a349923e2c8a38ab28198b0f9d0601e4737?s=96&d=mm&r=g","contentUrl":"https:\/\/secure.gravatar.com\/avatar\/2f8aa28f8dfbd7d4420afd1fdcdd0a349923e2c8a38ab28198b0f9d0601e4737?s=96&d=mm&r=g","caption":"Val\u00e9rie C."},"url":"https:\/\/contactfm72.fr\/?author=4"}]}},"_links":{"self":[{"href":"https:\/\/contactfm72.fr\/index.php?rest_route=\/wp\/v2\/posts\/20693","targetHints":{"allow":["GET"]}}],"collection":[{"href":"https:\/\/contactfm72.fr\/index.php?rest_route=\/wp\/v2\/posts"}],"about":[{"href":"https:\/\/contactfm72.fr\/index.php?rest_route=\/wp\/v2\/types\/post"}],"author":[{"embeddable":true,"href":"https:\/\/contactfm72.fr\/index.php?rest_route=\/wp\/v2\/users\/4"}],"replies":[{"embeddable":true,"href":"https:\/\/contactfm72.fr\/index.php?rest_route=%2Fwp%2Fv2%2Fcomments&post=20693"}],"version-history":[{"count":4,"href":"https:\/\/contactfm72.fr\/index.php?rest_route=\/wp\/v2\/posts\/20693\/revisions"}],"predecessor-version":[{"id":20698,"href":"https:\/\/contactfm72.fr\/index.php?rest_route=\/wp\/v2\/posts\/20693\/revisions\/20698"}],"wp:featuredmedia":[{"embeddable":true,"href":"https:\/\/contactfm72.fr\/index.php?rest_route=\/wp\/v2\/media\/20695"}],"wp:attachment":[{"href":"https:\/\/contactfm72.fr\/index.php?rest_route=%2Fwp%2Fv2%2Fmedia&parent=20693"}],"wp:term":[{"taxonomy":"category","embeddable":true,"href":"https:\/\/contactfm72.fr\/index.php?rest_route=%2Fwp%2Fv2%2Fcategories&post=20693"},{"taxonomy":"post_tag","embeddable":true,"href":"https:\/\/contactfm72.fr\/index.php?rest_route=%2Fwp%2Fv2%2Ftags&post=20693"}],"curies":[{"name":"wp","href":"https:\/\/api.w.org\/{rel}","templated":true}]}}