{"id":20677,"date":"2025-11-13T22:16:22","date_gmt":"2025-11-13T21:16:22","guid":{"rendered":"https:\/\/contactfm72.fr\/?p=20677"},"modified":"2025-11-13T22:18:04","modified_gmt":"2025-11-13T21:18:04","slug":"qui-veut-adopter-le-chien-raptor-a-la-spa-dyvre-leveque","status":"publish","type":"post","link":"https:\/\/contactfm72.fr\/?p=20677","title":{"rendered":"Qui veut adopter le chien RAPTOR \u00e0 la SPA d&#8217;Yvr\u00e9 l\u2019\u00c9v\u00eaque ?"},"content":{"rendered":"<div class=\"html-div xdj266r x14z9mp xat24cr x1lziwak xexx8yu xyri2b x18d9i69 x1c1uobl\" dir=\"auto\">\n<div class=\"html-div xdj266r x14z9mp xat24cr x1lziwak xexx8yu xyri2b x18d9i69 x1c1uobl\" data-ad-rendering-role=\"story_message\">\n<div id=\"_r_er_\" class=\"x1l90r2v x1iorvi4 x1g0dm76 xpdmqnj\" data-ad-comet-preview=\"message\" data-ad-preview=\"message\">\n<div class=\"x78zum5 xdt5ytf xz62fqu x16ldp7u\">\n<div class=\"xu06os2 x1ok221b\">\n<div class=\"html-div xdj266r x14z9mp xat24cr x1lziwak xexx8yu xyri2b x18d9i69 x1c1uobl\">\n<div class=\"xdj266r x14z9mp xat24cr x1lziwak x1vvkbs x126k92a\">\n<div dir=\"auto\">Cette semaine dans &#8220;Nouvelle chance&#8221;, chronique diffus\u00e9e le vendredi \u00e0 8h15 et 17h15, c\u2019est le beau RAPTOR qui est mis en avant, un berger belge malinois n\u00e9 en novembre 2020.<\/div>\n<\/div>\n<div class=\"x14z9mp xat24cr x1lziwak x1vvkbs xtlvy1s x126k92a\">\n<div dir=\"auto\">Le loulou est arriv\u00e9 \u00e0 <span class=\"html-span xdj266r x14z9mp xat24cr x1lziwak xexx8yu xyri2b x18d9i69 x1c1uobl x1hl2dhg x16tdsg8 x1vvkbs\"><a class=\"x1i10hfl xjbqb8w x1ejq31n x18oe1m7 x1sy0etr xstzfhl x972fbf x10w94by x1qhh985 x14e42zd x9f619 x1ypdohk xt0psk2 x3ct3a4 xdj266r x14z9mp xat24cr x1lziwak xexx8yu xyri2b x18d9i69 x1c1uobl x16tdsg8 x1hl2dhg xggy1nq x1a2a7pz xkrqix3 x1sur9pj x1fey0fg x1s688f\" tabindex=\"0\" role=\"link\" href=\"https:\/\/www.facebook.com\/RefugeSpaYvreLEveque?__cft__[0]=AZXME6VYYDbm78-N1ZABR430jCs9_m6joGoHSum86hz6tCvYXOOgUL_iCD6FmuB7k8EopJB8p6s10-BTGnAmmzSo0VFLxyls9-q4gM5jWti5TcGCT3yiWJ6c2E3gIUhssh56aR1O8PIwJGtCe1lub8Qy&amp;__tn__=-]K-R\"><span class=\"xt0psk2\"><span class=\"xjp7ctv\">La SPA &#8211; Refuge d&#8217;Yvr\u00e9-l\u2019\u00c9v\u00eaque<\/span><\/span><\/a><\/span> en provenance d&#8217;un refuge du r\u00e9seau SPA, afin d&#8217;avoir plus de chances d&#8217;adoption en Sarthe.<\/div>\n<\/div>\n<div class=\"x14z9mp xat24cr x1lziwak x1vvkbs xtlvy1s x126k92a\">\n<div dir=\"auto\">Ne vous fiez pas \u00e0 son air de gros dur derri\u00e8re les barreaux : Raptor cache en r\u00e9alit\u00e9 un c\u0153ur tendre. Ce grand sensible se montre tr\u00e8s dissuasif face aux inconnus et son attitude dans son box ne joue pas en sa faveur\u2026 Mais il suffit de quelques rencontres pour qu\u2019il accorde sa confiance. Et apr\u00e8s affinit\u00e9, il devient un v\u00e9ritable pot de colle !<\/div>\n<\/div>\n<div class=\"x14z9mp xat24cr x1lziwak x1vvkbs xtlvy1s x126k92a\">\n<div dir=\"auto\">Gourmand, joueur et passionn\u00e9 d\u2019eau, c\u2019est un chien actif qui aura besoin d\u2019activit\u00e9 au quotidien pour s\u2019\u00e9panouir. Il dispose d\u00e9j\u00e0 de bonnes bases d\u2019\u00e9ducation, ce qui facilitera son int\u00e9gration dans son futur foyer. Raptor est un chien extraordinaire pour qui saura lui offrir patience, confiance et beaucoup d\u2019amour. Il pourrait m\u00eame s&#8217;entendre avec certains copains canins mais par contre il est incompatible avec les chats !<\/div>\n<\/div>\n<div class=\"x14z9mp xat24cr x1lziwak x1vvkbs xtlvy1s x126k92a\">\n<div dir=\"auto\">Il attend avec impatience vos visites. Merci pour lui !<\/div>\n<\/div>\n<div dir=\"auto\"><\/div>\n<\/div>\n<div dir=\"auto\"><div id=\"audioigniter-10864\" class=\"audioigniter-root \" data-player-type=\"full\" data-tracks-url=\"https:\/\/contactfm72.fr\/?audioigniter_playlist_id=10864\" data-display-track-no=\"false\" data-reverse-track-order=\"false\" data-display-tracklist-covers=\"false\" data-display-active-cover=\"false\" data-display-artist-names=\"false\" data-display-buy-buttons=\"true\" data-buy-buttons-target=\"false\" data-cycle-tracks=\"false\" data-display-credits=\"false\" data-display-tracklist=\"true\" data-allow-tracklist-toggle=\"true\" data-allow-tracklist-loop=\"true\" data-limit-tracklist-height=\"true\" data-volume=\"100\" data-tracklist-height=\"185\" data-allow-track-loop=\"false\" ><\/div><\/div>\n<\/div>\n<\/div>\n<\/div>\n<\/div>\n<\/div>\n<!-- AddThis Advanced Settings generic via filter on the_content --><!-- AddThis Share Buttons generic via filter on the_content -->","protected":false},"excerpt":{"rendered":"<p>Cette semaine dans &#8220;Nouvelle chance&#8221;, chronique diffus\u00e9e le vendredi \u00e0 8h15 et 17h15, c\u2019est le beau RAPTOR qui est mis en avant, un berger belge malinois n\u00e9 en novembre 2020. Le loulou est arriv\u00e9 \u00e0 La SPA &#8211; Refuge d&#8217;Yvr\u00e9-l\u2019\u00c9v\u00eaque en provenance d&#8217;un refuge du r\u00e9seau SPA, afin d&#8217;avoir plus de chances d&#8217;adoption en Sarthe.&hellip;<!-- AddThis Advanced Settings generic via filter on get_the_excerpt --><!-- AddThis Share Buttons generic via filter on get_the_excerpt --><\/p>\n","protected":false},"author":4,"featured_media":20681,"comment_status":"closed","ping_status":"open","sticky":false,"template":"","format":"standard","meta":{"footnotes":""},"categories":[1,78],"tags":[],"class_list":["post-20677","post","type-post","status-publish","format-standard","has-post-thumbnail","hentry","category-contact-fm-72","category-nouvelle-chance","category-1","category-78","description-off"],"yoast_head":"<!-- This site is optimized with the Yoast SEO plugin v27.4 - https:\/\/yoast.com\/product\/yoast-seo-wordpress\/ -->\n<title>Qui veut adopter le chien RAPTOR \u00e0 la SPA d&#039;Yvr\u00e9 l\u2019\u00c9v\u00eaque ? - Contact FM 99.3<\/title>\n<meta name=\"robots\" content=\"index, follow, max-snippet:-1, max-image-preview:large, max-video-preview:-1\" \/>\n<link rel=\"canonical\" href=\"https:\/\/contactfm72.fr\/?p=20677\" \/>\n<meta property=\"og:locale\" content=\"fr_FR\" \/>\n<meta property=\"og:type\" content=\"article\" \/>\n<meta property=\"og:title\" content=\"Qui veut adopter le chien RAPTOR \u00e0 la SPA d&#039;Yvr\u00e9 l\u2019\u00c9v\u00eaque ? - Contact FM 99.3\" \/>\n<meta property=\"og:description\" content=\"Cette semaine dans &#8220;Nouvelle chance&#8221;, chronique diffus\u00e9e le vendredi \u00e0 8h15 et 17h15, c\u2019est le beau RAPTOR qui est mis en avant, un berger belge malinois n\u00e9 en novembre 2020. Le loulou est arriv\u00e9 \u00e0 La SPA &#8211; Refuge d&#8217;Yvr\u00e9-l\u2019\u00c9v\u00eaque en provenance d&#8217;un refuge du r\u00e9seau SPA, afin d&#8217;avoir plus de chances d&#8217;adoption en Sarthe.&hellip;\" \/>\n<meta property=\"og:url\" content=\"https:\/\/contactfm72.fr\/?p=20677\" \/>\n<meta property=\"og:site_name\" content=\"Contact FM 99.3\" \/>\n<meta property=\"article:publisher\" content=\"https:\/\/www.facebook.com\/Contactfm.Chateauduloir\" \/>\n<meta property=\"article:published_time\" content=\"2025-11-13T21:16:22+00:00\" \/>\n<meta property=\"article:modified_time\" content=\"2025-11-13T21:18:04+00:00\" \/>\n<meta property=\"og:image\" content=\"http:\/\/contactfm72.fr\/wp-content\/uploads\/2025\/11\/662361_638378336851422034.jpg\" \/>\n\t<meta property=\"og:image:width\" content=\"999\" \/>\n\t<meta property=\"og:image:height\" content=\"750\" \/>\n\t<meta property=\"og:image:type\" content=\"image\/jpeg\" \/>\n<meta name=\"author\" content=\"Val\u00e9rie C.\" \/>\n<meta name=\"twitter:card\" content=\"summary_large_image\" \/>\n<meta name=\"twitter:creator\" content=\"@contactfm72\" \/>\n<meta name=\"twitter:site\" content=\"@contactfm72\" \/>\n<meta name=\"twitter:label1\" content=\"\u00c9crit par\" \/>\n\t<meta name=\"twitter:data1\" content=\"Val\u00e9rie C.\" \/>\n\t<meta name=\"twitter:label2\" content=\"Dur\u00e9e de lecture estim\u00e9e\" \/>\n\t<meta name=\"twitter:data2\" content=\"2 minutes\" \/>\n<script type=\"application\/ld+json\" class=\"yoast-schema-graph\">{\"@context\":\"https:\\\/\\\/schema.org\",\"@graph\":[{\"@type\":\"Article\",\"@id\":\"https:\\\/\\\/contactfm72.fr\\\/?p=20677#article\",\"isPartOf\":{\"@id\":\"https:\\\/\\\/contactfm72.fr\\\/?p=20677\"},\"author\":{\"name\":\"Val\u00e9rie C.\",\"@id\":\"https:\\\/\\\/contactfm72.fr\\\/#\\\/schema\\\/person\\\/9fdc9d1c2eb029354a4f1535b90ba82d\"},\"headline\":\"Qui veut adopter le chien RAPTOR \u00e0 la SPA d&#8217;Yvr\u00e9 l\u2019\u00c9v\u00eaque ?\",\"datePublished\":\"2025-11-13T21:16:22+00:00\",\"dateModified\":\"2025-11-13T21:18:04+00:00\",\"mainEntityOfPage\":{\"@id\":\"https:\\\/\\\/contactfm72.fr\\\/?p=20677\"},\"wordCount\":231,\"publisher\":{\"@id\":\"https:\\\/\\\/contactfm72.fr\\\/#organization\"},\"image\":{\"@id\":\"https:\\\/\\\/contactfm72.fr\\\/?p=20677#primaryimage\"},\"thumbnailUrl\":\"https:\\\/\\\/contactfm72.fr\\\/wp-content\\\/uploads\\\/2025\\\/11\\\/662361_638378336851422034.jpg\",\"articleSection\":[\"Contact FM 72\",\"Nouvelle chance\"],\"inLanguage\":\"fr-FR\"},{\"@type\":\"WebPage\",\"@id\":\"https:\\\/\\\/contactfm72.fr\\\/?p=20677\",\"url\":\"https:\\\/\\\/contactfm72.fr\\\/?p=20677\",\"name\":\"Qui veut adopter le chien RAPTOR \u00e0 la SPA d'Yvr\u00e9 l\u2019\u00c9v\u00eaque ? - Contact FM 99.3\",\"isPartOf\":{\"@id\":\"https:\\\/\\\/contactfm72.fr\\\/#website\"},\"primaryImageOfPage\":{\"@id\":\"https:\\\/\\\/contactfm72.fr\\\/?p=20677#primaryimage\"},\"image\":{\"@id\":\"https:\\\/\\\/contactfm72.fr\\\/?p=20677#primaryimage\"},\"thumbnailUrl\":\"https:\\\/\\\/contactfm72.fr\\\/wp-content\\\/uploads\\\/2025\\\/11\\\/662361_638378336851422034.jpg\",\"datePublished\":\"2025-11-13T21:16:22+00:00\",\"dateModified\":\"2025-11-13T21:18:04+00:00\",\"breadcrumb\":{\"@id\":\"https:\\\/\\\/contactfm72.fr\\\/?p=20677#breadcrumb\"},\"inLanguage\":\"fr-FR\",\"potentialAction\":[{\"@type\":\"ReadAction\",\"target\":[\"https:\\\/\\\/contactfm72.fr\\\/?p=20677\"]}]},{\"@type\":\"ImageObject\",\"inLanguage\":\"fr-FR\",\"@id\":\"https:\\\/\\\/contactfm72.fr\\\/?p=20677#primaryimage\",\"url\":\"https:\\\/\\\/contactfm72.fr\\\/wp-content\\\/uploads\\\/2025\\\/11\\\/662361_638378336851422034.jpg\",\"contentUrl\":\"https:\\\/\\\/contactfm72.fr\\\/wp-content\\\/uploads\\\/2025\\\/11\\\/662361_638378336851422034.jpg\",\"width\":999,\"height\":750},{\"@type\":\"BreadcrumbList\",\"@id\":\"https:\\\/\\\/contactfm72.fr\\\/?p=20677#breadcrumb\",\"itemListElement\":[{\"@type\":\"ListItem\",\"position\":1,\"name\":\"Accueil\",\"item\":\"https:\\\/\\\/contactfm72.fr\\\/\"},{\"@type\":\"ListItem\",\"position\":2,\"name\":\"Qui veut adopter le chien RAPTOR \u00e0 la SPA d&#8217;Yvr\u00e9 l\u2019\u00c9v\u00eaque ?\"}]},{\"@type\":\"WebSite\",\"@id\":\"https:\\\/\\\/contactfm72.fr\\\/#website\",\"url\":\"https:\\\/\\\/contactfm72.fr\\\/\",\"name\":\"Contact FM 99.3\",\"description\":\"Votre radio en vall\u00e9e du Loir\",\"publisher\":{\"@id\":\"https:\\\/\\\/contactfm72.fr\\\/#organization\"},\"potentialAction\":[{\"@type\":\"SearchAction\",\"target\":{\"@type\":\"EntryPoint\",\"urlTemplate\":\"https:\\\/\\\/contactfm72.fr\\\/?s={search_term_string}\"},\"query-input\":{\"@type\":\"PropertyValueSpecification\",\"valueRequired\":true,\"valueName\":\"search_term_string\"}}],\"inLanguage\":\"fr-FR\"},{\"@type\":\"Organization\",\"@id\":\"https:\\\/\\\/contactfm72.fr\\\/#organization\",\"name\":\"Contact FM 99.3\",\"url\":\"https:\\\/\\\/contactfm72.fr\\\/\",\"logo\":{\"@type\":\"ImageObject\",\"inLanguage\":\"fr-FR\",\"@id\":\"https:\\\/\\\/contactfm72.fr\\\/#\\\/schema\\\/logo\\\/image\\\/\",\"url\":\"https:\\\/\\\/contactfm72.fr\\\/wp-content\\\/uploads\\\/2025\\\/04\\\/2025-04-18-2.jpg\",\"contentUrl\":\"https:\\\/\\\/contactfm72.fr\\\/wp-content\\\/uploads\\\/2025\\\/04\\\/2025-04-18-2.jpg\",\"width\":680,\"height\":307,\"caption\":\"Contact FM 99.3\"},\"image\":{\"@id\":\"https:\\\/\\\/contactfm72.fr\\\/#\\\/schema\\\/logo\\\/image\\\/\"},\"sameAs\":[\"https:\\\/\\\/www.facebook.com\\\/Contactfm.Chateauduloir\",\"https:\\\/\\\/x.com\\\/contactfm72\",\"https:\\\/\\\/www.instagram.com\\\/contact.fm.72?igsh=cGhlMHQ5N2JlNnpp\",\"https:\\\/\\\/www.tiktok.com\\\/@contact.fm\"]},{\"@type\":\"Person\",\"@id\":\"https:\\\/\\\/contactfm72.fr\\\/#\\\/schema\\\/person\\\/9fdc9d1c2eb029354a4f1535b90ba82d\",\"name\":\"Val\u00e9rie C.\",\"image\":{\"@type\":\"ImageObject\",\"inLanguage\":\"fr-FR\",\"@id\":\"https:\\\/\\\/secure.gravatar.com\\\/avatar\\\/2f8aa28f8dfbd7d4420afd1fdcdd0a349923e2c8a38ab28198b0f9d0601e4737?s=96&d=mm&r=g\",\"url\":\"https:\\\/\\\/secure.gravatar.com\\\/avatar\\\/2f8aa28f8dfbd7d4420afd1fdcdd0a349923e2c8a38ab28198b0f9d0601e4737?s=96&d=mm&r=g\",\"contentUrl\":\"https:\\\/\\\/secure.gravatar.com\\\/avatar\\\/2f8aa28f8dfbd7d4420afd1fdcdd0a349923e2c8a38ab28198b0f9d0601e4737?s=96&d=mm&r=g\",\"caption\":\"Val\u00e9rie C.\"},\"url\":\"https:\\\/\\\/contactfm72.fr\\\/?author=4\"}]}<\/script>\n<!-- \/ Yoast SEO plugin. -->","yoast_head_json":{"title":"Qui veut adopter le chien RAPTOR \u00e0 la SPA d'Yvr\u00e9 l\u2019\u00c9v\u00eaque ? - Contact FM 99.3","robots":{"index":"index","follow":"follow","max-snippet":"max-snippet:-1","max-image-preview":"max-image-preview:large","max-video-preview":"max-video-preview:-1"},"canonical":"https:\/\/contactfm72.fr\/?p=20677","og_locale":"fr_FR","og_type":"article","og_title":"Qui veut adopter le chien RAPTOR \u00e0 la SPA d'Yvr\u00e9 l\u2019\u00c9v\u00eaque ? - Contact FM 99.3","og_description":"Cette semaine dans &#8220;Nouvelle chance&#8221;, chronique diffus\u00e9e le vendredi \u00e0 8h15 et 17h15, c\u2019est le beau RAPTOR qui est mis en avant, un berger belge malinois n\u00e9 en novembre 2020. Le loulou est arriv\u00e9 \u00e0 La SPA &#8211; Refuge d&#8217;Yvr\u00e9-l\u2019\u00c9v\u00eaque en provenance d&#8217;un refuge du r\u00e9seau SPA, afin d&#8217;avoir plus de chances d&#8217;adoption en Sarthe.&hellip;","og_url":"https:\/\/contactfm72.fr\/?p=20677","og_site_name":"Contact FM 99.3","article_publisher":"https:\/\/www.facebook.com\/Contactfm.Chateauduloir","article_published_time":"2025-11-13T21:16:22+00:00","article_modified_time":"2025-11-13T21:18:04+00:00","og_image":[{"width":999,"height":750,"url":"http:\/\/contactfm72.fr\/wp-content\/uploads\/2025\/11\/662361_638378336851422034.jpg","type":"image\/jpeg"}],"author":"Val\u00e9rie C.","twitter_card":"summary_large_image","twitter_creator":"@contactfm72","twitter_site":"@contactfm72","twitter_misc":{"\u00c9crit par":"Val\u00e9rie C.","Dur\u00e9e de lecture estim\u00e9e":"2 minutes"},"schema":{"@context":"https:\/\/schema.org","@graph":[{"@type":"Article","@id":"https:\/\/contactfm72.fr\/?p=20677#article","isPartOf":{"@id":"https:\/\/contactfm72.fr\/?p=20677"},"author":{"name":"Val\u00e9rie C.","@id":"https:\/\/contactfm72.fr\/#\/schema\/person\/9fdc9d1c2eb029354a4f1535b90ba82d"},"headline":"Qui veut adopter le chien RAPTOR \u00e0 la SPA d&#8217;Yvr\u00e9 l\u2019\u00c9v\u00eaque ?","datePublished":"2025-11-13T21:16:22+00:00","dateModified":"2025-11-13T21:18:04+00:00","mainEntityOfPage":{"@id":"https:\/\/contactfm72.fr\/?p=20677"},"wordCount":231,"publisher":{"@id":"https:\/\/contactfm72.fr\/#organization"},"image":{"@id":"https:\/\/contactfm72.fr\/?p=20677#primaryimage"},"thumbnailUrl":"https:\/\/contactfm72.fr\/wp-content\/uploads\/2025\/11\/662361_638378336851422034.jpg","articleSection":["Contact FM 72","Nouvelle chance"],"inLanguage":"fr-FR"},{"@type":"WebPage","@id":"https:\/\/contactfm72.fr\/?p=20677","url":"https:\/\/contactfm72.fr\/?p=20677","name":"Qui veut adopter le chien RAPTOR \u00e0 la SPA d'Yvr\u00e9 l\u2019\u00c9v\u00eaque ? - Contact FM 99.3","isPartOf":{"@id":"https:\/\/contactfm72.fr\/#website"},"primaryImageOfPage":{"@id":"https:\/\/contactfm72.fr\/?p=20677#primaryimage"},"image":{"@id":"https:\/\/contactfm72.fr\/?p=20677#primaryimage"},"thumbnailUrl":"https:\/\/contactfm72.fr\/wp-content\/uploads\/2025\/11\/662361_638378336851422034.jpg","datePublished":"2025-11-13T21:16:22+00:00","dateModified":"2025-11-13T21:18:04+00:00","breadcrumb":{"@id":"https:\/\/contactfm72.fr\/?p=20677#breadcrumb"},"inLanguage":"fr-FR","potentialAction":[{"@type":"ReadAction","target":["https:\/\/contactfm72.fr\/?p=20677"]}]},{"@type":"ImageObject","inLanguage":"fr-FR","@id":"https:\/\/contactfm72.fr\/?p=20677#primaryimage","url":"https:\/\/contactfm72.fr\/wp-content\/uploads\/2025\/11\/662361_638378336851422034.jpg","contentUrl":"https:\/\/contactfm72.fr\/wp-content\/uploads\/2025\/11\/662361_638378336851422034.jpg","width":999,"height":750},{"@type":"BreadcrumbList","@id":"https:\/\/contactfm72.fr\/?p=20677#breadcrumb","itemListElement":[{"@type":"ListItem","position":1,"name":"Accueil","item":"https:\/\/contactfm72.fr\/"},{"@type":"ListItem","position":2,"name":"Qui veut adopter le chien RAPTOR \u00e0 la SPA d&#8217;Yvr\u00e9 l\u2019\u00c9v\u00eaque ?"}]},{"@type":"WebSite","@id":"https:\/\/contactfm72.fr\/#website","url":"https:\/\/contactfm72.fr\/","name":"Contact FM 99.3","description":"Votre radio en vall\u00e9e du Loir","publisher":{"@id":"https:\/\/contactfm72.fr\/#organization"},"potentialAction":[{"@type":"SearchAction","target":{"@type":"EntryPoint","urlTemplate":"https:\/\/contactfm72.fr\/?s={search_term_string}"},"query-input":{"@type":"PropertyValueSpecification","valueRequired":true,"valueName":"search_term_string"}}],"inLanguage":"fr-FR"},{"@type":"Organization","@id":"https:\/\/contactfm72.fr\/#organization","name":"Contact FM 99.3","url":"https:\/\/contactfm72.fr\/","logo":{"@type":"ImageObject","inLanguage":"fr-FR","@id":"https:\/\/contactfm72.fr\/#\/schema\/logo\/image\/","url":"https:\/\/contactfm72.fr\/wp-content\/uploads\/2025\/04\/2025-04-18-2.jpg","contentUrl":"https:\/\/contactfm72.fr\/wp-content\/uploads\/2025\/04\/2025-04-18-2.jpg","width":680,"height":307,"caption":"Contact FM 99.3"},"image":{"@id":"https:\/\/contactfm72.fr\/#\/schema\/logo\/image\/"},"sameAs":["https:\/\/www.facebook.com\/Contactfm.Chateauduloir","https:\/\/x.com\/contactfm72","https:\/\/www.instagram.com\/contact.fm.72?igsh=cGhlMHQ5N2JlNnpp","https:\/\/www.tiktok.com\/@contact.fm"]},{"@type":"Person","@id":"https:\/\/contactfm72.fr\/#\/schema\/person\/9fdc9d1c2eb029354a4f1535b90ba82d","name":"Val\u00e9rie C.","image":{"@type":"ImageObject","inLanguage":"fr-FR","@id":"https:\/\/secure.gravatar.com\/avatar\/2f8aa28f8dfbd7d4420afd1fdcdd0a349923e2c8a38ab28198b0f9d0601e4737?s=96&d=mm&r=g","url":"https:\/\/secure.gravatar.com\/avatar\/2f8aa28f8dfbd7d4420afd1fdcdd0a349923e2c8a38ab28198b0f9d0601e4737?s=96&d=mm&r=g","contentUrl":"https:\/\/secure.gravatar.com\/avatar\/2f8aa28f8dfbd7d4420afd1fdcdd0a349923e2c8a38ab28198b0f9d0601e4737?s=96&d=mm&r=g","caption":"Val\u00e9rie C."},"url":"https:\/\/contactfm72.fr\/?author=4"}]}},"_links":{"self":[{"href":"https:\/\/contactfm72.fr\/index.php?rest_route=\/wp\/v2\/posts\/20677","targetHints":{"allow":["GET"]}}],"collection":[{"href":"https:\/\/contactfm72.fr\/index.php?rest_route=\/wp\/v2\/posts"}],"about":[{"href":"https:\/\/contactfm72.fr\/index.php?rest_route=\/wp\/v2\/types\/post"}],"author":[{"embeddable":true,"href":"https:\/\/contactfm72.fr\/index.php?rest_route=\/wp\/v2\/users\/4"}],"replies":[{"embeddable":true,"href":"https:\/\/contactfm72.fr\/index.php?rest_route=%2Fwp%2Fv2%2Fcomments&post=20677"}],"version-history":[{"count":3,"href":"https:\/\/contactfm72.fr\/index.php?rest_route=\/wp\/v2\/posts\/20677\/revisions"}],"predecessor-version":[{"id":20680,"href":"https:\/\/contactfm72.fr\/index.php?rest_route=\/wp\/v2\/posts\/20677\/revisions\/20680"}],"wp:featuredmedia":[{"embeddable":true,"href":"https:\/\/contactfm72.fr\/index.php?rest_route=\/wp\/v2\/media\/20681"}],"wp:attachment":[{"href":"https:\/\/contactfm72.fr\/index.php?rest_route=%2Fwp%2Fv2%2Fmedia&parent=20677"}],"wp:term":[{"taxonomy":"category","embeddable":true,"href":"https:\/\/contactfm72.fr\/index.php?rest_route=%2Fwp%2Fv2%2Fcategories&post=20677"},{"taxonomy":"post_tag","embeddable":true,"href":"https:\/\/contactfm72.fr\/index.php?rest_route=%2Fwp%2Fv2%2Ftags&post=20677"}],"curies":[{"name":"wp","href":"https:\/\/api.w.org\/{rel}","templated":true}]}}