{"id":20578,"date":"2025-10-24T14:43:02","date_gmt":"2025-10-24T12:43:02","guid":{"rendered":"https:\/\/contactfm72.fr\/?p=20578"},"modified":"2025-10-24T14:45:44","modified_gmt":"2025-10-24T12:45:44","slug":"les-bacchantes-a-velo-des-rides-pas-serieux-pour-une-cause-serieuse-au-lude-dimanche-2-novembre","status":"publish","type":"post","link":"https:\/\/contactfm72.fr\/?p=20578","title":{"rendered":"Les Bacchantes \u00e0 v\u00e9lo, des rides pas s\u00e9rieux pour une cause s\u00e9rieuse au Lude dimanche 2 novembre"},"content":{"rendered":"<div class=\"html-div xdj266r x14z9mp xat24cr x1lziwak xexx8yu xyri2b x18d9i69 x1c1uobl\" dir=\"auto\">\n<div class=\"html-div xdj266r x14z9mp xat24cr x1lziwak xexx8yu xyri2b x18d9i69 x1c1uobl\" data-ad-rendering-role=\"story_message\">\n<div id=\"_r_5h_\" class=\"x1l90r2v x1iorvi4 x1g0dm76 xpdmqnj\" data-ad-comet-preview=\"message\" data-ad-preview=\"message\">\n<div class=\"x78zum5 xdt5ytf xz62fqu x16ldp7u\">\n<div class=\"xu06os2 x1ok221b\">\n<div class=\"html-div xdj266r x14z9mp xat24cr x1lziwak xexx8yu xyri2b x18d9i69 x1c1uobl\">\n<div class=\"xdj266r x14z9mp xat24cr x1lziwak x1vvkbs x126k92a\">\n<div dir=\"auto\">Cette ann\u00e9e, <span class=\"html-span xdj266r x14z9mp xat24cr x1lziwak xexx8yu xyri2b x18d9i69 x1c1uobl x1hl2dhg x16tdsg8 x1vvkbs\"><a class=\"x1i10hfl xjbqb8w x1ejq31n x18oe1m7 x1sy0etr xstzfhl x972fbf x10w94by x1qhh985 x14e42zd x9f619 x1ypdohk xt0psk2 x3ct3a4 xdj266r x14z9mp xat24cr x1lziwak xexx8yu xyri2b x18d9i69 x1c1uobl x16tdsg8 x1hl2dhg xggy1nq x1a2a7pz xkrqix3 x1sur9pj x1fey0fg x1s688f\" tabindex=\"0\" role=\"link\" href=\"https:\/\/www.facebook.com\/lesbacchantesavelo?__cft__[0]=AZWG3FlZfjlbgFfRXRm6_r9w8J9BCHLjs0XSmvfhUdaFiVHTk4uf95QHOXXr6HFDN1S0Urht8ecp3ZdNFoJwzgMu0iyheVghrColm11wzIg4vHb_2h0SOlGi1P_fLCmBzpBIF5EItzl0s8Q9A97j3-SoZmJ3RmYKMoAl792F_PNt5FPCIGdavZz23JZZNxBb0Z8&amp;__tn__=-]K-R\"><span class=\"xt0psk2\"><span class=\"xjp7ctv\">Les Bacchantes \u00e0 v\u00e9lo<\/span><\/span><\/a><\/span> rouleront dans 16 villes de France lors du mois de novembre pour inviter les cyclistes \u00e0 participer \u00e0 des rides afin de lutter contre le cancer de la prostate.<\/div>\n<\/div>\n<div class=\"x14z9mp xat24cr x1lziwak x1vvkbs xtlvy1s x126k92a\">\n<div dir=\"auto\">Dans la Sarthe, ce sera l\u2019association <span class=\"html-span xdj266r x14z9mp xat24cr x1lziwak xexx8yu xyri2b x18d9i69 x1c1uobl x1hl2dhg x16tdsg8 x1vvkbs\"><a class=\"x1i10hfl xjbqb8w x1ejq31n x18oe1m7 x1sy0etr xstzfhl x972fbf x10w94by x1qhh985 x14e42zd x9f619 x1ypdohk xt0psk2 x3ct3a4 xdj266r x14z9mp xat24cr x1lziwak xexx8yu xyri2b x18d9i69 x1c1uobl x16tdsg8 x1hl2dhg xggy1nq x1a2a7pz xkrqix3 x1sur9pj x1fey0fg x1s688f\" tabindex=\"0\" role=\"link\" href=\"https:\/\/www.facebook.com\/profile.php?id=100089475893905&amp;__cft__[0]=AZWG3FlZfjlbgFfRXRm6_r9w8J9BCHLjs0XSmvfhUdaFiVHTk4uf95QHOXXr6HFDN1S0Urht8ecp3ZdNFoJwzgMu0iyheVghrColm11wzIg4vHb_2h0SOlGi1P_fLCmBzpBIF5EItzl0s8Q9A97j3-SoZmJ3RmYKMoAl792F_PNt5FPCIGdavZz23JZZNxBb0Z8&amp;__tn__=-]K-R\"><span class=\"xt0psk2\"><span class=\"xjp7ctv\">Passionn\u00e9 Mans Gravel<\/span><\/span><\/a><\/span> qui proposera 4 parcours v\u00e9lo dimanche 2 novembre au d\u00e9part de la <span class=\"html-span xdj266r x14z9mp xat24cr x1lziwak xexx8yu xyri2b x18d9i69 x1c1uobl x1hl2dhg x16tdsg8 x1vvkbs\"><a class=\"x1i10hfl xjbqb8w x1ejq31n x18oe1m7 x1sy0etr xstzfhl x972fbf x10w94by x1qhh985 x14e42zd x9f619 x1ypdohk xt0psk2 x3ct3a4 xdj266r x14z9mp xat24cr x1lziwak xexx8yu xyri2b x18d9i69 x1c1uobl x16tdsg8 x1hl2dhg xggy1nq x1a2a7pz xkrqix3 x1sur9pj x1fey0fg x1s688f\" tabindex=\"0\" role=\"link\" href=\"https:\/\/www.facebook.com\/BrasseriePiquePrune?__cft__[0]=AZWG3FlZfjlbgFfRXRm6_r9w8J9BCHLjs0XSmvfhUdaFiVHTk4uf95QHOXXr6HFDN1S0Urht8ecp3ZdNFoJwzgMu0iyheVghrColm11wzIg4vHb_2h0SOlGi1P_fLCmBzpBIF5EItzl0s8Q9A97j3-SoZmJ3RmYKMoAl792F_PNt5FPCIGdavZz23JZZNxBb0Z8&amp;__tn__=-]K-R\"><span class=\"xt0psk2\"><span class=\"xjp7ctv\">Brasserie Pique-Prune<\/span><\/span><\/a><\/span> bas\u00e9e \u00e0 <span class=\"html-span xdj266r x14z9mp xat24cr x1lziwak xexx8yu xyri2b x18d9i69 x1c1uobl x1hl2dhg x16tdsg8 x1vvkbs\"><a class=\"x1i10hfl xjbqb8w x1ejq31n x18oe1m7 x1sy0etr xstzfhl x972fbf x10w94by x1qhh985 x14e42zd x9f619 x1ypdohk xt0psk2 x3ct3a4 xdj266r x14z9mp xat24cr x1lziwak xexx8yu xyri2b x18d9i69 x1c1uobl x16tdsg8 x1hl2dhg xggy1nq x1a2a7pz xkrqix3 x1sur9pj x1fey0fg x1s688f\" tabindex=\"0\" role=\"link\" href=\"https:\/\/www.facebook.com\/villelelude?__cft__[0]=AZWG3FlZfjlbgFfRXRm6_r9w8J9BCHLjs0XSmvfhUdaFiVHTk4uf95QHOXXr6HFDN1S0Urht8ecp3ZdNFoJwzgMu0iyheVghrColm11wzIg4vHb_2h0SOlGi1P_fLCmBzpBIF5EItzl0s8Q9A97j3-SoZmJ3RmYKMoAl792F_PNt5FPCIGdavZz23JZZNxBb0Z8&amp;__tn__=-]K-R\"><span class=\"xt0psk2\"><span class=\"xjp7ctv\">Le Lude<\/span><\/span><\/a><\/span>.<\/div>\n<\/div>\n<div class=\"x14z9mp xat24cr x1lziwak x1vvkbs xtlvy1s x126k92a\">\n<div dir=\"auto\">De nombreuses animations \u00e9mailleront la journ\u00e9e : ravitaillement \u00ab royal \u00bb au sens propre comme au sens figur\u00e9, visite comment\u00e9e de la <span class=\"html-span xdj266r x14z9mp xat24cr x1lziwak xexx8yu xyri2b x18d9i69 x1c1uobl x1hl2dhg x16tdsg8 x1vvkbs\"><a class=\"x1i10hfl xjbqb8w x1ejq31n x18oe1m7 x1sy0etr xstzfhl x972fbf x10w94by x1qhh985 x14e42zd x9f619 x1ypdohk xt0psk2 x3ct3a4 xdj266r x14z9mp xat24cr x1lziwak xexx8yu xyri2b x18d9i69 x1c1uobl x16tdsg8 x1hl2dhg xggy1nq x1a2a7pz xkrqix3 x1sur9pj x1fey0fg x1s688f\" tabindex=\"0\" role=\"link\" href=\"https:\/\/www.facebook.com\/BrasseriePiquePrune?__cft__[0]=AZWG3FlZfjlbgFfRXRm6_r9w8J9BCHLjs0XSmvfhUdaFiVHTk4uf95QHOXXr6HFDN1S0Urht8ecp3ZdNFoJwzgMu0iyheVghrColm11wzIg4vHb_2h0SOlGi1P_fLCmBzpBIF5EItzl0s8Q9A97j3-SoZmJ3RmYKMoAl792F_PNt5FPCIGdavZz23JZZNxBb0Z8&amp;__tn__=-]K-R\"><span class=\"xt0psk2\"><span class=\"xjp7ctv\">Brasserie Pique-Prune<\/span><\/span><\/a><\/span>, concert, concours\/lots et repas \u00e0 l\u2019arriv\u00e9e \u00e0 r\u00e9server sur <span class=\"html-span xdj266r x14z9mp xat24cr x1lziwak xexx8yu xyri2b x18d9i69 x1c1uobl x1hl2dhg x16tdsg8 x1vvkbs\"><a class=\"x1i10hfl xjbqb8w x1ejq31n x18oe1m7 x1sy0etr xstzfhl x972fbf x10w94by x1qhh985 x14e42zd x9f619 x1ypdohk xt0psk2 x3ct3a4 xdj266r x14z9mp xat24cr x1lziwak xexx8yu xyri2b x18d9i69 x1c1uobl x16tdsg8 x1hl2dhg xggy1nq x1a2a7pz xkrqix3 x1sur9pj x1fey0fg x1s688f\" tabindex=\"0\" role=\"link\" href=\"https:\/\/l.facebook.com\/l.php?u=http%3A%2F%2Fwww.passionnemansgravel.fr%2F%3Ffbclid%3DIwZXh0bgNhZW0CMTAAYnJpZBEweVNrdzZXeFBMdjRZd0ZqTAEe-_B0gVZAPx0MZF8X2LF3VbVJCqLrGaPUWSDHXvyH-kJU68byCLERuNSJ5HQ_aem_sQo1b0hXsylL0GjQYrUv4Q&amp;h=AT0jS0K__Wd35gcuvJm8B0gLazVNB2rA1zG43a0XTjjvVLgqquL4b-WcTGDeSk-q81To3f23D50iyoxskYqKrAYMmS25ktXO9LGMGBgaPEamwHgOzFqUePKjsnBqg0rE5avA9N3vlWxzXNESuoAJAlU2GrIIg8ck&amp;__tn__=-UK-R&amp;c[0]=AT1dbOtf1teWHdP3h_-rqXGzbGE1O60-mq_vc7lV4tZEmdlxvO3ZUlVCDeVTJcMP5Cu-Z4vbForCcoeu51FwhoqoqlNeTqq3BBMn7OFzbytW48z3gwbfYlTYaR6aj-wENxgoWcfqiNveNjxUeQKzmmzIbS8d03tlqExiCSjrLXMHWmsq7ZnDlzpOQo8eTOweMQQLLS863lxI2r_usrThHC35kg\" target=\"_blank\" rel=\"nofollow noopener noreferrer\">www.passionnemansgravel.fr<\/a><\/span><\/div>\n<\/div>\n<div class=\"x14z9mp xat24cr x1lziwak x1vvkbs xtlvy1s x126k92a\">\n<div dir=\"auto\">Ces \u00e9v\u00e9nements locaux seront d\u00e9di\u00e9s au mouvement national <span class=\"html-span xdj266r x14z9mp xat24cr x1lziwak xexx8yu xyri2b x18d9i69 x1c1uobl x1hl2dhg x16tdsg8 x1vvkbs\"><a class=\"x1i10hfl xjbqb8w x1ejq31n x18oe1m7 x1sy0etr xstzfhl x972fbf x10w94by x1qhh985 x14e42zd x9f619 x1ypdohk xt0psk2 x3ct3a4 xdj266r x14z9mp xat24cr x1lziwak xexx8yu xyri2b x18d9i69 x1c1uobl x16tdsg8 x1hl2dhg xggy1nq x1a2a7pz xkrqix3 x1sur9pj x1fey0fg x1s688f\" tabindex=\"0\" role=\"link\" href=\"https:\/\/www.facebook.com\/lesbacchantesavelo?__cft__[0]=AZWG3FlZfjlbgFfRXRm6_r9w8J9BCHLjs0XSmvfhUdaFiVHTk4uf95QHOXXr6HFDN1S0Urht8ecp3ZdNFoJwzgMu0iyheVghrColm11wzIg4vHb_2h0SOlGi1P_fLCmBzpBIF5EItzl0s8Q9A97j3-SoZmJ3RmYKMoAl792F_PNt5FPCIGdavZz23JZZNxBb0Z8&amp;__tn__=-]K-R\"><span class=\"xt0psk2\"><span class=\"xjp7ctv\">Les Bacchantes \u00e0 v\u00e9lo<\/span><\/span><\/a><\/span> pour d\u00e9livrer le message de pr\u00e9vention et collecter des fonds.<\/div>\n<div dir=\"auto\">Les b\u00e9n\u00e9fices r\u00e9alis\u00e9s lors de l\u2019\u00e9v\u00e8nement organis\u00e9 par <span class=\"html-span xdj266r x14z9mp xat24cr x1lziwak xexx8yu xyri2b x18d9i69 x1c1uobl x1hl2dhg x16tdsg8 x1vvkbs\"><a class=\"x1i10hfl xjbqb8w x1ejq31n x18oe1m7 x1sy0etr xstzfhl x972fbf x10w94by x1qhh985 x14e42zd x9f619 x1ypdohk xt0psk2 x3ct3a4 xdj266r x14z9mp xat24cr x1lziwak xexx8yu xyri2b x18d9i69 x1c1uobl x16tdsg8 x1hl2dhg xggy1nq x1a2a7pz xkrqix3 x1sur9pj x1fey0fg x1s688f\" tabindex=\"0\" role=\"link\" href=\"https:\/\/www.facebook.com\/profile.php?id=100089475893905&amp;__cft__[0]=AZWG3FlZfjlbgFfRXRm6_r9w8J9BCHLjs0XSmvfhUdaFiVHTk4uf95QHOXXr6HFDN1S0Urht8ecp3ZdNFoJwzgMu0iyheVghrColm11wzIg4vHb_2h0SOlGi1P_fLCmBzpBIF5EItzl0s8Q9A97j3-SoZmJ3RmYKMoAl792F_PNt5FPCIGdavZz23JZZNxBb0Z8&amp;__tn__=-]K-R\"><span class=\"xt0psk2\"><span class=\"xjp7ctv\">Passionn\u00e9 Mans Gravel<\/span><\/span><\/a><\/span> seront revers\u00e9s int\u00e9gralement \u00e0 l\u2019association des Bacchantes.<\/div>\n<\/div>\n<div class=\"x14z9mp xat24cr x1lziwak x1vvkbs xtlvy1s x126k92a\">\n<div dir=\"auto\">Hugues Grenon, le pr\u00e9sident de <span class=\"html-span xdj266r x14z9mp xat24cr x1lziwak xexx8yu xyri2b x18d9i69 x1c1uobl x1hl2dhg x16tdsg8 x1vvkbs\"><a class=\"x1i10hfl xjbqb8w x1ejq31n x18oe1m7 x1sy0etr xstzfhl x972fbf x10w94by x1qhh985 x14e42zd x9f619 x1ypdohk xt0psk2 x3ct3a4 xdj266r x14z9mp xat24cr x1lziwak xexx8yu xyri2b x18d9i69 x1c1uobl x16tdsg8 x1hl2dhg xggy1nq x1a2a7pz xkrqix3 x1sur9pj x1fey0fg x1s688f\" tabindex=\"0\" role=\"link\" href=\"https:\/\/www.facebook.com\/profile.php?id=100089475893905&amp;__cft__[0]=AZWG3FlZfjlbgFfRXRm6_r9w8J9BCHLjs0XSmvfhUdaFiVHTk4uf95QHOXXr6HFDN1S0Urht8ecp3ZdNFoJwzgMu0iyheVghrColm11wzIg4vHb_2h0SOlGi1P_fLCmBzpBIF5EItzl0s8Q9A97j3-SoZmJ3RmYKMoAl792F_PNt5FPCIGdavZz23JZZNxBb0Z8&amp;__tn__=-]K-R\"><span class=\"xt0psk2\"><span class=\"xjp7ctv\">Passionn\u00e9 Mans Gravel<\/span><\/span><\/a><\/span>, est dans &#8220;L&#8217;interview du jour&#8221; vendredi 24 octobre \u00e0 18h, samedi 25 octobre \u00e0 15h, dimanche 26 octobre \u00e0 12h et lundi 27 octobre \u00e0 13h.<\/div>\n<div dir=\"auto\"><div id=\"audioigniter-283\" class=\"audioigniter-root \" data-player-type=\"full\" data-tracks-url=\"https:\/\/contactfm72.fr\/?audioigniter_playlist_id=283\" data-display-track-no=\"false\" data-reverse-track-order=\"false\" data-display-tracklist-covers=\"false\" data-display-active-cover=\"false\" data-display-artist-names=\"false\" data-display-buy-buttons=\"true\" data-buy-buttons-target=\"false\" data-cycle-tracks=\"false\" data-display-credits=\"false\" data-display-tracklist=\"true\" data-allow-tracklist-toggle=\"false\" data-allow-tracklist-loop=\"true\" data-limit-tracklist-height=\"true\" data-volume=\"100\" data-tracklist-height=\"185\" data-allow-track-loop=\"false\" ><\/div><\/div>\n<\/div>\n<\/div>\n<\/div>\n<\/div>\n<\/div>\n<\/div>\n<\/div>\n<!-- AddThis Advanced Settings generic via filter on the_content --><!-- AddThis Share Buttons generic via filter on the_content -->","protected":false},"excerpt":{"rendered":"<p>Cette ann\u00e9e, Les Bacchantes \u00e0 v\u00e9lo rouleront dans 16 villes de France lors du mois de novembre pour inviter les cyclistes \u00e0 participer \u00e0 des rides afin de lutter contre le cancer de la prostate. Dans la Sarthe, ce sera l\u2019association Passionn\u00e9 Mans Gravel qui proposera 4 parcours v\u00e9lo dimanche 2 novembre au d\u00e9part de&hellip;<!-- AddThis Advanced Settings generic via filter on get_the_excerpt --><!-- AddThis Share Buttons generic via filter on get_the_excerpt --><\/p>\n","protected":false},"author":5,"featured_media":20579,"comment_status":"closed","ping_status":"open","sticky":false,"template":"","format":"standard","meta":{"footnotes":""},"categories":[1,5],"tags":[],"class_list":["post-20578","post","type-post","status-publish","format-standard","has-post-thumbnail","hentry","category-contact-fm-72","category-linterview-du-jour","category-1","category-5","description-off"],"yoast_head":"<!-- This site is optimized with the Yoast SEO plugin v27.4 - https:\/\/yoast.com\/product\/yoast-seo-wordpress\/ -->\n<title>Les Bacchantes \u00e0 v\u00e9lo, des rides pas s\u00e9rieux pour une cause s\u00e9rieuse au Lude dimanche 2 novembre - Contact FM 99.3<\/title>\n<meta name=\"robots\" content=\"index, follow, max-snippet:-1, max-image-preview:large, max-video-preview:-1\" \/>\n<link rel=\"canonical\" href=\"https:\/\/contactfm72.fr\/?p=20578\" \/>\n<meta property=\"og:locale\" content=\"fr_FR\" \/>\n<meta property=\"og:type\" content=\"article\" \/>\n<meta property=\"og:title\" content=\"Les Bacchantes \u00e0 v\u00e9lo, des rides pas s\u00e9rieux pour une cause s\u00e9rieuse au Lude dimanche 2 novembre - Contact FM 99.3\" \/>\n<meta property=\"og:description\" content=\"Cette ann\u00e9e, Les Bacchantes \u00e0 v\u00e9lo rouleront dans 16 villes de France lors du mois de novembre pour inviter les cyclistes \u00e0 participer \u00e0 des rides afin de lutter contre le cancer de la prostate. Dans la Sarthe, ce sera l\u2019association Passionn\u00e9 Mans Gravel qui proposera 4 parcours v\u00e9lo dimanche 2 novembre au d\u00e9part de&hellip;\" \/>\n<meta property=\"og:url\" content=\"https:\/\/contactfm72.fr\/?p=20578\" \/>\n<meta property=\"og:site_name\" content=\"Contact FM 99.3\" \/>\n<meta property=\"article:publisher\" content=\"https:\/\/www.facebook.com\/Contactfm.Chateauduloir\" \/>\n<meta property=\"article:published_time\" content=\"2025-10-24T12:43:02+00:00\" \/>\n<meta property=\"article:modified_time\" content=\"2025-10-24T12:45:44+00:00\" \/>\n<meta property=\"og:image\" content=\"http:\/\/contactfm72.fr\/wp-content\/uploads\/2025\/10\/image00000111.jpg\" \/>\n\t<meta property=\"og:image:width\" content=\"1578\" \/>\n\t<meta property=\"og:image:height\" content=\"979\" \/>\n\t<meta property=\"og:image:type\" content=\"image\/jpeg\" \/>\n<meta name=\"author\" content=\"redaction2@contactfm72.fr\" \/>\n<meta name=\"twitter:card\" content=\"summary_large_image\" \/>\n<meta name=\"twitter:creator\" content=\"@contactfm72\" \/>\n<meta name=\"twitter:site\" content=\"@contactfm72\" \/>\n<meta name=\"twitter:label1\" content=\"\u00c9crit par\" \/>\n\t<meta name=\"twitter:data1\" content=\"redaction2@contactfm72.fr\" \/>\n\t<meta name=\"twitter:label2\" content=\"Dur\u00e9e de lecture estim\u00e9e\" \/>\n\t<meta name=\"twitter:data2\" content=\"2 minutes\" \/>\n<script type=\"application\/ld+json\" class=\"yoast-schema-graph\">{\"@context\":\"https:\\\/\\\/schema.org\",\"@graph\":[{\"@type\":\"Article\",\"@id\":\"https:\\\/\\\/contactfm72.fr\\\/?p=20578#article\",\"isPartOf\":{\"@id\":\"https:\\\/\\\/contactfm72.fr\\\/?p=20578\"},\"author\":{\"name\":\"redaction2@contactfm72.fr\",\"@id\":\"https:\\\/\\\/contactfm72.fr\\\/#\\\/schema\\\/person\\\/d2ef09cdea7331b185acaddc4d14dda8\"},\"headline\":\"Les Bacchantes \u00e0 v\u00e9lo, des rides pas s\u00e9rieux pour une cause s\u00e9rieuse au Lude dimanche 2 novembre\",\"datePublished\":\"2025-10-24T12:43:02+00:00\",\"dateModified\":\"2025-10-24T12:45:44+00:00\",\"mainEntityOfPage\":{\"@id\":\"https:\\\/\\\/contactfm72.fr\\\/?p=20578\"},\"wordCount\":200,\"publisher\":{\"@id\":\"https:\\\/\\\/contactfm72.fr\\\/#organization\"},\"image\":{\"@id\":\"https:\\\/\\\/contactfm72.fr\\\/?p=20578#primaryimage\"},\"thumbnailUrl\":\"https:\\\/\\\/contactfm72.fr\\\/wp-content\\\/uploads\\\/2025\\\/10\\\/image00000111.jpg\",\"articleSection\":[\"Contact FM 72\",\"L'interview du jour\"],\"inLanguage\":\"fr-FR\"},{\"@type\":\"WebPage\",\"@id\":\"https:\\\/\\\/contactfm72.fr\\\/?p=20578\",\"url\":\"https:\\\/\\\/contactfm72.fr\\\/?p=20578\",\"name\":\"Les Bacchantes \u00e0 v\u00e9lo, des rides pas s\u00e9rieux pour une cause s\u00e9rieuse au Lude dimanche 2 novembre - Contact FM 99.3\",\"isPartOf\":{\"@id\":\"https:\\\/\\\/contactfm72.fr\\\/#website\"},\"primaryImageOfPage\":{\"@id\":\"https:\\\/\\\/contactfm72.fr\\\/?p=20578#primaryimage\"},\"image\":{\"@id\":\"https:\\\/\\\/contactfm72.fr\\\/?p=20578#primaryimage\"},\"thumbnailUrl\":\"https:\\\/\\\/contactfm72.fr\\\/wp-content\\\/uploads\\\/2025\\\/10\\\/image00000111.jpg\",\"datePublished\":\"2025-10-24T12:43:02+00:00\",\"dateModified\":\"2025-10-24T12:45:44+00:00\",\"breadcrumb\":{\"@id\":\"https:\\\/\\\/contactfm72.fr\\\/?p=20578#breadcrumb\"},\"inLanguage\":\"fr-FR\",\"potentialAction\":[{\"@type\":\"ReadAction\",\"target\":[\"https:\\\/\\\/contactfm72.fr\\\/?p=20578\"]}]},{\"@type\":\"ImageObject\",\"inLanguage\":\"fr-FR\",\"@id\":\"https:\\\/\\\/contactfm72.fr\\\/?p=20578#primaryimage\",\"url\":\"https:\\\/\\\/contactfm72.fr\\\/wp-content\\\/uploads\\\/2025\\\/10\\\/image00000111.jpg\",\"contentUrl\":\"https:\\\/\\\/contactfm72.fr\\\/wp-content\\\/uploads\\\/2025\\\/10\\\/image00000111.jpg\",\"width\":1578,\"height\":979},{\"@type\":\"BreadcrumbList\",\"@id\":\"https:\\\/\\\/contactfm72.fr\\\/?p=20578#breadcrumb\",\"itemListElement\":[{\"@type\":\"ListItem\",\"position\":1,\"name\":\"Accueil\",\"item\":\"https:\\\/\\\/contactfm72.fr\\\/\"},{\"@type\":\"ListItem\",\"position\":2,\"name\":\"Les Bacchantes \u00e0 v\u00e9lo, des rides pas s\u00e9rieux pour une cause s\u00e9rieuse au Lude dimanche 2 novembre\"}]},{\"@type\":\"WebSite\",\"@id\":\"https:\\\/\\\/contactfm72.fr\\\/#website\",\"url\":\"https:\\\/\\\/contactfm72.fr\\\/\",\"name\":\"Contact FM 99.3\",\"description\":\"Votre radio en vall\u00e9e du Loir\",\"publisher\":{\"@id\":\"https:\\\/\\\/contactfm72.fr\\\/#organization\"},\"potentialAction\":[{\"@type\":\"SearchAction\",\"target\":{\"@type\":\"EntryPoint\",\"urlTemplate\":\"https:\\\/\\\/contactfm72.fr\\\/?s={search_term_string}\"},\"query-input\":{\"@type\":\"PropertyValueSpecification\",\"valueRequired\":true,\"valueName\":\"search_term_string\"}}],\"inLanguage\":\"fr-FR\"},{\"@type\":\"Organization\",\"@id\":\"https:\\\/\\\/contactfm72.fr\\\/#organization\",\"name\":\"Contact FM 99.3\",\"url\":\"https:\\\/\\\/contactfm72.fr\\\/\",\"logo\":{\"@type\":\"ImageObject\",\"inLanguage\":\"fr-FR\",\"@id\":\"https:\\\/\\\/contactfm72.fr\\\/#\\\/schema\\\/logo\\\/image\\\/\",\"url\":\"https:\\\/\\\/contactfm72.fr\\\/wp-content\\\/uploads\\\/2025\\\/04\\\/2025-04-18-2.jpg\",\"contentUrl\":\"https:\\\/\\\/contactfm72.fr\\\/wp-content\\\/uploads\\\/2025\\\/04\\\/2025-04-18-2.jpg\",\"width\":680,\"height\":307,\"caption\":\"Contact FM 99.3\"},\"image\":{\"@id\":\"https:\\\/\\\/contactfm72.fr\\\/#\\\/schema\\\/logo\\\/image\\\/\"},\"sameAs\":[\"https:\\\/\\\/www.facebook.com\\\/Contactfm.Chateauduloir\",\"https:\\\/\\\/x.com\\\/contactfm72\",\"https:\\\/\\\/www.instagram.com\\\/contact.fm.72?igsh=cGhlMHQ5N2JlNnpp\",\"https:\\\/\\\/www.tiktok.com\\\/@contact.fm\"]},{\"@type\":\"Person\",\"@id\":\"https:\\\/\\\/contactfm72.fr\\\/#\\\/schema\\\/person\\\/d2ef09cdea7331b185acaddc4d14dda8\",\"name\":\"redaction2@contactfm72.fr\",\"image\":{\"@type\":\"ImageObject\",\"inLanguage\":\"fr-FR\",\"@id\":\"https:\\\/\\\/secure.gravatar.com\\\/avatar\\\/897f3d57289c1f4c62cade1c2606ba6ded18d5f1676845e668a9f21cb751c06b?s=96&d=mm&r=g\",\"url\":\"https:\\\/\\\/secure.gravatar.com\\\/avatar\\\/897f3d57289c1f4c62cade1c2606ba6ded18d5f1676845e668a9f21cb751c06b?s=96&d=mm&r=g\",\"contentUrl\":\"https:\\\/\\\/secure.gravatar.com\\\/avatar\\\/897f3d57289c1f4c62cade1c2606ba6ded18d5f1676845e668a9f21cb751c06b?s=96&d=mm&r=g\",\"caption\":\"redaction2@contactfm72.fr\"},\"url\":\"https:\\\/\\\/contactfm72.fr\\\/?author=5\"}]}<\/script>\n<!-- \/ Yoast SEO plugin. -->","yoast_head_json":{"title":"Les Bacchantes \u00e0 v\u00e9lo, des rides pas s\u00e9rieux pour une cause s\u00e9rieuse au Lude dimanche 2 novembre - Contact FM 99.3","robots":{"index":"index","follow":"follow","max-snippet":"max-snippet:-1","max-image-preview":"max-image-preview:large","max-video-preview":"max-video-preview:-1"},"canonical":"https:\/\/contactfm72.fr\/?p=20578","og_locale":"fr_FR","og_type":"article","og_title":"Les Bacchantes \u00e0 v\u00e9lo, des rides pas s\u00e9rieux pour une cause s\u00e9rieuse au Lude dimanche 2 novembre - Contact FM 99.3","og_description":"Cette ann\u00e9e, Les Bacchantes \u00e0 v\u00e9lo rouleront dans 16 villes de France lors du mois de novembre pour inviter les cyclistes \u00e0 participer \u00e0 des rides afin de lutter contre le cancer de la prostate. Dans la Sarthe, ce sera l\u2019association Passionn\u00e9 Mans Gravel qui proposera 4 parcours v\u00e9lo dimanche 2 novembre au d\u00e9part de&hellip;","og_url":"https:\/\/contactfm72.fr\/?p=20578","og_site_name":"Contact FM 99.3","article_publisher":"https:\/\/www.facebook.com\/Contactfm.Chateauduloir","article_published_time":"2025-10-24T12:43:02+00:00","article_modified_time":"2025-10-24T12:45:44+00:00","og_image":[{"width":1578,"height":979,"url":"http:\/\/contactfm72.fr\/wp-content\/uploads\/2025\/10\/image00000111.jpg","type":"image\/jpeg"}],"author":"redaction2@contactfm72.fr","twitter_card":"summary_large_image","twitter_creator":"@contactfm72","twitter_site":"@contactfm72","twitter_misc":{"\u00c9crit par":"redaction2@contactfm72.fr","Dur\u00e9e de lecture estim\u00e9e":"2 minutes"},"schema":{"@context":"https:\/\/schema.org","@graph":[{"@type":"Article","@id":"https:\/\/contactfm72.fr\/?p=20578#article","isPartOf":{"@id":"https:\/\/contactfm72.fr\/?p=20578"},"author":{"name":"redaction2@contactfm72.fr","@id":"https:\/\/contactfm72.fr\/#\/schema\/person\/d2ef09cdea7331b185acaddc4d14dda8"},"headline":"Les Bacchantes \u00e0 v\u00e9lo, des rides pas s\u00e9rieux pour une cause s\u00e9rieuse au Lude dimanche 2 novembre","datePublished":"2025-10-24T12:43:02+00:00","dateModified":"2025-10-24T12:45:44+00:00","mainEntityOfPage":{"@id":"https:\/\/contactfm72.fr\/?p=20578"},"wordCount":200,"publisher":{"@id":"https:\/\/contactfm72.fr\/#organization"},"image":{"@id":"https:\/\/contactfm72.fr\/?p=20578#primaryimage"},"thumbnailUrl":"https:\/\/contactfm72.fr\/wp-content\/uploads\/2025\/10\/image00000111.jpg","articleSection":["Contact FM 72","L'interview du jour"],"inLanguage":"fr-FR"},{"@type":"WebPage","@id":"https:\/\/contactfm72.fr\/?p=20578","url":"https:\/\/contactfm72.fr\/?p=20578","name":"Les Bacchantes \u00e0 v\u00e9lo, des rides pas s\u00e9rieux pour une cause s\u00e9rieuse au Lude dimanche 2 novembre - Contact FM 99.3","isPartOf":{"@id":"https:\/\/contactfm72.fr\/#website"},"primaryImageOfPage":{"@id":"https:\/\/contactfm72.fr\/?p=20578#primaryimage"},"image":{"@id":"https:\/\/contactfm72.fr\/?p=20578#primaryimage"},"thumbnailUrl":"https:\/\/contactfm72.fr\/wp-content\/uploads\/2025\/10\/image00000111.jpg","datePublished":"2025-10-24T12:43:02+00:00","dateModified":"2025-10-24T12:45:44+00:00","breadcrumb":{"@id":"https:\/\/contactfm72.fr\/?p=20578#breadcrumb"},"inLanguage":"fr-FR","potentialAction":[{"@type":"ReadAction","target":["https:\/\/contactfm72.fr\/?p=20578"]}]},{"@type":"ImageObject","inLanguage":"fr-FR","@id":"https:\/\/contactfm72.fr\/?p=20578#primaryimage","url":"https:\/\/contactfm72.fr\/wp-content\/uploads\/2025\/10\/image00000111.jpg","contentUrl":"https:\/\/contactfm72.fr\/wp-content\/uploads\/2025\/10\/image00000111.jpg","width":1578,"height":979},{"@type":"BreadcrumbList","@id":"https:\/\/contactfm72.fr\/?p=20578#breadcrumb","itemListElement":[{"@type":"ListItem","position":1,"name":"Accueil","item":"https:\/\/contactfm72.fr\/"},{"@type":"ListItem","position":2,"name":"Les Bacchantes \u00e0 v\u00e9lo, des rides pas s\u00e9rieux pour une cause s\u00e9rieuse au Lude dimanche 2 novembre"}]},{"@type":"WebSite","@id":"https:\/\/contactfm72.fr\/#website","url":"https:\/\/contactfm72.fr\/","name":"Contact FM 99.3","description":"Votre radio en vall\u00e9e du Loir","publisher":{"@id":"https:\/\/contactfm72.fr\/#organization"},"potentialAction":[{"@type":"SearchAction","target":{"@type":"EntryPoint","urlTemplate":"https:\/\/contactfm72.fr\/?s={search_term_string}"},"query-input":{"@type":"PropertyValueSpecification","valueRequired":true,"valueName":"search_term_string"}}],"inLanguage":"fr-FR"},{"@type":"Organization","@id":"https:\/\/contactfm72.fr\/#organization","name":"Contact FM 99.3","url":"https:\/\/contactfm72.fr\/","logo":{"@type":"ImageObject","inLanguage":"fr-FR","@id":"https:\/\/contactfm72.fr\/#\/schema\/logo\/image\/","url":"https:\/\/contactfm72.fr\/wp-content\/uploads\/2025\/04\/2025-04-18-2.jpg","contentUrl":"https:\/\/contactfm72.fr\/wp-content\/uploads\/2025\/04\/2025-04-18-2.jpg","width":680,"height":307,"caption":"Contact FM 99.3"},"image":{"@id":"https:\/\/contactfm72.fr\/#\/schema\/logo\/image\/"},"sameAs":["https:\/\/www.facebook.com\/Contactfm.Chateauduloir","https:\/\/x.com\/contactfm72","https:\/\/www.instagram.com\/contact.fm.72?igsh=cGhlMHQ5N2JlNnpp","https:\/\/www.tiktok.com\/@contact.fm"]},{"@type":"Person","@id":"https:\/\/contactfm72.fr\/#\/schema\/person\/d2ef09cdea7331b185acaddc4d14dda8","name":"redaction2@contactfm72.fr","image":{"@type":"ImageObject","inLanguage":"fr-FR","@id":"https:\/\/secure.gravatar.com\/avatar\/897f3d57289c1f4c62cade1c2606ba6ded18d5f1676845e668a9f21cb751c06b?s=96&d=mm&r=g","url":"https:\/\/secure.gravatar.com\/avatar\/897f3d57289c1f4c62cade1c2606ba6ded18d5f1676845e668a9f21cb751c06b?s=96&d=mm&r=g","contentUrl":"https:\/\/secure.gravatar.com\/avatar\/897f3d57289c1f4c62cade1c2606ba6ded18d5f1676845e668a9f21cb751c06b?s=96&d=mm&r=g","caption":"redaction2@contactfm72.fr"},"url":"https:\/\/contactfm72.fr\/?author=5"}]}},"_links":{"self":[{"href":"https:\/\/contactfm72.fr\/index.php?rest_route=\/wp\/v2\/posts\/20578","targetHints":{"allow":["GET"]}}],"collection":[{"href":"https:\/\/contactfm72.fr\/index.php?rest_route=\/wp\/v2\/posts"}],"about":[{"href":"https:\/\/contactfm72.fr\/index.php?rest_route=\/wp\/v2\/types\/post"}],"author":[{"embeddable":true,"href":"https:\/\/contactfm72.fr\/index.php?rest_route=\/wp\/v2\/users\/5"}],"replies":[{"embeddable":true,"href":"https:\/\/contactfm72.fr\/index.php?rest_route=%2Fwp%2Fv2%2Fcomments&post=20578"}],"version-history":[{"count":4,"href":"https:\/\/contactfm72.fr\/index.php?rest_route=\/wp\/v2\/posts\/20578\/revisions"}],"predecessor-version":[{"id":20583,"href":"https:\/\/contactfm72.fr\/index.php?rest_route=\/wp\/v2\/posts\/20578\/revisions\/20583"}],"wp:featuredmedia":[{"embeddable":true,"href":"https:\/\/contactfm72.fr\/index.php?rest_route=\/wp\/v2\/media\/20579"}],"wp:attachment":[{"href":"https:\/\/contactfm72.fr\/index.php?rest_route=%2Fwp%2Fv2%2Fmedia&parent=20578"}],"wp:term":[{"taxonomy":"category","embeddable":true,"href":"https:\/\/contactfm72.fr\/index.php?rest_route=%2Fwp%2Fv2%2Fcategories&post=20578"},{"taxonomy":"post_tag","embeddable":true,"href":"https:\/\/contactfm72.fr\/index.php?rest_route=%2Fwp%2Fv2%2Ftags&post=20578"}],"curies":[{"name":"wp","href":"https:\/\/api.w.org\/{rel}","templated":true}]}}