{"id":20439,"date":"2025-10-10T12:41:01","date_gmt":"2025-10-10T10:41:01","guid":{"rendered":"https:\/\/contactfm72.fr\/?p=20439"},"modified":"2025-10-10T12:59:05","modified_gmt":"2025-10-10T10:59:05","slug":"le-bio-et-lhumain-au-coeur-du-domaine-les-maisons-rouge-de-ruille-sur-loir","status":"publish","type":"post","link":"https:\/\/contactfm72.fr\/?p=20439","title":{"rendered":"Le bio et l&#8217;humain au coeur du domaine &#8220;Les Maisons Rouges&#8221; de Ruill\u00e9-sur-Loir"},"content":{"rendered":"<div class=\"xdj266r x14z9mp xat24cr x1lziwak x1vvkbs x126k92a\">\n<div dir=\"auto\">Dans le magazine mensuel &#8220;Paroles de vignerons&#8221; qui donne la parole aux viticulteurs du territoire, d\u00e9couvrez le domaine <span class=\"html-span xdj266r x14z9mp xat24cr x1lziwak xexx8yu xyri2b x18d9i69 x1c1uobl x1hl2dhg x16tdsg8 x1vvkbs\"><a class=\"x1i10hfl xjbqb8w x1ejq31n x18oe1m7 x1sy0etr xstzfhl x972fbf x10w94by x1qhh985 x14e42zd x9f619 x1ypdohk xt0psk2 x3ct3a4 xdj266r x14z9mp xat24cr x1lziwak xexx8yu xyri2b x18d9i69 x1c1uobl x16tdsg8 x1hl2dhg xggy1nq x1a2a7pz xkrqix3 x1sur9pj x1fey0fg x1s688f\" tabindex=\"0\" role=\"link\" href=\"https:\/\/www.facebook.com\/profile.php?id=100062945274037&amp;__cft__[0]=AZWg5Jy2YRAGupziBqCPuQPjhENjF5VtSOhV8yE-598gc8T0HGLHjrJCWi3PbxfooIxRptNkfkU7Snppq2ejQ98v_vg4rNiKuBXQSDC7JbIHowt40-TyuiyM2gSJdds_JwOtJ2hlap1ytAeM3xrfIu3Q&amp;__tn__=-]K-R\"><span class=\"xt0psk2\"><span class=\"xjp7ctv\">Les Maisons Rouges<\/span><\/span><\/a><\/span> qui s\u2019\u00e9tend sur 9 hectares au c\u0153ur m\u00eame des exceptionnelles mais confidentielles Appellations contr\u00f4l\u00e9es Jasni\u00e8res et C\u00f4teaux du Loir.<\/div>\n<\/div>\n<div class=\"x14z9mp xat24cr x1lziwak x1vvkbs xtlvy1s x126k92a\">\n<div dir=\"auto\">En culture bio et en biodynamie, Julien Peltier, gendre d&#8217;Elisabeth et Beno\u00eet Jardin, fondateurs du domaine viticole de Ruill\u00e9-sur-Loir, il effectue avec ses deux salari\u00e9s Marine et Martin, une culture naturelle de la vigne sans insecticide ni produit de synth\u00e8se avec des pr\u00e9parations \u00e0 base de plantes en limitant fortement l\u2019utilisation du cuivre.<\/div>\n<\/div>\n<div class=\"x14z9mp xat24cr x1lziwak x1vvkbs xtlvy1s x126k92a\">\n<div dir=\"auto\">Aujourd&#8217;hui vendredi 10 octobre \u00e0 12 h 30 et mardi 14 octobre \u00e0 17 h 30.<\/div>\n<\/div>\n<div dir=\"auto\"><\/div>\n<div dir=\"auto\"><div id=\"audioigniter-20170\" class=\"audioigniter-root \" data-player-type=\"full\" data-tracks-url=\"https:\/\/contactfm72.fr\/?audioigniter_playlist_id=20170\" data-display-track-no=\"true\" data-reverse-track-order=\"false\" data-display-tracklist-covers=\"true\" data-display-active-cover=\"true\" data-display-artist-names=\"true\" data-display-buy-buttons=\"true\" data-buy-buttons-target=\"true\" data-cycle-tracks=\"false\" data-display-credits=\"false\" data-display-tracklist=\"true\" data-allow-tracklist-toggle=\"true\" data-allow-tracklist-loop=\"true\" data-limit-tracklist-height=\"true\" data-volume=\"100\" data-tracklist-height=\"185\" data-allow-track-loop=\"false\" ><\/div><\/div>\n<!-- AddThis Advanced Settings generic via filter on the_content --><!-- AddThis Share Buttons generic via filter on the_content -->","protected":false},"excerpt":{"rendered":"<p>Dans le magazine mensuel &#8220;Paroles de vignerons&#8221; qui donne la parole aux viticulteurs du territoire, d\u00e9couvrez le domaine Les Maisons Rouges qui s\u2019\u00e9tend sur 9 hectares au c\u0153ur m\u00eame des exceptionnelles mais confidentielles Appellations contr\u00f4l\u00e9es Jasni\u00e8res et C\u00f4teaux du Loir. En culture bio et en biodynamie, Julien Peltier, gendre d&#8217;Elisabeth et Beno\u00eet Jardin, fondateurs du&hellip;<!-- AddThis Advanced Settings generic via filter on get_the_excerpt --><!-- AddThis Share Buttons generic via filter on get_the_excerpt --><\/p>\n","protected":false},"author":5,"featured_media":20440,"comment_status":"closed","ping_status":"open","sticky":false,"template":"","format":"standard","meta":{"footnotes":""},"categories":[1,95],"tags":[],"class_list":["post-20439","post","type-post","status-publish","format-standard","has-post-thumbnail","hentry","category-contact-fm-72","category-paroles-de-vignerons","category-1","category-95","description-off"],"yoast_head":"<!-- This site is optimized with the Yoast SEO plugin v27.4 - https:\/\/yoast.com\/product\/yoast-seo-wordpress\/ -->\n<title>Le bio et l&#039;humain au coeur du domaine &quot;Les Maisons Rouges&quot; de Ruill\u00e9-sur-Loir - Contact FM 99.3<\/title>\n<meta name=\"robots\" content=\"index, follow, max-snippet:-1, max-image-preview:large, max-video-preview:-1\" \/>\n<link rel=\"canonical\" href=\"https:\/\/contactfm72.fr\/?p=20439\" \/>\n<meta property=\"og:locale\" content=\"fr_FR\" \/>\n<meta property=\"og:type\" content=\"article\" \/>\n<meta property=\"og:title\" content=\"Le bio et l&#039;humain au coeur du domaine &quot;Les Maisons Rouges&quot; de Ruill\u00e9-sur-Loir - Contact FM 99.3\" \/>\n<meta property=\"og:description\" content=\"Dans le magazine mensuel &#8220;Paroles de vignerons&#8221; qui donne la parole aux viticulteurs du territoire, d\u00e9couvrez le domaine Les Maisons Rouges qui s\u2019\u00e9tend sur 9 hectares au c\u0153ur m\u00eame des exceptionnelles mais confidentielles Appellations contr\u00f4l\u00e9es Jasni\u00e8res et C\u00f4teaux du Loir. En culture bio et en biodynamie, Julien Peltier, gendre d&#8217;Elisabeth et Beno\u00eet Jardin, fondateurs du&hellip;\" \/>\n<meta property=\"og:url\" content=\"https:\/\/contactfm72.fr\/?p=20439\" \/>\n<meta property=\"og:site_name\" content=\"Contact FM 99.3\" \/>\n<meta property=\"article:publisher\" content=\"https:\/\/www.facebook.com\/Contactfm.Chateauduloir\" \/>\n<meta property=\"article:published_time\" content=\"2025-10-10T10:41:01+00:00\" \/>\n<meta property=\"article:modified_time\" content=\"2025-10-10T10:59:05+00:00\" \/>\n<meta property=\"og:image\" content=\"http:\/\/contactfm72.fr\/wp-content\/uploads\/2025\/10\/julien-peltier-elisabeth-et-benoit-jardin-730316.jpg\" \/>\n\t<meta property=\"og:image:width\" content=\"600\" \/>\n\t<meta property=\"og:image:height\" content=\"600\" \/>\n\t<meta property=\"og:image:type\" content=\"image\/jpeg\" \/>\n<meta name=\"author\" content=\"redaction2@contactfm72.fr\" \/>\n<meta name=\"twitter:card\" content=\"summary_large_image\" \/>\n<meta name=\"twitter:creator\" content=\"@contactfm72\" \/>\n<meta name=\"twitter:site\" content=\"@contactfm72\" \/>\n<meta name=\"twitter:label1\" content=\"\u00c9crit par\" \/>\n\t<meta name=\"twitter:data1\" content=\"redaction2@contactfm72.fr\" \/>\n\t<meta name=\"twitter:label2\" content=\"Dur\u00e9e de lecture estim\u00e9e\" \/>\n\t<meta name=\"twitter:data2\" content=\"1 minute\" \/>\n<script type=\"application\/ld+json\" class=\"yoast-schema-graph\">{\"@context\":\"https:\\\/\\\/schema.org\",\"@graph\":[{\"@type\":\"Article\",\"@id\":\"https:\\\/\\\/contactfm72.fr\\\/?p=20439#article\",\"isPartOf\":{\"@id\":\"https:\\\/\\\/contactfm72.fr\\\/?p=20439\"},\"author\":{\"name\":\"redaction2@contactfm72.fr\",\"@id\":\"https:\\\/\\\/contactfm72.fr\\\/#\\\/schema\\\/person\\\/d2ef09cdea7331b185acaddc4d14dda8\"},\"headline\":\"Le bio et l&#8217;humain au coeur du domaine &#8220;Les Maisons Rouges&#8221; de Ruill\u00e9-sur-Loir\",\"datePublished\":\"2025-10-10T10:41:01+00:00\",\"dateModified\":\"2025-10-10T10:59:05+00:00\",\"mainEntityOfPage\":{\"@id\":\"https:\\\/\\\/contactfm72.fr\\\/?p=20439\"},\"wordCount\":133,\"publisher\":{\"@id\":\"https:\\\/\\\/contactfm72.fr\\\/#organization\"},\"image\":{\"@id\":\"https:\\\/\\\/contactfm72.fr\\\/?p=20439#primaryimage\"},\"thumbnailUrl\":\"https:\\\/\\\/contactfm72.fr\\\/wp-content\\\/uploads\\\/2025\\\/10\\\/julien-peltier-elisabeth-et-benoit-jardin-730316.jpg\",\"articleSection\":[\"Contact FM 72\",\"Paroles de vignerons\"],\"inLanguage\":\"fr-FR\"},{\"@type\":\"WebPage\",\"@id\":\"https:\\\/\\\/contactfm72.fr\\\/?p=20439\",\"url\":\"https:\\\/\\\/contactfm72.fr\\\/?p=20439\",\"name\":\"Le bio et l'humain au coeur du domaine \\\"Les Maisons Rouges\\\" de Ruill\u00e9-sur-Loir - Contact FM 99.3\",\"isPartOf\":{\"@id\":\"https:\\\/\\\/contactfm72.fr\\\/#website\"},\"primaryImageOfPage\":{\"@id\":\"https:\\\/\\\/contactfm72.fr\\\/?p=20439#primaryimage\"},\"image\":{\"@id\":\"https:\\\/\\\/contactfm72.fr\\\/?p=20439#primaryimage\"},\"thumbnailUrl\":\"https:\\\/\\\/contactfm72.fr\\\/wp-content\\\/uploads\\\/2025\\\/10\\\/julien-peltier-elisabeth-et-benoit-jardin-730316.jpg\",\"datePublished\":\"2025-10-10T10:41:01+00:00\",\"dateModified\":\"2025-10-10T10:59:05+00:00\",\"breadcrumb\":{\"@id\":\"https:\\\/\\\/contactfm72.fr\\\/?p=20439#breadcrumb\"},\"inLanguage\":\"fr-FR\",\"potentialAction\":[{\"@type\":\"ReadAction\",\"target\":[\"https:\\\/\\\/contactfm72.fr\\\/?p=20439\"]}]},{\"@type\":\"ImageObject\",\"inLanguage\":\"fr-FR\",\"@id\":\"https:\\\/\\\/contactfm72.fr\\\/?p=20439#primaryimage\",\"url\":\"https:\\\/\\\/contactfm72.fr\\\/wp-content\\\/uploads\\\/2025\\\/10\\\/julien-peltier-elisabeth-et-benoit-jardin-730316.jpg\",\"contentUrl\":\"https:\\\/\\\/contactfm72.fr\\\/wp-content\\\/uploads\\\/2025\\\/10\\\/julien-peltier-elisabeth-et-benoit-jardin-730316.jpg\",\"width\":600,\"height\":600},{\"@type\":\"BreadcrumbList\",\"@id\":\"https:\\\/\\\/contactfm72.fr\\\/?p=20439#breadcrumb\",\"itemListElement\":[{\"@type\":\"ListItem\",\"position\":1,\"name\":\"Accueil\",\"item\":\"https:\\\/\\\/contactfm72.fr\\\/\"},{\"@type\":\"ListItem\",\"position\":2,\"name\":\"Le bio et l&#8217;humain au coeur du domaine &#8220;Les Maisons Rouges&#8221; de Ruill\u00e9-sur-Loir\"}]},{\"@type\":\"WebSite\",\"@id\":\"https:\\\/\\\/contactfm72.fr\\\/#website\",\"url\":\"https:\\\/\\\/contactfm72.fr\\\/\",\"name\":\"Contact FM 99.3\",\"description\":\"Votre radio en vall\u00e9e du Loir\",\"publisher\":{\"@id\":\"https:\\\/\\\/contactfm72.fr\\\/#organization\"},\"potentialAction\":[{\"@type\":\"SearchAction\",\"target\":{\"@type\":\"EntryPoint\",\"urlTemplate\":\"https:\\\/\\\/contactfm72.fr\\\/?s={search_term_string}\"},\"query-input\":{\"@type\":\"PropertyValueSpecification\",\"valueRequired\":true,\"valueName\":\"search_term_string\"}}],\"inLanguage\":\"fr-FR\"},{\"@type\":\"Organization\",\"@id\":\"https:\\\/\\\/contactfm72.fr\\\/#organization\",\"name\":\"Contact FM 99.3\",\"url\":\"https:\\\/\\\/contactfm72.fr\\\/\",\"logo\":{\"@type\":\"ImageObject\",\"inLanguage\":\"fr-FR\",\"@id\":\"https:\\\/\\\/contactfm72.fr\\\/#\\\/schema\\\/logo\\\/image\\\/\",\"url\":\"https:\\\/\\\/contactfm72.fr\\\/wp-content\\\/uploads\\\/2025\\\/04\\\/2025-04-18-2.jpg\",\"contentUrl\":\"https:\\\/\\\/contactfm72.fr\\\/wp-content\\\/uploads\\\/2025\\\/04\\\/2025-04-18-2.jpg\",\"width\":680,\"height\":307,\"caption\":\"Contact FM 99.3\"},\"image\":{\"@id\":\"https:\\\/\\\/contactfm72.fr\\\/#\\\/schema\\\/logo\\\/image\\\/\"},\"sameAs\":[\"https:\\\/\\\/www.facebook.com\\\/Contactfm.Chateauduloir\",\"https:\\\/\\\/x.com\\\/contactfm72\",\"https:\\\/\\\/www.instagram.com\\\/contact.fm.72?igsh=cGhlMHQ5N2JlNnpp\",\"https:\\\/\\\/www.tiktok.com\\\/@contact.fm\"]},{\"@type\":\"Person\",\"@id\":\"https:\\\/\\\/contactfm72.fr\\\/#\\\/schema\\\/person\\\/d2ef09cdea7331b185acaddc4d14dda8\",\"name\":\"redaction2@contactfm72.fr\",\"image\":{\"@type\":\"ImageObject\",\"inLanguage\":\"fr-FR\",\"@id\":\"https:\\\/\\\/secure.gravatar.com\\\/avatar\\\/897f3d57289c1f4c62cade1c2606ba6ded18d5f1676845e668a9f21cb751c06b?s=96&d=mm&r=g\",\"url\":\"https:\\\/\\\/secure.gravatar.com\\\/avatar\\\/897f3d57289c1f4c62cade1c2606ba6ded18d5f1676845e668a9f21cb751c06b?s=96&d=mm&r=g\",\"contentUrl\":\"https:\\\/\\\/secure.gravatar.com\\\/avatar\\\/897f3d57289c1f4c62cade1c2606ba6ded18d5f1676845e668a9f21cb751c06b?s=96&d=mm&r=g\",\"caption\":\"redaction2@contactfm72.fr\"},\"url\":\"https:\\\/\\\/contactfm72.fr\\\/?author=5\"}]}<\/script>\n<!-- \/ Yoast SEO plugin. -->","yoast_head_json":{"title":"Le bio et l'humain au coeur du domaine \"Les Maisons Rouges\" de Ruill\u00e9-sur-Loir - Contact FM 99.3","robots":{"index":"index","follow":"follow","max-snippet":"max-snippet:-1","max-image-preview":"max-image-preview:large","max-video-preview":"max-video-preview:-1"},"canonical":"https:\/\/contactfm72.fr\/?p=20439","og_locale":"fr_FR","og_type":"article","og_title":"Le bio et l'humain au coeur du domaine \"Les Maisons Rouges\" de Ruill\u00e9-sur-Loir - Contact FM 99.3","og_description":"Dans le magazine mensuel &#8220;Paroles de vignerons&#8221; qui donne la parole aux viticulteurs du territoire, d\u00e9couvrez le domaine Les Maisons Rouges qui s\u2019\u00e9tend sur 9 hectares au c\u0153ur m\u00eame des exceptionnelles mais confidentielles Appellations contr\u00f4l\u00e9es Jasni\u00e8res et C\u00f4teaux du Loir. En culture bio et en biodynamie, Julien Peltier, gendre d&#8217;Elisabeth et Beno\u00eet Jardin, fondateurs du&hellip;","og_url":"https:\/\/contactfm72.fr\/?p=20439","og_site_name":"Contact FM 99.3","article_publisher":"https:\/\/www.facebook.com\/Contactfm.Chateauduloir","article_published_time":"2025-10-10T10:41:01+00:00","article_modified_time":"2025-10-10T10:59:05+00:00","og_image":[{"width":600,"height":600,"url":"http:\/\/contactfm72.fr\/wp-content\/uploads\/2025\/10\/julien-peltier-elisabeth-et-benoit-jardin-730316.jpg","type":"image\/jpeg"}],"author":"redaction2@contactfm72.fr","twitter_card":"summary_large_image","twitter_creator":"@contactfm72","twitter_site":"@contactfm72","twitter_misc":{"\u00c9crit par":"redaction2@contactfm72.fr","Dur\u00e9e de lecture estim\u00e9e":"1 minute"},"schema":{"@context":"https:\/\/schema.org","@graph":[{"@type":"Article","@id":"https:\/\/contactfm72.fr\/?p=20439#article","isPartOf":{"@id":"https:\/\/contactfm72.fr\/?p=20439"},"author":{"name":"redaction2@contactfm72.fr","@id":"https:\/\/contactfm72.fr\/#\/schema\/person\/d2ef09cdea7331b185acaddc4d14dda8"},"headline":"Le bio et l&#8217;humain au coeur du domaine &#8220;Les Maisons Rouges&#8221; de Ruill\u00e9-sur-Loir","datePublished":"2025-10-10T10:41:01+00:00","dateModified":"2025-10-10T10:59:05+00:00","mainEntityOfPage":{"@id":"https:\/\/contactfm72.fr\/?p=20439"},"wordCount":133,"publisher":{"@id":"https:\/\/contactfm72.fr\/#organization"},"image":{"@id":"https:\/\/contactfm72.fr\/?p=20439#primaryimage"},"thumbnailUrl":"https:\/\/contactfm72.fr\/wp-content\/uploads\/2025\/10\/julien-peltier-elisabeth-et-benoit-jardin-730316.jpg","articleSection":["Contact FM 72","Paroles de vignerons"],"inLanguage":"fr-FR"},{"@type":"WebPage","@id":"https:\/\/contactfm72.fr\/?p=20439","url":"https:\/\/contactfm72.fr\/?p=20439","name":"Le bio et l'humain au coeur du domaine \"Les Maisons Rouges\" de Ruill\u00e9-sur-Loir - Contact FM 99.3","isPartOf":{"@id":"https:\/\/contactfm72.fr\/#website"},"primaryImageOfPage":{"@id":"https:\/\/contactfm72.fr\/?p=20439#primaryimage"},"image":{"@id":"https:\/\/contactfm72.fr\/?p=20439#primaryimage"},"thumbnailUrl":"https:\/\/contactfm72.fr\/wp-content\/uploads\/2025\/10\/julien-peltier-elisabeth-et-benoit-jardin-730316.jpg","datePublished":"2025-10-10T10:41:01+00:00","dateModified":"2025-10-10T10:59:05+00:00","breadcrumb":{"@id":"https:\/\/contactfm72.fr\/?p=20439#breadcrumb"},"inLanguage":"fr-FR","potentialAction":[{"@type":"ReadAction","target":["https:\/\/contactfm72.fr\/?p=20439"]}]},{"@type":"ImageObject","inLanguage":"fr-FR","@id":"https:\/\/contactfm72.fr\/?p=20439#primaryimage","url":"https:\/\/contactfm72.fr\/wp-content\/uploads\/2025\/10\/julien-peltier-elisabeth-et-benoit-jardin-730316.jpg","contentUrl":"https:\/\/contactfm72.fr\/wp-content\/uploads\/2025\/10\/julien-peltier-elisabeth-et-benoit-jardin-730316.jpg","width":600,"height":600},{"@type":"BreadcrumbList","@id":"https:\/\/contactfm72.fr\/?p=20439#breadcrumb","itemListElement":[{"@type":"ListItem","position":1,"name":"Accueil","item":"https:\/\/contactfm72.fr\/"},{"@type":"ListItem","position":2,"name":"Le bio et l&#8217;humain au coeur du domaine &#8220;Les Maisons Rouges&#8221; de Ruill\u00e9-sur-Loir"}]},{"@type":"WebSite","@id":"https:\/\/contactfm72.fr\/#website","url":"https:\/\/contactfm72.fr\/","name":"Contact FM 99.3","description":"Votre radio en vall\u00e9e du Loir","publisher":{"@id":"https:\/\/contactfm72.fr\/#organization"},"potentialAction":[{"@type":"SearchAction","target":{"@type":"EntryPoint","urlTemplate":"https:\/\/contactfm72.fr\/?s={search_term_string}"},"query-input":{"@type":"PropertyValueSpecification","valueRequired":true,"valueName":"search_term_string"}}],"inLanguage":"fr-FR"},{"@type":"Organization","@id":"https:\/\/contactfm72.fr\/#organization","name":"Contact FM 99.3","url":"https:\/\/contactfm72.fr\/","logo":{"@type":"ImageObject","inLanguage":"fr-FR","@id":"https:\/\/contactfm72.fr\/#\/schema\/logo\/image\/","url":"https:\/\/contactfm72.fr\/wp-content\/uploads\/2025\/04\/2025-04-18-2.jpg","contentUrl":"https:\/\/contactfm72.fr\/wp-content\/uploads\/2025\/04\/2025-04-18-2.jpg","width":680,"height":307,"caption":"Contact FM 99.3"},"image":{"@id":"https:\/\/contactfm72.fr\/#\/schema\/logo\/image\/"},"sameAs":["https:\/\/www.facebook.com\/Contactfm.Chateauduloir","https:\/\/x.com\/contactfm72","https:\/\/www.instagram.com\/contact.fm.72?igsh=cGhlMHQ5N2JlNnpp","https:\/\/www.tiktok.com\/@contact.fm"]},{"@type":"Person","@id":"https:\/\/contactfm72.fr\/#\/schema\/person\/d2ef09cdea7331b185acaddc4d14dda8","name":"redaction2@contactfm72.fr","image":{"@type":"ImageObject","inLanguage":"fr-FR","@id":"https:\/\/secure.gravatar.com\/avatar\/897f3d57289c1f4c62cade1c2606ba6ded18d5f1676845e668a9f21cb751c06b?s=96&d=mm&r=g","url":"https:\/\/secure.gravatar.com\/avatar\/897f3d57289c1f4c62cade1c2606ba6ded18d5f1676845e668a9f21cb751c06b?s=96&d=mm&r=g","contentUrl":"https:\/\/secure.gravatar.com\/avatar\/897f3d57289c1f4c62cade1c2606ba6ded18d5f1676845e668a9f21cb751c06b?s=96&d=mm&r=g","caption":"redaction2@contactfm72.fr"},"url":"https:\/\/contactfm72.fr\/?author=5"}]}},"_links":{"self":[{"href":"https:\/\/contactfm72.fr\/index.php?rest_route=\/wp\/v2\/posts\/20439","targetHints":{"allow":["GET"]}}],"collection":[{"href":"https:\/\/contactfm72.fr\/index.php?rest_route=\/wp\/v2\/posts"}],"about":[{"href":"https:\/\/contactfm72.fr\/index.php?rest_route=\/wp\/v2\/types\/post"}],"author":[{"embeddable":true,"href":"https:\/\/contactfm72.fr\/index.php?rest_route=\/wp\/v2\/users\/5"}],"replies":[{"embeddable":true,"href":"https:\/\/contactfm72.fr\/index.php?rest_route=%2Fwp%2Fv2%2Fcomments&post=20439"}],"version-history":[{"count":3,"href":"https:\/\/contactfm72.fr\/index.php?rest_route=\/wp\/v2\/posts\/20439\/revisions"}],"predecessor-version":[{"id":20443,"href":"https:\/\/contactfm72.fr\/index.php?rest_route=\/wp\/v2\/posts\/20439\/revisions\/20443"}],"wp:featuredmedia":[{"embeddable":true,"href":"https:\/\/contactfm72.fr\/index.php?rest_route=\/wp\/v2\/media\/20440"}],"wp:attachment":[{"href":"https:\/\/contactfm72.fr\/index.php?rest_route=%2Fwp%2Fv2%2Fmedia&parent=20439"}],"wp:term":[{"taxonomy":"category","embeddable":true,"href":"https:\/\/contactfm72.fr\/index.php?rest_route=%2Fwp%2Fv2%2Fcategories&post=20439"},{"taxonomy":"post_tag","embeddable":true,"href":"https:\/\/contactfm72.fr\/index.php?rest_route=%2Fwp%2Fv2%2Ftags&post=20439"}],"curies":[{"name":"wp","href":"https:\/\/api.w.org\/{rel}","templated":true}]}}