{"id":20273,"date":"2025-09-24T15:21:27","date_gmt":"2025-09-24T13:21:27","guid":{"rendered":"https:\/\/contactfm72.fr\/?p=20273"},"modified":"2025-09-24T15:31:10","modified_gmt":"2025-09-24T13:31:10","slug":"helene-et-mick-vous-embarquent-a-new-york-dans-lemission-voyages-voyages","status":"publish","type":"post","link":"https:\/\/contactfm72.fr\/?p=20273","title":{"rendered":"Embarquement imm\u00e9diat \u00e0 New-York avec H\u00e9l\u00e8ne et Mick dans &#8220;Voyages, voyages&#8221;"},"content":{"rendered":"<p>&#8220;Voyages, voyages&#8221; fait partie des nouvelles \u00e9missions de cette rentr\u00e9e radiophonique. Comme son nom l&#8217;indique, elle va vous permettre de partir loin d&#8217;ici.<\/p>\n<p>H\u00e9l\u00e8ne Primaux et Mick Quillien travaillent dans une compagnie nationale a\u00e9rienne fran\u00e7aise. Ils ont eu l&#8217;id\u00e9e de proposer une \u00e9mission en lien avec leur passion des voyages.<\/p>\n<p>Chaque mois, nos animateurs b\u00e9n\u00e9voles vous emm\u00e8neront vers une destination o\u00f9 il vous guideront en terme de visites \u00e0 faire, plats \u00e0 d\u00e9guster, la culture, dur\u00e9es et prix du vol, les p\u00e9riodes pour y aller&#8230;<\/p>\n<p>Pour ce premier num\u00e9ro c&#8217;est la ville de New-York qui est \u00e0 l&#8217;honneur.<\/p>\n<p>&#8220;Voyages, voyages&#8221; c&#8217;est ce mercredi 24 septembre \u00e0 17h30 et mardi 30 \u00e0 12h30.<\/p>\n<p>&nbsp;<\/p>\n<div id=\"audioigniter-20238\" class=\"audioigniter-root \" data-player-type=\"full\" data-tracks-url=\"https:\/\/contactfm72.fr\/?audioigniter_playlist_id=20238\" data-display-track-no=\"true\" data-reverse-track-order=\"false\" data-display-tracklist-covers=\"true\" data-display-active-cover=\"true\" data-display-artist-names=\"true\" data-display-buy-buttons=\"true\" data-buy-buttons-target=\"true\" data-cycle-tracks=\"false\" data-display-credits=\"false\" data-display-tracklist=\"true\" data-allow-tracklist-toggle=\"true\" data-allow-tracklist-loop=\"true\" data-limit-tracklist-height=\"true\" data-volume=\"100\" data-tracklist-height=\"185\" data-allow-track-loop=\"false\" ><\/div>\n<!-- AddThis Advanced Settings generic via filter on the_content --><!-- AddThis Share Buttons generic via filter on the_content -->","protected":false},"excerpt":{"rendered":"<p>&#8220;Voyages, voyages&#8221; fait partie des nouvelles \u00e9missions de cette rentr\u00e9e radiophonique. Comme son nom l&#8217;indique, elle va vous permettre de partir loin d&#8217;ici. H\u00e9l\u00e8ne Primaux et Mick Quillien travaillent dans une compagnie nationale a\u00e9rienne fran\u00e7aise. Ils ont eu l&#8217;id\u00e9e de proposer une \u00e9mission en lien avec leur passion des voyages. Chaque mois, nos animateurs b\u00e9n\u00e9voles&hellip;<!-- AddThis Advanced Settings generic via filter on get_the_excerpt --><!-- AddThis Share Buttons generic via filter on get_the_excerpt --><\/p>\n","protected":false},"author":4,"featured_media":20274,"comment_status":"closed","ping_status":"open","sticky":false,"template":"","format":"standard","meta":{"footnotes":""},"categories":[1,96],"tags":[],"class_list":["post-20273","post","type-post","status-publish","format-standard","has-post-thumbnail","hentry","category-contact-fm-72","category-voyages","category-1","category-96","description-off"],"yoast_head":"<!-- This site is optimized with the Yoast SEO plugin v27.4 - https:\/\/yoast.com\/product\/yoast-seo-wordpress\/ -->\n<title>Embarquement imm\u00e9diat \u00e0 New-York avec H\u00e9l\u00e8ne et Mick dans &quot;Voyages, voyages&quot; - Contact FM 99.3<\/title>\n<meta name=\"robots\" content=\"index, follow, max-snippet:-1, max-image-preview:large, max-video-preview:-1\" \/>\n<link rel=\"canonical\" href=\"https:\/\/contactfm72.fr\/?p=20273\" \/>\n<meta property=\"og:locale\" content=\"fr_FR\" \/>\n<meta property=\"og:type\" content=\"article\" \/>\n<meta property=\"og:title\" content=\"Embarquement imm\u00e9diat \u00e0 New-York avec H\u00e9l\u00e8ne et Mick dans &quot;Voyages, voyages&quot; - Contact FM 99.3\" \/>\n<meta property=\"og:description\" content=\"&#8220;Voyages, voyages&#8221; fait partie des nouvelles \u00e9missions de cette rentr\u00e9e radiophonique. Comme son nom l&#8217;indique, elle va vous permettre de partir loin d&#8217;ici. H\u00e9l\u00e8ne Primaux et Mick Quillien travaillent dans une compagnie nationale a\u00e9rienne fran\u00e7aise. Ils ont eu l&#8217;id\u00e9e de proposer une \u00e9mission en lien avec leur passion des voyages. Chaque mois, nos animateurs b\u00e9n\u00e9voles&hellip;\" \/>\n<meta property=\"og:url\" content=\"https:\/\/contactfm72.fr\/?p=20273\" \/>\n<meta property=\"og:site_name\" content=\"Contact FM 99.3\" \/>\n<meta property=\"article:publisher\" content=\"https:\/\/www.facebook.com\/Contactfm.Chateauduloir\" \/>\n<meta property=\"article:published_time\" content=\"2025-09-24T13:21:27+00:00\" \/>\n<meta property=\"article:modified_time\" content=\"2025-09-24T13:31:10+00:00\" \/>\n<meta property=\"og:image\" content=\"http:\/\/contactfm72.fr\/wp-content\/uploads\/2025\/09\/IMG_0291-bis.jpg\" \/>\n\t<meta property=\"og:image:width\" content=\"2016\" \/>\n\t<meta property=\"og:image:height\" content=\"1512\" \/>\n\t<meta property=\"og:image:type\" content=\"image\/jpeg\" \/>\n<meta name=\"author\" content=\"Val\u00e9rie C.\" \/>\n<meta name=\"twitter:card\" content=\"summary_large_image\" \/>\n<meta name=\"twitter:creator\" content=\"@contactfm72\" \/>\n<meta name=\"twitter:site\" content=\"@contactfm72\" \/>\n<meta name=\"twitter:label1\" content=\"\u00c9crit par\" \/>\n\t<meta name=\"twitter:data1\" content=\"Val\u00e9rie C.\" \/>\n\t<meta name=\"twitter:label2\" content=\"Dur\u00e9e de lecture estim\u00e9e\" \/>\n\t<meta name=\"twitter:data2\" content=\"1 minute\" \/>\n<script type=\"application\/ld+json\" class=\"yoast-schema-graph\">{\"@context\":\"https:\\\/\\\/schema.org\",\"@graph\":[{\"@type\":\"Article\",\"@id\":\"https:\\\/\\\/contactfm72.fr\\\/?p=20273#article\",\"isPartOf\":{\"@id\":\"https:\\\/\\\/contactfm72.fr\\\/?p=20273\"},\"author\":{\"name\":\"Val\u00e9rie C.\",\"@id\":\"https:\\\/\\\/contactfm72.fr\\\/#\\\/schema\\\/person\\\/9fdc9d1c2eb029354a4f1535b90ba82d\"},\"headline\":\"Embarquement imm\u00e9diat \u00e0 New-York avec H\u00e9l\u00e8ne et Mick dans &#8220;Voyages, voyages&#8221;\",\"datePublished\":\"2025-09-24T13:21:27+00:00\",\"dateModified\":\"2025-09-24T13:31:10+00:00\",\"mainEntityOfPage\":{\"@id\":\"https:\\\/\\\/contactfm72.fr\\\/?p=20273\"},\"wordCount\":141,\"publisher\":{\"@id\":\"https:\\\/\\\/contactfm72.fr\\\/#organization\"},\"image\":{\"@id\":\"https:\\\/\\\/contactfm72.fr\\\/?p=20273#primaryimage\"},\"thumbnailUrl\":\"https:\\\/\\\/contactfm72.fr\\\/wp-content\\\/uploads\\\/2025\\\/09\\\/IMG_0291-bis.jpg\",\"articleSection\":[\"Contact FM 72\",\"Voyages\"],\"inLanguage\":\"fr-FR\"},{\"@type\":\"WebPage\",\"@id\":\"https:\\\/\\\/contactfm72.fr\\\/?p=20273\",\"url\":\"https:\\\/\\\/contactfm72.fr\\\/?p=20273\",\"name\":\"Embarquement imm\u00e9diat \u00e0 New-York avec H\u00e9l\u00e8ne et Mick dans \\\"Voyages, voyages\\\" - Contact FM 99.3\",\"isPartOf\":{\"@id\":\"https:\\\/\\\/contactfm72.fr\\\/#website\"},\"primaryImageOfPage\":{\"@id\":\"https:\\\/\\\/contactfm72.fr\\\/?p=20273#primaryimage\"},\"image\":{\"@id\":\"https:\\\/\\\/contactfm72.fr\\\/?p=20273#primaryimage\"},\"thumbnailUrl\":\"https:\\\/\\\/contactfm72.fr\\\/wp-content\\\/uploads\\\/2025\\\/09\\\/IMG_0291-bis.jpg\",\"datePublished\":\"2025-09-24T13:21:27+00:00\",\"dateModified\":\"2025-09-24T13:31:10+00:00\",\"breadcrumb\":{\"@id\":\"https:\\\/\\\/contactfm72.fr\\\/?p=20273#breadcrumb\"},\"inLanguage\":\"fr-FR\",\"potentialAction\":[{\"@type\":\"ReadAction\",\"target\":[\"https:\\\/\\\/contactfm72.fr\\\/?p=20273\"]}]},{\"@type\":\"ImageObject\",\"inLanguage\":\"fr-FR\",\"@id\":\"https:\\\/\\\/contactfm72.fr\\\/?p=20273#primaryimage\",\"url\":\"https:\\\/\\\/contactfm72.fr\\\/wp-content\\\/uploads\\\/2025\\\/09\\\/IMG_0291-bis.jpg\",\"contentUrl\":\"https:\\\/\\\/contactfm72.fr\\\/wp-content\\\/uploads\\\/2025\\\/09\\\/IMG_0291-bis.jpg\",\"width\":2016,\"height\":1512},{\"@type\":\"BreadcrumbList\",\"@id\":\"https:\\\/\\\/contactfm72.fr\\\/?p=20273#breadcrumb\",\"itemListElement\":[{\"@type\":\"ListItem\",\"position\":1,\"name\":\"Accueil\",\"item\":\"https:\\\/\\\/contactfm72.fr\\\/\"},{\"@type\":\"ListItem\",\"position\":2,\"name\":\"Embarquement imm\u00e9diat \u00e0 New-York avec H\u00e9l\u00e8ne et Mick dans &#8220;Voyages, voyages&#8221;\"}]},{\"@type\":\"WebSite\",\"@id\":\"https:\\\/\\\/contactfm72.fr\\\/#website\",\"url\":\"https:\\\/\\\/contactfm72.fr\\\/\",\"name\":\"Contact FM 99.3\",\"description\":\"Votre radio en vall\u00e9e du Loir\",\"publisher\":{\"@id\":\"https:\\\/\\\/contactfm72.fr\\\/#organization\"},\"potentialAction\":[{\"@type\":\"SearchAction\",\"target\":{\"@type\":\"EntryPoint\",\"urlTemplate\":\"https:\\\/\\\/contactfm72.fr\\\/?s={search_term_string}\"},\"query-input\":{\"@type\":\"PropertyValueSpecification\",\"valueRequired\":true,\"valueName\":\"search_term_string\"}}],\"inLanguage\":\"fr-FR\"},{\"@type\":\"Organization\",\"@id\":\"https:\\\/\\\/contactfm72.fr\\\/#organization\",\"name\":\"Contact FM 99.3\",\"url\":\"https:\\\/\\\/contactfm72.fr\\\/\",\"logo\":{\"@type\":\"ImageObject\",\"inLanguage\":\"fr-FR\",\"@id\":\"https:\\\/\\\/contactfm72.fr\\\/#\\\/schema\\\/logo\\\/image\\\/\",\"url\":\"https:\\\/\\\/contactfm72.fr\\\/wp-content\\\/uploads\\\/2025\\\/04\\\/2025-04-18-2.jpg\",\"contentUrl\":\"https:\\\/\\\/contactfm72.fr\\\/wp-content\\\/uploads\\\/2025\\\/04\\\/2025-04-18-2.jpg\",\"width\":680,\"height\":307,\"caption\":\"Contact FM 99.3\"},\"image\":{\"@id\":\"https:\\\/\\\/contactfm72.fr\\\/#\\\/schema\\\/logo\\\/image\\\/\"},\"sameAs\":[\"https:\\\/\\\/www.facebook.com\\\/Contactfm.Chateauduloir\",\"https:\\\/\\\/x.com\\\/contactfm72\",\"https:\\\/\\\/www.instagram.com\\\/contact.fm.72?igsh=cGhlMHQ5N2JlNnpp\",\"https:\\\/\\\/www.tiktok.com\\\/@contact.fm\"]},{\"@type\":\"Person\",\"@id\":\"https:\\\/\\\/contactfm72.fr\\\/#\\\/schema\\\/person\\\/9fdc9d1c2eb029354a4f1535b90ba82d\",\"name\":\"Val\u00e9rie C.\",\"image\":{\"@type\":\"ImageObject\",\"inLanguage\":\"fr-FR\",\"@id\":\"https:\\\/\\\/secure.gravatar.com\\\/avatar\\\/2f8aa28f8dfbd7d4420afd1fdcdd0a349923e2c8a38ab28198b0f9d0601e4737?s=96&d=mm&r=g\",\"url\":\"https:\\\/\\\/secure.gravatar.com\\\/avatar\\\/2f8aa28f8dfbd7d4420afd1fdcdd0a349923e2c8a38ab28198b0f9d0601e4737?s=96&d=mm&r=g\",\"contentUrl\":\"https:\\\/\\\/secure.gravatar.com\\\/avatar\\\/2f8aa28f8dfbd7d4420afd1fdcdd0a349923e2c8a38ab28198b0f9d0601e4737?s=96&d=mm&r=g\",\"caption\":\"Val\u00e9rie C.\"},\"url\":\"https:\\\/\\\/contactfm72.fr\\\/?author=4\"}]}<\/script>\n<!-- \/ Yoast SEO plugin. -->","yoast_head_json":{"title":"Embarquement imm\u00e9diat \u00e0 New-York avec H\u00e9l\u00e8ne et Mick dans \"Voyages, voyages\" - Contact FM 99.3","robots":{"index":"index","follow":"follow","max-snippet":"max-snippet:-1","max-image-preview":"max-image-preview:large","max-video-preview":"max-video-preview:-1"},"canonical":"https:\/\/contactfm72.fr\/?p=20273","og_locale":"fr_FR","og_type":"article","og_title":"Embarquement imm\u00e9diat \u00e0 New-York avec H\u00e9l\u00e8ne et Mick dans \"Voyages, voyages\" - Contact FM 99.3","og_description":"&#8220;Voyages, voyages&#8221; fait partie des nouvelles \u00e9missions de cette rentr\u00e9e radiophonique. Comme son nom l&#8217;indique, elle va vous permettre de partir loin d&#8217;ici. H\u00e9l\u00e8ne Primaux et Mick Quillien travaillent dans une compagnie nationale a\u00e9rienne fran\u00e7aise. Ils ont eu l&#8217;id\u00e9e de proposer une \u00e9mission en lien avec leur passion des voyages. Chaque mois, nos animateurs b\u00e9n\u00e9voles&hellip;","og_url":"https:\/\/contactfm72.fr\/?p=20273","og_site_name":"Contact FM 99.3","article_publisher":"https:\/\/www.facebook.com\/Contactfm.Chateauduloir","article_published_time":"2025-09-24T13:21:27+00:00","article_modified_time":"2025-09-24T13:31:10+00:00","og_image":[{"width":2016,"height":1512,"url":"http:\/\/contactfm72.fr\/wp-content\/uploads\/2025\/09\/IMG_0291-bis.jpg","type":"image\/jpeg"}],"author":"Val\u00e9rie C.","twitter_card":"summary_large_image","twitter_creator":"@contactfm72","twitter_site":"@contactfm72","twitter_misc":{"\u00c9crit par":"Val\u00e9rie C.","Dur\u00e9e de lecture estim\u00e9e":"1 minute"},"schema":{"@context":"https:\/\/schema.org","@graph":[{"@type":"Article","@id":"https:\/\/contactfm72.fr\/?p=20273#article","isPartOf":{"@id":"https:\/\/contactfm72.fr\/?p=20273"},"author":{"name":"Val\u00e9rie C.","@id":"https:\/\/contactfm72.fr\/#\/schema\/person\/9fdc9d1c2eb029354a4f1535b90ba82d"},"headline":"Embarquement imm\u00e9diat \u00e0 New-York avec H\u00e9l\u00e8ne et Mick dans &#8220;Voyages, voyages&#8221;","datePublished":"2025-09-24T13:21:27+00:00","dateModified":"2025-09-24T13:31:10+00:00","mainEntityOfPage":{"@id":"https:\/\/contactfm72.fr\/?p=20273"},"wordCount":141,"publisher":{"@id":"https:\/\/contactfm72.fr\/#organization"},"image":{"@id":"https:\/\/contactfm72.fr\/?p=20273#primaryimage"},"thumbnailUrl":"https:\/\/contactfm72.fr\/wp-content\/uploads\/2025\/09\/IMG_0291-bis.jpg","articleSection":["Contact FM 72","Voyages"],"inLanguage":"fr-FR"},{"@type":"WebPage","@id":"https:\/\/contactfm72.fr\/?p=20273","url":"https:\/\/contactfm72.fr\/?p=20273","name":"Embarquement imm\u00e9diat \u00e0 New-York avec H\u00e9l\u00e8ne et Mick dans \"Voyages, voyages\" - Contact FM 99.3","isPartOf":{"@id":"https:\/\/contactfm72.fr\/#website"},"primaryImageOfPage":{"@id":"https:\/\/contactfm72.fr\/?p=20273#primaryimage"},"image":{"@id":"https:\/\/contactfm72.fr\/?p=20273#primaryimage"},"thumbnailUrl":"https:\/\/contactfm72.fr\/wp-content\/uploads\/2025\/09\/IMG_0291-bis.jpg","datePublished":"2025-09-24T13:21:27+00:00","dateModified":"2025-09-24T13:31:10+00:00","breadcrumb":{"@id":"https:\/\/contactfm72.fr\/?p=20273#breadcrumb"},"inLanguage":"fr-FR","potentialAction":[{"@type":"ReadAction","target":["https:\/\/contactfm72.fr\/?p=20273"]}]},{"@type":"ImageObject","inLanguage":"fr-FR","@id":"https:\/\/contactfm72.fr\/?p=20273#primaryimage","url":"https:\/\/contactfm72.fr\/wp-content\/uploads\/2025\/09\/IMG_0291-bis.jpg","contentUrl":"https:\/\/contactfm72.fr\/wp-content\/uploads\/2025\/09\/IMG_0291-bis.jpg","width":2016,"height":1512},{"@type":"BreadcrumbList","@id":"https:\/\/contactfm72.fr\/?p=20273#breadcrumb","itemListElement":[{"@type":"ListItem","position":1,"name":"Accueil","item":"https:\/\/contactfm72.fr\/"},{"@type":"ListItem","position":2,"name":"Embarquement imm\u00e9diat \u00e0 New-York avec H\u00e9l\u00e8ne et Mick dans &#8220;Voyages, voyages&#8221;"}]},{"@type":"WebSite","@id":"https:\/\/contactfm72.fr\/#website","url":"https:\/\/contactfm72.fr\/","name":"Contact FM 99.3","description":"Votre radio en vall\u00e9e du Loir","publisher":{"@id":"https:\/\/contactfm72.fr\/#organization"},"potentialAction":[{"@type":"SearchAction","target":{"@type":"EntryPoint","urlTemplate":"https:\/\/contactfm72.fr\/?s={search_term_string}"},"query-input":{"@type":"PropertyValueSpecification","valueRequired":true,"valueName":"search_term_string"}}],"inLanguage":"fr-FR"},{"@type":"Organization","@id":"https:\/\/contactfm72.fr\/#organization","name":"Contact FM 99.3","url":"https:\/\/contactfm72.fr\/","logo":{"@type":"ImageObject","inLanguage":"fr-FR","@id":"https:\/\/contactfm72.fr\/#\/schema\/logo\/image\/","url":"https:\/\/contactfm72.fr\/wp-content\/uploads\/2025\/04\/2025-04-18-2.jpg","contentUrl":"https:\/\/contactfm72.fr\/wp-content\/uploads\/2025\/04\/2025-04-18-2.jpg","width":680,"height":307,"caption":"Contact FM 99.3"},"image":{"@id":"https:\/\/contactfm72.fr\/#\/schema\/logo\/image\/"},"sameAs":["https:\/\/www.facebook.com\/Contactfm.Chateauduloir","https:\/\/x.com\/contactfm72","https:\/\/www.instagram.com\/contact.fm.72?igsh=cGhlMHQ5N2JlNnpp","https:\/\/www.tiktok.com\/@contact.fm"]},{"@type":"Person","@id":"https:\/\/contactfm72.fr\/#\/schema\/person\/9fdc9d1c2eb029354a4f1535b90ba82d","name":"Val\u00e9rie C.","image":{"@type":"ImageObject","inLanguage":"fr-FR","@id":"https:\/\/secure.gravatar.com\/avatar\/2f8aa28f8dfbd7d4420afd1fdcdd0a349923e2c8a38ab28198b0f9d0601e4737?s=96&d=mm&r=g","url":"https:\/\/secure.gravatar.com\/avatar\/2f8aa28f8dfbd7d4420afd1fdcdd0a349923e2c8a38ab28198b0f9d0601e4737?s=96&d=mm&r=g","contentUrl":"https:\/\/secure.gravatar.com\/avatar\/2f8aa28f8dfbd7d4420afd1fdcdd0a349923e2c8a38ab28198b0f9d0601e4737?s=96&d=mm&r=g","caption":"Val\u00e9rie C."},"url":"https:\/\/contactfm72.fr\/?author=4"}]}},"_links":{"self":[{"href":"https:\/\/contactfm72.fr\/index.php?rest_route=\/wp\/v2\/posts\/20273","targetHints":{"allow":["GET"]}}],"collection":[{"href":"https:\/\/contactfm72.fr\/index.php?rest_route=\/wp\/v2\/posts"}],"about":[{"href":"https:\/\/contactfm72.fr\/index.php?rest_route=\/wp\/v2\/types\/post"}],"author":[{"embeddable":true,"href":"https:\/\/contactfm72.fr\/index.php?rest_route=\/wp\/v2\/users\/4"}],"replies":[{"embeddable":true,"href":"https:\/\/contactfm72.fr\/index.php?rest_route=%2Fwp%2Fv2%2Fcomments&post=20273"}],"version-history":[{"count":4,"href":"https:\/\/contactfm72.fr\/index.php?rest_route=\/wp\/v2\/posts\/20273\/revisions"}],"predecessor-version":[{"id":20278,"href":"https:\/\/contactfm72.fr\/index.php?rest_route=\/wp\/v2\/posts\/20273\/revisions\/20278"}],"wp:featuredmedia":[{"embeddable":true,"href":"https:\/\/contactfm72.fr\/index.php?rest_route=\/wp\/v2\/media\/20274"}],"wp:attachment":[{"href":"https:\/\/contactfm72.fr\/index.php?rest_route=%2Fwp%2Fv2%2Fmedia&parent=20273"}],"wp:term":[{"taxonomy":"category","embeddable":true,"href":"https:\/\/contactfm72.fr\/index.php?rest_route=%2Fwp%2Fv2%2Fcategories&post=20273"},{"taxonomy":"post_tag","embeddable":true,"href":"https:\/\/contactfm72.fr\/index.php?rest_route=%2Fwp%2Fv2%2Ftags&post=20273"}],"curies":[{"name":"wp","href":"https:\/\/api.w.org\/{rel}","templated":true}]}}