{"id":19975,"date":"2025-08-06T10:53:27","date_gmt":"2025-08-06T08:53:27","guid":{"rendered":"https:\/\/contactfm72.fr\/?p=19975"},"modified":"2025-08-06T11:36:08","modified_gmt":"2025-08-06T09:36:08","slug":"un-musee-unique-en-sarthe-a-decouvrir-cet-ete","status":"publish","type":"post","link":"https:\/\/contactfm72.fr\/?p=19975","title":{"rendered":"Un mus\u00e9e unique en Sarthe \u00e0 d\u00e9couvrir cet \u00e9t\u00e9"},"content":{"rendered":"<p>Mode vacances activ\u00e9 : direction un mus\u00e9e unique !<\/p>\n<p>Envie d\u2019un mus\u00e9e pas comme les autres ? Cap sur Malicorne-sur-Sarthe, o\u00f9 <a href=\"https:\/\/musee-faience.fr\/\">le mus\u00e9e de la fa\u00efence et de la c\u00e9ramique<\/a> vous ouvre ses portes pour une saison riche en d\u00e9couvertes ! Entre ateliers d\u2019initiation \u00e0 l\u2019argile, d\u00e9monstrations d\u2019artisans passionn\u00e9s et expositions \u00e9tonnantes tel que &#8220;Voyage autour de la Terre&#8221; &#8220;Animaux d&#8217; ici&#8221; ou encore &#8220;Voyage en for\u00eat, cr\u00e9ation en osier&#8221;, l\u2019\u00e9t\u00e9 s\u2019annonce haut en couleurs.<\/p>\n<p>Pour tout savoir sur les coulisses du mus\u00e9e et de la programmation 2025, Audrey Buton, m\u00e9diatrice culturelle du mus\u00e9e est l&#8217;invit\u00e9e de &#8220;Destination Vacances&#8221; le mercredi 6 ao\u00fbt \u00e0 12h30, 15h30, 18h30, le samedi 9 ao\u00fbt \u00e0 10h et le dimanche 10 ao\u00fbt \u00e0 13h.<\/p>\n<div id=\"audioigniter-527\" class=\"audioigniter-root \" data-player-type=\"full\" data-tracks-url=\"https:\/\/contactfm72.fr\/?audioigniter_playlist_id=527\" data-display-track-no=\"false\" data-reverse-track-order=\"false\" data-display-tracklist-covers=\"false\" data-display-active-cover=\"false\" data-display-artist-names=\"false\" data-display-buy-buttons=\"true\" data-buy-buttons-target=\"false\" data-cycle-tracks=\"false\" data-display-credits=\"false\" data-display-tracklist=\"true\" data-allow-tracklist-toggle=\"false\" data-allow-tracklist-loop=\"true\" data-limit-tracklist-height=\"true\" data-volume=\"100\" data-tracklist-height=\"185\" data-allow-track-loop=\"false\" ><\/div>\n<!-- AddThis Advanced Settings generic via filter on the_content --><!-- AddThis Share Buttons generic via filter on the_content -->","protected":false},"excerpt":{"rendered":"<p>Mode vacances activ\u00e9 : direction un mus\u00e9e unique ! Envie d\u2019un mus\u00e9e pas comme les autres ? Cap sur Malicorne-sur-Sarthe, o\u00f9 le mus\u00e9e de la fa\u00efence et de la c\u00e9ramique vous ouvre ses portes pour une saison riche en d\u00e9couvertes ! Entre ateliers d\u2019initiation \u00e0 l\u2019argile, d\u00e9monstrations d\u2019artisans passionn\u00e9s et expositions \u00e9tonnantes tel que &#8220;Voyage&hellip;<!-- AddThis Advanced Settings generic via filter on get_the_excerpt --><!-- AddThis Share Buttons generic via filter on get_the_excerpt --><\/p>\n","protected":false},"author":5,"featured_media":19976,"comment_status":"closed","ping_status":"open","sticky":false,"template":"","format":"standard","meta":{"footnotes":""},"categories":[1,79],"tags":[],"class_list":["post-19975","post","type-post","status-publish","format-standard","has-post-thumbnail","hentry","category-contact-fm-72","category-destination-vacances","category-1","category-79","description-off"],"yoast_head":"<!-- This site is optimized with the Yoast SEO plugin v27.4 - https:\/\/yoast.com\/product\/yoast-seo-wordpress\/ -->\n<title>Un mus\u00e9e unique en Sarthe \u00e0 d\u00e9couvrir cet \u00e9t\u00e9 - Contact FM 99.3<\/title>\n<meta name=\"description\" content=\"Plongez dans l\u2019univers du mus\u00e9e de la c\u00e9ramique de Malicorne avec Contact FM 72 : expos originales, ateliers d\u2019argile et savoir-faire local au rendez-vous !\" \/>\n<meta name=\"robots\" content=\"index, follow, max-snippet:-1, max-image-preview:large, max-video-preview:-1\" \/>\n<link rel=\"canonical\" href=\"https:\/\/contactfm72.fr\/?p=19975\" \/>\n<meta property=\"og:locale\" content=\"fr_FR\" \/>\n<meta property=\"og:type\" content=\"article\" \/>\n<meta property=\"og:title\" content=\"Un mus\u00e9e unique en Sarthe \u00e0 d\u00e9couvrir cet \u00e9t\u00e9 - Contact FM 99.3\" \/>\n<meta property=\"og:description\" content=\"Plongez dans l\u2019univers du mus\u00e9e de la c\u00e9ramique de Malicorne avec Contact FM 72 : expos originales, ateliers d\u2019argile et savoir-faire local au rendez-vous !\" \/>\n<meta property=\"og:url\" content=\"https:\/\/contactfm72.fr\/?p=19975\" \/>\n<meta property=\"og:site_name\" content=\"Contact FM 99.3\" \/>\n<meta property=\"article:publisher\" content=\"https:\/\/www.facebook.com\/Contactfm.Chateauduloir\" \/>\n<meta property=\"article:published_time\" content=\"2025-08-06T08:53:27+00:00\" \/>\n<meta property=\"article:modified_time\" content=\"2025-08-06T09:36:08+00:00\" \/>\n<meta property=\"og:image\" content=\"http:\/\/contactfm72.fr\/wp-content\/uploads\/2025\/08\/Visuel-Contact-FM-3.jpg\" \/>\n\t<meta property=\"og:image:width\" content=\"2016\" \/>\n\t<meta property=\"og:image:height\" content=\"1512\" \/>\n\t<meta property=\"og:image:type\" content=\"image\/jpeg\" \/>\n<meta name=\"author\" content=\"redaction2@contactfm72.fr\" \/>\n<meta name=\"twitter:card\" content=\"summary_large_image\" \/>\n<meta name=\"twitter:creator\" content=\"@contactfm72\" \/>\n<meta name=\"twitter:site\" content=\"@contactfm72\" \/>\n<meta name=\"twitter:label1\" content=\"\u00c9crit par\" \/>\n\t<meta name=\"twitter:data1\" content=\"redaction2@contactfm72.fr\" \/>\n\t<meta name=\"twitter:label2\" content=\"Dur\u00e9e de lecture estim\u00e9e\" \/>\n\t<meta name=\"twitter:data2\" content=\"1 minute\" \/>\n<script type=\"application\/ld+json\" class=\"yoast-schema-graph\">{\"@context\":\"https:\\\/\\\/schema.org\",\"@graph\":[{\"@type\":\"Article\",\"@id\":\"https:\\\/\\\/contactfm72.fr\\\/?p=19975#article\",\"isPartOf\":{\"@id\":\"https:\\\/\\\/contactfm72.fr\\\/?p=19975\"},\"author\":{\"name\":\"redaction2@contactfm72.fr\",\"@id\":\"https:\\\/\\\/contactfm72.fr\\\/#\\\/schema\\\/person\\\/d2ef09cdea7331b185acaddc4d14dda8\"},\"headline\":\"Un mus\u00e9e unique en Sarthe \u00e0 d\u00e9couvrir cet \u00e9t\u00e9\",\"datePublished\":\"2025-08-06T08:53:27+00:00\",\"dateModified\":\"2025-08-06T09:36:08+00:00\",\"mainEntityOfPage\":{\"@id\":\"https:\\\/\\\/contactfm72.fr\\\/?p=19975\"},\"wordCount\":145,\"publisher\":{\"@id\":\"https:\\\/\\\/contactfm72.fr\\\/#organization\"},\"image\":{\"@id\":\"https:\\\/\\\/contactfm72.fr\\\/?p=19975#primaryimage\"},\"thumbnailUrl\":\"https:\\\/\\\/contactfm72.fr\\\/wp-content\\\/uploads\\\/2025\\\/08\\\/Visuel-Contact-FM-3.jpg\",\"articleSection\":[\"Contact FM 72\",\"Destination vacances\"],\"inLanguage\":\"fr-FR\"},{\"@type\":\"WebPage\",\"@id\":\"https:\\\/\\\/contactfm72.fr\\\/?p=19975\",\"url\":\"https:\\\/\\\/contactfm72.fr\\\/?p=19975\",\"name\":\"Un mus\u00e9e unique en Sarthe \u00e0 d\u00e9couvrir cet \u00e9t\u00e9 - Contact FM 99.3\",\"isPartOf\":{\"@id\":\"https:\\\/\\\/contactfm72.fr\\\/#website\"},\"primaryImageOfPage\":{\"@id\":\"https:\\\/\\\/contactfm72.fr\\\/?p=19975#primaryimage\"},\"image\":{\"@id\":\"https:\\\/\\\/contactfm72.fr\\\/?p=19975#primaryimage\"},\"thumbnailUrl\":\"https:\\\/\\\/contactfm72.fr\\\/wp-content\\\/uploads\\\/2025\\\/08\\\/Visuel-Contact-FM-3.jpg\",\"datePublished\":\"2025-08-06T08:53:27+00:00\",\"dateModified\":\"2025-08-06T09:36:08+00:00\",\"description\":\"Plongez dans l\u2019univers du mus\u00e9e de la c\u00e9ramique de Malicorne avec Contact FM 72 : expos originales, ateliers d\u2019argile et savoir-faire local au rendez-vous !\",\"breadcrumb\":{\"@id\":\"https:\\\/\\\/contactfm72.fr\\\/?p=19975#breadcrumb\"},\"inLanguage\":\"fr-FR\",\"potentialAction\":[{\"@type\":\"ReadAction\",\"target\":[\"https:\\\/\\\/contactfm72.fr\\\/?p=19975\"]}]},{\"@type\":\"ImageObject\",\"inLanguage\":\"fr-FR\",\"@id\":\"https:\\\/\\\/contactfm72.fr\\\/?p=19975#primaryimage\",\"url\":\"https:\\\/\\\/contactfm72.fr\\\/wp-content\\\/uploads\\\/2025\\\/08\\\/Visuel-Contact-FM-3.jpg\",\"contentUrl\":\"https:\\\/\\\/contactfm72.fr\\\/wp-content\\\/uploads\\\/2025\\\/08\\\/Visuel-Contact-FM-3.jpg\",\"width\":2016,\"height\":1512},{\"@type\":\"BreadcrumbList\",\"@id\":\"https:\\\/\\\/contactfm72.fr\\\/?p=19975#breadcrumb\",\"itemListElement\":[{\"@type\":\"ListItem\",\"position\":1,\"name\":\"Accueil\",\"item\":\"https:\\\/\\\/contactfm72.fr\\\/\"},{\"@type\":\"ListItem\",\"position\":2,\"name\":\"Un mus\u00e9e unique en Sarthe \u00e0 d\u00e9couvrir cet \u00e9t\u00e9\"}]},{\"@type\":\"WebSite\",\"@id\":\"https:\\\/\\\/contactfm72.fr\\\/#website\",\"url\":\"https:\\\/\\\/contactfm72.fr\\\/\",\"name\":\"Contact FM 99.3\",\"description\":\"Votre radio en vall\u00e9e du Loir\",\"publisher\":{\"@id\":\"https:\\\/\\\/contactfm72.fr\\\/#organization\"},\"potentialAction\":[{\"@type\":\"SearchAction\",\"target\":{\"@type\":\"EntryPoint\",\"urlTemplate\":\"https:\\\/\\\/contactfm72.fr\\\/?s={search_term_string}\"},\"query-input\":{\"@type\":\"PropertyValueSpecification\",\"valueRequired\":true,\"valueName\":\"search_term_string\"}}],\"inLanguage\":\"fr-FR\"},{\"@type\":\"Organization\",\"@id\":\"https:\\\/\\\/contactfm72.fr\\\/#organization\",\"name\":\"Contact FM 99.3\",\"url\":\"https:\\\/\\\/contactfm72.fr\\\/\",\"logo\":{\"@type\":\"ImageObject\",\"inLanguage\":\"fr-FR\",\"@id\":\"https:\\\/\\\/contactfm72.fr\\\/#\\\/schema\\\/logo\\\/image\\\/\",\"url\":\"https:\\\/\\\/contactfm72.fr\\\/wp-content\\\/uploads\\\/2025\\\/04\\\/2025-04-18-2.jpg\",\"contentUrl\":\"https:\\\/\\\/contactfm72.fr\\\/wp-content\\\/uploads\\\/2025\\\/04\\\/2025-04-18-2.jpg\",\"width\":680,\"height\":307,\"caption\":\"Contact FM 99.3\"},\"image\":{\"@id\":\"https:\\\/\\\/contactfm72.fr\\\/#\\\/schema\\\/logo\\\/image\\\/\"},\"sameAs\":[\"https:\\\/\\\/www.facebook.com\\\/Contactfm.Chateauduloir\",\"https:\\\/\\\/x.com\\\/contactfm72\",\"https:\\\/\\\/www.instagram.com\\\/contact.fm.72?igsh=cGhlMHQ5N2JlNnpp\",\"https:\\\/\\\/www.tiktok.com\\\/@contact.fm\"]},{\"@type\":\"Person\",\"@id\":\"https:\\\/\\\/contactfm72.fr\\\/#\\\/schema\\\/person\\\/d2ef09cdea7331b185acaddc4d14dda8\",\"name\":\"redaction2@contactfm72.fr\",\"image\":{\"@type\":\"ImageObject\",\"inLanguage\":\"fr-FR\",\"@id\":\"https:\\\/\\\/secure.gravatar.com\\\/avatar\\\/897f3d57289c1f4c62cade1c2606ba6ded18d5f1676845e668a9f21cb751c06b?s=96&d=mm&r=g\",\"url\":\"https:\\\/\\\/secure.gravatar.com\\\/avatar\\\/897f3d57289c1f4c62cade1c2606ba6ded18d5f1676845e668a9f21cb751c06b?s=96&d=mm&r=g\",\"contentUrl\":\"https:\\\/\\\/secure.gravatar.com\\\/avatar\\\/897f3d57289c1f4c62cade1c2606ba6ded18d5f1676845e668a9f21cb751c06b?s=96&d=mm&r=g\",\"caption\":\"redaction2@contactfm72.fr\"},\"url\":\"https:\\\/\\\/contactfm72.fr\\\/?author=5\"}]}<\/script>\n<!-- \/ Yoast SEO plugin. -->","yoast_head_json":{"title":"Un mus\u00e9e unique en Sarthe \u00e0 d\u00e9couvrir cet \u00e9t\u00e9 - Contact FM 99.3","description":"Plongez dans l\u2019univers du mus\u00e9e de la c\u00e9ramique de Malicorne avec Contact FM 72 : expos originales, ateliers d\u2019argile et savoir-faire local au rendez-vous !","robots":{"index":"index","follow":"follow","max-snippet":"max-snippet:-1","max-image-preview":"max-image-preview:large","max-video-preview":"max-video-preview:-1"},"canonical":"https:\/\/contactfm72.fr\/?p=19975","og_locale":"fr_FR","og_type":"article","og_title":"Un mus\u00e9e unique en Sarthe \u00e0 d\u00e9couvrir cet \u00e9t\u00e9 - Contact FM 99.3","og_description":"Plongez dans l\u2019univers du mus\u00e9e de la c\u00e9ramique de Malicorne avec Contact FM 72 : expos originales, ateliers d\u2019argile et savoir-faire local au rendez-vous !","og_url":"https:\/\/contactfm72.fr\/?p=19975","og_site_name":"Contact FM 99.3","article_publisher":"https:\/\/www.facebook.com\/Contactfm.Chateauduloir","article_published_time":"2025-08-06T08:53:27+00:00","article_modified_time":"2025-08-06T09:36:08+00:00","og_image":[{"width":2016,"height":1512,"url":"http:\/\/contactfm72.fr\/wp-content\/uploads\/2025\/08\/Visuel-Contact-FM-3.jpg","type":"image\/jpeg"}],"author":"redaction2@contactfm72.fr","twitter_card":"summary_large_image","twitter_creator":"@contactfm72","twitter_site":"@contactfm72","twitter_misc":{"\u00c9crit par":"redaction2@contactfm72.fr","Dur\u00e9e de lecture estim\u00e9e":"1 minute"},"schema":{"@context":"https:\/\/schema.org","@graph":[{"@type":"Article","@id":"https:\/\/contactfm72.fr\/?p=19975#article","isPartOf":{"@id":"https:\/\/contactfm72.fr\/?p=19975"},"author":{"name":"redaction2@contactfm72.fr","@id":"https:\/\/contactfm72.fr\/#\/schema\/person\/d2ef09cdea7331b185acaddc4d14dda8"},"headline":"Un mus\u00e9e unique en Sarthe \u00e0 d\u00e9couvrir cet \u00e9t\u00e9","datePublished":"2025-08-06T08:53:27+00:00","dateModified":"2025-08-06T09:36:08+00:00","mainEntityOfPage":{"@id":"https:\/\/contactfm72.fr\/?p=19975"},"wordCount":145,"publisher":{"@id":"https:\/\/contactfm72.fr\/#organization"},"image":{"@id":"https:\/\/contactfm72.fr\/?p=19975#primaryimage"},"thumbnailUrl":"https:\/\/contactfm72.fr\/wp-content\/uploads\/2025\/08\/Visuel-Contact-FM-3.jpg","articleSection":["Contact FM 72","Destination vacances"],"inLanguage":"fr-FR"},{"@type":"WebPage","@id":"https:\/\/contactfm72.fr\/?p=19975","url":"https:\/\/contactfm72.fr\/?p=19975","name":"Un mus\u00e9e unique en Sarthe \u00e0 d\u00e9couvrir cet \u00e9t\u00e9 - Contact FM 99.3","isPartOf":{"@id":"https:\/\/contactfm72.fr\/#website"},"primaryImageOfPage":{"@id":"https:\/\/contactfm72.fr\/?p=19975#primaryimage"},"image":{"@id":"https:\/\/contactfm72.fr\/?p=19975#primaryimage"},"thumbnailUrl":"https:\/\/contactfm72.fr\/wp-content\/uploads\/2025\/08\/Visuel-Contact-FM-3.jpg","datePublished":"2025-08-06T08:53:27+00:00","dateModified":"2025-08-06T09:36:08+00:00","description":"Plongez dans l\u2019univers du mus\u00e9e de la c\u00e9ramique de Malicorne avec Contact FM 72 : expos originales, ateliers d\u2019argile et savoir-faire local au rendez-vous !","breadcrumb":{"@id":"https:\/\/contactfm72.fr\/?p=19975#breadcrumb"},"inLanguage":"fr-FR","potentialAction":[{"@type":"ReadAction","target":["https:\/\/contactfm72.fr\/?p=19975"]}]},{"@type":"ImageObject","inLanguage":"fr-FR","@id":"https:\/\/contactfm72.fr\/?p=19975#primaryimage","url":"https:\/\/contactfm72.fr\/wp-content\/uploads\/2025\/08\/Visuel-Contact-FM-3.jpg","contentUrl":"https:\/\/contactfm72.fr\/wp-content\/uploads\/2025\/08\/Visuel-Contact-FM-3.jpg","width":2016,"height":1512},{"@type":"BreadcrumbList","@id":"https:\/\/contactfm72.fr\/?p=19975#breadcrumb","itemListElement":[{"@type":"ListItem","position":1,"name":"Accueil","item":"https:\/\/contactfm72.fr\/"},{"@type":"ListItem","position":2,"name":"Un mus\u00e9e unique en Sarthe \u00e0 d\u00e9couvrir cet \u00e9t\u00e9"}]},{"@type":"WebSite","@id":"https:\/\/contactfm72.fr\/#website","url":"https:\/\/contactfm72.fr\/","name":"Contact FM 99.3","description":"Votre radio en vall\u00e9e du Loir","publisher":{"@id":"https:\/\/contactfm72.fr\/#organization"},"potentialAction":[{"@type":"SearchAction","target":{"@type":"EntryPoint","urlTemplate":"https:\/\/contactfm72.fr\/?s={search_term_string}"},"query-input":{"@type":"PropertyValueSpecification","valueRequired":true,"valueName":"search_term_string"}}],"inLanguage":"fr-FR"},{"@type":"Organization","@id":"https:\/\/contactfm72.fr\/#organization","name":"Contact FM 99.3","url":"https:\/\/contactfm72.fr\/","logo":{"@type":"ImageObject","inLanguage":"fr-FR","@id":"https:\/\/contactfm72.fr\/#\/schema\/logo\/image\/","url":"https:\/\/contactfm72.fr\/wp-content\/uploads\/2025\/04\/2025-04-18-2.jpg","contentUrl":"https:\/\/contactfm72.fr\/wp-content\/uploads\/2025\/04\/2025-04-18-2.jpg","width":680,"height":307,"caption":"Contact FM 99.3"},"image":{"@id":"https:\/\/contactfm72.fr\/#\/schema\/logo\/image\/"},"sameAs":["https:\/\/www.facebook.com\/Contactfm.Chateauduloir","https:\/\/x.com\/contactfm72","https:\/\/www.instagram.com\/contact.fm.72?igsh=cGhlMHQ5N2JlNnpp","https:\/\/www.tiktok.com\/@contact.fm"]},{"@type":"Person","@id":"https:\/\/contactfm72.fr\/#\/schema\/person\/d2ef09cdea7331b185acaddc4d14dda8","name":"redaction2@contactfm72.fr","image":{"@type":"ImageObject","inLanguage":"fr-FR","@id":"https:\/\/secure.gravatar.com\/avatar\/897f3d57289c1f4c62cade1c2606ba6ded18d5f1676845e668a9f21cb751c06b?s=96&d=mm&r=g","url":"https:\/\/secure.gravatar.com\/avatar\/897f3d57289c1f4c62cade1c2606ba6ded18d5f1676845e668a9f21cb751c06b?s=96&d=mm&r=g","contentUrl":"https:\/\/secure.gravatar.com\/avatar\/897f3d57289c1f4c62cade1c2606ba6ded18d5f1676845e668a9f21cb751c06b?s=96&d=mm&r=g","caption":"redaction2@contactfm72.fr"},"url":"https:\/\/contactfm72.fr\/?author=5"}]}},"_links":{"self":[{"href":"https:\/\/contactfm72.fr\/index.php?rest_route=\/wp\/v2\/posts\/19975","targetHints":{"allow":["GET"]}}],"collection":[{"href":"https:\/\/contactfm72.fr\/index.php?rest_route=\/wp\/v2\/posts"}],"about":[{"href":"https:\/\/contactfm72.fr\/index.php?rest_route=\/wp\/v2\/types\/post"}],"author":[{"embeddable":true,"href":"https:\/\/contactfm72.fr\/index.php?rest_route=\/wp\/v2\/users\/5"}],"replies":[{"embeddable":true,"href":"https:\/\/contactfm72.fr\/index.php?rest_route=%2Fwp%2Fv2%2Fcomments&post=19975"}],"version-history":[{"count":2,"href":"https:\/\/contactfm72.fr\/index.php?rest_route=\/wp\/v2\/posts\/19975\/revisions"}],"predecessor-version":[{"id":19979,"href":"https:\/\/contactfm72.fr\/index.php?rest_route=\/wp\/v2\/posts\/19975\/revisions\/19979"}],"wp:featuredmedia":[{"embeddable":true,"href":"https:\/\/contactfm72.fr\/index.php?rest_route=\/wp\/v2\/media\/19976"}],"wp:attachment":[{"href":"https:\/\/contactfm72.fr\/index.php?rest_route=%2Fwp%2Fv2%2Fmedia&parent=19975"}],"wp:term":[{"taxonomy":"category","embeddable":true,"href":"https:\/\/contactfm72.fr\/index.php?rest_route=%2Fwp%2Fv2%2Fcategories&post=19975"},{"taxonomy":"post_tag","embeddable":true,"href":"https:\/\/contactfm72.fr\/index.php?rest_route=%2Fwp%2Fv2%2Ftags&post=19975"}],"curies":[{"name":"wp","href":"https:\/\/api.w.org\/{rel}","templated":true}]}}