{"id":19933,"date":"2025-07-30T11:02:41","date_gmt":"2025-07-30T09:02:41","guid":{"rendered":"https:\/\/contactfm72.fr\/?p=19933"},"modified":"2025-07-30T12:00:50","modified_gmt":"2025-07-30T10:00:50","slug":"walk-in-photo-jena-lagoarde","status":"publish","type":"post","link":"https:\/\/contactfm72.fr\/?p=19933","title":{"rendered":"Walk-In : la photo accessible pour tout le monde"},"content":{"rendered":"<p>Et si un simple passage au studio devenait une \u0153uvre d\u2019art ?<\/p>\n<p data-start=\"44\" data-end=\"386\">2025, c&#8217;est l&#8217;ann\u00e9e de la concr\u00e9tisation pour Jena Lagoarde, photographe mancelle. Laur\u00e9ate du prestigieux prix \u00ab Portraitiste de France \u00bb d\u00e9cern\u00e9 par la FFPMI, elle fait partie des talents nationaux mis \u00e0 l\u2019honneur . <span class=\"relative -mx-px my-[-0.2rem] rounded px-px py-[0.2rem] transition-colors duration-100 ease-in-out\">Cerise sur le g\u00e2teau, elle a \u00e9galement d\u00e9croch\u00e9 un titre europ\u00e9en via la F\u00e9d\u00e9ration Europ\u00e9enne de Photographie un niveau de reconnaissance atteint par tr\u00e8s peu de Fran\u00e7ais, seulement deux cette ann\u00e9e.<\/span><\/p>\n<p data-start=\"388\" data-end=\"652\">Cet \u00e9t\u00e9, elle innove au Mans en lan\u00e7ant des sessions \u00ab Walk\u2011In \u00bb : le but est simple et le mot d&#8217;ordre est l&#8217;improvisation, vous arrivez sans rendez-vous entre amis, en solo ou en famille, et une s\u00e9ance sera fait \u00e0 l\u2019argentique. Ces moments sont pr\u00e9vus du mercredi 27 au samedi 30 ao\u00fbt 2025. L&#8217;initiatrice de ce concept, Jena Lagoarde est l&#8217;invit\u00e9e de &#8220;Destination Vacances&#8221; le mercredi 30 juillet \u00e0 12h30, 15h30, 18h30, le samedi 2 ao\u00fbt \u00e0 10h et le dimanche 3 ao\u00fbt \u00e0 13h.<\/p>\n<p>Pour suivre Jena Lagoarde et Extra Studio :<\/p>\n<p>\ud83d\udc49 <a href=\"https:\/\/extrastudio.fr\/\">Le site Internet<\/a><\/p>\n<p>\ud83d\udc49 <a href=\"https:\/\/www.linkedin.com\/in\/weareallphotogenic\/\">La page Linkedin<\/a><\/p>\n<p>\ud83d\udc49 <a href=\"https:\/\/www.instagram.com\/jenaxextrastudio\/\">Le compte Instagram<\/a><\/p>\n<p>\ud83d\udc49 <a href=\"https:\/\/www.facebook.com\/simonlagoarde.waapphotographie\">La page Facebook<\/a><\/p>\n<div id=\"audioigniter-527\" class=\"audioigniter-root \" data-player-type=\"full\" data-tracks-url=\"https:\/\/contactfm72.fr\/?audioigniter_playlist_id=527\" data-display-track-no=\"false\" data-reverse-track-order=\"false\" data-display-tracklist-covers=\"false\" data-display-active-cover=\"false\" data-display-artist-names=\"false\" data-display-buy-buttons=\"true\" data-buy-buttons-target=\"false\" data-cycle-tracks=\"false\" data-display-credits=\"false\" data-display-tracklist=\"true\" data-allow-tracklist-toggle=\"false\" data-allow-tracklist-loop=\"true\" data-limit-tracklist-height=\"true\" data-volume=\"100\" data-tracklist-height=\"185\" data-allow-track-loop=\"false\" ><\/div>\n<p>&nbsp;<\/p>\n<!-- AddThis Advanced Settings generic via filter on the_content --><!-- AddThis Share Buttons generic via filter on the_content -->","protected":false},"excerpt":{"rendered":"<p>Et si un simple passage au studio devenait une \u0153uvre d\u2019art ? 2025, c&#8217;est l&#8217;ann\u00e9e de la concr\u00e9tisation pour Jena Lagoarde, photographe mancelle. Laur\u00e9ate du prestigieux prix \u00ab Portraitiste de France \u00bb d\u00e9cern\u00e9 par la FFPMI, elle fait partie des talents nationaux mis \u00e0 l\u2019honneur . Cerise sur le g\u00e2teau, elle a \u00e9galement d\u00e9croch\u00e9 un&hellip;<!-- AddThis Advanced Settings generic via filter on get_the_excerpt --><!-- AddThis Share Buttons generic via filter on get_the_excerpt --><\/p>\n","protected":false},"author":5,"featured_media":19934,"comment_status":"closed","ping_status":"open","sticky":false,"template":"","format":"standard","meta":{"footnotes":""},"categories":[1,79],"tags":[],"class_list":["post-19933","post","type-post","status-publish","format-standard","has-post-thumbnail","hentry","category-contact-fm-72","category-destination-vacances","category-1","category-79","description-off"],"yoast_head":"<!-- This site is optimized with the Yoast SEO plugin v27.4 - https:\/\/yoast.com\/product\/yoast-seo-wordpress\/ -->\n<title>Walk-In : la photo accessible pour tout le monde - Contact FM 99.3<\/title>\n<meta name=\"description\" content=\"D\u00e9couvrez les sessions photo \u00ab Walk-In \u00bb de la photographe mancelle prim\u00e9e Jena Lagoarde : sans rendez-vous, en solo, entre amis ou en famille, avec option argentique. Du 27 au 30 ao\u00fbt au Mans. Extra studio\" \/>\n<meta name=\"robots\" content=\"index, follow, max-snippet:-1, max-image-preview:large, max-video-preview:-1\" \/>\n<link rel=\"canonical\" href=\"https:\/\/contactfm72.fr\/?p=19933\" \/>\n<meta property=\"og:locale\" content=\"fr_FR\" \/>\n<meta property=\"og:type\" content=\"article\" \/>\n<meta property=\"og:title\" content=\"Walk-In : la photo accessible pour tout le monde - Contact FM 99.3\" \/>\n<meta property=\"og:description\" content=\"D\u00e9couvrez les sessions photo \u00ab Walk-In \u00bb de la photographe mancelle prim\u00e9e Jena Lagoarde : sans rendez-vous, en solo, entre amis ou en famille, avec option argentique. Du 27 au 30 ao\u00fbt au Mans. Extra studio\" \/>\n<meta property=\"og:url\" content=\"https:\/\/contactfm72.fr\/?p=19933\" \/>\n<meta property=\"og:site_name\" content=\"Contact FM 99.3\" \/>\n<meta property=\"article:publisher\" content=\"https:\/\/www.facebook.com\/Contactfm.Chateauduloir\" \/>\n<meta property=\"article:published_time\" content=\"2025-07-30T09:02:41+00:00\" \/>\n<meta property=\"article:modified_time\" content=\"2025-07-30T10:00:50+00:00\" \/>\n<meta property=\"og:image\" content=\"http:\/\/contactfm72.fr\/wp-content\/uploads\/2025\/07\/Visuel-Contact-FM-3-1.jpg\" \/>\n\t<meta property=\"og:image:width\" content=\"2016\" \/>\n\t<meta property=\"og:image:height\" content=\"1512\" \/>\n\t<meta property=\"og:image:type\" content=\"image\/jpeg\" \/>\n<meta name=\"author\" content=\"redaction2@contactfm72.fr\" \/>\n<meta name=\"twitter:card\" content=\"summary_large_image\" \/>\n<meta name=\"twitter:creator\" content=\"@contactfm72\" \/>\n<meta name=\"twitter:site\" content=\"@contactfm72\" \/>\n<meta name=\"twitter:label1\" content=\"\u00c9crit par\" \/>\n\t<meta name=\"twitter:data1\" content=\"redaction2@contactfm72.fr\" \/>\n\t<meta name=\"twitter:label2\" content=\"Dur\u00e9e de lecture estim\u00e9e\" \/>\n\t<meta name=\"twitter:data2\" content=\"2 minutes\" \/>\n<script type=\"application\/ld+json\" class=\"yoast-schema-graph\">{\"@context\":\"https:\\\/\\\/schema.org\",\"@graph\":[{\"@type\":\"Article\",\"@id\":\"https:\\\/\\\/contactfm72.fr\\\/?p=19933#article\",\"isPartOf\":{\"@id\":\"https:\\\/\\\/contactfm72.fr\\\/?p=19933\"},\"author\":{\"name\":\"redaction2@contactfm72.fr\",\"@id\":\"https:\\\/\\\/contactfm72.fr\\\/#\\\/schema\\\/person\\\/d2ef09cdea7331b185acaddc4d14dda8\"},\"headline\":\"Walk-In : la photo accessible pour tout le monde\",\"datePublished\":\"2025-07-30T09:02:41+00:00\",\"dateModified\":\"2025-07-30T10:00:50+00:00\",\"mainEntityOfPage\":{\"@id\":\"https:\\\/\\\/contactfm72.fr\\\/?p=19933\"},\"wordCount\":205,\"publisher\":{\"@id\":\"https:\\\/\\\/contactfm72.fr\\\/#organization\"},\"image\":{\"@id\":\"https:\\\/\\\/contactfm72.fr\\\/?p=19933#primaryimage\"},\"thumbnailUrl\":\"https:\\\/\\\/contactfm72.fr\\\/wp-content\\\/uploads\\\/2025\\\/07\\\/Visuel-Contact-FM-3-1.jpg\",\"articleSection\":[\"Contact FM 72\",\"Destination vacances\"],\"inLanguage\":\"fr-FR\"},{\"@type\":\"WebPage\",\"@id\":\"https:\\\/\\\/contactfm72.fr\\\/?p=19933\",\"url\":\"https:\\\/\\\/contactfm72.fr\\\/?p=19933\",\"name\":\"Walk-In : la photo accessible pour tout le monde - Contact FM 99.3\",\"isPartOf\":{\"@id\":\"https:\\\/\\\/contactfm72.fr\\\/#website\"},\"primaryImageOfPage\":{\"@id\":\"https:\\\/\\\/contactfm72.fr\\\/?p=19933#primaryimage\"},\"image\":{\"@id\":\"https:\\\/\\\/contactfm72.fr\\\/?p=19933#primaryimage\"},\"thumbnailUrl\":\"https:\\\/\\\/contactfm72.fr\\\/wp-content\\\/uploads\\\/2025\\\/07\\\/Visuel-Contact-FM-3-1.jpg\",\"datePublished\":\"2025-07-30T09:02:41+00:00\",\"dateModified\":\"2025-07-30T10:00:50+00:00\",\"description\":\"D\u00e9couvrez les sessions photo \u00ab Walk-In \u00bb de la photographe mancelle prim\u00e9e Jena Lagoarde : sans rendez-vous, en solo, entre amis ou en famille, avec option argentique. Du 27 au 30 ao\u00fbt au Mans. Extra studio\",\"breadcrumb\":{\"@id\":\"https:\\\/\\\/contactfm72.fr\\\/?p=19933#breadcrumb\"},\"inLanguage\":\"fr-FR\",\"potentialAction\":[{\"@type\":\"ReadAction\",\"target\":[\"https:\\\/\\\/contactfm72.fr\\\/?p=19933\"]}]},{\"@type\":\"ImageObject\",\"inLanguage\":\"fr-FR\",\"@id\":\"https:\\\/\\\/contactfm72.fr\\\/?p=19933#primaryimage\",\"url\":\"https:\\\/\\\/contactfm72.fr\\\/wp-content\\\/uploads\\\/2025\\\/07\\\/Visuel-Contact-FM-3-1.jpg\",\"contentUrl\":\"https:\\\/\\\/contactfm72.fr\\\/wp-content\\\/uploads\\\/2025\\\/07\\\/Visuel-Contact-FM-3-1.jpg\",\"width\":2016,\"height\":1512},{\"@type\":\"BreadcrumbList\",\"@id\":\"https:\\\/\\\/contactfm72.fr\\\/?p=19933#breadcrumb\",\"itemListElement\":[{\"@type\":\"ListItem\",\"position\":1,\"name\":\"Accueil\",\"item\":\"https:\\\/\\\/contactfm72.fr\\\/\"},{\"@type\":\"ListItem\",\"position\":2,\"name\":\"Walk-In : la photo accessible pour tout le monde\"}]},{\"@type\":\"WebSite\",\"@id\":\"https:\\\/\\\/contactfm72.fr\\\/#website\",\"url\":\"https:\\\/\\\/contactfm72.fr\\\/\",\"name\":\"Contact FM 99.3\",\"description\":\"Votre radio en vall\u00e9e du Loir\",\"publisher\":{\"@id\":\"https:\\\/\\\/contactfm72.fr\\\/#organization\"},\"potentialAction\":[{\"@type\":\"SearchAction\",\"target\":{\"@type\":\"EntryPoint\",\"urlTemplate\":\"https:\\\/\\\/contactfm72.fr\\\/?s={search_term_string}\"},\"query-input\":{\"@type\":\"PropertyValueSpecification\",\"valueRequired\":true,\"valueName\":\"search_term_string\"}}],\"inLanguage\":\"fr-FR\"},{\"@type\":\"Organization\",\"@id\":\"https:\\\/\\\/contactfm72.fr\\\/#organization\",\"name\":\"Contact FM 99.3\",\"url\":\"https:\\\/\\\/contactfm72.fr\\\/\",\"logo\":{\"@type\":\"ImageObject\",\"inLanguage\":\"fr-FR\",\"@id\":\"https:\\\/\\\/contactfm72.fr\\\/#\\\/schema\\\/logo\\\/image\\\/\",\"url\":\"https:\\\/\\\/contactfm72.fr\\\/wp-content\\\/uploads\\\/2025\\\/04\\\/2025-04-18-2.jpg\",\"contentUrl\":\"https:\\\/\\\/contactfm72.fr\\\/wp-content\\\/uploads\\\/2025\\\/04\\\/2025-04-18-2.jpg\",\"width\":680,\"height\":307,\"caption\":\"Contact FM 99.3\"},\"image\":{\"@id\":\"https:\\\/\\\/contactfm72.fr\\\/#\\\/schema\\\/logo\\\/image\\\/\"},\"sameAs\":[\"https:\\\/\\\/www.facebook.com\\\/Contactfm.Chateauduloir\",\"https:\\\/\\\/x.com\\\/contactfm72\",\"https:\\\/\\\/www.instagram.com\\\/contact.fm.72?igsh=cGhlMHQ5N2JlNnpp\",\"https:\\\/\\\/www.tiktok.com\\\/@contact.fm\"]},{\"@type\":\"Person\",\"@id\":\"https:\\\/\\\/contactfm72.fr\\\/#\\\/schema\\\/person\\\/d2ef09cdea7331b185acaddc4d14dda8\",\"name\":\"redaction2@contactfm72.fr\",\"image\":{\"@type\":\"ImageObject\",\"inLanguage\":\"fr-FR\",\"@id\":\"https:\\\/\\\/secure.gravatar.com\\\/avatar\\\/897f3d57289c1f4c62cade1c2606ba6ded18d5f1676845e668a9f21cb751c06b?s=96&d=mm&r=g\",\"url\":\"https:\\\/\\\/secure.gravatar.com\\\/avatar\\\/897f3d57289c1f4c62cade1c2606ba6ded18d5f1676845e668a9f21cb751c06b?s=96&d=mm&r=g\",\"contentUrl\":\"https:\\\/\\\/secure.gravatar.com\\\/avatar\\\/897f3d57289c1f4c62cade1c2606ba6ded18d5f1676845e668a9f21cb751c06b?s=96&d=mm&r=g\",\"caption\":\"redaction2@contactfm72.fr\"},\"url\":\"https:\\\/\\\/contactfm72.fr\\\/?author=5\"}]}<\/script>\n<!-- \/ Yoast SEO plugin. -->","yoast_head_json":{"title":"Walk-In : la photo accessible pour tout le monde - Contact FM 99.3","description":"D\u00e9couvrez les sessions photo \u00ab Walk-In \u00bb de la photographe mancelle prim\u00e9e Jena Lagoarde : sans rendez-vous, en solo, entre amis ou en famille, avec option argentique. Du 27 au 30 ao\u00fbt au Mans. Extra studio","robots":{"index":"index","follow":"follow","max-snippet":"max-snippet:-1","max-image-preview":"max-image-preview:large","max-video-preview":"max-video-preview:-1"},"canonical":"https:\/\/contactfm72.fr\/?p=19933","og_locale":"fr_FR","og_type":"article","og_title":"Walk-In : la photo accessible pour tout le monde - Contact FM 99.3","og_description":"D\u00e9couvrez les sessions photo \u00ab Walk-In \u00bb de la photographe mancelle prim\u00e9e Jena Lagoarde : sans rendez-vous, en solo, entre amis ou en famille, avec option argentique. Du 27 au 30 ao\u00fbt au Mans. Extra studio","og_url":"https:\/\/contactfm72.fr\/?p=19933","og_site_name":"Contact FM 99.3","article_publisher":"https:\/\/www.facebook.com\/Contactfm.Chateauduloir","article_published_time":"2025-07-30T09:02:41+00:00","article_modified_time":"2025-07-30T10:00:50+00:00","og_image":[{"width":2016,"height":1512,"url":"http:\/\/contactfm72.fr\/wp-content\/uploads\/2025\/07\/Visuel-Contact-FM-3-1.jpg","type":"image\/jpeg"}],"author":"redaction2@contactfm72.fr","twitter_card":"summary_large_image","twitter_creator":"@contactfm72","twitter_site":"@contactfm72","twitter_misc":{"\u00c9crit par":"redaction2@contactfm72.fr","Dur\u00e9e de lecture estim\u00e9e":"2 minutes"},"schema":{"@context":"https:\/\/schema.org","@graph":[{"@type":"Article","@id":"https:\/\/contactfm72.fr\/?p=19933#article","isPartOf":{"@id":"https:\/\/contactfm72.fr\/?p=19933"},"author":{"name":"redaction2@contactfm72.fr","@id":"https:\/\/contactfm72.fr\/#\/schema\/person\/d2ef09cdea7331b185acaddc4d14dda8"},"headline":"Walk-In : la photo accessible pour tout le monde","datePublished":"2025-07-30T09:02:41+00:00","dateModified":"2025-07-30T10:00:50+00:00","mainEntityOfPage":{"@id":"https:\/\/contactfm72.fr\/?p=19933"},"wordCount":205,"publisher":{"@id":"https:\/\/contactfm72.fr\/#organization"},"image":{"@id":"https:\/\/contactfm72.fr\/?p=19933#primaryimage"},"thumbnailUrl":"https:\/\/contactfm72.fr\/wp-content\/uploads\/2025\/07\/Visuel-Contact-FM-3-1.jpg","articleSection":["Contact FM 72","Destination vacances"],"inLanguage":"fr-FR"},{"@type":"WebPage","@id":"https:\/\/contactfm72.fr\/?p=19933","url":"https:\/\/contactfm72.fr\/?p=19933","name":"Walk-In : la photo accessible pour tout le monde - Contact FM 99.3","isPartOf":{"@id":"https:\/\/contactfm72.fr\/#website"},"primaryImageOfPage":{"@id":"https:\/\/contactfm72.fr\/?p=19933#primaryimage"},"image":{"@id":"https:\/\/contactfm72.fr\/?p=19933#primaryimage"},"thumbnailUrl":"https:\/\/contactfm72.fr\/wp-content\/uploads\/2025\/07\/Visuel-Contact-FM-3-1.jpg","datePublished":"2025-07-30T09:02:41+00:00","dateModified":"2025-07-30T10:00:50+00:00","description":"D\u00e9couvrez les sessions photo \u00ab Walk-In \u00bb de la photographe mancelle prim\u00e9e Jena Lagoarde : sans rendez-vous, en solo, entre amis ou en famille, avec option argentique. Du 27 au 30 ao\u00fbt au Mans. Extra studio","breadcrumb":{"@id":"https:\/\/contactfm72.fr\/?p=19933#breadcrumb"},"inLanguage":"fr-FR","potentialAction":[{"@type":"ReadAction","target":["https:\/\/contactfm72.fr\/?p=19933"]}]},{"@type":"ImageObject","inLanguage":"fr-FR","@id":"https:\/\/contactfm72.fr\/?p=19933#primaryimage","url":"https:\/\/contactfm72.fr\/wp-content\/uploads\/2025\/07\/Visuel-Contact-FM-3-1.jpg","contentUrl":"https:\/\/contactfm72.fr\/wp-content\/uploads\/2025\/07\/Visuel-Contact-FM-3-1.jpg","width":2016,"height":1512},{"@type":"BreadcrumbList","@id":"https:\/\/contactfm72.fr\/?p=19933#breadcrumb","itemListElement":[{"@type":"ListItem","position":1,"name":"Accueil","item":"https:\/\/contactfm72.fr\/"},{"@type":"ListItem","position":2,"name":"Walk-In : la photo accessible pour tout le monde"}]},{"@type":"WebSite","@id":"https:\/\/contactfm72.fr\/#website","url":"https:\/\/contactfm72.fr\/","name":"Contact FM 99.3","description":"Votre radio en vall\u00e9e du Loir","publisher":{"@id":"https:\/\/contactfm72.fr\/#organization"},"potentialAction":[{"@type":"SearchAction","target":{"@type":"EntryPoint","urlTemplate":"https:\/\/contactfm72.fr\/?s={search_term_string}"},"query-input":{"@type":"PropertyValueSpecification","valueRequired":true,"valueName":"search_term_string"}}],"inLanguage":"fr-FR"},{"@type":"Organization","@id":"https:\/\/contactfm72.fr\/#organization","name":"Contact FM 99.3","url":"https:\/\/contactfm72.fr\/","logo":{"@type":"ImageObject","inLanguage":"fr-FR","@id":"https:\/\/contactfm72.fr\/#\/schema\/logo\/image\/","url":"https:\/\/contactfm72.fr\/wp-content\/uploads\/2025\/04\/2025-04-18-2.jpg","contentUrl":"https:\/\/contactfm72.fr\/wp-content\/uploads\/2025\/04\/2025-04-18-2.jpg","width":680,"height":307,"caption":"Contact FM 99.3"},"image":{"@id":"https:\/\/contactfm72.fr\/#\/schema\/logo\/image\/"},"sameAs":["https:\/\/www.facebook.com\/Contactfm.Chateauduloir","https:\/\/x.com\/contactfm72","https:\/\/www.instagram.com\/contact.fm.72?igsh=cGhlMHQ5N2JlNnpp","https:\/\/www.tiktok.com\/@contact.fm"]},{"@type":"Person","@id":"https:\/\/contactfm72.fr\/#\/schema\/person\/d2ef09cdea7331b185acaddc4d14dda8","name":"redaction2@contactfm72.fr","image":{"@type":"ImageObject","inLanguage":"fr-FR","@id":"https:\/\/secure.gravatar.com\/avatar\/897f3d57289c1f4c62cade1c2606ba6ded18d5f1676845e668a9f21cb751c06b?s=96&d=mm&r=g","url":"https:\/\/secure.gravatar.com\/avatar\/897f3d57289c1f4c62cade1c2606ba6ded18d5f1676845e668a9f21cb751c06b?s=96&d=mm&r=g","contentUrl":"https:\/\/secure.gravatar.com\/avatar\/897f3d57289c1f4c62cade1c2606ba6ded18d5f1676845e668a9f21cb751c06b?s=96&d=mm&r=g","caption":"redaction2@contactfm72.fr"},"url":"https:\/\/contactfm72.fr\/?author=5"}]}},"_links":{"self":[{"href":"https:\/\/contactfm72.fr\/index.php?rest_route=\/wp\/v2\/posts\/19933","targetHints":{"allow":["GET"]}}],"collection":[{"href":"https:\/\/contactfm72.fr\/index.php?rest_route=\/wp\/v2\/posts"}],"about":[{"href":"https:\/\/contactfm72.fr\/index.php?rest_route=\/wp\/v2\/types\/post"}],"author":[{"embeddable":true,"href":"https:\/\/contactfm72.fr\/index.php?rest_route=\/wp\/v2\/users\/5"}],"replies":[{"embeddable":true,"href":"https:\/\/contactfm72.fr\/index.php?rest_route=%2Fwp%2Fv2%2Fcomments&post=19933"}],"version-history":[{"count":2,"href":"https:\/\/contactfm72.fr\/index.php?rest_route=\/wp\/v2\/posts\/19933\/revisions"}],"predecessor-version":[{"id":19936,"href":"https:\/\/contactfm72.fr\/index.php?rest_route=\/wp\/v2\/posts\/19933\/revisions\/19936"}],"wp:featuredmedia":[{"embeddable":true,"href":"https:\/\/contactfm72.fr\/index.php?rest_route=\/wp\/v2\/media\/19934"}],"wp:attachment":[{"href":"https:\/\/contactfm72.fr\/index.php?rest_route=%2Fwp%2Fv2%2Fmedia&parent=19933"}],"wp:term":[{"taxonomy":"category","embeddable":true,"href":"https:\/\/contactfm72.fr\/index.php?rest_route=%2Fwp%2Fv2%2Fcategories&post=19933"},{"taxonomy":"post_tag","embeddable":true,"href":"https:\/\/contactfm72.fr\/index.php?rest_route=%2Fwp%2Fv2%2Ftags&post=19933"}],"curies":[{"name":"wp","href":"https:\/\/api.w.org\/{rel}","templated":true}]}}