{"id":19923,"date":"2025-07-28T09:48:02","date_gmt":"2025-07-28T07:48:02","guid":{"rendered":"https:\/\/contactfm72.fr\/?p=19923"},"modified":"2025-07-28T20:48:17","modified_gmt":"2025-07-28T18:48:17","slug":"le-sud-sarthe-se-met-en-fete-direction-vaas","status":"publish","type":"post","link":"https:\/\/contactfm72.fr\/?p=19923","title":{"rendered":"Le Sud-Sarthe se met en f\u00eate, direction Vaas !"},"content":{"rendered":"<p data-start=\"209\" data-end=\"356\">Convivialit\u00e9, terroir et traditions : \u00e7a se passe \u00e0 Vaas le 2 ao\u00fbt.<\/p>\n<p data-start=\"209\" data-end=\"356\">C\u2019est un incontournable de l\u2019\u00e9t\u00e9 dans le Sud-Sarthe : la F\u00eate du Bl\u00e9 au Pain revient le samedi 2 ao\u00fbt \u00e0 Vaas avec un programme encore plus riche ! Au menu de cette \u00e9dition : 4 conf\u00e9rences, des producteurs et artisans locaux \u00e0 d\u00e9couvrir, des animations, une randonn\u00e9e, de la restauration non-stop, une buvette bien garnie\u2026 et pour finir la journ\u00e9e en beaut\u00e9 : un grand bal en soir\u00e9e !<\/p>\n<p data-start=\"681\" data-end=\"848\">Un \u00e9v\u00e9nement convivial et familial organis\u00e9 par l\u2019association pr\u00e9sid\u00e9e par Fran\u00e7oise Olivier, \u00e0 ne pas manquer pour tous les amoureux du terroir et des traditions. La propri\u00e9taire du moulin de Rotrou est l&#8217;invit\u00e9e de &#8220;Destination Vacances&#8221; le lundi 28 juillet \u00e0 12h30, 15h30, 18h30 et le samedi 2 ao\u00fbt \u00e0 10h.<\/p>\n<p data-start=\"681\" data-end=\"848\"><a href=\"https:\/\/www.lemoulinderotrou.com\/\">\u2600 Pour conna\u00eetre toute la programmation \u2600<\/a><\/p>\n<p data-start=\"681\" data-end=\"848\"><div id=\"audioigniter-527\" class=\"audioigniter-root \" data-player-type=\"full\" data-tracks-url=\"https:\/\/contactfm72.fr\/?audioigniter_playlist_id=527\" data-display-track-no=\"false\" data-reverse-track-order=\"false\" data-display-tracklist-covers=\"false\" data-display-active-cover=\"false\" data-display-artist-names=\"false\" data-display-buy-buttons=\"true\" data-buy-buttons-target=\"false\" data-cycle-tracks=\"false\" data-display-credits=\"false\" data-display-tracklist=\"true\" data-allow-tracklist-toggle=\"false\" data-allow-tracklist-loop=\"true\" data-limit-tracklist-height=\"true\" data-volume=\"100\" data-tracklist-height=\"185\" data-allow-track-loop=\"false\" ><\/div>\n<!-- AddThis Advanced Settings generic via filter on the_content --><!-- AddThis Share Buttons generic via filter on the_content -->","protected":false},"excerpt":{"rendered":"<p>Convivialit\u00e9, terroir et traditions : \u00e7a se passe \u00e0 Vaas le 2 ao\u00fbt. C\u2019est un incontournable de l\u2019\u00e9t\u00e9 dans le Sud-Sarthe : la F\u00eate du Bl\u00e9 au Pain revient le samedi 2 ao\u00fbt \u00e0 Vaas avec un programme encore plus riche ! Au menu de cette \u00e9dition : 4 conf\u00e9rences, des producteurs et artisans locaux&hellip;<!-- AddThis Advanced Settings generic via filter on get_the_excerpt --><!-- AddThis Share Buttons generic via filter on get_the_excerpt --><\/p>\n","protected":false},"author":5,"featured_media":19924,"comment_status":"closed","ping_status":"open","sticky":false,"template":"","format":"standard","meta":{"footnotes":""},"categories":[1,79],"tags":[],"class_list":["post-19923","post","type-post","status-publish","format-standard","has-post-thumbnail","hentry","category-contact-fm-72","category-destination-vacances","category-1","category-79","description-off"],"yoast_head":"<!-- This site is optimized with the Yoast SEO plugin v27.4 - https:\/\/yoast.com\/product\/yoast-seo-wordpress\/ -->\n<title>Le Sud-Sarthe se met en f\u00eate, direction Vaas ! - Contact FM 99.3<\/title>\n<meta name=\"description\" content=\"Rendez-vous \u00e0 Vaas le 2 ao\u00fbt pour la F\u00eate du Bl\u00e9 au Pain : conf\u00e9rences, producteurs locaux, animations enfants, restauration, bal populaire\u2026 Une journ\u00e9e festive et familiale au c\u0153ur du Sud-Sarthe !\" \/>\n<meta name=\"robots\" content=\"index, follow, max-snippet:-1, max-image-preview:large, max-video-preview:-1\" \/>\n<link rel=\"canonical\" href=\"https:\/\/contactfm72.fr\/?p=19923\" \/>\n<meta property=\"og:locale\" content=\"fr_FR\" \/>\n<meta property=\"og:type\" content=\"article\" \/>\n<meta property=\"og:title\" content=\"Le Sud-Sarthe se met en f\u00eate, direction Vaas ! - Contact FM 99.3\" \/>\n<meta property=\"og:description\" content=\"Rendez-vous \u00e0 Vaas le 2 ao\u00fbt pour la F\u00eate du Bl\u00e9 au Pain : conf\u00e9rences, producteurs locaux, animations enfants, restauration, bal populaire\u2026 Une journ\u00e9e festive et familiale au c\u0153ur du Sud-Sarthe !\" \/>\n<meta property=\"og:url\" content=\"https:\/\/contactfm72.fr\/?p=19923\" \/>\n<meta property=\"og:site_name\" content=\"Contact FM 99.3\" \/>\n<meta property=\"article:publisher\" content=\"https:\/\/www.facebook.com\/Contactfm.Chateauduloir\" \/>\n<meta property=\"article:published_time\" content=\"2025-07-28T07:48:02+00:00\" \/>\n<meta property=\"article:modified_time\" content=\"2025-07-28T18:48:17+00:00\" \/>\n<meta property=\"og:image\" content=\"http:\/\/contactfm72.fr\/wp-content\/uploads\/2025\/07\/Visuel-Contact-FM-1-3.jpg\" \/>\n\t<meta property=\"og:image:width\" content=\"2016\" \/>\n\t<meta property=\"og:image:height\" content=\"1512\" \/>\n\t<meta property=\"og:image:type\" content=\"image\/jpeg\" \/>\n<meta name=\"author\" content=\"redaction2@contactfm72.fr\" \/>\n<meta name=\"twitter:card\" content=\"summary_large_image\" \/>\n<meta name=\"twitter:creator\" content=\"@contactfm72\" \/>\n<meta name=\"twitter:site\" content=\"@contactfm72\" \/>\n<meta name=\"twitter:label1\" content=\"\u00c9crit par\" \/>\n\t<meta name=\"twitter:data1\" content=\"redaction2@contactfm72.fr\" \/>\n\t<meta name=\"twitter:label2\" content=\"Dur\u00e9e de lecture estim\u00e9e\" \/>\n\t<meta name=\"twitter:data2\" content=\"1 minute\" \/>\n<script type=\"application\/ld+json\" class=\"yoast-schema-graph\">{\"@context\":\"https:\\\/\\\/schema.org\",\"@graph\":[{\"@type\":\"Article\",\"@id\":\"https:\\\/\\\/contactfm72.fr\\\/?p=19923#article\",\"isPartOf\":{\"@id\":\"https:\\\/\\\/contactfm72.fr\\\/?p=19923\"},\"author\":{\"name\":\"redaction2@contactfm72.fr\",\"@id\":\"https:\\\/\\\/contactfm72.fr\\\/#\\\/schema\\\/person\\\/d2ef09cdea7331b185acaddc4d14dda8\"},\"headline\":\"Le Sud-Sarthe se met en f\u00eate, direction Vaas !\",\"datePublished\":\"2025-07-28T07:48:02+00:00\",\"dateModified\":\"2025-07-28T18:48:17+00:00\",\"mainEntityOfPage\":{\"@id\":\"https:\\\/\\\/contactfm72.fr\\\/?p=19923\"},\"wordCount\":154,\"publisher\":{\"@id\":\"https:\\\/\\\/contactfm72.fr\\\/#organization\"},\"image\":{\"@id\":\"https:\\\/\\\/contactfm72.fr\\\/?p=19923#primaryimage\"},\"thumbnailUrl\":\"https:\\\/\\\/contactfm72.fr\\\/wp-content\\\/uploads\\\/2025\\\/07\\\/Visuel-Contact-FM-1-3.jpg\",\"articleSection\":[\"Contact FM 72\",\"Destination vacances\"],\"inLanguage\":\"fr-FR\"},{\"@type\":\"WebPage\",\"@id\":\"https:\\\/\\\/contactfm72.fr\\\/?p=19923\",\"url\":\"https:\\\/\\\/contactfm72.fr\\\/?p=19923\",\"name\":\"Le Sud-Sarthe se met en f\u00eate, direction Vaas ! - Contact FM 99.3\",\"isPartOf\":{\"@id\":\"https:\\\/\\\/contactfm72.fr\\\/#website\"},\"primaryImageOfPage\":{\"@id\":\"https:\\\/\\\/contactfm72.fr\\\/?p=19923#primaryimage\"},\"image\":{\"@id\":\"https:\\\/\\\/contactfm72.fr\\\/?p=19923#primaryimage\"},\"thumbnailUrl\":\"https:\\\/\\\/contactfm72.fr\\\/wp-content\\\/uploads\\\/2025\\\/07\\\/Visuel-Contact-FM-1-3.jpg\",\"datePublished\":\"2025-07-28T07:48:02+00:00\",\"dateModified\":\"2025-07-28T18:48:17+00:00\",\"description\":\"Rendez-vous \u00e0 Vaas le 2 ao\u00fbt pour la F\u00eate du Bl\u00e9 au Pain : conf\u00e9rences, producteurs locaux, animations enfants, restauration, bal populaire\u2026 Une journ\u00e9e festive et familiale au c\u0153ur du Sud-Sarthe !\",\"breadcrumb\":{\"@id\":\"https:\\\/\\\/contactfm72.fr\\\/?p=19923#breadcrumb\"},\"inLanguage\":\"fr-FR\",\"potentialAction\":[{\"@type\":\"ReadAction\",\"target\":[\"https:\\\/\\\/contactfm72.fr\\\/?p=19923\"]}]},{\"@type\":\"ImageObject\",\"inLanguage\":\"fr-FR\",\"@id\":\"https:\\\/\\\/contactfm72.fr\\\/?p=19923#primaryimage\",\"url\":\"https:\\\/\\\/contactfm72.fr\\\/wp-content\\\/uploads\\\/2025\\\/07\\\/Visuel-Contact-FM-1-3.jpg\",\"contentUrl\":\"https:\\\/\\\/contactfm72.fr\\\/wp-content\\\/uploads\\\/2025\\\/07\\\/Visuel-Contact-FM-1-3.jpg\",\"width\":2016,\"height\":1512},{\"@type\":\"BreadcrumbList\",\"@id\":\"https:\\\/\\\/contactfm72.fr\\\/?p=19923#breadcrumb\",\"itemListElement\":[{\"@type\":\"ListItem\",\"position\":1,\"name\":\"Accueil\",\"item\":\"https:\\\/\\\/contactfm72.fr\\\/\"},{\"@type\":\"ListItem\",\"position\":2,\"name\":\"Le Sud-Sarthe se met en f\u00eate, direction Vaas !\"}]},{\"@type\":\"WebSite\",\"@id\":\"https:\\\/\\\/contactfm72.fr\\\/#website\",\"url\":\"https:\\\/\\\/contactfm72.fr\\\/\",\"name\":\"Contact FM 99.3\",\"description\":\"Votre radio en vall\u00e9e du Loir\",\"publisher\":{\"@id\":\"https:\\\/\\\/contactfm72.fr\\\/#organization\"},\"potentialAction\":[{\"@type\":\"SearchAction\",\"target\":{\"@type\":\"EntryPoint\",\"urlTemplate\":\"https:\\\/\\\/contactfm72.fr\\\/?s={search_term_string}\"},\"query-input\":{\"@type\":\"PropertyValueSpecification\",\"valueRequired\":true,\"valueName\":\"search_term_string\"}}],\"inLanguage\":\"fr-FR\"},{\"@type\":\"Organization\",\"@id\":\"https:\\\/\\\/contactfm72.fr\\\/#organization\",\"name\":\"Contact FM 99.3\",\"url\":\"https:\\\/\\\/contactfm72.fr\\\/\",\"logo\":{\"@type\":\"ImageObject\",\"inLanguage\":\"fr-FR\",\"@id\":\"https:\\\/\\\/contactfm72.fr\\\/#\\\/schema\\\/logo\\\/image\\\/\",\"url\":\"https:\\\/\\\/contactfm72.fr\\\/wp-content\\\/uploads\\\/2025\\\/04\\\/2025-04-18-2.jpg\",\"contentUrl\":\"https:\\\/\\\/contactfm72.fr\\\/wp-content\\\/uploads\\\/2025\\\/04\\\/2025-04-18-2.jpg\",\"width\":680,\"height\":307,\"caption\":\"Contact FM 99.3\"},\"image\":{\"@id\":\"https:\\\/\\\/contactfm72.fr\\\/#\\\/schema\\\/logo\\\/image\\\/\"},\"sameAs\":[\"https:\\\/\\\/www.facebook.com\\\/Contactfm.Chateauduloir\",\"https:\\\/\\\/x.com\\\/contactfm72\",\"https:\\\/\\\/www.instagram.com\\\/contact.fm.72?igsh=cGhlMHQ5N2JlNnpp\",\"https:\\\/\\\/www.tiktok.com\\\/@contact.fm\"]},{\"@type\":\"Person\",\"@id\":\"https:\\\/\\\/contactfm72.fr\\\/#\\\/schema\\\/person\\\/d2ef09cdea7331b185acaddc4d14dda8\",\"name\":\"redaction2@contactfm72.fr\",\"image\":{\"@type\":\"ImageObject\",\"inLanguage\":\"fr-FR\",\"@id\":\"https:\\\/\\\/secure.gravatar.com\\\/avatar\\\/897f3d57289c1f4c62cade1c2606ba6ded18d5f1676845e668a9f21cb751c06b?s=96&d=mm&r=g\",\"url\":\"https:\\\/\\\/secure.gravatar.com\\\/avatar\\\/897f3d57289c1f4c62cade1c2606ba6ded18d5f1676845e668a9f21cb751c06b?s=96&d=mm&r=g\",\"contentUrl\":\"https:\\\/\\\/secure.gravatar.com\\\/avatar\\\/897f3d57289c1f4c62cade1c2606ba6ded18d5f1676845e668a9f21cb751c06b?s=96&d=mm&r=g\",\"caption\":\"redaction2@contactfm72.fr\"},\"url\":\"https:\\\/\\\/contactfm72.fr\\\/?author=5\"}]}<\/script>\n<!-- \/ Yoast SEO plugin. -->","yoast_head_json":{"title":"Le Sud-Sarthe se met en f\u00eate, direction Vaas ! - Contact FM 99.3","description":"Rendez-vous \u00e0 Vaas le 2 ao\u00fbt pour la F\u00eate du Bl\u00e9 au Pain : conf\u00e9rences, producteurs locaux, animations enfants, restauration, bal populaire\u2026 Une journ\u00e9e festive et familiale au c\u0153ur du Sud-Sarthe !","robots":{"index":"index","follow":"follow","max-snippet":"max-snippet:-1","max-image-preview":"max-image-preview:large","max-video-preview":"max-video-preview:-1"},"canonical":"https:\/\/contactfm72.fr\/?p=19923","og_locale":"fr_FR","og_type":"article","og_title":"Le Sud-Sarthe se met en f\u00eate, direction Vaas ! - Contact FM 99.3","og_description":"Rendez-vous \u00e0 Vaas le 2 ao\u00fbt pour la F\u00eate du Bl\u00e9 au Pain : conf\u00e9rences, producteurs locaux, animations enfants, restauration, bal populaire\u2026 Une journ\u00e9e festive et familiale au c\u0153ur du Sud-Sarthe !","og_url":"https:\/\/contactfm72.fr\/?p=19923","og_site_name":"Contact FM 99.3","article_publisher":"https:\/\/www.facebook.com\/Contactfm.Chateauduloir","article_published_time":"2025-07-28T07:48:02+00:00","article_modified_time":"2025-07-28T18:48:17+00:00","og_image":[{"width":2016,"height":1512,"url":"http:\/\/contactfm72.fr\/wp-content\/uploads\/2025\/07\/Visuel-Contact-FM-1-3.jpg","type":"image\/jpeg"}],"author":"redaction2@contactfm72.fr","twitter_card":"summary_large_image","twitter_creator":"@contactfm72","twitter_site":"@contactfm72","twitter_misc":{"\u00c9crit par":"redaction2@contactfm72.fr","Dur\u00e9e de lecture estim\u00e9e":"1 minute"},"schema":{"@context":"https:\/\/schema.org","@graph":[{"@type":"Article","@id":"https:\/\/contactfm72.fr\/?p=19923#article","isPartOf":{"@id":"https:\/\/contactfm72.fr\/?p=19923"},"author":{"name":"redaction2@contactfm72.fr","@id":"https:\/\/contactfm72.fr\/#\/schema\/person\/d2ef09cdea7331b185acaddc4d14dda8"},"headline":"Le Sud-Sarthe se met en f\u00eate, direction Vaas !","datePublished":"2025-07-28T07:48:02+00:00","dateModified":"2025-07-28T18:48:17+00:00","mainEntityOfPage":{"@id":"https:\/\/contactfm72.fr\/?p=19923"},"wordCount":154,"publisher":{"@id":"https:\/\/contactfm72.fr\/#organization"},"image":{"@id":"https:\/\/contactfm72.fr\/?p=19923#primaryimage"},"thumbnailUrl":"https:\/\/contactfm72.fr\/wp-content\/uploads\/2025\/07\/Visuel-Contact-FM-1-3.jpg","articleSection":["Contact FM 72","Destination vacances"],"inLanguage":"fr-FR"},{"@type":"WebPage","@id":"https:\/\/contactfm72.fr\/?p=19923","url":"https:\/\/contactfm72.fr\/?p=19923","name":"Le Sud-Sarthe se met en f\u00eate, direction Vaas ! - Contact FM 99.3","isPartOf":{"@id":"https:\/\/contactfm72.fr\/#website"},"primaryImageOfPage":{"@id":"https:\/\/contactfm72.fr\/?p=19923#primaryimage"},"image":{"@id":"https:\/\/contactfm72.fr\/?p=19923#primaryimage"},"thumbnailUrl":"https:\/\/contactfm72.fr\/wp-content\/uploads\/2025\/07\/Visuel-Contact-FM-1-3.jpg","datePublished":"2025-07-28T07:48:02+00:00","dateModified":"2025-07-28T18:48:17+00:00","description":"Rendez-vous \u00e0 Vaas le 2 ao\u00fbt pour la F\u00eate du Bl\u00e9 au Pain : conf\u00e9rences, producteurs locaux, animations enfants, restauration, bal populaire\u2026 Une journ\u00e9e festive et familiale au c\u0153ur du Sud-Sarthe !","breadcrumb":{"@id":"https:\/\/contactfm72.fr\/?p=19923#breadcrumb"},"inLanguage":"fr-FR","potentialAction":[{"@type":"ReadAction","target":["https:\/\/contactfm72.fr\/?p=19923"]}]},{"@type":"ImageObject","inLanguage":"fr-FR","@id":"https:\/\/contactfm72.fr\/?p=19923#primaryimage","url":"https:\/\/contactfm72.fr\/wp-content\/uploads\/2025\/07\/Visuel-Contact-FM-1-3.jpg","contentUrl":"https:\/\/contactfm72.fr\/wp-content\/uploads\/2025\/07\/Visuel-Contact-FM-1-3.jpg","width":2016,"height":1512},{"@type":"BreadcrumbList","@id":"https:\/\/contactfm72.fr\/?p=19923#breadcrumb","itemListElement":[{"@type":"ListItem","position":1,"name":"Accueil","item":"https:\/\/contactfm72.fr\/"},{"@type":"ListItem","position":2,"name":"Le Sud-Sarthe se met en f\u00eate, direction Vaas !"}]},{"@type":"WebSite","@id":"https:\/\/contactfm72.fr\/#website","url":"https:\/\/contactfm72.fr\/","name":"Contact FM 99.3","description":"Votre radio en vall\u00e9e du Loir","publisher":{"@id":"https:\/\/contactfm72.fr\/#organization"},"potentialAction":[{"@type":"SearchAction","target":{"@type":"EntryPoint","urlTemplate":"https:\/\/contactfm72.fr\/?s={search_term_string}"},"query-input":{"@type":"PropertyValueSpecification","valueRequired":true,"valueName":"search_term_string"}}],"inLanguage":"fr-FR"},{"@type":"Organization","@id":"https:\/\/contactfm72.fr\/#organization","name":"Contact FM 99.3","url":"https:\/\/contactfm72.fr\/","logo":{"@type":"ImageObject","inLanguage":"fr-FR","@id":"https:\/\/contactfm72.fr\/#\/schema\/logo\/image\/","url":"https:\/\/contactfm72.fr\/wp-content\/uploads\/2025\/04\/2025-04-18-2.jpg","contentUrl":"https:\/\/contactfm72.fr\/wp-content\/uploads\/2025\/04\/2025-04-18-2.jpg","width":680,"height":307,"caption":"Contact FM 99.3"},"image":{"@id":"https:\/\/contactfm72.fr\/#\/schema\/logo\/image\/"},"sameAs":["https:\/\/www.facebook.com\/Contactfm.Chateauduloir","https:\/\/x.com\/contactfm72","https:\/\/www.instagram.com\/contact.fm.72?igsh=cGhlMHQ5N2JlNnpp","https:\/\/www.tiktok.com\/@contact.fm"]},{"@type":"Person","@id":"https:\/\/contactfm72.fr\/#\/schema\/person\/d2ef09cdea7331b185acaddc4d14dda8","name":"redaction2@contactfm72.fr","image":{"@type":"ImageObject","inLanguage":"fr-FR","@id":"https:\/\/secure.gravatar.com\/avatar\/897f3d57289c1f4c62cade1c2606ba6ded18d5f1676845e668a9f21cb751c06b?s=96&d=mm&r=g","url":"https:\/\/secure.gravatar.com\/avatar\/897f3d57289c1f4c62cade1c2606ba6ded18d5f1676845e668a9f21cb751c06b?s=96&d=mm&r=g","contentUrl":"https:\/\/secure.gravatar.com\/avatar\/897f3d57289c1f4c62cade1c2606ba6ded18d5f1676845e668a9f21cb751c06b?s=96&d=mm&r=g","caption":"redaction2@contactfm72.fr"},"url":"https:\/\/contactfm72.fr\/?author=5"}]}},"_links":{"self":[{"href":"https:\/\/contactfm72.fr\/index.php?rest_route=\/wp\/v2\/posts\/19923","targetHints":{"allow":["GET"]}}],"collection":[{"href":"https:\/\/contactfm72.fr\/index.php?rest_route=\/wp\/v2\/posts"}],"about":[{"href":"https:\/\/contactfm72.fr\/index.php?rest_route=\/wp\/v2\/types\/post"}],"author":[{"embeddable":true,"href":"https:\/\/contactfm72.fr\/index.php?rest_route=\/wp\/v2\/users\/5"}],"replies":[{"embeddable":true,"href":"https:\/\/contactfm72.fr\/index.php?rest_route=%2Fwp%2Fv2%2Fcomments&post=19923"}],"version-history":[{"count":1,"href":"https:\/\/contactfm72.fr\/index.php?rest_route=\/wp\/v2\/posts\/19923\/revisions"}],"predecessor-version":[{"id":19925,"href":"https:\/\/contactfm72.fr\/index.php?rest_route=\/wp\/v2\/posts\/19923\/revisions\/19925"}],"wp:featuredmedia":[{"embeddable":true,"href":"https:\/\/contactfm72.fr\/index.php?rest_route=\/wp\/v2\/media\/19924"}],"wp:attachment":[{"href":"https:\/\/contactfm72.fr\/index.php?rest_route=%2Fwp%2Fv2%2Fmedia&parent=19923"}],"wp:term":[{"taxonomy":"category","embeddable":true,"href":"https:\/\/contactfm72.fr\/index.php?rest_route=%2Fwp%2Fv2%2Fcategories&post=19923"},{"taxonomy":"post_tag","embeddable":true,"href":"https:\/\/contactfm72.fr\/index.php?rest_route=%2Fwp%2Fv2%2Ftags&post=19923"}],"curies":[{"name":"wp","href":"https:\/\/api.w.org\/{rel}","templated":true}]}}