{"id":19907,"date":"2025-07-23T10:33:52","date_gmt":"2025-07-23T08:33:52","guid":{"rendered":"https:\/\/contactfm72.fr\/?p=19907"},"modified":"2025-07-23T10:33:52","modified_gmt":"2025-07-23T08:33:52","slug":"coup-de-coeur-les-idees-sorties-en-indre-et-loire-avec-loffice-de-tourisme","status":"publish","type":"post","link":"https:\/\/contactfm72.fr\/?p=19907","title":{"rendered":"Coup de c\u0153ur : les id\u00e9es sorties en Indre-et-Loire avec l\u2019Office de Tourisme"},"content":{"rendered":"<p>Et si on allait du c\u00f4t\u00e9 de Tours ?<\/p>\n<p>Cet \u00e9t\u00e9, cap sur l\u2019Indre-et-Loire avec plus d\u2019une centaine d\u2019\u00e9v\u00e9nements \u00e0 d\u00e9couvrir \u00e0 Tours et ses alentours. Que vous soyez en famille, entre amis ou en amoureux, il y a de quoi rythmer vos vacances ! Mais comment choisir parmi toutes ces propositions ? R\u00e9ponse avec Lucie Duault, charg\u00e9e de communication \u00e0 l\u2019Office de Tourisme Tours Val de Loire.<\/p>\n<p>Voila le programme :<\/p>\n<p>\ud83d\udc49 Sc\u00e9nof\u00e9erie de Semblan\u00e7ay &#8211; <a href=\"https:\/\/www.tours-tourisme.fr\/preparez-votre-sejour\/concerts-festivals-and-manifestations\/scenofeerie-de-semblancay\/\">Pour r\u00e9server sa place<\/a><\/p>\n<p>\ud83d\udc49 Le Pass Loire \u00e0 v\u00e9lo 24h, 48h ou 72h : <a href=\"https:\/\/www.tourscitypass.com\/lang\/fr\">Pour prendre son Pass<\/a><\/p>\n<p>\ud83d\udc49 La fameuse balade ap\u00e9ro en bateau traditionnel : <a href=\"https:\/\/www.tours-tourisme.fr\/preparez-votre-sejour\/balades-sur-leau\/balade-crepusculaire-avec-la-rabouilleuse\/\">Ap\u00e9ro ??\u00a0<\/a><\/p>\n<p>\ud83d\udc49 Caesarodunum, le voyage dans le temps : <a href=\"https:\/\/www.tours-tourisme.fr\/preparez-votre-sejour\/concerts-festivals-and-manifestations\/caesarodunum-tours-a-lepoque-gallo-romaine\/\">On remonte le temps !\u00a0<\/a><\/p>\n<p>&nbsp;<\/p>\n<p>Destination Vacances avec Lucie Duault est \u00e0 d\u00e9couvrir le mercredi 23 juillet \u00e0 12h30, 15h30, 18h30, le samedi 26 juillet \u00e0 10h et le dimanche 27 juillet \u00e0 13h.<\/p>\n<div id=\"audioigniter-527\" class=\"audioigniter-root \" data-player-type=\"full\" data-tracks-url=\"https:\/\/contactfm72.fr\/?audioigniter_playlist_id=527\" data-display-track-no=\"false\" data-reverse-track-order=\"false\" data-display-tracklist-covers=\"false\" data-display-active-cover=\"false\" data-display-artist-names=\"false\" data-display-buy-buttons=\"true\" data-buy-buttons-target=\"false\" data-cycle-tracks=\"false\" data-display-credits=\"false\" data-display-tracklist=\"true\" data-allow-tracklist-toggle=\"false\" data-allow-tracklist-loop=\"true\" data-limit-tracklist-height=\"true\" data-volume=\"100\" data-tracklist-height=\"185\" data-allow-track-loop=\"false\" ><\/div>\n<!-- AddThis Advanced Settings generic via filter on the_content --><!-- AddThis Share Buttons generic via filter on the_content -->","protected":false},"excerpt":{"rendered":"<p>Et si on allait du c\u00f4t\u00e9 de Tours ? Cet \u00e9t\u00e9, cap sur l\u2019Indre-et-Loire avec plus d\u2019une centaine d\u2019\u00e9v\u00e9nements \u00e0 d\u00e9couvrir \u00e0 Tours et ses alentours. Que vous soyez en famille, entre amis ou en amoureux, il y a de quoi rythmer vos vacances ! Mais comment choisir parmi toutes ces propositions ? R\u00e9ponse avec&hellip;<!-- AddThis Advanced Settings generic via filter on get_the_excerpt --><!-- AddThis Share Buttons generic via filter on get_the_excerpt --><\/p>\n","protected":false},"author":5,"featured_media":19908,"comment_status":"closed","ping_status":"open","sticky":false,"template":"","format":"standard","meta":{"footnotes":""},"categories":[1,79],"tags":[],"class_list":["post-19907","post","type-post","status-publish","format-standard","has-post-thumbnail","hentry","category-contact-fm-72","category-destination-vacances","category-1","category-79","description-off"],"yoast_head":"<!-- This site is optimized with the Yoast SEO plugin v27.4 - https:\/\/yoast.com\/product\/yoast-seo-wordpress\/ -->\n<title>Coup de c\u0153ur : les id\u00e9es sorties en Indre-et-Loire avec l\u2019Office de Tourisme - Contact FM 99.3<\/title>\n<meta name=\"description\" content=\"Envie de sorties cet \u00e9t\u00e9 pr\u00e8s de la Sarthe ? Partez \u00e0 la d\u00e9couverte de Tours et de ses 100 \u00e9v\u00e9nements incontournables \u00e0 vivre en famille, entre amis ou en couple. Bons plans, conseils et coups de c\u0153ur avec l&#039;Office de Tourisme Tours Val de Loire !\" \/>\n<meta name=\"robots\" content=\"index, follow, max-snippet:-1, max-image-preview:large, max-video-preview:-1\" \/>\n<link rel=\"canonical\" href=\"https:\/\/contactfm72.fr\/?p=19907\" \/>\n<meta property=\"og:locale\" content=\"fr_FR\" \/>\n<meta property=\"og:type\" content=\"article\" \/>\n<meta property=\"og:title\" content=\"Coup de c\u0153ur : les id\u00e9es sorties en Indre-et-Loire avec l\u2019Office de Tourisme - Contact FM 99.3\" \/>\n<meta property=\"og:description\" content=\"Envie de sorties cet \u00e9t\u00e9 pr\u00e8s de la Sarthe ? Partez \u00e0 la d\u00e9couverte de Tours et de ses 100 \u00e9v\u00e9nements incontournables \u00e0 vivre en famille, entre amis ou en couple. Bons plans, conseils et coups de c\u0153ur avec l&#039;Office de Tourisme Tours Val de Loire !\" \/>\n<meta property=\"og:url\" content=\"https:\/\/contactfm72.fr\/?p=19907\" \/>\n<meta property=\"og:site_name\" content=\"Contact FM 99.3\" \/>\n<meta property=\"article:publisher\" content=\"https:\/\/www.facebook.com\/Contactfm.Chateauduloir\" \/>\n<meta property=\"article:published_time\" content=\"2025-07-23T08:33:52+00:00\" \/>\n<meta property=\"og:image\" content=\"http:\/\/contactfm72.fr\/wp-content\/uploads\/2025\/07\/Visuel-Contact-FM-2-2.jpg\" \/>\n\t<meta property=\"og:image:width\" content=\"2016\" \/>\n\t<meta property=\"og:image:height\" content=\"1512\" \/>\n\t<meta property=\"og:image:type\" content=\"image\/jpeg\" \/>\n<meta name=\"author\" content=\"redaction2@contactfm72.fr\" \/>\n<meta name=\"twitter:card\" content=\"summary_large_image\" \/>\n<meta name=\"twitter:creator\" content=\"@contactfm72\" \/>\n<meta name=\"twitter:site\" content=\"@contactfm72\" \/>\n<meta name=\"twitter:label1\" content=\"\u00c9crit par\" \/>\n\t<meta name=\"twitter:data1\" content=\"redaction2@contactfm72.fr\" \/>\n\t<meta name=\"twitter:label2\" content=\"Dur\u00e9e de lecture estim\u00e9e\" \/>\n\t<meta name=\"twitter:data2\" content=\"1 minute\" \/>\n<script type=\"application\/ld+json\" class=\"yoast-schema-graph\">{\"@context\":\"https:\\\/\\\/schema.org\",\"@graph\":[{\"@type\":\"Article\",\"@id\":\"https:\\\/\\\/contactfm72.fr\\\/?p=19907#article\",\"isPartOf\":{\"@id\":\"https:\\\/\\\/contactfm72.fr\\\/?p=19907\"},\"author\":{\"name\":\"redaction2@contactfm72.fr\",\"@id\":\"https:\\\/\\\/contactfm72.fr\\\/#\\\/schema\\\/person\\\/d2ef09cdea7331b185acaddc4d14dda8\"},\"headline\":\"Coup de c\u0153ur : les id\u00e9es sorties en Indre-et-Loire avec l\u2019Office de Tourisme\",\"datePublished\":\"2025-07-23T08:33:52+00:00\",\"mainEntityOfPage\":{\"@id\":\"https:\\\/\\\/contactfm72.fr\\\/?p=19907\"},\"wordCount\":161,\"publisher\":{\"@id\":\"https:\\\/\\\/contactfm72.fr\\\/#organization\"},\"image\":{\"@id\":\"https:\\\/\\\/contactfm72.fr\\\/?p=19907#primaryimage\"},\"thumbnailUrl\":\"https:\\\/\\\/contactfm72.fr\\\/wp-content\\\/uploads\\\/2025\\\/07\\\/Visuel-Contact-FM-2-2.jpg\",\"articleSection\":[\"Contact FM 72\",\"Destination vacances\"],\"inLanguage\":\"fr-FR\"},{\"@type\":\"WebPage\",\"@id\":\"https:\\\/\\\/contactfm72.fr\\\/?p=19907\",\"url\":\"https:\\\/\\\/contactfm72.fr\\\/?p=19907\",\"name\":\"Coup de c\u0153ur : les id\u00e9es sorties en Indre-et-Loire avec l\u2019Office de Tourisme - Contact FM 99.3\",\"isPartOf\":{\"@id\":\"https:\\\/\\\/contactfm72.fr\\\/#website\"},\"primaryImageOfPage\":{\"@id\":\"https:\\\/\\\/contactfm72.fr\\\/?p=19907#primaryimage\"},\"image\":{\"@id\":\"https:\\\/\\\/contactfm72.fr\\\/?p=19907#primaryimage\"},\"thumbnailUrl\":\"https:\\\/\\\/contactfm72.fr\\\/wp-content\\\/uploads\\\/2025\\\/07\\\/Visuel-Contact-FM-2-2.jpg\",\"datePublished\":\"2025-07-23T08:33:52+00:00\",\"description\":\"Envie de sorties cet \u00e9t\u00e9 pr\u00e8s de la Sarthe ? Partez \u00e0 la d\u00e9couverte de Tours et de ses 100 \u00e9v\u00e9nements incontournables \u00e0 vivre en famille, entre amis ou en couple. Bons plans, conseils et coups de c\u0153ur avec l'Office de Tourisme Tours Val de Loire !\",\"breadcrumb\":{\"@id\":\"https:\\\/\\\/contactfm72.fr\\\/?p=19907#breadcrumb\"},\"inLanguage\":\"fr-FR\",\"potentialAction\":[{\"@type\":\"ReadAction\",\"target\":[\"https:\\\/\\\/contactfm72.fr\\\/?p=19907\"]}]},{\"@type\":\"ImageObject\",\"inLanguage\":\"fr-FR\",\"@id\":\"https:\\\/\\\/contactfm72.fr\\\/?p=19907#primaryimage\",\"url\":\"https:\\\/\\\/contactfm72.fr\\\/wp-content\\\/uploads\\\/2025\\\/07\\\/Visuel-Contact-FM-2-2.jpg\",\"contentUrl\":\"https:\\\/\\\/contactfm72.fr\\\/wp-content\\\/uploads\\\/2025\\\/07\\\/Visuel-Contact-FM-2-2.jpg\",\"width\":2016,\"height\":1512},{\"@type\":\"BreadcrumbList\",\"@id\":\"https:\\\/\\\/contactfm72.fr\\\/?p=19907#breadcrumb\",\"itemListElement\":[{\"@type\":\"ListItem\",\"position\":1,\"name\":\"Accueil\",\"item\":\"https:\\\/\\\/contactfm72.fr\\\/\"},{\"@type\":\"ListItem\",\"position\":2,\"name\":\"Coup de c\u0153ur : les id\u00e9es sorties en Indre-et-Loire avec l\u2019Office de Tourisme\"}]},{\"@type\":\"WebSite\",\"@id\":\"https:\\\/\\\/contactfm72.fr\\\/#website\",\"url\":\"https:\\\/\\\/contactfm72.fr\\\/\",\"name\":\"Contact FM 99.3\",\"description\":\"Votre radio en vall\u00e9e du Loir\",\"publisher\":{\"@id\":\"https:\\\/\\\/contactfm72.fr\\\/#organization\"},\"potentialAction\":[{\"@type\":\"SearchAction\",\"target\":{\"@type\":\"EntryPoint\",\"urlTemplate\":\"https:\\\/\\\/contactfm72.fr\\\/?s={search_term_string}\"},\"query-input\":{\"@type\":\"PropertyValueSpecification\",\"valueRequired\":true,\"valueName\":\"search_term_string\"}}],\"inLanguage\":\"fr-FR\"},{\"@type\":\"Organization\",\"@id\":\"https:\\\/\\\/contactfm72.fr\\\/#organization\",\"name\":\"Contact FM 99.3\",\"url\":\"https:\\\/\\\/contactfm72.fr\\\/\",\"logo\":{\"@type\":\"ImageObject\",\"inLanguage\":\"fr-FR\",\"@id\":\"https:\\\/\\\/contactfm72.fr\\\/#\\\/schema\\\/logo\\\/image\\\/\",\"url\":\"https:\\\/\\\/contactfm72.fr\\\/wp-content\\\/uploads\\\/2025\\\/04\\\/2025-04-18-2.jpg\",\"contentUrl\":\"https:\\\/\\\/contactfm72.fr\\\/wp-content\\\/uploads\\\/2025\\\/04\\\/2025-04-18-2.jpg\",\"width\":680,\"height\":307,\"caption\":\"Contact FM 99.3\"},\"image\":{\"@id\":\"https:\\\/\\\/contactfm72.fr\\\/#\\\/schema\\\/logo\\\/image\\\/\"},\"sameAs\":[\"https:\\\/\\\/www.facebook.com\\\/Contactfm.Chateauduloir\",\"https:\\\/\\\/x.com\\\/contactfm72\",\"https:\\\/\\\/www.instagram.com\\\/contact.fm.72?igsh=cGhlMHQ5N2JlNnpp\",\"https:\\\/\\\/www.tiktok.com\\\/@contact.fm\"]},{\"@type\":\"Person\",\"@id\":\"https:\\\/\\\/contactfm72.fr\\\/#\\\/schema\\\/person\\\/d2ef09cdea7331b185acaddc4d14dda8\",\"name\":\"redaction2@contactfm72.fr\",\"image\":{\"@type\":\"ImageObject\",\"inLanguage\":\"fr-FR\",\"@id\":\"https:\\\/\\\/secure.gravatar.com\\\/avatar\\\/897f3d57289c1f4c62cade1c2606ba6ded18d5f1676845e668a9f21cb751c06b?s=96&d=mm&r=g\",\"url\":\"https:\\\/\\\/secure.gravatar.com\\\/avatar\\\/897f3d57289c1f4c62cade1c2606ba6ded18d5f1676845e668a9f21cb751c06b?s=96&d=mm&r=g\",\"contentUrl\":\"https:\\\/\\\/secure.gravatar.com\\\/avatar\\\/897f3d57289c1f4c62cade1c2606ba6ded18d5f1676845e668a9f21cb751c06b?s=96&d=mm&r=g\",\"caption\":\"redaction2@contactfm72.fr\"},\"url\":\"https:\\\/\\\/contactfm72.fr\\\/?author=5\"}]}<\/script>\n<!-- \/ Yoast SEO plugin. -->","yoast_head_json":{"title":"Coup de c\u0153ur : les id\u00e9es sorties en Indre-et-Loire avec l\u2019Office de Tourisme - Contact FM 99.3","description":"Envie de sorties cet \u00e9t\u00e9 pr\u00e8s de la Sarthe ? Partez \u00e0 la d\u00e9couverte de Tours et de ses 100 \u00e9v\u00e9nements incontournables \u00e0 vivre en famille, entre amis ou en couple. Bons plans, conseils et coups de c\u0153ur avec l'Office de Tourisme Tours Val de Loire !","robots":{"index":"index","follow":"follow","max-snippet":"max-snippet:-1","max-image-preview":"max-image-preview:large","max-video-preview":"max-video-preview:-1"},"canonical":"https:\/\/contactfm72.fr\/?p=19907","og_locale":"fr_FR","og_type":"article","og_title":"Coup de c\u0153ur : les id\u00e9es sorties en Indre-et-Loire avec l\u2019Office de Tourisme - Contact FM 99.3","og_description":"Envie de sorties cet \u00e9t\u00e9 pr\u00e8s de la Sarthe ? Partez \u00e0 la d\u00e9couverte de Tours et de ses 100 \u00e9v\u00e9nements incontournables \u00e0 vivre en famille, entre amis ou en couple. Bons plans, conseils et coups de c\u0153ur avec l'Office de Tourisme Tours Val de Loire !","og_url":"https:\/\/contactfm72.fr\/?p=19907","og_site_name":"Contact FM 99.3","article_publisher":"https:\/\/www.facebook.com\/Contactfm.Chateauduloir","article_published_time":"2025-07-23T08:33:52+00:00","og_image":[{"width":2016,"height":1512,"url":"http:\/\/contactfm72.fr\/wp-content\/uploads\/2025\/07\/Visuel-Contact-FM-2-2.jpg","type":"image\/jpeg"}],"author":"redaction2@contactfm72.fr","twitter_card":"summary_large_image","twitter_creator":"@contactfm72","twitter_site":"@contactfm72","twitter_misc":{"\u00c9crit par":"redaction2@contactfm72.fr","Dur\u00e9e de lecture estim\u00e9e":"1 minute"},"schema":{"@context":"https:\/\/schema.org","@graph":[{"@type":"Article","@id":"https:\/\/contactfm72.fr\/?p=19907#article","isPartOf":{"@id":"https:\/\/contactfm72.fr\/?p=19907"},"author":{"name":"redaction2@contactfm72.fr","@id":"https:\/\/contactfm72.fr\/#\/schema\/person\/d2ef09cdea7331b185acaddc4d14dda8"},"headline":"Coup de c\u0153ur : les id\u00e9es sorties en Indre-et-Loire avec l\u2019Office de Tourisme","datePublished":"2025-07-23T08:33:52+00:00","mainEntityOfPage":{"@id":"https:\/\/contactfm72.fr\/?p=19907"},"wordCount":161,"publisher":{"@id":"https:\/\/contactfm72.fr\/#organization"},"image":{"@id":"https:\/\/contactfm72.fr\/?p=19907#primaryimage"},"thumbnailUrl":"https:\/\/contactfm72.fr\/wp-content\/uploads\/2025\/07\/Visuel-Contact-FM-2-2.jpg","articleSection":["Contact FM 72","Destination vacances"],"inLanguage":"fr-FR"},{"@type":"WebPage","@id":"https:\/\/contactfm72.fr\/?p=19907","url":"https:\/\/contactfm72.fr\/?p=19907","name":"Coup de c\u0153ur : les id\u00e9es sorties en Indre-et-Loire avec l\u2019Office de Tourisme - Contact FM 99.3","isPartOf":{"@id":"https:\/\/contactfm72.fr\/#website"},"primaryImageOfPage":{"@id":"https:\/\/contactfm72.fr\/?p=19907#primaryimage"},"image":{"@id":"https:\/\/contactfm72.fr\/?p=19907#primaryimage"},"thumbnailUrl":"https:\/\/contactfm72.fr\/wp-content\/uploads\/2025\/07\/Visuel-Contact-FM-2-2.jpg","datePublished":"2025-07-23T08:33:52+00:00","description":"Envie de sorties cet \u00e9t\u00e9 pr\u00e8s de la Sarthe ? Partez \u00e0 la d\u00e9couverte de Tours et de ses 100 \u00e9v\u00e9nements incontournables \u00e0 vivre en famille, entre amis ou en couple. Bons plans, conseils et coups de c\u0153ur avec l'Office de Tourisme Tours Val de Loire !","breadcrumb":{"@id":"https:\/\/contactfm72.fr\/?p=19907#breadcrumb"},"inLanguage":"fr-FR","potentialAction":[{"@type":"ReadAction","target":["https:\/\/contactfm72.fr\/?p=19907"]}]},{"@type":"ImageObject","inLanguage":"fr-FR","@id":"https:\/\/contactfm72.fr\/?p=19907#primaryimage","url":"https:\/\/contactfm72.fr\/wp-content\/uploads\/2025\/07\/Visuel-Contact-FM-2-2.jpg","contentUrl":"https:\/\/contactfm72.fr\/wp-content\/uploads\/2025\/07\/Visuel-Contact-FM-2-2.jpg","width":2016,"height":1512},{"@type":"BreadcrumbList","@id":"https:\/\/contactfm72.fr\/?p=19907#breadcrumb","itemListElement":[{"@type":"ListItem","position":1,"name":"Accueil","item":"https:\/\/contactfm72.fr\/"},{"@type":"ListItem","position":2,"name":"Coup de c\u0153ur : les id\u00e9es sorties en Indre-et-Loire avec l\u2019Office de Tourisme"}]},{"@type":"WebSite","@id":"https:\/\/contactfm72.fr\/#website","url":"https:\/\/contactfm72.fr\/","name":"Contact FM 99.3","description":"Votre radio en vall\u00e9e du Loir","publisher":{"@id":"https:\/\/contactfm72.fr\/#organization"},"potentialAction":[{"@type":"SearchAction","target":{"@type":"EntryPoint","urlTemplate":"https:\/\/contactfm72.fr\/?s={search_term_string}"},"query-input":{"@type":"PropertyValueSpecification","valueRequired":true,"valueName":"search_term_string"}}],"inLanguage":"fr-FR"},{"@type":"Organization","@id":"https:\/\/contactfm72.fr\/#organization","name":"Contact FM 99.3","url":"https:\/\/contactfm72.fr\/","logo":{"@type":"ImageObject","inLanguage":"fr-FR","@id":"https:\/\/contactfm72.fr\/#\/schema\/logo\/image\/","url":"https:\/\/contactfm72.fr\/wp-content\/uploads\/2025\/04\/2025-04-18-2.jpg","contentUrl":"https:\/\/contactfm72.fr\/wp-content\/uploads\/2025\/04\/2025-04-18-2.jpg","width":680,"height":307,"caption":"Contact FM 99.3"},"image":{"@id":"https:\/\/contactfm72.fr\/#\/schema\/logo\/image\/"},"sameAs":["https:\/\/www.facebook.com\/Contactfm.Chateauduloir","https:\/\/x.com\/contactfm72","https:\/\/www.instagram.com\/contact.fm.72?igsh=cGhlMHQ5N2JlNnpp","https:\/\/www.tiktok.com\/@contact.fm"]},{"@type":"Person","@id":"https:\/\/contactfm72.fr\/#\/schema\/person\/d2ef09cdea7331b185acaddc4d14dda8","name":"redaction2@contactfm72.fr","image":{"@type":"ImageObject","inLanguage":"fr-FR","@id":"https:\/\/secure.gravatar.com\/avatar\/897f3d57289c1f4c62cade1c2606ba6ded18d5f1676845e668a9f21cb751c06b?s=96&d=mm&r=g","url":"https:\/\/secure.gravatar.com\/avatar\/897f3d57289c1f4c62cade1c2606ba6ded18d5f1676845e668a9f21cb751c06b?s=96&d=mm&r=g","contentUrl":"https:\/\/secure.gravatar.com\/avatar\/897f3d57289c1f4c62cade1c2606ba6ded18d5f1676845e668a9f21cb751c06b?s=96&d=mm&r=g","caption":"redaction2@contactfm72.fr"},"url":"https:\/\/contactfm72.fr\/?author=5"}]}},"_links":{"self":[{"href":"https:\/\/contactfm72.fr\/index.php?rest_route=\/wp\/v2\/posts\/19907","targetHints":{"allow":["GET"]}}],"collection":[{"href":"https:\/\/contactfm72.fr\/index.php?rest_route=\/wp\/v2\/posts"}],"about":[{"href":"https:\/\/contactfm72.fr\/index.php?rest_route=\/wp\/v2\/types\/post"}],"author":[{"embeddable":true,"href":"https:\/\/contactfm72.fr\/index.php?rest_route=\/wp\/v2\/users\/5"}],"replies":[{"embeddable":true,"href":"https:\/\/contactfm72.fr\/index.php?rest_route=%2Fwp%2Fv2%2Fcomments&post=19907"}],"version-history":[{"count":1,"href":"https:\/\/contactfm72.fr\/index.php?rest_route=\/wp\/v2\/posts\/19907\/revisions"}],"predecessor-version":[{"id":19909,"href":"https:\/\/contactfm72.fr\/index.php?rest_route=\/wp\/v2\/posts\/19907\/revisions\/19909"}],"wp:featuredmedia":[{"embeddable":true,"href":"https:\/\/contactfm72.fr\/index.php?rest_route=\/wp\/v2\/media\/19908"}],"wp:attachment":[{"href":"https:\/\/contactfm72.fr\/index.php?rest_route=%2Fwp%2Fv2%2Fmedia&parent=19907"}],"wp:term":[{"taxonomy":"category","embeddable":true,"href":"https:\/\/contactfm72.fr\/index.php?rest_route=%2Fwp%2Fv2%2Fcategories&post=19907"},{"taxonomy":"post_tag","embeddable":true,"href":"https:\/\/contactfm72.fr\/index.php?rest_route=%2Fwp%2Fv2%2Ftags&post=19907"}],"curies":[{"name":"wp","href":"https:\/\/api.w.org\/{rel}","templated":true}]}}