{"id":19885,"date":"2025-07-17T10:41:54","date_gmt":"2025-07-17T08:41:54","guid":{"rendered":"https:\/\/contactfm72.fr\/?p=19885"},"modified":"2025-07-17T10:42:08","modified_gmt":"2025-07-17T08:42:08","slug":"sarthe-express-destination-le-museotrain","status":"publish","type":"post","link":"https:\/\/contactfm72.fr\/?p=19885","title":{"rendered":"Sarthe Express : destination le Mus\u00e9otrain !"},"content":{"rendered":"<p data-start=\"205\" data-end=\"461\">En Sarthe, m\u00eame les trains ont des secrets&#8230; \u00c0 vous de les percer cet \u00e9t\u00e9 !<\/p>\n<p data-start=\"205\" data-end=\"461\">La saison estivale bat son plein, nous continuons cet \u00e9t\u00e9 \u00e0 vous faire d\u00e9couvrir les p\u00e9pites du d\u00e9partement. \u00a0Aujourd\u2019hui, on vous embarque pour un voyage hors du temps, direction Semur-en-Vallon, entre Saint-Calais et La Fert\u00e9-Bernard, \u00e0 bord du Mus\u00e9otrain !<\/p>\n<p data-start=\"463\" data-end=\"707\">Plongez 100 ans en arri\u00e8re, ambiance ann\u00e9es 20 ! Et en plus, les 22 et 23 ao\u00fbt, c\u2019est la 6e saison du Cluedo g\u00e9ant : &#8220;Meurtre dans le train du soir&#8221;. Une enqu\u00eate immersive et palpitante \u00e0 vivre en famille ou entre amis.<\/p>\n<p data-start=\"463\" data-end=\"707\">Christian Pottier, pr\u00e9sident de l&#8217;association est l&#8217;invit\u00e9 de &#8220;Destination Vacances&#8221; le jeudi 17 juillet \u00e0 12h30, 15h30, 18h30, le samedi 19 juillet \u00e0 10h, le dimanche 20 juillet \u00e0 13h.<\/p>\n<p data-start=\"709\" data-end=\"835\">\ud83c\udf9f <a href=\"https:\/\/museotrain.fr\/evenements\/cluedo-saison-6-4-dates\">Infos et r\u00e9servations sur le site du Mus\u00e9otrain<\/a>.<\/p>\n<div id=\"audioigniter-527\" class=\"audioigniter-root \" data-player-type=\"full\" data-tracks-url=\"https:\/\/contactfm72.fr\/?audioigniter_playlist_id=527\" data-display-track-no=\"false\" data-reverse-track-order=\"false\" data-display-tracklist-covers=\"false\" data-display-active-cover=\"false\" data-display-artist-names=\"false\" data-display-buy-buttons=\"true\" data-buy-buttons-target=\"false\" data-cycle-tracks=\"false\" data-display-credits=\"false\" data-display-tracklist=\"true\" data-allow-tracklist-toggle=\"false\" data-allow-tracklist-loop=\"true\" data-limit-tracklist-height=\"true\" data-volume=\"100\" data-tracklist-height=\"185\" data-allow-track-loop=\"false\" ><\/div>\n<!-- AddThis Advanced Settings generic via filter on the_content --><!-- AddThis Share Buttons generic via filter on the_content -->","protected":false},"excerpt":{"rendered":"<p>En Sarthe, m\u00eame les trains ont des secrets&#8230; \u00c0 vous de les percer cet \u00e9t\u00e9 ! La saison estivale bat son plein, nous continuons cet \u00e9t\u00e9 \u00e0 vous faire d\u00e9couvrir les p\u00e9pites du d\u00e9partement. \u00a0Aujourd\u2019hui, on vous embarque pour un voyage hors du temps, direction Semur-en-Vallon, entre Saint-Calais et La Fert\u00e9-Bernard, \u00e0 bord du Mus\u00e9otrain&hellip;<!-- AddThis Advanced Settings generic via filter on get_the_excerpt --><!-- AddThis Share Buttons generic via filter on get_the_excerpt --><\/p>\n","protected":false},"author":5,"featured_media":19886,"comment_status":"closed","ping_status":"open","sticky":false,"template":"","format":"standard","meta":{"footnotes":""},"categories":[1,79],"tags":[],"class_list":["post-19885","post","type-post","status-publish","format-standard","has-post-thumbnail","hentry","category-contact-fm-72","category-destination-vacances","category-1","category-79","description-off"],"yoast_head":"<!-- This site is optimized with the Yoast SEO plugin v27.4 - https:\/\/yoast.com\/product\/yoast-seo-wordpress\/ -->\n<title>Sarthe Express : destination le Mus\u00e9otrain ! - Contact FM 99.3<\/title>\n<meta name=\"description\" content=\"Partez pour un voyage dans le temps \u00e0 bord du Mus\u00e9otrain \u00e0 Semur-en-Vallon ! Les 22 et 23 ao\u00fbt, r\u00e9solvez une \u00e9nigme grandeur nature avec le Cluedo &quot;Meurtre dans le train du soir&quot;. Une exp\u00e9rience immersive entre patrimoine et myst\u00e8re en Sarthe.\" \/>\n<meta name=\"robots\" content=\"index, follow, max-snippet:-1, max-image-preview:large, max-video-preview:-1\" \/>\n<link rel=\"canonical\" href=\"https:\/\/contactfm72.fr\/?p=19885\" \/>\n<meta property=\"og:locale\" content=\"fr_FR\" \/>\n<meta property=\"og:type\" content=\"article\" \/>\n<meta property=\"og:title\" content=\"Sarthe Express : destination le Mus\u00e9otrain ! - Contact FM 99.3\" \/>\n<meta property=\"og:description\" content=\"Partez pour un voyage dans le temps \u00e0 bord du Mus\u00e9otrain \u00e0 Semur-en-Vallon ! Les 22 et 23 ao\u00fbt, r\u00e9solvez une \u00e9nigme grandeur nature avec le Cluedo &quot;Meurtre dans le train du soir&quot;. Une exp\u00e9rience immersive entre patrimoine et myst\u00e8re en Sarthe.\" \/>\n<meta property=\"og:url\" content=\"https:\/\/contactfm72.fr\/?p=19885\" \/>\n<meta property=\"og:site_name\" content=\"Contact FM 99.3\" \/>\n<meta property=\"article:publisher\" content=\"https:\/\/www.facebook.com\/Contactfm.Chateauduloir\" \/>\n<meta property=\"article:published_time\" content=\"2025-07-17T08:41:54+00:00\" \/>\n<meta property=\"article:modified_time\" content=\"2025-07-17T08:42:08+00:00\" \/>\n<meta property=\"og:image\" content=\"http:\/\/contactfm72.fr\/wp-content\/uploads\/2025\/07\/Visuel-Contact-FM-2-1.jpg\" \/>\n\t<meta property=\"og:image:width\" content=\"2016\" \/>\n\t<meta property=\"og:image:height\" content=\"1512\" \/>\n\t<meta property=\"og:image:type\" content=\"image\/jpeg\" \/>\n<meta name=\"author\" content=\"redaction2@contactfm72.fr\" \/>\n<meta name=\"twitter:card\" content=\"summary_large_image\" \/>\n<meta name=\"twitter:creator\" content=\"@contactfm72\" \/>\n<meta name=\"twitter:site\" content=\"@contactfm72\" \/>\n<meta name=\"twitter:label1\" content=\"\u00c9crit par\" \/>\n\t<meta name=\"twitter:data1\" content=\"redaction2@contactfm72.fr\" \/>\n\t<meta name=\"twitter:label2\" content=\"Dur\u00e9e de lecture estim\u00e9e\" \/>\n\t<meta name=\"twitter:data2\" content=\"1 minute\" \/>\n<script type=\"application\/ld+json\" class=\"yoast-schema-graph\">{\"@context\":\"https:\\\/\\\/schema.org\",\"@graph\":[{\"@type\":\"Article\",\"@id\":\"https:\\\/\\\/contactfm72.fr\\\/?p=19885#article\",\"isPartOf\":{\"@id\":\"https:\\\/\\\/contactfm72.fr\\\/?p=19885\"},\"author\":{\"name\":\"redaction2@contactfm72.fr\",\"@id\":\"https:\\\/\\\/contactfm72.fr\\\/#\\\/schema\\\/person\\\/d2ef09cdea7331b185acaddc4d14dda8\"},\"headline\":\"Sarthe Express : destination le Mus\u00e9otrain !\",\"datePublished\":\"2025-07-17T08:41:54+00:00\",\"dateModified\":\"2025-07-17T08:42:08+00:00\",\"mainEntityOfPage\":{\"@id\":\"https:\\\/\\\/contactfm72.fr\\\/?p=19885\"},\"wordCount\":146,\"publisher\":{\"@id\":\"https:\\\/\\\/contactfm72.fr\\\/#organization\"},\"image\":{\"@id\":\"https:\\\/\\\/contactfm72.fr\\\/?p=19885#primaryimage\"},\"thumbnailUrl\":\"https:\\\/\\\/contactfm72.fr\\\/wp-content\\\/uploads\\\/2025\\\/07\\\/Visuel-Contact-FM-2-1.jpg\",\"articleSection\":[\"Contact FM 72\",\"Destination vacances\"],\"inLanguage\":\"fr-FR\"},{\"@type\":\"WebPage\",\"@id\":\"https:\\\/\\\/contactfm72.fr\\\/?p=19885\",\"url\":\"https:\\\/\\\/contactfm72.fr\\\/?p=19885\",\"name\":\"Sarthe Express : destination le Mus\u00e9otrain ! - Contact FM 99.3\",\"isPartOf\":{\"@id\":\"https:\\\/\\\/contactfm72.fr\\\/#website\"},\"primaryImageOfPage\":{\"@id\":\"https:\\\/\\\/contactfm72.fr\\\/?p=19885#primaryimage\"},\"image\":{\"@id\":\"https:\\\/\\\/contactfm72.fr\\\/?p=19885#primaryimage\"},\"thumbnailUrl\":\"https:\\\/\\\/contactfm72.fr\\\/wp-content\\\/uploads\\\/2025\\\/07\\\/Visuel-Contact-FM-2-1.jpg\",\"datePublished\":\"2025-07-17T08:41:54+00:00\",\"dateModified\":\"2025-07-17T08:42:08+00:00\",\"description\":\"Partez pour un voyage dans le temps \u00e0 bord du Mus\u00e9otrain \u00e0 Semur-en-Vallon ! Les 22 et 23 ao\u00fbt, r\u00e9solvez une \u00e9nigme grandeur nature avec le Cluedo \\\"Meurtre dans le train du soir\\\". Une exp\u00e9rience immersive entre patrimoine et myst\u00e8re en Sarthe.\",\"breadcrumb\":{\"@id\":\"https:\\\/\\\/contactfm72.fr\\\/?p=19885#breadcrumb\"},\"inLanguage\":\"fr-FR\",\"potentialAction\":[{\"@type\":\"ReadAction\",\"target\":[\"https:\\\/\\\/contactfm72.fr\\\/?p=19885\"]}]},{\"@type\":\"ImageObject\",\"inLanguage\":\"fr-FR\",\"@id\":\"https:\\\/\\\/contactfm72.fr\\\/?p=19885#primaryimage\",\"url\":\"https:\\\/\\\/contactfm72.fr\\\/wp-content\\\/uploads\\\/2025\\\/07\\\/Visuel-Contact-FM-2-1.jpg\",\"contentUrl\":\"https:\\\/\\\/contactfm72.fr\\\/wp-content\\\/uploads\\\/2025\\\/07\\\/Visuel-Contact-FM-2-1.jpg\",\"width\":2016,\"height\":1512},{\"@type\":\"BreadcrumbList\",\"@id\":\"https:\\\/\\\/contactfm72.fr\\\/?p=19885#breadcrumb\",\"itemListElement\":[{\"@type\":\"ListItem\",\"position\":1,\"name\":\"Accueil\",\"item\":\"https:\\\/\\\/contactfm72.fr\\\/\"},{\"@type\":\"ListItem\",\"position\":2,\"name\":\"Sarthe Express : destination le Mus\u00e9otrain !\"}]},{\"@type\":\"WebSite\",\"@id\":\"https:\\\/\\\/contactfm72.fr\\\/#website\",\"url\":\"https:\\\/\\\/contactfm72.fr\\\/\",\"name\":\"Contact FM 99.3\",\"description\":\"Votre radio en vall\u00e9e du Loir\",\"publisher\":{\"@id\":\"https:\\\/\\\/contactfm72.fr\\\/#organization\"},\"potentialAction\":[{\"@type\":\"SearchAction\",\"target\":{\"@type\":\"EntryPoint\",\"urlTemplate\":\"https:\\\/\\\/contactfm72.fr\\\/?s={search_term_string}\"},\"query-input\":{\"@type\":\"PropertyValueSpecification\",\"valueRequired\":true,\"valueName\":\"search_term_string\"}}],\"inLanguage\":\"fr-FR\"},{\"@type\":\"Organization\",\"@id\":\"https:\\\/\\\/contactfm72.fr\\\/#organization\",\"name\":\"Contact FM 99.3\",\"url\":\"https:\\\/\\\/contactfm72.fr\\\/\",\"logo\":{\"@type\":\"ImageObject\",\"inLanguage\":\"fr-FR\",\"@id\":\"https:\\\/\\\/contactfm72.fr\\\/#\\\/schema\\\/logo\\\/image\\\/\",\"url\":\"https:\\\/\\\/contactfm72.fr\\\/wp-content\\\/uploads\\\/2025\\\/04\\\/2025-04-18-2.jpg\",\"contentUrl\":\"https:\\\/\\\/contactfm72.fr\\\/wp-content\\\/uploads\\\/2025\\\/04\\\/2025-04-18-2.jpg\",\"width\":680,\"height\":307,\"caption\":\"Contact FM 99.3\"},\"image\":{\"@id\":\"https:\\\/\\\/contactfm72.fr\\\/#\\\/schema\\\/logo\\\/image\\\/\"},\"sameAs\":[\"https:\\\/\\\/www.facebook.com\\\/Contactfm.Chateauduloir\",\"https:\\\/\\\/x.com\\\/contactfm72\",\"https:\\\/\\\/www.instagram.com\\\/contact.fm.72?igsh=cGhlMHQ5N2JlNnpp\",\"https:\\\/\\\/www.tiktok.com\\\/@contact.fm\"]},{\"@type\":\"Person\",\"@id\":\"https:\\\/\\\/contactfm72.fr\\\/#\\\/schema\\\/person\\\/d2ef09cdea7331b185acaddc4d14dda8\",\"name\":\"redaction2@contactfm72.fr\",\"image\":{\"@type\":\"ImageObject\",\"inLanguage\":\"fr-FR\",\"@id\":\"https:\\\/\\\/secure.gravatar.com\\\/avatar\\\/897f3d57289c1f4c62cade1c2606ba6ded18d5f1676845e668a9f21cb751c06b?s=96&d=mm&r=g\",\"url\":\"https:\\\/\\\/secure.gravatar.com\\\/avatar\\\/897f3d57289c1f4c62cade1c2606ba6ded18d5f1676845e668a9f21cb751c06b?s=96&d=mm&r=g\",\"contentUrl\":\"https:\\\/\\\/secure.gravatar.com\\\/avatar\\\/897f3d57289c1f4c62cade1c2606ba6ded18d5f1676845e668a9f21cb751c06b?s=96&d=mm&r=g\",\"caption\":\"redaction2@contactfm72.fr\"},\"url\":\"https:\\\/\\\/contactfm72.fr\\\/?author=5\"}]}<\/script>\n<!-- \/ Yoast SEO plugin. -->","yoast_head_json":{"title":"Sarthe Express : destination le Mus\u00e9otrain ! - Contact FM 99.3","description":"Partez pour un voyage dans le temps \u00e0 bord du Mus\u00e9otrain \u00e0 Semur-en-Vallon ! Les 22 et 23 ao\u00fbt, r\u00e9solvez une \u00e9nigme grandeur nature avec le Cluedo \"Meurtre dans le train du soir\". Une exp\u00e9rience immersive entre patrimoine et myst\u00e8re en Sarthe.","robots":{"index":"index","follow":"follow","max-snippet":"max-snippet:-1","max-image-preview":"max-image-preview:large","max-video-preview":"max-video-preview:-1"},"canonical":"https:\/\/contactfm72.fr\/?p=19885","og_locale":"fr_FR","og_type":"article","og_title":"Sarthe Express : destination le Mus\u00e9otrain ! - Contact FM 99.3","og_description":"Partez pour un voyage dans le temps \u00e0 bord du Mus\u00e9otrain \u00e0 Semur-en-Vallon ! Les 22 et 23 ao\u00fbt, r\u00e9solvez une \u00e9nigme grandeur nature avec le Cluedo \"Meurtre dans le train du soir\". Une exp\u00e9rience immersive entre patrimoine et myst\u00e8re en Sarthe.","og_url":"https:\/\/contactfm72.fr\/?p=19885","og_site_name":"Contact FM 99.3","article_publisher":"https:\/\/www.facebook.com\/Contactfm.Chateauduloir","article_published_time":"2025-07-17T08:41:54+00:00","article_modified_time":"2025-07-17T08:42:08+00:00","og_image":[{"width":2016,"height":1512,"url":"http:\/\/contactfm72.fr\/wp-content\/uploads\/2025\/07\/Visuel-Contact-FM-2-1.jpg","type":"image\/jpeg"}],"author":"redaction2@contactfm72.fr","twitter_card":"summary_large_image","twitter_creator":"@contactfm72","twitter_site":"@contactfm72","twitter_misc":{"\u00c9crit par":"redaction2@contactfm72.fr","Dur\u00e9e de lecture estim\u00e9e":"1 minute"},"schema":{"@context":"https:\/\/schema.org","@graph":[{"@type":"Article","@id":"https:\/\/contactfm72.fr\/?p=19885#article","isPartOf":{"@id":"https:\/\/contactfm72.fr\/?p=19885"},"author":{"name":"redaction2@contactfm72.fr","@id":"https:\/\/contactfm72.fr\/#\/schema\/person\/d2ef09cdea7331b185acaddc4d14dda8"},"headline":"Sarthe Express : destination le Mus\u00e9otrain !","datePublished":"2025-07-17T08:41:54+00:00","dateModified":"2025-07-17T08:42:08+00:00","mainEntityOfPage":{"@id":"https:\/\/contactfm72.fr\/?p=19885"},"wordCount":146,"publisher":{"@id":"https:\/\/contactfm72.fr\/#organization"},"image":{"@id":"https:\/\/contactfm72.fr\/?p=19885#primaryimage"},"thumbnailUrl":"https:\/\/contactfm72.fr\/wp-content\/uploads\/2025\/07\/Visuel-Contact-FM-2-1.jpg","articleSection":["Contact FM 72","Destination vacances"],"inLanguage":"fr-FR"},{"@type":"WebPage","@id":"https:\/\/contactfm72.fr\/?p=19885","url":"https:\/\/contactfm72.fr\/?p=19885","name":"Sarthe Express : destination le Mus\u00e9otrain ! - Contact FM 99.3","isPartOf":{"@id":"https:\/\/contactfm72.fr\/#website"},"primaryImageOfPage":{"@id":"https:\/\/contactfm72.fr\/?p=19885#primaryimage"},"image":{"@id":"https:\/\/contactfm72.fr\/?p=19885#primaryimage"},"thumbnailUrl":"https:\/\/contactfm72.fr\/wp-content\/uploads\/2025\/07\/Visuel-Contact-FM-2-1.jpg","datePublished":"2025-07-17T08:41:54+00:00","dateModified":"2025-07-17T08:42:08+00:00","description":"Partez pour un voyage dans le temps \u00e0 bord du Mus\u00e9otrain \u00e0 Semur-en-Vallon ! Les 22 et 23 ao\u00fbt, r\u00e9solvez une \u00e9nigme grandeur nature avec le Cluedo \"Meurtre dans le train du soir\". Une exp\u00e9rience immersive entre patrimoine et myst\u00e8re en Sarthe.","breadcrumb":{"@id":"https:\/\/contactfm72.fr\/?p=19885#breadcrumb"},"inLanguage":"fr-FR","potentialAction":[{"@type":"ReadAction","target":["https:\/\/contactfm72.fr\/?p=19885"]}]},{"@type":"ImageObject","inLanguage":"fr-FR","@id":"https:\/\/contactfm72.fr\/?p=19885#primaryimage","url":"https:\/\/contactfm72.fr\/wp-content\/uploads\/2025\/07\/Visuel-Contact-FM-2-1.jpg","contentUrl":"https:\/\/contactfm72.fr\/wp-content\/uploads\/2025\/07\/Visuel-Contact-FM-2-1.jpg","width":2016,"height":1512},{"@type":"BreadcrumbList","@id":"https:\/\/contactfm72.fr\/?p=19885#breadcrumb","itemListElement":[{"@type":"ListItem","position":1,"name":"Accueil","item":"https:\/\/contactfm72.fr\/"},{"@type":"ListItem","position":2,"name":"Sarthe Express : destination le Mus\u00e9otrain !"}]},{"@type":"WebSite","@id":"https:\/\/contactfm72.fr\/#website","url":"https:\/\/contactfm72.fr\/","name":"Contact FM 99.3","description":"Votre radio en vall\u00e9e du Loir","publisher":{"@id":"https:\/\/contactfm72.fr\/#organization"},"potentialAction":[{"@type":"SearchAction","target":{"@type":"EntryPoint","urlTemplate":"https:\/\/contactfm72.fr\/?s={search_term_string}"},"query-input":{"@type":"PropertyValueSpecification","valueRequired":true,"valueName":"search_term_string"}}],"inLanguage":"fr-FR"},{"@type":"Organization","@id":"https:\/\/contactfm72.fr\/#organization","name":"Contact FM 99.3","url":"https:\/\/contactfm72.fr\/","logo":{"@type":"ImageObject","inLanguage":"fr-FR","@id":"https:\/\/contactfm72.fr\/#\/schema\/logo\/image\/","url":"https:\/\/contactfm72.fr\/wp-content\/uploads\/2025\/04\/2025-04-18-2.jpg","contentUrl":"https:\/\/contactfm72.fr\/wp-content\/uploads\/2025\/04\/2025-04-18-2.jpg","width":680,"height":307,"caption":"Contact FM 99.3"},"image":{"@id":"https:\/\/contactfm72.fr\/#\/schema\/logo\/image\/"},"sameAs":["https:\/\/www.facebook.com\/Contactfm.Chateauduloir","https:\/\/x.com\/contactfm72","https:\/\/www.instagram.com\/contact.fm.72?igsh=cGhlMHQ5N2JlNnpp","https:\/\/www.tiktok.com\/@contact.fm"]},{"@type":"Person","@id":"https:\/\/contactfm72.fr\/#\/schema\/person\/d2ef09cdea7331b185acaddc4d14dda8","name":"redaction2@contactfm72.fr","image":{"@type":"ImageObject","inLanguage":"fr-FR","@id":"https:\/\/secure.gravatar.com\/avatar\/897f3d57289c1f4c62cade1c2606ba6ded18d5f1676845e668a9f21cb751c06b?s=96&d=mm&r=g","url":"https:\/\/secure.gravatar.com\/avatar\/897f3d57289c1f4c62cade1c2606ba6ded18d5f1676845e668a9f21cb751c06b?s=96&d=mm&r=g","contentUrl":"https:\/\/secure.gravatar.com\/avatar\/897f3d57289c1f4c62cade1c2606ba6ded18d5f1676845e668a9f21cb751c06b?s=96&d=mm&r=g","caption":"redaction2@contactfm72.fr"},"url":"https:\/\/contactfm72.fr\/?author=5"}]}},"_links":{"self":[{"href":"https:\/\/contactfm72.fr\/index.php?rest_route=\/wp\/v2\/posts\/19885","targetHints":{"allow":["GET"]}}],"collection":[{"href":"https:\/\/contactfm72.fr\/index.php?rest_route=\/wp\/v2\/posts"}],"about":[{"href":"https:\/\/contactfm72.fr\/index.php?rest_route=\/wp\/v2\/types\/post"}],"author":[{"embeddable":true,"href":"https:\/\/contactfm72.fr\/index.php?rest_route=\/wp\/v2\/users\/5"}],"replies":[{"embeddable":true,"href":"https:\/\/contactfm72.fr\/index.php?rest_route=%2Fwp%2Fv2%2Fcomments&post=19885"}],"version-history":[{"count":1,"href":"https:\/\/contactfm72.fr\/index.php?rest_route=\/wp\/v2\/posts\/19885\/revisions"}],"predecessor-version":[{"id":19887,"href":"https:\/\/contactfm72.fr\/index.php?rest_route=\/wp\/v2\/posts\/19885\/revisions\/19887"}],"wp:featuredmedia":[{"embeddable":true,"href":"https:\/\/contactfm72.fr\/index.php?rest_route=\/wp\/v2\/media\/19886"}],"wp:attachment":[{"href":"https:\/\/contactfm72.fr\/index.php?rest_route=%2Fwp%2Fv2%2Fmedia&parent=19885"}],"wp:term":[{"taxonomy":"category","embeddable":true,"href":"https:\/\/contactfm72.fr\/index.php?rest_route=%2Fwp%2Fv2%2Fcategories&post=19885"},{"taxonomy":"post_tag","embeddable":true,"href":"https:\/\/contactfm72.fr\/index.php?rest_route=%2Fwp%2Fv2%2Ftags&post=19885"}],"curies":[{"name":"wp","href":"https:\/\/api.w.org\/{rel}","templated":true}]}}