{"id":19859,"date":"2025-07-11T10:18:46","date_gmt":"2025-07-11T08:18:46","guid":{"rendered":"https:\/\/contactfm72.fr\/?p=19859"},"modified":"2025-07-11T12:00:15","modified_gmt":"2025-07-11T10:00:15","slug":"dans-latelier-secret-de-michel-boillot-a-la-chartre-sur-le-loir","status":"publish","type":"post","link":"https:\/\/contactfm72.fr\/?p=19859","title":{"rendered":"Dans l\u2019atelier secret de Michel Boillot \u00e0 La Chartre-sur-Le-Loir"},"content":{"rendered":"<p>Michel Boillot est un des ambassadeurs de &#8220;La Chartre-sur-le-Loir&#8221;<\/p>\n<p>\u00c2g\u00e9 aujourd&#8217;hui de 90 ans, le c\u00e9ramiste Michel Boillot a beaucoup d&#8217;histoires \u00e0 raconter, pendant des d\u00e9cennies, son imagination n&#8217;a pas de limites et c&#8217;est pourquoi, des portes ouvertes sont organis\u00e9es durant plusieurs p\u00e9riodes. Aid\u00e9 de ses enfants : Cl\u00e9ment &amp; Henri Boillot, vous allez pouvoir d\u00e9couvrir les nombreuses \u0153uvres, les histoires de l&#8217;artiste avec notamment sa rencontre avec l&#8217;animateur Pierre Bellemare.<\/p>\n<p>Michel &amp; Cl\u00e9ment Boillot expliquent le programme de ces week-end de portes ouvertes dans &#8220;Destination Vacances&#8221; le vendredi 11 juillet \u00e0 12h30, 15h30, 18h30, le samedi 12 juillet \u00e0 10h, le dimanche 13 juillet \u00e0 13h.<\/p>\n<p>Les informations en plus :<\/p>\n<p>&#8220;<em><strong>Les ateliers du L\u00e9rot<\/strong><\/em>&#8221; : 18 rue de la madeleine \u00e0 La Chartre-sur-le-Loir<\/p>\n<div id=\"audioigniter-527\" class=\"audioigniter-root \" data-player-type=\"full\" data-tracks-url=\"https:\/\/contactfm72.fr\/?audioigniter_playlist_id=527\" data-display-track-no=\"false\" data-reverse-track-order=\"false\" data-display-tracklist-covers=\"false\" data-display-active-cover=\"false\" data-display-artist-names=\"false\" data-display-buy-buttons=\"true\" data-buy-buttons-target=\"false\" data-cycle-tracks=\"false\" data-display-credits=\"false\" data-display-tracklist=\"true\" data-allow-tracklist-toggle=\"false\" data-allow-tracklist-loop=\"true\" data-limit-tracklist-height=\"true\" data-volume=\"100\" data-tracklist-height=\"185\" data-allow-track-loop=\"false\" ><\/div>\n<!-- AddThis Advanced Settings generic via filter on the_content --><!-- AddThis Share Buttons generic via filter on the_content -->","protected":false},"excerpt":{"rendered":"<p>Michel Boillot est un des ambassadeurs de &#8220;La Chartre-sur-le-Loir&#8221; \u00c2g\u00e9 aujourd&#8217;hui de 90 ans, le c\u00e9ramiste Michel Boillot a beaucoup d&#8217;histoires \u00e0 raconter, pendant des d\u00e9cennies, son imagination n&#8217;a pas de limites et c&#8217;est pourquoi, des portes ouvertes sont organis\u00e9es durant plusieurs p\u00e9riodes. Aid\u00e9 de ses enfants : Cl\u00e9ment &amp; Henri Boillot, vous allez pouvoir&hellip;<!-- AddThis Advanced Settings generic via filter on get_the_excerpt --><!-- AddThis Share Buttons generic via filter on get_the_excerpt --><\/p>\n","protected":false},"author":5,"featured_media":19860,"comment_status":"closed","ping_status":"open","sticky":false,"template":"","format":"standard","meta":{"footnotes":""},"categories":[1,79],"tags":[],"class_list":["post-19859","post","type-post","status-publish","format-standard","has-post-thumbnail","hentry","category-contact-fm-72","category-destination-vacances","category-1","category-79","description-off"],"yoast_head":"<!-- This site is optimized with the Yoast SEO plugin v27.4 - https:\/\/yoast.com\/product\/yoast-seo-wordpress\/ -->\n<title>Dans l\u2019atelier secret de Michel Boillot \u00e0 La Chartre-sur-Le-Loir - Contact FM 99.3<\/title>\n<meta name=\"description\" content=\"Michel Boillot est un des ambassadeurs de &quot;La Chartre-sur-le-Loir&quot;\u00c2g\u00e9 aujourd&#039;hui de 90 ans, le c\u00e9ramiste Michel Boillot a beaucoup d&#039;histoires \u00e0 raconter, pendant des d\u00e9cennies, son imagination n&#039;a eu aucunes limites et c&#039;est pourquoi, des portes ouvertes sont organis\u00e9s durant plusieurs week-end. Aid\u00e9 de ses enfants : Cl\u00e9ment &amp; Henri Boillot, vous allez pouvoir d\u00e9couvrir les nombreuses oeuvres, les histoires de l&#039;artiste avec notamment sa rencontre avec l&#039;animateur Pierre Bellemare.Michel &amp; Cl\u00e9ment Boillot expliquent le programme de ces week-end de portes ouvertes dans &quot;Destination Vacances&quot; le vendredi 11 juillet \u00e0 12h30, 15h30, 18h30, le samedi 12 juillet \u00e0 10h, le dimanche 13 juillet \u00e0 13h.Les informations en plus :&quot;Les ateliers du L\u00e9rot&quot; : 18 rue de la madeleine \u00e0 La Chartre-sur-le-Loir\" \/>\n<meta name=\"robots\" content=\"index, follow, max-snippet:-1, max-image-preview:large, max-video-preview:-1\" \/>\n<link rel=\"canonical\" href=\"https:\/\/contactfm72.fr\/?p=19859\" \/>\n<meta property=\"og:locale\" content=\"fr_FR\" \/>\n<meta property=\"og:type\" content=\"article\" \/>\n<meta property=\"og:title\" content=\"Dans l\u2019atelier secret de Michel Boillot \u00e0 La Chartre-sur-Le-Loir - Contact FM 99.3\" \/>\n<meta property=\"og:description\" content=\"Michel Boillot est un des ambassadeurs de &quot;La Chartre-sur-le-Loir&quot;\u00c2g\u00e9 aujourd&#039;hui de 90 ans, le c\u00e9ramiste Michel Boillot a beaucoup d&#039;histoires \u00e0 raconter, pendant des d\u00e9cennies, son imagination n&#039;a eu aucunes limites et c&#039;est pourquoi, des portes ouvertes sont organis\u00e9s durant plusieurs week-end. Aid\u00e9 de ses enfants : Cl\u00e9ment &amp; Henri Boillot, vous allez pouvoir d\u00e9couvrir les nombreuses oeuvres, les histoires de l&#039;artiste avec notamment sa rencontre avec l&#039;animateur Pierre Bellemare.Michel &amp; Cl\u00e9ment Boillot expliquent le programme de ces week-end de portes ouvertes dans &quot;Destination Vacances&quot; le vendredi 11 juillet \u00e0 12h30, 15h30, 18h30, le samedi 12 juillet \u00e0 10h, le dimanche 13 juillet \u00e0 13h.Les informations en plus :&quot;Les ateliers du L\u00e9rot&quot; : 18 rue de la madeleine \u00e0 La Chartre-sur-le-Loir\" \/>\n<meta property=\"og:url\" content=\"https:\/\/contactfm72.fr\/?p=19859\" \/>\n<meta property=\"og:site_name\" content=\"Contact FM 99.3\" \/>\n<meta property=\"article:publisher\" content=\"https:\/\/www.facebook.com\/Contactfm.Chateauduloir\" \/>\n<meta property=\"article:published_time\" content=\"2025-07-11T08:18:46+00:00\" \/>\n<meta property=\"article:modified_time\" content=\"2025-07-11T10:00:15+00:00\" \/>\n<meta property=\"og:image\" content=\"http:\/\/contactfm72.fr\/wp-content\/uploads\/2025\/07\/Visuel-Contact-FM-1.jpg\" \/>\n\t<meta property=\"og:image:width\" content=\"2016\" \/>\n\t<meta property=\"og:image:height\" content=\"1512\" \/>\n\t<meta property=\"og:image:type\" content=\"image\/jpeg\" \/>\n<meta name=\"author\" content=\"redaction2@contactfm72.fr\" \/>\n<meta name=\"twitter:card\" content=\"summary_large_image\" \/>\n<meta name=\"twitter:creator\" content=\"@contactfm72\" \/>\n<meta name=\"twitter:site\" content=\"@contactfm72\" \/>\n<meta name=\"twitter:label1\" content=\"\u00c9crit par\" \/>\n\t<meta name=\"twitter:data1\" content=\"redaction2@contactfm72.fr\" \/>\n\t<meta name=\"twitter:label2\" content=\"Dur\u00e9e de lecture estim\u00e9e\" \/>\n\t<meta name=\"twitter:data2\" content=\"1 minute\" \/>\n<script type=\"application\/ld+json\" class=\"yoast-schema-graph\">{\"@context\":\"https:\\\/\\\/schema.org\",\"@graph\":[{\"@type\":\"Article\",\"@id\":\"https:\\\/\\\/contactfm72.fr\\\/?p=19859#article\",\"isPartOf\":{\"@id\":\"https:\\\/\\\/contactfm72.fr\\\/?p=19859\"},\"author\":{\"name\":\"redaction2@contactfm72.fr\",\"@id\":\"https:\\\/\\\/contactfm72.fr\\\/#\\\/schema\\\/person\\\/d2ef09cdea7331b185acaddc4d14dda8\"},\"headline\":\"Dans l\u2019atelier secret de Michel Boillot \u00e0 La Chartre-sur-Le-Loir\",\"datePublished\":\"2025-07-11T08:18:46+00:00\",\"dateModified\":\"2025-07-11T10:00:15+00:00\",\"mainEntityOfPage\":{\"@id\":\"https:\\\/\\\/contactfm72.fr\\\/?p=19859\"},\"wordCount\":138,\"publisher\":{\"@id\":\"https:\\\/\\\/contactfm72.fr\\\/#organization\"},\"image\":{\"@id\":\"https:\\\/\\\/contactfm72.fr\\\/?p=19859#primaryimage\"},\"thumbnailUrl\":\"https:\\\/\\\/contactfm72.fr\\\/wp-content\\\/uploads\\\/2025\\\/07\\\/Visuel-Contact-FM-1.jpg\",\"articleSection\":[\"Contact FM 72\",\"Destination vacances\"],\"inLanguage\":\"fr-FR\"},{\"@type\":\"WebPage\",\"@id\":\"https:\\\/\\\/contactfm72.fr\\\/?p=19859\",\"url\":\"https:\\\/\\\/contactfm72.fr\\\/?p=19859\",\"name\":\"Dans l\u2019atelier secret de Michel Boillot \u00e0 La Chartre-sur-Le-Loir - Contact FM 99.3\",\"isPartOf\":{\"@id\":\"https:\\\/\\\/contactfm72.fr\\\/#website\"},\"primaryImageOfPage\":{\"@id\":\"https:\\\/\\\/contactfm72.fr\\\/?p=19859#primaryimage\"},\"image\":{\"@id\":\"https:\\\/\\\/contactfm72.fr\\\/?p=19859#primaryimage\"},\"thumbnailUrl\":\"https:\\\/\\\/contactfm72.fr\\\/wp-content\\\/uploads\\\/2025\\\/07\\\/Visuel-Contact-FM-1.jpg\",\"datePublished\":\"2025-07-11T08:18:46+00:00\",\"dateModified\":\"2025-07-11T10:00:15+00:00\",\"description\":\"Michel Boillot est un des ambassadeurs de \\\"La Chartre-sur-le-Loir\\\"\u00c2g\u00e9 aujourd'hui de 90 ans, le c\u00e9ramiste Michel Boillot a beaucoup d'histoires \u00e0 raconter, pendant des d\u00e9cennies, son imagination n'a eu aucunes limites et c'est pourquoi, des portes ouvertes sont organis\u00e9s durant plusieurs week-end. Aid\u00e9 de ses enfants : Cl\u00e9ment & Henri Boillot, vous allez pouvoir d\u00e9couvrir les nombreuses oeuvres, les histoires de l'artiste avec notamment sa rencontre avec l'animateur Pierre Bellemare.Michel & Cl\u00e9ment Boillot expliquent le programme de ces week-end de portes ouvertes dans \\\"Destination Vacances\\\" le vendredi 11 juillet \u00e0 12h30, 15h30, 18h30, le samedi 12 juillet \u00e0 10h, le dimanche 13 juillet \u00e0 13h.Les informations en plus :\\\"Les ateliers du L\u00e9rot\\\" : 18 rue de la madeleine \u00e0 La Chartre-sur-le-Loir\",\"breadcrumb\":{\"@id\":\"https:\\\/\\\/contactfm72.fr\\\/?p=19859#breadcrumb\"},\"inLanguage\":\"fr-FR\",\"potentialAction\":[{\"@type\":\"ReadAction\",\"target\":[\"https:\\\/\\\/contactfm72.fr\\\/?p=19859\"]}]},{\"@type\":\"ImageObject\",\"inLanguage\":\"fr-FR\",\"@id\":\"https:\\\/\\\/contactfm72.fr\\\/?p=19859#primaryimage\",\"url\":\"https:\\\/\\\/contactfm72.fr\\\/wp-content\\\/uploads\\\/2025\\\/07\\\/Visuel-Contact-FM-1.jpg\",\"contentUrl\":\"https:\\\/\\\/contactfm72.fr\\\/wp-content\\\/uploads\\\/2025\\\/07\\\/Visuel-Contact-FM-1.jpg\",\"width\":2016,\"height\":1512},{\"@type\":\"BreadcrumbList\",\"@id\":\"https:\\\/\\\/contactfm72.fr\\\/?p=19859#breadcrumb\",\"itemListElement\":[{\"@type\":\"ListItem\",\"position\":1,\"name\":\"Accueil\",\"item\":\"https:\\\/\\\/contactfm72.fr\\\/\"},{\"@type\":\"ListItem\",\"position\":2,\"name\":\"Dans l\u2019atelier secret de Michel Boillot \u00e0 La Chartre-sur-Le-Loir\"}]},{\"@type\":\"WebSite\",\"@id\":\"https:\\\/\\\/contactfm72.fr\\\/#website\",\"url\":\"https:\\\/\\\/contactfm72.fr\\\/\",\"name\":\"Contact FM 99.3\",\"description\":\"Votre radio en vall\u00e9e du Loir\",\"publisher\":{\"@id\":\"https:\\\/\\\/contactfm72.fr\\\/#organization\"},\"potentialAction\":[{\"@type\":\"SearchAction\",\"target\":{\"@type\":\"EntryPoint\",\"urlTemplate\":\"https:\\\/\\\/contactfm72.fr\\\/?s={search_term_string}\"},\"query-input\":{\"@type\":\"PropertyValueSpecification\",\"valueRequired\":true,\"valueName\":\"search_term_string\"}}],\"inLanguage\":\"fr-FR\"},{\"@type\":\"Organization\",\"@id\":\"https:\\\/\\\/contactfm72.fr\\\/#organization\",\"name\":\"Contact FM 99.3\",\"url\":\"https:\\\/\\\/contactfm72.fr\\\/\",\"logo\":{\"@type\":\"ImageObject\",\"inLanguage\":\"fr-FR\",\"@id\":\"https:\\\/\\\/contactfm72.fr\\\/#\\\/schema\\\/logo\\\/image\\\/\",\"url\":\"https:\\\/\\\/contactfm72.fr\\\/wp-content\\\/uploads\\\/2025\\\/04\\\/2025-04-18-2.jpg\",\"contentUrl\":\"https:\\\/\\\/contactfm72.fr\\\/wp-content\\\/uploads\\\/2025\\\/04\\\/2025-04-18-2.jpg\",\"width\":680,\"height\":307,\"caption\":\"Contact FM 99.3\"},\"image\":{\"@id\":\"https:\\\/\\\/contactfm72.fr\\\/#\\\/schema\\\/logo\\\/image\\\/\"},\"sameAs\":[\"https:\\\/\\\/www.facebook.com\\\/Contactfm.Chateauduloir\",\"https:\\\/\\\/x.com\\\/contactfm72\",\"https:\\\/\\\/www.instagram.com\\\/contact.fm.72?igsh=cGhlMHQ5N2JlNnpp\",\"https:\\\/\\\/www.tiktok.com\\\/@contact.fm\"]},{\"@type\":\"Person\",\"@id\":\"https:\\\/\\\/contactfm72.fr\\\/#\\\/schema\\\/person\\\/d2ef09cdea7331b185acaddc4d14dda8\",\"name\":\"redaction2@contactfm72.fr\",\"image\":{\"@type\":\"ImageObject\",\"inLanguage\":\"fr-FR\",\"@id\":\"https:\\\/\\\/secure.gravatar.com\\\/avatar\\\/897f3d57289c1f4c62cade1c2606ba6ded18d5f1676845e668a9f21cb751c06b?s=96&d=mm&r=g\",\"url\":\"https:\\\/\\\/secure.gravatar.com\\\/avatar\\\/897f3d57289c1f4c62cade1c2606ba6ded18d5f1676845e668a9f21cb751c06b?s=96&d=mm&r=g\",\"contentUrl\":\"https:\\\/\\\/secure.gravatar.com\\\/avatar\\\/897f3d57289c1f4c62cade1c2606ba6ded18d5f1676845e668a9f21cb751c06b?s=96&d=mm&r=g\",\"caption\":\"redaction2@contactfm72.fr\"},\"url\":\"https:\\\/\\\/contactfm72.fr\\\/?author=5\"}]}<\/script>\n<!-- \/ Yoast SEO plugin. -->","yoast_head_json":{"title":"Dans l\u2019atelier secret de Michel Boillot \u00e0 La Chartre-sur-Le-Loir - Contact FM 99.3","description":"Michel Boillot est un des ambassadeurs de \"La Chartre-sur-le-Loir\"\u00c2g\u00e9 aujourd'hui de 90 ans, le c\u00e9ramiste Michel Boillot a beaucoup d'histoires \u00e0 raconter, pendant des d\u00e9cennies, son imagination n'a eu aucunes limites et c'est pourquoi, des portes ouvertes sont organis\u00e9s durant plusieurs week-end. Aid\u00e9 de ses enfants : Cl\u00e9ment & Henri Boillot, vous allez pouvoir d\u00e9couvrir les nombreuses oeuvres, les histoires de l'artiste avec notamment sa rencontre avec l'animateur Pierre Bellemare.Michel & Cl\u00e9ment Boillot expliquent le programme de ces week-end de portes ouvertes dans \"Destination Vacances\" le vendredi 11 juillet \u00e0 12h30, 15h30, 18h30, le samedi 12 juillet \u00e0 10h, le dimanche 13 juillet \u00e0 13h.Les informations en plus :\"Les ateliers du L\u00e9rot\" : 18 rue de la madeleine \u00e0 La Chartre-sur-le-Loir","robots":{"index":"index","follow":"follow","max-snippet":"max-snippet:-1","max-image-preview":"max-image-preview:large","max-video-preview":"max-video-preview:-1"},"canonical":"https:\/\/contactfm72.fr\/?p=19859","og_locale":"fr_FR","og_type":"article","og_title":"Dans l\u2019atelier secret de Michel Boillot \u00e0 La Chartre-sur-Le-Loir - Contact FM 99.3","og_description":"Michel Boillot est un des ambassadeurs de \"La Chartre-sur-le-Loir\"\u00c2g\u00e9 aujourd'hui de 90 ans, le c\u00e9ramiste Michel Boillot a beaucoup d'histoires \u00e0 raconter, pendant des d\u00e9cennies, son imagination n'a eu aucunes limites et c'est pourquoi, des portes ouvertes sont organis\u00e9s durant plusieurs week-end. Aid\u00e9 de ses enfants : Cl\u00e9ment & Henri Boillot, vous allez pouvoir d\u00e9couvrir les nombreuses oeuvres, les histoires de l'artiste avec notamment sa rencontre avec l'animateur Pierre Bellemare.Michel & Cl\u00e9ment Boillot expliquent le programme de ces week-end de portes ouvertes dans \"Destination Vacances\" le vendredi 11 juillet \u00e0 12h30, 15h30, 18h30, le samedi 12 juillet \u00e0 10h, le dimanche 13 juillet \u00e0 13h.Les informations en plus :\"Les ateliers du L\u00e9rot\" : 18 rue de la madeleine \u00e0 La Chartre-sur-le-Loir","og_url":"https:\/\/contactfm72.fr\/?p=19859","og_site_name":"Contact FM 99.3","article_publisher":"https:\/\/www.facebook.com\/Contactfm.Chateauduloir","article_published_time":"2025-07-11T08:18:46+00:00","article_modified_time":"2025-07-11T10:00:15+00:00","og_image":[{"width":2016,"height":1512,"url":"http:\/\/contactfm72.fr\/wp-content\/uploads\/2025\/07\/Visuel-Contact-FM-1.jpg","type":"image\/jpeg"}],"author":"redaction2@contactfm72.fr","twitter_card":"summary_large_image","twitter_creator":"@contactfm72","twitter_site":"@contactfm72","twitter_misc":{"\u00c9crit par":"redaction2@contactfm72.fr","Dur\u00e9e de lecture estim\u00e9e":"1 minute"},"schema":{"@context":"https:\/\/schema.org","@graph":[{"@type":"Article","@id":"https:\/\/contactfm72.fr\/?p=19859#article","isPartOf":{"@id":"https:\/\/contactfm72.fr\/?p=19859"},"author":{"name":"redaction2@contactfm72.fr","@id":"https:\/\/contactfm72.fr\/#\/schema\/person\/d2ef09cdea7331b185acaddc4d14dda8"},"headline":"Dans l\u2019atelier secret de Michel Boillot \u00e0 La Chartre-sur-Le-Loir","datePublished":"2025-07-11T08:18:46+00:00","dateModified":"2025-07-11T10:00:15+00:00","mainEntityOfPage":{"@id":"https:\/\/contactfm72.fr\/?p=19859"},"wordCount":138,"publisher":{"@id":"https:\/\/contactfm72.fr\/#organization"},"image":{"@id":"https:\/\/contactfm72.fr\/?p=19859#primaryimage"},"thumbnailUrl":"https:\/\/contactfm72.fr\/wp-content\/uploads\/2025\/07\/Visuel-Contact-FM-1.jpg","articleSection":["Contact FM 72","Destination vacances"],"inLanguage":"fr-FR"},{"@type":"WebPage","@id":"https:\/\/contactfm72.fr\/?p=19859","url":"https:\/\/contactfm72.fr\/?p=19859","name":"Dans l\u2019atelier secret de Michel Boillot \u00e0 La Chartre-sur-Le-Loir - Contact FM 99.3","isPartOf":{"@id":"https:\/\/contactfm72.fr\/#website"},"primaryImageOfPage":{"@id":"https:\/\/contactfm72.fr\/?p=19859#primaryimage"},"image":{"@id":"https:\/\/contactfm72.fr\/?p=19859#primaryimage"},"thumbnailUrl":"https:\/\/contactfm72.fr\/wp-content\/uploads\/2025\/07\/Visuel-Contact-FM-1.jpg","datePublished":"2025-07-11T08:18:46+00:00","dateModified":"2025-07-11T10:00:15+00:00","description":"Michel Boillot est un des ambassadeurs de \"La Chartre-sur-le-Loir\"\u00c2g\u00e9 aujourd'hui de 90 ans, le c\u00e9ramiste Michel Boillot a beaucoup d'histoires \u00e0 raconter, pendant des d\u00e9cennies, son imagination n'a eu aucunes limites et c'est pourquoi, des portes ouvertes sont organis\u00e9s durant plusieurs week-end. Aid\u00e9 de ses enfants : Cl\u00e9ment & Henri Boillot, vous allez pouvoir d\u00e9couvrir les nombreuses oeuvres, les histoires de l'artiste avec notamment sa rencontre avec l'animateur Pierre Bellemare.Michel & Cl\u00e9ment Boillot expliquent le programme de ces week-end de portes ouvertes dans \"Destination Vacances\" le vendredi 11 juillet \u00e0 12h30, 15h30, 18h30, le samedi 12 juillet \u00e0 10h, le dimanche 13 juillet \u00e0 13h.Les informations en plus :\"Les ateliers du L\u00e9rot\" : 18 rue de la madeleine \u00e0 La Chartre-sur-le-Loir","breadcrumb":{"@id":"https:\/\/contactfm72.fr\/?p=19859#breadcrumb"},"inLanguage":"fr-FR","potentialAction":[{"@type":"ReadAction","target":["https:\/\/contactfm72.fr\/?p=19859"]}]},{"@type":"ImageObject","inLanguage":"fr-FR","@id":"https:\/\/contactfm72.fr\/?p=19859#primaryimage","url":"https:\/\/contactfm72.fr\/wp-content\/uploads\/2025\/07\/Visuel-Contact-FM-1.jpg","contentUrl":"https:\/\/contactfm72.fr\/wp-content\/uploads\/2025\/07\/Visuel-Contact-FM-1.jpg","width":2016,"height":1512},{"@type":"BreadcrumbList","@id":"https:\/\/contactfm72.fr\/?p=19859#breadcrumb","itemListElement":[{"@type":"ListItem","position":1,"name":"Accueil","item":"https:\/\/contactfm72.fr\/"},{"@type":"ListItem","position":2,"name":"Dans l\u2019atelier secret de Michel Boillot \u00e0 La Chartre-sur-Le-Loir"}]},{"@type":"WebSite","@id":"https:\/\/contactfm72.fr\/#website","url":"https:\/\/contactfm72.fr\/","name":"Contact FM 99.3","description":"Votre radio en vall\u00e9e du Loir","publisher":{"@id":"https:\/\/contactfm72.fr\/#organization"},"potentialAction":[{"@type":"SearchAction","target":{"@type":"EntryPoint","urlTemplate":"https:\/\/contactfm72.fr\/?s={search_term_string}"},"query-input":{"@type":"PropertyValueSpecification","valueRequired":true,"valueName":"search_term_string"}}],"inLanguage":"fr-FR"},{"@type":"Organization","@id":"https:\/\/contactfm72.fr\/#organization","name":"Contact FM 99.3","url":"https:\/\/contactfm72.fr\/","logo":{"@type":"ImageObject","inLanguage":"fr-FR","@id":"https:\/\/contactfm72.fr\/#\/schema\/logo\/image\/","url":"https:\/\/contactfm72.fr\/wp-content\/uploads\/2025\/04\/2025-04-18-2.jpg","contentUrl":"https:\/\/contactfm72.fr\/wp-content\/uploads\/2025\/04\/2025-04-18-2.jpg","width":680,"height":307,"caption":"Contact FM 99.3"},"image":{"@id":"https:\/\/contactfm72.fr\/#\/schema\/logo\/image\/"},"sameAs":["https:\/\/www.facebook.com\/Contactfm.Chateauduloir","https:\/\/x.com\/contactfm72","https:\/\/www.instagram.com\/contact.fm.72?igsh=cGhlMHQ5N2JlNnpp","https:\/\/www.tiktok.com\/@contact.fm"]},{"@type":"Person","@id":"https:\/\/contactfm72.fr\/#\/schema\/person\/d2ef09cdea7331b185acaddc4d14dda8","name":"redaction2@contactfm72.fr","image":{"@type":"ImageObject","inLanguage":"fr-FR","@id":"https:\/\/secure.gravatar.com\/avatar\/897f3d57289c1f4c62cade1c2606ba6ded18d5f1676845e668a9f21cb751c06b?s=96&d=mm&r=g","url":"https:\/\/secure.gravatar.com\/avatar\/897f3d57289c1f4c62cade1c2606ba6ded18d5f1676845e668a9f21cb751c06b?s=96&d=mm&r=g","contentUrl":"https:\/\/secure.gravatar.com\/avatar\/897f3d57289c1f4c62cade1c2606ba6ded18d5f1676845e668a9f21cb751c06b?s=96&d=mm&r=g","caption":"redaction2@contactfm72.fr"},"url":"https:\/\/contactfm72.fr\/?author=5"}]}},"_links":{"self":[{"href":"https:\/\/contactfm72.fr\/index.php?rest_route=\/wp\/v2\/posts\/19859","targetHints":{"allow":["GET"]}}],"collection":[{"href":"https:\/\/contactfm72.fr\/index.php?rest_route=\/wp\/v2\/posts"}],"about":[{"href":"https:\/\/contactfm72.fr\/index.php?rest_route=\/wp\/v2\/types\/post"}],"author":[{"embeddable":true,"href":"https:\/\/contactfm72.fr\/index.php?rest_route=\/wp\/v2\/users\/5"}],"replies":[{"embeddable":true,"href":"https:\/\/contactfm72.fr\/index.php?rest_route=%2Fwp%2Fv2%2Fcomments&post=19859"}],"version-history":[{"count":2,"href":"https:\/\/contactfm72.fr\/index.php?rest_route=\/wp\/v2\/posts\/19859\/revisions"}],"predecessor-version":[{"id":19862,"href":"https:\/\/contactfm72.fr\/index.php?rest_route=\/wp\/v2\/posts\/19859\/revisions\/19862"}],"wp:featuredmedia":[{"embeddable":true,"href":"https:\/\/contactfm72.fr\/index.php?rest_route=\/wp\/v2\/media\/19860"}],"wp:attachment":[{"href":"https:\/\/contactfm72.fr\/index.php?rest_route=%2Fwp%2Fv2%2Fmedia&parent=19859"}],"wp:term":[{"taxonomy":"category","embeddable":true,"href":"https:\/\/contactfm72.fr\/index.php?rest_route=%2Fwp%2Fv2%2Fcategories&post=19859"},{"taxonomy":"post_tag","embeddable":true,"href":"https:\/\/contactfm72.fr\/index.php?rest_route=%2Fwp%2Fv2%2Ftags&post=19859"}],"curies":[{"name":"wp","href":"https:\/\/api.w.org\/{rel}","templated":true}]}}