{"id":19795,"date":"2025-06-27T11:25:56","date_gmt":"2025-06-27T09:25:56","guid":{"rendered":"https:\/\/contactfm72.fr\/?p=19795"},"modified":"2025-06-27T16:37:10","modified_gmt":"2025-06-27T14:37:10","slug":"lunivers-paysager-selon-alexis-leon-fondateur-de-green-bear","status":"publish","type":"post","link":"https:\/\/contactfm72.fr\/?p=19795","title":{"rendered":"L&#8217;univers paysager selon Alexis L\u00e9on, fondateur de l&#8217;entreprise Green Bear"},"content":{"rendered":"<p>Il est Sarthois, il aime son m\u00e9tier, et surtout\u2026 il y reste !<\/p>\n<p>Pour le dernier \u00e9pisode de la saison du magazine &#8220;All\u00f4 ici la terre&#8221;, on vous pr\u00e9sente Alexis L\u00e9on, un passionn\u00e9 par l&#8217;univers des espaces verts, de la nature et de la cr\u00e9ation.<\/p>\n<p>Form\u00e9 \u00e0 la MFR de Verneil-le-Ch\u00e9tif, il a travaill\u00e9 7 ans comme paysagiste avant de changer radicalement de voie pour revenir \u00e0 ses premiers amours.<\/p>\n<p>Fin mai 2025, il a cr\u00e9\u00e9 \u00e0 Verneil-le-Ch\u00e9tif son entreprise &#8220;Green Bear&#8221; o\u00f9 il se d\u00e9place en Sarthe et dans le nord de l&#8217;Indre et Loire.<\/p>\n<p>Alexis L\u00e9on, le fondateur, g\u00e9rant et paysagiste de &#8220;Green Bear&#8221; est l&#8217;invit\u00e9 du magazine &#8220;All\u00f4, ici la terre&#8221;, vendredi 27 juin \u00e0 12h30 et mardi 1er juillet \u00e0 17h30.<\/p>\n<p>&nbsp;<\/p>\n<div id=\"audioigniter-291\" class=\"audioigniter-root \" data-player-type=\"full\" data-tracks-url=\"https:\/\/contactfm72.fr\/?audioigniter_playlist_id=291\" data-display-track-no=\"false\" data-reverse-track-order=\"false\" data-display-tracklist-covers=\"false\" data-display-active-cover=\"false\" data-display-artist-names=\"false\" data-display-buy-buttons=\"true\" data-buy-buttons-target=\"false\" data-cycle-tracks=\"false\" data-display-credits=\"false\" data-display-tracklist=\"true\" data-allow-tracklist-toggle=\"true\" data-allow-tracklist-loop=\"true\" data-limit-tracklist-height=\"true\" data-volume=\"100\" data-tracklist-height=\"185\" data-allow-track-loop=\"false\" ><\/div>\n<p>&nbsp;<\/p>\n<!-- AddThis Advanced Settings generic via filter on the_content --><!-- AddThis Share Buttons generic via filter on the_content -->","protected":false},"excerpt":{"rendered":"<p>Il est Sarthois, il aime son m\u00e9tier, et surtout\u2026 il y reste ! Pour le dernier \u00e9pisode de la saison du magazine &#8220;All\u00f4 ici la terre&#8221;, on vous pr\u00e9sente Alexis L\u00e9on, un passionn\u00e9 par l&#8217;univers des espaces verts, de la nature et de la cr\u00e9ation. Form\u00e9 \u00e0 la MFR de Verneil-le-Ch\u00e9tif, il a travaill\u00e9 7&hellip;<!-- AddThis Advanced Settings generic via filter on get_the_excerpt --><!-- AddThis Share Buttons generic via filter on get_the_excerpt --><\/p>\n","protected":false},"author":5,"featured_media":19797,"comment_status":"closed","ping_status":"open","sticky":false,"template":"","format":"standard","meta":{"footnotes":""},"categories":[13,1],"tags":[],"class_list":["post-19795","post","type-post","status-publish","format-standard","has-post-thumbnail","hentry","category-allo-ici-la-terre","category-contact-fm-72","category-13","category-1","description-off"],"yoast_head":"<!-- This site is optimized with the Yoast SEO plugin v27.4 - https:\/\/yoast.com\/product\/yoast-seo-wordpress\/ -->\n<title>L&#039;univers paysager selon Alexis L\u00e9on, fondateur de l&#039;entreprise Green Bear - Contact FM 99.3<\/title>\n<meta name=\"description\" content=\"Il est Sarthois, il aime son m\u00e9tier, et surtout\u2026 il y reste !Pour le dernier \u00e9pisode de la saison &quot;All\u00f4 ici la Terre&quot;, on vous pr\u00e9sente Alexis L\u00e9on&quot;, un passionn\u00e9 par l&#039;univers des espaces verts, de nature et de la cr\u00e9ation, form\u00e9 \u00e0 la MFR de Verneil-le-Ch\u00e9tif, il a travaill\u00e9 7 ans comme paysagiste avant de changer radicalement de voie puis de revenir \u00e0 ses premiers amours. Fin Mai 2025, il a cr\u00e9\u00e9 son entreprise &quot;Green Bear&quot; o\u00f9 il se d\u00e9place en Sarthe et dans le nord de l&#039;Indre et Loir.Alexis L\u00e9on, le fondateur, g\u00e9rant et paysagiste de &quot;Green Bear&quot; est l&#039;invit\u00e9 du magazine &quot;All\u00f4, ici la Terre&quot;\u00a0 le vendredi 27 juin \u00e0 12h30 et le mardi 1er juillet \u00e0 17h30.\" \/>\n<meta name=\"robots\" content=\"index, follow, max-snippet:-1, max-image-preview:large, max-video-preview:-1\" \/>\n<link rel=\"canonical\" href=\"https:\/\/contactfm72.fr\/?p=19795\" \/>\n<meta property=\"og:locale\" content=\"fr_FR\" \/>\n<meta property=\"og:type\" content=\"article\" \/>\n<meta property=\"og:title\" content=\"L&#039;univers paysager selon Alexis L\u00e9on, fondateur de l&#039;entreprise Green Bear - Contact FM 99.3\" \/>\n<meta property=\"og:description\" content=\"Il est Sarthois, il aime son m\u00e9tier, et surtout\u2026 il y reste !Pour le dernier \u00e9pisode de la saison &quot;All\u00f4 ici la Terre&quot;, on vous pr\u00e9sente Alexis L\u00e9on&quot;, un passionn\u00e9 par l&#039;univers des espaces verts, de nature et de la cr\u00e9ation, form\u00e9 \u00e0 la MFR de Verneil-le-Ch\u00e9tif, il a travaill\u00e9 7 ans comme paysagiste avant de changer radicalement de voie puis de revenir \u00e0 ses premiers amours. Fin Mai 2025, il a cr\u00e9\u00e9 son entreprise &quot;Green Bear&quot; o\u00f9 il se d\u00e9place en Sarthe et dans le nord de l&#039;Indre et Loir.Alexis L\u00e9on, le fondateur, g\u00e9rant et paysagiste de &quot;Green Bear&quot; est l&#039;invit\u00e9 du magazine &quot;All\u00f4, ici la Terre&quot;\u00a0 le vendredi 27 juin \u00e0 12h30 et le mardi 1er juillet \u00e0 17h30.\" \/>\n<meta property=\"og:url\" content=\"https:\/\/contactfm72.fr\/?p=19795\" \/>\n<meta property=\"og:site_name\" content=\"Contact FM 99.3\" \/>\n<meta property=\"article:publisher\" content=\"https:\/\/www.facebook.com\/Contactfm.Chateauduloir\" \/>\n<meta property=\"article:published_time\" content=\"2025-06-27T09:25:56+00:00\" \/>\n<meta property=\"article:modified_time\" content=\"2025-06-27T14:37:10+00:00\" \/>\n<meta property=\"og:image\" content=\"http:\/\/contactfm72.fr\/wp-content\/uploads\/2025\/06\/Visuel-Contact-FM-6.jpg\" \/>\n\t<meta property=\"og:image:width\" content=\"2016\" \/>\n\t<meta property=\"og:image:height\" content=\"1512\" \/>\n\t<meta property=\"og:image:type\" content=\"image\/jpeg\" \/>\n<meta name=\"author\" content=\"redaction2@contactfm72.fr\" \/>\n<meta name=\"twitter:card\" content=\"summary_large_image\" \/>\n<meta name=\"twitter:creator\" content=\"@contactfm72\" \/>\n<meta name=\"twitter:site\" content=\"@contactfm72\" \/>\n<meta name=\"twitter:label1\" content=\"\u00c9crit par\" \/>\n\t<meta name=\"twitter:data1\" content=\"redaction2@contactfm72.fr\" \/>\n\t<meta name=\"twitter:label2\" content=\"Dur\u00e9e de lecture estim\u00e9e\" \/>\n\t<meta name=\"twitter:data2\" content=\"1 minute\" \/>\n<script type=\"application\/ld+json\" class=\"yoast-schema-graph\">{\"@context\":\"https:\\\/\\\/schema.org\",\"@graph\":[{\"@type\":\"Article\",\"@id\":\"https:\\\/\\\/contactfm72.fr\\\/?p=19795#article\",\"isPartOf\":{\"@id\":\"https:\\\/\\\/contactfm72.fr\\\/?p=19795\"},\"author\":{\"name\":\"redaction2@contactfm72.fr\",\"@id\":\"https:\\\/\\\/contactfm72.fr\\\/#\\\/schema\\\/person\\\/d2ef09cdea7331b185acaddc4d14dda8\"},\"headline\":\"L&#8217;univers paysager selon Alexis L\u00e9on, fondateur de l&#8217;entreprise Green Bear\",\"datePublished\":\"2025-06-27T09:25:56+00:00\",\"dateModified\":\"2025-06-27T14:37:10+00:00\",\"mainEntityOfPage\":{\"@id\":\"https:\\\/\\\/contactfm72.fr\\\/?p=19795\"},\"wordCount\":146,\"publisher\":{\"@id\":\"https:\\\/\\\/contactfm72.fr\\\/#organization\"},\"image\":{\"@id\":\"https:\\\/\\\/contactfm72.fr\\\/?p=19795#primaryimage\"},\"thumbnailUrl\":\"https:\\\/\\\/contactfm72.fr\\\/wp-content\\\/uploads\\\/2025\\\/06\\\/Visuel-Contact-FM-6.jpg\",\"articleSection\":[\"Allo ici la terre\",\"Contact FM 72\"],\"inLanguage\":\"fr-FR\"},{\"@type\":\"WebPage\",\"@id\":\"https:\\\/\\\/contactfm72.fr\\\/?p=19795\",\"url\":\"https:\\\/\\\/contactfm72.fr\\\/?p=19795\",\"name\":\"L'univers paysager selon Alexis L\u00e9on, fondateur de l'entreprise Green Bear - Contact FM 99.3\",\"isPartOf\":{\"@id\":\"https:\\\/\\\/contactfm72.fr\\\/#website\"},\"primaryImageOfPage\":{\"@id\":\"https:\\\/\\\/contactfm72.fr\\\/?p=19795#primaryimage\"},\"image\":{\"@id\":\"https:\\\/\\\/contactfm72.fr\\\/?p=19795#primaryimage\"},\"thumbnailUrl\":\"https:\\\/\\\/contactfm72.fr\\\/wp-content\\\/uploads\\\/2025\\\/06\\\/Visuel-Contact-FM-6.jpg\",\"datePublished\":\"2025-06-27T09:25:56+00:00\",\"dateModified\":\"2025-06-27T14:37:10+00:00\",\"description\":\"Il est Sarthois, il aime son m\u00e9tier, et surtout\u2026 il y reste !Pour le dernier \u00e9pisode de la saison \\\"All\u00f4 ici la Terre\\\", on vous pr\u00e9sente Alexis L\u00e9on\\\", un passionn\u00e9 par l'univers des espaces verts, de nature et de la cr\u00e9ation, form\u00e9 \u00e0 la MFR de Verneil-le-Ch\u00e9tif, il a travaill\u00e9 7 ans comme paysagiste avant de changer radicalement de voie puis de revenir \u00e0 ses premiers amours. Fin Mai 2025, il a cr\u00e9\u00e9 son entreprise \\\"Green Bear\\\" o\u00f9 il se d\u00e9place en Sarthe et dans le nord de l'Indre et Loir.Alexis L\u00e9on, le fondateur, g\u00e9rant et paysagiste de \\\"Green Bear\\\" est l'invit\u00e9 du magazine \\\"All\u00f4, ici la Terre\\\"\u00a0 le vendredi 27 juin \u00e0 12h30 et le mardi 1er juillet \u00e0 17h30.\",\"breadcrumb\":{\"@id\":\"https:\\\/\\\/contactfm72.fr\\\/?p=19795#breadcrumb\"},\"inLanguage\":\"fr-FR\",\"potentialAction\":[{\"@type\":\"ReadAction\",\"target\":[\"https:\\\/\\\/contactfm72.fr\\\/?p=19795\"]}]},{\"@type\":\"ImageObject\",\"inLanguage\":\"fr-FR\",\"@id\":\"https:\\\/\\\/contactfm72.fr\\\/?p=19795#primaryimage\",\"url\":\"https:\\\/\\\/contactfm72.fr\\\/wp-content\\\/uploads\\\/2025\\\/06\\\/Visuel-Contact-FM-6.jpg\",\"contentUrl\":\"https:\\\/\\\/contactfm72.fr\\\/wp-content\\\/uploads\\\/2025\\\/06\\\/Visuel-Contact-FM-6.jpg\",\"width\":2016,\"height\":1512},{\"@type\":\"BreadcrumbList\",\"@id\":\"https:\\\/\\\/contactfm72.fr\\\/?p=19795#breadcrumb\",\"itemListElement\":[{\"@type\":\"ListItem\",\"position\":1,\"name\":\"Accueil\",\"item\":\"https:\\\/\\\/contactfm72.fr\\\/\"},{\"@type\":\"ListItem\",\"position\":2,\"name\":\"L&#8217;univers paysager selon Alexis L\u00e9on, fondateur de l&#8217;entreprise Green Bear\"}]},{\"@type\":\"WebSite\",\"@id\":\"https:\\\/\\\/contactfm72.fr\\\/#website\",\"url\":\"https:\\\/\\\/contactfm72.fr\\\/\",\"name\":\"Contact FM 99.3\",\"description\":\"Votre radio en vall\u00e9e du Loir\",\"publisher\":{\"@id\":\"https:\\\/\\\/contactfm72.fr\\\/#organization\"},\"potentialAction\":[{\"@type\":\"SearchAction\",\"target\":{\"@type\":\"EntryPoint\",\"urlTemplate\":\"https:\\\/\\\/contactfm72.fr\\\/?s={search_term_string}\"},\"query-input\":{\"@type\":\"PropertyValueSpecification\",\"valueRequired\":true,\"valueName\":\"search_term_string\"}}],\"inLanguage\":\"fr-FR\"},{\"@type\":\"Organization\",\"@id\":\"https:\\\/\\\/contactfm72.fr\\\/#organization\",\"name\":\"Contact FM 99.3\",\"url\":\"https:\\\/\\\/contactfm72.fr\\\/\",\"logo\":{\"@type\":\"ImageObject\",\"inLanguage\":\"fr-FR\",\"@id\":\"https:\\\/\\\/contactfm72.fr\\\/#\\\/schema\\\/logo\\\/image\\\/\",\"url\":\"https:\\\/\\\/contactfm72.fr\\\/wp-content\\\/uploads\\\/2025\\\/04\\\/2025-04-18-2.jpg\",\"contentUrl\":\"https:\\\/\\\/contactfm72.fr\\\/wp-content\\\/uploads\\\/2025\\\/04\\\/2025-04-18-2.jpg\",\"width\":680,\"height\":307,\"caption\":\"Contact FM 99.3\"},\"image\":{\"@id\":\"https:\\\/\\\/contactfm72.fr\\\/#\\\/schema\\\/logo\\\/image\\\/\"},\"sameAs\":[\"https:\\\/\\\/www.facebook.com\\\/Contactfm.Chateauduloir\",\"https:\\\/\\\/x.com\\\/contactfm72\",\"https:\\\/\\\/www.instagram.com\\\/contact.fm.72?igsh=cGhlMHQ5N2JlNnpp\",\"https:\\\/\\\/www.tiktok.com\\\/@contact.fm\"]},{\"@type\":\"Person\",\"@id\":\"https:\\\/\\\/contactfm72.fr\\\/#\\\/schema\\\/person\\\/d2ef09cdea7331b185acaddc4d14dda8\",\"name\":\"redaction2@contactfm72.fr\",\"image\":{\"@type\":\"ImageObject\",\"inLanguage\":\"fr-FR\",\"@id\":\"https:\\\/\\\/secure.gravatar.com\\\/avatar\\\/897f3d57289c1f4c62cade1c2606ba6ded18d5f1676845e668a9f21cb751c06b?s=96&d=mm&r=g\",\"url\":\"https:\\\/\\\/secure.gravatar.com\\\/avatar\\\/897f3d57289c1f4c62cade1c2606ba6ded18d5f1676845e668a9f21cb751c06b?s=96&d=mm&r=g\",\"contentUrl\":\"https:\\\/\\\/secure.gravatar.com\\\/avatar\\\/897f3d57289c1f4c62cade1c2606ba6ded18d5f1676845e668a9f21cb751c06b?s=96&d=mm&r=g\",\"caption\":\"redaction2@contactfm72.fr\"},\"url\":\"https:\\\/\\\/contactfm72.fr\\\/?author=5\"}]}<\/script>\n<!-- \/ Yoast SEO plugin. -->","yoast_head_json":{"title":"L'univers paysager selon Alexis L\u00e9on, fondateur de l'entreprise Green Bear - Contact FM 99.3","description":"Il est Sarthois, il aime son m\u00e9tier, et surtout\u2026 il y reste !Pour le dernier \u00e9pisode de la saison \"All\u00f4 ici la Terre\", on vous pr\u00e9sente Alexis L\u00e9on\", un passionn\u00e9 par l'univers des espaces verts, de nature et de la cr\u00e9ation, form\u00e9 \u00e0 la MFR de Verneil-le-Ch\u00e9tif, il a travaill\u00e9 7 ans comme paysagiste avant de changer radicalement de voie puis de revenir \u00e0 ses premiers amours. Fin Mai 2025, il a cr\u00e9\u00e9 son entreprise \"Green Bear\" o\u00f9 il se d\u00e9place en Sarthe et dans le nord de l'Indre et Loir.Alexis L\u00e9on, le fondateur, g\u00e9rant et paysagiste de \"Green Bear\" est l'invit\u00e9 du magazine \"All\u00f4, ici la Terre\"\u00a0 le vendredi 27 juin \u00e0 12h30 et le mardi 1er juillet \u00e0 17h30.","robots":{"index":"index","follow":"follow","max-snippet":"max-snippet:-1","max-image-preview":"max-image-preview:large","max-video-preview":"max-video-preview:-1"},"canonical":"https:\/\/contactfm72.fr\/?p=19795","og_locale":"fr_FR","og_type":"article","og_title":"L'univers paysager selon Alexis L\u00e9on, fondateur de l'entreprise Green Bear - Contact FM 99.3","og_description":"Il est Sarthois, il aime son m\u00e9tier, et surtout\u2026 il y reste !Pour le dernier \u00e9pisode de la saison \"All\u00f4 ici la Terre\", on vous pr\u00e9sente Alexis L\u00e9on\", un passionn\u00e9 par l'univers des espaces verts, de nature et de la cr\u00e9ation, form\u00e9 \u00e0 la MFR de Verneil-le-Ch\u00e9tif, il a travaill\u00e9 7 ans comme paysagiste avant de changer radicalement de voie puis de revenir \u00e0 ses premiers amours. Fin Mai 2025, il a cr\u00e9\u00e9 son entreprise \"Green Bear\" o\u00f9 il se d\u00e9place en Sarthe et dans le nord de l'Indre et Loir.Alexis L\u00e9on, le fondateur, g\u00e9rant et paysagiste de \"Green Bear\" est l'invit\u00e9 du magazine \"All\u00f4, ici la Terre\"\u00a0 le vendredi 27 juin \u00e0 12h30 et le mardi 1er juillet \u00e0 17h30.","og_url":"https:\/\/contactfm72.fr\/?p=19795","og_site_name":"Contact FM 99.3","article_publisher":"https:\/\/www.facebook.com\/Contactfm.Chateauduloir","article_published_time":"2025-06-27T09:25:56+00:00","article_modified_time":"2025-06-27T14:37:10+00:00","og_image":[{"width":2016,"height":1512,"url":"http:\/\/contactfm72.fr\/wp-content\/uploads\/2025\/06\/Visuel-Contact-FM-6.jpg","type":"image\/jpeg"}],"author":"redaction2@contactfm72.fr","twitter_card":"summary_large_image","twitter_creator":"@contactfm72","twitter_site":"@contactfm72","twitter_misc":{"\u00c9crit par":"redaction2@contactfm72.fr","Dur\u00e9e de lecture estim\u00e9e":"1 minute"},"schema":{"@context":"https:\/\/schema.org","@graph":[{"@type":"Article","@id":"https:\/\/contactfm72.fr\/?p=19795#article","isPartOf":{"@id":"https:\/\/contactfm72.fr\/?p=19795"},"author":{"name":"redaction2@contactfm72.fr","@id":"https:\/\/contactfm72.fr\/#\/schema\/person\/d2ef09cdea7331b185acaddc4d14dda8"},"headline":"L&#8217;univers paysager selon Alexis L\u00e9on, fondateur de l&#8217;entreprise Green Bear","datePublished":"2025-06-27T09:25:56+00:00","dateModified":"2025-06-27T14:37:10+00:00","mainEntityOfPage":{"@id":"https:\/\/contactfm72.fr\/?p=19795"},"wordCount":146,"publisher":{"@id":"https:\/\/contactfm72.fr\/#organization"},"image":{"@id":"https:\/\/contactfm72.fr\/?p=19795#primaryimage"},"thumbnailUrl":"https:\/\/contactfm72.fr\/wp-content\/uploads\/2025\/06\/Visuel-Contact-FM-6.jpg","articleSection":["Allo ici la terre","Contact FM 72"],"inLanguage":"fr-FR"},{"@type":"WebPage","@id":"https:\/\/contactfm72.fr\/?p=19795","url":"https:\/\/contactfm72.fr\/?p=19795","name":"L'univers paysager selon Alexis L\u00e9on, fondateur de l'entreprise Green Bear - Contact FM 99.3","isPartOf":{"@id":"https:\/\/contactfm72.fr\/#website"},"primaryImageOfPage":{"@id":"https:\/\/contactfm72.fr\/?p=19795#primaryimage"},"image":{"@id":"https:\/\/contactfm72.fr\/?p=19795#primaryimage"},"thumbnailUrl":"https:\/\/contactfm72.fr\/wp-content\/uploads\/2025\/06\/Visuel-Contact-FM-6.jpg","datePublished":"2025-06-27T09:25:56+00:00","dateModified":"2025-06-27T14:37:10+00:00","description":"Il est Sarthois, il aime son m\u00e9tier, et surtout\u2026 il y reste !Pour le dernier \u00e9pisode de la saison \"All\u00f4 ici la Terre\", on vous pr\u00e9sente Alexis L\u00e9on\", un passionn\u00e9 par l'univers des espaces verts, de nature et de la cr\u00e9ation, form\u00e9 \u00e0 la MFR de Verneil-le-Ch\u00e9tif, il a travaill\u00e9 7 ans comme paysagiste avant de changer radicalement de voie puis de revenir \u00e0 ses premiers amours. Fin Mai 2025, il a cr\u00e9\u00e9 son entreprise \"Green Bear\" o\u00f9 il se d\u00e9place en Sarthe et dans le nord de l'Indre et Loir.Alexis L\u00e9on, le fondateur, g\u00e9rant et paysagiste de \"Green Bear\" est l'invit\u00e9 du magazine \"All\u00f4, ici la Terre\"\u00a0 le vendredi 27 juin \u00e0 12h30 et le mardi 1er juillet \u00e0 17h30.","breadcrumb":{"@id":"https:\/\/contactfm72.fr\/?p=19795#breadcrumb"},"inLanguage":"fr-FR","potentialAction":[{"@type":"ReadAction","target":["https:\/\/contactfm72.fr\/?p=19795"]}]},{"@type":"ImageObject","inLanguage":"fr-FR","@id":"https:\/\/contactfm72.fr\/?p=19795#primaryimage","url":"https:\/\/contactfm72.fr\/wp-content\/uploads\/2025\/06\/Visuel-Contact-FM-6.jpg","contentUrl":"https:\/\/contactfm72.fr\/wp-content\/uploads\/2025\/06\/Visuel-Contact-FM-6.jpg","width":2016,"height":1512},{"@type":"BreadcrumbList","@id":"https:\/\/contactfm72.fr\/?p=19795#breadcrumb","itemListElement":[{"@type":"ListItem","position":1,"name":"Accueil","item":"https:\/\/contactfm72.fr\/"},{"@type":"ListItem","position":2,"name":"L&#8217;univers paysager selon Alexis L\u00e9on, fondateur de l&#8217;entreprise Green Bear"}]},{"@type":"WebSite","@id":"https:\/\/contactfm72.fr\/#website","url":"https:\/\/contactfm72.fr\/","name":"Contact FM 99.3","description":"Votre radio en vall\u00e9e du Loir","publisher":{"@id":"https:\/\/contactfm72.fr\/#organization"},"potentialAction":[{"@type":"SearchAction","target":{"@type":"EntryPoint","urlTemplate":"https:\/\/contactfm72.fr\/?s={search_term_string}"},"query-input":{"@type":"PropertyValueSpecification","valueRequired":true,"valueName":"search_term_string"}}],"inLanguage":"fr-FR"},{"@type":"Organization","@id":"https:\/\/contactfm72.fr\/#organization","name":"Contact FM 99.3","url":"https:\/\/contactfm72.fr\/","logo":{"@type":"ImageObject","inLanguage":"fr-FR","@id":"https:\/\/contactfm72.fr\/#\/schema\/logo\/image\/","url":"https:\/\/contactfm72.fr\/wp-content\/uploads\/2025\/04\/2025-04-18-2.jpg","contentUrl":"https:\/\/contactfm72.fr\/wp-content\/uploads\/2025\/04\/2025-04-18-2.jpg","width":680,"height":307,"caption":"Contact FM 99.3"},"image":{"@id":"https:\/\/contactfm72.fr\/#\/schema\/logo\/image\/"},"sameAs":["https:\/\/www.facebook.com\/Contactfm.Chateauduloir","https:\/\/x.com\/contactfm72","https:\/\/www.instagram.com\/contact.fm.72?igsh=cGhlMHQ5N2JlNnpp","https:\/\/www.tiktok.com\/@contact.fm"]},{"@type":"Person","@id":"https:\/\/contactfm72.fr\/#\/schema\/person\/d2ef09cdea7331b185acaddc4d14dda8","name":"redaction2@contactfm72.fr","image":{"@type":"ImageObject","inLanguage":"fr-FR","@id":"https:\/\/secure.gravatar.com\/avatar\/897f3d57289c1f4c62cade1c2606ba6ded18d5f1676845e668a9f21cb751c06b?s=96&d=mm&r=g","url":"https:\/\/secure.gravatar.com\/avatar\/897f3d57289c1f4c62cade1c2606ba6ded18d5f1676845e668a9f21cb751c06b?s=96&d=mm&r=g","contentUrl":"https:\/\/secure.gravatar.com\/avatar\/897f3d57289c1f4c62cade1c2606ba6ded18d5f1676845e668a9f21cb751c06b?s=96&d=mm&r=g","caption":"redaction2@contactfm72.fr"},"url":"https:\/\/contactfm72.fr\/?author=5"}]}},"_links":{"self":[{"href":"https:\/\/contactfm72.fr\/index.php?rest_route=\/wp\/v2\/posts\/19795","targetHints":{"allow":["GET"]}}],"collection":[{"href":"https:\/\/contactfm72.fr\/index.php?rest_route=\/wp\/v2\/posts"}],"about":[{"href":"https:\/\/contactfm72.fr\/index.php?rest_route=\/wp\/v2\/types\/post"}],"author":[{"embeddable":true,"href":"https:\/\/contactfm72.fr\/index.php?rest_route=\/wp\/v2\/users\/5"}],"replies":[{"embeddable":true,"href":"https:\/\/contactfm72.fr\/index.php?rest_route=%2Fwp%2Fv2%2Fcomments&post=19795"}],"version-history":[{"count":5,"href":"https:\/\/contactfm72.fr\/index.php?rest_route=\/wp\/v2\/posts\/19795\/revisions"}],"predecessor-version":[{"id":19808,"href":"https:\/\/contactfm72.fr\/index.php?rest_route=\/wp\/v2\/posts\/19795\/revisions\/19808"}],"wp:featuredmedia":[{"embeddable":true,"href":"https:\/\/contactfm72.fr\/index.php?rest_route=\/wp\/v2\/media\/19797"}],"wp:attachment":[{"href":"https:\/\/contactfm72.fr\/index.php?rest_route=%2Fwp%2Fv2%2Fmedia&parent=19795"}],"wp:term":[{"taxonomy":"category","embeddable":true,"href":"https:\/\/contactfm72.fr\/index.php?rest_route=%2Fwp%2Fv2%2Fcategories&post=19795"},{"taxonomy":"post_tag","embeddable":true,"href":"https:\/\/contactfm72.fr\/index.php?rest_route=%2Fwp%2Fv2%2Ftags&post=19795"}],"curies":[{"name":"wp","href":"https:\/\/api.w.org\/{rel}","templated":true}]}}