{"id":19790,"date":"2025-06-27T08:59:34","date_gmt":"2025-06-27T06:59:34","guid":{"rendered":"https:\/\/contactfm72.fr\/?p=19790"},"modified":"2025-06-27T10:39:23","modified_gmt":"2025-06-27T08:39:23","slug":"les-series-a-voir-en-juillet-la-selection-de-contact-fm","status":"publish","type":"post","link":"https:\/\/contactfm72.fr\/?p=19790","title":{"rendered":"Les S\u00e9ries \u00e0 voir en Juillet : la s\u00e9lection de Contact FM"},"content":{"rendered":"<p data-start=\"223\" data-end=\"586\">Nos recommandations s\u00e9ries du mois<\/p>\n<p data-start=\"223\" data-end=\"586\">Dans le cadre de la chronique &#8220;Rencontres &amp; D\u00e9couvertes&#8221;, notre stagiaire du mois de juin, Samuel Courant, \u00e9tudiant en communication, vous partage trois s\u00e9ries coups de c\u0153ur \u00e0 regarder sans mod\u00e9ration. Du thriller haletant \u00e0 la s\u00e9rie polici\u00e8re qui claque, en passant par une fiction historique pleine de panache\u2026 Il y en a pour tous les go\u00fbts !<\/p>\n<p data-start=\"588\" data-end=\"712\">\ud83c\udfac Au programme de la chronique :<\/p>\n<p data-start=\"588\" data-end=\"712\">\ud83d\udc49 The Day of the Jackal<br data-start=\"654\" data-end=\"657\" \/>\ud83d\udc49 The Rookie<br data-start=\"672\" data-end=\"675\" \/>\ud83d\udc49 Le Renard : Prince des voleurs<\/p>\n<p data-start=\"588\" data-end=\"712\">La chronique &#8220;Rencontres &amp; D\u00e9couvertes&#8221;, c&#8217;est \u00e0 d\u00e9couvrir le vendredi 27 juin \u00e0 10h et le mardi 1er juillet \u00e0 14h.<\/p>\n<div id=\"audioigniter-300\" class=\"audioigniter-root \" data-player-type=\"full\" data-tracks-url=\"https:\/\/contactfm72.fr\/?audioigniter_playlist_id=300\" data-display-track-no=\"false\" data-reverse-track-order=\"false\" data-display-tracklist-covers=\"false\" data-display-active-cover=\"false\" data-display-artist-names=\"false\" data-display-buy-buttons=\"true\" data-buy-buttons-target=\"false\" data-cycle-tracks=\"false\" data-display-credits=\"false\" data-display-tracklist=\"true\" data-allow-tracklist-toggle=\"true\" data-allow-tracklist-loop=\"true\" data-limit-tracklist-height=\"true\" data-volume=\"100\" data-tracklist-height=\"185\" data-allow-track-loop=\"false\" ><\/div>\n<p>&nbsp;<\/p>\n<p>&nbsp;<\/p>\n<!-- AddThis Advanced Settings generic via filter on the_content --><!-- AddThis Share Buttons generic via filter on the_content -->","protected":false},"excerpt":{"rendered":"<p>Nos recommandations s\u00e9ries du mois Dans le cadre de la chronique &#8220;Rencontres &amp; D\u00e9couvertes&#8221;, notre stagiaire du mois de juin, Samuel Courant, \u00e9tudiant en communication, vous partage trois s\u00e9ries coups de c\u0153ur \u00e0 regarder sans mod\u00e9ration. Du thriller haletant \u00e0 la s\u00e9rie polici\u00e8re qui claque, en passant par une fiction historique pleine de panache\u2026 Il&hellip;<!-- AddThis Advanced Settings generic via filter on get_the_excerpt --><!-- AddThis Share Buttons generic via filter on get_the_excerpt --><\/p>\n","protected":false},"author":5,"featured_media":19791,"comment_status":"closed","ping_status":"open","sticky":false,"template":"","format":"standard","meta":{"footnotes":""},"categories":[1,29],"tags":[],"class_list":["post-19790","post","type-post","status-publish","format-standard","has-post-thumbnail","hentry","category-contact-fm-72","category-rencontres-et-decouvertes","category-1","category-29","description-off"],"yoast_head":"<!-- This site is optimized with the Yoast SEO plugin v27.4 - https:\/\/yoast.com\/product\/yoast-seo-wordpress\/ -->\n<title>Les S\u00e9ries \u00e0 voir en Juillet : la s\u00e9lection de Contact FM - Contact FM 99.3<\/title>\n<meta name=\"description\" content=\"Nos recommandations s\u00e9ries du moisDans le cadre de la chronique &quot;Rencontres &amp; D\u00e9couvertes&quot;, notre stagiaire du mois de juin, Samuel Courant, \u00e9tudiant en communication, vous partage trois s\u00e9ries coups de c\u0153ur \u00e0 regarder sans mod\u00e9ration. Du thriller haletant \u00e0 la s\u00e9rie polici\u00e8re qui claque, en passant par une fiction historique pleine de panache\u2026 Il y en a pour tous les go\u00fbts !\ud83c\udfac Au programme de la chronique :\ud83d\udc49 The Day of the Jackal\ud83d\udc49 The Rookie\ud83d\udc49 Le Renard : Prince des voleurs\" \/>\n<meta name=\"robots\" content=\"index, follow, max-snippet:-1, max-image-preview:large, max-video-preview:-1\" \/>\n<link rel=\"canonical\" href=\"https:\/\/contactfm72.fr\/?p=19790\" \/>\n<meta property=\"og:locale\" content=\"fr_FR\" \/>\n<meta property=\"og:type\" content=\"article\" \/>\n<meta property=\"og:title\" content=\"Les S\u00e9ries \u00e0 voir en Juillet : la s\u00e9lection de Contact FM - Contact FM 99.3\" \/>\n<meta property=\"og:description\" content=\"Nos recommandations s\u00e9ries du moisDans le cadre de la chronique &quot;Rencontres &amp; D\u00e9couvertes&quot;, notre stagiaire du mois de juin, Samuel Courant, \u00e9tudiant en communication, vous partage trois s\u00e9ries coups de c\u0153ur \u00e0 regarder sans mod\u00e9ration. Du thriller haletant \u00e0 la s\u00e9rie polici\u00e8re qui claque, en passant par une fiction historique pleine de panache\u2026 Il y en a pour tous les go\u00fbts !\ud83c\udfac Au programme de la chronique :\ud83d\udc49 The Day of the Jackal\ud83d\udc49 The Rookie\ud83d\udc49 Le Renard : Prince des voleurs\" \/>\n<meta property=\"og:url\" content=\"https:\/\/contactfm72.fr\/?p=19790\" \/>\n<meta property=\"og:site_name\" content=\"Contact FM 99.3\" \/>\n<meta property=\"article:publisher\" content=\"https:\/\/www.facebook.com\/Contactfm.Chateauduloir\" \/>\n<meta property=\"article:published_time\" content=\"2025-06-27T06:59:34+00:00\" \/>\n<meta property=\"article:modified_time\" content=\"2025-06-27T08:39:23+00:00\" \/>\n<meta property=\"og:image\" content=\"http:\/\/contactfm72.fr\/wp-content\/uploads\/2025\/06\/Chronique-Samuel-Courrant.jpg\" \/>\n\t<meta property=\"og:image:width\" content=\"2016\" \/>\n\t<meta property=\"og:image:height\" content=\"1512\" \/>\n\t<meta property=\"og:image:type\" content=\"image\/jpeg\" \/>\n<meta name=\"author\" content=\"redaction2@contactfm72.fr\" \/>\n<meta name=\"twitter:card\" content=\"summary_large_image\" \/>\n<meta name=\"twitter:creator\" content=\"@contactfm72\" \/>\n<meta name=\"twitter:site\" content=\"@contactfm72\" \/>\n<meta name=\"twitter:label1\" content=\"\u00c9crit par\" \/>\n\t<meta name=\"twitter:data1\" content=\"redaction2@contactfm72.fr\" \/>\n\t<meta name=\"twitter:label2\" content=\"Dur\u00e9e de lecture estim\u00e9e\" \/>\n\t<meta name=\"twitter:data2\" content=\"1 minute\" \/>\n<script type=\"application\/ld+json\" class=\"yoast-schema-graph\">{\"@context\":\"https:\\\/\\\/schema.org\",\"@graph\":[{\"@type\":\"Article\",\"@id\":\"https:\\\/\\\/contactfm72.fr\\\/?p=19790#article\",\"isPartOf\":{\"@id\":\"https:\\\/\\\/contactfm72.fr\\\/?p=19790\"},\"author\":{\"name\":\"redaction2@contactfm72.fr\",\"@id\":\"https:\\\/\\\/contactfm72.fr\\\/#\\\/schema\\\/person\\\/d2ef09cdea7331b185acaddc4d14dda8\"},\"headline\":\"Les S\u00e9ries \u00e0 voir en Juillet : la s\u00e9lection de Contact FM\",\"datePublished\":\"2025-06-27T06:59:34+00:00\",\"dateModified\":\"2025-06-27T08:39:23+00:00\",\"mainEntityOfPage\":{\"@id\":\"https:\\\/\\\/contactfm72.fr\\\/?p=19790\"},\"wordCount\":122,\"publisher\":{\"@id\":\"https:\\\/\\\/contactfm72.fr\\\/#organization\"},\"image\":{\"@id\":\"https:\\\/\\\/contactfm72.fr\\\/?p=19790#primaryimage\"},\"thumbnailUrl\":\"https:\\\/\\\/contactfm72.fr\\\/wp-content\\\/uploads\\\/2025\\\/06\\\/Chronique-Samuel-Courrant.jpg\",\"articleSection\":[\"Contact FM 72\",\"Rencontres et d\u00e9couvertes\"],\"inLanguage\":\"fr-FR\"},{\"@type\":\"WebPage\",\"@id\":\"https:\\\/\\\/contactfm72.fr\\\/?p=19790\",\"url\":\"https:\\\/\\\/contactfm72.fr\\\/?p=19790\",\"name\":\"Les S\u00e9ries \u00e0 voir en Juillet : la s\u00e9lection de Contact FM - Contact FM 99.3\",\"isPartOf\":{\"@id\":\"https:\\\/\\\/contactfm72.fr\\\/#website\"},\"primaryImageOfPage\":{\"@id\":\"https:\\\/\\\/contactfm72.fr\\\/?p=19790#primaryimage\"},\"image\":{\"@id\":\"https:\\\/\\\/contactfm72.fr\\\/?p=19790#primaryimage\"},\"thumbnailUrl\":\"https:\\\/\\\/contactfm72.fr\\\/wp-content\\\/uploads\\\/2025\\\/06\\\/Chronique-Samuel-Courrant.jpg\",\"datePublished\":\"2025-06-27T06:59:34+00:00\",\"dateModified\":\"2025-06-27T08:39:23+00:00\",\"description\":\"Nos recommandations s\u00e9ries du moisDans le cadre de la chronique \\\"Rencontres & D\u00e9couvertes\\\", notre stagiaire du mois de juin, Samuel Courant, \u00e9tudiant en communication, vous partage trois s\u00e9ries coups de c\u0153ur \u00e0 regarder sans mod\u00e9ration. Du thriller haletant \u00e0 la s\u00e9rie polici\u00e8re qui claque, en passant par une fiction historique pleine de panache\u2026 Il y en a pour tous les go\u00fbts !\ud83c\udfac Au programme de la chronique :\ud83d\udc49 The Day of the Jackal\ud83d\udc49 The Rookie\ud83d\udc49 Le Renard : Prince des voleurs\",\"breadcrumb\":{\"@id\":\"https:\\\/\\\/contactfm72.fr\\\/?p=19790#breadcrumb\"},\"inLanguage\":\"fr-FR\",\"potentialAction\":[{\"@type\":\"ReadAction\",\"target\":[\"https:\\\/\\\/contactfm72.fr\\\/?p=19790\"]}]},{\"@type\":\"ImageObject\",\"inLanguage\":\"fr-FR\",\"@id\":\"https:\\\/\\\/contactfm72.fr\\\/?p=19790#primaryimage\",\"url\":\"https:\\\/\\\/contactfm72.fr\\\/wp-content\\\/uploads\\\/2025\\\/06\\\/Chronique-Samuel-Courrant.jpg\",\"contentUrl\":\"https:\\\/\\\/contactfm72.fr\\\/wp-content\\\/uploads\\\/2025\\\/06\\\/Chronique-Samuel-Courrant.jpg\",\"width\":2016,\"height\":1512},{\"@type\":\"BreadcrumbList\",\"@id\":\"https:\\\/\\\/contactfm72.fr\\\/?p=19790#breadcrumb\",\"itemListElement\":[{\"@type\":\"ListItem\",\"position\":1,\"name\":\"Accueil\",\"item\":\"https:\\\/\\\/contactfm72.fr\\\/\"},{\"@type\":\"ListItem\",\"position\":2,\"name\":\"Les S\u00e9ries \u00e0 voir en Juillet : la s\u00e9lection de Contact FM\"}]},{\"@type\":\"WebSite\",\"@id\":\"https:\\\/\\\/contactfm72.fr\\\/#website\",\"url\":\"https:\\\/\\\/contactfm72.fr\\\/\",\"name\":\"Contact FM 99.3\",\"description\":\"Votre radio en vall\u00e9e du Loir\",\"publisher\":{\"@id\":\"https:\\\/\\\/contactfm72.fr\\\/#organization\"},\"potentialAction\":[{\"@type\":\"SearchAction\",\"target\":{\"@type\":\"EntryPoint\",\"urlTemplate\":\"https:\\\/\\\/contactfm72.fr\\\/?s={search_term_string}\"},\"query-input\":{\"@type\":\"PropertyValueSpecification\",\"valueRequired\":true,\"valueName\":\"search_term_string\"}}],\"inLanguage\":\"fr-FR\"},{\"@type\":\"Organization\",\"@id\":\"https:\\\/\\\/contactfm72.fr\\\/#organization\",\"name\":\"Contact FM 99.3\",\"url\":\"https:\\\/\\\/contactfm72.fr\\\/\",\"logo\":{\"@type\":\"ImageObject\",\"inLanguage\":\"fr-FR\",\"@id\":\"https:\\\/\\\/contactfm72.fr\\\/#\\\/schema\\\/logo\\\/image\\\/\",\"url\":\"https:\\\/\\\/contactfm72.fr\\\/wp-content\\\/uploads\\\/2025\\\/04\\\/2025-04-18-2.jpg\",\"contentUrl\":\"https:\\\/\\\/contactfm72.fr\\\/wp-content\\\/uploads\\\/2025\\\/04\\\/2025-04-18-2.jpg\",\"width\":680,\"height\":307,\"caption\":\"Contact FM 99.3\"},\"image\":{\"@id\":\"https:\\\/\\\/contactfm72.fr\\\/#\\\/schema\\\/logo\\\/image\\\/\"},\"sameAs\":[\"https:\\\/\\\/www.facebook.com\\\/Contactfm.Chateauduloir\",\"https:\\\/\\\/x.com\\\/contactfm72\",\"https:\\\/\\\/www.instagram.com\\\/contact.fm.72?igsh=cGhlMHQ5N2JlNnpp\",\"https:\\\/\\\/www.tiktok.com\\\/@contact.fm\"]},{\"@type\":\"Person\",\"@id\":\"https:\\\/\\\/contactfm72.fr\\\/#\\\/schema\\\/person\\\/d2ef09cdea7331b185acaddc4d14dda8\",\"name\":\"redaction2@contactfm72.fr\",\"image\":{\"@type\":\"ImageObject\",\"inLanguage\":\"fr-FR\",\"@id\":\"https:\\\/\\\/secure.gravatar.com\\\/avatar\\\/897f3d57289c1f4c62cade1c2606ba6ded18d5f1676845e668a9f21cb751c06b?s=96&d=mm&r=g\",\"url\":\"https:\\\/\\\/secure.gravatar.com\\\/avatar\\\/897f3d57289c1f4c62cade1c2606ba6ded18d5f1676845e668a9f21cb751c06b?s=96&d=mm&r=g\",\"contentUrl\":\"https:\\\/\\\/secure.gravatar.com\\\/avatar\\\/897f3d57289c1f4c62cade1c2606ba6ded18d5f1676845e668a9f21cb751c06b?s=96&d=mm&r=g\",\"caption\":\"redaction2@contactfm72.fr\"},\"url\":\"https:\\\/\\\/contactfm72.fr\\\/?author=5\"}]}<\/script>\n<!-- \/ Yoast SEO plugin. -->","yoast_head_json":{"title":"Les S\u00e9ries \u00e0 voir en Juillet : la s\u00e9lection de Contact FM - Contact FM 99.3","description":"Nos recommandations s\u00e9ries du moisDans le cadre de la chronique \"Rencontres & D\u00e9couvertes\", notre stagiaire du mois de juin, Samuel Courant, \u00e9tudiant en communication, vous partage trois s\u00e9ries coups de c\u0153ur \u00e0 regarder sans mod\u00e9ration. Du thriller haletant \u00e0 la s\u00e9rie polici\u00e8re qui claque, en passant par une fiction historique pleine de panache\u2026 Il y en a pour tous les go\u00fbts !\ud83c\udfac Au programme de la chronique :\ud83d\udc49 The Day of the Jackal\ud83d\udc49 The Rookie\ud83d\udc49 Le Renard : Prince des voleurs","robots":{"index":"index","follow":"follow","max-snippet":"max-snippet:-1","max-image-preview":"max-image-preview:large","max-video-preview":"max-video-preview:-1"},"canonical":"https:\/\/contactfm72.fr\/?p=19790","og_locale":"fr_FR","og_type":"article","og_title":"Les S\u00e9ries \u00e0 voir en Juillet : la s\u00e9lection de Contact FM - Contact FM 99.3","og_description":"Nos recommandations s\u00e9ries du moisDans le cadre de la chronique \"Rencontres & D\u00e9couvertes\", notre stagiaire du mois de juin, Samuel Courant, \u00e9tudiant en communication, vous partage trois s\u00e9ries coups de c\u0153ur \u00e0 regarder sans mod\u00e9ration. Du thriller haletant \u00e0 la s\u00e9rie polici\u00e8re qui claque, en passant par une fiction historique pleine de panache\u2026 Il y en a pour tous les go\u00fbts !\ud83c\udfac Au programme de la chronique :\ud83d\udc49 The Day of the Jackal\ud83d\udc49 The Rookie\ud83d\udc49 Le Renard : Prince des voleurs","og_url":"https:\/\/contactfm72.fr\/?p=19790","og_site_name":"Contact FM 99.3","article_publisher":"https:\/\/www.facebook.com\/Contactfm.Chateauduloir","article_published_time":"2025-06-27T06:59:34+00:00","article_modified_time":"2025-06-27T08:39:23+00:00","og_image":[{"width":2016,"height":1512,"url":"http:\/\/contactfm72.fr\/wp-content\/uploads\/2025\/06\/Chronique-Samuel-Courrant.jpg","type":"image\/jpeg"}],"author":"redaction2@contactfm72.fr","twitter_card":"summary_large_image","twitter_creator":"@contactfm72","twitter_site":"@contactfm72","twitter_misc":{"\u00c9crit par":"redaction2@contactfm72.fr","Dur\u00e9e de lecture estim\u00e9e":"1 minute"},"schema":{"@context":"https:\/\/schema.org","@graph":[{"@type":"Article","@id":"https:\/\/contactfm72.fr\/?p=19790#article","isPartOf":{"@id":"https:\/\/contactfm72.fr\/?p=19790"},"author":{"name":"redaction2@contactfm72.fr","@id":"https:\/\/contactfm72.fr\/#\/schema\/person\/d2ef09cdea7331b185acaddc4d14dda8"},"headline":"Les S\u00e9ries \u00e0 voir en Juillet : la s\u00e9lection de Contact FM","datePublished":"2025-06-27T06:59:34+00:00","dateModified":"2025-06-27T08:39:23+00:00","mainEntityOfPage":{"@id":"https:\/\/contactfm72.fr\/?p=19790"},"wordCount":122,"publisher":{"@id":"https:\/\/contactfm72.fr\/#organization"},"image":{"@id":"https:\/\/contactfm72.fr\/?p=19790#primaryimage"},"thumbnailUrl":"https:\/\/contactfm72.fr\/wp-content\/uploads\/2025\/06\/Chronique-Samuel-Courrant.jpg","articleSection":["Contact FM 72","Rencontres et d\u00e9couvertes"],"inLanguage":"fr-FR"},{"@type":"WebPage","@id":"https:\/\/contactfm72.fr\/?p=19790","url":"https:\/\/contactfm72.fr\/?p=19790","name":"Les S\u00e9ries \u00e0 voir en Juillet : la s\u00e9lection de Contact FM - Contact FM 99.3","isPartOf":{"@id":"https:\/\/contactfm72.fr\/#website"},"primaryImageOfPage":{"@id":"https:\/\/contactfm72.fr\/?p=19790#primaryimage"},"image":{"@id":"https:\/\/contactfm72.fr\/?p=19790#primaryimage"},"thumbnailUrl":"https:\/\/contactfm72.fr\/wp-content\/uploads\/2025\/06\/Chronique-Samuel-Courrant.jpg","datePublished":"2025-06-27T06:59:34+00:00","dateModified":"2025-06-27T08:39:23+00:00","description":"Nos recommandations s\u00e9ries du moisDans le cadre de la chronique \"Rencontres & D\u00e9couvertes\", notre stagiaire du mois de juin, Samuel Courant, \u00e9tudiant en communication, vous partage trois s\u00e9ries coups de c\u0153ur \u00e0 regarder sans mod\u00e9ration. Du thriller haletant \u00e0 la s\u00e9rie polici\u00e8re qui claque, en passant par une fiction historique pleine de panache\u2026 Il y en a pour tous les go\u00fbts !\ud83c\udfac Au programme de la chronique :\ud83d\udc49 The Day of the Jackal\ud83d\udc49 The Rookie\ud83d\udc49 Le Renard : Prince des voleurs","breadcrumb":{"@id":"https:\/\/contactfm72.fr\/?p=19790#breadcrumb"},"inLanguage":"fr-FR","potentialAction":[{"@type":"ReadAction","target":["https:\/\/contactfm72.fr\/?p=19790"]}]},{"@type":"ImageObject","inLanguage":"fr-FR","@id":"https:\/\/contactfm72.fr\/?p=19790#primaryimage","url":"https:\/\/contactfm72.fr\/wp-content\/uploads\/2025\/06\/Chronique-Samuel-Courrant.jpg","contentUrl":"https:\/\/contactfm72.fr\/wp-content\/uploads\/2025\/06\/Chronique-Samuel-Courrant.jpg","width":2016,"height":1512},{"@type":"BreadcrumbList","@id":"https:\/\/contactfm72.fr\/?p=19790#breadcrumb","itemListElement":[{"@type":"ListItem","position":1,"name":"Accueil","item":"https:\/\/contactfm72.fr\/"},{"@type":"ListItem","position":2,"name":"Les S\u00e9ries \u00e0 voir en Juillet : la s\u00e9lection de Contact FM"}]},{"@type":"WebSite","@id":"https:\/\/contactfm72.fr\/#website","url":"https:\/\/contactfm72.fr\/","name":"Contact FM 99.3","description":"Votre radio en vall\u00e9e du Loir","publisher":{"@id":"https:\/\/contactfm72.fr\/#organization"},"potentialAction":[{"@type":"SearchAction","target":{"@type":"EntryPoint","urlTemplate":"https:\/\/contactfm72.fr\/?s={search_term_string}"},"query-input":{"@type":"PropertyValueSpecification","valueRequired":true,"valueName":"search_term_string"}}],"inLanguage":"fr-FR"},{"@type":"Organization","@id":"https:\/\/contactfm72.fr\/#organization","name":"Contact FM 99.3","url":"https:\/\/contactfm72.fr\/","logo":{"@type":"ImageObject","inLanguage":"fr-FR","@id":"https:\/\/contactfm72.fr\/#\/schema\/logo\/image\/","url":"https:\/\/contactfm72.fr\/wp-content\/uploads\/2025\/04\/2025-04-18-2.jpg","contentUrl":"https:\/\/contactfm72.fr\/wp-content\/uploads\/2025\/04\/2025-04-18-2.jpg","width":680,"height":307,"caption":"Contact FM 99.3"},"image":{"@id":"https:\/\/contactfm72.fr\/#\/schema\/logo\/image\/"},"sameAs":["https:\/\/www.facebook.com\/Contactfm.Chateauduloir","https:\/\/x.com\/contactfm72","https:\/\/www.instagram.com\/contact.fm.72?igsh=cGhlMHQ5N2JlNnpp","https:\/\/www.tiktok.com\/@contact.fm"]},{"@type":"Person","@id":"https:\/\/contactfm72.fr\/#\/schema\/person\/d2ef09cdea7331b185acaddc4d14dda8","name":"redaction2@contactfm72.fr","image":{"@type":"ImageObject","inLanguage":"fr-FR","@id":"https:\/\/secure.gravatar.com\/avatar\/897f3d57289c1f4c62cade1c2606ba6ded18d5f1676845e668a9f21cb751c06b?s=96&d=mm&r=g","url":"https:\/\/secure.gravatar.com\/avatar\/897f3d57289c1f4c62cade1c2606ba6ded18d5f1676845e668a9f21cb751c06b?s=96&d=mm&r=g","contentUrl":"https:\/\/secure.gravatar.com\/avatar\/897f3d57289c1f4c62cade1c2606ba6ded18d5f1676845e668a9f21cb751c06b?s=96&d=mm&r=g","caption":"redaction2@contactfm72.fr"},"url":"https:\/\/contactfm72.fr\/?author=5"}]}},"_links":{"self":[{"href":"https:\/\/contactfm72.fr\/index.php?rest_route=\/wp\/v2\/posts\/19790","targetHints":{"allow":["GET"]}}],"collection":[{"href":"https:\/\/contactfm72.fr\/index.php?rest_route=\/wp\/v2\/posts"}],"about":[{"href":"https:\/\/contactfm72.fr\/index.php?rest_route=\/wp\/v2\/types\/post"}],"author":[{"embeddable":true,"href":"https:\/\/contactfm72.fr\/index.php?rest_route=\/wp\/v2\/users\/5"}],"replies":[{"embeddable":true,"href":"https:\/\/contactfm72.fr\/index.php?rest_route=%2Fwp%2Fv2%2Fcomments&post=19790"}],"version-history":[{"count":2,"href":"https:\/\/contactfm72.fr\/index.php?rest_route=\/wp\/v2\/posts\/19790\/revisions"}],"predecessor-version":[{"id":19793,"href":"https:\/\/contactfm72.fr\/index.php?rest_route=\/wp\/v2\/posts\/19790\/revisions\/19793"}],"wp:featuredmedia":[{"embeddable":true,"href":"https:\/\/contactfm72.fr\/index.php?rest_route=\/wp\/v2\/media\/19791"}],"wp:attachment":[{"href":"https:\/\/contactfm72.fr\/index.php?rest_route=%2Fwp%2Fv2%2Fmedia&parent=19790"}],"wp:term":[{"taxonomy":"category","embeddable":true,"href":"https:\/\/contactfm72.fr\/index.php?rest_route=%2Fwp%2Fv2%2Fcategories&post=19790"},{"taxonomy":"post_tag","embeddable":true,"href":"https:\/\/contactfm72.fr\/index.php?rest_route=%2Fwp%2Fv2%2Ftags&post=19790"}],"curies":[{"name":"wp","href":"https:\/\/api.w.org\/{rel}","templated":true}]}}