{"id":19722,"date":"2025-06-20T16:30:39","date_gmt":"2025-06-20T14:30:39","guid":{"rendered":"https:\/\/contactfm72.fr\/?p=19722"},"modified":"2025-06-20T07:13:54","modified_gmt":"2025-06-20T05:13:54","slug":"le-festival-de-lecole-des-arts-a-mansigne","status":"publish","type":"post","link":"https:\/\/contactfm72.fr\/?p=19722","title":{"rendered":"Le Festival de l&#8217;\u00e9cole des Arts s&#8217;invite le 28 juin \u00e0 Mansign\u00e9 !"},"content":{"rendered":"<p>La musique investit Mansign\u00e9 le samedi 28 juin !<\/p>\n<p>Le mois de juin se termine en beaut\u00e9 \u00e0 Mansign\u00e9. Samedi 28 juin, rendez-vous pour la toute premi\u00e8re \u00e9dition du Festival de l\u2019\u00e9cole des Arts \u00e0 partir de 14h. Un \u00e9v\u00e9nement gratuit, ouvert \u00e0 toutes et \u00e0 tous, et surtout interg\u00e9n\u00e9rationnel. Au programme plusieurs concerts, de la pr\u00e9vention sur le port du casque\/airpods.<\/p>\n<p>Pour parler de ce premier \u00e9v\u00e9nement, Fran\u00e7ois Boussard, pr\u00e9sident de la communaut\u00e9 de communes Sud Sarthe, et Laurent Lair, directeur de l&#8217;\u00e9cole des arts, sont les invit\u00e9s de\u00a0 &#8220;L&#8217;interview du jour&#8221; le vendredi 20 juin \u00e0 18h, le samedi 21 juin \u00e0 14h, le dimanche 22 juin \u00e0 11h et le lundi 23 juin \u00e0 13h.<\/p>\n<div id=\"audioigniter-283\" class=\"audioigniter-root \" data-player-type=\"full\" data-tracks-url=\"https:\/\/contactfm72.fr\/?audioigniter_playlist_id=283\" data-display-track-no=\"false\" data-reverse-track-order=\"false\" data-display-tracklist-covers=\"false\" data-display-active-cover=\"false\" data-display-artist-names=\"false\" data-display-buy-buttons=\"true\" data-buy-buttons-target=\"false\" data-cycle-tracks=\"false\" data-display-credits=\"false\" data-display-tracklist=\"true\" data-allow-tracklist-toggle=\"false\" data-allow-tracklist-loop=\"true\" data-limit-tracklist-height=\"true\" data-volume=\"100\" data-tracklist-height=\"185\" data-allow-track-loop=\"false\" ><\/div>\n<!-- AddThis Advanced Settings generic via filter on the_content --><!-- AddThis Share Buttons generic via filter on the_content -->","protected":false},"excerpt":{"rendered":"<p>La musique investit Mansign\u00e9 le samedi 28 juin ! Le mois de juin se termine en beaut\u00e9 \u00e0 Mansign\u00e9. Samedi 28 juin, rendez-vous pour la toute premi\u00e8re \u00e9dition du Festival de l\u2019\u00e9cole des Arts \u00e0 partir de 14h. Un \u00e9v\u00e9nement gratuit, ouvert \u00e0 toutes et \u00e0 tous, et surtout interg\u00e9n\u00e9rationnel. Au programme plusieurs concerts, de&hellip;<!-- AddThis Advanced Settings generic via filter on get_the_excerpt --><!-- AddThis Share Buttons generic via filter on get_the_excerpt --><\/p>\n","protected":false},"author":5,"featured_media":19723,"comment_status":"closed","ping_status":"open","sticky":false,"template":"","format":"standard","meta":{"footnotes":""},"categories":[1,5],"tags":[],"class_list":["post-19722","post","type-post","status-publish","format-standard","has-post-thumbnail","hentry","category-contact-fm-72","category-linterview-du-jour","category-1","category-5","description-off"],"yoast_head":"<!-- This site is optimized with the Yoast SEO plugin v27.4 - https:\/\/yoast.com\/product\/yoast-seo-wordpress\/ -->\n<title>Le Festival de l&#039;\u00e9cole des Arts s&#039;invite le 28 juin \u00e0 Mansign\u00e9 ! - Contact FM 99.3<\/title>\n<meta name=\"description\" content=\"La musique investit Mansign\u00e9 le samedi 28 juin !Le mois de juin se termine en beaut\u00e9 \u00e0 Mansign\u00e9 ! Ce samedi 28 juin, rendez-vous pour la toute premi\u00e8re \u00e9dition du Festival de l\u2019\u00c9cole des Arts \u00e0 partir de 14h. Un \u00e9v\u00e9nement gratuit, ouvert \u00e0 toutes et \u00e0 tous, et surtout interg\u00e9n\u00e9rationnel. Au programme plusieurs concerts, de la pr\u00e9vention sur le port du casque\/airpods.Pour parler de ce premier \u00e9v\u00e9nement, Fran\u00e7ois Boussard, pr\u00e9sident de la communaut\u00e9 de communes &quot;Sud-Sarthe&quot; et Laurent Lair, directeur de l&#039;\u00e9cole des arts sont les invit\u00e9s de\u00a0 &quot;L&#039;interview du jour&quot; le vendredi 20 juin \u00e0 18h, le samedi 21 juin \u00e0 14h, le dimanche 22 juin \u00e0 11h et le lundi 23 juin \u00e0 13h.\" \/>\n<meta name=\"robots\" content=\"index, follow, max-snippet:-1, max-image-preview:large, max-video-preview:-1\" \/>\n<link rel=\"canonical\" href=\"https:\/\/contactfm72.fr\/?p=19722\" \/>\n<meta property=\"og:locale\" content=\"fr_FR\" \/>\n<meta property=\"og:type\" content=\"article\" \/>\n<meta property=\"og:title\" content=\"Le Festival de l&#039;\u00e9cole des Arts s&#039;invite le 28 juin \u00e0 Mansign\u00e9 ! - Contact FM 99.3\" \/>\n<meta property=\"og:description\" content=\"La musique investit Mansign\u00e9 le samedi 28 juin !Le mois de juin se termine en beaut\u00e9 \u00e0 Mansign\u00e9 ! Ce samedi 28 juin, rendez-vous pour la toute premi\u00e8re \u00e9dition du Festival de l\u2019\u00c9cole des Arts \u00e0 partir de 14h. Un \u00e9v\u00e9nement gratuit, ouvert \u00e0 toutes et \u00e0 tous, et surtout interg\u00e9n\u00e9rationnel. Au programme plusieurs concerts, de la pr\u00e9vention sur le port du casque\/airpods.Pour parler de ce premier \u00e9v\u00e9nement, Fran\u00e7ois Boussard, pr\u00e9sident de la communaut\u00e9 de communes &quot;Sud-Sarthe&quot; et Laurent Lair, directeur de l&#039;\u00e9cole des arts sont les invit\u00e9s de\u00a0 &quot;L&#039;interview du jour&quot; le vendredi 20 juin \u00e0 18h, le samedi 21 juin \u00e0 14h, le dimanche 22 juin \u00e0 11h et le lundi 23 juin \u00e0 13h.\" \/>\n<meta property=\"og:url\" content=\"https:\/\/contactfm72.fr\/?p=19722\" \/>\n<meta property=\"og:site_name\" content=\"Contact FM 99.3\" \/>\n<meta property=\"article:publisher\" content=\"https:\/\/www.facebook.com\/Contactfm.Chateauduloir\" \/>\n<meta property=\"article:published_time\" content=\"2025-06-20T14:30:39+00:00\" \/>\n<meta property=\"og:image\" content=\"https:\/\/contactfm72.fr\/wp-content\/uploads\/2025\/06\/Visuel-Contact-FM-2-1.jpg\" \/>\n\t<meta property=\"og:image:width\" content=\"2016\" \/>\n\t<meta property=\"og:image:height\" content=\"1512\" \/>\n\t<meta property=\"og:image:type\" content=\"image\/jpeg\" \/>\n<meta name=\"author\" content=\"redaction2@contactfm72.fr\" \/>\n<meta name=\"twitter:card\" content=\"summary_large_image\" \/>\n<meta name=\"twitter:creator\" content=\"@contactfm72\" \/>\n<meta name=\"twitter:site\" content=\"@contactfm72\" \/>\n<meta name=\"twitter:label1\" content=\"\u00c9crit par\" \/>\n\t<meta name=\"twitter:data1\" content=\"redaction2@contactfm72.fr\" \/>\n\t<meta name=\"twitter:label2\" content=\"Dur\u00e9e de lecture estim\u00e9e\" \/>\n\t<meta name=\"twitter:data2\" content=\"1 minute\" \/>\n<script type=\"application\/ld+json\" class=\"yoast-schema-graph\">{\"@context\":\"https:\\\/\\\/schema.org\",\"@graph\":[{\"@type\":\"Article\",\"@id\":\"https:\\\/\\\/contactfm72.fr\\\/?p=19722#article\",\"isPartOf\":{\"@id\":\"https:\\\/\\\/contactfm72.fr\\\/?p=19722\"},\"author\":{\"name\":\"redaction2@contactfm72.fr\",\"@id\":\"https:\\\/\\\/contactfm72.fr\\\/#\\\/schema\\\/person\\\/d2ef09cdea7331b185acaddc4d14dda8\"},\"headline\":\"Le Festival de l&#8217;\u00e9cole des Arts s&#8217;invite le 28 juin \u00e0 Mansign\u00e9 !\",\"datePublished\":\"2025-06-20T14:30:39+00:00\",\"mainEntityOfPage\":{\"@id\":\"https:\\\/\\\/contactfm72.fr\\\/?p=19722\"},\"wordCount\":131,\"publisher\":{\"@id\":\"https:\\\/\\\/contactfm72.fr\\\/#organization\"},\"image\":{\"@id\":\"https:\\\/\\\/contactfm72.fr\\\/?p=19722#primaryimage\"},\"thumbnailUrl\":\"https:\\\/\\\/contactfm72.fr\\\/wp-content\\\/uploads\\\/2025\\\/06\\\/Visuel-Contact-FM-2-1.jpg\",\"articleSection\":[\"Contact FM 72\",\"L'interview du jour\"],\"inLanguage\":\"fr-FR\"},{\"@type\":\"WebPage\",\"@id\":\"https:\\\/\\\/contactfm72.fr\\\/?p=19722\",\"url\":\"https:\\\/\\\/contactfm72.fr\\\/?p=19722\",\"name\":\"Le Festival de l'\u00e9cole des Arts s'invite le 28 juin \u00e0 Mansign\u00e9 ! - Contact FM 99.3\",\"isPartOf\":{\"@id\":\"https:\\\/\\\/contactfm72.fr\\\/#website\"},\"primaryImageOfPage\":{\"@id\":\"https:\\\/\\\/contactfm72.fr\\\/?p=19722#primaryimage\"},\"image\":{\"@id\":\"https:\\\/\\\/contactfm72.fr\\\/?p=19722#primaryimage\"},\"thumbnailUrl\":\"https:\\\/\\\/contactfm72.fr\\\/wp-content\\\/uploads\\\/2025\\\/06\\\/Visuel-Contact-FM-2-1.jpg\",\"datePublished\":\"2025-06-20T14:30:39+00:00\",\"description\":\"La musique investit Mansign\u00e9 le samedi 28 juin !Le mois de juin se termine en beaut\u00e9 \u00e0 Mansign\u00e9 ! Ce samedi 28 juin, rendez-vous pour la toute premi\u00e8re \u00e9dition du Festival de l\u2019\u00c9cole des Arts \u00e0 partir de 14h. Un \u00e9v\u00e9nement gratuit, ouvert \u00e0 toutes et \u00e0 tous, et surtout interg\u00e9n\u00e9rationnel. Au programme plusieurs concerts, de la pr\u00e9vention sur le port du casque\\\/airpods.Pour parler de ce premier \u00e9v\u00e9nement, Fran\u00e7ois Boussard, pr\u00e9sident de la communaut\u00e9 de communes \\\"Sud-Sarthe\\\" et Laurent Lair, directeur de l'\u00e9cole des arts sont les invit\u00e9s de\u00a0 \\\"L'interview du jour\\\" le vendredi 20 juin \u00e0 18h, le samedi 21 juin \u00e0 14h, le dimanche 22 juin \u00e0 11h et le lundi 23 juin \u00e0 13h.\",\"breadcrumb\":{\"@id\":\"https:\\\/\\\/contactfm72.fr\\\/?p=19722#breadcrumb\"},\"inLanguage\":\"fr-FR\",\"potentialAction\":[{\"@type\":\"ReadAction\",\"target\":[\"https:\\\/\\\/contactfm72.fr\\\/?p=19722\"]}]},{\"@type\":\"ImageObject\",\"inLanguage\":\"fr-FR\",\"@id\":\"https:\\\/\\\/contactfm72.fr\\\/?p=19722#primaryimage\",\"url\":\"https:\\\/\\\/contactfm72.fr\\\/wp-content\\\/uploads\\\/2025\\\/06\\\/Visuel-Contact-FM-2-1.jpg\",\"contentUrl\":\"https:\\\/\\\/contactfm72.fr\\\/wp-content\\\/uploads\\\/2025\\\/06\\\/Visuel-Contact-FM-2-1.jpg\",\"width\":2016,\"height\":1512},{\"@type\":\"BreadcrumbList\",\"@id\":\"https:\\\/\\\/contactfm72.fr\\\/?p=19722#breadcrumb\",\"itemListElement\":[{\"@type\":\"ListItem\",\"position\":1,\"name\":\"Accueil\",\"item\":\"https:\\\/\\\/contactfm72.fr\\\/\"},{\"@type\":\"ListItem\",\"position\":2,\"name\":\"Le Festival de l&#8217;\u00e9cole des Arts s&#8217;invite le 28 juin \u00e0 Mansign\u00e9 !\"}]},{\"@type\":\"WebSite\",\"@id\":\"https:\\\/\\\/contactfm72.fr\\\/#website\",\"url\":\"https:\\\/\\\/contactfm72.fr\\\/\",\"name\":\"Contact FM 99.3\",\"description\":\"Votre radio en vall\u00e9e du Loir\",\"publisher\":{\"@id\":\"https:\\\/\\\/contactfm72.fr\\\/#organization\"},\"potentialAction\":[{\"@type\":\"SearchAction\",\"target\":{\"@type\":\"EntryPoint\",\"urlTemplate\":\"https:\\\/\\\/contactfm72.fr\\\/?s={search_term_string}\"},\"query-input\":{\"@type\":\"PropertyValueSpecification\",\"valueRequired\":true,\"valueName\":\"search_term_string\"}}],\"inLanguage\":\"fr-FR\"},{\"@type\":\"Organization\",\"@id\":\"https:\\\/\\\/contactfm72.fr\\\/#organization\",\"name\":\"Contact FM 99.3\",\"url\":\"https:\\\/\\\/contactfm72.fr\\\/\",\"logo\":{\"@type\":\"ImageObject\",\"inLanguage\":\"fr-FR\",\"@id\":\"https:\\\/\\\/contactfm72.fr\\\/#\\\/schema\\\/logo\\\/image\\\/\",\"url\":\"https:\\\/\\\/contactfm72.fr\\\/wp-content\\\/uploads\\\/2025\\\/04\\\/2025-04-18-2.jpg\",\"contentUrl\":\"https:\\\/\\\/contactfm72.fr\\\/wp-content\\\/uploads\\\/2025\\\/04\\\/2025-04-18-2.jpg\",\"width\":680,\"height\":307,\"caption\":\"Contact FM 99.3\"},\"image\":{\"@id\":\"https:\\\/\\\/contactfm72.fr\\\/#\\\/schema\\\/logo\\\/image\\\/\"},\"sameAs\":[\"https:\\\/\\\/www.facebook.com\\\/Contactfm.Chateauduloir\",\"https:\\\/\\\/x.com\\\/contactfm72\",\"https:\\\/\\\/www.instagram.com\\\/contact.fm.72?igsh=cGhlMHQ5N2JlNnpp\",\"https:\\\/\\\/www.tiktok.com\\\/@contact.fm\"]},{\"@type\":\"Person\",\"@id\":\"https:\\\/\\\/contactfm72.fr\\\/#\\\/schema\\\/person\\\/d2ef09cdea7331b185acaddc4d14dda8\",\"name\":\"redaction2@contactfm72.fr\",\"image\":{\"@type\":\"ImageObject\",\"inLanguage\":\"fr-FR\",\"@id\":\"https:\\\/\\\/secure.gravatar.com\\\/avatar\\\/897f3d57289c1f4c62cade1c2606ba6ded18d5f1676845e668a9f21cb751c06b?s=96&d=mm&r=g\",\"url\":\"https:\\\/\\\/secure.gravatar.com\\\/avatar\\\/897f3d57289c1f4c62cade1c2606ba6ded18d5f1676845e668a9f21cb751c06b?s=96&d=mm&r=g\",\"contentUrl\":\"https:\\\/\\\/secure.gravatar.com\\\/avatar\\\/897f3d57289c1f4c62cade1c2606ba6ded18d5f1676845e668a9f21cb751c06b?s=96&d=mm&r=g\",\"caption\":\"redaction2@contactfm72.fr\"},\"url\":\"https:\\\/\\\/contactfm72.fr\\\/?author=5\"}]}<\/script>\n<!-- \/ Yoast SEO plugin. -->","yoast_head_json":{"title":"Le Festival de l'\u00e9cole des Arts s'invite le 28 juin \u00e0 Mansign\u00e9 ! - Contact FM 99.3","description":"La musique investit Mansign\u00e9 le samedi 28 juin !Le mois de juin se termine en beaut\u00e9 \u00e0 Mansign\u00e9 ! Ce samedi 28 juin, rendez-vous pour la toute premi\u00e8re \u00e9dition du Festival de l\u2019\u00c9cole des Arts \u00e0 partir de 14h. Un \u00e9v\u00e9nement gratuit, ouvert \u00e0 toutes et \u00e0 tous, et surtout interg\u00e9n\u00e9rationnel. Au programme plusieurs concerts, de la pr\u00e9vention sur le port du casque\/airpods.Pour parler de ce premier \u00e9v\u00e9nement, Fran\u00e7ois Boussard, pr\u00e9sident de la communaut\u00e9 de communes \"Sud-Sarthe\" et Laurent Lair, directeur de l'\u00e9cole des arts sont les invit\u00e9s de\u00a0 \"L'interview du jour\" le vendredi 20 juin \u00e0 18h, le samedi 21 juin \u00e0 14h, le dimanche 22 juin \u00e0 11h et le lundi 23 juin \u00e0 13h.","robots":{"index":"index","follow":"follow","max-snippet":"max-snippet:-1","max-image-preview":"max-image-preview:large","max-video-preview":"max-video-preview:-1"},"canonical":"https:\/\/contactfm72.fr\/?p=19722","og_locale":"fr_FR","og_type":"article","og_title":"Le Festival de l'\u00e9cole des Arts s'invite le 28 juin \u00e0 Mansign\u00e9 ! - Contact FM 99.3","og_description":"La musique investit Mansign\u00e9 le samedi 28 juin !Le mois de juin se termine en beaut\u00e9 \u00e0 Mansign\u00e9 ! Ce samedi 28 juin, rendez-vous pour la toute premi\u00e8re \u00e9dition du Festival de l\u2019\u00c9cole des Arts \u00e0 partir de 14h. Un \u00e9v\u00e9nement gratuit, ouvert \u00e0 toutes et \u00e0 tous, et surtout interg\u00e9n\u00e9rationnel. Au programme plusieurs concerts, de la pr\u00e9vention sur le port du casque\/airpods.Pour parler de ce premier \u00e9v\u00e9nement, Fran\u00e7ois Boussard, pr\u00e9sident de la communaut\u00e9 de communes \"Sud-Sarthe\" et Laurent Lair, directeur de l'\u00e9cole des arts sont les invit\u00e9s de\u00a0 \"L'interview du jour\" le vendredi 20 juin \u00e0 18h, le samedi 21 juin \u00e0 14h, le dimanche 22 juin \u00e0 11h et le lundi 23 juin \u00e0 13h.","og_url":"https:\/\/contactfm72.fr\/?p=19722","og_site_name":"Contact FM 99.3","article_publisher":"https:\/\/www.facebook.com\/Contactfm.Chateauduloir","article_published_time":"2025-06-20T14:30:39+00:00","og_image":[{"width":2016,"height":1512,"url":"https:\/\/contactfm72.fr\/wp-content\/uploads\/2025\/06\/Visuel-Contact-FM-2-1.jpg","type":"image\/jpeg"}],"author":"redaction2@contactfm72.fr","twitter_card":"summary_large_image","twitter_creator":"@contactfm72","twitter_site":"@contactfm72","twitter_misc":{"\u00c9crit par":"redaction2@contactfm72.fr","Dur\u00e9e de lecture estim\u00e9e":"1 minute"},"schema":{"@context":"https:\/\/schema.org","@graph":[{"@type":"Article","@id":"https:\/\/contactfm72.fr\/?p=19722#article","isPartOf":{"@id":"https:\/\/contactfm72.fr\/?p=19722"},"author":{"name":"redaction2@contactfm72.fr","@id":"https:\/\/contactfm72.fr\/#\/schema\/person\/d2ef09cdea7331b185acaddc4d14dda8"},"headline":"Le Festival de l&#8217;\u00e9cole des Arts s&#8217;invite le 28 juin \u00e0 Mansign\u00e9 !","datePublished":"2025-06-20T14:30:39+00:00","mainEntityOfPage":{"@id":"https:\/\/contactfm72.fr\/?p=19722"},"wordCount":131,"publisher":{"@id":"https:\/\/contactfm72.fr\/#organization"},"image":{"@id":"https:\/\/contactfm72.fr\/?p=19722#primaryimage"},"thumbnailUrl":"https:\/\/contactfm72.fr\/wp-content\/uploads\/2025\/06\/Visuel-Contact-FM-2-1.jpg","articleSection":["Contact FM 72","L'interview du jour"],"inLanguage":"fr-FR"},{"@type":"WebPage","@id":"https:\/\/contactfm72.fr\/?p=19722","url":"https:\/\/contactfm72.fr\/?p=19722","name":"Le Festival de l'\u00e9cole des Arts s'invite le 28 juin \u00e0 Mansign\u00e9 ! - Contact FM 99.3","isPartOf":{"@id":"https:\/\/contactfm72.fr\/#website"},"primaryImageOfPage":{"@id":"https:\/\/contactfm72.fr\/?p=19722#primaryimage"},"image":{"@id":"https:\/\/contactfm72.fr\/?p=19722#primaryimage"},"thumbnailUrl":"https:\/\/contactfm72.fr\/wp-content\/uploads\/2025\/06\/Visuel-Contact-FM-2-1.jpg","datePublished":"2025-06-20T14:30:39+00:00","description":"La musique investit Mansign\u00e9 le samedi 28 juin !Le mois de juin se termine en beaut\u00e9 \u00e0 Mansign\u00e9 ! Ce samedi 28 juin, rendez-vous pour la toute premi\u00e8re \u00e9dition du Festival de l\u2019\u00c9cole des Arts \u00e0 partir de 14h. Un \u00e9v\u00e9nement gratuit, ouvert \u00e0 toutes et \u00e0 tous, et surtout interg\u00e9n\u00e9rationnel. Au programme plusieurs concerts, de la pr\u00e9vention sur le port du casque\/airpods.Pour parler de ce premier \u00e9v\u00e9nement, Fran\u00e7ois Boussard, pr\u00e9sident de la communaut\u00e9 de communes \"Sud-Sarthe\" et Laurent Lair, directeur de l'\u00e9cole des arts sont les invit\u00e9s de\u00a0 \"L'interview du jour\" le vendredi 20 juin \u00e0 18h, le samedi 21 juin \u00e0 14h, le dimanche 22 juin \u00e0 11h et le lundi 23 juin \u00e0 13h.","breadcrumb":{"@id":"https:\/\/contactfm72.fr\/?p=19722#breadcrumb"},"inLanguage":"fr-FR","potentialAction":[{"@type":"ReadAction","target":["https:\/\/contactfm72.fr\/?p=19722"]}]},{"@type":"ImageObject","inLanguage":"fr-FR","@id":"https:\/\/contactfm72.fr\/?p=19722#primaryimage","url":"https:\/\/contactfm72.fr\/wp-content\/uploads\/2025\/06\/Visuel-Contact-FM-2-1.jpg","contentUrl":"https:\/\/contactfm72.fr\/wp-content\/uploads\/2025\/06\/Visuel-Contact-FM-2-1.jpg","width":2016,"height":1512},{"@type":"BreadcrumbList","@id":"https:\/\/contactfm72.fr\/?p=19722#breadcrumb","itemListElement":[{"@type":"ListItem","position":1,"name":"Accueil","item":"https:\/\/contactfm72.fr\/"},{"@type":"ListItem","position":2,"name":"Le Festival de l&#8217;\u00e9cole des Arts s&#8217;invite le 28 juin \u00e0 Mansign\u00e9 !"}]},{"@type":"WebSite","@id":"https:\/\/contactfm72.fr\/#website","url":"https:\/\/contactfm72.fr\/","name":"Contact FM 99.3","description":"Votre radio en vall\u00e9e du Loir","publisher":{"@id":"https:\/\/contactfm72.fr\/#organization"},"potentialAction":[{"@type":"SearchAction","target":{"@type":"EntryPoint","urlTemplate":"https:\/\/contactfm72.fr\/?s={search_term_string}"},"query-input":{"@type":"PropertyValueSpecification","valueRequired":true,"valueName":"search_term_string"}}],"inLanguage":"fr-FR"},{"@type":"Organization","@id":"https:\/\/contactfm72.fr\/#organization","name":"Contact FM 99.3","url":"https:\/\/contactfm72.fr\/","logo":{"@type":"ImageObject","inLanguage":"fr-FR","@id":"https:\/\/contactfm72.fr\/#\/schema\/logo\/image\/","url":"https:\/\/contactfm72.fr\/wp-content\/uploads\/2025\/04\/2025-04-18-2.jpg","contentUrl":"https:\/\/contactfm72.fr\/wp-content\/uploads\/2025\/04\/2025-04-18-2.jpg","width":680,"height":307,"caption":"Contact FM 99.3"},"image":{"@id":"https:\/\/contactfm72.fr\/#\/schema\/logo\/image\/"},"sameAs":["https:\/\/www.facebook.com\/Contactfm.Chateauduloir","https:\/\/x.com\/contactfm72","https:\/\/www.instagram.com\/contact.fm.72?igsh=cGhlMHQ5N2JlNnpp","https:\/\/www.tiktok.com\/@contact.fm"]},{"@type":"Person","@id":"https:\/\/contactfm72.fr\/#\/schema\/person\/d2ef09cdea7331b185acaddc4d14dda8","name":"redaction2@contactfm72.fr","image":{"@type":"ImageObject","inLanguage":"fr-FR","@id":"https:\/\/secure.gravatar.com\/avatar\/897f3d57289c1f4c62cade1c2606ba6ded18d5f1676845e668a9f21cb751c06b?s=96&d=mm&r=g","url":"https:\/\/secure.gravatar.com\/avatar\/897f3d57289c1f4c62cade1c2606ba6ded18d5f1676845e668a9f21cb751c06b?s=96&d=mm&r=g","contentUrl":"https:\/\/secure.gravatar.com\/avatar\/897f3d57289c1f4c62cade1c2606ba6ded18d5f1676845e668a9f21cb751c06b?s=96&d=mm&r=g","caption":"redaction2@contactfm72.fr"},"url":"https:\/\/contactfm72.fr\/?author=5"}]}},"_links":{"self":[{"href":"https:\/\/contactfm72.fr\/index.php?rest_route=\/wp\/v2\/posts\/19722","targetHints":{"allow":["GET"]}}],"collection":[{"href":"https:\/\/contactfm72.fr\/index.php?rest_route=\/wp\/v2\/posts"}],"about":[{"href":"https:\/\/contactfm72.fr\/index.php?rest_route=\/wp\/v2\/types\/post"}],"author":[{"embeddable":true,"href":"https:\/\/contactfm72.fr\/index.php?rest_route=\/wp\/v2\/users\/5"}],"replies":[{"embeddable":true,"href":"https:\/\/contactfm72.fr\/index.php?rest_route=%2Fwp%2Fv2%2Fcomments&post=19722"}],"version-history":[{"count":3,"href":"https:\/\/contactfm72.fr\/index.php?rest_route=\/wp\/v2\/posts\/19722\/revisions"}],"predecessor-version":[{"id":19726,"href":"https:\/\/contactfm72.fr\/index.php?rest_route=\/wp\/v2\/posts\/19722\/revisions\/19726"}],"wp:featuredmedia":[{"embeddable":true,"href":"https:\/\/contactfm72.fr\/index.php?rest_route=\/wp\/v2\/media\/19723"}],"wp:attachment":[{"href":"https:\/\/contactfm72.fr\/index.php?rest_route=%2Fwp%2Fv2%2Fmedia&parent=19722"}],"wp:term":[{"taxonomy":"category","embeddable":true,"href":"https:\/\/contactfm72.fr\/index.php?rest_route=%2Fwp%2Fv2%2Fcategories&post=19722"},{"taxonomy":"post_tag","embeddable":true,"href":"https:\/\/contactfm72.fr\/index.php?rest_route=%2Fwp%2Fv2%2Ftags&post=19722"}],"curies":[{"name":"wp","href":"https:\/\/api.w.org\/{rel}","templated":true}]}}