{"id":19700,"date":"2025-06-18T16:34:15","date_gmt":"2025-06-18T14:34:15","guid":{"rendered":"https:\/\/contactfm72.fr\/?p=19700"},"modified":"2025-07-25T10:31:06","modified_gmt":"2025-07-25T08:31:06","slug":"le-musee-cafetieres-compagnie-fete-ses-10-ans","status":"publish","type":"post","link":"https:\/\/contactfm72.fr\/?p=19700","title":{"rendered":"Le mus\u00e9e Cafeti\u00e8res &#038; Compagnie f\u00eate ses 10 ans !"},"content":{"rendered":"<p>D\u00e9j\u00e0 10 ans de collection !<\/p>\n<p>Le mus\u00e9e Cafeti\u00e8res et compagnie, cr\u00e9\u00e9 par V\u00e9ronique et Alain Quellier, \u00e0 Montval-sur-Loir, f\u00eate ses 10 ans avec une exposition in\u00e9dite. Le couple y d\u00e9voile une collection exceptionnelle en collaboration avec le Bazar de l\u2019H\u00f4tel de Ville de Paris, mettant en lumi\u00e8re des objets \u00e9maill\u00e9s rares tels des fragments d\u2019histoire.<\/p>\n<p>V\u00e9ronique Quellier, la co-cr\u00e9atrice du mus\u00e9e est l&#8217;invit\u00e9e de &#8220;L&#8217;interview du jour&#8221; le mercredi 18 juin \u00e0 18h, le jeudi 19 juin \u00e0 13h, le samedi 21 juin \u00e0 14h et le dimanche 22 juin \u00e0 11h.<\/p>\n<div id=\"audioigniter-283\" class=\"audioigniter-root \" data-player-type=\"full\" data-tracks-url=\"https:\/\/contactfm72.fr\/?audioigniter_playlist_id=283\" data-display-track-no=\"false\" data-reverse-track-order=\"false\" data-display-tracklist-covers=\"false\" data-display-active-cover=\"false\" data-display-artist-names=\"false\" data-display-buy-buttons=\"true\" data-buy-buttons-target=\"false\" data-cycle-tracks=\"false\" data-display-credits=\"false\" data-display-tracklist=\"true\" data-allow-tracklist-toggle=\"false\" data-allow-tracklist-loop=\"true\" data-limit-tracklist-height=\"true\" data-volume=\"100\" data-tracklist-height=\"185\" data-allow-track-loop=\"false\" ><\/div>\n<p>&nbsp;<\/p>\n<!-- AddThis Advanced Settings generic via filter on the_content --><!-- AddThis Share Buttons generic via filter on the_content -->","protected":false},"excerpt":{"rendered":"<p>D\u00e9j\u00e0 10 ans de collection ! Le mus\u00e9e Cafeti\u00e8res et compagnie, cr\u00e9\u00e9 par V\u00e9ronique et Alain Quellier, \u00e0 Montval-sur-Loir, f\u00eate ses 10 ans avec une exposition in\u00e9dite. Le couple y d\u00e9voile une collection exceptionnelle en collaboration avec le Bazar de l\u2019H\u00f4tel de Ville de Paris, mettant en lumi\u00e8re des objets \u00e9maill\u00e9s rares tels des fragments&hellip;<!-- AddThis Advanced Settings generic via filter on get_the_excerpt --><!-- AddThis Share Buttons generic via filter on get_the_excerpt --><\/p>\n","protected":false},"author":5,"featured_media":19704,"comment_status":"closed","ping_status":"open","sticky":false,"template":"","format":"standard","meta":{"footnotes":""},"categories":[1,79,5],"tags":[],"class_list":["post-19700","post","type-post","status-publish","format-standard","has-post-thumbnail","hentry","category-contact-fm-72","category-destination-vacances","category-linterview-du-jour","category-1","category-79","category-5","description-off"],"yoast_head":"<!-- This site is optimized with the Yoast SEO plugin v27.4 - https:\/\/yoast.com\/product\/yoast-seo-wordpress\/ -->\n<title>Le mus\u00e9e Cafeti\u00e8res &amp; Compagnie f\u00eate ses 10 ans ! - Contact FM 99.3<\/title>\n<meta name=\"description\" content=\"D\u00e9j\u00e0 10 ans de collection !Le mus\u00e9e Cafeti\u00e8res et compagnie, cr\u00e9\u00e9 par V\u00e9ronique et Alain Quellier, \u00e0 Montval-sur-Loir, f\u00eate ses 10 ans avec une exposition in\u00e9dite. Le couple y d\u00e9voile une collection exceptionnelle en collaboration avec le Bazar de l\u2019H\u00f4tel de Ville de Paris, mettant en lumi\u00e8re des objets \u00e9maill\u00e9s rares tels des fragments d\u2019histoire.V\u00e9ronique Quellier, la co-cr\u00e9atrice du mus\u00e9e est l&#039;invit\u00e9e de &quot;L&#039;interview du jour&quot; le mercredi 18 juin \u00e0 18h, le jeudi 19 juin \u00e0 13h, le samedi 21 juin \u00e0 14h et le dimanche 22 juin \u00e0 11h.\u00a0\" \/>\n<meta name=\"robots\" content=\"index, follow, max-snippet:-1, max-image-preview:large, max-video-preview:-1\" \/>\n<link rel=\"canonical\" href=\"https:\/\/contactfm72.fr\/?p=19700\" \/>\n<meta property=\"og:locale\" content=\"fr_FR\" \/>\n<meta property=\"og:type\" content=\"article\" \/>\n<meta property=\"og:title\" content=\"Le mus\u00e9e Cafeti\u00e8res &amp; Compagnie f\u00eate ses 10 ans ! - Contact FM 99.3\" \/>\n<meta property=\"og:description\" content=\"D\u00e9j\u00e0 10 ans de collection !Le mus\u00e9e Cafeti\u00e8res et compagnie, cr\u00e9\u00e9 par V\u00e9ronique et Alain Quellier, \u00e0 Montval-sur-Loir, f\u00eate ses 10 ans avec une exposition in\u00e9dite. Le couple y d\u00e9voile une collection exceptionnelle en collaboration avec le Bazar de l\u2019H\u00f4tel de Ville de Paris, mettant en lumi\u00e8re des objets \u00e9maill\u00e9s rares tels des fragments d\u2019histoire.V\u00e9ronique Quellier, la co-cr\u00e9atrice du mus\u00e9e est l&#039;invit\u00e9e de &quot;L&#039;interview du jour&quot; le mercredi 18 juin \u00e0 18h, le jeudi 19 juin \u00e0 13h, le samedi 21 juin \u00e0 14h et le dimanche 22 juin \u00e0 11h.\u00a0\" \/>\n<meta property=\"og:url\" content=\"https:\/\/contactfm72.fr\/?p=19700\" \/>\n<meta property=\"og:site_name\" content=\"Contact FM 99.3\" \/>\n<meta property=\"article:publisher\" content=\"https:\/\/www.facebook.com\/Contactfm.Chateauduloir\" \/>\n<meta property=\"article:published_time\" content=\"2025-06-18T14:34:15+00:00\" \/>\n<meta property=\"article:modified_time\" content=\"2025-07-25T08:31:06+00:00\" \/>\n<meta property=\"og:image\" content=\"http:\/\/contactfm72.fr\/wp-content\/uploads\/2025\/06\/sdfg.png\" \/>\n\t<meta property=\"og:image:width\" content=\"1024\" \/>\n\t<meta property=\"og:image:height\" content=\"768\" \/>\n\t<meta property=\"og:image:type\" content=\"image\/png\" \/>\n<meta name=\"author\" content=\"redaction2@contactfm72.fr\" \/>\n<meta name=\"twitter:card\" content=\"summary_large_image\" \/>\n<meta name=\"twitter:creator\" content=\"@contactfm72\" \/>\n<meta name=\"twitter:site\" content=\"@contactfm72\" \/>\n<meta name=\"twitter:label1\" content=\"\u00c9crit par\" \/>\n\t<meta name=\"twitter:data1\" content=\"redaction2@contactfm72.fr\" \/>\n\t<meta name=\"twitter:label2\" content=\"Dur\u00e9e de lecture estim\u00e9e\" \/>\n\t<meta name=\"twitter:data2\" content=\"1 minute\" \/>\n<script type=\"application\/ld+json\" class=\"yoast-schema-graph\">{\"@context\":\"https:\\\/\\\/schema.org\",\"@graph\":[{\"@type\":\"Article\",\"@id\":\"https:\\\/\\\/contactfm72.fr\\\/?p=19700#article\",\"isPartOf\":{\"@id\":\"https:\\\/\\\/contactfm72.fr\\\/?p=19700\"},\"author\":{\"name\":\"redaction2@contactfm72.fr\",\"@id\":\"https:\\\/\\\/contactfm72.fr\\\/#\\\/schema\\\/person\\\/d2ef09cdea7331b185acaddc4d14dda8\"},\"headline\":\"Le mus\u00e9e Cafeti\u00e8res &#038; Compagnie f\u00eate ses 10 ans !\",\"datePublished\":\"2025-06-18T14:34:15+00:00\",\"dateModified\":\"2025-07-25T08:31:06+00:00\",\"mainEntityOfPage\":{\"@id\":\"https:\\\/\\\/contactfm72.fr\\\/?p=19700\"},\"wordCount\":113,\"publisher\":{\"@id\":\"https:\\\/\\\/contactfm72.fr\\\/#organization\"},\"image\":{\"@id\":\"https:\\\/\\\/contactfm72.fr\\\/?p=19700#primaryimage\"},\"thumbnailUrl\":\"https:\\\/\\\/contactfm72.fr\\\/wp-content\\\/uploads\\\/2025\\\/06\\\/sdfg.png\",\"articleSection\":[\"Contact FM 72\",\"Destination vacances\",\"L'interview du jour\"],\"inLanguage\":\"fr-FR\"},{\"@type\":\"WebPage\",\"@id\":\"https:\\\/\\\/contactfm72.fr\\\/?p=19700\",\"url\":\"https:\\\/\\\/contactfm72.fr\\\/?p=19700\",\"name\":\"Le mus\u00e9e Cafeti\u00e8res & Compagnie f\u00eate ses 10 ans ! - Contact FM 99.3\",\"isPartOf\":{\"@id\":\"https:\\\/\\\/contactfm72.fr\\\/#website\"},\"primaryImageOfPage\":{\"@id\":\"https:\\\/\\\/contactfm72.fr\\\/?p=19700#primaryimage\"},\"image\":{\"@id\":\"https:\\\/\\\/contactfm72.fr\\\/?p=19700#primaryimage\"},\"thumbnailUrl\":\"https:\\\/\\\/contactfm72.fr\\\/wp-content\\\/uploads\\\/2025\\\/06\\\/sdfg.png\",\"datePublished\":\"2025-06-18T14:34:15+00:00\",\"dateModified\":\"2025-07-25T08:31:06+00:00\",\"description\":\"D\u00e9j\u00e0 10 ans de collection !Le mus\u00e9e Cafeti\u00e8res et compagnie, cr\u00e9\u00e9 par V\u00e9ronique et Alain Quellier, \u00e0 Montval-sur-Loir, f\u00eate ses 10 ans avec une exposition in\u00e9dite. Le couple y d\u00e9voile une collection exceptionnelle en collaboration avec le Bazar de l\u2019H\u00f4tel de Ville de Paris, mettant en lumi\u00e8re des objets \u00e9maill\u00e9s rares tels des fragments d\u2019histoire.V\u00e9ronique Quellier, la co-cr\u00e9atrice du mus\u00e9e est l'invit\u00e9e de \\\"L'interview du jour\\\" le mercredi 18 juin \u00e0 18h, le jeudi 19 juin \u00e0 13h, le samedi 21 juin \u00e0 14h et le dimanche 22 juin \u00e0 11h.\u00a0\",\"breadcrumb\":{\"@id\":\"https:\\\/\\\/contactfm72.fr\\\/?p=19700#breadcrumb\"},\"inLanguage\":\"fr-FR\",\"potentialAction\":[{\"@type\":\"ReadAction\",\"target\":[\"https:\\\/\\\/contactfm72.fr\\\/?p=19700\"]}]},{\"@type\":\"ImageObject\",\"inLanguage\":\"fr-FR\",\"@id\":\"https:\\\/\\\/contactfm72.fr\\\/?p=19700#primaryimage\",\"url\":\"https:\\\/\\\/contactfm72.fr\\\/wp-content\\\/uploads\\\/2025\\\/06\\\/sdfg.png\",\"contentUrl\":\"https:\\\/\\\/contactfm72.fr\\\/wp-content\\\/uploads\\\/2025\\\/06\\\/sdfg.png\",\"width\":2016,\"height\":1512},{\"@type\":\"BreadcrumbList\",\"@id\":\"https:\\\/\\\/contactfm72.fr\\\/?p=19700#breadcrumb\",\"itemListElement\":[{\"@type\":\"ListItem\",\"position\":1,\"name\":\"Accueil\",\"item\":\"https:\\\/\\\/contactfm72.fr\\\/\"},{\"@type\":\"ListItem\",\"position\":2,\"name\":\"Le mus\u00e9e Cafeti\u00e8res &#038; Compagnie f\u00eate ses 10 ans !\"}]},{\"@type\":\"WebSite\",\"@id\":\"https:\\\/\\\/contactfm72.fr\\\/#website\",\"url\":\"https:\\\/\\\/contactfm72.fr\\\/\",\"name\":\"Contact FM 99.3\",\"description\":\"Votre radio en vall\u00e9e du Loir\",\"publisher\":{\"@id\":\"https:\\\/\\\/contactfm72.fr\\\/#organization\"},\"potentialAction\":[{\"@type\":\"SearchAction\",\"target\":{\"@type\":\"EntryPoint\",\"urlTemplate\":\"https:\\\/\\\/contactfm72.fr\\\/?s={search_term_string}\"},\"query-input\":{\"@type\":\"PropertyValueSpecification\",\"valueRequired\":true,\"valueName\":\"search_term_string\"}}],\"inLanguage\":\"fr-FR\"},{\"@type\":\"Organization\",\"@id\":\"https:\\\/\\\/contactfm72.fr\\\/#organization\",\"name\":\"Contact FM 99.3\",\"url\":\"https:\\\/\\\/contactfm72.fr\\\/\",\"logo\":{\"@type\":\"ImageObject\",\"inLanguage\":\"fr-FR\",\"@id\":\"https:\\\/\\\/contactfm72.fr\\\/#\\\/schema\\\/logo\\\/image\\\/\",\"url\":\"https:\\\/\\\/contactfm72.fr\\\/wp-content\\\/uploads\\\/2025\\\/04\\\/2025-04-18-2.jpg\",\"contentUrl\":\"https:\\\/\\\/contactfm72.fr\\\/wp-content\\\/uploads\\\/2025\\\/04\\\/2025-04-18-2.jpg\",\"width\":680,\"height\":307,\"caption\":\"Contact FM 99.3\"},\"image\":{\"@id\":\"https:\\\/\\\/contactfm72.fr\\\/#\\\/schema\\\/logo\\\/image\\\/\"},\"sameAs\":[\"https:\\\/\\\/www.facebook.com\\\/Contactfm.Chateauduloir\",\"https:\\\/\\\/x.com\\\/contactfm72\",\"https:\\\/\\\/www.instagram.com\\\/contact.fm.72?igsh=cGhlMHQ5N2JlNnpp\",\"https:\\\/\\\/www.tiktok.com\\\/@contact.fm\"]},{\"@type\":\"Person\",\"@id\":\"https:\\\/\\\/contactfm72.fr\\\/#\\\/schema\\\/person\\\/d2ef09cdea7331b185acaddc4d14dda8\",\"name\":\"redaction2@contactfm72.fr\",\"image\":{\"@type\":\"ImageObject\",\"inLanguage\":\"fr-FR\",\"@id\":\"https:\\\/\\\/secure.gravatar.com\\\/avatar\\\/897f3d57289c1f4c62cade1c2606ba6ded18d5f1676845e668a9f21cb751c06b?s=96&d=mm&r=g\",\"url\":\"https:\\\/\\\/secure.gravatar.com\\\/avatar\\\/897f3d57289c1f4c62cade1c2606ba6ded18d5f1676845e668a9f21cb751c06b?s=96&d=mm&r=g\",\"contentUrl\":\"https:\\\/\\\/secure.gravatar.com\\\/avatar\\\/897f3d57289c1f4c62cade1c2606ba6ded18d5f1676845e668a9f21cb751c06b?s=96&d=mm&r=g\",\"caption\":\"redaction2@contactfm72.fr\"},\"url\":\"https:\\\/\\\/contactfm72.fr\\\/?author=5\"}]}<\/script>\n<!-- \/ Yoast SEO plugin. -->","yoast_head_json":{"title":"Le mus\u00e9e Cafeti\u00e8res & Compagnie f\u00eate ses 10 ans ! - Contact FM 99.3","description":"D\u00e9j\u00e0 10 ans de collection !Le mus\u00e9e Cafeti\u00e8res et compagnie, cr\u00e9\u00e9 par V\u00e9ronique et Alain Quellier, \u00e0 Montval-sur-Loir, f\u00eate ses 10 ans avec une exposition in\u00e9dite. Le couple y d\u00e9voile une collection exceptionnelle en collaboration avec le Bazar de l\u2019H\u00f4tel de Ville de Paris, mettant en lumi\u00e8re des objets \u00e9maill\u00e9s rares tels des fragments d\u2019histoire.V\u00e9ronique Quellier, la co-cr\u00e9atrice du mus\u00e9e est l'invit\u00e9e de \"L'interview du jour\" le mercredi 18 juin \u00e0 18h, le jeudi 19 juin \u00e0 13h, le samedi 21 juin \u00e0 14h et le dimanche 22 juin \u00e0 11h.\u00a0","robots":{"index":"index","follow":"follow","max-snippet":"max-snippet:-1","max-image-preview":"max-image-preview:large","max-video-preview":"max-video-preview:-1"},"canonical":"https:\/\/contactfm72.fr\/?p=19700","og_locale":"fr_FR","og_type":"article","og_title":"Le mus\u00e9e Cafeti\u00e8res & Compagnie f\u00eate ses 10 ans ! - Contact FM 99.3","og_description":"D\u00e9j\u00e0 10 ans de collection !Le mus\u00e9e Cafeti\u00e8res et compagnie, cr\u00e9\u00e9 par V\u00e9ronique et Alain Quellier, \u00e0 Montval-sur-Loir, f\u00eate ses 10 ans avec une exposition in\u00e9dite. Le couple y d\u00e9voile une collection exceptionnelle en collaboration avec le Bazar de l\u2019H\u00f4tel de Ville de Paris, mettant en lumi\u00e8re des objets \u00e9maill\u00e9s rares tels des fragments d\u2019histoire.V\u00e9ronique Quellier, la co-cr\u00e9atrice du mus\u00e9e est l'invit\u00e9e de \"L'interview du jour\" le mercredi 18 juin \u00e0 18h, le jeudi 19 juin \u00e0 13h, le samedi 21 juin \u00e0 14h et le dimanche 22 juin \u00e0 11h.\u00a0","og_url":"https:\/\/contactfm72.fr\/?p=19700","og_site_name":"Contact FM 99.3","article_publisher":"https:\/\/www.facebook.com\/Contactfm.Chateauduloir","article_published_time":"2025-06-18T14:34:15+00:00","article_modified_time":"2025-07-25T08:31:06+00:00","og_image":[{"url":"http:\/\/contactfm72.fr\/wp-content\/uploads\/2025\/06\/sdfg.png","width":1024,"height":768,"type":"image\/png"}],"author":"redaction2@contactfm72.fr","twitter_card":"summary_large_image","twitter_creator":"@contactfm72","twitter_site":"@contactfm72","twitter_misc":{"\u00c9crit par":"redaction2@contactfm72.fr","Dur\u00e9e de lecture estim\u00e9e":"1 minute"},"schema":{"@context":"https:\/\/schema.org","@graph":[{"@type":"Article","@id":"https:\/\/contactfm72.fr\/?p=19700#article","isPartOf":{"@id":"https:\/\/contactfm72.fr\/?p=19700"},"author":{"name":"redaction2@contactfm72.fr","@id":"https:\/\/contactfm72.fr\/#\/schema\/person\/d2ef09cdea7331b185acaddc4d14dda8"},"headline":"Le mus\u00e9e Cafeti\u00e8res &#038; Compagnie f\u00eate ses 10 ans !","datePublished":"2025-06-18T14:34:15+00:00","dateModified":"2025-07-25T08:31:06+00:00","mainEntityOfPage":{"@id":"https:\/\/contactfm72.fr\/?p=19700"},"wordCount":113,"publisher":{"@id":"https:\/\/contactfm72.fr\/#organization"},"image":{"@id":"https:\/\/contactfm72.fr\/?p=19700#primaryimage"},"thumbnailUrl":"https:\/\/contactfm72.fr\/wp-content\/uploads\/2025\/06\/sdfg.png","articleSection":["Contact FM 72","Destination vacances","L'interview du jour"],"inLanguage":"fr-FR"},{"@type":"WebPage","@id":"https:\/\/contactfm72.fr\/?p=19700","url":"https:\/\/contactfm72.fr\/?p=19700","name":"Le mus\u00e9e Cafeti\u00e8res & Compagnie f\u00eate ses 10 ans ! - Contact FM 99.3","isPartOf":{"@id":"https:\/\/contactfm72.fr\/#website"},"primaryImageOfPage":{"@id":"https:\/\/contactfm72.fr\/?p=19700#primaryimage"},"image":{"@id":"https:\/\/contactfm72.fr\/?p=19700#primaryimage"},"thumbnailUrl":"https:\/\/contactfm72.fr\/wp-content\/uploads\/2025\/06\/sdfg.png","datePublished":"2025-06-18T14:34:15+00:00","dateModified":"2025-07-25T08:31:06+00:00","description":"D\u00e9j\u00e0 10 ans de collection !Le mus\u00e9e Cafeti\u00e8res et compagnie, cr\u00e9\u00e9 par V\u00e9ronique et Alain Quellier, \u00e0 Montval-sur-Loir, f\u00eate ses 10 ans avec une exposition in\u00e9dite. Le couple y d\u00e9voile une collection exceptionnelle en collaboration avec le Bazar de l\u2019H\u00f4tel de Ville de Paris, mettant en lumi\u00e8re des objets \u00e9maill\u00e9s rares tels des fragments d\u2019histoire.V\u00e9ronique Quellier, la co-cr\u00e9atrice du mus\u00e9e est l'invit\u00e9e de \"L'interview du jour\" le mercredi 18 juin \u00e0 18h, le jeudi 19 juin \u00e0 13h, le samedi 21 juin \u00e0 14h et le dimanche 22 juin \u00e0 11h.\u00a0","breadcrumb":{"@id":"https:\/\/contactfm72.fr\/?p=19700#breadcrumb"},"inLanguage":"fr-FR","potentialAction":[{"@type":"ReadAction","target":["https:\/\/contactfm72.fr\/?p=19700"]}]},{"@type":"ImageObject","inLanguage":"fr-FR","@id":"https:\/\/contactfm72.fr\/?p=19700#primaryimage","url":"https:\/\/contactfm72.fr\/wp-content\/uploads\/2025\/06\/sdfg.png","contentUrl":"https:\/\/contactfm72.fr\/wp-content\/uploads\/2025\/06\/sdfg.png","width":2016,"height":1512},{"@type":"BreadcrumbList","@id":"https:\/\/contactfm72.fr\/?p=19700#breadcrumb","itemListElement":[{"@type":"ListItem","position":1,"name":"Accueil","item":"https:\/\/contactfm72.fr\/"},{"@type":"ListItem","position":2,"name":"Le mus\u00e9e Cafeti\u00e8res &#038; Compagnie f\u00eate ses 10 ans !"}]},{"@type":"WebSite","@id":"https:\/\/contactfm72.fr\/#website","url":"https:\/\/contactfm72.fr\/","name":"Contact FM 99.3","description":"Votre radio en vall\u00e9e du Loir","publisher":{"@id":"https:\/\/contactfm72.fr\/#organization"},"potentialAction":[{"@type":"SearchAction","target":{"@type":"EntryPoint","urlTemplate":"https:\/\/contactfm72.fr\/?s={search_term_string}"},"query-input":{"@type":"PropertyValueSpecification","valueRequired":true,"valueName":"search_term_string"}}],"inLanguage":"fr-FR"},{"@type":"Organization","@id":"https:\/\/contactfm72.fr\/#organization","name":"Contact FM 99.3","url":"https:\/\/contactfm72.fr\/","logo":{"@type":"ImageObject","inLanguage":"fr-FR","@id":"https:\/\/contactfm72.fr\/#\/schema\/logo\/image\/","url":"https:\/\/contactfm72.fr\/wp-content\/uploads\/2025\/04\/2025-04-18-2.jpg","contentUrl":"https:\/\/contactfm72.fr\/wp-content\/uploads\/2025\/04\/2025-04-18-2.jpg","width":680,"height":307,"caption":"Contact FM 99.3"},"image":{"@id":"https:\/\/contactfm72.fr\/#\/schema\/logo\/image\/"},"sameAs":["https:\/\/www.facebook.com\/Contactfm.Chateauduloir","https:\/\/x.com\/contactfm72","https:\/\/www.instagram.com\/contact.fm.72?igsh=cGhlMHQ5N2JlNnpp","https:\/\/www.tiktok.com\/@contact.fm"]},{"@type":"Person","@id":"https:\/\/contactfm72.fr\/#\/schema\/person\/d2ef09cdea7331b185acaddc4d14dda8","name":"redaction2@contactfm72.fr","image":{"@type":"ImageObject","inLanguage":"fr-FR","@id":"https:\/\/secure.gravatar.com\/avatar\/897f3d57289c1f4c62cade1c2606ba6ded18d5f1676845e668a9f21cb751c06b?s=96&d=mm&r=g","url":"https:\/\/secure.gravatar.com\/avatar\/897f3d57289c1f4c62cade1c2606ba6ded18d5f1676845e668a9f21cb751c06b?s=96&d=mm&r=g","contentUrl":"https:\/\/secure.gravatar.com\/avatar\/897f3d57289c1f4c62cade1c2606ba6ded18d5f1676845e668a9f21cb751c06b?s=96&d=mm&r=g","caption":"redaction2@contactfm72.fr"},"url":"https:\/\/contactfm72.fr\/?author=5"}]}},"_links":{"self":[{"href":"https:\/\/contactfm72.fr\/index.php?rest_route=\/wp\/v2\/posts\/19700","targetHints":{"allow":["GET"]}}],"collection":[{"href":"https:\/\/contactfm72.fr\/index.php?rest_route=\/wp\/v2\/posts"}],"about":[{"href":"https:\/\/contactfm72.fr\/index.php?rest_route=\/wp\/v2\/types\/post"}],"author":[{"embeddable":true,"href":"https:\/\/contactfm72.fr\/index.php?rest_route=\/wp\/v2\/users\/5"}],"replies":[{"embeddable":true,"href":"https:\/\/contactfm72.fr\/index.php?rest_route=%2Fwp%2Fv2%2Fcomments&post=19700"}],"version-history":[{"count":1,"href":"https:\/\/contactfm72.fr\/index.php?rest_route=\/wp\/v2\/posts\/19700\/revisions"}],"predecessor-version":[{"id":19703,"href":"https:\/\/contactfm72.fr\/index.php?rest_route=\/wp\/v2\/posts\/19700\/revisions\/19703"}],"wp:featuredmedia":[{"embeddable":true,"href":"https:\/\/contactfm72.fr\/index.php?rest_route=\/wp\/v2\/media\/19704"}],"wp:attachment":[{"href":"https:\/\/contactfm72.fr\/index.php?rest_route=%2Fwp%2Fv2%2Fmedia&parent=19700"}],"wp:term":[{"taxonomy":"category","embeddable":true,"href":"https:\/\/contactfm72.fr\/index.php?rest_route=%2Fwp%2Fv2%2Fcategories&post=19700"},{"taxonomy":"post_tag","embeddable":true,"href":"https:\/\/contactfm72.fr\/index.php?rest_route=%2Fwp%2Fv2%2Ftags&post=19700"}],"curies":[{"name":"wp","href":"https:\/\/api.w.org\/{rel}","templated":true}]}}