{"id":19676,"date":"2025-06-17T16:00:17","date_gmt":"2025-06-17T14:00:17","guid":{"rendered":"https:\/\/contactfm72.fr\/?p=19676"},"modified":"2025-06-17T13:49:16","modified_gmt":"2025-06-17T11:49:16","slug":"observation-nature-en-sarthe-4-especes-a-decouvrir-en-foret-de-berce","status":"publish","type":"post","link":"https:\/\/contactfm72.fr\/?p=19676","title":{"rendered":"Observation nature en Sarthe avec quatre esp\u00e8ces \u00e0 d\u00e9couvrir en for\u00eat de Berc\u00e9"},"content":{"rendered":"<p>La for\u00eat de Berc\u00e9 cache des tr\u00e9sors\u2026 venez les d\u00e9couvrir en famille !<\/p>\n<p>Ce dimanche 22 juin, partez \u00e0 la rencontre de quatre esp\u00e8ces embl\u00e9matiques de la for\u00eat de Berc\u00e9 lors d\u2019une balade guid\u00e9e pleine de d\u00e9couvertes. Organis\u00e9e par l\u2019ONF, le Conservatoire d\u2019Espaces Naturels et la communaut\u00e9 de communes Or\u00e9e de Berc\u00e9-Belinois, cette journ\u00e9e est d\u00e9di\u00e9e \u00e0 l&#8217;observation d&#8217;une esp\u00e8ce d\u2019insecte (la c\u00e9toine) et trois esp\u00e8ces d\u2019oiseaux qui peuplent discr\u00e8tement la for\u00eat d&#8217;exception de Berc\u00e9&#8221;.<\/p>\n<p>Julie Habert, charg\u00e9e de communication pour l&#8217;office national des for\u00eat Pays de la Loire et cheffe de projet Berc\u00e9, for\u00eat d&#8217;exception, est l&#8217;invit\u00e9e de &#8220;L&#8217;interview du jour&#8221; le mardi 17 juin \u00e0 18h, le mercredi 18 juin \u00e0 13h et le samedi 21 juin \u00e0 14h.<\/p>\n<p>Pour r\u00e9server vos places : <a href=\"https:\/\/www.billetweb.fr\/inventaires-participatifs-en-foret-domaniale-de-berce\">https:\/\/www.billetweb.fr\/inventaires-participatifs-en-foret-domaniale-de-berce<\/a><\/p>\n<div id=\"audioigniter-283\" class=\"audioigniter-root \" data-player-type=\"full\" data-tracks-url=\"https:\/\/contactfm72.fr\/?audioigniter_playlist_id=283\" data-display-track-no=\"false\" data-reverse-track-order=\"false\" data-display-tracklist-covers=\"false\" data-display-active-cover=\"false\" data-display-artist-names=\"false\" data-display-buy-buttons=\"true\" data-buy-buttons-target=\"false\" data-cycle-tracks=\"false\" data-display-credits=\"false\" data-display-tracklist=\"true\" data-allow-tracklist-toggle=\"false\" data-allow-tracklist-loop=\"true\" data-limit-tracklist-height=\"true\" data-volume=\"100\" data-tracklist-height=\"185\" data-allow-track-loop=\"false\" ><\/div>\n<!-- AddThis Advanced Settings generic via filter on the_content --><!-- AddThis Share Buttons generic via filter on the_content -->","protected":false},"excerpt":{"rendered":"<p>La for\u00eat de Berc\u00e9 cache des tr\u00e9sors\u2026 venez les d\u00e9couvrir en famille ! Ce dimanche 22 juin, partez \u00e0 la rencontre de quatre esp\u00e8ces embl\u00e9matiques de la for\u00eat de Berc\u00e9 lors d\u2019une balade guid\u00e9e pleine de d\u00e9couvertes. Organis\u00e9e par l\u2019ONF, le Conservatoire d\u2019Espaces Naturels et la communaut\u00e9 de communes Or\u00e9e de Berc\u00e9-Belinois, cette journ\u00e9e est&hellip;<!-- AddThis Advanced Settings generic via filter on get_the_excerpt --><!-- AddThis Share Buttons generic via filter on get_the_excerpt --><\/p>\n","protected":false},"author":5,"featured_media":19677,"comment_status":"closed","ping_status":"open","sticky":false,"template":"","format":"standard","meta":{"footnotes":""},"categories":[1,5],"tags":[],"class_list":["post-19676","post","type-post","status-publish","format-standard","has-post-thumbnail","hentry","category-contact-fm-72","category-linterview-du-jour","category-1","category-5","description-off"],"yoast_head":"<!-- This site is optimized with the Yoast SEO plugin v27.4 - https:\/\/yoast.com\/product\/yoast-seo-wordpress\/ -->\n<title>Observation nature en Sarthe avec quatre esp\u00e8ces \u00e0 d\u00e9couvrir en for\u00eat de Berc\u00e9 - Contact FM 99.3<\/title>\n<meta name=\"description\" content=\"La for\u00eat de Berc\u00e9 cache des tr\u00e9sors\u2026 venez les d\u00e9couvrir en famille !Ce dimanche 22 juin, partez \u00e0 la rencontre de quatre esp\u00e8ces embl\u00e9matiques de la for\u00eat de Berc\u00e9 lors d\u2019une balade guid\u00e9e pleine de d\u00e9couvertes. Organis\u00e9e par l\u2019ONF, le Conservatoire d\u2019Espaces Naturels et la communaut\u00e9 de communes Or\u00e9e de Berc\u00e9-Belinois, cette journ\u00e9e est d\u00e9di\u00e9e \u00e0 l&#039;observation d&#039;une esp\u00e8ce d\u2019insecte (la c\u00e9toine) et trois esp\u00e8ces d\u2019oiseaux qui peuplent discr\u00e8tement la for\u00eat d&#039;exception de Berc\u00e9&quot;.\u00a0Julie Habert, charg\u00e9e de communication pour l&#039;office national des for\u00eat Pays de la Loire et cheffe de projet &quot;Berc\u00e9 : for\u00eat d&#039;exception est l&#039;invit\u00e9e de &quot;L&#039;interview du jour&quot; le mardi 17 juin \u00e0 18h, le mercredi 18 juin \u00e0 13h et le samedi 21 juin \u00e0 14h.\" \/>\n<meta name=\"robots\" content=\"index, follow, max-snippet:-1, max-image-preview:large, max-video-preview:-1\" \/>\n<link rel=\"canonical\" href=\"https:\/\/contactfm72.fr\/?p=19676\" \/>\n<meta property=\"og:locale\" content=\"fr_FR\" \/>\n<meta property=\"og:type\" content=\"article\" \/>\n<meta property=\"og:title\" content=\"Observation nature en Sarthe avec quatre esp\u00e8ces \u00e0 d\u00e9couvrir en for\u00eat de Berc\u00e9 - Contact FM 99.3\" \/>\n<meta property=\"og:description\" content=\"La for\u00eat de Berc\u00e9 cache des tr\u00e9sors\u2026 venez les d\u00e9couvrir en famille !Ce dimanche 22 juin, partez \u00e0 la rencontre de quatre esp\u00e8ces embl\u00e9matiques de la for\u00eat de Berc\u00e9 lors d\u2019une balade guid\u00e9e pleine de d\u00e9couvertes. Organis\u00e9e par l\u2019ONF, le Conservatoire d\u2019Espaces Naturels et la communaut\u00e9 de communes Or\u00e9e de Berc\u00e9-Belinois, cette journ\u00e9e est d\u00e9di\u00e9e \u00e0 l&#039;observation d&#039;une esp\u00e8ce d\u2019insecte (la c\u00e9toine) et trois esp\u00e8ces d\u2019oiseaux qui peuplent discr\u00e8tement la for\u00eat d&#039;exception de Berc\u00e9&quot;.\u00a0Julie Habert, charg\u00e9e de communication pour l&#039;office national des for\u00eat Pays de la Loire et cheffe de projet &quot;Berc\u00e9 : for\u00eat d&#039;exception est l&#039;invit\u00e9e de &quot;L&#039;interview du jour&quot; le mardi 17 juin \u00e0 18h, le mercredi 18 juin \u00e0 13h et le samedi 21 juin \u00e0 14h.\" \/>\n<meta property=\"og:url\" content=\"https:\/\/contactfm72.fr\/?p=19676\" \/>\n<meta property=\"og:site_name\" content=\"Contact FM 99.3\" \/>\n<meta property=\"article:publisher\" content=\"https:\/\/www.facebook.com\/Contactfm.Chateauduloir\" \/>\n<meta property=\"article:published_time\" content=\"2025-06-17T14:00:17+00:00\" \/>\n<meta property=\"og:image\" content=\"https:\/\/contactfm72.fr\/wp-content\/uploads\/2025\/06\/berce.jpg\" \/>\n\t<meta property=\"og:image:width\" content=\"2016\" \/>\n\t<meta property=\"og:image:height\" content=\"1512\" \/>\n\t<meta property=\"og:image:type\" content=\"image\/jpeg\" \/>\n<meta name=\"author\" content=\"redaction2@contactfm72.fr\" \/>\n<meta name=\"twitter:card\" content=\"summary_large_image\" \/>\n<meta name=\"twitter:creator\" content=\"@contactfm72\" \/>\n<meta name=\"twitter:site\" content=\"@contactfm72\" \/>\n<meta name=\"twitter:label1\" content=\"\u00c9crit par\" \/>\n\t<meta name=\"twitter:data1\" content=\"redaction2@contactfm72.fr\" \/>\n\t<meta name=\"twitter:label2\" content=\"Dur\u00e9e de lecture estim\u00e9e\" \/>\n\t<meta name=\"twitter:data2\" content=\"1 minute\" \/>\n<script type=\"application\/ld+json\" class=\"yoast-schema-graph\">{\"@context\":\"https:\\\/\\\/schema.org\",\"@graph\":[{\"@type\":\"Article\",\"@id\":\"https:\\\/\\\/contactfm72.fr\\\/?p=19676#article\",\"isPartOf\":{\"@id\":\"https:\\\/\\\/contactfm72.fr\\\/?p=19676\"},\"author\":{\"name\":\"redaction2@contactfm72.fr\",\"@id\":\"https:\\\/\\\/contactfm72.fr\\\/#\\\/schema\\\/person\\\/d2ef09cdea7331b185acaddc4d14dda8\"},\"headline\":\"Observation nature en Sarthe avec quatre esp\u00e8ces \u00e0 d\u00e9couvrir en for\u00eat de Berc\u00e9\",\"datePublished\":\"2025-06-17T14:00:17+00:00\",\"mainEntityOfPage\":{\"@id\":\"https:\\\/\\\/contactfm72.fr\\\/?p=19676\"},\"wordCount\":174,\"publisher\":{\"@id\":\"https:\\\/\\\/contactfm72.fr\\\/#organization\"},\"image\":{\"@id\":\"https:\\\/\\\/contactfm72.fr\\\/?p=19676#primaryimage\"},\"thumbnailUrl\":\"https:\\\/\\\/contactfm72.fr\\\/wp-content\\\/uploads\\\/2025\\\/06\\\/berce.jpg\",\"articleSection\":[\"Contact FM 72\",\"L'interview du jour\"],\"inLanguage\":\"fr-FR\"},{\"@type\":\"WebPage\",\"@id\":\"https:\\\/\\\/contactfm72.fr\\\/?p=19676\",\"url\":\"https:\\\/\\\/contactfm72.fr\\\/?p=19676\",\"name\":\"Observation nature en Sarthe avec quatre esp\u00e8ces \u00e0 d\u00e9couvrir en for\u00eat de Berc\u00e9 - Contact FM 99.3\",\"isPartOf\":{\"@id\":\"https:\\\/\\\/contactfm72.fr\\\/#website\"},\"primaryImageOfPage\":{\"@id\":\"https:\\\/\\\/contactfm72.fr\\\/?p=19676#primaryimage\"},\"image\":{\"@id\":\"https:\\\/\\\/contactfm72.fr\\\/?p=19676#primaryimage\"},\"thumbnailUrl\":\"https:\\\/\\\/contactfm72.fr\\\/wp-content\\\/uploads\\\/2025\\\/06\\\/berce.jpg\",\"datePublished\":\"2025-06-17T14:00:17+00:00\",\"description\":\"La for\u00eat de Berc\u00e9 cache des tr\u00e9sors\u2026 venez les d\u00e9couvrir en famille !Ce dimanche 22 juin, partez \u00e0 la rencontre de quatre esp\u00e8ces embl\u00e9matiques de la for\u00eat de Berc\u00e9 lors d\u2019une balade guid\u00e9e pleine de d\u00e9couvertes. Organis\u00e9e par l\u2019ONF, le Conservatoire d\u2019Espaces Naturels et la communaut\u00e9 de communes Or\u00e9e de Berc\u00e9-Belinois, cette journ\u00e9e est d\u00e9di\u00e9e \u00e0 l'observation d'une esp\u00e8ce d\u2019insecte (la c\u00e9toine) et trois esp\u00e8ces d\u2019oiseaux qui peuplent discr\u00e8tement la for\u00eat d'exception de Berc\u00e9\\\".\u00a0Julie Habert, charg\u00e9e de communication pour l'office national des for\u00eat Pays de la Loire et cheffe de projet \\\"Berc\u00e9 : for\u00eat d'exception est l'invit\u00e9e de \\\"L'interview du jour\\\" le mardi 17 juin \u00e0 18h, le mercredi 18 juin \u00e0 13h et le samedi 21 juin \u00e0 14h.\",\"breadcrumb\":{\"@id\":\"https:\\\/\\\/contactfm72.fr\\\/?p=19676#breadcrumb\"},\"inLanguage\":\"fr-FR\",\"potentialAction\":[{\"@type\":\"ReadAction\",\"target\":[\"https:\\\/\\\/contactfm72.fr\\\/?p=19676\"]}]},{\"@type\":\"ImageObject\",\"inLanguage\":\"fr-FR\",\"@id\":\"https:\\\/\\\/contactfm72.fr\\\/?p=19676#primaryimage\",\"url\":\"https:\\\/\\\/contactfm72.fr\\\/wp-content\\\/uploads\\\/2025\\\/06\\\/berce.jpg\",\"contentUrl\":\"https:\\\/\\\/contactfm72.fr\\\/wp-content\\\/uploads\\\/2025\\\/06\\\/berce.jpg\",\"width\":2016,\"height\":1512},{\"@type\":\"BreadcrumbList\",\"@id\":\"https:\\\/\\\/contactfm72.fr\\\/?p=19676#breadcrumb\",\"itemListElement\":[{\"@type\":\"ListItem\",\"position\":1,\"name\":\"Accueil\",\"item\":\"https:\\\/\\\/contactfm72.fr\\\/\"},{\"@type\":\"ListItem\",\"position\":2,\"name\":\"Observation nature en Sarthe avec quatre esp\u00e8ces \u00e0 d\u00e9couvrir en for\u00eat de Berc\u00e9\"}]},{\"@type\":\"WebSite\",\"@id\":\"https:\\\/\\\/contactfm72.fr\\\/#website\",\"url\":\"https:\\\/\\\/contactfm72.fr\\\/\",\"name\":\"Contact FM 99.3\",\"description\":\"Votre radio en vall\u00e9e du Loir\",\"publisher\":{\"@id\":\"https:\\\/\\\/contactfm72.fr\\\/#organization\"},\"potentialAction\":[{\"@type\":\"SearchAction\",\"target\":{\"@type\":\"EntryPoint\",\"urlTemplate\":\"https:\\\/\\\/contactfm72.fr\\\/?s={search_term_string}\"},\"query-input\":{\"@type\":\"PropertyValueSpecification\",\"valueRequired\":true,\"valueName\":\"search_term_string\"}}],\"inLanguage\":\"fr-FR\"},{\"@type\":\"Organization\",\"@id\":\"https:\\\/\\\/contactfm72.fr\\\/#organization\",\"name\":\"Contact FM 99.3\",\"url\":\"https:\\\/\\\/contactfm72.fr\\\/\",\"logo\":{\"@type\":\"ImageObject\",\"inLanguage\":\"fr-FR\",\"@id\":\"https:\\\/\\\/contactfm72.fr\\\/#\\\/schema\\\/logo\\\/image\\\/\",\"url\":\"https:\\\/\\\/contactfm72.fr\\\/wp-content\\\/uploads\\\/2025\\\/04\\\/2025-04-18-2.jpg\",\"contentUrl\":\"https:\\\/\\\/contactfm72.fr\\\/wp-content\\\/uploads\\\/2025\\\/04\\\/2025-04-18-2.jpg\",\"width\":680,\"height\":307,\"caption\":\"Contact FM 99.3\"},\"image\":{\"@id\":\"https:\\\/\\\/contactfm72.fr\\\/#\\\/schema\\\/logo\\\/image\\\/\"},\"sameAs\":[\"https:\\\/\\\/www.facebook.com\\\/Contactfm.Chateauduloir\",\"https:\\\/\\\/x.com\\\/contactfm72\",\"https:\\\/\\\/www.instagram.com\\\/contact.fm.72?igsh=cGhlMHQ5N2JlNnpp\",\"https:\\\/\\\/www.tiktok.com\\\/@contact.fm\"]},{\"@type\":\"Person\",\"@id\":\"https:\\\/\\\/contactfm72.fr\\\/#\\\/schema\\\/person\\\/d2ef09cdea7331b185acaddc4d14dda8\",\"name\":\"redaction2@contactfm72.fr\",\"image\":{\"@type\":\"ImageObject\",\"inLanguage\":\"fr-FR\",\"@id\":\"https:\\\/\\\/secure.gravatar.com\\\/avatar\\\/897f3d57289c1f4c62cade1c2606ba6ded18d5f1676845e668a9f21cb751c06b?s=96&d=mm&r=g\",\"url\":\"https:\\\/\\\/secure.gravatar.com\\\/avatar\\\/897f3d57289c1f4c62cade1c2606ba6ded18d5f1676845e668a9f21cb751c06b?s=96&d=mm&r=g\",\"contentUrl\":\"https:\\\/\\\/secure.gravatar.com\\\/avatar\\\/897f3d57289c1f4c62cade1c2606ba6ded18d5f1676845e668a9f21cb751c06b?s=96&d=mm&r=g\",\"caption\":\"redaction2@contactfm72.fr\"},\"url\":\"https:\\\/\\\/contactfm72.fr\\\/?author=5\"}]}<\/script>\n<!-- \/ Yoast SEO plugin. -->","yoast_head_json":{"title":"Observation nature en Sarthe avec quatre esp\u00e8ces \u00e0 d\u00e9couvrir en for\u00eat de Berc\u00e9 - Contact FM 99.3","description":"La for\u00eat de Berc\u00e9 cache des tr\u00e9sors\u2026 venez les d\u00e9couvrir en famille !Ce dimanche 22 juin, partez \u00e0 la rencontre de quatre esp\u00e8ces embl\u00e9matiques de la for\u00eat de Berc\u00e9 lors d\u2019une balade guid\u00e9e pleine de d\u00e9couvertes. Organis\u00e9e par l\u2019ONF, le Conservatoire d\u2019Espaces Naturels et la communaut\u00e9 de communes Or\u00e9e de Berc\u00e9-Belinois, cette journ\u00e9e est d\u00e9di\u00e9e \u00e0 l'observation d'une esp\u00e8ce d\u2019insecte (la c\u00e9toine) et trois esp\u00e8ces d\u2019oiseaux qui peuplent discr\u00e8tement la for\u00eat d'exception de Berc\u00e9\".\u00a0Julie Habert, charg\u00e9e de communication pour l'office national des for\u00eat Pays de la Loire et cheffe de projet \"Berc\u00e9 : for\u00eat d'exception est l'invit\u00e9e de \"L'interview du jour\" le mardi 17 juin \u00e0 18h, le mercredi 18 juin \u00e0 13h et le samedi 21 juin \u00e0 14h.","robots":{"index":"index","follow":"follow","max-snippet":"max-snippet:-1","max-image-preview":"max-image-preview:large","max-video-preview":"max-video-preview:-1"},"canonical":"https:\/\/contactfm72.fr\/?p=19676","og_locale":"fr_FR","og_type":"article","og_title":"Observation nature en Sarthe avec quatre esp\u00e8ces \u00e0 d\u00e9couvrir en for\u00eat de Berc\u00e9 - Contact FM 99.3","og_description":"La for\u00eat de Berc\u00e9 cache des tr\u00e9sors\u2026 venez les d\u00e9couvrir en famille !Ce dimanche 22 juin, partez \u00e0 la rencontre de quatre esp\u00e8ces embl\u00e9matiques de la for\u00eat de Berc\u00e9 lors d\u2019une balade guid\u00e9e pleine de d\u00e9couvertes. Organis\u00e9e par l\u2019ONF, le Conservatoire d\u2019Espaces Naturels et la communaut\u00e9 de communes Or\u00e9e de Berc\u00e9-Belinois, cette journ\u00e9e est d\u00e9di\u00e9e \u00e0 l'observation d'une esp\u00e8ce d\u2019insecte (la c\u00e9toine) et trois esp\u00e8ces d\u2019oiseaux qui peuplent discr\u00e8tement la for\u00eat d'exception de Berc\u00e9\".\u00a0Julie Habert, charg\u00e9e de communication pour l'office national des for\u00eat Pays de la Loire et cheffe de projet \"Berc\u00e9 : for\u00eat d'exception est l'invit\u00e9e de \"L'interview du jour\" le mardi 17 juin \u00e0 18h, le mercredi 18 juin \u00e0 13h et le samedi 21 juin \u00e0 14h.","og_url":"https:\/\/contactfm72.fr\/?p=19676","og_site_name":"Contact FM 99.3","article_publisher":"https:\/\/www.facebook.com\/Contactfm.Chateauduloir","article_published_time":"2025-06-17T14:00:17+00:00","og_image":[{"width":2016,"height":1512,"url":"https:\/\/contactfm72.fr\/wp-content\/uploads\/2025\/06\/berce.jpg","type":"image\/jpeg"}],"author":"redaction2@contactfm72.fr","twitter_card":"summary_large_image","twitter_creator":"@contactfm72","twitter_site":"@contactfm72","twitter_misc":{"\u00c9crit par":"redaction2@contactfm72.fr","Dur\u00e9e de lecture estim\u00e9e":"1 minute"},"schema":{"@context":"https:\/\/schema.org","@graph":[{"@type":"Article","@id":"https:\/\/contactfm72.fr\/?p=19676#article","isPartOf":{"@id":"https:\/\/contactfm72.fr\/?p=19676"},"author":{"name":"redaction2@contactfm72.fr","@id":"https:\/\/contactfm72.fr\/#\/schema\/person\/d2ef09cdea7331b185acaddc4d14dda8"},"headline":"Observation nature en Sarthe avec quatre esp\u00e8ces \u00e0 d\u00e9couvrir en for\u00eat de Berc\u00e9","datePublished":"2025-06-17T14:00:17+00:00","mainEntityOfPage":{"@id":"https:\/\/contactfm72.fr\/?p=19676"},"wordCount":174,"publisher":{"@id":"https:\/\/contactfm72.fr\/#organization"},"image":{"@id":"https:\/\/contactfm72.fr\/?p=19676#primaryimage"},"thumbnailUrl":"https:\/\/contactfm72.fr\/wp-content\/uploads\/2025\/06\/berce.jpg","articleSection":["Contact FM 72","L'interview du jour"],"inLanguage":"fr-FR"},{"@type":"WebPage","@id":"https:\/\/contactfm72.fr\/?p=19676","url":"https:\/\/contactfm72.fr\/?p=19676","name":"Observation nature en Sarthe avec quatre esp\u00e8ces \u00e0 d\u00e9couvrir en for\u00eat de Berc\u00e9 - Contact FM 99.3","isPartOf":{"@id":"https:\/\/contactfm72.fr\/#website"},"primaryImageOfPage":{"@id":"https:\/\/contactfm72.fr\/?p=19676#primaryimage"},"image":{"@id":"https:\/\/contactfm72.fr\/?p=19676#primaryimage"},"thumbnailUrl":"https:\/\/contactfm72.fr\/wp-content\/uploads\/2025\/06\/berce.jpg","datePublished":"2025-06-17T14:00:17+00:00","description":"La for\u00eat de Berc\u00e9 cache des tr\u00e9sors\u2026 venez les d\u00e9couvrir en famille !Ce dimanche 22 juin, partez \u00e0 la rencontre de quatre esp\u00e8ces embl\u00e9matiques de la for\u00eat de Berc\u00e9 lors d\u2019une balade guid\u00e9e pleine de d\u00e9couvertes. Organis\u00e9e par l\u2019ONF, le Conservatoire d\u2019Espaces Naturels et la communaut\u00e9 de communes Or\u00e9e de Berc\u00e9-Belinois, cette journ\u00e9e est d\u00e9di\u00e9e \u00e0 l'observation d'une esp\u00e8ce d\u2019insecte (la c\u00e9toine) et trois esp\u00e8ces d\u2019oiseaux qui peuplent discr\u00e8tement la for\u00eat d'exception de Berc\u00e9\".\u00a0Julie Habert, charg\u00e9e de communication pour l'office national des for\u00eat Pays de la Loire et cheffe de projet \"Berc\u00e9 : for\u00eat d'exception est l'invit\u00e9e de \"L'interview du jour\" le mardi 17 juin \u00e0 18h, le mercredi 18 juin \u00e0 13h et le samedi 21 juin \u00e0 14h.","breadcrumb":{"@id":"https:\/\/contactfm72.fr\/?p=19676#breadcrumb"},"inLanguage":"fr-FR","potentialAction":[{"@type":"ReadAction","target":["https:\/\/contactfm72.fr\/?p=19676"]}]},{"@type":"ImageObject","inLanguage":"fr-FR","@id":"https:\/\/contactfm72.fr\/?p=19676#primaryimage","url":"https:\/\/contactfm72.fr\/wp-content\/uploads\/2025\/06\/berce.jpg","contentUrl":"https:\/\/contactfm72.fr\/wp-content\/uploads\/2025\/06\/berce.jpg","width":2016,"height":1512},{"@type":"BreadcrumbList","@id":"https:\/\/contactfm72.fr\/?p=19676#breadcrumb","itemListElement":[{"@type":"ListItem","position":1,"name":"Accueil","item":"https:\/\/contactfm72.fr\/"},{"@type":"ListItem","position":2,"name":"Observation nature en Sarthe avec quatre esp\u00e8ces \u00e0 d\u00e9couvrir en for\u00eat de Berc\u00e9"}]},{"@type":"WebSite","@id":"https:\/\/contactfm72.fr\/#website","url":"https:\/\/contactfm72.fr\/","name":"Contact FM 99.3","description":"Votre radio en vall\u00e9e du Loir","publisher":{"@id":"https:\/\/contactfm72.fr\/#organization"},"potentialAction":[{"@type":"SearchAction","target":{"@type":"EntryPoint","urlTemplate":"https:\/\/contactfm72.fr\/?s={search_term_string}"},"query-input":{"@type":"PropertyValueSpecification","valueRequired":true,"valueName":"search_term_string"}}],"inLanguage":"fr-FR"},{"@type":"Organization","@id":"https:\/\/contactfm72.fr\/#organization","name":"Contact FM 99.3","url":"https:\/\/contactfm72.fr\/","logo":{"@type":"ImageObject","inLanguage":"fr-FR","@id":"https:\/\/contactfm72.fr\/#\/schema\/logo\/image\/","url":"https:\/\/contactfm72.fr\/wp-content\/uploads\/2025\/04\/2025-04-18-2.jpg","contentUrl":"https:\/\/contactfm72.fr\/wp-content\/uploads\/2025\/04\/2025-04-18-2.jpg","width":680,"height":307,"caption":"Contact FM 99.3"},"image":{"@id":"https:\/\/contactfm72.fr\/#\/schema\/logo\/image\/"},"sameAs":["https:\/\/www.facebook.com\/Contactfm.Chateauduloir","https:\/\/x.com\/contactfm72","https:\/\/www.instagram.com\/contact.fm.72?igsh=cGhlMHQ5N2JlNnpp","https:\/\/www.tiktok.com\/@contact.fm"]},{"@type":"Person","@id":"https:\/\/contactfm72.fr\/#\/schema\/person\/d2ef09cdea7331b185acaddc4d14dda8","name":"redaction2@contactfm72.fr","image":{"@type":"ImageObject","inLanguage":"fr-FR","@id":"https:\/\/secure.gravatar.com\/avatar\/897f3d57289c1f4c62cade1c2606ba6ded18d5f1676845e668a9f21cb751c06b?s=96&d=mm&r=g","url":"https:\/\/secure.gravatar.com\/avatar\/897f3d57289c1f4c62cade1c2606ba6ded18d5f1676845e668a9f21cb751c06b?s=96&d=mm&r=g","contentUrl":"https:\/\/secure.gravatar.com\/avatar\/897f3d57289c1f4c62cade1c2606ba6ded18d5f1676845e668a9f21cb751c06b?s=96&d=mm&r=g","caption":"redaction2@contactfm72.fr"},"url":"https:\/\/contactfm72.fr\/?author=5"}]}},"_links":{"self":[{"href":"https:\/\/contactfm72.fr\/index.php?rest_route=\/wp\/v2\/posts\/19676","targetHints":{"allow":["GET"]}}],"collection":[{"href":"https:\/\/contactfm72.fr\/index.php?rest_route=\/wp\/v2\/posts"}],"about":[{"href":"https:\/\/contactfm72.fr\/index.php?rest_route=\/wp\/v2\/types\/post"}],"author":[{"embeddable":true,"href":"https:\/\/contactfm72.fr\/index.php?rest_route=\/wp\/v2\/users\/5"}],"replies":[{"embeddable":true,"href":"https:\/\/contactfm72.fr\/index.php?rest_route=%2Fwp%2Fv2%2Fcomments&post=19676"}],"version-history":[{"count":4,"href":"https:\/\/contactfm72.fr\/index.php?rest_route=\/wp\/v2\/posts\/19676\/revisions"}],"predecessor-version":[{"id":19690,"href":"https:\/\/contactfm72.fr\/index.php?rest_route=\/wp\/v2\/posts\/19676\/revisions\/19690"}],"wp:featuredmedia":[{"embeddable":true,"href":"https:\/\/contactfm72.fr\/index.php?rest_route=\/wp\/v2\/media\/19677"}],"wp:attachment":[{"href":"https:\/\/contactfm72.fr\/index.php?rest_route=%2Fwp%2Fv2%2Fmedia&parent=19676"}],"wp:term":[{"taxonomy":"category","embeddable":true,"href":"https:\/\/contactfm72.fr\/index.php?rest_route=%2Fwp%2Fv2%2Fcategories&post=19676"},{"taxonomy":"post_tag","embeddable":true,"href":"https:\/\/contactfm72.fr\/index.php?rest_route=%2Fwp%2Fv2%2Ftags&post=19676"}],"curies":[{"name":"wp","href":"https:\/\/api.w.org\/{rel}","templated":true}]}}