{"id":19626,"date":"2025-06-11T15:18:38","date_gmt":"2025-06-11T13:18:38","guid":{"rendered":"https:\/\/contactfm72.fr\/?p=19626"},"modified":"2025-06-11T15:38:30","modified_gmt":"2025-06-11T13:38:30","slug":"actu-sud-sarthe-le-tourisme-et-lete-2025","status":"publish","type":"post","link":"https:\/\/contactfm72.fr\/?p=19626","title":{"rendered":"Le tourisme et l&#8217;\u00e9t\u00e9 2025 \u00e0 l&#8217;honneur du magazine &#8220;Actu Sud Sarthe&#8221;"},"content":{"rendered":"<p>Avant la pause estivale, si on parlait tourisme ?<\/p>\n<p>Dans ce nouveau num\u00e9ro d'&#8221;Actu Sud Sarthe&#8221;, c&#8217;est le tourisme qui est au c\u0153ur de l&#8217;actualit\u00e9. Comment l&#8217;ann\u00e9e a commenc\u00e9 sur le territoire et comment attirer les touristes en Vall\u00e9e du Loir ?<\/p>\n<p>Entre les investissements, la diversit\u00e9 du patrimoine local, les \u00e9v\u00e9nements de l&#8217;\u00e9t\u00e9, la communaut\u00e9 de commune Sud Sarthe est pr\u00eate \u00e0 recevoir les vacanciers.<\/p>\n<p>Pour le dernier num\u00e9ro de la saison, Marc Lesschaeve, vice-pr\u00e9sident de la communaut\u00e9 de communes en charge du d\u00e9veloppement touristique, et Manuella Martinez, coordinatrice de la communication de la communaut\u00e9 de communes, sont les invit\u00e9s d'&#8221;Actu Sud Sarthe&#8221; le mercredi 11 juin \u00e0 17h30 et le lundi 16 juin \u00e0 12h30.<\/p>\n<div id=\"audioigniter-290\" class=\"audioigniter-root \" data-player-type=\"full\" data-tracks-url=\"https:\/\/contactfm72.fr\/?audioigniter_playlist_id=290\" data-display-track-no=\"false\" data-reverse-track-order=\"false\" data-display-tracklist-covers=\"false\" data-display-active-cover=\"false\" data-display-artist-names=\"false\" data-display-buy-buttons=\"true\" data-buy-buttons-target=\"false\" data-cycle-tracks=\"false\" data-display-credits=\"false\" data-display-tracklist=\"true\" data-allow-tracklist-toggle=\"true\" data-allow-tracklist-loop=\"true\" data-limit-tracklist-height=\"true\" data-volume=\"100\" data-tracklist-height=\"185\" data-allow-track-loop=\"false\" ><\/div>\n<!-- AddThis Advanced Settings generic via filter on the_content --><!-- AddThis Share Buttons generic via filter on the_content -->","protected":false},"excerpt":{"rendered":"<p>Avant la pause estivale, si on parlait tourisme ? Dans ce nouveau num\u00e9ro d&#8217;&#8221;Actu Sud Sarthe&#8221;, c&#8217;est le tourisme qui est au c\u0153ur de l&#8217;actualit\u00e9. Comment l&#8217;ann\u00e9e a commenc\u00e9 sur le territoire et comment attirer les touristes en Vall\u00e9e du Loir ? Entre les investissements, la diversit\u00e9 du patrimoine local, les \u00e9v\u00e9nements de l&#8217;\u00e9t\u00e9, la&hellip;<!-- AddThis Advanced Settings generic via filter on get_the_excerpt --><!-- AddThis Share Buttons generic via filter on get_the_excerpt --><\/p>\n","protected":false},"author":5,"featured_media":19630,"comment_status":"closed","ping_status":"open","sticky":false,"template":"","format":"standard","meta":{"footnotes":""},"categories":[15,1],"tags":[],"class_list":["post-19626","post","type-post","status-publish","format-standard","has-post-thumbnail","hentry","category-actu-sud-sarthe","category-contact-fm-72","category-15","category-1","description-off"],"yoast_head":"<!-- This site is optimized with the Yoast SEO plugin v27.4 - https:\/\/yoast.com\/product\/yoast-seo-wordpress\/ -->\n<title>Le tourisme et l&#039;\u00e9t\u00e9 2025 \u00e0 l&#039;honneur du magazine &quot;Actu Sud Sarthe&quot; - Contact FM 99.3<\/title>\n<meta name=\"description\" content=\"Avant la pause estival, si on parlait de tourisme ?Dans ce nouveau num\u00e9ro d&#039;Actu Sud-Sarthe, c&#039;est le tourisme qui est au c\u0153ur de l&#039;actualit\u00e9, comment l&#039;ann\u00e9e a commenc\u00e9 sur le territoire et comment attirer les touristes en vall\u00e9e du Loir ? Entre les investissements, la vari\u00e9t\u00e9 du patrimoine local, les \u00e9v\u00e9nements de l&#039;\u00e9t\u00e9, la communaut\u00e9 de commune &quot;Sud-Sarthe&quot; est pr\u00eate \u00e0 recevoir les vacanciers pour l&#039;\u00e9t\u00e9.Pour le dernier num\u00e9ro de la saison, Marc Lesschaeve, vice-pr\u00e9sident de la communaut\u00e9 de communes en charge du d\u00e9veloppement touristique et Manuella Martinez, coordinatrice de la communication de la communaut\u00e9 de communes &quot;Sud-Sarthe&quot; sont les invit\u00e9s d&#039; &quot;Actu Sud-Sarthe&quot; le mercredi 11 juin \u00e0 17h30 et le lundi 16 juin \u00e0 12h30.\" \/>\n<meta name=\"robots\" content=\"index, follow, max-snippet:-1, max-image-preview:large, max-video-preview:-1\" \/>\n<link rel=\"canonical\" href=\"https:\/\/contactfm72.fr\/?p=19626\" \/>\n<meta property=\"og:locale\" content=\"fr_FR\" \/>\n<meta property=\"og:type\" content=\"article\" \/>\n<meta property=\"og:title\" content=\"Le tourisme et l&#039;\u00e9t\u00e9 2025 \u00e0 l&#039;honneur du magazine &quot;Actu Sud Sarthe&quot; - Contact FM 99.3\" \/>\n<meta property=\"og:description\" content=\"Avant la pause estival, si on parlait de tourisme ?Dans ce nouveau num\u00e9ro d&#039;Actu Sud-Sarthe, c&#039;est le tourisme qui est au c\u0153ur de l&#039;actualit\u00e9, comment l&#039;ann\u00e9e a commenc\u00e9 sur le territoire et comment attirer les touristes en vall\u00e9e du Loir ? Entre les investissements, la vari\u00e9t\u00e9 du patrimoine local, les \u00e9v\u00e9nements de l&#039;\u00e9t\u00e9, la communaut\u00e9 de commune &quot;Sud-Sarthe&quot; est pr\u00eate \u00e0 recevoir les vacanciers pour l&#039;\u00e9t\u00e9.Pour le dernier num\u00e9ro de la saison, Marc Lesschaeve, vice-pr\u00e9sident de la communaut\u00e9 de communes en charge du d\u00e9veloppement touristique et Manuella Martinez, coordinatrice de la communication de la communaut\u00e9 de communes &quot;Sud-Sarthe&quot; sont les invit\u00e9s d&#039; &quot;Actu Sud-Sarthe&quot; le mercredi 11 juin \u00e0 17h30 et le lundi 16 juin \u00e0 12h30.\" \/>\n<meta property=\"og:url\" content=\"https:\/\/contactfm72.fr\/?p=19626\" \/>\n<meta property=\"og:site_name\" content=\"Contact FM 99.3\" \/>\n<meta property=\"article:publisher\" content=\"https:\/\/www.facebook.com\/Contactfm.Chateauduloir\" \/>\n<meta property=\"article:published_time\" content=\"2025-06-11T13:18:38+00:00\" \/>\n<meta property=\"article:modified_time\" content=\"2025-06-11T13:38:30+00:00\" \/>\n<meta property=\"og:image\" content=\"http:\/\/contactfm72.fr\/wp-content\/uploads\/2025\/06\/azert.jpg\" \/>\n\t<meta property=\"og:image:width\" content=\"2016\" \/>\n\t<meta property=\"og:image:height\" content=\"1512\" \/>\n\t<meta property=\"og:image:type\" content=\"image\/jpeg\" \/>\n<meta name=\"author\" content=\"redaction2@contactfm72.fr\" \/>\n<meta name=\"twitter:card\" content=\"summary_large_image\" \/>\n<meta name=\"twitter:creator\" content=\"@contactfm72\" \/>\n<meta name=\"twitter:site\" content=\"@contactfm72\" \/>\n<meta name=\"twitter:label1\" content=\"\u00c9crit par\" \/>\n\t<meta name=\"twitter:data1\" content=\"redaction2@contactfm72.fr\" \/>\n\t<meta name=\"twitter:label2\" content=\"Dur\u00e9e de lecture estim\u00e9e\" \/>\n\t<meta name=\"twitter:data2\" content=\"1 minute\" \/>\n<script type=\"application\/ld+json\" class=\"yoast-schema-graph\">{\"@context\":\"https:\\\/\\\/schema.org\",\"@graph\":[{\"@type\":\"Article\",\"@id\":\"https:\\\/\\\/contactfm72.fr\\\/?p=19626#article\",\"isPartOf\":{\"@id\":\"https:\\\/\\\/contactfm72.fr\\\/?p=19626\"},\"author\":{\"name\":\"redaction2@contactfm72.fr\",\"@id\":\"https:\\\/\\\/contactfm72.fr\\\/#\\\/schema\\\/person\\\/d2ef09cdea7331b185acaddc4d14dda8\"},\"headline\":\"Le tourisme et l&#8217;\u00e9t\u00e9 2025 \u00e0 l&#8217;honneur du magazine &#8220;Actu Sud Sarthe&#8221;\",\"datePublished\":\"2025-06-11T13:18:38+00:00\",\"dateModified\":\"2025-06-11T13:38:30+00:00\",\"mainEntityOfPage\":{\"@id\":\"https:\\\/\\\/contactfm72.fr\\\/?p=19626\"},\"wordCount\":141,\"publisher\":{\"@id\":\"https:\\\/\\\/contactfm72.fr\\\/#organization\"},\"image\":{\"@id\":\"https:\\\/\\\/contactfm72.fr\\\/?p=19626#primaryimage\"},\"thumbnailUrl\":\"https:\\\/\\\/contactfm72.fr\\\/wp-content\\\/uploads\\\/2025\\\/06\\\/azert.jpg\",\"articleSection\":[\"Actu sud Sarthe\",\"Contact FM 72\"],\"inLanguage\":\"fr-FR\"},{\"@type\":\"WebPage\",\"@id\":\"https:\\\/\\\/contactfm72.fr\\\/?p=19626\",\"url\":\"https:\\\/\\\/contactfm72.fr\\\/?p=19626\",\"name\":\"Le tourisme et l'\u00e9t\u00e9 2025 \u00e0 l'honneur du magazine \\\"Actu Sud Sarthe\\\" - Contact FM 99.3\",\"isPartOf\":{\"@id\":\"https:\\\/\\\/contactfm72.fr\\\/#website\"},\"primaryImageOfPage\":{\"@id\":\"https:\\\/\\\/contactfm72.fr\\\/?p=19626#primaryimage\"},\"image\":{\"@id\":\"https:\\\/\\\/contactfm72.fr\\\/?p=19626#primaryimage\"},\"thumbnailUrl\":\"https:\\\/\\\/contactfm72.fr\\\/wp-content\\\/uploads\\\/2025\\\/06\\\/azert.jpg\",\"datePublished\":\"2025-06-11T13:18:38+00:00\",\"dateModified\":\"2025-06-11T13:38:30+00:00\",\"description\":\"Avant la pause estival, si on parlait de tourisme ?Dans ce nouveau num\u00e9ro d'Actu Sud-Sarthe, c'est le tourisme qui est au c\u0153ur de l'actualit\u00e9, comment l'ann\u00e9e a commenc\u00e9 sur le territoire et comment attirer les touristes en vall\u00e9e du Loir ? Entre les investissements, la vari\u00e9t\u00e9 du patrimoine local, les \u00e9v\u00e9nements de l'\u00e9t\u00e9, la communaut\u00e9 de commune \\\"Sud-Sarthe\\\" est pr\u00eate \u00e0 recevoir les vacanciers pour l'\u00e9t\u00e9.Pour le dernier num\u00e9ro de la saison, Marc Lesschaeve, vice-pr\u00e9sident de la communaut\u00e9 de communes en charge du d\u00e9veloppement touristique et Manuella Martinez, coordinatrice de la communication de la communaut\u00e9 de communes \\\"Sud-Sarthe\\\" sont les invit\u00e9s d' \\\"Actu Sud-Sarthe\\\" le mercredi 11 juin \u00e0 17h30 et le lundi 16 juin \u00e0 12h30.\",\"breadcrumb\":{\"@id\":\"https:\\\/\\\/contactfm72.fr\\\/?p=19626#breadcrumb\"},\"inLanguage\":\"fr-FR\",\"potentialAction\":[{\"@type\":\"ReadAction\",\"target\":[\"https:\\\/\\\/contactfm72.fr\\\/?p=19626\"]}]},{\"@type\":\"ImageObject\",\"inLanguage\":\"fr-FR\",\"@id\":\"https:\\\/\\\/contactfm72.fr\\\/?p=19626#primaryimage\",\"url\":\"https:\\\/\\\/contactfm72.fr\\\/wp-content\\\/uploads\\\/2025\\\/06\\\/azert.jpg\",\"contentUrl\":\"https:\\\/\\\/contactfm72.fr\\\/wp-content\\\/uploads\\\/2025\\\/06\\\/azert.jpg\",\"width\":2016,\"height\":1512},{\"@type\":\"BreadcrumbList\",\"@id\":\"https:\\\/\\\/contactfm72.fr\\\/?p=19626#breadcrumb\",\"itemListElement\":[{\"@type\":\"ListItem\",\"position\":1,\"name\":\"Accueil\",\"item\":\"https:\\\/\\\/contactfm72.fr\\\/\"},{\"@type\":\"ListItem\",\"position\":2,\"name\":\"Le tourisme et l&#8217;\u00e9t\u00e9 2025 \u00e0 l&#8217;honneur du magazine &#8220;Actu Sud Sarthe&#8221;\"}]},{\"@type\":\"WebSite\",\"@id\":\"https:\\\/\\\/contactfm72.fr\\\/#website\",\"url\":\"https:\\\/\\\/contactfm72.fr\\\/\",\"name\":\"Contact FM 99.3\",\"description\":\"Votre radio en vall\u00e9e du Loir\",\"publisher\":{\"@id\":\"https:\\\/\\\/contactfm72.fr\\\/#organization\"},\"potentialAction\":[{\"@type\":\"SearchAction\",\"target\":{\"@type\":\"EntryPoint\",\"urlTemplate\":\"https:\\\/\\\/contactfm72.fr\\\/?s={search_term_string}\"},\"query-input\":{\"@type\":\"PropertyValueSpecification\",\"valueRequired\":true,\"valueName\":\"search_term_string\"}}],\"inLanguage\":\"fr-FR\"},{\"@type\":\"Organization\",\"@id\":\"https:\\\/\\\/contactfm72.fr\\\/#organization\",\"name\":\"Contact FM 99.3\",\"url\":\"https:\\\/\\\/contactfm72.fr\\\/\",\"logo\":{\"@type\":\"ImageObject\",\"inLanguage\":\"fr-FR\",\"@id\":\"https:\\\/\\\/contactfm72.fr\\\/#\\\/schema\\\/logo\\\/image\\\/\",\"url\":\"https:\\\/\\\/contactfm72.fr\\\/wp-content\\\/uploads\\\/2025\\\/04\\\/2025-04-18-2.jpg\",\"contentUrl\":\"https:\\\/\\\/contactfm72.fr\\\/wp-content\\\/uploads\\\/2025\\\/04\\\/2025-04-18-2.jpg\",\"width\":680,\"height\":307,\"caption\":\"Contact FM 99.3\"},\"image\":{\"@id\":\"https:\\\/\\\/contactfm72.fr\\\/#\\\/schema\\\/logo\\\/image\\\/\"},\"sameAs\":[\"https:\\\/\\\/www.facebook.com\\\/Contactfm.Chateauduloir\",\"https:\\\/\\\/x.com\\\/contactfm72\",\"https:\\\/\\\/www.instagram.com\\\/contact.fm.72?igsh=cGhlMHQ5N2JlNnpp\",\"https:\\\/\\\/www.tiktok.com\\\/@contact.fm\"]},{\"@type\":\"Person\",\"@id\":\"https:\\\/\\\/contactfm72.fr\\\/#\\\/schema\\\/person\\\/d2ef09cdea7331b185acaddc4d14dda8\",\"name\":\"redaction2@contactfm72.fr\",\"image\":{\"@type\":\"ImageObject\",\"inLanguage\":\"fr-FR\",\"@id\":\"https:\\\/\\\/secure.gravatar.com\\\/avatar\\\/897f3d57289c1f4c62cade1c2606ba6ded18d5f1676845e668a9f21cb751c06b?s=96&d=mm&r=g\",\"url\":\"https:\\\/\\\/secure.gravatar.com\\\/avatar\\\/897f3d57289c1f4c62cade1c2606ba6ded18d5f1676845e668a9f21cb751c06b?s=96&d=mm&r=g\",\"contentUrl\":\"https:\\\/\\\/secure.gravatar.com\\\/avatar\\\/897f3d57289c1f4c62cade1c2606ba6ded18d5f1676845e668a9f21cb751c06b?s=96&d=mm&r=g\",\"caption\":\"redaction2@contactfm72.fr\"},\"url\":\"https:\\\/\\\/contactfm72.fr\\\/?author=5\"}]}<\/script>\n<!-- \/ Yoast SEO plugin. -->","yoast_head_json":{"title":"Le tourisme et l'\u00e9t\u00e9 2025 \u00e0 l'honneur du magazine \"Actu Sud Sarthe\" - Contact FM 99.3","description":"Avant la pause estival, si on parlait de tourisme ?Dans ce nouveau num\u00e9ro d'Actu Sud-Sarthe, c'est le tourisme qui est au c\u0153ur de l'actualit\u00e9, comment l'ann\u00e9e a commenc\u00e9 sur le territoire et comment attirer les touristes en vall\u00e9e du Loir ? Entre les investissements, la vari\u00e9t\u00e9 du patrimoine local, les \u00e9v\u00e9nements de l'\u00e9t\u00e9, la communaut\u00e9 de commune \"Sud-Sarthe\" est pr\u00eate \u00e0 recevoir les vacanciers pour l'\u00e9t\u00e9.Pour le dernier num\u00e9ro de la saison, Marc Lesschaeve, vice-pr\u00e9sident de la communaut\u00e9 de communes en charge du d\u00e9veloppement touristique et Manuella Martinez, coordinatrice de la communication de la communaut\u00e9 de communes \"Sud-Sarthe\" sont les invit\u00e9s d' \"Actu Sud-Sarthe\" le mercredi 11 juin \u00e0 17h30 et le lundi 16 juin \u00e0 12h30.","robots":{"index":"index","follow":"follow","max-snippet":"max-snippet:-1","max-image-preview":"max-image-preview:large","max-video-preview":"max-video-preview:-1"},"canonical":"https:\/\/contactfm72.fr\/?p=19626","og_locale":"fr_FR","og_type":"article","og_title":"Le tourisme et l'\u00e9t\u00e9 2025 \u00e0 l'honneur du magazine \"Actu Sud Sarthe\" - Contact FM 99.3","og_description":"Avant la pause estival, si on parlait de tourisme ?Dans ce nouveau num\u00e9ro d'Actu Sud-Sarthe, c'est le tourisme qui est au c\u0153ur de l'actualit\u00e9, comment l'ann\u00e9e a commenc\u00e9 sur le territoire et comment attirer les touristes en vall\u00e9e du Loir ? Entre les investissements, la vari\u00e9t\u00e9 du patrimoine local, les \u00e9v\u00e9nements de l'\u00e9t\u00e9, la communaut\u00e9 de commune \"Sud-Sarthe\" est pr\u00eate \u00e0 recevoir les vacanciers pour l'\u00e9t\u00e9.Pour le dernier num\u00e9ro de la saison, Marc Lesschaeve, vice-pr\u00e9sident de la communaut\u00e9 de communes en charge du d\u00e9veloppement touristique et Manuella Martinez, coordinatrice de la communication de la communaut\u00e9 de communes \"Sud-Sarthe\" sont les invit\u00e9s d' \"Actu Sud-Sarthe\" le mercredi 11 juin \u00e0 17h30 et le lundi 16 juin \u00e0 12h30.","og_url":"https:\/\/contactfm72.fr\/?p=19626","og_site_name":"Contact FM 99.3","article_publisher":"https:\/\/www.facebook.com\/Contactfm.Chateauduloir","article_published_time":"2025-06-11T13:18:38+00:00","article_modified_time":"2025-06-11T13:38:30+00:00","og_image":[{"width":2016,"height":1512,"url":"http:\/\/contactfm72.fr\/wp-content\/uploads\/2025\/06\/azert.jpg","type":"image\/jpeg"}],"author":"redaction2@contactfm72.fr","twitter_card":"summary_large_image","twitter_creator":"@contactfm72","twitter_site":"@contactfm72","twitter_misc":{"\u00c9crit par":"redaction2@contactfm72.fr","Dur\u00e9e de lecture estim\u00e9e":"1 minute"},"schema":{"@context":"https:\/\/schema.org","@graph":[{"@type":"Article","@id":"https:\/\/contactfm72.fr\/?p=19626#article","isPartOf":{"@id":"https:\/\/contactfm72.fr\/?p=19626"},"author":{"name":"redaction2@contactfm72.fr","@id":"https:\/\/contactfm72.fr\/#\/schema\/person\/d2ef09cdea7331b185acaddc4d14dda8"},"headline":"Le tourisme et l&#8217;\u00e9t\u00e9 2025 \u00e0 l&#8217;honneur du magazine &#8220;Actu Sud Sarthe&#8221;","datePublished":"2025-06-11T13:18:38+00:00","dateModified":"2025-06-11T13:38:30+00:00","mainEntityOfPage":{"@id":"https:\/\/contactfm72.fr\/?p=19626"},"wordCount":141,"publisher":{"@id":"https:\/\/contactfm72.fr\/#organization"},"image":{"@id":"https:\/\/contactfm72.fr\/?p=19626#primaryimage"},"thumbnailUrl":"https:\/\/contactfm72.fr\/wp-content\/uploads\/2025\/06\/azert.jpg","articleSection":["Actu sud Sarthe","Contact FM 72"],"inLanguage":"fr-FR"},{"@type":"WebPage","@id":"https:\/\/contactfm72.fr\/?p=19626","url":"https:\/\/contactfm72.fr\/?p=19626","name":"Le tourisme et l'\u00e9t\u00e9 2025 \u00e0 l'honneur du magazine \"Actu Sud Sarthe\" - Contact FM 99.3","isPartOf":{"@id":"https:\/\/contactfm72.fr\/#website"},"primaryImageOfPage":{"@id":"https:\/\/contactfm72.fr\/?p=19626#primaryimage"},"image":{"@id":"https:\/\/contactfm72.fr\/?p=19626#primaryimage"},"thumbnailUrl":"https:\/\/contactfm72.fr\/wp-content\/uploads\/2025\/06\/azert.jpg","datePublished":"2025-06-11T13:18:38+00:00","dateModified":"2025-06-11T13:38:30+00:00","description":"Avant la pause estival, si on parlait de tourisme ?Dans ce nouveau num\u00e9ro d'Actu Sud-Sarthe, c'est le tourisme qui est au c\u0153ur de l'actualit\u00e9, comment l'ann\u00e9e a commenc\u00e9 sur le territoire et comment attirer les touristes en vall\u00e9e du Loir ? Entre les investissements, la vari\u00e9t\u00e9 du patrimoine local, les \u00e9v\u00e9nements de l'\u00e9t\u00e9, la communaut\u00e9 de commune \"Sud-Sarthe\" est pr\u00eate \u00e0 recevoir les vacanciers pour l'\u00e9t\u00e9.Pour le dernier num\u00e9ro de la saison, Marc Lesschaeve, vice-pr\u00e9sident de la communaut\u00e9 de communes en charge du d\u00e9veloppement touristique et Manuella Martinez, coordinatrice de la communication de la communaut\u00e9 de communes \"Sud-Sarthe\" sont les invit\u00e9s d' \"Actu Sud-Sarthe\" le mercredi 11 juin \u00e0 17h30 et le lundi 16 juin \u00e0 12h30.","breadcrumb":{"@id":"https:\/\/contactfm72.fr\/?p=19626#breadcrumb"},"inLanguage":"fr-FR","potentialAction":[{"@type":"ReadAction","target":["https:\/\/contactfm72.fr\/?p=19626"]}]},{"@type":"ImageObject","inLanguage":"fr-FR","@id":"https:\/\/contactfm72.fr\/?p=19626#primaryimage","url":"https:\/\/contactfm72.fr\/wp-content\/uploads\/2025\/06\/azert.jpg","contentUrl":"https:\/\/contactfm72.fr\/wp-content\/uploads\/2025\/06\/azert.jpg","width":2016,"height":1512},{"@type":"BreadcrumbList","@id":"https:\/\/contactfm72.fr\/?p=19626#breadcrumb","itemListElement":[{"@type":"ListItem","position":1,"name":"Accueil","item":"https:\/\/contactfm72.fr\/"},{"@type":"ListItem","position":2,"name":"Le tourisme et l&#8217;\u00e9t\u00e9 2025 \u00e0 l&#8217;honneur du magazine &#8220;Actu Sud Sarthe&#8221;"}]},{"@type":"WebSite","@id":"https:\/\/contactfm72.fr\/#website","url":"https:\/\/contactfm72.fr\/","name":"Contact FM 99.3","description":"Votre radio en vall\u00e9e du Loir","publisher":{"@id":"https:\/\/contactfm72.fr\/#organization"},"potentialAction":[{"@type":"SearchAction","target":{"@type":"EntryPoint","urlTemplate":"https:\/\/contactfm72.fr\/?s={search_term_string}"},"query-input":{"@type":"PropertyValueSpecification","valueRequired":true,"valueName":"search_term_string"}}],"inLanguage":"fr-FR"},{"@type":"Organization","@id":"https:\/\/contactfm72.fr\/#organization","name":"Contact FM 99.3","url":"https:\/\/contactfm72.fr\/","logo":{"@type":"ImageObject","inLanguage":"fr-FR","@id":"https:\/\/contactfm72.fr\/#\/schema\/logo\/image\/","url":"https:\/\/contactfm72.fr\/wp-content\/uploads\/2025\/04\/2025-04-18-2.jpg","contentUrl":"https:\/\/contactfm72.fr\/wp-content\/uploads\/2025\/04\/2025-04-18-2.jpg","width":680,"height":307,"caption":"Contact FM 99.3"},"image":{"@id":"https:\/\/contactfm72.fr\/#\/schema\/logo\/image\/"},"sameAs":["https:\/\/www.facebook.com\/Contactfm.Chateauduloir","https:\/\/x.com\/contactfm72","https:\/\/www.instagram.com\/contact.fm.72?igsh=cGhlMHQ5N2JlNnpp","https:\/\/www.tiktok.com\/@contact.fm"]},{"@type":"Person","@id":"https:\/\/contactfm72.fr\/#\/schema\/person\/d2ef09cdea7331b185acaddc4d14dda8","name":"redaction2@contactfm72.fr","image":{"@type":"ImageObject","inLanguage":"fr-FR","@id":"https:\/\/secure.gravatar.com\/avatar\/897f3d57289c1f4c62cade1c2606ba6ded18d5f1676845e668a9f21cb751c06b?s=96&d=mm&r=g","url":"https:\/\/secure.gravatar.com\/avatar\/897f3d57289c1f4c62cade1c2606ba6ded18d5f1676845e668a9f21cb751c06b?s=96&d=mm&r=g","contentUrl":"https:\/\/secure.gravatar.com\/avatar\/897f3d57289c1f4c62cade1c2606ba6ded18d5f1676845e668a9f21cb751c06b?s=96&d=mm&r=g","caption":"redaction2@contactfm72.fr"},"url":"https:\/\/contactfm72.fr\/?author=5"}]}},"_links":{"self":[{"href":"https:\/\/contactfm72.fr\/index.php?rest_route=\/wp\/v2\/posts\/19626","targetHints":{"allow":["GET"]}}],"collection":[{"href":"https:\/\/contactfm72.fr\/index.php?rest_route=\/wp\/v2\/posts"}],"about":[{"href":"https:\/\/contactfm72.fr\/index.php?rest_route=\/wp\/v2\/types\/post"}],"author":[{"embeddable":true,"href":"https:\/\/contactfm72.fr\/index.php?rest_route=\/wp\/v2\/users\/5"}],"replies":[{"embeddable":true,"href":"https:\/\/contactfm72.fr\/index.php?rest_route=%2Fwp%2Fv2%2Fcomments&post=19626"}],"version-history":[{"count":3,"href":"https:\/\/contactfm72.fr\/index.php?rest_route=\/wp\/v2\/posts\/19626\/revisions"}],"predecessor-version":[{"id":19637,"href":"https:\/\/contactfm72.fr\/index.php?rest_route=\/wp\/v2\/posts\/19626\/revisions\/19637"}],"wp:featuredmedia":[{"embeddable":true,"href":"https:\/\/contactfm72.fr\/index.php?rest_route=\/wp\/v2\/media\/19630"}],"wp:attachment":[{"href":"https:\/\/contactfm72.fr\/index.php?rest_route=%2Fwp%2Fv2%2Fmedia&parent=19626"}],"wp:term":[{"taxonomy":"category","embeddable":true,"href":"https:\/\/contactfm72.fr\/index.php?rest_route=%2Fwp%2Fv2%2Fcategories&post=19626"},{"taxonomy":"post_tag","embeddable":true,"href":"https:\/\/contactfm72.fr\/index.php?rest_route=%2Fwp%2Fv2%2Ftags&post=19626"}],"curies":[{"name":"wp","href":"https:\/\/api.w.org\/{rel}","templated":true}]}}