{"id":19584,"date":"2025-06-06T16:15:02","date_gmt":"2025-06-06T14:15:02","guid":{"rendered":"https:\/\/contactfm72.fr\/?p=19584"},"modified":"2025-06-06T16:18:17","modified_gmt":"2025-06-06T14:18:17","slug":"le-mini-bus-info-com-la-communication-locale-prend-la-route","status":"publish","type":"post","link":"https:\/\/contactfm72.fr\/?p=19584","title":{"rendered":"Le mini-bus Info-Com : la communication locale prend la route !"},"content":{"rendered":"<p>Un mini-bus pas comme les autres !<\/p>\n<p>Le jeudi 5 juin \u00e0 19h30, la commune de Coulong\u00e9 a accueilli l\u2019inauguration d\u2019un v\u00e9hicule original : le mini-bus Info-Com, mis en service par la Communaut\u00e9 de Communes Sud-Sarthe. Impossible de le manquer ! Ce v\u00e9hicule, habill\u00e9 aux couleurs du territoire, regorge d\u2019informations utiles et pr\u00e9sente les coordonn\u00e9es de nombreuses entreprises locales. Une mani\u00e8re innovante et mobile de valoriser les acteurs \u00e9conomiques de la r\u00e9gion.<\/p>\n<p>Pour parler de cette initiative, Fran\u00e7ois Boussard, pr\u00e9sident de la communaut\u00e9 de communes &#8220;Sud-Sarthe&#8221; est dans &#8220;L&#8217;interview du jour&#8221; le vendredi 6 juin \u00e0 18h, le samedi 7 juin \u00e0 14h, le dimanche 8 juin \u00e0 11h et le lundi 9 juin \u00e0 13h.<\/p>\n<div id=\"audioigniter-283\" class=\"audioigniter-root \" data-player-type=\"full\" data-tracks-url=\"https:\/\/contactfm72.fr\/?audioigniter_playlist_id=283\" data-display-track-no=\"false\" data-reverse-track-order=\"false\" data-display-tracklist-covers=\"false\" data-display-active-cover=\"false\" data-display-artist-names=\"false\" data-display-buy-buttons=\"true\" data-buy-buttons-target=\"false\" data-cycle-tracks=\"false\" data-display-credits=\"false\" data-display-tracklist=\"true\" data-allow-tracklist-toggle=\"false\" data-allow-tracklist-loop=\"true\" data-limit-tracklist-height=\"true\" data-volume=\"100\" data-tracklist-height=\"185\" data-allow-track-loop=\"false\" ><\/div>\n<!-- AddThis Advanced Settings generic via filter on the_content --><!-- AddThis Share Buttons generic via filter on the_content -->","protected":false},"excerpt":{"rendered":"<p>Un mini-bus pas comme les autres ! Le jeudi 5 juin \u00e0 19h30, la commune de Coulong\u00e9 a accueilli l\u2019inauguration d\u2019un v\u00e9hicule original : le mini-bus Info-Com, mis en service par la Communaut\u00e9 de Communes Sud-Sarthe. Impossible de le manquer ! Ce v\u00e9hicule, habill\u00e9 aux couleurs du territoire, regorge d\u2019informations utiles et pr\u00e9sente les coordonn\u00e9es&hellip;<!-- AddThis Advanced Settings generic via filter on get_the_excerpt --><!-- AddThis Share Buttons generic via filter on get_the_excerpt --><\/p>\n","protected":false},"author":5,"featured_media":19585,"comment_status":"closed","ping_status":"open","sticky":false,"template":"","format":"standard","meta":{"footnotes":""},"categories":[1,5],"tags":[],"class_list":["post-19584","post","type-post","status-publish","format-standard","has-post-thumbnail","hentry","category-contact-fm-72","category-linterview-du-jour","category-1","category-5","description-off"],"yoast_head":"<!-- This site is optimized with the Yoast SEO plugin v27.4 - https:\/\/yoast.com\/product\/yoast-seo-wordpress\/ -->\n<title>Le mini-bus Info-Com : la communication locale prend la route ! - Contact FM 99.3<\/title>\n<meta name=\"description\" content=\"Un mini-bus pas comme les autres !\u00a0Le jeudi 5 juin \u00e0 19h30, la commune de Coulong\u00e9 a accueilli l\u2019inauguration d\u2019un v\u00e9hicule original : le mini-bus Info-Com, mis en service par la Communaut\u00e9 de Communes Sud-Sarthe. Impossible de le manquer ! Ce v\u00e9hicule, habill\u00e9 aux couleurs du territoire, regorge d\u2019informations utiles et pr\u00e9sente les coordonn\u00e9es de nombreuses entreprises locales. Une mani\u00e8re innovante et mobile de valoriser les acteurs \u00e9conomiques de la r\u00e9gion.Pour parler de cette initiative, Fran\u00e7ois Boussard, pr\u00e9sident de la communaut\u00e9 de communes &quot;Sud-Sarthe&quot; est dans &quot;L&#039;interview du jour&quot; le vendredi 6 juin \u00e0 18h, le samedi 7 juin \u00e0 14h, le dimanche 8 juin \u00e0 11h et le lundi 9 juin \u00e0 13h.\" \/>\n<meta name=\"robots\" content=\"index, follow, max-snippet:-1, max-image-preview:large, max-video-preview:-1\" \/>\n<link rel=\"canonical\" href=\"https:\/\/contactfm72.fr\/?p=19584\" \/>\n<meta property=\"og:locale\" content=\"fr_FR\" \/>\n<meta property=\"og:type\" content=\"article\" \/>\n<meta property=\"og:title\" content=\"Le mini-bus Info-Com : la communication locale prend la route ! - Contact FM 99.3\" \/>\n<meta property=\"og:description\" content=\"Un mini-bus pas comme les autres !\u00a0Le jeudi 5 juin \u00e0 19h30, la commune de Coulong\u00e9 a accueilli l\u2019inauguration d\u2019un v\u00e9hicule original : le mini-bus Info-Com, mis en service par la Communaut\u00e9 de Communes Sud-Sarthe. Impossible de le manquer ! Ce v\u00e9hicule, habill\u00e9 aux couleurs du territoire, regorge d\u2019informations utiles et pr\u00e9sente les coordonn\u00e9es de nombreuses entreprises locales. Une mani\u00e8re innovante et mobile de valoriser les acteurs \u00e9conomiques de la r\u00e9gion.Pour parler de cette initiative, Fran\u00e7ois Boussard, pr\u00e9sident de la communaut\u00e9 de communes &quot;Sud-Sarthe&quot; est dans &quot;L&#039;interview du jour&quot; le vendredi 6 juin \u00e0 18h, le samedi 7 juin \u00e0 14h, le dimanche 8 juin \u00e0 11h et le lundi 9 juin \u00e0 13h.\" \/>\n<meta property=\"og:url\" content=\"https:\/\/contactfm72.fr\/?p=19584\" \/>\n<meta property=\"og:site_name\" content=\"Contact FM 99.3\" \/>\n<meta property=\"article:publisher\" content=\"https:\/\/www.facebook.com\/Contactfm.Chateauduloir\" \/>\n<meta property=\"article:published_time\" content=\"2025-06-06T14:15:02+00:00\" \/>\n<meta property=\"article:modified_time\" content=\"2025-06-06T14:18:17+00:00\" \/>\n<meta property=\"og:image\" content=\"http:\/\/contactfm72.fr\/wp-content\/uploads\/2025\/06\/Visuel-Contact-FM-3.jpg\" \/>\n\t<meta property=\"og:image:width\" content=\"2016\" \/>\n\t<meta property=\"og:image:height\" content=\"1512\" \/>\n\t<meta property=\"og:image:type\" content=\"image\/jpeg\" \/>\n<meta name=\"author\" content=\"redaction2@contactfm72.fr\" \/>\n<meta name=\"twitter:card\" content=\"summary_large_image\" \/>\n<meta name=\"twitter:creator\" content=\"@contactfm72\" \/>\n<meta name=\"twitter:site\" content=\"@contactfm72\" \/>\n<meta name=\"twitter:label1\" content=\"\u00c9crit par\" \/>\n\t<meta name=\"twitter:data1\" content=\"redaction2@contactfm72.fr\" \/>\n\t<meta name=\"twitter:label2\" content=\"Dur\u00e9e de lecture estim\u00e9e\" \/>\n\t<meta name=\"twitter:data2\" content=\"1 minute\" \/>\n<script type=\"application\/ld+json\" class=\"yoast-schema-graph\">{\"@context\":\"https:\\\/\\\/schema.org\",\"@graph\":[{\"@type\":\"Article\",\"@id\":\"https:\\\/\\\/contactfm72.fr\\\/?p=19584#article\",\"isPartOf\":{\"@id\":\"https:\\\/\\\/contactfm72.fr\\\/?p=19584\"},\"author\":{\"name\":\"redaction2@contactfm72.fr\",\"@id\":\"https:\\\/\\\/contactfm72.fr\\\/#\\\/schema\\\/person\\\/d2ef09cdea7331b185acaddc4d14dda8\"},\"headline\":\"Le mini-bus Info-Com : la communication locale prend la route !\",\"datePublished\":\"2025-06-06T14:15:02+00:00\",\"dateModified\":\"2025-06-06T14:18:17+00:00\",\"mainEntityOfPage\":{\"@id\":\"https:\\\/\\\/contactfm72.fr\\\/?p=19584\"},\"wordCount\":127,\"publisher\":{\"@id\":\"https:\\\/\\\/contactfm72.fr\\\/#organization\"},\"image\":{\"@id\":\"https:\\\/\\\/contactfm72.fr\\\/?p=19584#primaryimage\"},\"thumbnailUrl\":\"https:\\\/\\\/contactfm72.fr\\\/wp-content\\\/uploads\\\/2025\\\/06\\\/Visuel-Contact-FM-3.jpg\",\"articleSection\":[\"Contact FM 72\",\"L'interview du jour\"],\"inLanguage\":\"fr-FR\"},{\"@type\":\"WebPage\",\"@id\":\"https:\\\/\\\/contactfm72.fr\\\/?p=19584\",\"url\":\"https:\\\/\\\/contactfm72.fr\\\/?p=19584\",\"name\":\"Le mini-bus Info-Com : la communication locale prend la route ! - Contact FM 99.3\",\"isPartOf\":{\"@id\":\"https:\\\/\\\/contactfm72.fr\\\/#website\"},\"primaryImageOfPage\":{\"@id\":\"https:\\\/\\\/contactfm72.fr\\\/?p=19584#primaryimage\"},\"image\":{\"@id\":\"https:\\\/\\\/contactfm72.fr\\\/?p=19584#primaryimage\"},\"thumbnailUrl\":\"https:\\\/\\\/contactfm72.fr\\\/wp-content\\\/uploads\\\/2025\\\/06\\\/Visuel-Contact-FM-3.jpg\",\"datePublished\":\"2025-06-06T14:15:02+00:00\",\"dateModified\":\"2025-06-06T14:18:17+00:00\",\"description\":\"Un mini-bus pas comme les autres !\u00a0Le jeudi 5 juin \u00e0 19h30, la commune de Coulong\u00e9 a accueilli l\u2019inauguration d\u2019un v\u00e9hicule original : le mini-bus Info-Com, mis en service par la Communaut\u00e9 de Communes Sud-Sarthe. Impossible de le manquer ! Ce v\u00e9hicule, habill\u00e9 aux couleurs du territoire, regorge d\u2019informations utiles et pr\u00e9sente les coordonn\u00e9es de nombreuses entreprises locales. Une mani\u00e8re innovante et mobile de valoriser les acteurs \u00e9conomiques de la r\u00e9gion.Pour parler de cette initiative, Fran\u00e7ois Boussard, pr\u00e9sident de la communaut\u00e9 de communes \\\"Sud-Sarthe\\\" est dans \\\"L'interview du jour\\\" le vendredi 6 juin \u00e0 18h, le samedi 7 juin \u00e0 14h, le dimanche 8 juin \u00e0 11h et le lundi 9 juin \u00e0 13h.\",\"breadcrumb\":{\"@id\":\"https:\\\/\\\/contactfm72.fr\\\/?p=19584#breadcrumb\"},\"inLanguage\":\"fr-FR\",\"potentialAction\":[{\"@type\":\"ReadAction\",\"target\":[\"https:\\\/\\\/contactfm72.fr\\\/?p=19584\"]}]},{\"@type\":\"ImageObject\",\"inLanguage\":\"fr-FR\",\"@id\":\"https:\\\/\\\/contactfm72.fr\\\/?p=19584#primaryimage\",\"url\":\"https:\\\/\\\/contactfm72.fr\\\/wp-content\\\/uploads\\\/2025\\\/06\\\/Visuel-Contact-FM-3.jpg\",\"contentUrl\":\"https:\\\/\\\/contactfm72.fr\\\/wp-content\\\/uploads\\\/2025\\\/06\\\/Visuel-Contact-FM-3.jpg\",\"width\":2016,\"height\":1512},{\"@type\":\"BreadcrumbList\",\"@id\":\"https:\\\/\\\/contactfm72.fr\\\/?p=19584#breadcrumb\",\"itemListElement\":[{\"@type\":\"ListItem\",\"position\":1,\"name\":\"Accueil\",\"item\":\"https:\\\/\\\/contactfm72.fr\\\/\"},{\"@type\":\"ListItem\",\"position\":2,\"name\":\"Le mini-bus Info-Com : la communication locale prend la route !\"}]},{\"@type\":\"WebSite\",\"@id\":\"https:\\\/\\\/contactfm72.fr\\\/#website\",\"url\":\"https:\\\/\\\/contactfm72.fr\\\/\",\"name\":\"Contact FM 99.3\",\"description\":\"Votre radio en vall\u00e9e du Loir\",\"publisher\":{\"@id\":\"https:\\\/\\\/contactfm72.fr\\\/#organization\"},\"potentialAction\":[{\"@type\":\"SearchAction\",\"target\":{\"@type\":\"EntryPoint\",\"urlTemplate\":\"https:\\\/\\\/contactfm72.fr\\\/?s={search_term_string}\"},\"query-input\":{\"@type\":\"PropertyValueSpecification\",\"valueRequired\":true,\"valueName\":\"search_term_string\"}}],\"inLanguage\":\"fr-FR\"},{\"@type\":\"Organization\",\"@id\":\"https:\\\/\\\/contactfm72.fr\\\/#organization\",\"name\":\"Contact FM 99.3\",\"url\":\"https:\\\/\\\/contactfm72.fr\\\/\",\"logo\":{\"@type\":\"ImageObject\",\"inLanguage\":\"fr-FR\",\"@id\":\"https:\\\/\\\/contactfm72.fr\\\/#\\\/schema\\\/logo\\\/image\\\/\",\"url\":\"https:\\\/\\\/contactfm72.fr\\\/wp-content\\\/uploads\\\/2025\\\/04\\\/2025-04-18-2.jpg\",\"contentUrl\":\"https:\\\/\\\/contactfm72.fr\\\/wp-content\\\/uploads\\\/2025\\\/04\\\/2025-04-18-2.jpg\",\"width\":680,\"height\":307,\"caption\":\"Contact FM 99.3\"},\"image\":{\"@id\":\"https:\\\/\\\/contactfm72.fr\\\/#\\\/schema\\\/logo\\\/image\\\/\"},\"sameAs\":[\"https:\\\/\\\/www.facebook.com\\\/Contactfm.Chateauduloir\",\"https:\\\/\\\/x.com\\\/contactfm72\",\"https:\\\/\\\/www.instagram.com\\\/contact.fm.72?igsh=cGhlMHQ5N2JlNnpp\",\"https:\\\/\\\/www.tiktok.com\\\/@contact.fm\"]},{\"@type\":\"Person\",\"@id\":\"https:\\\/\\\/contactfm72.fr\\\/#\\\/schema\\\/person\\\/d2ef09cdea7331b185acaddc4d14dda8\",\"name\":\"redaction2@contactfm72.fr\",\"image\":{\"@type\":\"ImageObject\",\"inLanguage\":\"fr-FR\",\"@id\":\"https:\\\/\\\/secure.gravatar.com\\\/avatar\\\/897f3d57289c1f4c62cade1c2606ba6ded18d5f1676845e668a9f21cb751c06b?s=96&d=mm&r=g\",\"url\":\"https:\\\/\\\/secure.gravatar.com\\\/avatar\\\/897f3d57289c1f4c62cade1c2606ba6ded18d5f1676845e668a9f21cb751c06b?s=96&d=mm&r=g\",\"contentUrl\":\"https:\\\/\\\/secure.gravatar.com\\\/avatar\\\/897f3d57289c1f4c62cade1c2606ba6ded18d5f1676845e668a9f21cb751c06b?s=96&d=mm&r=g\",\"caption\":\"redaction2@contactfm72.fr\"},\"url\":\"https:\\\/\\\/contactfm72.fr\\\/?author=5\"}]}<\/script>\n<!-- \/ Yoast SEO plugin. -->","yoast_head_json":{"title":"Le mini-bus Info-Com : la communication locale prend la route ! - Contact FM 99.3","description":"Un mini-bus pas comme les autres !\u00a0Le jeudi 5 juin \u00e0 19h30, la commune de Coulong\u00e9 a accueilli l\u2019inauguration d\u2019un v\u00e9hicule original : le mini-bus Info-Com, mis en service par la Communaut\u00e9 de Communes Sud-Sarthe. Impossible de le manquer ! Ce v\u00e9hicule, habill\u00e9 aux couleurs du territoire, regorge d\u2019informations utiles et pr\u00e9sente les coordonn\u00e9es de nombreuses entreprises locales. Une mani\u00e8re innovante et mobile de valoriser les acteurs \u00e9conomiques de la r\u00e9gion.Pour parler de cette initiative, Fran\u00e7ois Boussard, pr\u00e9sident de la communaut\u00e9 de communes \"Sud-Sarthe\" est dans \"L'interview du jour\" le vendredi 6 juin \u00e0 18h, le samedi 7 juin \u00e0 14h, le dimanche 8 juin \u00e0 11h et le lundi 9 juin \u00e0 13h.","robots":{"index":"index","follow":"follow","max-snippet":"max-snippet:-1","max-image-preview":"max-image-preview:large","max-video-preview":"max-video-preview:-1"},"canonical":"https:\/\/contactfm72.fr\/?p=19584","og_locale":"fr_FR","og_type":"article","og_title":"Le mini-bus Info-Com : la communication locale prend la route ! - Contact FM 99.3","og_description":"Un mini-bus pas comme les autres !\u00a0Le jeudi 5 juin \u00e0 19h30, la commune de Coulong\u00e9 a accueilli l\u2019inauguration d\u2019un v\u00e9hicule original : le mini-bus Info-Com, mis en service par la Communaut\u00e9 de Communes Sud-Sarthe. Impossible de le manquer ! Ce v\u00e9hicule, habill\u00e9 aux couleurs du territoire, regorge d\u2019informations utiles et pr\u00e9sente les coordonn\u00e9es de nombreuses entreprises locales. Une mani\u00e8re innovante et mobile de valoriser les acteurs \u00e9conomiques de la r\u00e9gion.Pour parler de cette initiative, Fran\u00e7ois Boussard, pr\u00e9sident de la communaut\u00e9 de communes \"Sud-Sarthe\" est dans \"L'interview du jour\" le vendredi 6 juin \u00e0 18h, le samedi 7 juin \u00e0 14h, le dimanche 8 juin \u00e0 11h et le lundi 9 juin \u00e0 13h.","og_url":"https:\/\/contactfm72.fr\/?p=19584","og_site_name":"Contact FM 99.3","article_publisher":"https:\/\/www.facebook.com\/Contactfm.Chateauduloir","article_published_time":"2025-06-06T14:15:02+00:00","article_modified_time":"2025-06-06T14:18:17+00:00","og_image":[{"width":2016,"height":1512,"url":"http:\/\/contactfm72.fr\/wp-content\/uploads\/2025\/06\/Visuel-Contact-FM-3.jpg","type":"image\/jpeg"}],"author":"redaction2@contactfm72.fr","twitter_card":"summary_large_image","twitter_creator":"@contactfm72","twitter_site":"@contactfm72","twitter_misc":{"\u00c9crit par":"redaction2@contactfm72.fr","Dur\u00e9e de lecture estim\u00e9e":"1 minute"},"schema":{"@context":"https:\/\/schema.org","@graph":[{"@type":"Article","@id":"https:\/\/contactfm72.fr\/?p=19584#article","isPartOf":{"@id":"https:\/\/contactfm72.fr\/?p=19584"},"author":{"name":"redaction2@contactfm72.fr","@id":"https:\/\/contactfm72.fr\/#\/schema\/person\/d2ef09cdea7331b185acaddc4d14dda8"},"headline":"Le mini-bus Info-Com : la communication locale prend la route !","datePublished":"2025-06-06T14:15:02+00:00","dateModified":"2025-06-06T14:18:17+00:00","mainEntityOfPage":{"@id":"https:\/\/contactfm72.fr\/?p=19584"},"wordCount":127,"publisher":{"@id":"https:\/\/contactfm72.fr\/#organization"},"image":{"@id":"https:\/\/contactfm72.fr\/?p=19584#primaryimage"},"thumbnailUrl":"https:\/\/contactfm72.fr\/wp-content\/uploads\/2025\/06\/Visuel-Contact-FM-3.jpg","articleSection":["Contact FM 72","L'interview du jour"],"inLanguage":"fr-FR"},{"@type":"WebPage","@id":"https:\/\/contactfm72.fr\/?p=19584","url":"https:\/\/contactfm72.fr\/?p=19584","name":"Le mini-bus Info-Com : la communication locale prend la route ! - Contact FM 99.3","isPartOf":{"@id":"https:\/\/contactfm72.fr\/#website"},"primaryImageOfPage":{"@id":"https:\/\/contactfm72.fr\/?p=19584#primaryimage"},"image":{"@id":"https:\/\/contactfm72.fr\/?p=19584#primaryimage"},"thumbnailUrl":"https:\/\/contactfm72.fr\/wp-content\/uploads\/2025\/06\/Visuel-Contact-FM-3.jpg","datePublished":"2025-06-06T14:15:02+00:00","dateModified":"2025-06-06T14:18:17+00:00","description":"Un mini-bus pas comme les autres !\u00a0Le jeudi 5 juin \u00e0 19h30, la commune de Coulong\u00e9 a accueilli l\u2019inauguration d\u2019un v\u00e9hicule original : le mini-bus Info-Com, mis en service par la Communaut\u00e9 de Communes Sud-Sarthe. Impossible de le manquer ! Ce v\u00e9hicule, habill\u00e9 aux couleurs du territoire, regorge d\u2019informations utiles et pr\u00e9sente les coordonn\u00e9es de nombreuses entreprises locales. Une mani\u00e8re innovante et mobile de valoriser les acteurs \u00e9conomiques de la r\u00e9gion.Pour parler de cette initiative, Fran\u00e7ois Boussard, pr\u00e9sident de la communaut\u00e9 de communes \"Sud-Sarthe\" est dans \"L'interview du jour\" le vendredi 6 juin \u00e0 18h, le samedi 7 juin \u00e0 14h, le dimanche 8 juin \u00e0 11h et le lundi 9 juin \u00e0 13h.","breadcrumb":{"@id":"https:\/\/contactfm72.fr\/?p=19584#breadcrumb"},"inLanguage":"fr-FR","potentialAction":[{"@type":"ReadAction","target":["https:\/\/contactfm72.fr\/?p=19584"]}]},{"@type":"ImageObject","inLanguage":"fr-FR","@id":"https:\/\/contactfm72.fr\/?p=19584#primaryimage","url":"https:\/\/contactfm72.fr\/wp-content\/uploads\/2025\/06\/Visuel-Contact-FM-3.jpg","contentUrl":"https:\/\/contactfm72.fr\/wp-content\/uploads\/2025\/06\/Visuel-Contact-FM-3.jpg","width":2016,"height":1512},{"@type":"BreadcrumbList","@id":"https:\/\/contactfm72.fr\/?p=19584#breadcrumb","itemListElement":[{"@type":"ListItem","position":1,"name":"Accueil","item":"https:\/\/contactfm72.fr\/"},{"@type":"ListItem","position":2,"name":"Le mini-bus Info-Com : la communication locale prend la route !"}]},{"@type":"WebSite","@id":"https:\/\/contactfm72.fr\/#website","url":"https:\/\/contactfm72.fr\/","name":"Contact FM 99.3","description":"Votre radio en vall\u00e9e du Loir","publisher":{"@id":"https:\/\/contactfm72.fr\/#organization"},"potentialAction":[{"@type":"SearchAction","target":{"@type":"EntryPoint","urlTemplate":"https:\/\/contactfm72.fr\/?s={search_term_string}"},"query-input":{"@type":"PropertyValueSpecification","valueRequired":true,"valueName":"search_term_string"}}],"inLanguage":"fr-FR"},{"@type":"Organization","@id":"https:\/\/contactfm72.fr\/#organization","name":"Contact FM 99.3","url":"https:\/\/contactfm72.fr\/","logo":{"@type":"ImageObject","inLanguage":"fr-FR","@id":"https:\/\/contactfm72.fr\/#\/schema\/logo\/image\/","url":"https:\/\/contactfm72.fr\/wp-content\/uploads\/2025\/04\/2025-04-18-2.jpg","contentUrl":"https:\/\/contactfm72.fr\/wp-content\/uploads\/2025\/04\/2025-04-18-2.jpg","width":680,"height":307,"caption":"Contact FM 99.3"},"image":{"@id":"https:\/\/contactfm72.fr\/#\/schema\/logo\/image\/"},"sameAs":["https:\/\/www.facebook.com\/Contactfm.Chateauduloir","https:\/\/x.com\/contactfm72","https:\/\/www.instagram.com\/contact.fm.72?igsh=cGhlMHQ5N2JlNnpp","https:\/\/www.tiktok.com\/@contact.fm"]},{"@type":"Person","@id":"https:\/\/contactfm72.fr\/#\/schema\/person\/d2ef09cdea7331b185acaddc4d14dda8","name":"redaction2@contactfm72.fr","image":{"@type":"ImageObject","inLanguage":"fr-FR","@id":"https:\/\/secure.gravatar.com\/avatar\/897f3d57289c1f4c62cade1c2606ba6ded18d5f1676845e668a9f21cb751c06b?s=96&d=mm&r=g","url":"https:\/\/secure.gravatar.com\/avatar\/897f3d57289c1f4c62cade1c2606ba6ded18d5f1676845e668a9f21cb751c06b?s=96&d=mm&r=g","contentUrl":"https:\/\/secure.gravatar.com\/avatar\/897f3d57289c1f4c62cade1c2606ba6ded18d5f1676845e668a9f21cb751c06b?s=96&d=mm&r=g","caption":"redaction2@contactfm72.fr"},"url":"https:\/\/contactfm72.fr\/?author=5"}]}},"_links":{"self":[{"href":"https:\/\/contactfm72.fr\/index.php?rest_route=\/wp\/v2\/posts\/19584","targetHints":{"allow":["GET"]}}],"collection":[{"href":"https:\/\/contactfm72.fr\/index.php?rest_route=\/wp\/v2\/posts"}],"about":[{"href":"https:\/\/contactfm72.fr\/index.php?rest_route=\/wp\/v2\/types\/post"}],"author":[{"embeddable":true,"href":"https:\/\/contactfm72.fr\/index.php?rest_route=\/wp\/v2\/users\/5"}],"replies":[{"embeddable":true,"href":"https:\/\/contactfm72.fr\/index.php?rest_route=%2Fwp%2Fv2%2Fcomments&post=19584"}],"version-history":[{"count":1,"href":"https:\/\/contactfm72.fr\/index.php?rest_route=\/wp\/v2\/posts\/19584\/revisions"}],"predecessor-version":[{"id":19586,"href":"https:\/\/contactfm72.fr\/index.php?rest_route=\/wp\/v2\/posts\/19584\/revisions\/19586"}],"wp:featuredmedia":[{"embeddable":true,"href":"https:\/\/contactfm72.fr\/index.php?rest_route=\/wp\/v2\/media\/19585"}],"wp:attachment":[{"href":"https:\/\/contactfm72.fr\/index.php?rest_route=%2Fwp%2Fv2%2Fmedia&parent=19584"}],"wp:term":[{"taxonomy":"category","embeddable":true,"href":"https:\/\/contactfm72.fr\/index.php?rest_route=%2Fwp%2Fv2%2Fcategories&post=19584"},{"taxonomy":"post_tag","embeddable":true,"href":"https:\/\/contactfm72.fr\/index.php?rest_route=%2Fwp%2Fv2%2Ftags&post=19584"}],"curies":[{"name":"wp","href":"https:\/\/api.w.org\/{rel}","templated":true}]}}