{"id":19575,"date":"2025-06-06T10:36:57","date_gmt":"2025-06-06T08:36:57","guid":{"rendered":"https:\/\/contactfm72.fr\/?p=19575"},"modified":"2025-06-06T10:53:26","modified_gmt":"2025-06-06T08:53:26","slug":"vanessa-castel-la-multi-entrepreneuse-sort-son-premier-livre","status":"publish","type":"post","link":"https:\/\/contactfm72.fr\/?p=19575","title":{"rendered":"Vanessa Castel &#8211; La multi-entrepreneuse sort son premier livre"},"content":{"rendered":"<p>&#8220;Elle refusait d&#8217;entrer dans une case&#8221;<\/p>\n<p>Vanessa Castel a d\u00e9j\u00e0 eu 1000 vies, responsable des ressources humaines, associ\u00e9e-g\u00e9rante d&#8217;un gite, fondatrice de Miel Citron et aujourd&#8217;hui, directrice de &#8220;Solar Wrap 72&#8221;. V\u00e9ritable \u00e9lectron libre, curieuse d&#8217;exp\u00e9riences, de rencontres, elle sort son premier livre &#8220;Un jour je volerai disait le papillon&#8221;. Elle raconte son histoire sans d\u00e9tour, son voyage en Inde et ce qui l&#8217;a motive aujourd&#8217;hui \u00e0 cr\u00e9er de nouveaux projets.<\/p>\n<p>Son histoire est \u00e0 retrouver dans le magazine mensuel &#8220;Si on parlait d&#8217;elles&#8221; le vendredi 6 juin \u00e0 12h30 et le jeudi 12 juin \u00e0 17h30.<\/p>\n<div id=\"audioigniter-294\" class=\"audioigniter-root \" data-player-type=\"full\" data-tracks-url=\"https:\/\/contactfm72.fr\/?audioigniter_playlist_id=294\" data-display-track-no=\"false\" data-reverse-track-order=\"false\" data-display-tracklist-covers=\"false\" data-display-active-cover=\"false\" data-display-artist-names=\"false\" data-display-buy-buttons=\"true\" data-buy-buttons-target=\"false\" data-cycle-tracks=\"false\" data-display-credits=\"false\" data-display-tracklist=\"true\" data-allow-tracklist-toggle=\"true\" data-allow-tracklist-loop=\"true\" data-limit-tracklist-height=\"true\" data-volume=\"100\" data-tracklist-height=\"185\" data-allow-track-loop=\"false\" ><\/div>\n<!-- AddThis Advanced Settings generic via filter on the_content --><!-- AddThis Share Buttons generic via filter on the_content -->","protected":false},"excerpt":{"rendered":"<p>&#8220;Elle refusait d&#8217;entrer dans une case&#8221; Vanessa Castel a d\u00e9j\u00e0 eu 1000 vies, responsable des ressources humaines, associ\u00e9e-g\u00e9rante d&#8217;un gite, fondatrice de Miel Citron et aujourd&#8217;hui, directrice de &#8220;Solar Wrap 72&#8221;. V\u00e9ritable \u00e9lectron libre, curieuse d&#8217;exp\u00e9riences, de rencontres, elle sort son premier livre &#8220;Un jour je volerai disait le papillon&#8221;. Elle raconte son histoire sans&hellip;<!-- AddThis Advanced Settings generic via filter on get_the_excerpt --><!-- AddThis Share Buttons generic via filter on get_the_excerpt --><\/p>\n","protected":false},"author":5,"featured_media":19576,"comment_status":"closed","ping_status":"open","sticky":false,"template":"","format":"standard","meta":{"footnotes":""},"categories":[1,14],"tags":[],"class_list":["post-19575","post","type-post","status-publish","format-standard","has-post-thumbnail","hentry","category-contact-fm-72","category-si-on-parlait-delles","category-1","category-14","description-off"],"yoast_head":"<!-- This site is optimized with the Yoast SEO plugin v27.4 - https:\/\/yoast.com\/product\/yoast-seo-wordpress\/ -->\n<title>Vanessa Castel - La multi-entrepreneuse sort son premier livre - Contact FM 99.3<\/title>\n<meta name=\"description\" content=\"&quot;Elle refusait d&#039;entrer dans une case&quot;Vanessa Castel a d\u00e9j\u00e0 eu 1000 vies, responsable des ressources humaines, associ\u00e9e-g\u00e9rante d&#039;un gite, fondatrice de Miel Citron et aujourd&#039;hui, directrice de &quot;Solar Wrap 72&quot;. V\u00e9ritable \u00e9lectron libre, curieuse d&#039;exp\u00e9riences, de rencontres, elle sort son premier livre &quot;Un jour je volerai disait le papillon&quot;. Elle raconte son histoire sans d\u00e9tour, son voyage en Inde et ce qui l&#039;a motive aujourd&#039;hui \u00e0 cr\u00e9er de nouveaux projets.\u00a0Son histoire est \u00e0 retrouver dans le magazine mensuel &quot;Si on parlait d&#039;elles&quot; le vendredi 6 juin \u00e0 12h30 et le jeudi 12 juin \u00e0 17h30.\" \/>\n<meta name=\"robots\" content=\"index, follow, max-snippet:-1, max-image-preview:large, max-video-preview:-1\" \/>\n<link rel=\"canonical\" href=\"https:\/\/contactfm72.fr\/?p=19575\" \/>\n<meta property=\"og:locale\" content=\"fr_FR\" \/>\n<meta property=\"og:type\" content=\"article\" \/>\n<meta property=\"og:title\" content=\"Vanessa Castel - La multi-entrepreneuse sort son premier livre - Contact FM 99.3\" \/>\n<meta property=\"og:description\" content=\"&quot;Elle refusait d&#039;entrer dans une case&quot;Vanessa Castel a d\u00e9j\u00e0 eu 1000 vies, responsable des ressources humaines, associ\u00e9e-g\u00e9rante d&#039;un gite, fondatrice de Miel Citron et aujourd&#039;hui, directrice de &quot;Solar Wrap 72&quot;. V\u00e9ritable \u00e9lectron libre, curieuse d&#039;exp\u00e9riences, de rencontres, elle sort son premier livre &quot;Un jour je volerai disait le papillon&quot;. Elle raconte son histoire sans d\u00e9tour, son voyage en Inde et ce qui l&#039;a motive aujourd&#039;hui \u00e0 cr\u00e9er de nouveaux projets.\u00a0Son histoire est \u00e0 retrouver dans le magazine mensuel &quot;Si on parlait d&#039;elles&quot; le vendredi 6 juin \u00e0 12h30 et le jeudi 12 juin \u00e0 17h30.\" \/>\n<meta property=\"og:url\" content=\"https:\/\/contactfm72.fr\/?p=19575\" \/>\n<meta property=\"og:site_name\" content=\"Contact FM 99.3\" \/>\n<meta property=\"article:publisher\" content=\"https:\/\/www.facebook.com\/Contactfm.Chateauduloir\" \/>\n<meta property=\"article:published_time\" content=\"2025-06-06T08:36:57+00:00\" \/>\n<meta property=\"article:modified_time\" content=\"2025-06-06T08:53:26+00:00\" \/>\n<meta property=\"og:image\" content=\"http:\/\/contactfm72.fr\/wp-content\/uploads\/2025\/06\/nhbv.jpg\" \/>\n\t<meta property=\"og:image:width\" content=\"2016\" \/>\n\t<meta property=\"og:image:height\" content=\"1512\" \/>\n\t<meta property=\"og:image:type\" content=\"image\/jpeg\" \/>\n<meta name=\"author\" content=\"redaction2@contactfm72.fr\" \/>\n<meta name=\"twitter:card\" content=\"summary_large_image\" \/>\n<meta name=\"twitter:creator\" content=\"@contactfm72\" \/>\n<meta name=\"twitter:site\" content=\"@contactfm72\" \/>\n<meta name=\"twitter:label1\" content=\"\u00c9crit par\" \/>\n\t<meta name=\"twitter:data1\" content=\"redaction2@contactfm72.fr\" \/>\n\t<meta name=\"twitter:label2\" content=\"Dur\u00e9e de lecture estim\u00e9e\" \/>\n\t<meta name=\"twitter:data2\" content=\"1 minute\" \/>\n<script type=\"application\/ld+json\" class=\"yoast-schema-graph\">{\"@context\":\"https:\\\/\\\/schema.org\",\"@graph\":[{\"@type\":\"Article\",\"@id\":\"https:\\\/\\\/contactfm72.fr\\\/?p=19575#article\",\"isPartOf\":{\"@id\":\"https:\\\/\\\/contactfm72.fr\\\/?p=19575\"},\"author\":{\"name\":\"redaction2@contactfm72.fr\",\"@id\":\"https:\\\/\\\/contactfm72.fr\\\/#\\\/schema\\\/person\\\/d2ef09cdea7331b185acaddc4d14dda8\"},\"headline\":\"Vanessa Castel &#8211; La multi-entrepreneuse sort son premier livre\",\"datePublished\":\"2025-06-06T08:36:57+00:00\",\"dateModified\":\"2025-06-06T08:53:26+00:00\",\"mainEntityOfPage\":{\"@id\":\"https:\\\/\\\/contactfm72.fr\\\/?p=19575\"},\"wordCount\":115,\"publisher\":{\"@id\":\"https:\\\/\\\/contactfm72.fr\\\/#organization\"},\"image\":{\"@id\":\"https:\\\/\\\/contactfm72.fr\\\/?p=19575#primaryimage\"},\"thumbnailUrl\":\"https:\\\/\\\/contactfm72.fr\\\/wp-content\\\/uploads\\\/2025\\\/06\\\/nhbv.jpg\",\"articleSection\":[\"Contact FM 72\",\"Si on parlait d'elles\"],\"inLanguage\":\"fr-FR\"},{\"@type\":\"WebPage\",\"@id\":\"https:\\\/\\\/contactfm72.fr\\\/?p=19575\",\"url\":\"https:\\\/\\\/contactfm72.fr\\\/?p=19575\",\"name\":\"Vanessa Castel - La multi-entrepreneuse sort son premier livre - Contact FM 99.3\",\"isPartOf\":{\"@id\":\"https:\\\/\\\/contactfm72.fr\\\/#website\"},\"primaryImageOfPage\":{\"@id\":\"https:\\\/\\\/contactfm72.fr\\\/?p=19575#primaryimage\"},\"image\":{\"@id\":\"https:\\\/\\\/contactfm72.fr\\\/?p=19575#primaryimage\"},\"thumbnailUrl\":\"https:\\\/\\\/contactfm72.fr\\\/wp-content\\\/uploads\\\/2025\\\/06\\\/nhbv.jpg\",\"datePublished\":\"2025-06-06T08:36:57+00:00\",\"dateModified\":\"2025-06-06T08:53:26+00:00\",\"description\":\"\\\"Elle refusait d'entrer dans une case\\\"Vanessa Castel a d\u00e9j\u00e0 eu 1000 vies, responsable des ressources humaines, associ\u00e9e-g\u00e9rante d'un gite, fondatrice de Miel Citron et aujourd'hui, directrice de \\\"Solar Wrap 72\\\". V\u00e9ritable \u00e9lectron libre, curieuse d'exp\u00e9riences, de rencontres, elle sort son premier livre \\\"Un jour je volerai disait le papillon\\\". Elle raconte son histoire sans d\u00e9tour, son voyage en Inde et ce qui l'a motive aujourd'hui \u00e0 cr\u00e9er de nouveaux projets.\u00a0Son histoire est \u00e0 retrouver dans le magazine mensuel \\\"Si on parlait d'elles\\\" le vendredi 6 juin \u00e0 12h30 et le jeudi 12 juin \u00e0 17h30.\",\"breadcrumb\":{\"@id\":\"https:\\\/\\\/contactfm72.fr\\\/?p=19575#breadcrumb\"},\"inLanguage\":\"fr-FR\",\"potentialAction\":[{\"@type\":\"ReadAction\",\"target\":[\"https:\\\/\\\/contactfm72.fr\\\/?p=19575\"]}]},{\"@type\":\"ImageObject\",\"inLanguage\":\"fr-FR\",\"@id\":\"https:\\\/\\\/contactfm72.fr\\\/?p=19575#primaryimage\",\"url\":\"https:\\\/\\\/contactfm72.fr\\\/wp-content\\\/uploads\\\/2025\\\/06\\\/nhbv.jpg\",\"contentUrl\":\"https:\\\/\\\/contactfm72.fr\\\/wp-content\\\/uploads\\\/2025\\\/06\\\/nhbv.jpg\",\"width\":2016,\"height\":1512},{\"@type\":\"BreadcrumbList\",\"@id\":\"https:\\\/\\\/contactfm72.fr\\\/?p=19575#breadcrumb\",\"itemListElement\":[{\"@type\":\"ListItem\",\"position\":1,\"name\":\"Accueil\",\"item\":\"https:\\\/\\\/contactfm72.fr\\\/\"},{\"@type\":\"ListItem\",\"position\":2,\"name\":\"Vanessa Castel &#8211; La multi-entrepreneuse sort son premier livre\"}]},{\"@type\":\"WebSite\",\"@id\":\"https:\\\/\\\/contactfm72.fr\\\/#website\",\"url\":\"https:\\\/\\\/contactfm72.fr\\\/\",\"name\":\"Contact FM 99.3\",\"description\":\"Votre radio en vall\u00e9e du Loir\",\"publisher\":{\"@id\":\"https:\\\/\\\/contactfm72.fr\\\/#organization\"},\"potentialAction\":[{\"@type\":\"SearchAction\",\"target\":{\"@type\":\"EntryPoint\",\"urlTemplate\":\"https:\\\/\\\/contactfm72.fr\\\/?s={search_term_string}\"},\"query-input\":{\"@type\":\"PropertyValueSpecification\",\"valueRequired\":true,\"valueName\":\"search_term_string\"}}],\"inLanguage\":\"fr-FR\"},{\"@type\":\"Organization\",\"@id\":\"https:\\\/\\\/contactfm72.fr\\\/#organization\",\"name\":\"Contact FM 99.3\",\"url\":\"https:\\\/\\\/contactfm72.fr\\\/\",\"logo\":{\"@type\":\"ImageObject\",\"inLanguage\":\"fr-FR\",\"@id\":\"https:\\\/\\\/contactfm72.fr\\\/#\\\/schema\\\/logo\\\/image\\\/\",\"url\":\"https:\\\/\\\/contactfm72.fr\\\/wp-content\\\/uploads\\\/2025\\\/04\\\/2025-04-18-2.jpg\",\"contentUrl\":\"https:\\\/\\\/contactfm72.fr\\\/wp-content\\\/uploads\\\/2025\\\/04\\\/2025-04-18-2.jpg\",\"width\":680,\"height\":307,\"caption\":\"Contact FM 99.3\"},\"image\":{\"@id\":\"https:\\\/\\\/contactfm72.fr\\\/#\\\/schema\\\/logo\\\/image\\\/\"},\"sameAs\":[\"https:\\\/\\\/www.facebook.com\\\/Contactfm.Chateauduloir\",\"https:\\\/\\\/x.com\\\/contactfm72\",\"https:\\\/\\\/www.instagram.com\\\/contact.fm.72?igsh=cGhlMHQ5N2JlNnpp\",\"https:\\\/\\\/www.tiktok.com\\\/@contact.fm\"]},{\"@type\":\"Person\",\"@id\":\"https:\\\/\\\/contactfm72.fr\\\/#\\\/schema\\\/person\\\/d2ef09cdea7331b185acaddc4d14dda8\",\"name\":\"redaction2@contactfm72.fr\",\"image\":{\"@type\":\"ImageObject\",\"inLanguage\":\"fr-FR\",\"@id\":\"https:\\\/\\\/secure.gravatar.com\\\/avatar\\\/897f3d57289c1f4c62cade1c2606ba6ded18d5f1676845e668a9f21cb751c06b?s=96&d=mm&r=g\",\"url\":\"https:\\\/\\\/secure.gravatar.com\\\/avatar\\\/897f3d57289c1f4c62cade1c2606ba6ded18d5f1676845e668a9f21cb751c06b?s=96&d=mm&r=g\",\"contentUrl\":\"https:\\\/\\\/secure.gravatar.com\\\/avatar\\\/897f3d57289c1f4c62cade1c2606ba6ded18d5f1676845e668a9f21cb751c06b?s=96&d=mm&r=g\",\"caption\":\"redaction2@contactfm72.fr\"},\"url\":\"https:\\\/\\\/contactfm72.fr\\\/?author=5\"}]}<\/script>\n<!-- \/ Yoast SEO plugin. -->","yoast_head_json":{"title":"Vanessa Castel - La multi-entrepreneuse sort son premier livre - Contact FM 99.3","description":"\"Elle refusait d'entrer dans une case\"Vanessa Castel a d\u00e9j\u00e0 eu 1000 vies, responsable des ressources humaines, associ\u00e9e-g\u00e9rante d'un gite, fondatrice de Miel Citron et aujourd'hui, directrice de \"Solar Wrap 72\". V\u00e9ritable \u00e9lectron libre, curieuse d'exp\u00e9riences, de rencontres, elle sort son premier livre \"Un jour je volerai disait le papillon\". Elle raconte son histoire sans d\u00e9tour, son voyage en Inde et ce qui l'a motive aujourd'hui \u00e0 cr\u00e9er de nouveaux projets.\u00a0Son histoire est \u00e0 retrouver dans le magazine mensuel \"Si on parlait d'elles\" le vendredi 6 juin \u00e0 12h30 et le jeudi 12 juin \u00e0 17h30.","robots":{"index":"index","follow":"follow","max-snippet":"max-snippet:-1","max-image-preview":"max-image-preview:large","max-video-preview":"max-video-preview:-1"},"canonical":"https:\/\/contactfm72.fr\/?p=19575","og_locale":"fr_FR","og_type":"article","og_title":"Vanessa Castel - La multi-entrepreneuse sort son premier livre - Contact FM 99.3","og_description":"\"Elle refusait d'entrer dans une case\"Vanessa Castel a d\u00e9j\u00e0 eu 1000 vies, responsable des ressources humaines, associ\u00e9e-g\u00e9rante d'un gite, fondatrice de Miel Citron et aujourd'hui, directrice de \"Solar Wrap 72\". V\u00e9ritable \u00e9lectron libre, curieuse d'exp\u00e9riences, de rencontres, elle sort son premier livre \"Un jour je volerai disait le papillon\". Elle raconte son histoire sans d\u00e9tour, son voyage en Inde et ce qui l'a motive aujourd'hui \u00e0 cr\u00e9er de nouveaux projets.\u00a0Son histoire est \u00e0 retrouver dans le magazine mensuel \"Si on parlait d'elles\" le vendredi 6 juin \u00e0 12h30 et le jeudi 12 juin \u00e0 17h30.","og_url":"https:\/\/contactfm72.fr\/?p=19575","og_site_name":"Contact FM 99.3","article_publisher":"https:\/\/www.facebook.com\/Contactfm.Chateauduloir","article_published_time":"2025-06-06T08:36:57+00:00","article_modified_time":"2025-06-06T08:53:26+00:00","og_image":[{"width":2016,"height":1512,"url":"http:\/\/contactfm72.fr\/wp-content\/uploads\/2025\/06\/nhbv.jpg","type":"image\/jpeg"}],"author":"redaction2@contactfm72.fr","twitter_card":"summary_large_image","twitter_creator":"@contactfm72","twitter_site":"@contactfm72","twitter_misc":{"\u00c9crit par":"redaction2@contactfm72.fr","Dur\u00e9e de lecture estim\u00e9e":"1 minute"},"schema":{"@context":"https:\/\/schema.org","@graph":[{"@type":"Article","@id":"https:\/\/contactfm72.fr\/?p=19575#article","isPartOf":{"@id":"https:\/\/contactfm72.fr\/?p=19575"},"author":{"name":"redaction2@contactfm72.fr","@id":"https:\/\/contactfm72.fr\/#\/schema\/person\/d2ef09cdea7331b185acaddc4d14dda8"},"headline":"Vanessa Castel &#8211; La multi-entrepreneuse sort son premier livre","datePublished":"2025-06-06T08:36:57+00:00","dateModified":"2025-06-06T08:53:26+00:00","mainEntityOfPage":{"@id":"https:\/\/contactfm72.fr\/?p=19575"},"wordCount":115,"publisher":{"@id":"https:\/\/contactfm72.fr\/#organization"},"image":{"@id":"https:\/\/contactfm72.fr\/?p=19575#primaryimage"},"thumbnailUrl":"https:\/\/contactfm72.fr\/wp-content\/uploads\/2025\/06\/nhbv.jpg","articleSection":["Contact FM 72","Si on parlait d'elles"],"inLanguage":"fr-FR"},{"@type":"WebPage","@id":"https:\/\/contactfm72.fr\/?p=19575","url":"https:\/\/contactfm72.fr\/?p=19575","name":"Vanessa Castel - La multi-entrepreneuse sort son premier livre - Contact FM 99.3","isPartOf":{"@id":"https:\/\/contactfm72.fr\/#website"},"primaryImageOfPage":{"@id":"https:\/\/contactfm72.fr\/?p=19575#primaryimage"},"image":{"@id":"https:\/\/contactfm72.fr\/?p=19575#primaryimage"},"thumbnailUrl":"https:\/\/contactfm72.fr\/wp-content\/uploads\/2025\/06\/nhbv.jpg","datePublished":"2025-06-06T08:36:57+00:00","dateModified":"2025-06-06T08:53:26+00:00","description":"\"Elle refusait d'entrer dans une case\"Vanessa Castel a d\u00e9j\u00e0 eu 1000 vies, responsable des ressources humaines, associ\u00e9e-g\u00e9rante d'un gite, fondatrice de Miel Citron et aujourd'hui, directrice de \"Solar Wrap 72\". V\u00e9ritable \u00e9lectron libre, curieuse d'exp\u00e9riences, de rencontres, elle sort son premier livre \"Un jour je volerai disait le papillon\". Elle raconte son histoire sans d\u00e9tour, son voyage en Inde et ce qui l'a motive aujourd'hui \u00e0 cr\u00e9er de nouveaux projets.\u00a0Son histoire est \u00e0 retrouver dans le magazine mensuel \"Si on parlait d'elles\" le vendredi 6 juin \u00e0 12h30 et le jeudi 12 juin \u00e0 17h30.","breadcrumb":{"@id":"https:\/\/contactfm72.fr\/?p=19575#breadcrumb"},"inLanguage":"fr-FR","potentialAction":[{"@type":"ReadAction","target":["https:\/\/contactfm72.fr\/?p=19575"]}]},{"@type":"ImageObject","inLanguage":"fr-FR","@id":"https:\/\/contactfm72.fr\/?p=19575#primaryimage","url":"https:\/\/contactfm72.fr\/wp-content\/uploads\/2025\/06\/nhbv.jpg","contentUrl":"https:\/\/contactfm72.fr\/wp-content\/uploads\/2025\/06\/nhbv.jpg","width":2016,"height":1512},{"@type":"BreadcrumbList","@id":"https:\/\/contactfm72.fr\/?p=19575#breadcrumb","itemListElement":[{"@type":"ListItem","position":1,"name":"Accueil","item":"https:\/\/contactfm72.fr\/"},{"@type":"ListItem","position":2,"name":"Vanessa Castel &#8211; La multi-entrepreneuse sort son premier livre"}]},{"@type":"WebSite","@id":"https:\/\/contactfm72.fr\/#website","url":"https:\/\/contactfm72.fr\/","name":"Contact FM 99.3","description":"Votre radio en vall\u00e9e du Loir","publisher":{"@id":"https:\/\/contactfm72.fr\/#organization"},"potentialAction":[{"@type":"SearchAction","target":{"@type":"EntryPoint","urlTemplate":"https:\/\/contactfm72.fr\/?s={search_term_string}"},"query-input":{"@type":"PropertyValueSpecification","valueRequired":true,"valueName":"search_term_string"}}],"inLanguage":"fr-FR"},{"@type":"Organization","@id":"https:\/\/contactfm72.fr\/#organization","name":"Contact FM 99.3","url":"https:\/\/contactfm72.fr\/","logo":{"@type":"ImageObject","inLanguage":"fr-FR","@id":"https:\/\/contactfm72.fr\/#\/schema\/logo\/image\/","url":"https:\/\/contactfm72.fr\/wp-content\/uploads\/2025\/04\/2025-04-18-2.jpg","contentUrl":"https:\/\/contactfm72.fr\/wp-content\/uploads\/2025\/04\/2025-04-18-2.jpg","width":680,"height":307,"caption":"Contact FM 99.3"},"image":{"@id":"https:\/\/contactfm72.fr\/#\/schema\/logo\/image\/"},"sameAs":["https:\/\/www.facebook.com\/Contactfm.Chateauduloir","https:\/\/x.com\/contactfm72","https:\/\/www.instagram.com\/contact.fm.72?igsh=cGhlMHQ5N2JlNnpp","https:\/\/www.tiktok.com\/@contact.fm"]},{"@type":"Person","@id":"https:\/\/contactfm72.fr\/#\/schema\/person\/d2ef09cdea7331b185acaddc4d14dda8","name":"redaction2@contactfm72.fr","image":{"@type":"ImageObject","inLanguage":"fr-FR","@id":"https:\/\/secure.gravatar.com\/avatar\/897f3d57289c1f4c62cade1c2606ba6ded18d5f1676845e668a9f21cb751c06b?s=96&d=mm&r=g","url":"https:\/\/secure.gravatar.com\/avatar\/897f3d57289c1f4c62cade1c2606ba6ded18d5f1676845e668a9f21cb751c06b?s=96&d=mm&r=g","contentUrl":"https:\/\/secure.gravatar.com\/avatar\/897f3d57289c1f4c62cade1c2606ba6ded18d5f1676845e668a9f21cb751c06b?s=96&d=mm&r=g","caption":"redaction2@contactfm72.fr"},"url":"https:\/\/contactfm72.fr\/?author=5"}]}},"_links":{"self":[{"href":"https:\/\/contactfm72.fr\/index.php?rest_route=\/wp\/v2\/posts\/19575","targetHints":{"allow":["GET"]}}],"collection":[{"href":"https:\/\/contactfm72.fr\/index.php?rest_route=\/wp\/v2\/posts"}],"about":[{"href":"https:\/\/contactfm72.fr\/index.php?rest_route=\/wp\/v2\/types\/post"}],"author":[{"embeddable":true,"href":"https:\/\/contactfm72.fr\/index.php?rest_route=\/wp\/v2\/users\/5"}],"replies":[{"embeddable":true,"href":"https:\/\/contactfm72.fr\/index.php?rest_route=%2Fwp%2Fv2%2Fcomments&post=19575"}],"version-history":[{"count":3,"href":"https:\/\/contactfm72.fr\/index.php?rest_route=\/wp\/v2\/posts\/19575\/revisions"}],"predecessor-version":[{"id":19581,"href":"https:\/\/contactfm72.fr\/index.php?rest_route=\/wp\/v2\/posts\/19575\/revisions\/19581"}],"wp:featuredmedia":[{"embeddable":true,"href":"https:\/\/contactfm72.fr\/index.php?rest_route=\/wp\/v2\/media\/19576"}],"wp:attachment":[{"href":"https:\/\/contactfm72.fr\/index.php?rest_route=%2Fwp%2Fv2%2Fmedia&parent=19575"}],"wp:term":[{"taxonomy":"category","embeddable":true,"href":"https:\/\/contactfm72.fr\/index.php?rest_route=%2Fwp%2Fv2%2Fcategories&post=19575"},{"taxonomy":"post_tag","embeddable":true,"href":"https:\/\/contactfm72.fr\/index.php?rest_route=%2Fwp%2Fv2%2Ftags&post=19575"}],"curies":[{"name":"wp","href":"https:\/\/api.w.org\/{rel}","templated":true}]}}