{"id":19570,"date":"2025-06-05T16:30:49","date_gmt":"2025-06-05T14:30:49","guid":{"rendered":"https:\/\/contactfm72.fr\/?p=19570"},"modified":"2025-06-06T07:35:03","modified_gmt":"2025-06-06T05:35:03","slug":"100-ans-de-vins-de-famille-et-de-passion-le-domaine-de-cezin-celebre-son-centenaire","status":"publish","type":"post","link":"https:\/\/contactfm72.fr\/?p=19570","title":{"rendered":"100 ans de vins, de famille et de passion : le Domaine de C\u00e9zin c\u00e9l\u00e8bre son centenaire !"},"content":{"rendered":"<p>Un jour de 1925&#8230; le domaine de C\u00e9zin a vu le jour !<\/p>\n<p>Direction Mar\u00e7on o\u00f9 une f\u00eate se pr\u00e9pare. Du samedi 7 au lundi 9 juin de 10h \u00e0 19h, la famille Fresneau s&#8217;appr\u00eate \u00e0 recevoir du monde avec la c\u00e9l\u00e9bration des 100 ans du domaine familiale. Au programme : des visites des vignes, des concerts, des d\u00e9gustations (avec mod\u00e9ration) et surtout la rencontre de passionn\u00e9(e)s voulant partager leur app\u00e9tence au patrimoine culinaire et viticole.<\/p>\n<p>Pour parler de ces portes ouvertes et des 100 ans du domaine de C\u00e9zin, Amandine Fresneau, viticultrice et co-g\u00e9rante du domaine, est dans &#8220;L&#8217;interview du jour&#8221; le jeudi 5 juin \u00e0 18h, le vendredi 6 juin \u00e0 13h, le samedi 7 juin \u00e0 14h et le dimanche 8 juin \u00e0 11h.<\/p>\n<div id=\"audioigniter-283\" class=\"audioigniter-root \" data-player-type=\"full\" data-tracks-url=\"https:\/\/contactfm72.fr\/?audioigniter_playlist_id=283\" data-display-track-no=\"false\" data-reverse-track-order=\"false\" data-display-tracklist-covers=\"false\" data-display-active-cover=\"false\" data-display-artist-names=\"false\" data-display-buy-buttons=\"true\" data-buy-buttons-target=\"false\" data-cycle-tracks=\"false\" data-display-credits=\"false\" data-display-tracklist=\"true\" data-allow-tracklist-toggle=\"false\" data-allow-tracklist-loop=\"true\" data-limit-tracklist-height=\"true\" data-volume=\"100\" data-tracklist-height=\"185\" data-allow-track-loop=\"false\" ><\/div>\n<p>&nbsp;<\/p>\n<!-- AddThis Advanced Settings generic via filter on the_content --><!-- AddThis Share Buttons generic via filter on the_content -->","protected":false},"excerpt":{"rendered":"<p>Un jour de 1925&#8230; le domaine de C\u00e9zin a vu le jour ! Direction Mar\u00e7on o\u00f9 une f\u00eate se pr\u00e9pare. Du samedi 7 au lundi 9 juin de 10h \u00e0 19h, la famille Fresneau s&#8217;appr\u00eate \u00e0 recevoir du monde avec la c\u00e9l\u00e9bration des 100 ans du domaine familiale. Au programme : des visites des vignes,&hellip;<!-- AddThis Advanced Settings generic via filter on get_the_excerpt --><!-- AddThis Share Buttons generic via filter on get_the_excerpt --><\/p>\n","protected":false},"author":5,"featured_media":19571,"comment_status":"closed","ping_status":"open","sticky":false,"template":"","format":"standard","meta":{"footnotes":""},"categories":[1,5],"tags":[],"class_list":["post-19570","post","type-post","status-publish","format-standard","has-post-thumbnail","hentry","category-contact-fm-72","category-linterview-du-jour","category-1","category-5","description-off"],"yoast_head":"<!-- This site is optimized with the Yoast SEO plugin v27.4 - https:\/\/yoast.com\/product\/yoast-seo-wordpress\/ -->\n<title>100 ans de vins, de famille et de passion : le Domaine de C\u00e9zin c\u00e9l\u00e8bre son centenaire ! - Contact FM 99.3<\/title>\n<meta name=\"description\" content=\"Un jour de 1925... le domaine de C\u00e9zin a vu le jour !\u00a0Direction Mar\u00e7on o\u00f9 une f\u00eate se pr\u00e9pare, pendant trois jours, la famille Fresneau s&#039;appr\u00eate \u00e0 recevoir du monde avec la c\u00e9l\u00e9bration des 100 ans du domaine familiale. Au programme, des visites des vignes, des concerts, des d\u00e9gustations (avec mod\u00e9ration) et surtout la rencontre de passionn\u00e9(e)s voulant partager leur app\u00e9tence au patrimoine culinaire et viticole.\u00a0Pour parler de ces portes ouvertes et des 100 ans du domaine de C\u00e9zin, Amandine Fresneau, viticultrice et co-g\u00e9rante du domaine est dans &quot;L&#039;interview du jour&quot; le jeudi 5 juin \u00e0 18h, le vendredi 6 juin \u00e0 13h, le samedi 7 juin \u00e0 14h et le dimanche 8 juin \u00e0 11h.\" \/>\n<meta name=\"robots\" content=\"index, follow, max-snippet:-1, max-image-preview:large, max-video-preview:-1\" \/>\n<link rel=\"canonical\" href=\"https:\/\/contactfm72.fr\/?p=19570\" \/>\n<meta property=\"og:locale\" content=\"fr_FR\" \/>\n<meta property=\"og:type\" content=\"article\" \/>\n<meta property=\"og:title\" content=\"100 ans de vins, de famille et de passion : le Domaine de C\u00e9zin c\u00e9l\u00e8bre son centenaire ! - Contact FM 99.3\" \/>\n<meta property=\"og:description\" content=\"Un jour de 1925... le domaine de C\u00e9zin a vu le jour !\u00a0Direction Mar\u00e7on o\u00f9 une f\u00eate se pr\u00e9pare, pendant trois jours, la famille Fresneau s&#039;appr\u00eate \u00e0 recevoir du monde avec la c\u00e9l\u00e9bration des 100 ans du domaine familiale. Au programme, des visites des vignes, des concerts, des d\u00e9gustations (avec mod\u00e9ration) et surtout la rencontre de passionn\u00e9(e)s voulant partager leur app\u00e9tence au patrimoine culinaire et viticole.\u00a0Pour parler de ces portes ouvertes et des 100 ans du domaine de C\u00e9zin, Amandine Fresneau, viticultrice et co-g\u00e9rante du domaine est dans &quot;L&#039;interview du jour&quot; le jeudi 5 juin \u00e0 18h, le vendredi 6 juin \u00e0 13h, le samedi 7 juin \u00e0 14h et le dimanche 8 juin \u00e0 11h.\" \/>\n<meta property=\"og:url\" content=\"https:\/\/contactfm72.fr\/?p=19570\" \/>\n<meta property=\"og:site_name\" content=\"Contact FM 99.3\" \/>\n<meta property=\"article:publisher\" content=\"https:\/\/www.facebook.com\/Contactfm.Chateauduloir\" \/>\n<meta property=\"article:published_time\" content=\"2025-06-05T14:30:49+00:00\" \/>\n<meta property=\"article:modified_time\" content=\"2025-06-06T05:35:03+00:00\" \/>\n<meta property=\"og:image\" content=\"http:\/\/contactfm72.fr\/wp-content\/uploads\/2025\/06\/cxv.jpg\" \/>\n\t<meta property=\"og:image:width\" content=\"2016\" \/>\n\t<meta property=\"og:image:height\" content=\"1512\" \/>\n\t<meta property=\"og:image:type\" content=\"image\/jpeg\" \/>\n<meta name=\"author\" content=\"redaction2@contactfm72.fr\" \/>\n<meta name=\"twitter:card\" content=\"summary_large_image\" \/>\n<meta name=\"twitter:creator\" content=\"@contactfm72\" \/>\n<meta name=\"twitter:site\" content=\"@contactfm72\" \/>\n<meta name=\"twitter:label1\" content=\"\u00c9crit par\" \/>\n\t<meta name=\"twitter:data1\" content=\"redaction2@contactfm72.fr\" \/>\n\t<meta name=\"twitter:label2\" content=\"Dur\u00e9e de lecture estim\u00e9e\" \/>\n\t<meta name=\"twitter:data2\" content=\"1 minute\" \/>\n<script type=\"application\/ld+json\" class=\"yoast-schema-graph\">{\"@context\":\"https:\\\/\\\/schema.org\",\"@graph\":[{\"@type\":\"Article\",\"@id\":\"https:\\\/\\\/contactfm72.fr\\\/?p=19570#article\",\"isPartOf\":{\"@id\":\"https:\\\/\\\/contactfm72.fr\\\/?p=19570\"},\"author\":{\"name\":\"redaction2@contactfm72.fr\",\"@id\":\"https:\\\/\\\/contactfm72.fr\\\/#\\\/schema\\\/person\\\/d2ef09cdea7331b185acaddc4d14dda8\"},\"headline\":\"100 ans de vins, de famille et de passion : le Domaine de C\u00e9zin c\u00e9l\u00e8bre son centenaire !\",\"datePublished\":\"2025-06-05T14:30:49+00:00\",\"dateModified\":\"2025-06-06T05:35:03+00:00\",\"mainEntityOfPage\":{\"@id\":\"https:\\\/\\\/contactfm72.fr\\\/?p=19570\"},\"wordCount\":148,\"publisher\":{\"@id\":\"https:\\\/\\\/contactfm72.fr\\\/#organization\"},\"image\":{\"@id\":\"https:\\\/\\\/contactfm72.fr\\\/?p=19570#primaryimage\"},\"thumbnailUrl\":\"https:\\\/\\\/contactfm72.fr\\\/wp-content\\\/uploads\\\/2025\\\/06\\\/cxv.jpg\",\"articleSection\":[\"Contact FM 72\",\"L'interview du jour\"],\"inLanguage\":\"fr-FR\"},{\"@type\":\"WebPage\",\"@id\":\"https:\\\/\\\/contactfm72.fr\\\/?p=19570\",\"url\":\"https:\\\/\\\/contactfm72.fr\\\/?p=19570\",\"name\":\"100 ans de vins, de famille et de passion : le Domaine de C\u00e9zin c\u00e9l\u00e8bre son centenaire ! - Contact FM 99.3\",\"isPartOf\":{\"@id\":\"https:\\\/\\\/contactfm72.fr\\\/#website\"},\"primaryImageOfPage\":{\"@id\":\"https:\\\/\\\/contactfm72.fr\\\/?p=19570#primaryimage\"},\"image\":{\"@id\":\"https:\\\/\\\/contactfm72.fr\\\/?p=19570#primaryimage\"},\"thumbnailUrl\":\"https:\\\/\\\/contactfm72.fr\\\/wp-content\\\/uploads\\\/2025\\\/06\\\/cxv.jpg\",\"datePublished\":\"2025-06-05T14:30:49+00:00\",\"dateModified\":\"2025-06-06T05:35:03+00:00\",\"description\":\"Un jour de 1925... le domaine de C\u00e9zin a vu le jour !\u00a0Direction Mar\u00e7on o\u00f9 une f\u00eate se pr\u00e9pare, pendant trois jours, la famille Fresneau s'appr\u00eate \u00e0 recevoir du monde avec la c\u00e9l\u00e9bration des 100 ans du domaine familiale. Au programme, des visites des vignes, des concerts, des d\u00e9gustations (avec mod\u00e9ration) et surtout la rencontre de passionn\u00e9(e)s voulant partager leur app\u00e9tence au patrimoine culinaire et viticole.\u00a0Pour parler de ces portes ouvertes et des 100 ans du domaine de C\u00e9zin, Amandine Fresneau, viticultrice et co-g\u00e9rante du domaine est dans \\\"L'interview du jour\\\" le jeudi 5 juin \u00e0 18h, le vendredi 6 juin \u00e0 13h, le samedi 7 juin \u00e0 14h et le dimanche 8 juin \u00e0 11h.\",\"breadcrumb\":{\"@id\":\"https:\\\/\\\/contactfm72.fr\\\/?p=19570#breadcrumb\"},\"inLanguage\":\"fr-FR\",\"potentialAction\":[{\"@type\":\"ReadAction\",\"target\":[\"https:\\\/\\\/contactfm72.fr\\\/?p=19570\"]}]},{\"@type\":\"ImageObject\",\"inLanguage\":\"fr-FR\",\"@id\":\"https:\\\/\\\/contactfm72.fr\\\/?p=19570#primaryimage\",\"url\":\"https:\\\/\\\/contactfm72.fr\\\/wp-content\\\/uploads\\\/2025\\\/06\\\/cxv.jpg\",\"contentUrl\":\"https:\\\/\\\/contactfm72.fr\\\/wp-content\\\/uploads\\\/2025\\\/06\\\/cxv.jpg\",\"width\":2016,\"height\":1512},{\"@type\":\"BreadcrumbList\",\"@id\":\"https:\\\/\\\/contactfm72.fr\\\/?p=19570#breadcrumb\",\"itemListElement\":[{\"@type\":\"ListItem\",\"position\":1,\"name\":\"Accueil\",\"item\":\"https:\\\/\\\/contactfm72.fr\\\/\"},{\"@type\":\"ListItem\",\"position\":2,\"name\":\"100 ans de vins, de famille et de passion : le Domaine de C\u00e9zin c\u00e9l\u00e8bre son centenaire !\"}]},{\"@type\":\"WebSite\",\"@id\":\"https:\\\/\\\/contactfm72.fr\\\/#website\",\"url\":\"https:\\\/\\\/contactfm72.fr\\\/\",\"name\":\"Contact FM 99.3\",\"description\":\"Votre radio en vall\u00e9e du Loir\",\"publisher\":{\"@id\":\"https:\\\/\\\/contactfm72.fr\\\/#organization\"},\"potentialAction\":[{\"@type\":\"SearchAction\",\"target\":{\"@type\":\"EntryPoint\",\"urlTemplate\":\"https:\\\/\\\/contactfm72.fr\\\/?s={search_term_string}\"},\"query-input\":{\"@type\":\"PropertyValueSpecification\",\"valueRequired\":true,\"valueName\":\"search_term_string\"}}],\"inLanguage\":\"fr-FR\"},{\"@type\":\"Organization\",\"@id\":\"https:\\\/\\\/contactfm72.fr\\\/#organization\",\"name\":\"Contact FM 99.3\",\"url\":\"https:\\\/\\\/contactfm72.fr\\\/\",\"logo\":{\"@type\":\"ImageObject\",\"inLanguage\":\"fr-FR\",\"@id\":\"https:\\\/\\\/contactfm72.fr\\\/#\\\/schema\\\/logo\\\/image\\\/\",\"url\":\"https:\\\/\\\/contactfm72.fr\\\/wp-content\\\/uploads\\\/2025\\\/04\\\/2025-04-18-2.jpg\",\"contentUrl\":\"https:\\\/\\\/contactfm72.fr\\\/wp-content\\\/uploads\\\/2025\\\/04\\\/2025-04-18-2.jpg\",\"width\":680,\"height\":307,\"caption\":\"Contact FM 99.3\"},\"image\":{\"@id\":\"https:\\\/\\\/contactfm72.fr\\\/#\\\/schema\\\/logo\\\/image\\\/\"},\"sameAs\":[\"https:\\\/\\\/www.facebook.com\\\/Contactfm.Chateauduloir\",\"https:\\\/\\\/x.com\\\/contactfm72\",\"https:\\\/\\\/www.instagram.com\\\/contact.fm.72?igsh=cGhlMHQ5N2JlNnpp\",\"https:\\\/\\\/www.tiktok.com\\\/@contact.fm\"]},{\"@type\":\"Person\",\"@id\":\"https:\\\/\\\/contactfm72.fr\\\/#\\\/schema\\\/person\\\/d2ef09cdea7331b185acaddc4d14dda8\",\"name\":\"redaction2@contactfm72.fr\",\"image\":{\"@type\":\"ImageObject\",\"inLanguage\":\"fr-FR\",\"@id\":\"https:\\\/\\\/secure.gravatar.com\\\/avatar\\\/897f3d57289c1f4c62cade1c2606ba6ded18d5f1676845e668a9f21cb751c06b?s=96&d=mm&r=g\",\"url\":\"https:\\\/\\\/secure.gravatar.com\\\/avatar\\\/897f3d57289c1f4c62cade1c2606ba6ded18d5f1676845e668a9f21cb751c06b?s=96&d=mm&r=g\",\"contentUrl\":\"https:\\\/\\\/secure.gravatar.com\\\/avatar\\\/897f3d57289c1f4c62cade1c2606ba6ded18d5f1676845e668a9f21cb751c06b?s=96&d=mm&r=g\",\"caption\":\"redaction2@contactfm72.fr\"},\"url\":\"https:\\\/\\\/contactfm72.fr\\\/?author=5\"}]}<\/script>\n<!-- \/ Yoast SEO plugin. -->","yoast_head_json":{"title":"100 ans de vins, de famille et de passion : le Domaine de C\u00e9zin c\u00e9l\u00e8bre son centenaire ! - Contact FM 99.3","description":"Un jour de 1925... le domaine de C\u00e9zin a vu le jour !\u00a0Direction Mar\u00e7on o\u00f9 une f\u00eate se pr\u00e9pare, pendant trois jours, la famille Fresneau s'appr\u00eate \u00e0 recevoir du monde avec la c\u00e9l\u00e9bration des 100 ans du domaine familiale. Au programme, des visites des vignes, des concerts, des d\u00e9gustations (avec mod\u00e9ration) et surtout la rencontre de passionn\u00e9(e)s voulant partager leur app\u00e9tence au patrimoine culinaire et viticole.\u00a0Pour parler de ces portes ouvertes et des 100 ans du domaine de C\u00e9zin, Amandine Fresneau, viticultrice et co-g\u00e9rante du domaine est dans \"L'interview du jour\" le jeudi 5 juin \u00e0 18h, le vendredi 6 juin \u00e0 13h, le samedi 7 juin \u00e0 14h et le dimanche 8 juin \u00e0 11h.","robots":{"index":"index","follow":"follow","max-snippet":"max-snippet:-1","max-image-preview":"max-image-preview:large","max-video-preview":"max-video-preview:-1"},"canonical":"https:\/\/contactfm72.fr\/?p=19570","og_locale":"fr_FR","og_type":"article","og_title":"100 ans de vins, de famille et de passion : le Domaine de C\u00e9zin c\u00e9l\u00e8bre son centenaire ! - Contact FM 99.3","og_description":"Un jour de 1925... le domaine de C\u00e9zin a vu le jour !\u00a0Direction Mar\u00e7on o\u00f9 une f\u00eate se pr\u00e9pare, pendant trois jours, la famille Fresneau s'appr\u00eate \u00e0 recevoir du monde avec la c\u00e9l\u00e9bration des 100 ans du domaine familiale. Au programme, des visites des vignes, des concerts, des d\u00e9gustations (avec mod\u00e9ration) et surtout la rencontre de passionn\u00e9(e)s voulant partager leur app\u00e9tence au patrimoine culinaire et viticole.\u00a0Pour parler de ces portes ouvertes et des 100 ans du domaine de C\u00e9zin, Amandine Fresneau, viticultrice et co-g\u00e9rante du domaine est dans \"L'interview du jour\" le jeudi 5 juin \u00e0 18h, le vendredi 6 juin \u00e0 13h, le samedi 7 juin \u00e0 14h et le dimanche 8 juin \u00e0 11h.","og_url":"https:\/\/contactfm72.fr\/?p=19570","og_site_name":"Contact FM 99.3","article_publisher":"https:\/\/www.facebook.com\/Contactfm.Chateauduloir","article_published_time":"2025-06-05T14:30:49+00:00","article_modified_time":"2025-06-06T05:35:03+00:00","og_image":[{"width":2016,"height":1512,"url":"http:\/\/contactfm72.fr\/wp-content\/uploads\/2025\/06\/cxv.jpg","type":"image\/jpeg"}],"author":"redaction2@contactfm72.fr","twitter_card":"summary_large_image","twitter_creator":"@contactfm72","twitter_site":"@contactfm72","twitter_misc":{"\u00c9crit par":"redaction2@contactfm72.fr","Dur\u00e9e de lecture estim\u00e9e":"1 minute"},"schema":{"@context":"https:\/\/schema.org","@graph":[{"@type":"Article","@id":"https:\/\/contactfm72.fr\/?p=19570#article","isPartOf":{"@id":"https:\/\/contactfm72.fr\/?p=19570"},"author":{"name":"redaction2@contactfm72.fr","@id":"https:\/\/contactfm72.fr\/#\/schema\/person\/d2ef09cdea7331b185acaddc4d14dda8"},"headline":"100 ans de vins, de famille et de passion : le Domaine de C\u00e9zin c\u00e9l\u00e8bre son centenaire !","datePublished":"2025-06-05T14:30:49+00:00","dateModified":"2025-06-06T05:35:03+00:00","mainEntityOfPage":{"@id":"https:\/\/contactfm72.fr\/?p=19570"},"wordCount":148,"publisher":{"@id":"https:\/\/contactfm72.fr\/#organization"},"image":{"@id":"https:\/\/contactfm72.fr\/?p=19570#primaryimage"},"thumbnailUrl":"https:\/\/contactfm72.fr\/wp-content\/uploads\/2025\/06\/cxv.jpg","articleSection":["Contact FM 72","L'interview du jour"],"inLanguage":"fr-FR"},{"@type":"WebPage","@id":"https:\/\/contactfm72.fr\/?p=19570","url":"https:\/\/contactfm72.fr\/?p=19570","name":"100 ans de vins, de famille et de passion : le Domaine de C\u00e9zin c\u00e9l\u00e8bre son centenaire ! - Contact FM 99.3","isPartOf":{"@id":"https:\/\/contactfm72.fr\/#website"},"primaryImageOfPage":{"@id":"https:\/\/contactfm72.fr\/?p=19570#primaryimage"},"image":{"@id":"https:\/\/contactfm72.fr\/?p=19570#primaryimage"},"thumbnailUrl":"https:\/\/contactfm72.fr\/wp-content\/uploads\/2025\/06\/cxv.jpg","datePublished":"2025-06-05T14:30:49+00:00","dateModified":"2025-06-06T05:35:03+00:00","description":"Un jour de 1925... le domaine de C\u00e9zin a vu le jour !\u00a0Direction Mar\u00e7on o\u00f9 une f\u00eate se pr\u00e9pare, pendant trois jours, la famille Fresneau s'appr\u00eate \u00e0 recevoir du monde avec la c\u00e9l\u00e9bration des 100 ans du domaine familiale. Au programme, des visites des vignes, des concerts, des d\u00e9gustations (avec mod\u00e9ration) et surtout la rencontre de passionn\u00e9(e)s voulant partager leur app\u00e9tence au patrimoine culinaire et viticole.\u00a0Pour parler de ces portes ouvertes et des 100 ans du domaine de C\u00e9zin, Amandine Fresneau, viticultrice et co-g\u00e9rante du domaine est dans \"L'interview du jour\" le jeudi 5 juin \u00e0 18h, le vendredi 6 juin \u00e0 13h, le samedi 7 juin \u00e0 14h et le dimanche 8 juin \u00e0 11h.","breadcrumb":{"@id":"https:\/\/contactfm72.fr\/?p=19570#breadcrumb"},"inLanguage":"fr-FR","potentialAction":[{"@type":"ReadAction","target":["https:\/\/contactfm72.fr\/?p=19570"]}]},{"@type":"ImageObject","inLanguage":"fr-FR","@id":"https:\/\/contactfm72.fr\/?p=19570#primaryimage","url":"https:\/\/contactfm72.fr\/wp-content\/uploads\/2025\/06\/cxv.jpg","contentUrl":"https:\/\/contactfm72.fr\/wp-content\/uploads\/2025\/06\/cxv.jpg","width":2016,"height":1512},{"@type":"BreadcrumbList","@id":"https:\/\/contactfm72.fr\/?p=19570#breadcrumb","itemListElement":[{"@type":"ListItem","position":1,"name":"Accueil","item":"https:\/\/contactfm72.fr\/"},{"@type":"ListItem","position":2,"name":"100 ans de vins, de famille et de passion : le Domaine de C\u00e9zin c\u00e9l\u00e8bre son centenaire !"}]},{"@type":"WebSite","@id":"https:\/\/contactfm72.fr\/#website","url":"https:\/\/contactfm72.fr\/","name":"Contact FM 99.3","description":"Votre radio en vall\u00e9e du Loir","publisher":{"@id":"https:\/\/contactfm72.fr\/#organization"},"potentialAction":[{"@type":"SearchAction","target":{"@type":"EntryPoint","urlTemplate":"https:\/\/contactfm72.fr\/?s={search_term_string}"},"query-input":{"@type":"PropertyValueSpecification","valueRequired":true,"valueName":"search_term_string"}}],"inLanguage":"fr-FR"},{"@type":"Organization","@id":"https:\/\/contactfm72.fr\/#organization","name":"Contact FM 99.3","url":"https:\/\/contactfm72.fr\/","logo":{"@type":"ImageObject","inLanguage":"fr-FR","@id":"https:\/\/contactfm72.fr\/#\/schema\/logo\/image\/","url":"https:\/\/contactfm72.fr\/wp-content\/uploads\/2025\/04\/2025-04-18-2.jpg","contentUrl":"https:\/\/contactfm72.fr\/wp-content\/uploads\/2025\/04\/2025-04-18-2.jpg","width":680,"height":307,"caption":"Contact FM 99.3"},"image":{"@id":"https:\/\/contactfm72.fr\/#\/schema\/logo\/image\/"},"sameAs":["https:\/\/www.facebook.com\/Contactfm.Chateauduloir","https:\/\/x.com\/contactfm72","https:\/\/www.instagram.com\/contact.fm.72?igsh=cGhlMHQ5N2JlNnpp","https:\/\/www.tiktok.com\/@contact.fm"]},{"@type":"Person","@id":"https:\/\/contactfm72.fr\/#\/schema\/person\/d2ef09cdea7331b185acaddc4d14dda8","name":"redaction2@contactfm72.fr","image":{"@type":"ImageObject","inLanguage":"fr-FR","@id":"https:\/\/secure.gravatar.com\/avatar\/897f3d57289c1f4c62cade1c2606ba6ded18d5f1676845e668a9f21cb751c06b?s=96&d=mm&r=g","url":"https:\/\/secure.gravatar.com\/avatar\/897f3d57289c1f4c62cade1c2606ba6ded18d5f1676845e668a9f21cb751c06b?s=96&d=mm&r=g","contentUrl":"https:\/\/secure.gravatar.com\/avatar\/897f3d57289c1f4c62cade1c2606ba6ded18d5f1676845e668a9f21cb751c06b?s=96&d=mm&r=g","caption":"redaction2@contactfm72.fr"},"url":"https:\/\/contactfm72.fr\/?author=5"}]}},"_links":{"self":[{"href":"https:\/\/contactfm72.fr\/index.php?rest_route=\/wp\/v2\/posts\/19570","targetHints":{"allow":["GET"]}}],"collection":[{"href":"https:\/\/contactfm72.fr\/index.php?rest_route=\/wp\/v2\/posts"}],"about":[{"href":"https:\/\/contactfm72.fr\/index.php?rest_route=\/wp\/v2\/types\/post"}],"author":[{"embeddable":true,"href":"https:\/\/contactfm72.fr\/index.php?rest_route=\/wp\/v2\/users\/5"}],"replies":[{"embeddable":true,"href":"https:\/\/contactfm72.fr\/index.php?rest_route=%2Fwp%2Fv2%2Fcomments&post=19570"}],"version-history":[{"count":3,"href":"https:\/\/contactfm72.fr\/index.php?rest_route=\/wp\/v2\/posts\/19570\/revisions"}],"predecessor-version":[{"id":19574,"href":"https:\/\/contactfm72.fr\/index.php?rest_route=\/wp\/v2\/posts\/19570\/revisions\/19574"}],"wp:featuredmedia":[{"embeddable":true,"href":"https:\/\/contactfm72.fr\/index.php?rest_route=\/wp\/v2\/media\/19571"}],"wp:attachment":[{"href":"https:\/\/contactfm72.fr\/index.php?rest_route=%2Fwp%2Fv2%2Fmedia&parent=19570"}],"wp:term":[{"taxonomy":"category","embeddable":true,"href":"https:\/\/contactfm72.fr\/index.php?rest_route=%2Fwp%2Fv2%2Fcategories&post=19570"},{"taxonomy":"post_tag","embeddable":true,"href":"https:\/\/contactfm72.fr\/index.php?rest_route=%2Fwp%2Fv2%2Ftags&post=19570"}],"curies":[{"name":"wp","href":"https:\/\/api.w.org\/{rel}","templated":true}]}}