{"id":19558,"date":"2025-06-05T10:30:15","date_gmt":"2025-06-05T08:30:15","guid":{"rendered":"https:\/\/contactfm72.fr\/?p=19558"},"modified":"2025-06-05T08:25:03","modified_gmt":"2025-06-05T06:25:03","slug":"a-vos-livres-prets-lisez-la-fete-du-livre-revient-le-9-juillet","status":"publish","type":"post","link":"https:\/\/contactfm72.fr\/?p=19558","title":{"rendered":"\u00c0 vos livres, pr\u00eats, lisez ! La F\u00eate du Livre revient le 9 juillet en Sud Sarthe"},"content":{"rendered":"<p>Qu&#8217;est-ce qui est pr\u00e9vu pour la f\u00eate ?<\/p>\n<p>Camille B\u00e9nard, du r\u00e9seau des biblioth\u00e8ques de la c<span class=\"xv78j7m\" spellcheck=\"false\">ommunaut\u00e9 de communes Sud Sarthe<\/span> \u201cOdyss\u00e9e\u201d, nous pr\u00e9pare pour les vacances une s\u00e9lection de livres en rapport avec l&#8217;\u00e9v\u00e9nement attendu qui marquera le d\u00e9but de l&#8217;\u00e9t\u00e9 &#8220;La F\u00eate du livre&#8221; qui aura lieu mercredi 9 juillet, ainsi qu&#8217;un concours de marque page qui aura lieu tout l&#8217;\u00e9t\u00e9.<\/p>\n<p><img decoding=\"async\" class=\"emoji\" role=\"img\" draggable=\"false\" src=\"https:\/\/s.w.org\/images\/core\/emoji\/15.0.3\/svg\/1f4d5.svg\" alt=\"\ud83d\udcd5\" \/> Le livre Pop-Up :\u00a0Il est fou ce loup !<\/p>\n<p><img decoding=\"async\" class=\"emoji\" role=\"img\" draggable=\"false\" src=\"https:\/\/s.w.org\/images\/core\/emoji\/15.0.3\/svg\/1f4d8.svg\" alt=\"\ud83d\udcd8\" \/> La BD : C&#8217;est une urgence<\/p>\n<p>\ud83d\udcd7 Le comics : Parias<\/p>\n<p>Tout ce beau programme est \u00e0 d\u00e9couvrir dans le magazine \u201cDes livres et vous\u201d le jeudi 4 juin \u00e0 12h30 et le lundi 9 juin \u00e0 12h30.<\/p>\n<div id=\"audioigniter-292\" class=\"audioigniter-root \" data-player-type=\"full\" data-tracks-url=\"https:\/\/contactfm72.fr\/?audioigniter_playlist_id=292\" data-display-track-no=\"false\" data-reverse-track-order=\"false\" data-display-tracklist-covers=\"false\" data-display-active-cover=\"false\" data-display-artist-names=\"false\" data-display-buy-buttons=\"true\" data-buy-buttons-target=\"false\" data-cycle-tracks=\"false\" data-display-credits=\"false\" data-display-tracklist=\"true\" data-allow-tracklist-toggle=\"true\" data-allow-tracklist-loop=\"true\" data-limit-tracklist-height=\"true\" data-volume=\"100\" data-tracklist-height=\"185\" data-allow-track-loop=\"false\" ><\/div>\n<!-- AddThis Advanced Settings generic via filter on the_content --><!-- AddThis Share Buttons generic via filter on the_content -->","protected":false},"excerpt":{"rendered":"<p>Qu&#8217;est-ce qui est pr\u00e9vu pour la f\u00eate ? Camille B\u00e9nard, du r\u00e9seau des biblioth\u00e8ques de la communaut\u00e9 de communes Sud Sarthe \u201cOdyss\u00e9e\u201d, nous pr\u00e9pare pour les vacances une s\u00e9lection de livres en rapport avec l&#8217;\u00e9v\u00e9nement attendu qui marquera le d\u00e9but de l&#8217;\u00e9t\u00e9 &#8220;La F\u00eate du livre&#8221; qui aura lieu mercredi 9 juillet, ainsi qu&#8217;un concours&hellip;<!-- AddThis Advanced Settings generic via filter on get_the_excerpt --><!-- AddThis Share Buttons generic via filter on get_the_excerpt --><\/p>\n","protected":false},"author":5,"featured_media":19559,"comment_status":"closed","ping_status":"open","sticky":false,"template":"","format":"standard","meta":{"footnotes":""},"categories":[1,20],"tags":[],"class_list":["post-19558","post","type-post","status-publish","format-standard","has-post-thumbnail","hentry","category-contact-fm-72","category-des-livres-et-vous","category-1","category-20","description-off"],"yoast_head":"<!-- This site is optimized with the Yoast SEO plugin v27.4 - https:\/\/yoast.com\/product\/yoast-seo-wordpress\/ -->\n<title>\u00c0 vos livres, pr\u00eats, lisez ! La F\u00eate du Livre revient le 9 juillet en Sud Sarthe - Contact FM 99.3<\/title>\n<meta name=\"description\" content=\"Qu&#039;est-ce qui est pr\u00e9vu pour la f\u00eate du livre dans la communaut\u00e9 de communes &quot;Sud-Sarthe ?Camille B\u00e9nard, du r\u00e9seau des biblioth\u00e8ques de la\u00a0Communaut\u00e9 de Communes Sud Sarthe \u201cOdyss\u00e9e\u201d nous pr\u00e9pare pour les vacances d&#039;\u00e9t\u00e9 avec sa s\u00e9lection de livres en rapport avec l&#039;\u00e9v\u00e9nement attendu qui marquera le d\u00e9but de l&#039;\u00e9t\u00e9 &quot;La F\u00eate du livre&quot; qui aura lieu le mercredi 9 juillet ainsi qu&#039;un concours de marque page qui aura lieu tout l&#039;\u00e9t\u00e9. Le livre Pop-Up :\u00a0Il est fou ce loup !\u00a0 La BD : C&#039;est une urgence\u00a0\ud83d\udcd7 Le Comics : Parias\u00a0Tout ce beau programme est \u00e0 d\u00e9couvrir dans le magazine\u00a0 \u201cDes livres et vous\u201d le jeudi 4 juin \u00e0 12h30 et le lundi 9 avril \u00e0 12h30.\" \/>\n<meta name=\"robots\" content=\"index, follow, max-snippet:-1, max-image-preview:large, max-video-preview:-1\" \/>\n<link rel=\"canonical\" href=\"https:\/\/contactfm72.fr\/?p=19558\" \/>\n<meta property=\"og:locale\" content=\"fr_FR\" \/>\n<meta property=\"og:type\" content=\"article\" \/>\n<meta property=\"og:title\" content=\"\u00c0 vos livres, pr\u00eats, lisez ! La F\u00eate du Livre revient le 9 juillet en Sud Sarthe - Contact FM 99.3\" \/>\n<meta property=\"og:description\" content=\"Qu&#039;est-ce qui est pr\u00e9vu pour la f\u00eate du livre dans la communaut\u00e9 de communes &quot;Sud-Sarthe ?Camille B\u00e9nard, du r\u00e9seau des biblioth\u00e8ques de la\u00a0Communaut\u00e9 de Communes Sud Sarthe \u201cOdyss\u00e9e\u201d nous pr\u00e9pare pour les vacances d&#039;\u00e9t\u00e9 avec sa s\u00e9lection de livres en rapport avec l&#039;\u00e9v\u00e9nement attendu qui marquera le d\u00e9but de l&#039;\u00e9t\u00e9 &quot;La F\u00eate du livre&quot; qui aura lieu le mercredi 9 juillet ainsi qu&#039;un concours de marque page qui aura lieu tout l&#039;\u00e9t\u00e9. Le livre Pop-Up :\u00a0Il est fou ce loup !\u00a0 La BD : C&#039;est une urgence\u00a0\ud83d\udcd7 Le Comics : Parias\u00a0Tout ce beau programme est \u00e0 d\u00e9couvrir dans le magazine\u00a0 \u201cDes livres et vous\u201d le jeudi 4 juin \u00e0 12h30 et le lundi 9 avril \u00e0 12h30.\" \/>\n<meta property=\"og:url\" content=\"https:\/\/contactfm72.fr\/?p=19558\" \/>\n<meta property=\"og:site_name\" content=\"Contact FM 99.3\" \/>\n<meta property=\"article:publisher\" content=\"https:\/\/www.facebook.com\/Contactfm.Chateauduloir\" \/>\n<meta property=\"article:published_time\" content=\"2025-06-05T08:30:15+00:00\" \/>\n<meta property=\"og:image\" content=\"https:\/\/contactfm72.fr\/wp-content\/uploads\/2025\/06\/Visuel-Contact-FM-2.jpg\" \/>\n\t<meta property=\"og:image:width\" content=\"2016\" \/>\n\t<meta property=\"og:image:height\" content=\"1512\" \/>\n\t<meta property=\"og:image:type\" content=\"image\/jpeg\" \/>\n<meta name=\"author\" content=\"redaction2@contactfm72.fr\" \/>\n<meta name=\"twitter:card\" content=\"summary_large_image\" \/>\n<meta name=\"twitter:creator\" content=\"@contactfm72\" \/>\n<meta name=\"twitter:site\" content=\"@contactfm72\" \/>\n<meta name=\"twitter:label1\" content=\"\u00c9crit par\" \/>\n\t<meta name=\"twitter:data1\" content=\"redaction2@contactfm72.fr\" \/>\n\t<meta name=\"twitter:label2\" content=\"Dur\u00e9e de lecture estim\u00e9e\" \/>\n\t<meta name=\"twitter:data2\" content=\"2 minutes\" \/>\n<script type=\"application\/ld+json\" class=\"yoast-schema-graph\">{\"@context\":\"https:\\\/\\\/schema.org\",\"@graph\":[{\"@type\":\"Article\",\"@id\":\"https:\\\/\\\/contactfm72.fr\\\/?p=19558#article\",\"isPartOf\":{\"@id\":\"https:\\\/\\\/contactfm72.fr\\\/?p=19558\"},\"author\":{\"name\":\"redaction2@contactfm72.fr\",\"@id\":\"https:\\\/\\\/contactfm72.fr\\\/#\\\/schema\\\/person\\\/d2ef09cdea7331b185acaddc4d14dda8\"},\"headline\":\"\u00c0 vos livres, pr\u00eats, lisez ! La F\u00eate du Livre revient le 9 juillet en Sud Sarthe\",\"datePublished\":\"2025-06-05T08:30:15+00:00\",\"mainEntityOfPage\":{\"@id\":\"https:\\\/\\\/contactfm72.fr\\\/?p=19558\"},\"wordCount\":136,\"publisher\":{\"@id\":\"https:\\\/\\\/contactfm72.fr\\\/#organization\"},\"image\":{\"@id\":\"https:\\\/\\\/contactfm72.fr\\\/?p=19558#primaryimage\"},\"thumbnailUrl\":\"https:\\\/\\\/contactfm72.fr\\\/wp-content\\\/uploads\\\/2025\\\/06\\\/Visuel-Contact-FM-2.jpg\",\"articleSection\":[\"Contact FM 72\",\"Des livres et vous\"],\"inLanguage\":\"fr-FR\"},{\"@type\":\"WebPage\",\"@id\":\"https:\\\/\\\/contactfm72.fr\\\/?p=19558\",\"url\":\"https:\\\/\\\/contactfm72.fr\\\/?p=19558\",\"name\":\"\u00c0 vos livres, pr\u00eats, lisez ! La F\u00eate du Livre revient le 9 juillet en Sud Sarthe - Contact FM 99.3\",\"isPartOf\":{\"@id\":\"https:\\\/\\\/contactfm72.fr\\\/#website\"},\"primaryImageOfPage\":{\"@id\":\"https:\\\/\\\/contactfm72.fr\\\/?p=19558#primaryimage\"},\"image\":{\"@id\":\"https:\\\/\\\/contactfm72.fr\\\/?p=19558#primaryimage\"},\"thumbnailUrl\":\"https:\\\/\\\/contactfm72.fr\\\/wp-content\\\/uploads\\\/2025\\\/06\\\/Visuel-Contact-FM-2.jpg\",\"datePublished\":\"2025-06-05T08:30:15+00:00\",\"description\":\"Qu'est-ce qui est pr\u00e9vu pour la f\u00eate du livre dans la communaut\u00e9 de communes \\\"Sud-Sarthe ?Camille B\u00e9nard, du r\u00e9seau des biblioth\u00e8ques de la\u00a0Communaut\u00e9 de Communes Sud Sarthe \u201cOdyss\u00e9e\u201d nous pr\u00e9pare pour les vacances d'\u00e9t\u00e9 avec sa s\u00e9lection de livres en rapport avec l'\u00e9v\u00e9nement attendu qui marquera le d\u00e9but de l'\u00e9t\u00e9 \\\"La F\u00eate du livre\\\" qui aura lieu le mercredi 9 juillet ainsi qu'un concours de marque page qui aura lieu tout l'\u00e9t\u00e9. Le livre Pop-Up :\u00a0Il est fou ce loup !\u00a0 La BD : C'est une urgence\u00a0\ud83d\udcd7 Le Comics : Parias\u00a0Tout ce beau programme est \u00e0 d\u00e9couvrir dans le magazine\u00a0 \u201cDes livres et vous\u201d le jeudi 4 juin \u00e0 12h30 et le lundi 9 avril \u00e0 12h30.\",\"breadcrumb\":{\"@id\":\"https:\\\/\\\/contactfm72.fr\\\/?p=19558#breadcrumb\"},\"inLanguage\":\"fr-FR\",\"potentialAction\":[{\"@type\":\"ReadAction\",\"target\":[\"https:\\\/\\\/contactfm72.fr\\\/?p=19558\"]}]},{\"@type\":\"ImageObject\",\"inLanguage\":\"fr-FR\",\"@id\":\"https:\\\/\\\/contactfm72.fr\\\/?p=19558#primaryimage\",\"url\":\"https:\\\/\\\/contactfm72.fr\\\/wp-content\\\/uploads\\\/2025\\\/06\\\/Visuel-Contact-FM-2.jpg\",\"contentUrl\":\"https:\\\/\\\/contactfm72.fr\\\/wp-content\\\/uploads\\\/2025\\\/06\\\/Visuel-Contact-FM-2.jpg\",\"width\":2016,\"height\":1512},{\"@type\":\"BreadcrumbList\",\"@id\":\"https:\\\/\\\/contactfm72.fr\\\/?p=19558#breadcrumb\",\"itemListElement\":[{\"@type\":\"ListItem\",\"position\":1,\"name\":\"Accueil\",\"item\":\"https:\\\/\\\/contactfm72.fr\\\/\"},{\"@type\":\"ListItem\",\"position\":2,\"name\":\"\u00c0 vos livres, pr\u00eats, lisez ! La F\u00eate du Livre revient le 9 juillet en Sud Sarthe\"}]},{\"@type\":\"WebSite\",\"@id\":\"https:\\\/\\\/contactfm72.fr\\\/#website\",\"url\":\"https:\\\/\\\/contactfm72.fr\\\/\",\"name\":\"Contact FM 99.3\",\"description\":\"Votre radio en vall\u00e9e du Loir\",\"publisher\":{\"@id\":\"https:\\\/\\\/contactfm72.fr\\\/#organization\"},\"potentialAction\":[{\"@type\":\"SearchAction\",\"target\":{\"@type\":\"EntryPoint\",\"urlTemplate\":\"https:\\\/\\\/contactfm72.fr\\\/?s={search_term_string}\"},\"query-input\":{\"@type\":\"PropertyValueSpecification\",\"valueRequired\":true,\"valueName\":\"search_term_string\"}}],\"inLanguage\":\"fr-FR\"},{\"@type\":\"Organization\",\"@id\":\"https:\\\/\\\/contactfm72.fr\\\/#organization\",\"name\":\"Contact FM 99.3\",\"url\":\"https:\\\/\\\/contactfm72.fr\\\/\",\"logo\":{\"@type\":\"ImageObject\",\"inLanguage\":\"fr-FR\",\"@id\":\"https:\\\/\\\/contactfm72.fr\\\/#\\\/schema\\\/logo\\\/image\\\/\",\"url\":\"https:\\\/\\\/contactfm72.fr\\\/wp-content\\\/uploads\\\/2025\\\/04\\\/2025-04-18-2.jpg\",\"contentUrl\":\"https:\\\/\\\/contactfm72.fr\\\/wp-content\\\/uploads\\\/2025\\\/04\\\/2025-04-18-2.jpg\",\"width\":680,\"height\":307,\"caption\":\"Contact FM 99.3\"},\"image\":{\"@id\":\"https:\\\/\\\/contactfm72.fr\\\/#\\\/schema\\\/logo\\\/image\\\/\"},\"sameAs\":[\"https:\\\/\\\/www.facebook.com\\\/Contactfm.Chateauduloir\",\"https:\\\/\\\/x.com\\\/contactfm72\",\"https:\\\/\\\/www.instagram.com\\\/contact.fm.72?igsh=cGhlMHQ5N2JlNnpp\",\"https:\\\/\\\/www.tiktok.com\\\/@contact.fm\"]},{\"@type\":\"Person\",\"@id\":\"https:\\\/\\\/contactfm72.fr\\\/#\\\/schema\\\/person\\\/d2ef09cdea7331b185acaddc4d14dda8\",\"name\":\"redaction2@contactfm72.fr\",\"image\":{\"@type\":\"ImageObject\",\"inLanguage\":\"fr-FR\",\"@id\":\"https:\\\/\\\/secure.gravatar.com\\\/avatar\\\/897f3d57289c1f4c62cade1c2606ba6ded18d5f1676845e668a9f21cb751c06b?s=96&d=mm&r=g\",\"url\":\"https:\\\/\\\/secure.gravatar.com\\\/avatar\\\/897f3d57289c1f4c62cade1c2606ba6ded18d5f1676845e668a9f21cb751c06b?s=96&d=mm&r=g\",\"contentUrl\":\"https:\\\/\\\/secure.gravatar.com\\\/avatar\\\/897f3d57289c1f4c62cade1c2606ba6ded18d5f1676845e668a9f21cb751c06b?s=96&d=mm&r=g\",\"caption\":\"redaction2@contactfm72.fr\"},\"url\":\"https:\\\/\\\/contactfm72.fr\\\/?author=5\"}]}<\/script>\n<!-- \/ Yoast SEO plugin. -->","yoast_head_json":{"title":"\u00c0 vos livres, pr\u00eats, lisez ! La F\u00eate du Livre revient le 9 juillet en Sud Sarthe - Contact FM 99.3","description":"Qu'est-ce qui est pr\u00e9vu pour la f\u00eate du livre dans la communaut\u00e9 de communes \"Sud-Sarthe ?Camille B\u00e9nard, du r\u00e9seau des biblioth\u00e8ques de la\u00a0Communaut\u00e9 de Communes Sud Sarthe \u201cOdyss\u00e9e\u201d nous pr\u00e9pare pour les vacances d'\u00e9t\u00e9 avec sa s\u00e9lection de livres en rapport avec l'\u00e9v\u00e9nement attendu qui marquera le d\u00e9but de l'\u00e9t\u00e9 \"La F\u00eate du livre\" qui aura lieu le mercredi 9 juillet ainsi qu'un concours de marque page qui aura lieu tout l'\u00e9t\u00e9. Le livre Pop-Up :\u00a0Il est fou ce loup !\u00a0 La BD : C'est une urgence\u00a0\ud83d\udcd7 Le Comics : Parias\u00a0Tout ce beau programme est \u00e0 d\u00e9couvrir dans le magazine\u00a0 \u201cDes livres et vous\u201d le jeudi 4 juin \u00e0 12h30 et le lundi 9 avril \u00e0 12h30.","robots":{"index":"index","follow":"follow","max-snippet":"max-snippet:-1","max-image-preview":"max-image-preview:large","max-video-preview":"max-video-preview:-1"},"canonical":"https:\/\/contactfm72.fr\/?p=19558","og_locale":"fr_FR","og_type":"article","og_title":"\u00c0 vos livres, pr\u00eats, lisez ! La F\u00eate du Livre revient le 9 juillet en Sud Sarthe - Contact FM 99.3","og_description":"Qu'est-ce qui est pr\u00e9vu pour la f\u00eate du livre dans la communaut\u00e9 de communes \"Sud-Sarthe ?Camille B\u00e9nard, du r\u00e9seau des biblioth\u00e8ques de la\u00a0Communaut\u00e9 de Communes Sud Sarthe \u201cOdyss\u00e9e\u201d nous pr\u00e9pare pour les vacances d'\u00e9t\u00e9 avec sa s\u00e9lection de livres en rapport avec l'\u00e9v\u00e9nement attendu qui marquera le d\u00e9but de l'\u00e9t\u00e9 \"La F\u00eate du livre\" qui aura lieu le mercredi 9 juillet ainsi qu'un concours de marque page qui aura lieu tout l'\u00e9t\u00e9. Le livre Pop-Up :\u00a0Il est fou ce loup !\u00a0 La BD : C'est une urgence\u00a0\ud83d\udcd7 Le Comics : Parias\u00a0Tout ce beau programme est \u00e0 d\u00e9couvrir dans le magazine\u00a0 \u201cDes livres et vous\u201d le jeudi 4 juin \u00e0 12h30 et le lundi 9 avril \u00e0 12h30.","og_url":"https:\/\/contactfm72.fr\/?p=19558","og_site_name":"Contact FM 99.3","article_publisher":"https:\/\/www.facebook.com\/Contactfm.Chateauduloir","article_published_time":"2025-06-05T08:30:15+00:00","og_image":[{"width":2016,"height":1512,"url":"https:\/\/contactfm72.fr\/wp-content\/uploads\/2025\/06\/Visuel-Contact-FM-2.jpg","type":"image\/jpeg"}],"author":"redaction2@contactfm72.fr","twitter_card":"summary_large_image","twitter_creator":"@contactfm72","twitter_site":"@contactfm72","twitter_misc":{"\u00c9crit par":"redaction2@contactfm72.fr","Dur\u00e9e de lecture estim\u00e9e":"2 minutes"},"schema":{"@context":"https:\/\/schema.org","@graph":[{"@type":"Article","@id":"https:\/\/contactfm72.fr\/?p=19558#article","isPartOf":{"@id":"https:\/\/contactfm72.fr\/?p=19558"},"author":{"name":"redaction2@contactfm72.fr","@id":"https:\/\/contactfm72.fr\/#\/schema\/person\/d2ef09cdea7331b185acaddc4d14dda8"},"headline":"\u00c0 vos livres, pr\u00eats, lisez ! La F\u00eate du Livre revient le 9 juillet en Sud Sarthe","datePublished":"2025-06-05T08:30:15+00:00","mainEntityOfPage":{"@id":"https:\/\/contactfm72.fr\/?p=19558"},"wordCount":136,"publisher":{"@id":"https:\/\/contactfm72.fr\/#organization"},"image":{"@id":"https:\/\/contactfm72.fr\/?p=19558#primaryimage"},"thumbnailUrl":"https:\/\/contactfm72.fr\/wp-content\/uploads\/2025\/06\/Visuel-Contact-FM-2.jpg","articleSection":["Contact FM 72","Des livres et vous"],"inLanguage":"fr-FR"},{"@type":"WebPage","@id":"https:\/\/contactfm72.fr\/?p=19558","url":"https:\/\/contactfm72.fr\/?p=19558","name":"\u00c0 vos livres, pr\u00eats, lisez ! La F\u00eate du Livre revient le 9 juillet en Sud Sarthe - Contact FM 99.3","isPartOf":{"@id":"https:\/\/contactfm72.fr\/#website"},"primaryImageOfPage":{"@id":"https:\/\/contactfm72.fr\/?p=19558#primaryimage"},"image":{"@id":"https:\/\/contactfm72.fr\/?p=19558#primaryimage"},"thumbnailUrl":"https:\/\/contactfm72.fr\/wp-content\/uploads\/2025\/06\/Visuel-Contact-FM-2.jpg","datePublished":"2025-06-05T08:30:15+00:00","description":"Qu'est-ce qui est pr\u00e9vu pour la f\u00eate du livre dans la communaut\u00e9 de communes \"Sud-Sarthe ?Camille B\u00e9nard, du r\u00e9seau des biblioth\u00e8ques de la\u00a0Communaut\u00e9 de Communes Sud Sarthe \u201cOdyss\u00e9e\u201d nous pr\u00e9pare pour les vacances d'\u00e9t\u00e9 avec sa s\u00e9lection de livres en rapport avec l'\u00e9v\u00e9nement attendu qui marquera le d\u00e9but de l'\u00e9t\u00e9 \"La F\u00eate du livre\" qui aura lieu le mercredi 9 juillet ainsi qu'un concours de marque page qui aura lieu tout l'\u00e9t\u00e9. Le livre Pop-Up :\u00a0Il est fou ce loup !\u00a0 La BD : C'est une urgence\u00a0\ud83d\udcd7 Le Comics : Parias\u00a0Tout ce beau programme est \u00e0 d\u00e9couvrir dans le magazine\u00a0 \u201cDes livres et vous\u201d le jeudi 4 juin \u00e0 12h30 et le lundi 9 avril \u00e0 12h30.","breadcrumb":{"@id":"https:\/\/contactfm72.fr\/?p=19558#breadcrumb"},"inLanguage":"fr-FR","potentialAction":[{"@type":"ReadAction","target":["https:\/\/contactfm72.fr\/?p=19558"]}]},{"@type":"ImageObject","inLanguage":"fr-FR","@id":"https:\/\/contactfm72.fr\/?p=19558#primaryimage","url":"https:\/\/contactfm72.fr\/wp-content\/uploads\/2025\/06\/Visuel-Contact-FM-2.jpg","contentUrl":"https:\/\/contactfm72.fr\/wp-content\/uploads\/2025\/06\/Visuel-Contact-FM-2.jpg","width":2016,"height":1512},{"@type":"BreadcrumbList","@id":"https:\/\/contactfm72.fr\/?p=19558#breadcrumb","itemListElement":[{"@type":"ListItem","position":1,"name":"Accueil","item":"https:\/\/contactfm72.fr\/"},{"@type":"ListItem","position":2,"name":"\u00c0 vos livres, pr\u00eats, lisez ! La F\u00eate du Livre revient le 9 juillet en Sud Sarthe"}]},{"@type":"WebSite","@id":"https:\/\/contactfm72.fr\/#website","url":"https:\/\/contactfm72.fr\/","name":"Contact FM 99.3","description":"Votre radio en vall\u00e9e du Loir","publisher":{"@id":"https:\/\/contactfm72.fr\/#organization"},"potentialAction":[{"@type":"SearchAction","target":{"@type":"EntryPoint","urlTemplate":"https:\/\/contactfm72.fr\/?s={search_term_string}"},"query-input":{"@type":"PropertyValueSpecification","valueRequired":true,"valueName":"search_term_string"}}],"inLanguage":"fr-FR"},{"@type":"Organization","@id":"https:\/\/contactfm72.fr\/#organization","name":"Contact FM 99.3","url":"https:\/\/contactfm72.fr\/","logo":{"@type":"ImageObject","inLanguage":"fr-FR","@id":"https:\/\/contactfm72.fr\/#\/schema\/logo\/image\/","url":"https:\/\/contactfm72.fr\/wp-content\/uploads\/2025\/04\/2025-04-18-2.jpg","contentUrl":"https:\/\/contactfm72.fr\/wp-content\/uploads\/2025\/04\/2025-04-18-2.jpg","width":680,"height":307,"caption":"Contact FM 99.3"},"image":{"@id":"https:\/\/contactfm72.fr\/#\/schema\/logo\/image\/"},"sameAs":["https:\/\/www.facebook.com\/Contactfm.Chateauduloir","https:\/\/x.com\/contactfm72","https:\/\/www.instagram.com\/contact.fm.72?igsh=cGhlMHQ5N2JlNnpp","https:\/\/www.tiktok.com\/@contact.fm"]},{"@type":"Person","@id":"https:\/\/contactfm72.fr\/#\/schema\/person\/d2ef09cdea7331b185acaddc4d14dda8","name":"redaction2@contactfm72.fr","image":{"@type":"ImageObject","inLanguage":"fr-FR","@id":"https:\/\/secure.gravatar.com\/avatar\/897f3d57289c1f4c62cade1c2606ba6ded18d5f1676845e668a9f21cb751c06b?s=96&d=mm&r=g","url":"https:\/\/secure.gravatar.com\/avatar\/897f3d57289c1f4c62cade1c2606ba6ded18d5f1676845e668a9f21cb751c06b?s=96&d=mm&r=g","contentUrl":"https:\/\/secure.gravatar.com\/avatar\/897f3d57289c1f4c62cade1c2606ba6ded18d5f1676845e668a9f21cb751c06b?s=96&d=mm&r=g","caption":"redaction2@contactfm72.fr"},"url":"https:\/\/contactfm72.fr\/?author=5"}]}},"_links":{"self":[{"href":"https:\/\/contactfm72.fr\/index.php?rest_route=\/wp\/v2\/posts\/19558","targetHints":{"allow":["GET"]}}],"collection":[{"href":"https:\/\/contactfm72.fr\/index.php?rest_route=\/wp\/v2\/posts"}],"about":[{"href":"https:\/\/contactfm72.fr\/index.php?rest_route=\/wp\/v2\/types\/post"}],"author":[{"embeddable":true,"href":"https:\/\/contactfm72.fr\/index.php?rest_route=\/wp\/v2\/users\/5"}],"replies":[{"embeddable":true,"href":"https:\/\/contactfm72.fr\/index.php?rest_route=%2Fwp%2Fv2%2Fcomments&post=19558"}],"version-history":[{"count":5,"href":"https:\/\/contactfm72.fr\/index.php?rest_route=\/wp\/v2\/posts\/19558\/revisions"}],"predecessor-version":[{"id":19568,"href":"https:\/\/contactfm72.fr\/index.php?rest_route=\/wp\/v2\/posts\/19558\/revisions\/19568"}],"wp:featuredmedia":[{"embeddable":true,"href":"https:\/\/contactfm72.fr\/index.php?rest_route=\/wp\/v2\/media\/19559"}],"wp:attachment":[{"href":"https:\/\/contactfm72.fr\/index.php?rest_route=%2Fwp%2Fv2%2Fmedia&parent=19558"}],"wp:term":[{"taxonomy":"category","embeddable":true,"href":"https:\/\/contactfm72.fr\/index.php?rest_route=%2Fwp%2Fv2%2Fcategories&post=19558"},{"taxonomy":"post_tag","embeddable":true,"href":"https:\/\/contactfm72.fr\/index.php?rest_route=%2Fwp%2Fv2%2Ftags&post=19558"}],"curies":[{"name":"wp","href":"https:\/\/api.w.org\/{rel}","templated":true}]}}