{"id":19554,"date":"2025-06-04T17:14:25","date_gmt":"2025-06-04T15:14:25","guid":{"rendered":"https:\/\/contactfm72.fr\/?p=19554"},"modified":"2025-06-05T07:40:01","modified_gmt":"2025-06-05T05:40:01","slug":"voitures-dexception-surprises-au-programme-du-marche-des-24-heures","status":"publish","type":"post","link":"https:\/\/contactfm72.fr\/?p=19554","title":{"rendered":"Voitures d\u2019exception &#038; surprises au programme du March\u00e9 des 24 Heures \u00e0 Montval"},"content":{"rendered":"<p dir=\"ltr\">March\u00e9 des 24 heures confirm\u00e9, rendez-vous le 13 juin.<\/p>\n<p dir=\"ltr\">Apr\u00e8s avoir appris que le nombre d\u2019exposants pour le march\u00e9 des 24 heures serait peut-\u00eatre insuffisant, Martine Blanchard, pr\u00e9sidente du comit\u00e9 des f\u00eates de Montval-sur-Loir a confirm\u00e9 qu\u2019il y aura finalement assez d\u2019exposants pour que l\u2019\u00e9v\u00e9nement ait bel-et-bien lieu le vendredi 13 juin d\u00e8s 16h sur la place de l\u2019H\u00f4tel de ville de la ville.<\/p>\n<p dir=\"ltr\">Au programme : exposition de v\u00e9hicules d\u2019exception, buvette, restauration et parade \u00e0 19h sans oublier quelques surprises. Toutefois, les b\u00e9n\u00e9voles et les exposants sont les bienvenus afin d\u2019agrandir les rangs de la fiert\u00e9 du d\u00e9partement.\u00a0Si vous \u00eates motiv\u00e9s pour l\u2019organisation de l\u2019\u00e9v\u00e9nement, contactez Mme Blanchard au 06 52 45 32 39 ou \u00e0 l\u2019adresse suivante :\u00a0<a href=\"mailto:martineb72500@gmail.com\" target=\"_blank\" rel=\"noopener\">martineb72500@gmail.com<\/a>.<\/p>\n<p dir=\"ltr\">Martine Blanchard est l&#8217;invit\u00e9e de &#8220;L&#8217;interview du jour&#8221; le mercredi 4 juin \u00e0 18h, le jeudi 5 juin \u00e0 13h, le samedi 7 juin \u00e0 14h et le dimanche 8 juin \u00e0 11h.<\/p>\n<p dir=\"ltr\"><div id=\"audioigniter-283\" class=\"audioigniter-root \" data-player-type=\"full\" data-tracks-url=\"https:\/\/contactfm72.fr\/?audioigniter_playlist_id=283\" data-display-track-no=\"false\" data-reverse-track-order=\"false\" data-display-tracklist-covers=\"false\" data-display-active-cover=\"false\" data-display-artist-names=\"false\" data-display-buy-buttons=\"true\" data-buy-buttons-target=\"false\" data-cycle-tracks=\"false\" data-display-credits=\"false\" data-display-tracklist=\"true\" data-allow-tracklist-toggle=\"false\" data-allow-tracklist-loop=\"true\" data-limit-tracklist-height=\"true\" data-volume=\"100\" data-tracklist-height=\"185\" data-allow-track-loop=\"false\" ><\/div>\n<!-- AddThis Advanced Settings generic via filter on the_content --><!-- AddThis Share Buttons generic via filter on the_content -->","protected":false},"excerpt":{"rendered":"<p>March\u00e9 des 24 heures confirm\u00e9, rendez-vous le 13 juin. Apr\u00e8s avoir appris que le nombre d\u2019exposants pour le march\u00e9 des 24 heures serait peut-\u00eatre insuffisant, Martine Blanchard, pr\u00e9sidente du comit\u00e9 des f\u00eates de Montval-sur-Loir a confirm\u00e9 qu\u2019il y aura finalement assez d\u2019exposants pour que l\u2019\u00e9v\u00e9nement ait bel-et-bien lieu le vendredi 13 juin d\u00e8s 16h sur&hellip;<!-- AddThis Advanced Settings generic via filter on get_the_excerpt --><!-- AddThis Share Buttons generic via filter on get_the_excerpt --><\/p>\n","protected":false},"author":5,"featured_media":19555,"comment_status":"closed","ping_status":"open","sticky":false,"template":"","format":"standard","meta":{"footnotes":""},"categories":[1,5],"tags":[],"class_list":["post-19554","post","type-post","status-publish","format-standard","has-post-thumbnail","hentry","category-contact-fm-72","category-linterview-du-jour","category-1","category-5","description-off"],"yoast_head":"<!-- This site is optimized with the Yoast SEO plugin v27.4 - https:\/\/yoast.com\/product\/yoast-seo-wordpress\/ -->\n<title>Voitures d\u2019exception &amp; surprises au programme du March\u00e9 des 24 Heures \u00e0 Montval - Contact FM 99.3<\/title>\n<meta name=\"description\" content=\"March\u00e9 des 24 heures confirm\u00e9, rendez-vous le 13 juin.Apr\u00e8s avoir appris que le nombre d\u2019exposants pour le march\u00e9 des 24 heures serait peut-\u00eatre insuffisant, Martine Blanchard, pr\u00e9sidente du comit\u00e9 des f\u00eates de Montval-sur-Loir a confirm\u00e9 qu\u2019il y aura finalement assez d\u2019exposants pour que l\u2019\u00e9v\u00e9nement ait bel-et-bien lieu le vendredi 13 juin d\u00e8s 16h sur la place de l\u2019H\u00f4tel de ville de la ville.\u00a0Au programme : exposition de v\u00e9hicules d\u2019exception, buvette, restauration et parade \u00e0 19h sans oublier quelques surprises. Toutefois, les b\u00e9n\u00e9voles et les exposants sont les bienvenus afin d\u2019agrandir les rangs de la fiert\u00e9 du d\u00e9partement.\u00a0Si vous \u00eates motiv\u00e9s pour l\u2019organisation de l\u2019\u00e9v\u00e9nement, contactez Mme Blanchard au 06 52 45 32 39 ou \u00e0 l\u2019adresse suivante :\u00a0martineb72500@gmail.com.Martine Blanchard est l&#039;invit\u00e9e de &quot;L&#039;interview du jour&quot; le mercredi 4 juin \u00e0 18h, le jeudi 5 juin \u00e0 13h, le samedi 7 juin \u00e0 14h et le dimanche 8 juin \u00e0 11h.\" \/>\n<meta name=\"robots\" content=\"index, follow, max-snippet:-1, max-image-preview:large, max-video-preview:-1\" \/>\n<link rel=\"canonical\" href=\"https:\/\/contactfm72.fr\/?p=19554\" \/>\n<meta property=\"og:locale\" content=\"fr_FR\" \/>\n<meta property=\"og:type\" content=\"article\" \/>\n<meta property=\"og:title\" content=\"Voitures d\u2019exception &amp; surprises au programme du March\u00e9 des 24 Heures \u00e0 Montval - Contact FM 99.3\" \/>\n<meta property=\"og:description\" content=\"March\u00e9 des 24 heures confirm\u00e9, rendez-vous le 13 juin.Apr\u00e8s avoir appris que le nombre d\u2019exposants pour le march\u00e9 des 24 heures serait peut-\u00eatre insuffisant, Martine Blanchard, pr\u00e9sidente du comit\u00e9 des f\u00eates de Montval-sur-Loir a confirm\u00e9 qu\u2019il y aura finalement assez d\u2019exposants pour que l\u2019\u00e9v\u00e9nement ait bel-et-bien lieu le vendredi 13 juin d\u00e8s 16h sur la place de l\u2019H\u00f4tel de ville de la ville.\u00a0Au programme : exposition de v\u00e9hicules d\u2019exception, buvette, restauration et parade \u00e0 19h sans oublier quelques surprises. Toutefois, les b\u00e9n\u00e9voles et les exposants sont les bienvenus afin d\u2019agrandir les rangs de la fiert\u00e9 du d\u00e9partement.\u00a0Si vous \u00eates motiv\u00e9s pour l\u2019organisation de l\u2019\u00e9v\u00e9nement, contactez Mme Blanchard au 06 52 45 32 39 ou \u00e0 l\u2019adresse suivante :\u00a0martineb72500@gmail.com.Martine Blanchard est l&#039;invit\u00e9e de &quot;L&#039;interview du jour&quot; le mercredi 4 juin \u00e0 18h, le jeudi 5 juin \u00e0 13h, le samedi 7 juin \u00e0 14h et le dimanche 8 juin \u00e0 11h.\" \/>\n<meta property=\"og:url\" content=\"https:\/\/contactfm72.fr\/?p=19554\" \/>\n<meta property=\"og:site_name\" content=\"Contact FM 99.3\" \/>\n<meta property=\"article:publisher\" content=\"https:\/\/www.facebook.com\/Contactfm.Chateauduloir\" \/>\n<meta property=\"article:published_time\" content=\"2025-06-04T15:14:25+00:00\" \/>\n<meta property=\"article:modified_time\" content=\"2025-06-05T05:40:01+00:00\" \/>\n<meta property=\"og:image\" content=\"http:\/\/contactfm72.fr\/wp-content\/uploads\/2025\/06\/hbfgnj.png\" \/>\n\t<meta property=\"og:image:width\" content=\"2016\" \/>\n\t<meta property=\"og:image:height\" content=\"1512\" \/>\n\t<meta property=\"og:image:type\" content=\"image\/png\" \/>\n<meta name=\"author\" content=\"redaction2@contactfm72.fr\" \/>\n<meta name=\"twitter:card\" content=\"summary_large_image\" \/>\n<meta name=\"twitter:creator\" content=\"@contactfm72\" \/>\n<meta name=\"twitter:site\" content=\"@contactfm72\" \/>\n<meta name=\"twitter:label1\" content=\"\u00c9crit par\" \/>\n\t<meta name=\"twitter:data1\" content=\"redaction2@contactfm72.fr\" \/>\n\t<meta name=\"twitter:label2\" content=\"Dur\u00e9e de lecture estim\u00e9e\" \/>\n\t<meta name=\"twitter:data2\" content=\"1 minute\" \/>\n<script type=\"application\/ld+json\" class=\"yoast-schema-graph\">{\"@context\":\"https:\\\/\\\/schema.org\",\"@graph\":[{\"@type\":\"Article\",\"@id\":\"https:\\\/\\\/contactfm72.fr\\\/?p=19554#article\",\"isPartOf\":{\"@id\":\"https:\\\/\\\/contactfm72.fr\\\/?p=19554\"},\"author\":{\"name\":\"redaction2@contactfm72.fr\",\"@id\":\"https:\\\/\\\/contactfm72.fr\\\/#\\\/schema\\\/person\\\/d2ef09cdea7331b185acaddc4d14dda8\"},\"headline\":\"Voitures d\u2019exception &#038; surprises au programme du March\u00e9 des 24 Heures \u00e0 Montval\",\"datePublished\":\"2025-06-04T15:14:25+00:00\",\"dateModified\":\"2025-06-05T05:40:01+00:00\",\"mainEntityOfPage\":{\"@id\":\"https:\\\/\\\/contactfm72.fr\\\/?p=19554\"},\"wordCount\":176,\"publisher\":{\"@id\":\"https:\\\/\\\/contactfm72.fr\\\/#organization\"},\"image\":{\"@id\":\"https:\\\/\\\/contactfm72.fr\\\/?p=19554#primaryimage\"},\"thumbnailUrl\":\"https:\\\/\\\/contactfm72.fr\\\/wp-content\\\/uploads\\\/2025\\\/06\\\/hbfgnj.png\",\"articleSection\":[\"Contact FM 72\",\"L'interview du jour\"],\"inLanguage\":\"fr-FR\"},{\"@type\":\"WebPage\",\"@id\":\"https:\\\/\\\/contactfm72.fr\\\/?p=19554\",\"url\":\"https:\\\/\\\/contactfm72.fr\\\/?p=19554\",\"name\":\"Voitures d\u2019exception & surprises au programme du March\u00e9 des 24 Heures \u00e0 Montval - Contact FM 99.3\",\"isPartOf\":{\"@id\":\"https:\\\/\\\/contactfm72.fr\\\/#website\"},\"primaryImageOfPage\":{\"@id\":\"https:\\\/\\\/contactfm72.fr\\\/?p=19554#primaryimage\"},\"image\":{\"@id\":\"https:\\\/\\\/contactfm72.fr\\\/?p=19554#primaryimage\"},\"thumbnailUrl\":\"https:\\\/\\\/contactfm72.fr\\\/wp-content\\\/uploads\\\/2025\\\/06\\\/hbfgnj.png\",\"datePublished\":\"2025-06-04T15:14:25+00:00\",\"dateModified\":\"2025-06-05T05:40:01+00:00\",\"description\":\"March\u00e9 des 24 heures confirm\u00e9, rendez-vous le 13 juin.Apr\u00e8s avoir appris que le nombre d\u2019exposants pour le march\u00e9 des 24 heures serait peut-\u00eatre insuffisant, Martine Blanchard, pr\u00e9sidente du comit\u00e9 des f\u00eates de Montval-sur-Loir a confirm\u00e9 qu\u2019il y aura finalement assez d\u2019exposants pour que l\u2019\u00e9v\u00e9nement ait bel-et-bien lieu le vendredi 13 juin d\u00e8s 16h sur la place de l\u2019H\u00f4tel de ville de la ville.\u00a0Au programme : exposition de v\u00e9hicules d\u2019exception, buvette, restauration et parade \u00e0 19h sans oublier quelques surprises. Toutefois, les b\u00e9n\u00e9voles et les exposants sont les bienvenus afin d\u2019agrandir les rangs de la fiert\u00e9 du d\u00e9partement.\u00a0Si vous \u00eates motiv\u00e9s pour l\u2019organisation de l\u2019\u00e9v\u00e9nement, contactez Mme Blanchard au 06 52 45 32 39 ou \u00e0 l\u2019adresse suivante :\u00a0martineb72500@gmail.com.Martine Blanchard est l'invit\u00e9e de \\\"L'interview du jour\\\" le mercredi 4 juin \u00e0 18h, le jeudi 5 juin \u00e0 13h, le samedi 7 juin \u00e0 14h et le dimanche 8 juin \u00e0 11h.\",\"breadcrumb\":{\"@id\":\"https:\\\/\\\/contactfm72.fr\\\/?p=19554#breadcrumb\"},\"inLanguage\":\"fr-FR\",\"potentialAction\":[{\"@type\":\"ReadAction\",\"target\":[\"https:\\\/\\\/contactfm72.fr\\\/?p=19554\"]}]},{\"@type\":\"ImageObject\",\"inLanguage\":\"fr-FR\",\"@id\":\"https:\\\/\\\/contactfm72.fr\\\/?p=19554#primaryimage\",\"url\":\"https:\\\/\\\/contactfm72.fr\\\/wp-content\\\/uploads\\\/2025\\\/06\\\/hbfgnj.png\",\"contentUrl\":\"https:\\\/\\\/contactfm72.fr\\\/wp-content\\\/uploads\\\/2025\\\/06\\\/hbfgnj.png\",\"width\":2016,\"height\":1512},{\"@type\":\"BreadcrumbList\",\"@id\":\"https:\\\/\\\/contactfm72.fr\\\/?p=19554#breadcrumb\",\"itemListElement\":[{\"@type\":\"ListItem\",\"position\":1,\"name\":\"Accueil\",\"item\":\"https:\\\/\\\/contactfm72.fr\\\/\"},{\"@type\":\"ListItem\",\"position\":2,\"name\":\"Voitures d\u2019exception &#038; surprises au programme du March\u00e9 des 24 Heures \u00e0 Montval\"}]},{\"@type\":\"WebSite\",\"@id\":\"https:\\\/\\\/contactfm72.fr\\\/#website\",\"url\":\"https:\\\/\\\/contactfm72.fr\\\/\",\"name\":\"Contact FM 99.3\",\"description\":\"Votre radio en vall\u00e9e du Loir\",\"publisher\":{\"@id\":\"https:\\\/\\\/contactfm72.fr\\\/#organization\"},\"potentialAction\":[{\"@type\":\"SearchAction\",\"target\":{\"@type\":\"EntryPoint\",\"urlTemplate\":\"https:\\\/\\\/contactfm72.fr\\\/?s={search_term_string}\"},\"query-input\":{\"@type\":\"PropertyValueSpecification\",\"valueRequired\":true,\"valueName\":\"search_term_string\"}}],\"inLanguage\":\"fr-FR\"},{\"@type\":\"Organization\",\"@id\":\"https:\\\/\\\/contactfm72.fr\\\/#organization\",\"name\":\"Contact FM 99.3\",\"url\":\"https:\\\/\\\/contactfm72.fr\\\/\",\"logo\":{\"@type\":\"ImageObject\",\"inLanguage\":\"fr-FR\",\"@id\":\"https:\\\/\\\/contactfm72.fr\\\/#\\\/schema\\\/logo\\\/image\\\/\",\"url\":\"https:\\\/\\\/contactfm72.fr\\\/wp-content\\\/uploads\\\/2025\\\/04\\\/2025-04-18-2.jpg\",\"contentUrl\":\"https:\\\/\\\/contactfm72.fr\\\/wp-content\\\/uploads\\\/2025\\\/04\\\/2025-04-18-2.jpg\",\"width\":680,\"height\":307,\"caption\":\"Contact FM 99.3\"},\"image\":{\"@id\":\"https:\\\/\\\/contactfm72.fr\\\/#\\\/schema\\\/logo\\\/image\\\/\"},\"sameAs\":[\"https:\\\/\\\/www.facebook.com\\\/Contactfm.Chateauduloir\",\"https:\\\/\\\/x.com\\\/contactfm72\",\"https:\\\/\\\/www.instagram.com\\\/contact.fm.72?igsh=cGhlMHQ5N2JlNnpp\",\"https:\\\/\\\/www.tiktok.com\\\/@contact.fm\"]},{\"@type\":\"Person\",\"@id\":\"https:\\\/\\\/contactfm72.fr\\\/#\\\/schema\\\/person\\\/d2ef09cdea7331b185acaddc4d14dda8\",\"name\":\"redaction2@contactfm72.fr\",\"image\":{\"@type\":\"ImageObject\",\"inLanguage\":\"fr-FR\",\"@id\":\"https:\\\/\\\/secure.gravatar.com\\\/avatar\\\/897f3d57289c1f4c62cade1c2606ba6ded18d5f1676845e668a9f21cb751c06b?s=96&d=mm&r=g\",\"url\":\"https:\\\/\\\/secure.gravatar.com\\\/avatar\\\/897f3d57289c1f4c62cade1c2606ba6ded18d5f1676845e668a9f21cb751c06b?s=96&d=mm&r=g\",\"contentUrl\":\"https:\\\/\\\/secure.gravatar.com\\\/avatar\\\/897f3d57289c1f4c62cade1c2606ba6ded18d5f1676845e668a9f21cb751c06b?s=96&d=mm&r=g\",\"caption\":\"redaction2@contactfm72.fr\"},\"url\":\"https:\\\/\\\/contactfm72.fr\\\/?author=5\"}]}<\/script>\n<!-- \/ Yoast SEO plugin. -->","yoast_head_json":{"title":"Voitures d\u2019exception & surprises au programme du March\u00e9 des 24 Heures \u00e0 Montval - Contact FM 99.3","description":"March\u00e9 des 24 heures confirm\u00e9, rendez-vous le 13 juin.Apr\u00e8s avoir appris que le nombre d\u2019exposants pour le march\u00e9 des 24 heures serait peut-\u00eatre insuffisant, Martine Blanchard, pr\u00e9sidente du comit\u00e9 des f\u00eates de Montval-sur-Loir a confirm\u00e9 qu\u2019il y aura finalement assez d\u2019exposants pour que l\u2019\u00e9v\u00e9nement ait bel-et-bien lieu le vendredi 13 juin d\u00e8s 16h sur la place de l\u2019H\u00f4tel de ville de la ville.\u00a0Au programme : exposition de v\u00e9hicules d\u2019exception, buvette, restauration et parade \u00e0 19h sans oublier quelques surprises. Toutefois, les b\u00e9n\u00e9voles et les exposants sont les bienvenus afin d\u2019agrandir les rangs de la fiert\u00e9 du d\u00e9partement.\u00a0Si vous \u00eates motiv\u00e9s pour l\u2019organisation de l\u2019\u00e9v\u00e9nement, contactez Mme Blanchard au 06 52 45 32 39 ou \u00e0 l\u2019adresse suivante :\u00a0martineb72500@gmail.com.Martine Blanchard est l'invit\u00e9e de \"L'interview du jour\" le mercredi 4 juin \u00e0 18h, le jeudi 5 juin \u00e0 13h, le samedi 7 juin \u00e0 14h et le dimanche 8 juin \u00e0 11h.","robots":{"index":"index","follow":"follow","max-snippet":"max-snippet:-1","max-image-preview":"max-image-preview:large","max-video-preview":"max-video-preview:-1"},"canonical":"https:\/\/contactfm72.fr\/?p=19554","og_locale":"fr_FR","og_type":"article","og_title":"Voitures d\u2019exception & surprises au programme du March\u00e9 des 24 Heures \u00e0 Montval - Contact FM 99.3","og_description":"March\u00e9 des 24 heures confirm\u00e9, rendez-vous le 13 juin.Apr\u00e8s avoir appris que le nombre d\u2019exposants pour le march\u00e9 des 24 heures serait peut-\u00eatre insuffisant, Martine Blanchard, pr\u00e9sidente du comit\u00e9 des f\u00eates de Montval-sur-Loir a confirm\u00e9 qu\u2019il y aura finalement assez d\u2019exposants pour que l\u2019\u00e9v\u00e9nement ait bel-et-bien lieu le vendredi 13 juin d\u00e8s 16h sur la place de l\u2019H\u00f4tel de ville de la ville.\u00a0Au programme : exposition de v\u00e9hicules d\u2019exception, buvette, restauration et parade \u00e0 19h sans oublier quelques surprises. Toutefois, les b\u00e9n\u00e9voles et les exposants sont les bienvenus afin d\u2019agrandir les rangs de la fiert\u00e9 du d\u00e9partement.\u00a0Si vous \u00eates motiv\u00e9s pour l\u2019organisation de l\u2019\u00e9v\u00e9nement, contactez Mme Blanchard au 06 52 45 32 39 ou \u00e0 l\u2019adresse suivante :\u00a0martineb72500@gmail.com.Martine Blanchard est l'invit\u00e9e de \"L'interview du jour\" le mercredi 4 juin \u00e0 18h, le jeudi 5 juin \u00e0 13h, le samedi 7 juin \u00e0 14h et le dimanche 8 juin \u00e0 11h.","og_url":"https:\/\/contactfm72.fr\/?p=19554","og_site_name":"Contact FM 99.3","article_publisher":"https:\/\/www.facebook.com\/Contactfm.Chateauduloir","article_published_time":"2025-06-04T15:14:25+00:00","article_modified_time":"2025-06-05T05:40:01+00:00","og_image":[{"width":2016,"height":1512,"url":"http:\/\/contactfm72.fr\/wp-content\/uploads\/2025\/06\/hbfgnj.png","type":"image\/png"}],"author":"redaction2@contactfm72.fr","twitter_card":"summary_large_image","twitter_creator":"@contactfm72","twitter_site":"@contactfm72","twitter_misc":{"\u00c9crit par":"redaction2@contactfm72.fr","Dur\u00e9e de lecture estim\u00e9e":"1 minute"},"schema":{"@context":"https:\/\/schema.org","@graph":[{"@type":"Article","@id":"https:\/\/contactfm72.fr\/?p=19554#article","isPartOf":{"@id":"https:\/\/contactfm72.fr\/?p=19554"},"author":{"name":"redaction2@contactfm72.fr","@id":"https:\/\/contactfm72.fr\/#\/schema\/person\/d2ef09cdea7331b185acaddc4d14dda8"},"headline":"Voitures d\u2019exception &#038; surprises au programme du March\u00e9 des 24 Heures \u00e0 Montval","datePublished":"2025-06-04T15:14:25+00:00","dateModified":"2025-06-05T05:40:01+00:00","mainEntityOfPage":{"@id":"https:\/\/contactfm72.fr\/?p=19554"},"wordCount":176,"publisher":{"@id":"https:\/\/contactfm72.fr\/#organization"},"image":{"@id":"https:\/\/contactfm72.fr\/?p=19554#primaryimage"},"thumbnailUrl":"https:\/\/contactfm72.fr\/wp-content\/uploads\/2025\/06\/hbfgnj.png","articleSection":["Contact FM 72","L'interview du jour"],"inLanguage":"fr-FR"},{"@type":"WebPage","@id":"https:\/\/contactfm72.fr\/?p=19554","url":"https:\/\/contactfm72.fr\/?p=19554","name":"Voitures d\u2019exception & surprises au programme du March\u00e9 des 24 Heures \u00e0 Montval - Contact FM 99.3","isPartOf":{"@id":"https:\/\/contactfm72.fr\/#website"},"primaryImageOfPage":{"@id":"https:\/\/contactfm72.fr\/?p=19554#primaryimage"},"image":{"@id":"https:\/\/contactfm72.fr\/?p=19554#primaryimage"},"thumbnailUrl":"https:\/\/contactfm72.fr\/wp-content\/uploads\/2025\/06\/hbfgnj.png","datePublished":"2025-06-04T15:14:25+00:00","dateModified":"2025-06-05T05:40:01+00:00","description":"March\u00e9 des 24 heures confirm\u00e9, rendez-vous le 13 juin.Apr\u00e8s avoir appris que le nombre d\u2019exposants pour le march\u00e9 des 24 heures serait peut-\u00eatre insuffisant, Martine Blanchard, pr\u00e9sidente du comit\u00e9 des f\u00eates de Montval-sur-Loir a confirm\u00e9 qu\u2019il y aura finalement assez d\u2019exposants pour que l\u2019\u00e9v\u00e9nement ait bel-et-bien lieu le vendredi 13 juin d\u00e8s 16h sur la place de l\u2019H\u00f4tel de ville de la ville.\u00a0Au programme : exposition de v\u00e9hicules d\u2019exception, buvette, restauration et parade \u00e0 19h sans oublier quelques surprises. Toutefois, les b\u00e9n\u00e9voles et les exposants sont les bienvenus afin d\u2019agrandir les rangs de la fiert\u00e9 du d\u00e9partement.\u00a0Si vous \u00eates motiv\u00e9s pour l\u2019organisation de l\u2019\u00e9v\u00e9nement, contactez Mme Blanchard au 06 52 45 32 39 ou \u00e0 l\u2019adresse suivante :\u00a0martineb72500@gmail.com.Martine Blanchard est l'invit\u00e9e de \"L'interview du jour\" le mercredi 4 juin \u00e0 18h, le jeudi 5 juin \u00e0 13h, le samedi 7 juin \u00e0 14h et le dimanche 8 juin \u00e0 11h.","breadcrumb":{"@id":"https:\/\/contactfm72.fr\/?p=19554#breadcrumb"},"inLanguage":"fr-FR","potentialAction":[{"@type":"ReadAction","target":["https:\/\/contactfm72.fr\/?p=19554"]}]},{"@type":"ImageObject","inLanguage":"fr-FR","@id":"https:\/\/contactfm72.fr\/?p=19554#primaryimage","url":"https:\/\/contactfm72.fr\/wp-content\/uploads\/2025\/06\/hbfgnj.png","contentUrl":"https:\/\/contactfm72.fr\/wp-content\/uploads\/2025\/06\/hbfgnj.png","width":2016,"height":1512},{"@type":"BreadcrumbList","@id":"https:\/\/contactfm72.fr\/?p=19554#breadcrumb","itemListElement":[{"@type":"ListItem","position":1,"name":"Accueil","item":"https:\/\/contactfm72.fr\/"},{"@type":"ListItem","position":2,"name":"Voitures d\u2019exception &#038; surprises au programme du March\u00e9 des 24 Heures \u00e0 Montval"}]},{"@type":"WebSite","@id":"https:\/\/contactfm72.fr\/#website","url":"https:\/\/contactfm72.fr\/","name":"Contact FM 99.3","description":"Votre radio en vall\u00e9e du Loir","publisher":{"@id":"https:\/\/contactfm72.fr\/#organization"},"potentialAction":[{"@type":"SearchAction","target":{"@type":"EntryPoint","urlTemplate":"https:\/\/contactfm72.fr\/?s={search_term_string}"},"query-input":{"@type":"PropertyValueSpecification","valueRequired":true,"valueName":"search_term_string"}}],"inLanguage":"fr-FR"},{"@type":"Organization","@id":"https:\/\/contactfm72.fr\/#organization","name":"Contact FM 99.3","url":"https:\/\/contactfm72.fr\/","logo":{"@type":"ImageObject","inLanguage":"fr-FR","@id":"https:\/\/contactfm72.fr\/#\/schema\/logo\/image\/","url":"https:\/\/contactfm72.fr\/wp-content\/uploads\/2025\/04\/2025-04-18-2.jpg","contentUrl":"https:\/\/contactfm72.fr\/wp-content\/uploads\/2025\/04\/2025-04-18-2.jpg","width":680,"height":307,"caption":"Contact FM 99.3"},"image":{"@id":"https:\/\/contactfm72.fr\/#\/schema\/logo\/image\/"},"sameAs":["https:\/\/www.facebook.com\/Contactfm.Chateauduloir","https:\/\/x.com\/contactfm72","https:\/\/www.instagram.com\/contact.fm.72?igsh=cGhlMHQ5N2JlNnpp","https:\/\/www.tiktok.com\/@contact.fm"]},{"@type":"Person","@id":"https:\/\/contactfm72.fr\/#\/schema\/person\/d2ef09cdea7331b185acaddc4d14dda8","name":"redaction2@contactfm72.fr","image":{"@type":"ImageObject","inLanguage":"fr-FR","@id":"https:\/\/secure.gravatar.com\/avatar\/897f3d57289c1f4c62cade1c2606ba6ded18d5f1676845e668a9f21cb751c06b?s=96&d=mm&r=g","url":"https:\/\/secure.gravatar.com\/avatar\/897f3d57289c1f4c62cade1c2606ba6ded18d5f1676845e668a9f21cb751c06b?s=96&d=mm&r=g","contentUrl":"https:\/\/secure.gravatar.com\/avatar\/897f3d57289c1f4c62cade1c2606ba6ded18d5f1676845e668a9f21cb751c06b?s=96&d=mm&r=g","caption":"redaction2@contactfm72.fr"},"url":"https:\/\/contactfm72.fr\/?author=5"}]}},"_links":{"self":[{"href":"https:\/\/contactfm72.fr\/index.php?rest_route=\/wp\/v2\/posts\/19554","targetHints":{"allow":["GET"]}}],"collection":[{"href":"https:\/\/contactfm72.fr\/index.php?rest_route=\/wp\/v2\/posts"}],"about":[{"href":"https:\/\/contactfm72.fr\/index.php?rest_route=\/wp\/v2\/types\/post"}],"author":[{"embeddable":true,"href":"https:\/\/contactfm72.fr\/index.php?rest_route=\/wp\/v2\/users\/5"}],"replies":[{"embeddable":true,"href":"https:\/\/contactfm72.fr\/index.php?rest_route=%2Fwp%2Fv2%2Fcomments&post=19554"}],"version-history":[{"count":2,"href":"https:\/\/contactfm72.fr\/index.php?rest_route=\/wp\/v2\/posts\/19554\/revisions"}],"predecessor-version":[{"id":19564,"href":"https:\/\/contactfm72.fr\/index.php?rest_route=\/wp\/v2\/posts\/19554\/revisions\/19564"}],"wp:featuredmedia":[{"embeddable":true,"href":"https:\/\/contactfm72.fr\/index.php?rest_route=\/wp\/v2\/media\/19555"}],"wp:attachment":[{"href":"https:\/\/contactfm72.fr\/index.php?rest_route=%2Fwp%2Fv2%2Fmedia&parent=19554"}],"wp:term":[{"taxonomy":"category","embeddable":true,"href":"https:\/\/contactfm72.fr\/index.php?rest_route=%2Fwp%2Fv2%2Fcategories&post=19554"},{"taxonomy":"post_tag","embeddable":true,"href":"https:\/\/contactfm72.fr\/index.php?rest_route=%2Fwp%2Fv2%2Ftags&post=19554"}],"curies":[{"name":"wp","href":"https:\/\/api.w.org\/{rel}","templated":true}]}}