{"id":19535,"date":"2025-06-02T15:14:52","date_gmt":"2025-06-02T13:14:52","guid":{"rendered":"https:\/\/contactfm72.fr\/?p=19535"},"modified":"2025-06-02T15:24:45","modified_gmt":"2025-06-02T13:24:45","slug":"il-est-temps-de-chiner-a-la-chartre-sur-le-loir","status":"publish","type":"post","link":"https:\/\/contactfm72.fr\/?p=19535","title":{"rendered":"Il est temps de chiner \u00e0 La-Chartre-sur-le-Loir !"},"content":{"rendered":"<p>Les tr\u00e9sors de la rue nationale de La-Chartre-sur-le-loir !<\/p>\n<p>Dans ce village de 1440 habitants au c\u0153ur du Sud Sarthe, la rue nationale regorge de p\u00e9pites. C\u00f4t\u00e9 brocante, les chineurs vont \u00eatre ravis ! Les professionnels locaux se sont regroup\u00e9s au sein de l\u2019ABAP (Association Brocante Art &amp; Patrimoine) et organisent le March\u00e9 des Brocs les samedis 21 juin, 16 juillet et 16 ao\u00fbt, de 8h \u00e0 18h, en plein centre-ville. L\u2019occasion r\u00eav\u00e9e de repartir avec une pi\u00e8ce unique.<\/p>\n<p>Pour parler de l&#8217;association et des prochains \u00e9v\u00e9nements, Henri Boillot, g\u00e9rant de la boutique &#8220;Le temps retrouv\u00e9&#8221; et Lola Bornand, g\u00e9rante du magasin &#8220;Les Oiseaux pas sages&#8221; sont les invit\u00e9s de &#8220;L&#8217;interview du jour&#8221; le lundi 2 juin \u00e0 18h, le mardi 3 juin \u00e0 13h, le samedi 7 juin \u00e0 14h et le dimanche 8 juin \u00e0 11h.<\/p>\n<p data-start=\"256\" data-end=\"537\"><div id=\"audioigniter-283\" class=\"audioigniter-root \" data-player-type=\"full\" data-tracks-url=\"https:\/\/contactfm72.fr\/?audioigniter_playlist_id=283\" data-display-track-no=\"false\" data-reverse-track-order=\"false\" data-display-tracklist-covers=\"false\" data-display-active-cover=\"false\" data-display-artist-names=\"false\" data-display-buy-buttons=\"true\" data-buy-buttons-target=\"false\" data-cycle-tracks=\"false\" data-display-credits=\"false\" data-display-tracklist=\"true\" data-allow-tracklist-toggle=\"false\" data-allow-tracklist-loop=\"true\" data-limit-tracklist-height=\"true\" data-volume=\"100\" data-tracklist-height=\"185\" data-allow-track-loop=\"false\" ><\/div>\n<p data-start=\"539\" data-end=\"886\">\n<!-- AddThis Advanced Settings generic via filter on the_content --><!-- AddThis Share Buttons generic via filter on the_content -->","protected":false},"excerpt":{"rendered":"<p>Les tr\u00e9sors de la rue nationale de La-Chartre-sur-le-loir ! Dans ce village de 1440 habitants au c\u0153ur du Sud Sarthe, la rue nationale regorge de p\u00e9pites. C\u00f4t\u00e9 brocante, les chineurs vont \u00eatre ravis ! Les professionnels locaux se sont regroup\u00e9s au sein de l\u2019ABAP (Association Brocante Art &amp; Patrimoine) et organisent le March\u00e9 des Brocs&hellip;<!-- AddThis Advanced Settings generic via filter on get_the_excerpt --><!-- AddThis Share Buttons generic via filter on get_the_excerpt --><\/p>\n","protected":false},"author":5,"featured_media":19536,"comment_status":"closed","ping_status":"open","sticky":false,"template":"","format":"standard","meta":{"footnotes":""},"categories":[1,5],"tags":[],"class_list":["post-19535","post","type-post","status-publish","format-standard","has-post-thumbnail","hentry","category-contact-fm-72","category-linterview-du-jour","category-1","category-5","description-off"],"yoast_head":"<!-- This site is optimized with the Yoast SEO plugin v27.4 - https:\/\/yoast.com\/product\/yoast-seo-wordpress\/ -->\n<title>Il est temps de chiner \u00e0 La-Chartre-sur-le-Loir ! - Contact FM 99.3<\/title>\n<meta name=\"description\" content=\"Les tr\u00e9sors de la rue nationale de La-Chartre-sur-le-loir !\u00a0Dans ce village de 1440 habitants au c\u0153ur du Sud Sarthe, la rue nationale regorge de p\u00e9pites. C\u00f4t\u00e9 brocante, les chineurs vont \u00eatre ravis ! Les professionnels locaux se sont regroup\u00e9s au sein de l\u2019ABAP (Association Brocante Art &amp; Patrimoine) et organisent le March\u00e9 des Brocs les samedis 21 juin, 16 juillet et 16 ao\u00fbt, de 8h \u00e0 18h, en plein centre-ville. L\u2019occasion r\u00eav\u00e9e de repartir avec une pi\u00e8ce unique.Pour parler de l&#039;association et des prochains \u00e9v\u00e9nements, Henri Boillot, g\u00e9rant de la boutique &quot;Le temps retrouv\u00e9&quot; et Lola Bornand, g\u00e9rante du magasin &quot;Les Oiseaux pas sages&quot; sont les invit\u00e9s de &quot;L&#039;interview du jour&quot; le lundi 2 juin \u00e0 18h, le mardi 3 juin \u00e0 13h, le samedi 7 juin \u00e0 14h et le dimanche 8 juin \u00e0 11h.\" \/>\n<meta name=\"robots\" content=\"index, follow, max-snippet:-1, max-image-preview:large, max-video-preview:-1\" \/>\n<link rel=\"canonical\" href=\"https:\/\/contactfm72.fr\/?p=19535\" \/>\n<meta property=\"og:locale\" content=\"fr_FR\" \/>\n<meta property=\"og:type\" content=\"article\" \/>\n<meta property=\"og:title\" content=\"Il est temps de chiner \u00e0 La-Chartre-sur-le-Loir ! - Contact FM 99.3\" \/>\n<meta property=\"og:description\" content=\"Les tr\u00e9sors de la rue nationale de La-Chartre-sur-le-loir !\u00a0Dans ce village de 1440 habitants au c\u0153ur du Sud Sarthe, la rue nationale regorge de p\u00e9pites. C\u00f4t\u00e9 brocante, les chineurs vont \u00eatre ravis ! Les professionnels locaux se sont regroup\u00e9s au sein de l\u2019ABAP (Association Brocante Art &amp; Patrimoine) et organisent le March\u00e9 des Brocs les samedis 21 juin, 16 juillet et 16 ao\u00fbt, de 8h \u00e0 18h, en plein centre-ville. L\u2019occasion r\u00eav\u00e9e de repartir avec une pi\u00e8ce unique.Pour parler de l&#039;association et des prochains \u00e9v\u00e9nements, Henri Boillot, g\u00e9rant de la boutique &quot;Le temps retrouv\u00e9&quot; et Lola Bornand, g\u00e9rante du magasin &quot;Les Oiseaux pas sages&quot; sont les invit\u00e9s de &quot;L&#039;interview du jour&quot; le lundi 2 juin \u00e0 18h, le mardi 3 juin \u00e0 13h, le samedi 7 juin \u00e0 14h et le dimanche 8 juin \u00e0 11h.\" \/>\n<meta property=\"og:url\" content=\"https:\/\/contactfm72.fr\/?p=19535\" \/>\n<meta property=\"og:site_name\" content=\"Contact FM 99.3\" \/>\n<meta property=\"article:publisher\" content=\"https:\/\/www.facebook.com\/Contactfm.Chateauduloir\" \/>\n<meta property=\"article:published_time\" content=\"2025-06-02T13:14:52+00:00\" \/>\n<meta property=\"article:modified_time\" content=\"2025-06-02T13:24:45+00:00\" \/>\n<meta property=\"og:image\" content=\"http:\/\/contactfm72.fr\/wp-content\/uploads\/2025\/06\/Visuel-Contact-FM.png\" \/>\n\t<meta property=\"og:image:width\" content=\"1024\" \/>\n\t<meta property=\"og:image:height\" content=\"768\" \/>\n\t<meta property=\"og:image:type\" content=\"image\/png\" \/>\n<meta name=\"author\" content=\"redaction2@contactfm72.fr\" \/>\n<meta name=\"twitter:card\" content=\"summary_large_image\" \/>\n<meta name=\"twitter:creator\" content=\"@contactfm72\" \/>\n<meta name=\"twitter:site\" content=\"@contactfm72\" \/>\n<meta name=\"twitter:label1\" content=\"\u00c9crit par\" \/>\n\t<meta name=\"twitter:data1\" content=\"redaction2@contactfm72.fr\" \/>\n\t<meta name=\"twitter:label2\" content=\"Dur\u00e9e de lecture estim\u00e9e\" \/>\n\t<meta name=\"twitter:data2\" content=\"1 minute\" \/>\n<script type=\"application\/ld+json\" class=\"yoast-schema-graph\">{\"@context\":\"https:\\\/\\\/schema.org\",\"@graph\":[{\"@type\":\"Article\",\"@id\":\"https:\\\/\\\/contactfm72.fr\\\/?p=19535#article\",\"isPartOf\":{\"@id\":\"https:\\\/\\\/contactfm72.fr\\\/?p=19535\"},\"author\":{\"name\":\"redaction2@contactfm72.fr\",\"@id\":\"https:\\\/\\\/contactfm72.fr\\\/#\\\/schema\\\/person\\\/d2ef09cdea7331b185acaddc4d14dda8\"},\"headline\":\"Il est temps de chiner \u00e0 La-Chartre-sur-le-Loir !\",\"datePublished\":\"2025-06-02T13:14:52+00:00\",\"dateModified\":\"2025-06-02T13:24:45+00:00\",\"mainEntityOfPage\":{\"@id\":\"https:\\\/\\\/contactfm72.fr\\\/?p=19535\"},\"wordCount\":149,\"publisher\":{\"@id\":\"https:\\\/\\\/contactfm72.fr\\\/#organization\"},\"image\":{\"@id\":\"https:\\\/\\\/contactfm72.fr\\\/?p=19535#primaryimage\"},\"thumbnailUrl\":\"https:\\\/\\\/contactfm72.fr\\\/wp-content\\\/uploads\\\/2025\\\/06\\\/Visuel-Contact-FM.png\",\"articleSection\":[\"Contact FM 72\",\"L'interview du jour\"],\"inLanguage\":\"fr-FR\"},{\"@type\":\"WebPage\",\"@id\":\"https:\\\/\\\/contactfm72.fr\\\/?p=19535\",\"url\":\"https:\\\/\\\/contactfm72.fr\\\/?p=19535\",\"name\":\"Il est temps de chiner \u00e0 La-Chartre-sur-le-Loir ! - Contact FM 99.3\",\"isPartOf\":{\"@id\":\"https:\\\/\\\/contactfm72.fr\\\/#website\"},\"primaryImageOfPage\":{\"@id\":\"https:\\\/\\\/contactfm72.fr\\\/?p=19535#primaryimage\"},\"image\":{\"@id\":\"https:\\\/\\\/contactfm72.fr\\\/?p=19535#primaryimage\"},\"thumbnailUrl\":\"https:\\\/\\\/contactfm72.fr\\\/wp-content\\\/uploads\\\/2025\\\/06\\\/Visuel-Contact-FM.png\",\"datePublished\":\"2025-06-02T13:14:52+00:00\",\"dateModified\":\"2025-06-02T13:24:45+00:00\",\"description\":\"Les tr\u00e9sors de la rue nationale de La-Chartre-sur-le-loir !\u00a0Dans ce village de 1440 habitants au c\u0153ur du Sud Sarthe, la rue nationale regorge de p\u00e9pites. C\u00f4t\u00e9 brocante, les chineurs vont \u00eatre ravis ! Les professionnels locaux se sont regroup\u00e9s au sein de l\u2019ABAP (Association Brocante Art & Patrimoine) et organisent le March\u00e9 des Brocs les samedis 21 juin, 16 juillet et 16 ao\u00fbt, de 8h \u00e0 18h, en plein centre-ville. L\u2019occasion r\u00eav\u00e9e de repartir avec une pi\u00e8ce unique.Pour parler de l'association et des prochains \u00e9v\u00e9nements, Henri Boillot, g\u00e9rant de la boutique \\\"Le temps retrouv\u00e9\\\" et Lola Bornand, g\u00e9rante du magasin \\\"Les Oiseaux pas sages\\\" sont les invit\u00e9s de \\\"L'interview du jour\\\" le lundi 2 juin \u00e0 18h, le mardi 3 juin \u00e0 13h, le samedi 7 juin \u00e0 14h et le dimanche 8 juin \u00e0 11h.\",\"breadcrumb\":{\"@id\":\"https:\\\/\\\/contactfm72.fr\\\/?p=19535#breadcrumb\"},\"inLanguage\":\"fr-FR\",\"potentialAction\":[{\"@type\":\"ReadAction\",\"target\":[\"https:\\\/\\\/contactfm72.fr\\\/?p=19535\"]}]},{\"@type\":\"ImageObject\",\"inLanguage\":\"fr-FR\",\"@id\":\"https:\\\/\\\/contactfm72.fr\\\/?p=19535#primaryimage\",\"url\":\"https:\\\/\\\/contactfm72.fr\\\/wp-content\\\/uploads\\\/2025\\\/06\\\/Visuel-Contact-FM.png\",\"contentUrl\":\"https:\\\/\\\/contactfm72.fr\\\/wp-content\\\/uploads\\\/2025\\\/06\\\/Visuel-Contact-FM.png\",\"width\":2016,\"height\":1512},{\"@type\":\"BreadcrumbList\",\"@id\":\"https:\\\/\\\/contactfm72.fr\\\/?p=19535#breadcrumb\",\"itemListElement\":[{\"@type\":\"ListItem\",\"position\":1,\"name\":\"Accueil\",\"item\":\"https:\\\/\\\/contactfm72.fr\\\/\"},{\"@type\":\"ListItem\",\"position\":2,\"name\":\"Il est temps de chiner \u00e0 La-Chartre-sur-le-Loir !\"}]},{\"@type\":\"WebSite\",\"@id\":\"https:\\\/\\\/contactfm72.fr\\\/#website\",\"url\":\"https:\\\/\\\/contactfm72.fr\\\/\",\"name\":\"Contact FM 99.3\",\"description\":\"Votre radio en vall\u00e9e du Loir\",\"publisher\":{\"@id\":\"https:\\\/\\\/contactfm72.fr\\\/#organization\"},\"potentialAction\":[{\"@type\":\"SearchAction\",\"target\":{\"@type\":\"EntryPoint\",\"urlTemplate\":\"https:\\\/\\\/contactfm72.fr\\\/?s={search_term_string}\"},\"query-input\":{\"@type\":\"PropertyValueSpecification\",\"valueRequired\":true,\"valueName\":\"search_term_string\"}}],\"inLanguage\":\"fr-FR\"},{\"@type\":\"Organization\",\"@id\":\"https:\\\/\\\/contactfm72.fr\\\/#organization\",\"name\":\"Contact FM 99.3\",\"url\":\"https:\\\/\\\/contactfm72.fr\\\/\",\"logo\":{\"@type\":\"ImageObject\",\"inLanguage\":\"fr-FR\",\"@id\":\"https:\\\/\\\/contactfm72.fr\\\/#\\\/schema\\\/logo\\\/image\\\/\",\"url\":\"https:\\\/\\\/contactfm72.fr\\\/wp-content\\\/uploads\\\/2025\\\/04\\\/2025-04-18-2.jpg\",\"contentUrl\":\"https:\\\/\\\/contactfm72.fr\\\/wp-content\\\/uploads\\\/2025\\\/04\\\/2025-04-18-2.jpg\",\"width\":680,\"height\":307,\"caption\":\"Contact FM 99.3\"},\"image\":{\"@id\":\"https:\\\/\\\/contactfm72.fr\\\/#\\\/schema\\\/logo\\\/image\\\/\"},\"sameAs\":[\"https:\\\/\\\/www.facebook.com\\\/Contactfm.Chateauduloir\",\"https:\\\/\\\/x.com\\\/contactfm72\",\"https:\\\/\\\/www.instagram.com\\\/contact.fm.72?igsh=cGhlMHQ5N2JlNnpp\",\"https:\\\/\\\/www.tiktok.com\\\/@contact.fm\"]},{\"@type\":\"Person\",\"@id\":\"https:\\\/\\\/contactfm72.fr\\\/#\\\/schema\\\/person\\\/d2ef09cdea7331b185acaddc4d14dda8\",\"name\":\"redaction2@contactfm72.fr\",\"image\":{\"@type\":\"ImageObject\",\"inLanguage\":\"fr-FR\",\"@id\":\"https:\\\/\\\/secure.gravatar.com\\\/avatar\\\/897f3d57289c1f4c62cade1c2606ba6ded18d5f1676845e668a9f21cb751c06b?s=96&d=mm&r=g\",\"url\":\"https:\\\/\\\/secure.gravatar.com\\\/avatar\\\/897f3d57289c1f4c62cade1c2606ba6ded18d5f1676845e668a9f21cb751c06b?s=96&d=mm&r=g\",\"contentUrl\":\"https:\\\/\\\/secure.gravatar.com\\\/avatar\\\/897f3d57289c1f4c62cade1c2606ba6ded18d5f1676845e668a9f21cb751c06b?s=96&d=mm&r=g\",\"caption\":\"redaction2@contactfm72.fr\"},\"url\":\"https:\\\/\\\/contactfm72.fr\\\/?author=5\"}]}<\/script>\n<!-- \/ Yoast SEO plugin. -->","yoast_head_json":{"title":"Il est temps de chiner \u00e0 La-Chartre-sur-le-Loir ! - Contact FM 99.3","description":"Les tr\u00e9sors de la rue nationale de La-Chartre-sur-le-loir !\u00a0Dans ce village de 1440 habitants au c\u0153ur du Sud Sarthe, la rue nationale regorge de p\u00e9pites. C\u00f4t\u00e9 brocante, les chineurs vont \u00eatre ravis ! Les professionnels locaux se sont regroup\u00e9s au sein de l\u2019ABAP (Association Brocante Art & Patrimoine) et organisent le March\u00e9 des Brocs les samedis 21 juin, 16 juillet et 16 ao\u00fbt, de 8h \u00e0 18h, en plein centre-ville. L\u2019occasion r\u00eav\u00e9e de repartir avec une pi\u00e8ce unique.Pour parler de l'association et des prochains \u00e9v\u00e9nements, Henri Boillot, g\u00e9rant de la boutique \"Le temps retrouv\u00e9\" et Lola Bornand, g\u00e9rante du magasin \"Les Oiseaux pas sages\" sont les invit\u00e9s de \"L'interview du jour\" le lundi 2 juin \u00e0 18h, le mardi 3 juin \u00e0 13h, le samedi 7 juin \u00e0 14h et le dimanche 8 juin \u00e0 11h.","robots":{"index":"index","follow":"follow","max-snippet":"max-snippet:-1","max-image-preview":"max-image-preview:large","max-video-preview":"max-video-preview:-1"},"canonical":"https:\/\/contactfm72.fr\/?p=19535","og_locale":"fr_FR","og_type":"article","og_title":"Il est temps de chiner \u00e0 La-Chartre-sur-le-Loir ! - Contact FM 99.3","og_description":"Les tr\u00e9sors de la rue nationale de La-Chartre-sur-le-loir !\u00a0Dans ce village de 1440 habitants au c\u0153ur du Sud Sarthe, la rue nationale regorge de p\u00e9pites. C\u00f4t\u00e9 brocante, les chineurs vont \u00eatre ravis ! Les professionnels locaux se sont regroup\u00e9s au sein de l\u2019ABAP (Association Brocante Art & Patrimoine) et organisent le March\u00e9 des Brocs les samedis 21 juin, 16 juillet et 16 ao\u00fbt, de 8h \u00e0 18h, en plein centre-ville. L\u2019occasion r\u00eav\u00e9e de repartir avec une pi\u00e8ce unique.Pour parler de l'association et des prochains \u00e9v\u00e9nements, Henri Boillot, g\u00e9rant de la boutique \"Le temps retrouv\u00e9\" et Lola Bornand, g\u00e9rante du magasin \"Les Oiseaux pas sages\" sont les invit\u00e9s de \"L'interview du jour\" le lundi 2 juin \u00e0 18h, le mardi 3 juin \u00e0 13h, le samedi 7 juin \u00e0 14h et le dimanche 8 juin \u00e0 11h.","og_url":"https:\/\/contactfm72.fr\/?p=19535","og_site_name":"Contact FM 99.3","article_publisher":"https:\/\/www.facebook.com\/Contactfm.Chateauduloir","article_published_time":"2025-06-02T13:14:52+00:00","article_modified_time":"2025-06-02T13:24:45+00:00","og_image":[{"url":"http:\/\/contactfm72.fr\/wp-content\/uploads\/2025\/06\/Visuel-Contact-FM.png","width":1024,"height":768,"type":"image\/png"}],"author":"redaction2@contactfm72.fr","twitter_card":"summary_large_image","twitter_creator":"@contactfm72","twitter_site":"@contactfm72","twitter_misc":{"\u00c9crit par":"redaction2@contactfm72.fr","Dur\u00e9e de lecture estim\u00e9e":"1 minute"},"schema":{"@context":"https:\/\/schema.org","@graph":[{"@type":"Article","@id":"https:\/\/contactfm72.fr\/?p=19535#article","isPartOf":{"@id":"https:\/\/contactfm72.fr\/?p=19535"},"author":{"name":"redaction2@contactfm72.fr","@id":"https:\/\/contactfm72.fr\/#\/schema\/person\/d2ef09cdea7331b185acaddc4d14dda8"},"headline":"Il est temps de chiner \u00e0 La-Chartre-sur-le-Loir !","datePublished":"2025-06-02T13:14:52+00:00","dateModified":"2025-06-02T13:24:45+00:00","mainEntityOfPage":{"@id":"https:\/\/contactfm72.fr\/?p=19535"},"wordCount":149,"publisher":{"@id":"https:\/\/contactfm72.fr\/#organization"},"image":{"@id":"https:\/\/contactfm72.fr\/?p=19535#primaryimage"},"thumbnailUrl":"https:\/\/contactfm72.fr\/wp-content\/uploads\/2025\/06\/Visuel-Contact-FM.png","articleSection":["Contact FM 72","L'interview du jour"],"inLanguage":"fr-FR"},{"@type":"WebPage","@id":"https:\/\/contactfm72.fr\/?p=19535","url":"https:\/\/contactfm72.fr\/?p=19535","name":"Il est temps de chiner \u00e0 La-Chartre-sur-le-Loir ! - Contact FM 99.3","isPartOf":{"@id":"https:\/\/contactfm72.fr\/#website"},"primaryImageOfPage":{"@id":"https:\/\/contactfm72.fr\/?p=19535#primaryimage"},"image":{"@id":"https:\/\/contactfm72.fr\/?p=19535#primaryimage"},"thumbnailUrl":"https:\/\/contactfm72.fr\/wp-content\/uploads\/2025\/06\/Visuel-Contact-FM.png","datePublished":"2025-06-02T13:14:52+00:00","dateModified":"2025-06-02T13:24:45+00:00","description":"Les tr\u00e9sors de la rue nationale de La-Chartre-sur-le-loir !\u00a0Dans ce village de 1440 habitants au c\u0153ur du Sud Sarthe, la rue nationale regorge de p\u00e9pites. C\u00f4t\u00e9 brocante, les chineurs vont \u00eatre ravis ! Les professionnels locaux se sont regroup\u00e9s au sein de l\u2019ABAP (Association Brocante Art & Patrimoine) et organisent le March\u00e9 des Brocs les samedis 21 juin, 16 juillet et 16 ao\u00fbt, de 8h \u00e0 18h, en plein centre-ville. L\u2019occasion r\u00eav\u00e9e de repartir avec une pi\u00e8ce unique.Pour parler de l'association et des prochains \u00e9v\u00e9nements, Henri Boillot, g\u00e9rant de la boutique \"Le temps retrouv\u00e9\" et Lola Bornand, g\u00e9rante du magasin \"Les Oiseaux pas sages\" sont les invit\u00e9s de \"L'interview du jour\" le lundi 2 juin \u00e0 18h, le mardi 3 juin \u00e0 13h, le samedi 7 juin \u00e0 14h et le dimanche 8 juin \u00e0 11h.","breadcrumb":{"@id":"https:\/\/contactfm72.fr\/?p=19535#breadcrumb"},"inLanguage":"fr-FR","potentialAction":[{"@type":"ReadAction","target":["https:\/\/contactfm72.fr\/?p=19535"]}]},{"@type":"ImageObject","inLanguage":"fr-FR","@id":"https:\/\/contactfm72.fr\/?p=19535#primaryimage","url":"https:\/\/contactfm72.fr\/wp-content\/uploads\/2025\/06\/Visuel-Contact-FM.png","contentUrl":"https:\/\/contactfm72.fr\/wp-content\/uploads\/2025\/06\/Visuel-Contact-FM.png","width":2016,"height":1512},{"@type":"BreadcrumbList","@id":"https:\/\/contactfm72.fr\/?p=19535#breadcrumb","itemListElement":[{"@type":"ListItem","position":1,"name":"Accueil","item":"https:\/\/contactfm72.fr\/"},{"@type":"ListItem","position":2,"name":"Il est temps de chiner \u00e0 La-Chartre-sur-le-Loir !"}]},{"@type":"WebSite","@id":"https:\/\/contactfm72.fr\/#website","url":"https:\/\/contactfm72.fr\/","name":"Contact FM 99.3","description":"Votre radio en vall\u00e9e du Loir","publisher":{"@id":"https:\/\/contactfm72.fr\/#organization"},"potentialAction":[{"@type":"SearchAction","target":{"@type":"EntryPoint","urlTemplate":"https:\/\/contactfm72.fr\/?s={search_term_string}"},"query-input":{"@type":"PropertyValueSpecification","valueRequired":true,"valueName":"search_term_string"}}],"inLanguage":"fr-FR"},{"@type":"Organization","@id":"https:\/\/contactfm72.fr\/#organization","name":"Contact FM 99.3","url":"https:\/\/contactfm72.fr\/","logo":{"@type":"ImageObject","inLanguage":"fr-FR","@id":"https:\/\/contactfm72.fr\/#\/schema\/logo\/image\/","url":"https:\/\/contactfm72.fr\/wp-content\/uploads\/2025\/04\/2025-04-18-2.jpg","contentUrl":"https:\/\/contactfm72.fr\/wp-content\/uploads\/2025\/04\/2025-04-18-2.jpg","width":680,"height":307,"caption":"Contact FM 99.3"},"image":{"@id":"https:\/\/contactfm72.fr\/#\/schema\/logo\/image\/"},"sameAs":["https:\/\/www.facebook.com\/Contactfm.Chateauduloir","https:\/\/x.com\/contactfm72","https:\/\/www.instagram.com\/contact.fm.72?igsh=cGhlMHQ5N2JlNnpp","https:\/\/www.tiktok.com\/@contact.fm"]},{"@type":"Person","@id":"https:\/\/contactfm72.fr\/#\/schema\/person\/d2ef09cdea7331b185acaddc4d14dda8","name":"redaction2@contactfm72.fr","image":{"@type":"ImageObject","inLanguage":"fr-FR","@id":"https:\/\/secure.gravatar.com\/avatar\/897f3d57289c1f4c62cade1c2606ba6ded18d5f1676845e668a9f21cb751c06b?s=96&d=mm&r=g","url":"https:\/\/secure.gravatar.com\/avatar\/897f3d57289c1f4c62cade1c2606ba6ded18d5f1676845e668a9f21cb751c06b?s=96&d=mm&r=g","contentUrl":"https:\/\/secure.gravatar.com\/avatar\/897f3d57289c1f4c62cade1c2606ba6ded18d5f1676845e668a9f21cb751c06b?s=96&d=mm&r=g","caption":"redaction2@contactfm72.fr"},"url":"https:\/\/contactfm72.fr\/?author=5"}]}},"_links":{"self":[{"href":"https:\/\/contactfm72.fr\/index.php?rest_route=\/wp\/v2\/posts\/19535","targetHints":{"allow":["GET"]}}],"collection":[{"href":"https:\/\/contactfm72.fr\/index.php?rest_route=\/wp\/v2\/posts"}],"about":[{"href":"https:\/\/contactfm72.fr\/index.php?rest_route=\/wp\/v2\/types\/post"}],"author":[{"embeddable":true,"href":"https:\/\/contactfm72.fr\/index.php?rest_route=\/wp\/v2\/users\/5"}],"replies":[{"embeddable":true,"href":"https:\/\/contactfm72.fr\/index.php?rest_route=%2Fwp%2Fv2%2Fcomments&post=19535"}],"version-history":[{"count":1,"href":"https:\/\/contactfm72.fr\/index.php?rest_route=\/wp\/v2\/posts\/19535\/revisions"}],"predecessor-version":[{"id":19537,"href":"https:\/\/contactfm72.fr\/index.php?rest_route=\/wp\/v2\/posts\/19535\/revisions\/19537"}],"wp:featuredmedia":[{"embeddable":true,"href":"https:\/\/contactfm72.fr\/index.php?rest_route=\/wp\/v2\/media\/19536"}],"wp:attachment":[{"href":"https:\/\/contactfm72.fr\/index.php?rest_route=%2Fwp%2Fv2%2Fmedia&parent=19535"}],"wp:term":[{"taxonomy":"category","embeddable":true,"href":"https:\/\/contactfm72.fr\/index.php?rest_route=%2Fwp%2Fv2%2Fcategories&post=19535"},{"taxonomy":"post_tag","embeddable":true,"href":"https:\/\/contactfm72.fr\/index.php?rest_route=%2Fwp%2Fv2%2Ftags&post=19535"}],"curies":[{"name":"wp","href":"https:\/\/api.w.org\/{rel}","templated":true}]}}