{"id":19504,"date":"2025-05-28T15:40:05","date_gmt":"2025-05-28T13:40:05","guid":{"rendered":"https:\/\/contactfm72.fr\/?p=19504"},"modified":"2025-05-28T15:52:23","modified_gmt":"2025-05-28T13:52:23","slug":"cest-la-31e-edition-pour-la-fete-des-jardiniers-au-lude","status":"publish","type":"post","link":"https:\/\/contactfm72.fr\/?p=19504","title":{"rendered":"C&#8217;est la 31e \u00e9dition de la f\u00eate des Jardiniers au ch\u00e2teau du Lude"},"content":{"rendered":"<p>Le ch\u00e2teau du Lude c\u00e9l\u00e8bre sa 31\u00e8me f\u00eate des Jardiniers !<\/p>\n<p data-start=\"228\" data-end=\"440\">Les 31 mai et 1er juin, le Ch\u00e2teau du Lude devient le paradis des amoureux du jardin ! Pour sa 31e \u00e9dition, la F\u00eate des Jardiniers promet un week-end haut en couleurs. Au programme : des exposants, des animations pour petits et grands, des conseils, de quoi repartir les bras charg\u00e9s de plantes. L\u2019\u00e9v\u00e9nement marque aussi les 25 ans du Prix P.J Redout\u00e9, qui c\u00e9l\u00e8bre chaque ann\u00e9e le meilleur livre consacr\u00e9 au jardin. Cette ann\u00e9e, la f\u00eate accueillera \u00e9galement Val\u00e9rie P\u00e9cresse, pr\u00e9sidente de la r\u00e9gion \u00cele-de-France.<\/p>\n<p data-start=\"887\" data-end=\"1057\">Pour en parler, Barbara de Nicola\u00ff, propri\u00e9taire du Ch\u00e2teau du Lude et organisatrice de l\u2019\u00e9v\u00e9nement, est l\u2019invit\u00e9e de &#8220;L\u2019Interview du Jour&#8221; le mercredi 28 mai \u00e0 18h, le vendredi 30 mai \u00e0 13h, le samedi 31 mai \u00e0 14h, le dimanche 1er juin \u00e0 11h.<\/p>\n<div id=\"audioigniter-283\" class=\"audioigniter-root \" data-player-type=\"full\" data-tracks-url=\"https:\/\/contactfm72.fr\/?audioigniter_playlist_id=283\" data-display-track-no=\"false\" data-reverse-track-order=\"false\" data-display-tracklist-covers=\"false\" data-display-active-cover=\"false\" data-display-artist-names=\"false\" data-display-buy-buttons=\"true\" data-buy-buttons-target=\"false\" data-cycle-tracks=\"false\" data-display-credits=\"false\" data-display-tracklist=\"true\" data-allow-tracklist-toggle=\"false\" data-allow-tracklist-loop=\"true\" data-limit-tracklist-height=\"true\" data-volume=\"100\" data-tracklist-height=\"185\" data-allow-track-loop=\"false\" ><\/div>\n<!-- AddThis Advanced Settings generic via filter on the_content --><!-- AddThis Share Buttons generic via filter on the_content -->","protected":false},"excerpt":{"rendered":"<p>Le ch\u00e2teau du Lude c\u00e9l\u00e8bre sa 31\u00e8me f\u00eate des Jardiniers ! Les 31 mai et 1er juin, le Ch\u00e2teau du Lude devient le paradis des amoureux du jardin ! Pour sa 31e \u00e9dition, la F\u00eate des Jardiniers promet un week-end haut en couleurs. Au programme : des exposants, des animations pour petits et grands, des&hellip;<!-- AddThis Advanced Settings generic via filter on get_the_excerpt --><!-- AddThis Share Buttons generic via filter on get_the_excerpt --><\/p>\n","protected":false},"author":5,"featured_media":19506,"comment_status":"closed","ping_status":"open","sticky":false,"template":"","format":"standard","meta":{"footnotes":""},"categories":[1,5],"tags":[],"class_list":["post-19504","post","type-post","status-publish","format-standard","has-post-thumbnail","hentry","category-contact-fm-72","category-linterview-du-jour","category-1","category-5","description-off"],"yoast_head":"<!-- This site is optimized with the Yoast SEO plugin v27.4 - https:\/\/yoast.com\/product\/yoast-seo-wordpress\/ -->\n<title>C&#039;est la 31e \u00e9dition de la f\u00eate des Jardiniers au ch\u00e2teau du Lude - Contact FM 99.3<\/title>\n<meta name=\"description\" content=\"Le ch\u00e2teau du Lude f\u00eate sa 31\u00e8me f\u00eate des Jardiniers !\u00a0Les 31 mai et 1er juin, le Ch\u00e2teau du Lude devient le paradis des amoureux du jardin ! Pour sa 31e \u00e9dition, la F\u00eate des Jardiniers promet un week-end haut en couleurs. Au programme : des exposants, des animations pour petits et grands, des conseils, de quoi repartir les bras charg\u00e9s de plantes. L\u2019\u00e9v\u00e9nement marque aussi les 25 ans du Prix P.J Redout\u00e9, qui c\u00e9l\u00e8bre chaque ann\u00e9e le meilleur livre consacr\u00e9 au jardin. Cette ann\u00e9e, la f\u00eate accueillera \u00e9galement Val\u00e9rie P\u00e9cresse, pr\u00e9sidente de la r\u00e9gion \u00cele-de-France.Pour en parler, Barbara de Nicola\u00ff, propri\u00e9taire du Ch\u00e2teau du Lude et organisatrice de l\u2019\u00e9v\u00e9nement, est l\u2019invit\u00e9e de &quot;L\u2019Interview du Jour&quot; le mercredi 28 mai \u00e0 18h, le vendredi 30 mai \u00e0 13h, le samedi 31 mai \u00e0 14h, le dimanche 1er juin \u00e0 11h.\" \/>\n<meta name=\"robots\" content=\"index, follow, max-snippet:-1, max-image-preview:large, max-video-preview:-1\" \/>\n<link rel=\"canonical\" href=\"https:\/\/contactfm72.fr\/?p=19504\" \/>\n<meta property=\"og:locale\" content=\"fr_FR\" \/>\n<meta property=\"og:type\" content=\"article\" \/>\n<meta property=\"og:title\" content=\"C&#039;est la 31e \u00e9dition de la f\u00eate des Jardiniers au ch\u00e2teau du Lude - Contact FM 99.3\" \/>\n<meta property=\"og:description\" content=\"Le ch\u00e2teau du Lude f\u00eate sa 31\u00e8me f\u00eate des Jardiniers !\u00a0Les 31 mai et 1er juin, le Ch\u00e2teau du Lude devient le paradis des amoureux du jardin ! Pour sa 31e \u00e9dition, la F\u00eate des Jardiniers promet un week-end haut en couleurs. Au programme : des exposants, des animations pour petits et grands, des conseils, de quoi repartir les bras charg\u00e9s de plantes. L\u2019\u00e9v\u00e9nement marque aussi les 25 ans du Prix P.J Redout\u00e9, qui c\u00e9l\u00e8bre chaque ann\u00e9e le meilleur livre consacr\u00e9 au jardin. Cette ann\u00e9e, la f\u00eate accueillera \u00e9galement Val\u00e9rie P\u00e9cresse, pr\u00e9sidente de la r\u00e9gion \u00cele-de-France.Pour en parler, Barbara de Nicola\u00ff, propri\u00e9taire du Ch\u00e2teau du Lude et organisatrice de l\u2019\u00e9v\u00e9nement, est l\u2019invit\u00e9e de &quot;L\u2019Interview du Jour&quot; le mercredi 28 mai \u00e0 18h, le vendredi 30 mai \u00e0 13h, le samedi 31 mai \u00e0 14h, le dimanche 1er juin \u00e0 11h.\" \/>\n<meta property=\"og:url\" content=\"https:\/\/contactfm72.fr\/?p=19504\" \/>\n<meta property=\"og:site_name\" content=\"Contact FM 99.3\" \/>\n<meta property=\"article:publisher\" content=\"https:\/\/www.facebook.com\/Contactfm.Chateauduloir\" \/>\n<meta property=\"article:published_time\" content=\"2025-05-28T13:40:05+00:00\" \/>\n<meta property=\"article:modified_time\" content=\"2025-05-28T13:52:23+00:00\" \/>\n<meta property=\"og:image\" content=\"http:\/\/contactfm72.fr\/wp-content\/uploads\/2025\/05\/Visuel-Contact-FM.jpg\" \/>\n\t<meta property=\"og:image:width\" content=\"2016\" \/>\n\t<meta property=\"og:image:height\" content=\"1512\" \/>\n\t<meta property=\"og:image:type\" content=\"image\/jpeg\" \/>\n<meta name=\"author\" content=\"redaction2@contactfm72.fr\" \/>\n<meta name=\"twitter:card\" content=\"summary_large_image\" \/>\n<meta name=\"twitter:creator\" content=\"@contactfm72\" \/>\n<meta name=\"twitter:site\" content=\"@contactfm72\" \/>\n<meta name=\"twitter:label1\" content=\"\u00c9crit par\" \/>\n\t<meta name=\"twitter:data1\" content=\"redaction2@contactfm72.fr\" \/>\n\t<meta name=\"twitter:label2\" content=\"Dur\u00e9e de lecture estim\u00e9e\" \/>\n\t<meta name=\"twitter:data2\" content=\"1 minute\" \/>\n<script type=\"application\/ld+json\" class=\"yoast-schema-graph\">{\"@context\":\"https:\\\/\\\/schema.org\",\"@graph\":[{\"@type\":\"Article\",\"@id\":\"https:\\\/\\\/contactfm72.fr\\\/?p=19504#article\",\"isPartOf\":{\"@id\":\"https:\\\/\\\/contactfm72.fr\\\/?p=19504\"},\"author\":{\"name\":\"redaction2@contactfm72.fr\",\"@id\":\"https:\\\/\\\/contactfm72.fr\\\/#\\\/schema\\\/person\\\/d2ef09cdea7331b185acaddc4d14dda8\"},\"headline\":\"C&#8217;est la 31e \u00e9dition de la f\u00eate des Jardiniers au ch\u00e2teau du Lude\",\"datePublished\":\"2025-05-28T13:40:05+00:00\",\"dateModified\":\"2025-05-28T13:52:23+00:00\",\"mainEntityOfPage\":{\"@id\":\"https:\\\/\\\/contactfm72.fr\\\/?p=19504\"},\"wordCount\":175,\"publisher\":{\"@id\":\"https:\\\/\\\/contactfm72.fr\\\/#organization\"},\"image\":{\"@id\":\"https:\\\/\\\/contactfm72.fr\\\/?p=19504#primaryimage\"},\"thumbnailUrl\":\"https:\\\/\\\/contactfm72.fr\\\/wp-content\\\/uploads\\\/2025\\\/05\\\/Visuel-Contact-FM.jpg\",\"articleSection\":[\"Contact FM 72\",\"L'interview du jour\"],\"inLanguage\":\"fr-FR\"},{\"@type\":\"WebPage\",\"@id\":\"https:\\\/\\\/contactfm72.fr\\\/?p=19504\",\"url\":\"https:\\\/\\\/contactfm72.fr\\\/?p=19504\",\"name\":\"C'est la 31e \u00e9dition de la f\u00eate des Jardiniers au ch\u00e2teau du Lude - Contact FM 99.3\",\"isPartOf\":{\"@id\":\"https:\\\/\\\/contactfm72.fr\\\/#website\"},\"primaryImageOfPage\":{\"@id\":\"https:\\\/\\\/contactfm72.fr\\\/?p=19504#primaryimage\"},\"image\":{\"@id\":\"https:\\\/\\\/contactfm72.fr\\\/?p=19504#primaryimage\"},\"thumbnailUrl\":\"https:\\\/\\\/contactfm72.fr\\\/wp-content\\\/uploads\\\/2025\\\/05\\\/Visuel-Contact-FM.jpg\",\"datePublished\":\"2025-05-28T13:40:05+00:00\",\"dateModified\":\"2025-05-28T13:52:23+00:00\",\"description\":\"Le ch\u00e2teau du Lude f\u00eate sa 31\u00e8me f\u00eate des Jardiniers !\u00a0Les 31 mai et 1er juin, le Ch\u00e2teau du Lude devient le paradis des amoureux du jardin ! Pour sa 31e \u00e9dition, la F\u00eate des Jardiniers promet un week-end haut en couleurs. Au programme : des exposants, des animations pour petits et grands, des conseils, de quoi repartir les bras charg\u00e9s de plantes. L\u2019\u00e9v\u00e9nement marque aussi les 25 ans du Prix P.J Redout\u00e9, qui c\u00e9l\u00e8bre chaque ann\u00e9e le meilleur livre consacr\u00e9 au jardin. Cette ann\u00e9e, la f\u00eate accueillera \u00e9galement Val\u00e9rie P\u00e9cresse, pr\u00e9sidente de la r\u00e9gion \u00cele-de-France.Pour en parler, Barbara de Nicola\u00ff, propri\u00e9taire du Ch\u00e2teau du Lude et organisatrice de l\u2019\u00e9v\u00e9nement, est l\u2019invit\u00e9e de \\\"L\u2019Interview du Jour\\\" le mercredi 28 mai \u00e0 18h, le vendredi 30 mai \u00e0 13h, le samedi 31 mai \u00e0 14h, le dimanche 1er juin \u00e0 11h.\",\"breadcrumb\":{\"@id\":\"https:\\\/\\\/contactfm72.fr\\\/?p=19504#breadcrumb\"},\"inLanguage\":\"fr-FR\",\"potentialAction\":[{\"@type\":\"ReadAction\",\"target\":[\"https:\\\/\\\/contactfm72.fr\\\/?p=19504\"]}]},{\"@type\":\"ImageObject\",\"inLanguage\":\"fr-FR\",\"@id\":\"https:\\\/\\\/contactfm72.fr\\\/?p=19504#primaryimage\",\"url\":\"https:\\\/\\\/contactfm72.fr\\\/wp-content\\\/uploads\\\/2025\\\/05\\\/Visuel-Contact-FM.jpg\",\"contentUrl\":\"https:\\\/\\\/contactfm72.fr\\\/wp-content\\\/uploads\\\/2025\\\/05\\\/Visuel-Contact-FM.jpg\",\"width\":2016,\"height\":1512},{\"@type\":\"BreadcrumbList\",\"@id\":\"https:\\\/\\\/contactfm72.fr\\\/?p=19504#breadcrumb\",\"itemListElement\":[{\"@type\":\"ListItem\",\"position\":1,\"name\":\"Accueil\",\"item\":\"https:\\\/\\\/contactfm72.fr\\\/\"},{\"@type\":\"ListItem\",\"position\":2,\"name\":\"C&#8217;est la 31e \u00e9dition de la f\u00eate des Jardiniers au ch\u00e2teau du Lude\"}]},{\"@type\":\"WebSite\",\"@id\":\"https:\\\/\\\/contactfm72.fr\\\/#website\",\"url\":\"https:\\\/\\\/contactfm72.fr\\\/\",\"name\":\"Contact FM 99.3\",\"description\":\"Votre radio en vall\u00e9e du Loir\",\"publisher\":{\"@id\":\"https:\\\/\\\/contactfm72.fr\\\/#organization\"},\"potentialAction\":[{\"@type\":\"SearchAction\",\"target\":{\"@type\":\"EntryPoint\",\"urlTemplate\":\"https:\\\/\\\/contactfm72.fr\\\/?s={search_term_string}\"},\"query-input\":{\"@type\":\"PropertyValueSpecification\",\"valueRequired\":true,\"valueName\":\"search_term_string\"}}],\"inLanguage\":\"fr-FR\"},{\"@type\":\"Organization\",\"@id\":\"https:\\\/\\\/contactfm72.fr\\\/#organization\",\"name\":\"Contact FM 99.3\",\"url\":\"https:\\\/\\\/contactfm72.fr\\\/\",\"logo\":{\"@type\":\"ImageObject\",\"inLanguage\":\"fr-FR\",\"@id\":\"https:\\\/\\\/contactfm72.fr\\\/#\\\/schema\\\/logo\\\/image\\\/\",\"url\":\"https:\\\/\\\/contactfm72.fr\\\/wp-content\\\/uploads\\\/2025\\\/04\\\/2025-04-18-2.jpg\",\"contentUrl\":\"https:\\\/\\\/contactfm72.fr\\\/wp-content\\\/uploads\\\/2025\\\/04\\\/2025-04-18-2.jpg\",\"width\":680,\"height\":307,\"caption\":\"Contact FM 99.3\"},\"image\":{\"@id\":\"https:\\\/\\\/contactfm72.fr\\\/#\\\/schema\\\/logo\\\/image\\\/\"},\"sameAs\":[\"https:\\\/\\\/www.facebook.com\\\/Contactfm.Chateauduloir\",\"https:\\\/\\\/x.com\\\/contactfm72\",\"https:\\\/\\\/www.instagram.com\\\/contact.fm.72?igsh=cGhlMHQ5N2JlNnpp\",\"https:\\\/\\\/www.tiktok.com\\\/@contact.fm\"]},{\"@type\":\"Person\",\"@id\":\"https:\\\/\\\/contactfm72.fr\\\/#\\\/schema\\\/person\\\/d2ef09cdea7331b185acaddc4d14dda8\",\"name\":\"redaction2@contactfm72.fr\",\"image\":{\"@type\":\"ImageObject\",\"inLanguage\":\"fr-FR\",\"@id\":\"https:\\\/\\\/secure.gravatar.com\\\/avatar\\\/897f3d57289c1f4c62cade1c2606ba6ded18d5f1676845e668a9f21cb751c06b?s=96&d=mm&r=g\",\"url\":\"https:\\\/\\\/secure.gravatar.com\\\/avatar\\\/897f3d57289c1f4c62cade1c2606ba6ded18d5f1676845e668a9f21cb751c06b?s=96&d=mm&r=g\",\"contentUrl\":\"https:\\\/\\\/secure.gravatar.com\\\/avatar\\\/897f3d57289c1f4c62cade1c2606ba6ded18d5f1676845e668a9f21cb751c06b?s=96&d=mm&r=g\",\"caption\":\"redaction2@contactfm72.fr\"},\"url\":\"https:\\\/\\\/contactfm72.fr\\\/?author=5\"}]}<\/script>\n<!-- \/ Yoast SEO plugin. -->","yoast_head_json":{"title":"C'est la 31e \u00e9dition de la f\u00eate des Jardiniers au ch\u00e2teau du Lude - Contact FM 99.3","description":"Le ch\u00e2teau du Lude f\u00eate sa 31\u00e8me f\u00eate des Jardiniers !\u00a0Les 31 mai et 1er juin, le Ch\u00e2teau du Lude devient le paradis des amoureux du jardin ! Pour sa 31e \u00e9dition, la F\u00eate des Jardiniers promet un week-end haut en couleurs. Au programme : des exposants, des animations pour petits et grands, des conseils, de quoi repartir les bras charg\u00e9s de plantes. L\u2019\u00e9v\u00e9nement marque aussi les 25 ans du Prix P.J Redout\u00e9, qui c\u00e9l\u00e8bre chaque ann\u00e9e le meilleur livre consacr\u00e9 au jardin. Cette ann\u00e9e, la f\u00eate accueillera \u00e9galement Val\u00e9rie P\u00e9cresse, pr\u00e9sidente de la r\u00e9gion \u00cele-de-France.Pour en parler, Barbara de Nicola\u00ff, propri\u00e9taire du Ch\u00e2teau du Lude et organisatrice de l\u2019\u00e9v\u00e9nement, est l\u2019invit\u00e9e de \"L\u2019Interview du Jour\" le mercredi 28 mai \u00e0 18h, le vendredi 30 mai \u00e0 13h, le samedi 31 mai \u00e0 14h, le dimanche 1er juin \u00e0 11h.","robots":{"index":"index","follow":"follow","max-snippet":"max-snippet:-1","max-image-preview":"max-image-preview:large","max-video-preview":"max-video-preview:-1"},"canonical":"https:\/\/contactfm72.fr\/?p=19504","og_locale":"fr_FR","og_type":"article","og_title":"C'est la 31e \u00e9dition de la f\u00eate des Jardiniers au ch\u00e2teau du Lude - Contact FM 99.3","og_description":"Le ch\u00e2teau du Lude f\u00eate sa 31\u00e8me f\u00eate des Jardiniers !\u00a0Les 31 mai et 1er juin, le Ch\u00e2teau du Lude devient le paradis des amoureux du jardin ! Pour sa 31e \u00e9dition, la F\u00eate des Jardiniers promet un week-end haut en couleurs. Au programme : des exposants, des animations pour petits et grands, des conseils, de quoi repartir les bras charg\u00e9s de plantes. L\u2019\u00e9v\u00e9nement marque aussi les 25 ans du Prix P.J Redout\u00e9, qui c\u00e9l\u00e8bre chaque ann\u00e9e le meilleur livre consacr\u00e9 au jardin. Cette ann\u00e9e, la f\u00eate accueillera \u00e9galement Val\u00e9rie P\u00e9cresse, pr\u00e9sidente de la r\u00e9gion \u00cele-de-France.Pour en parler, Barbara de Nicola\u00ff, propri\u00e9taire du Ch\u00e2teau du Lude et organisatrice de l\u2019\u00e9v\u00e9nement, est l\u2019invit\u00e9e de \"L\u2019Interview du Jour\" le mercredi 28 mai \u00e0 18h, le vendredi 30 mai \u00e0 13h, le samedi 31 mai \u00e0 14h, le dimanche 1er juin \u00e0 11h.","og_url":"https:\/\/contactfm72.fr\/?p=19504","og_site_name":"Contact FM 99.3","article_publisher":"https:\/\/www.facebook.com\/Contactfm.Chateauduloir","article_published_time":"2025-05-28T13:40:05+00:00","article_modified_time":"2025-05-28T13:52:23+00:00","og_image":[{"width":2016,"height":1512,"url":"http:\/\/contactfm72.fr\/wp-content\/uploads\/2025\/05\/Visuel-Contact-FM.jpg","type":"image\/jpeg"}],"author":"redaction2@contactfm72.fr","twitter_card":"summary_large_image","twitter_creator":"@contactfm72","twitter_site":"@contactfm72","twitter_misc":{"\u00c9crit par":"redaction2@contactfm72.fr","Dur\u00e9e de lecture estim\u00e9e":"1 minute"},"schema":{"@context":"https:\/\/schema.org","@graph":[{"@type":"Article","@id":"https:\/\/contactfm72.fr\/?p=19504#article","isPartOf":{"@id":"https:\/\/contactfm72.fr\/?p=19504"},"author":{"name":"redaction2@contactfm72.fr","@id":"https:\/\/contactfm72.fr\/#\/schema\/person\/d2ef09cdea7331b185acaddc4d14dda8"},"headline":"C&#8217;est la 31e \u00e9dition de la f\u00eate des Jardiniers au ch\u00e2teau du Lude","datePublished":"2025-05-28T13:40:05+00:00","dateModified":"2025-05-28T13:52:23+00:00","mainEntityOfPage":{"@id":"https:\/\/contactfm72.fr\/?p=19504"},"wordCount":175,"publisher":{"@id":"https:\/\/contactfm72.fr\/#organization"},"image":{"@id":"https:\/\/contactfm72.fr\/?p=19504#primaryimage"},"thumbnailUrl":"https:\/\/contactfm72.fr\/wp-content\/uploads\/2025\/05\/Visuel-Contact-FM.jpg","articleSection":["Contact FM 72","L'interview du jour"],"inLanguage":"fr-FR"},{"@type":"WebPage","@id":"https:\/\/contactfm72.fr\/?p=19504","url":"https:\/\/contactfm72.fr\/?p=19504","name":"C'est la 31e \u00e9dition de la f\u00eate des Jardiniers au ch\u00e2teau du Lude - Contact FM 99.3","isPartOf":{"@id":"https:\/\/contactfm72.fr\/#website"},"primaryImageOfPage":{"@id":"https:\/\/contactfm72.fr\/?p=19504#primaryimage"},"image":{"@id":"https:\/\/contactfm72.fr\/?p=19504#primaryimage"},"thumbnailUrl":"https:\/\/contactfm72.fr\/wp-content\/uploads\/2025\/05\/Visuel-Contact-FM.jpg","datePublished":"2025-05-28T13:40:05+00:00","dateModified":"2025-05-28T13:52:23+00:00","description":"Le ch\u00e2teau du Lude f\u00eate sa 31\u00e8me f\u00eate des Jardiniers !\u00a0Les 31 mai et 1er juin, le Ch\u00e2teau du Lude devient le paradis des amoureux du jardin ! Pour sa 31e \u00e9dition, la F\u00eate des Jardiniers promet un week-end haut en couleurs. Au programme : des exposants, des animations pour petits et grands, des conseils, de quoi repartir les bras charg\u00e9s de plantes. L\u2019\u00e9v\u00e9nement marque aussi les 25 ans du Prix P.J Redout\u00e9, qui c\u00e9l\u00e8bre chaque ann\u00e9e le meilleur livre consacr\u00e9 au jardin. Cette ann\u00e9e, la f\u00eate accueillera \u00e9galement Val\u00e9rie P\u00e9cresse, pr\u00e9sidente de la r\u00e9gion \u00cele-de-France.Pour en parler, Barbara de Nicola\u00ff, propri\u00e9taire du Ch\u00e2teau du Lude et organisatrice de l\u2019\u00e9v\u00e9nement, est l\u2019invit\u00e9e de \"L\u2019Interview du Jour\" le mercredi 28 mai \u00e0 18h, le vendredi 30 mai \u00e0 13h, le samedi 31 mai \u00e0 14h, le dimanche 1er juin \u00e0 11h.","breadcrumb":{"@id":"https:\/\/contactfm72.fr\/?p=19504#breadcrumb"},"inLanguage":"fr-FR","potentialAction":[{"@type":"ReadAction","target":["https:\/\/contactfm72.fr\/?p=19504"]}]},{"@type":"ImageObject","inLanguage":"fr-FR","@id":"https:\/\/contactfm72.fr\/?p=19504#primaryimage","url":"https:\/\/contactfm72.fr\/wp-content\/uploads\/2025\/05\/Visuel-Contact-FM.jpg","contentUrl":"https:\/\/contactfm72.fr\/wp-content\/uploads\/2025\/05\/Visuel-Contact-FM.jpg","width":2016,"height":1512},{"@type":"BreadcrumbList","@id":"https:\/\/contactfm72.fr\/?p=19504#breadcrumb","itemListElement":[{"@type":"ListItem","position":1,"name":"Accueil","item":"https:\/\/contactfm72.fr\/"},{"@type":"ListItem","position":2,"name":"C&#8217;est la 31e \u00e9dition de la f\u00eate des Jardiniers au ch\u00e2teau du Lude"}]},{"@type":"WebSite","@id":"https:\/\/contactfm72.fr\/#website","url":"https:\/\/contactfm72.fr\/","name":"Contact FM 99.3","description":"Votre radio en vall\u00e9e du Loir","publisher":{"@id":"https:\/\/contactfm72.fr\/#organization"},"potentialAction":[{"@type":"SearchAction","target":{"@type":"EntryPoint","urlTemplate":"https:\/\/contactfm72.fr\/?s={search_term_string}"},"query-input":{"@type":"PropertyValueSpecification","valueRequired":true,"valueName":"search_term_string"}}],"inLanguage":"fr-FR"},{"@type":"Organization","@id":"https:\/\/contactfm72.fr\/#organization","name":"Contact FM 99.3","url":"https:\/\/contactfm72.fr\/","logo":{"@type":"ImageObject","inLanguage":"fr-FR","@id":"https:\/\/contactfm72.fr\/#\/schema\/logo\/image\/","url":"https:\/\/contactfm72.fr\/wp-content\/uploads\/2025\/04\/2025-04-18-2.jpg","contentUrl":"https:\/\/contactfm72.fr\/wp-content\/uploads\/2025\/04\/2025-04-18-2.jpg","width":680,"height":307,"caption":"Contact FM 99.3"},"image":{"@id":"https:\/\/contactfm72.fr\/#\/schema\/logo\/image\/"},"sameAs":["https:\/\/www.facebook.com\/Contactfm.Chateauduloir","https:\/\/x.com\/contactfm72","https:\/\/www.instagram.com\/contact.fm.72?igsh=cGhlMHQ5N2JlNnpp","https:\/\/www.tiktok.com\/@contact.fm"]},{"@type":"Person","@id":"https:\/\/contactfm72.fr\/#\/schema\/person\/d2ef09cdea7331b185acaddc4d14dda8","name":"redaction2@contactfm72.fr","image":{"@type":"ImageObject","inLanguage":"fr-FR","@id":"https:\/\/secure.gravatar.com\/avatar\/897f3d57289c1f4c62cade1c2606ba6ded18d5f1676845e668a9f21cb751c06b?s=96&d=mm&r=g","url":"https:\/\/secure.gravatar.com\/avatar\/897f3d57289c1f4c62cade1c2606ba6ded18d5f1676845e668a9f21cb751c06b?s=96&d=mm&r=g","contentUrl":"https:\/\/secure.gravatar.com\/avatar\/897f3d57289c1f4c62cade1c2606ba6ded18d5f1676845e668a9f21cb751c06b?s=96&d=mm&r=g","caption":"redaction2@contactfm72.fr"},"url":"https:\/\/contactfm72.fr\/?author=5"}]}},"_links":{"self":[{"href":"https:\/\/contactfm72.fr\/index.php?rest_route=\/wp\/v2\/posts\/19504","targetHints":{"allow":["GET"]}}],"collection":[{"href":"https:\/\/contactfm72.fr\/index.php?rest_route=\/wp\/v2\/posts"}],"about":[{"href":"https:\/\/contactfm72.fr\/index.php?rest_route=\/wp\/v2\/types\/post"}],"author":[{"embeddable":true,"href":"https:\/\/contactfm72.fr\/index.php?rest_route=\/wp\/v2\/users\/5"}],"replies":[{"embeddable":true,"href":"https:\/\/contactfm72.fr\/index.php?rest_route=%2Fwp%2Fv2%2Fcomments&post=19504"}],"version-history":[{"count":3,"href":"https:\/\/contactfm72.fr\/index.php?rest_route=\/wp\/v2\/posts\/19504\/revisions"}],"predecessor-version":[{"id":19510,"href":"https:\/\/contactfm72.fr\/index.php?rest_route=\/wp\/v2\/posts\/19504\/revisions\/19510"}],"wp:featuredmedia":[{"embeddable":true,"href":"https:\/\/contactfm72.fr\/index.php?rest_route=\/wp\/v2\/media\/19506"}],"wp:attachment":[{"href":"https:\/\/contactfm72.fr\/index.php?rest_route=%2Fwp%2Fv2%2Fmedia&parent=19504"}],"wp:term":[{"taxonomy":"category","embeddable":true,"href":"https:\/\/contactfm72.fr\/index.php?rest_route=%2Fwp%2Fv2%2Fcategories&post=19504"},{"taxonomy":"post_tag","embeddable":true,"href":"https:\/\/contactfm72.fr\/index.php?rest_route=%2Fwp%2Fv2%2Ftags&post=19504"}],"curies":[{"name":"wp","href":"https:\/\/api.w.org\/{rel}","templated":true}]}}