{"id":19500,"date":"2025-05-28T15:00:17","date_gmt":"2025-05-28T13:00:17","guid":{"rendered":"https:\/\/contactfm72.fr\/?p=19500"},"modified":"2025-05-28T16:01:16","modified_gmt":"2025-05-28T14:01:16","slug":"le-delic-le-quotidien-ultra-productif-daurelien-et-elvis-kabaklija","status":"publish","type":"post","link":"https:\/\/contactfm72.fr\/?p=19500","title":{"rendered":"Le Delic &#8211; Le quotidien ultra productif d&#8217;Aur\u00e9lien et Elvis Kabaklija"},"content":{"rendered":"<p data-start=\"224\" data-end=\"634\">\u00catre entrepreneur, c\u2019est avoir 1000 casquettes !<\/p>\n<p data-start=\"224\" data-end=\"634\">Certains le font avec brio ! C\u2019est le cas d\u2019Aur\u00e9lien et Elvis Kabaklija, deux personnes que vous avez probablement crois\u00e9es \u00e0 Montval-sur-Loir. Notamment chez Elcorp, leur boutique d\u2019informatique, ou chez <strong data-start=\"538\" data-end=\"551\">Elau Food<\/strong>, leur restaurant. Ces entrepreneurs aux journ\u00e9es bien remplies nous partagent leur quotidien dans <strong data-start=\"716\" data-end=\"731\">&#8220;Le D\u00e9clic&#8221;<\/strong>. Ils nous racontent les coulisses de leur quotidien.<\/p>\n<p data-start=\"224\" data-end=\"634\">Les deux passionn\u00e9s sont dans le magazine &#8220;Le D\u00e9clic&#8221; le mercredi 28 mai \u00e0 17h30 et le mardi 3 juin \u00e0 12h30.<\/p>\n<p data-start=\"224\" data-end=\"634\"><div id=\"audioigniter-17427\" class=\"audioigniter-root \" data-player-type=\"full\" data-tracks-url=\"https:\/\/contactfm72.fr\/?audioigniter_playlist_id=17427\" data-display-track-no=\"true\" data-reverse-track-order=\"false\" data-display-tracklist-covers=\"true\" data-display-active-cover=\"true\" data-display-artist-names=\"true\" data-display-buy-buttons=\"true\" data-buy-buttons-target=\"true\" data-cycle-tracks=\"false\" data-display-credits=\"false\" data-display-tracklist=\"true\" data-allow-tracklist-toggle=\"true\" data-allow-tracklist-loop=\"true\" data-limit-tracklist-height=\"true\" data-volume=\"100\" data-tracklist-height=\"185\" data-allow-track-loop=\"false\" ><\/div>\n<p data-start=\"224\" data-end=\"634\">\n<!-- AddThis Advanced Settings generic via filter on the_content --><!-- AddThis Share Buttons generic via filter on the_content -->","protected":false},"excerpt":{"rendered":"<p>\u00catre entrepreneur, c\u2019est avoir 1000 casquettes ! Certains le font avec brio ! C\u2019est le cas d\u2019Aur\u00e9lien et Elvis Kabaklija, deux personnes que vous avez probablement crois\u00e9es \u00e0 Montval-sur-Loir. Notamment chez Elcorp, leur boutique d\u2019informatique, ou chez Elau Food, leur restaurant. Ces entrepreneurs aux journ\u00e9es bien remplies nous partagent leur quotidien dans &#8220;Le D\u00e9clic&#8221;. Ils&hellip;<!-- AddThis Advanced Settings generic via filter on get_the_excerpt --><!-- AddThis Share Buttons generic via filter on get_the_excerpt --><\/p>\n","protected":false},"author":5,"featured_media":19501,"comment_status":"closed","ping_status":"open","sticky":false,"template":"","format":"standard","meta":{"footnotes":""},"categories":[1],"tags":[],"class_list":["post-19500","post","type-post","status-publish","format-standard","has-post-thumbnail","hentry","category-contact-fm-72","category-1","description-off"],"yoast_head":"<!-- This site is optimized with the Yoast SEO plugin v27.4 - https:\/\/yoast.com\/product\/yoast-seo-wordpress\/ -->\n<title>Le Delic - Le quotidien ultra productif d&#039;Aur\u00e9lien et Elvis Kabaklija - Contact FM 99.3<\/title>\n<meta name=\"description\" content=\"\u00catre entrepreneur, c\u2019est avoir 1000 casquettes, courir apr\u00e8s le temps\u2026Certains le font avec brio ! C\u2019est le cas d\u2019Aur\u00e9lien et Elvis Kabaklija, deux personnes que vous avez probablement crois\u00e9 \u00e0 Montval-sur-Loir. Notamment chez Elcorp, leur boutique d\u2019informatique, ou chez Elau Food, leur restaurant. Ces entrepreneurs aux journ\u00e9es bien remplies nous partagent leur quotidien dans &quot;Le D\u00e9clic&quot;. Ils nous racontent les coulisses de leur quotidien.Les deux passionn\u00e9s sont dans le magazine &quot;Le D\u00e9clic&quot; le mercredi 28 mai \u00e0 17h30 et le mardi 3 juin \u00e0 12h30.\" \/>\n<meta name=\"robots\" content=\"index, follow, max-snippet:-1, max-image-preview:large, max-video-preview:-1\" \/>\n<link rel=\"canonical\" href=\"https:\/\/contactfm72.fr\/?p=19500\" \/>\n<meta property=\"og:locale\" content=\"fr_FR\" \/>\n<meta property=\"og:type\" content=\"article\" \/>\n<meta property=\"og:title\" content=\"Le Delic - Le quotidien ultra productif d&#039;Aur\u00e9lien et Elvis Kabaklija - Contact FM 99.3\" \/>\n<meta property=\"og:description\" content=\"\u00catre entrepreneur, c\u2019est avoir 1000 casquettes, courir apr\u00e8s le temps\u2026Certains le font avec brio ! C\u2019est le cas d\u2019Aur\u00e9lien et Elvis Kabaklija, deux personnes que vous avez probablement crois\u00e9 \u00e0 Montval-sur-Loir. Notamment chez Elcorp, leur boutique d\u2019informatique, ou chez Elau Food, leur restaurant. Ces entrepreneurs aux journ\u00e9es bien remplies nous partagent leur quotidien dans &quot;Le D\u00e9clic&quot;. Ils nous racontent les coulisses de leur quotidien.Les deux passionn\u00e9s sont dans le magazine &quot;Le D\u00e9clic&quot; le mercredi 28 mai \u00e0 17h30 et le mardi 3 juin \u00e0 12h30.\" \/>\n<meta property=\"og:url\" content=\"https:\/\/contactfm72.fr\/?p=19500\" \/>\n<meta property=\"og:site_name\" content=\"Contact FM 99.3\" \/>\n<meta property=\"article:publisher\" content=\"https:\/\/www.facebook.com\/Contactfm.Chateauduloir\" \/>\n<meta property=\"article:published_time\" content=\"2025-05-28T13:00:17+00:00\" \/>\n<meta property=\"article:modified_time\" content=\"2025-05-28T14:01:16+00:00\" \/>\n<meta property=\"og:image\" content=\"http:\/\/contactfm72.fr\/wp-content\/uploads\/2025\/05\/aurelien.jpg\" \/>\n\t<meta property=\"og:image:width\" content=\"2016\" \/>\n\t<meta property=\"og:image:height\" content=\"1512\" \/>\n\t<meta property=\"og:image:type\" content=\"image\/jpeg\" \/>\n<meta name=\"author\" content=\"redaction2@contactfm72.fr\" \/>\n<meta name=\"twitter:card\" content=\"summary_large_image\" \/>\n<meta name=\"twitter:creator\" content=\"@contactfm72\" \/>\n<meta name=\"twitter:site\" content=\"@contactfm72\" \/>\n<meta name=\"twitter:label1\" content=\"\u00c9crit par\" \/>\n\t<meta name=\"twitter:data1\" content=\"redaction2@contactfm72.fr\" \/>\n\t<meta name=\"twitter:label2\" content=\"Dur\u00e9e de lecture estim\u00e9e\" \/>\n\t<meta name=\"twitter:data2\" content=\"1 minute\" \/>\n<script type=\"application\/ld+json\" class=\"yoast-schema-graph\">{\"@context\":\"https:\\\/\\\/schema.org\",\"@graph\":[{\"@type\":\"Article\",\"@id\":\"https:\\\/\\\/contactfm72.fr\\\/?p=19500#article\",\"isPartOf\":{\"@id\":\"https:\\\/\\\/contactfm72.fr\\\/?p=19500\"},\"author\":{\"name\":\"redaction2@contactfm72.fr\",\"@id\":\"https:\\\/\\\/contactfm72.fr\\\/#\\\/schema\\\/person\\\/d2ef09cdea7331b185acaddc4d14dda8\"},\"headline\":\"Le Delic &#8211; Le quotidien ultra productif d&#8217;Aur\u00e9lien et Elvis Kabaklija\",\"datePublished\":\"2025-05-28T13:00:17+00:00\",\"dateModified\":\"2025-05-28T14:01:16+00:00\",\"mainEntityOfPage\":{\"@id\":\"https:\\\/\\\/contactfm72.fr\\\/?p=19500\"},\"wordCount\":102,\"publisher\":{\"@id\":\"https:\\\/\\\/contactfm72.fr\\\/#organization\"},\"image\":{\"@id\":\"https:\\\/\\\/contactfm72.fr\\\/?p=19500#primaryimage\"},\"thumbnailUrl\":\"https:\\\/\\\/contactfm72.fr\\\/wp-content\\\/uploads\\\/2025\\\/05\\\/aurelien.jpg\",\"articleSection\":[\"Contact FM 72\"],\"inLanguage\":\"fr-FR\"},{\"@type\":\"WebPage\",\"@id\":\"https:\\\/\\\/contactfm72.fr\\\/?p=19500\",\"url\":\"https:\\\/\\\/contactfm72.fr\\\/?p=19500\",\"name\":\"Le Delic - Le quotidien ultra productif d'Aur\u00e9lien et Elvis Kabaklija - Contact FM 99.3\",\"isPartOf\":{\"@id\":\"https:\\\/\\\/contactfm72.fr\\\/#website\"},\"primaryImageOfPage\":{\"@id\":\"https:\\\/\\\/contactfm72.fr\\\/?p=19500#primaryimage\"},\"image\":{\"@id\":\"https:\\\/\\\/contactfm72.fr\\\/?p=19500#primaryimage\"},\"thumbnailUrl\":\"https:\\\/\\\/contactfm72.fr\\\/wp-content\\\/uploads\\\/2025\\\/05\\\/aurelien.jpg\",\"datePublished\":\"2025-05-28T13:00:17+00:00\",\"dateModified\":\"2025-05-28T14:01:16+00:00\",\"description\":\"\u00catre entrepreneur, c\u2019est avoir 1000 casquettes, courir apr\u00e8s le temps\u2026Certains le font avec brio ! C\u2019est le cas d\u2019Aur\u00e9lien et Elvis Kabaklija, deux personnes que vous avez probablement crois\u00e9 \u00e0 Montval-sur-Loir. Notamment chez Elcorp, leur boutique d\u2019informatique, ou chez Elau Food, leur restaurant. Ces entrepreneurs aux journ\u00e9es bien remplies nous partagent leur quotidien dans \\\"Le D\u00e9clic\\\". Ils nous racontent les coulisses de leur quotidien.Les deux passionn\u00e9s sont dans le magazine \\\"Le D\u00e9clic\\\" le mercredi 28 mai \u00e0 17h30 et le mardi 3 juin \u00e0 12h30.\",\"breadcrumb\":{\"@id\":\"https:\\\/\\\/contactfm72.fr\\\/?p=19500#breadcrumb\"},\"inLanguage\":\"fr-FR\",\"potentialAction\":[{\"@type\":\"ReadAction\",\"target\":[\"https:\\\/\\\/contactfm72.fr\\\/?p=19500\"]}]},{\"@type\":\"ImageObject\",\"inLanguage\":\"fr-FR\",\"@id\":\"https:\\\/\\\/contactfm72.fr\\\/?p=19500#primaryimage\",\"url\":\"https:\\\/\\\/contactfm72.fr\\\/wp-content\\\/uploads\\\/2025\\\/05\\\/aurelien.jpg\",\"contentUrl\":\"https:\\\/\\\/contactfm72.fr\\\/wp-content\\\/uploads\\\/2025\\\/05\\\/aurelien.jpg\",\"width\":2016,\"height\":1512},{\"@type\":\"BreadcrumbList\",\"@id\":\"https:\\\/\\\/contactfm72.fr\\\/?p=19500#breadcrumb\",\"itemListElement\":[{\"@type\":\"ListItem\",\"position\":1,\"name\":\"Accueil\",\"item\":\"https:\\\/\\\/contactfm72.fr\\\/\"},{\"@type\":\"ListItem\",\"position\":2,\"name\":\"Le Delic &#8211; Le quotidien ultra productif d&#8217;Aur\u00e9lien et Elvis Kabaklija\"}]},{\"@type\":\"WebSite\",\"@id\":\"https:\\\/\\\/contactfm72.fr\\\/#website\",\"url\":\"https:\\\/\\\/contactfm72.fr\\\/\",\"name\":\"Contact FM 99.3\",\"description\":\"Votre radio en vall\u00e9e du Loir\",\"publisher\":{\"@id\":\"https:\\\/\\\/contactfm72.fr\\\/#organization\"},\"potentialAction\":[{\"@type\":\"SearchAction\",\"target\":{\"@type\":\"EntryPoint\",\"urlTemplate\":\"https:\\\/\\\/contactfm72.fr\\\/?s={search_term_string}\"},\"query-input\":{\"@type\":\"PropertyValueSpecification\",\"valueRequired\":true,\"valueName\":\"search_term_string\"}}],\"inLanguage\":\"fr-FR\"},{\"@type\":\"Organization\",\"@id\":\"https:\\\/\\\/contactfm72.fr\\\/#organization\",\"name\":\"Contact FM 99.3\",\"url\":\"https:\\\/\\\/contactfm72.fr\\\/\",\"logo\":{\"@type\":\"ImageObject\",\"inLanguage\":\"fr-FR\",\"@id\":\"https:\\\/\\\/contactfm72.fr\\\/#\\\/schema\\\/logo\\\/image\\\/\",\"url\":\"https:\\\/\\\/contactfm72.fr\\\/wp-content\\\/uploads\\\/2025\\\/04\\\/2025-04-18-2.jpg\",\"contentUrl\":\"https:\\\/\\\/contactfm72.fr\\\/wp-content\\\/uploads\\\/2025\\\/04\\\/2025-04-18-2.jpg\",\"width\":680,\"height\":307,\"caption\":\"Contact FM 99.3\"},\"image\":{\"@id\":\"https:\\\/\\\/contactfm72.fr\\\/#\\\/schema\\\/logo\\\/image\\\/\"},\"sameAs\":[\"https:\\\/\\\/www.facebook.com\\\/Contactfm.Chateauduloir\",\"https:\\\/\\\/x.com\\\/contactfm72\",\"https:\\\/\\\/www.instagram.com\\\/contact.fm.72?igsh=cGhlMHQ5N2JlNnpp\",\"https:\\\/\\\/www.tiktok.com\\\/@contact.fm\"]},{\"@type\":\"Person\",\"@id\":\"https:\\\/\\\/contactfm72.fr\\\/#\\\/schema\\\/person\\\/d2ef09cdea7331b185acaddc4d14dda8\",\"name\":\"redaction2@contactfm72.fr\",\"image\":{\"@type\":\"ImageObject\",\"inLanguage\":\"fr-FR\",\"@id\":\"https:\\\/\\\/secure.gravatar.com\\\/avatar\\\/897f3d57289c1f4c62cade1c2606ba6ded18d5f1676845e668a9f21cb751c06b?s=96&d=mm&r=g\",\"url\":\"https:\\\/\\\/secure.gravatar.com\\\/avatar\\\/897f3d57289c1f4c62cade1c2606ba6ded18d5f1676845e668a9f21cb751c06b?s=96&d=mm&r=g\",\"contentUrl\":\"https:\\\/\\\/secure.gravatar.com\\\/avatar\\\/897f3d57289c1f4c62cade1c2606ba6ded18d5f1676845e668a9f21cb751c06b?s=96&d=mm&r=g\",\"caption\":\"redaction2@contactfm72.fr\"},\"url\":\"https:\\\/\\\/contactfm72.fr\\\/?author=5\"}]}<\/script>\n<!-- \/ Yoast SEO plugin. -->","yoast_head_json":{"title":"Le Delic - Le quotidien ultra productif d'Aur\u00e9lien et Elvis Kabaklija - Contact FM 99.3","description":"\u00catre entrepreneur, c\u2019est avoir 1000 casquettes, courir apr\u00e8s le temps\u2026Certains le font avec brio ! C\u2019est le cas d\u2019Aur\u00e9lien et Elvis Kabaklija, deux personnes que vous avez probablement crois\u00e9 \u00e0 Montval-sur-Loir. Notamment chez Elcorp, leur boutique d\u2019informatique, ou chez Elau Food, leur restaurant. Ces entrepreneurs aux journ\u00e9es bien remplies nous partagent leur quotidien dans \"Le D\u00e9clic\". Ils nous racontent les coulisses de leur quotidien.Les deux passionn\u00e9s sont dans le magazine \"Le D\u00e9clic\" le mercredi 28 mai \u00e0 17h30 et le mardi 3 juin \u00e0 12h30.","robots":{"index":"index","follow":"follow","max-snippet":"max-snippet:-1","max-image-preview":"max-image-preview:large","max-video-preview":"max-video-preview:-1"},"canonical":"https:\/\/contactfm72.fr\/?p=19500","og_locale":"fr_FR","og_type":"article","og_title":"Le Delic - Le quotidien ultra productif d'Aur\u00e9lien et Elvis Kabaklija - Contact FM 99.3","og_description":"\u00catre entrepreneur, c\u2019est avoir 1000 casquettes, courir apr\u00e8s le temps\u2026Certains le font avec brio ! C\u2019est le cas d\u2019Aur\u00e9lien et Elvis Kabaklija, deux personnes que vous avez probablement crois\u00e9 \u00e0 Montval-sur-Loir. Notamment chez Elcorp, leur boutique d\u2019informatique, ou chez Elau Food, leur restaurant. Ces entrepreneurs aux journ\u00e9es bien remplies nous partagent leur quotidien dans \"Le D\u00e9clic\". Ils nous racontent les coulisses de leur quotidien.Les deux passionn\u00e9s sont dans le magazine \"Le D\u00e9clic\" le mercredi 28 mai \u00e0 17h30 et le mardi 3 juin \u00e0 12h30.","og_url":"https:\/\/contactfm72.fr\/?p=19500","og_site_name":"Contact FM 99.3","article_publisher":"https:\/\/www.facebook.com\/Contactfm.Chateauduloir","article_published_time":"2025-05-28T13:00:17+00:00","article_modified_time":"2025-05-28T14:01:16+00:00","og_image":[{"width":2016,"height":1512,"url":"http:\/\/contactfm72.fr\/wp-content\/uploads\/2025\/05\/aurelien.jpg","type":"image\/jpeg"}],"author":"redaction2@contactfm72.fr","twitter_card":"summary_large_image","twitter_creator":"@contactfm72","twitter_site":"@contactfm72","twitter_misc":{"\u00c9crit par":"redaction2@contactfm72.fr","Dur\u00e9e de lecture estim\u00e9e":"1 minute"},"schema":{"@context":"https:\/\/schema.org","@graph":[{"@type":"Article","@id":"https:\/\/contactfm72.fr\/?p=19500#article","isPartOf":{"@id":"https:\/\/contactfm72.fr\/?p=19500"},"author":{"name":"redaction2@contactfm72.fr","@id":"https:\/\/contactfm72.fr\/#\/schema\/person\/d2ef09cdea7331b185acaddc4d14dda8"},"headline":"Le Delic &#8211; Le quotidien ultra productif d&#8217;Aur\u00e9lien et Elvis Kabaklija","datePublished":"2025-05-28T13:00:17+00:00","dateModified":"2025-05-28T14:01:16+00:00","mainEntityOfPage":{"@id":"https:\/\/contactfm72.fr\/?p=19500"},"wordCount":102,"publisher":{"@id":"https:\/\/contactfm72.fr\/#organization"},"image":{"@id":"https:\/\/contactfm72.fr\/?p=19500#primaryimage"},"thumbnailUrl":"https:\/\/contactfm72.fr\/wp-content\/uploads\/2025\/05\/aurelien.jpg","articleSection":["Contact FM 72"],"inLanguage":"fr-FR"},{"@type":"WebPage","@id":"https:\/\/contactfm72.fr\/?p=19500","url":"https:\/\/contactfm72.fr\/?p=19500","name":"Le Delic - Le quotidien ultra productif d'Aur\u00e9lien et Elvis Kabaklija - Contact FM 99.3","isPartOf":{"@id":"https:\/\/contactfm72.fr\/#website"},"primaryImageOfPage":{"@id":"https:\/\/contactfm72.fr\/?p=19500#primaryimage"},"image":{"@id":"https:\/\/contactfm72.fr\/?p=19500#primaryimage"},"thumbnailUrl":"https:\/\/contactfm72.fr\/wp-content\/uploads\/2025\/05\/aurelien.jpg","datePublished":"2025-05-28T13:00:17+00:00","dateModified":"2025-05-28T14:01:16+00:00","description":"\u00catre entrepreneur, c\u2019est avoir 1000 casquettes, courir apr\u00e8s le temps\u2026Certains le font avec brio ! C\u2019est le cas d\u2019Aur\u00e9lien et Elvis Kabaklija, deux personnes que vous avez probablement crois\u00e9 \u00e0 Montval-sur-Loir. Notamment chez Elcorp, leur boutique d\u2019informatique, ou chez Elau Food, leur restaurant. Ces entrepreneurs aux journ\u00e9es bien remplies nous partagent leur quotidien dans \"Le D\u00e9clic\". Ils nous racontent les coulisses de leur quotidien.Les deux passionn\u00e9s sont dans le magazine \"Le D\u00e9clic\" le mercredi 28 mai \u00e0 17h30 et le mardi 3 juin \u00e0 12h30.","breadcrumb":{"@id":"https:\/\/contactfm72.fr\/?p=19500#breadcrumb"},"inLanguage":"fr-FR","potentialAction":[{"@type":"ReadAction","target":["https:\/\/contactfm72.fr\/?p=19500"]}]},{"@type":"ImageObject","inLanguage":"fr-FR","@id":"https:\/\/contactfm72.fr\/?p=19500#primaryimage","url":"https:\/\/contactfm72.fr\/wp-content\/uploads\/2025\/05\/aurelien.jpg","contentUrl":"https:\/\/contactfm72.fr\/wp-content\/uploads\/2025\/05\/aurelien.jpg","width":2016,"height":1512},{"@type":"BreadcrumbList","@id":"https:\/\/contactfm72.fr\/?p=19500#breadcrumb","itemListElement":[{"@type":"ListItem","position":1,"name":"Accueil","item":"https:\/\/contactfm72.fr\/"},{"@type":"ListItem","position":2,"name":"Le Delic &#8211; Le quotidien ultra productif d&#8217;Aur\u00e9lien et Elvis Kabaklija"}]},{"@type":"WebSite","@id":"https:\/\/contactfm72.fr\/#website","url":"https:\/\/contactfm72.fr\/","name":"Contact FM 99.3","description":"Votre radio en vall\u00e9e du Loir","publisher":{"@id":"https:\/\/contactfm72.fr\/#organization"},"potentialAction":[{"@type":"SearchAction","target":{"@type":"EntryPoint","urlTemplate":"https:\/\/contactfm72.fr\/?s={search_term_string}"},"query-input":{"@type":"PropertyValueSpecification","valueRequired":true,"valueName":"search_term_string"}}],"inLanguage":"fr-FR"},{"@type":"Organization","@id":"https:\/\/contactfm72.fr\/#organization","name":"Contact FM 99.3","url":"https:\/\/contactfm72.fr\/","logo":{"@type":"ImageObject","inLanguage":"fr-FR","@id":"https:\/\/contactfm72.fr\/#\/schema\/logo\/image\/","url":"https:\/\/contactfm72.fr\/wp-content\/uploads\/2025\/04\/2025-04-18-2.jpg","contentUrl":"https:\/\/contactfm72.fr\/wp-content\/uploads\/2025\/04\/2025-04-18-2.jpg","width":680,"height":307,"caption":"Contact FM 99.3"},"image":{"@id":"https:\/\/contactfm72.fr\/#\/schema\/logo\/image\/"},"sameAs":["https:\/\/www.facebook.com\/Contactfm.Chateauduloir","https:\/\/x.com\/contactfm72","https:\/\/www.instagram.com\/contact.fm.72?igsh=cGhlMHQ5N2JlNnpp","https:\/\/www.tiktok.com\/@contact.fm"]},{"@type":"Person","@id":"https:\/\/contactfm72.fr\/#\/schema\/person\/d2ef09cdea7331b185acaddc4d14dda8","name":"redaction2@contactfm72.fr","image":{"@type":"ImageObject","inLanguage":"fr-FR","@id":"https:\/\/secure.gravatar.com\/avatar\/897f3d57289c1f4c62cade1c2606ba6ded18d5f1676845e668a9f21cb751c06b?s=96&d=mm&r=g","url":"https:\/\/secure.gravatar.com\/avatar\/897f3d57289c1f4c62cade1c2606ba6ded18d5f1676845e668a9f21cb751c06b?s=96&d=mm&r=g","contentUrl":"https:\/\/secure.gravatar.com\/avatar\/897f3d57289c1f4c62cade1c2606ba6ded18d5f1676845e668a9f21cb751c06b?s=96&d=mm&r=g","caption":"redaction2@contactfm72.fr"},"url":"https:\/\/contactfm72.fr\/?author=5"}]}},"_links":{"self":[{"href":"https:\/\/contactfm72.fr\/index.php?rest_route=\/wp\/v2\/posts\/19500","targetHints":{"allow":["GET"]}}],"collection":[{"href":"https:\/\/contactfm72.fr\/index.php?rest_route=\/wp\/v2\/posts"}],"about":[{"href":"https:\/\/contactfm72.fr\/index.php?rest_route=\/wp\/v2\/types\/post"}],"author":[{"embeddable":true,"href":"https:\/\/contactfm72.fr\/index.php?rest_route=\/wp\/v2\/users\/5"}],"replies":[{"embeddable":true,"href":"https:\/\/contactfm72.fr\/index.php?rest_route=%2Fwp%2Fv2%2Fcomments&post=19500"}],"version-history":[{"count":3,"href":"https:\/\/contactfm72.fr\/index.php?rest_route=\/wp\/v2\/posts\/19500\/revisions"}],"predecessor-version":[{"id":19512,"href":"https:\/\/contactfm72.fr\/index.php?rest_route=\/wp\/v2\/posts\/19500\/revisions\/19512"}],"wp:featuredmedia":[{"embeddable":true,"href":"https:\/\/contactfm72.fr\/index.php?rest_route=\/wp\/v2\/media\/19501"}],"wp:attachment":[{"href":"https:\/\/contactfm72.fr\/index.php?rest_route=%2Fwp%2Fv2%2Fmedia&parent=19500"}],"wp:term":[{"taxonomy":"category","embeddable":true,"href":"https:\/\/contactfm72.fr\/index.php?rest_route=%2Fwp%2Fv2%2Fcategories&post=19500"},{"taxonomy":"post_tag","embeddable":true,"href":"https:\/\/contactfm72.fr\/index.php?rest_route=%2Fwp%2Fv2%2Ftags&post=19500"}],"curies":[{"name":"wp","href":"https:\/\/api.w.org\/{rel}","templated":true}]}}