{"id":19491,"date":"2025-05-28T11:02:07","date_gmt":"2025-05-28T09:02:07","guid":{"rendered":"https:\/\/contactfm72.fr\/?p=19491"},"modified":"2025-05-28T12:41:34","modified_gmt":"2025-05-28T10:41:34","slug":"lete-se-prepare-du-cote-du-centre-loir-berce","status":"publish","type":"post","link":"https:\/\/contactfm72.fr\/?p=19491","title":{"rendered":"L\u2019\u00e9t\u00e9 se pr\u00e9pare du c\u00f4t\u00e9 du centre social Loir &#038; Berc\u00e9 !"},"content":{"rendered":"<p>L&#8217;\u00e9t\u00e9 arrive, les animations aussi !<\/p>\n<p>La grande saison arrive \u00e0 grands pas, entre les inscriptions pour les camps, le planning \u00e0 la journ\u00e9e des animations pour les enfants et adolescents sans oublier les activit\u00e9s pr\u00e9vues pour les ain\u00e9(e)s. L&#8217;anim&#8217; bus n&#8217;est pas non plus oubli\u00e9, un programme charg\u00e9 pour le centre &#8220;Loir &amp; Berc\u00e9&#8221;<\/p>\n<p>Marietta Garreau, animatrice du secteur famille est l&#8217;invit\u00e9e du magazine &#8220;Le Lien&#8221; le mercredi 28 mai \u00e0 12h30 et le lundi 12 juin \u00e0 17h30.<\/p>\n<div id=\"audioigniter-287\" class=\"audioigniter-root \" data-player-type=\"full\" data-tracks-url=\"https:\/\/contactfm72.fr\/?audioigniter_playlist_id=287\" data-display-track-no=\"false\" data-reverse-track-order=\"false\" data-display-tracklist-covers=\"false\" data-display-active-cover=\"false\" data-display-artist-names=\"false\" data-display-buy-buttons=\"true\" data-buy-buttons-target=\"false\" data-cycle-tracks=\"false\" data-display-credits=\"false\" data-display-tracklist=\"true\" data-allow-tracklist-toggle=\"true\" data-allow-tracklist-loop=\"true\" data-limit-tracklist-height=\"true\" data-volume=\"100\" data-tracklist-height=\"185\" data-allow-track-loop=\"false\" ><\/div>\n<p>&nbsp;<\/p>\n<p>&nbsp;<\/p>\n<!-- AddThis Advanced Settings generic via filter on the_content --><!-- AddThis Share Buttons generic via filter on the_content -->","protected":false},"excerpt":{"rendered":"<p>L&#8217;\u00e9t\u00e9 arrive, les animations aussi ! La grande saison arrive \u00e0 grands pas, entre les inscriptions pour les camps, le planning \u00e0 la journ\u00e9e des animations pour les enfants et adolescents sans oublier les activit\u00e9s pr\u00e9vues pour les ain\u00e9(e)s. L&#8217;anim&#8217; bus n&#8217;est pas non plus oubli\u00e9, un programme charg\u00e9 pour le centre &#8220;Loir &amp; Berc\u00e9&#8221;&hellip;<!-- AddThis Advanced Settings generic via filter on get_the_excerpt --><!-- AddThis Share Buttons generic via filter on get_the_excerpt --><\/p>\n","protected":false},"author":5,"featured_media":19494,"comment_status":"closed","ping_status":"open","sticky":false,"template":"","format":"standard","meta":{"footnotes":""},"categories":[1,18],"tags":[],"class_list":["post-19491","post","type-post","status-publish","format-standard","has-post-thumbnail","hentry","category-contact-fm-72","category-le-lien","category-1","category-18","description-off"],"yoast_head":"<!-- This site is optimized with the Yoast SEO plugin v27.4 - https:\/\/yoast.com\/product\/yoast-seo-wordpress\/ -->\n<title>L\u2019\u00e9t\u00e9 se pr\u00e9pare du c\u00f4t\u00e9 du centre social Loir &amp; Berc\u00e9 ! - Contact FM 99.3<\/title>\n<meta name=\"description\" content=\"L&#039;\u00e9t\u00e9 arrive, les animations aussi !\u00a0La grande saison arrive \u00e0 grands pas, entre les inscriptions pour les camps, le planning \u00e0 la journ\u00e9e des animations pour les enfants et adolescents sans oublier les activit\u00e9s pr\u00e9vus pour les ain\u00e9(e)s. L&#039;anim&#039; bus n&#039;est pas non plus oubli\u00e9, un programme charg\u00e9 pour le centre &quot;Loir &amp; Berc\u00e9&quot;Marietta Garreau, animatrice du secteur famille est l&#039;invit\u00e9e du magazine &quot;Le Lien&quot; le mercredi 28 mai \u00e0 12h30 et le lundi 12 juin \u00e0 17h30.\" \/>\n<meta name=\"robots\" content=\"index, follow, max-snippet:-1, max-image-preview:large, max-video-preview:-1\" \/>\n<link rel=\"canonical\" href=\"https:\/\/contactfm72.fr\/?p=19491\" \/>\n<meta property=\"og:locale\" content=\"fr_FR\" \/>\n<meta property=\"og:type\" content=\"article\" \/>\n<meta property=\"og:title\" content=\"L\u2019\u00e9t\u00e9 se pr\u00e9pare du c\u00f4t\u00e9 du centre social Loir &amp; Berc\u00e9 ! - Contact FM 99.3\" \/>\n<meta property=\"og:description\" content=\"L&#039;\u00e9t\u00e9 arrive, les animations aussi !\u00a0La grande saison arrive \u00e0 grands pas, entre les inscriptions pour les camps, le planning \u00e0 la journ\u00e9e des animations pour les enfants et adolescents sans oublier les activit\u00e9s pr\u00e9vus pour les ain\u00e9(e)s. L&#039;anim&#039; bus n&#039;est pas non plus oubli\u00e9, un programme charg\u00e9 pour le centre &quot;Loir &amp; Berc\u00e9&quot;Marietta Garreau, animatrice du secteur famille est l&#039;invit\u00e9e du magazine &quot;Le Lien&quot; le mercredi 28 mai \u00e0 12h30 et le lundi 12 juin \u00e0 17h30.\" \/>\n<meta property=\"og:url\" content=\"https:\/\/contactfm72.fr\/?p=19491\" \/>\n<meta property=\"og:site_name\" content=\"Contact FM 99.3\" \/>\n<meta property=\"article:publisher\" content=\"https:\/\/www.facebook.com\/Contactfm.Chateauduloir\" \/>\n<meta property=\"article:published_time\" content=\"2025-05-28T09:02:07+00:00\" \/>\n<meta property=\"article:modified_time\" content=\"2025-05-28T10:41:34+00:00\" \/>\n<meta property=\"og:image\" content=\"http:\/\/contactfm72.fr\/wp-content\/uploads\/2025\/05\/gbhjk.png\" \/>\n\t<meta property=\"og:image:width\" content=\"1024\" \/>\n\t<meta property=\"og:image:height\" content=\"768\" \/>\n\t<meta property=\"og:image:type\" content=\"image\/png\" \/>\n<meta name=\"author\" content=\"redaction2@contactfm72.fr\" \/>\n<meta name=\"twitter:card\" content=\"summary_large_image\" \/>\n<meta name=\"twitter:creator\" content=\"@contactfm72\" \/>\n<meta name=\"twitter:site\" content=\"@contactfm72\" \/>\n<meta name=\"twitter:label1\" content=\"\u00c9crit par\" \/>\n\t<meta name=\"twitter:data1\" content=\"redaction2@contactfm72.fr\" \/>\n\t<meta name=\"twitter:label2\" content=\"Dur\u00e9e de lecture estim\u00e9e\" \/>\n\t<meta name=\"twitter:data2\" content=\"1 minute\" \/>\n<script type=\"application\/ld+json\" class=\"yoast-schema-graph\">{\"@context\":\"https:\\\/\\\/schema.org\",\"@graph\":[{\"@type\":\"Article\",\"@id\":\"https:\\\/\\\/contactfm72.fr\\\/?p=19491#article\",\"isPartOf\":{\"@id\":\"https:\\\/\\\/contactfm72.fr\\\/?p=19491\"},\"author\":{\"name\":\"redaction2@contactfm72.fr\",\"@id\":\"https:\\\/\\\/contactfm72.fr\\\/#\\\/schema\\\/person\\\/d2ef09cdea7331b185acaddc4d14dda8\"},\"headline\":\"L\u2019\u00e9t\u00e9 se pr\u00e9pare du c\u00f4t\u00e9 du centre social Loir &#038; Berc\u00e9 !\",\"datePublished\":\"2025-05-28T09:02:07+00:00\",\"dateModified\":\"2025-05-28T10:41:34+00:00\",\"mainEntityOfPage\":{\"@id\":\"https:\\\/\\\/contactfm72.fr\\\/?p=19491\"},\"wordCount\":101,\"publisher\":{\"@id\":\"https:\\\/\\\/contactfm72.fr\\\/#organization\"},\"image\":{\"@id\":\"https:\\\/\\\/contactfm72.fr\\\/?p=19491#primaryimage\"},\"thumbnailUrl\":\"https:\\\/\\\/contactfm72.fr\\\/wp-content\\\/uploads\\\/2025\\\/05\\\/gbhjk.png\",\"articleSection\":[\"Contact FM 72\",\"Le Lien\"],\"inLanguage\":\"fr-FR\"},{\"@type\":\"WebPage\",\"@id\":\"https:\\\/\\\/contactfm72.fr\\\/?p=19491\",\"url\":\"https:\\\/\\\/contactfm72.fr\\\/?p=19491\",\"name\":\"L\u2019\u00e9t\u00e9 se pr\u00e9pare du c\u00f4t\u00e9 du centre social Loir & Berc\u00e9 ! - Contact FM 99.3\",\"isPartOf\":{\"@id\":\"https:\\\/\\\/contactfm72.fr\\\/#website\"},\"primaryImageOfPage\":{\"@id\":\"https:\\\/\\\/contactfm72.fr\\\/?p=19491#primaryimage\"},\"image\":{\"@id\":\"https:\\\/\\\/contactfm72.fr\\\/?p=19491#primaryimage\"},\"thumbnailUrl\":\"https:\\\/\\\/contactfm72.fr\\\/wp-content\\\/uploads\\\/2025\\\/05\\\/gbhjk.png\",\"datePublished\":\"2025-05-28T09:02:07+00:00\",\"dateModified\":\"2025-05-28T10:41:34+00:00\",\"description\":\"L'\u00e9t\u00e9 arrive, les animations aussi !\u00a0La grande saison arrive \u00e0 grands pas, entre les inscriptions pour les camps, le planning \u00e0 la journ\u00e9e des animations pour les enfants et adolescents sans oublier les activit\u00e9s pr\u00e9vus pour les ain\u00e9(e)s. L'anim' bus n'est pas non plus oubli\u00e9, un programme charg\u00e9 pour le centre \\\"Loir & Berc\u00e9\\\"Marietta Garreau, animatrice du secteur famille est l'invit\u00e9e du magazine \\\"Le Lien\\\" le mercredi 28 mai \u00e0 12h30 et le lundi 12 juin \u00e0 17h30.\",\"breadcrumb\":{\"@id\":\"https:\\\/\\\/contactfm72.fr\\\/?p=19491#breadcrumb\"},\"inLanguage\":\"fr-FR\",\"potentialAction\":[{\"@type\":\"ReadAction\",\"target\":[\"https:\\\/\\\/contactfm72.fr\\\/?p=19491\"]}]},{\"@type\":\"ImageObject\",\"inLanguage\":\"fr-FR\",\"@id\":\"https:\\\/\\\/contactfm72.fr\\\/?p=19491#primaryimage\",\"url\":\"https:\\\/\\\/contactfm72.fr\\\/wp-content\\\/uploads\\\/2025\\\/05\\\/gbhjk.png\",\"contentUrl\":\"https:\\\/\\\/contactfm72.fr\\\/wp-content\\\/uploads\\\/2025\\\/05\\\/gbhjk.png\",\"width\":2016,\"height\":1512},{\"@type\":\"BreadcrumbList\",\"@id\":\"https:\\\/\\\/contactfm72.fr\\\/?p=19491#breadcrumb\",\"itemListElement\":[{\"@type\":\"ListItem\",\"position\":1,\"name\":\"Accueil\",\"item\":\"https:\\\/\\\/contactfm72.fr\\\/\"},{\"@type\":\"ListItem\",\"position\":2,\"name\":\"L\u2019\u00e9t\u00e9 se pr\u00e9pare du c\u00f4t\u00e9 du centre social Loir &#038; Berc\u00e9 !\"}]},{\"@type\":\"WebSite\",\"@id\":\"https:\\\/\\\/contactfm72.fr\\\/#website\",\"url\":\"https:\\\/\\\/contactfm72.fr\\\/\",\"name\":\"Contact FM 99.3\",\"description\":\"Votre radio en vall\u00e9e du Loir\",\"publisher\":{\"@id\":\"https:\\\/\\\/contactfm72.fr\\\/#organization\"},\"potentialAction\":[{\"@type\":\"SearchAction\",\"target\":{\"@type\":\"EntryPoint\",\"urlTemplate\":\"https:\\\/\\\/contactfm72.fr\\\/?s={search_term_string}\"},\"query-input\":{\"@type\":\"PropertyValueSpecification\",\"valueRequired\":true,\"valueName\":\"search_term_string\"}}],\"inLanguage\":\"fr-FR\"},{\"@type\":\"Organization\",\"@id\":\"https:\\\/\\\/contactfm72.fr\\\/#organization\",\"name\":\"Contact FM 99.3\",\"url\":\"https:\\\/\\\/contactfm72.fr\\\/\",\"logo\":{\"@type\":\"ImageObject\",\"inLanguage\":\"fr-FR\",\"@id\":\"https:\\\/\\\/contactfm72.fr\\\/#\\\/schema\\\/logo\\\/image\\\/\",\"url\":\"https:\\\/\\\/contactfm72.fr\\\/wp-content\\\/uploads\\\/2025\\\/04\\\/2025-04-18-2.jpg\",\"contentUrl\":\"https:\\\/\\\/contactfm72.fr\\\/wp-content\\\/uploads\\\/2025\\\/04\\\/2025-04-18-2.jpg\",\"width\":680,\"height\":307,\"caption\":\"Contact FM 99.3\"},\"image\":{\"@id\":\"https:\\\/\\\/contactfm72.fr\\\/#\\\/schema\\\/logo\\\/image\\\/\"},\"sameAs\":[\"https:\\\/\\\/www.facebook.com\\\/Contactfm.Chateauduloir\",\"https:\\\/\\\/x.com\\\/contactfm72\",\"https:\\\/\\\/www.instagram.com\\\/contact.fm.72?igsh=cGhlMHQ5N2JlNnpp\",\"https:\\\/\\\/www.tiktok.com\\\/@contact.fm\"]},{\"@type\":\"Person\",\"@id\":\"https:\\\/\\\/contactfm72.fr\\\/#\\\/schema\\\/person\\\/d2ef09cdea7331b185acaddc4d14dda8\",\"name\":\"redaction2@contactfm72.fr\",\"image\":{\"@type\":\"ImageObject\",\"inLanguage\":\"fr-FR\",\"@id\":\"https:\\\/\\\/secure.gravatar.com\\\/avatar\\\/897f3d57289c1f4c62cade1c2606ba6ded18d5f1676845e668a9f21cb751c06b?s=96&d=mm&r=g\",\"url\":\"https:\\\/\\\/secure.gravatar.com\\\/avatar\\\/897f3d57289c1f4c62cade1c2606ba6ded18d5f1676845e668a9f21cb751c06b?s=96&d=mm&r=g\",\"contentUrl\":\"https:\\\/\\\/secure.gravatar.com\\\/avatar\\\/897f3d57289c1f4c62cade1c2606ba6ded18d5f1676845e668a9f21cb751c06b?s=96&d=mm&r=g\",\"caption\":\"redaction2@contactfm72.fr\"},\"url\":\"https:\\\/\\\/contactfm72.fr\\\/?author=5\"}]}<\/script>\n<!-- \/ Yoast SEO plugin. -->","yoast_head_json":{"title":"L\u2019\u00e9t\u00e9 se pr\u00e9pare du c\u00f4t\u00e9 du centre social Loir & Berc\u00e9 ! - Contact FM 99.3","description":"L'\u00e9t\u00e9 arrive, les animations aussi !\u00a0La grande saison arrive \u00e0 grands pas, entre les inscriptions pour les camps, le planning \u00e0 la journ\u00e9e des animations pour les enfants et adolescents sans oublier les activit\u00e9s pr\u00e9vus pour les ain\u00e9(e)s. L'anim' bus n'est pas non plus oubli\u00e9, un programme charg\u00e9 pour le centre \"Loir & Berc\u00e9\"Marietta Garreau, animatrice du secteur famille est l'invit\u00e9e du magazine \"Le Lien\" le mercredi 28 mai \u00e0 12h30 et le lundi 12 juin \u00e0 17h30.","robots":{"index":"index","follow":"follow","max-snippet":"max-snippet:-1","max-image-preview":"max-image-preview:large","max-video-preview":"max-video-preview:-1"},"canonical":"https:\/\/contactfm72.fr\/?p=19491","og_locale":"fr_FR","og_type":"article","og_title":"L\u2019\u00e9t\u00e9 se pr\u00e9pare du c\u00f4t\u00e9 du centre social Loir & Berc\u00e9 ! - Contact FM 99.3","og_description":"L'\u00e9t\u00e9 arrive, les animations aussi !\u00a0La grande saison arrive \u00e0 grands pas, entre les inscriptions pour les camps, le planning \u00e0 la journ\u00e9e des animations pour les enfants et adolescents sans oublier les activit\u00e9s pr\u00e9vus pour les ain\u00e9(e)s. L'anim' bus n'est pas non plus oubli\u00e9, un programme charg\u00e9 pour le centre \"Loir & Berc\u00e9\"Marietta Garreau, animatrice du secteur famille est l'invit\u00e9e du magazine \"Le Lien\" le mercredi 28 mai \u00e0 12h30 et le lundi 12 juin \u00e0 17h30.","og_url":"https:\/\/contactfm72.fr\/?p=19491","og_site_name":"Contact FM 99.3","article_publisher":"https:\/\/www.facebook.com\/Contactfm.Chateauduloir","article_published_time":"2025-05-28T09:02:07+00:00","article_modified_time":"2025-05-28T10:41:34+00:00","og_image":[{"url":"http:\/\/contactfm72.fr\/wp-content\/uploads\/2025\/05\/gbhjk.png","width":1024,"height":768,"type":"image\/png"}],"author":"redaction2@contactfm72.fr","twitter_card":"summary_large_image","twitter_creator":"@contactfm72","twitter_site":"@contactfm72","twitter_misc":{"\u00c9crit par":"redaction2@contactfm72.fr","Dur\u00e9e de lecture estim\u00e9e":"1 minute"},"schema":{"@context":"https:\/\/schema.org","@graph":[{"@type":"Article","@id":"https:\/\/contactfm72.fr\/?p=19491#article","isPartOf":{"@id":"https:\/\/contactfm72.fr\/?p=19491"},"author":{"name":"redaction2@contactfm72.fr","@id":"https:\/\/contactfm72.fr\/#\/schema\/person\/d2ef09cdea7331b185acaddc4d14dda8"},"headline":"L\u2019\u00e9t\u00e9 se pr\u00e9pare du c\u00f4t\u00e9 du centre social Loir &#038; Berc\u00e9 !","datePublished":"2025-05-28T09:02:07+00:00","dateModified":"2025-05-28T10:41:34+00:00","mainEntityOfPage":{"@id":"https:\/\/contactfm72.fr\/?p=19491"},"wordCount":101,"publisher":{"@id":"https:\/\/contactfm72.fr\/#organization"},"image":{"@id":"https:\/\/contactfm72.fr\/?p=19491#primaryimage"},"thumbnailUrl":"https:\/\/contactfm72.fr\/wp-content\/uploads\/2025\/05\/gbhjk.png","articleSection":["Contact FM 72","Le Lien"],"inLanguage":"fr-FR"},{"@type":"WebPage","@id":"https:\/\/contactfm72.fr\/?p=19491","url":"https:\/\/contactfm72.fr\/?p=19491","name":"L\u2019\u00e9t\u00e9 se pr\u00e9pare du c\u00f4t\u00e9 du centre social Loir & Berc\u00e9 ! - Contact FM 99.3","isPartOf":{"@id":"https:\/\/contactfm72.fr\/#website"},"primaryImageOfPage":{"@id":"https:\/\/contactfm72.fr\/?p=19491#primaryimage"},"image":{"@id":"https:\/\/contactfm72.fr\/?p=19491#primaryimage"},"thumbnailUrl":"https:\/\/contactfm72.fr\/wp-content\/uploads\/2025\/05\/gbhjk.png","datePublished":"2025-05-28T09:02:07+00:00","dateModified":"2025-05-28T10:41:34+00:00","description":"L'\u00e9t\u00e9 arrive, les animations aussi !\u00a0La grande saison arrive \u00e0 grands pas, entre les inscriptions pour les camps, le planning \u00e0 la journ\u00e9e des animations pour les enfants et adolescents sans oublier les activit\u00e9s pr\u00e9vus pour les ain\u00e9(e)s. L'anim' bus n'est pas non plus oubli\u00e9, un programme charg\u00e9 pour le centre \"Loir & Berc\u00e9\"Marietta Garreau, animatrice du secteur famille est l'invit\u00e9e du magazine \"Le Lien\" le mercredi 28 mai \u00e0 12h30 et le lundi 12 juin \u00e0 17h30.","breadcrumb":{"@id":"https:\/\/contactfm72.fr\/?p=19491#breadcrumb"},"inLanguage":"fr-FR","potentialAction":[{"@type":"ReadAction","target":["https:\/\/contactfm72.fr\/?p=19491"]}]},{"@type":"ImageObject","inLanguage":"fr-FR","@id":"https:\/\/contactfm72.fr\/?p=19491#primaryimage","url":"https:\/\/contactfm72.fr\/wp-content\/uploads\/2025\/05\/gbhjk.png","contentUrl":"https:\/\/contactfm72.fr\/wp-content\/uploads\/2025\/05\/gbhjk.png","width":2016,"height":1512},{"@type":"BreadcrumbList","@id":"https:\/\/contactfm72.fr\/?p=19491#breadcrumb","itemListElement":[{"@type":"ListItem","position":1,"name":"Accueil","item":"https:\/\/contactfm72.fr\/"},{"@type":"ListItem","position":2,"name":"L\u2019\u00e9t\u00e9 se pr\u00e9pare du c\u00f4t\u00e9 du centre social Loir &#038; Berc\u00e9 !"}]},{"@type":"WebSite","@id":"https:\/\/contactfm72.fr\/#website","url":"https:\/\/contactfm72.fr\/","name":"Contact FM 99.3","description":"Votre radio en vall\u00e9e du Loir","publisher":{"@id":"https:\/\/contactfm72.fr\/#organization"},"potentialAction":[{"@type":"SearchAction","target":{"@type":"EntryPoint","urlTemplate":"https:\/\/contactfm72.fr\/?s={search_term_string}"},"query-input":{"@type":"PropertyValueSpecification","valueRequired":true,"valueName":"search_term_string"}}],"inLanguage":"fr-FR"},{"@type":"Organization","@id":"https:\/\/contactfm72.fr\/#organization","name":"Contact FM 99.3","url":"https:\/\/contactfm72.fr\/","logo":{"@type":"ImageObject","inLanguage":"fr-FR","@id":"https:\/\/contactfm72.fr\/#\/schema\/logo\/image\/","url":"https:\/\/contactfm72.fr\/wp-content\/uploads\/2025\/04\/2025-04-18-2.jpg","contentUrl":"https:\/\/contactfm72.fr\/wp-content\/uploads\/2025\/04\/2025-04-18-2.jpg","width":680,"height":307,"caption":"Contact FM 99.3"},"image":{"@id":"https:\/\/contactfm72.fr\/#\/schema\/logo\/image\/"},"sameAs":["https:\/\/www.facebook.com\/Contactfm.Chateauduloir","https:\/\/x.com\/contactfm72","https:\/\/www.instagram.com\/contact.fm.72?igsh=cGhlMHQ5N2JlNnpp","https:\/\/www.tiktok.com\/@contact.fm"]},{"@type":"Person","@id":"https:\/\/contactfm72.fr\/#\/schema\/person\/d2ef09cdea7331b185acaddc4d14dda8","name":"redaction2@contactfm72.fr","image":{"@type":"ImageObject","inLanguage":"fr-FR","@id":"https:\/\/secure.gravatar.com\/avatar\/897f3d57289c1f4c62cade1c2606ba6ded18d5f1676845e668a9f21cb751c06b?s=96&d=mm&r=g","url":"https:\/\/secure.gravatar.com\/avatar\/897f3d57289c1f4c62cade1c2606ba6ded18d5f1676845e668a9f21cb751c06b?s=96&d=mm&r=g","contentUrl":"https:\/\/secure.gravatar.com\/avatar\/897f3d57289c1f4c62cade1c2606ba6ded18d5f1676845e668a9f21cb751c06b?s=96&d=mm&r=g","caption":"redaction2@contactfm72.fr"},"url":"https:\/\/contactfm72.fr\/?author=5"}]}},"_links":{"self":[{"href":"https:\/\/contactfm72.fr\/index.php?rest_route=\/wp\/v2\/posts\/19491","targetHints":{"allow":["GET"]}}],"collection":[{"href":"https:\/\/contactfm72.fr\/index.php?rest_route=\/wp\/v2\/posts"}],"about":[{"href":"https:\/\/contactfm72.fr\/index.php?rest_route=\/wp\/v2\/types\/post"}],"author":[{"embeddable":true,"href":"https:\/\/contactfm72.fr\/index.php?rest_route=\/wp\/v2\/users\/5"}],"replies":[{"embeddable":true,"href":"https:\/\/contactfm72.fr\/index.php?rest_route=%2Fwp%2Fv2%2Fcomments&post=19491"}],"version-history":[{"count":3,"href":"https:\/\/contactfm72.fr\/index.php?rest_route=\/wp\/v2\/posts\/19491\/revisions"}],"predecessor-version":[{"id":19498,"href":"https:\/\/contactfm72.fr\/index.php?rest_route=\/wp\/v2\/posts\/19491\/revisions\/19498"}],"wp:featuredmedia":[{"embeddable":true,"href":"https:\/\/contactfm72.fr\/index.php?rest_route=\/wp\/v2\/media\/19494"}],"wp:attachment":[{"href":"https:\/\/contactfm72.fr\/index.php?rest_route=%2Fwp%2Fv2%2Fmedia&parent=19491"}],"wp:term":[{"taxonomy":"category","embeddable":true,"href":"https:\/\/contactfm72.fr\/index.php?rest_route=%2Fwp%2Fv2%2Fcategories&post=19491"},{"taxonomy":"post_tag","embeddable":true,"href":"https:\/\/contactfm72.fr\/index.php?rest_route=%2Fwp%2Fv2%2Ftags&post=19491"}],"curies":[{"name":"wp","href":"https:\/\/api.w.org\/{rel}","templated":true}]}}