{"id":19448,"date":"2025-05-22T16:30:09","date_gmt":"2025-05-22T14:30:09","guid":{"rendered":"https:\/\/contactfm72.fr\/?p=19448"},"modified":"2025-05-23T10:57:02","modified_gmt":"2025-05-23T08:57:02","slug":"berce-evenements-une-jeune-entreprise-locale-qui-fait-deja-du-bruit","status":"publish","type":"post","link":"https:\/\/contactfm72.fr\/?p=19448","title":{"rendered":"Berc\u00e9 Ev\u00e9nements : Une jeune entreprise locale qui fait d\u00e9j\u00e0 du bruit !"},"content":{"rendered":"<p>\u00c0 peine lanc\u00e9e, Berc\u00e9 \u00c9v\u00e9nements cartonne dans le paysage local !<\/p>\n<p data-start=\"237\" data-end=\"506\">Fra\u00eechement install\u00e9 au c\u0153ur de la vall\u00e9e du Loir, <a href=\"https:\/\/www.facebook.com\/berceevenements?locale=fr_FR\">Berc\u00e9 \u00c9v\u00e9nements<\/a> conna\u00eet un d\u00e9marrage sur les chapeaux de roue. Sp\u00e9cialis\u00e9e dans l\u2019\u00e9v\u00e9nementiel, l\u2019animation et la sonorisation, cette jeune structure sarthoise affiche un carnet de commandes bien rempli.<\/p>\n<p data-start=\"237\" data-end=\"506\">\u00c0 sa t\u00eate, <strong data-start=\"519\" data-end=\"538\">Pierre Dufresne<\/strong>, un v\u00e9ritable passionn\u00e9 qui a fait le choix de transformer sa passion en quotidien. Acteur local dans le domaine de l\u2019\u00e9v\u00e9nementiel, de la sonorisation, de l&#8217;animation, il est \u00e9galement DJ pour le grand public et pour les professionnels. Il nous raconte ses d\u00e9buts prometteurs, les portes ouvertes de son entreprise\u2026 et ses projets.<\/p>\n<p>L&#8217;entrepreneur est dans &#8220;L&#8217;interview du jour&#8221; le jeudi 22 mai \u00e0 18h, le vendredi 23 mai \u00e0 13h, le samedi 24 mai \u00e0 14h et le dimanche 25 mai \u00e0 11h.<\/p>\n<p>Pour contacter Berc\u00e9 Ev\u00e9nement :<\/p>\n<p>\ud83d\udcbb Par mail : <a href=\"mailto:berce.evenements@gmail.com\">berce.evenements@gmail.com<\/a><\/p>\n<p>\ud83d\udcf2 Par t\u00e9l\u00e9phone : 06 98 78 57 45<\/p>\n<div id=\"audioigniter-283\" class=\"audioigniter-root \" data-player-type=\"full\" data-tracks-url=\"https:\/\/contactfm72.fr\/?audioigniter_playlist_id=283\" data-display-track-no=\"false\" data-reverse-track-order=\"false\" data-display-tracklist-covers=\"false\" data-display-active-cover=\"false\" data-display-artist-names=\"false\" data-display-buy-buttons=\"true\" data-buy-buttons-target=\"false\" data-cycle-tracks=\"false\" data-display-credits=\"false\" data-display-tracklist=\"true\" data-allow-tracklist-toggle=\"false\" data-allow-tracklist-loop=\"true\" data-limit-tracklist-height=\"true\" data-volume=\"100\" data-tracklist-height=\"185\" data-allow-track-loop=\"false\" ><\/div>\n<!-- AddThis Advanced Settings generic via filter on the_content --><!-- AddThis Share Buttons generic via filter on the_content -->","protected":false},"excerpt":{"rendered":"<p>\u00c0 peine lanc\u00e9e, Berc\u00e9 \u00c9v\u00e9nements cartonne dans le paysage local ! Fra\u00eechement install\u00e9 au c\u0153ur de la vall\u00e9e du Loir, Berc\u00e9 \u00c9v\u00e9nements conna\u00eet un d\u00e9marrage sur les chapeaux de roue. Sp\u00e9cialis\u00e9e dans l\u2019\u00e9v\u00e9nementiel, l\u2019animation et la sonorisation, cette jeune structure sarthoise affiche un carnet de commandes bien rempli. \u00c0 sa t\u00eate, Pierre Dufresne, un v\u00e9ritable&hellip;<!-- AddThis Advanced Settings generic via filter on get_the_excerpt --><!-- AddThis Share Buttons generic via filter on get_the_excerpt --><\/p>\n","protected":false},"author":5,"featured_media":19449,"comment_status":"closed","ping_status":"open","sticky":false,"template":"","format":"standard","meta":{"footnotes":""},"categories":[1,5],"tags":[],"class_list":["post-19448","post","type-post","status-publish","format-standard","has-post-thumbnail","hentry","category-contact-fm-72","category-linterview-du-jour","category-1","category-5","description-off"],"yoast_head":"<!-- This site is optimized with the Yoast SEO plugin v27.4 - https:\/\/yoast.com\/product\/yoast-seo-wordpress\/ -->\n<title>Berc\u00e9 Ev\u00e9nements : Une jeune entreprise locale qui fait d\u00e9j\u00e0 du bruit ! - Contact FM 99.3<\/title>\n<meta name=\"description\" content=\"\u00c0 peine lanc\u00e9e, Berc\u00e9 \u00c9v\u00e9nements cartonne dans le paysage local !\u00a0Fra\u00eechement install\u00e9 au c\u0153ur de la vall\u00e9e du Loir, Berc\u00e9 \u00c9v\u00e9nements conna\u00eet un d\u00e9marrage sur les chapeaux de roue. Sp\u00e9cialis\u00e9e dans l\u2019\u00e9v\u00e9nementiel, l\u2019animation et la sonorisation, cette jeune structure sarthoise affiche un carnet de commandes bien rempli. \u00c0 sa t\u00eate, Pierre Dufresne, un v\u00e9ritable passionn\u00e9 qui a fait le choix de transformer sa passion en quotidien. Acteur local dans le domaine de l\u2019\u00e9v\u00e9nementiel, de la sonorisation, de l&#039;animation, il est \u00e9galement DJ pour le grand public et pour les professionnels. Il nous raconte ses d\u00e9buts prometteurs, les portes ouvertes de son entreprise\u2026 et ses projets.L&#039;entrepreneur est dans &quot;L&#039;interview du jour&quot; le jeudi 22 mai \u00e0 18h, le vendredi 23 mai \u00e0 13h, le samedi 24 mai \u00e0 14h et le dimanche 25 mai \u00e0 11h.Pour contacter Berc\u00e9 Ev\u00e9nement :\u00a0\ud83d\udcbb Par mail : berce.evenements@gmail.com\ud83d\udcf2 Par t\u00e9l\u00e9phone : 06 98 78 57 45\" \/>\n<meta name=\"robots\" content=\"index, follow, max-snippet:-1, max-image-preview:large, max-video-preview:-1\" \/>\n<link rel=\"canonical\" href=\"https:\/\/contactfm72.fr\/?p=19448\" \/>\n<meta property=\"og:locale\" content=\"fr_FR\" \/>\n<meta property=\"og:type\" content=\"article\" \/>\n<meta property=\"og:title\" content=\"Berc\u00e9 Ev\u00e9nements : Une jeune entreprise locale qui fait d\u00e9j\u00e0 du bruit ! - Contact FM 99.3\" \/>\n<meta property=\"og:description\" content=\"\u00c0 peine lanc\u00e9e, Berc\u00e9 \u00c9v\u00e9nements cartonne dans le paysage local !\u00a0Fra\u00eechement install\u00e9 au c\u0153ur de la vall\u00e9e du Loir, Berc\u00e9 \u00c9v\u00e9nements conna\u00eet un d\u00e9marrage sur les chapeaux de roue. Sp\u00e9cialis\u00e9e dans l\u2019\u00e9v\u00e9nementiel, l\u2019animation et la sonorisation, cette jeune structure sarthoise affiche un carnet de commandes bien rempli. \u00c0 sa t\u00eate, Pierre Dufresne, un v\u00e9ritable passionn\u00e9 qui a fait le choix de transformer sa passion en quotidien. Acteur local dans le domaine de l\u2019\u00e9v\u00e9nementiel, de la sonorisation, de l&#039;animation, il est \u00e9galement DJ pour le grand public et pour les professionnels. Il nous raconte ses d\u00e9buts prometteurs, les portes ouvertes de son entreprise\u2026 et ses projets.L&#039;entrepreneur est dans &quot;L&#039;interview du jour&quot; le jeudi 22 mai \u00e0 18h, le vendredi 23 mai \u00e0 13h, le samedi 24 mai \u00e0 14h et le dimanche 25 mai \u00e0 11h.Pour contacter Berc\u00e9 Ev\u00e9nement :\u00a0\ud83d\udcbb Par mail : berce.evenements@gmail.com\ud83d\udcf2 Par t\u00e9l\u00e9phone : 06 98 78 57 45\" \/>\n<meta property=\"og:url\" content=\"https:\/\/contactfm72.fr\/?p=19448\" \/>\n<meta property=\"og:site_name\" content=\"Contact FM 99.3\" \/>\n<meta property=\"article:publisher\" content=\"https:\/\/www.facebook.com\/Contactfm.Chateauduloir\" \/>\n<meta property=\"article:published_time\" content=\"2025-05-22T14:30:09+00:00\" \/>\n<meta property=\"article:modified_time\" content=\"2025-05-23T08:57:02+00:00\" \/>\n<meta property=\"og:image\" content=\"http:\/\/contactfm72.fr\/wp-content\/uploads\/2025\/05\/fg.jpg\" \/>\n\t<meta property=\"og:image:width\" content=\"2016\" \/>\n\t<meta property=\"og:image:height\" content=\"1512\" \/>\n\t<meta property=\"og:image:type\" content=\"image\/jpeg\" \/>\n<meta name=\"author\" content=\"redaction2@contactfm72.fr\" \/>\n<meta name=\"twitter:card\" content=\"summary_large_image\" \/>\n<meta name=\"twitter:creator\" content=\"@contactfm72\" \/>\n<meta name=\"twitter:site\" content=\"@contactfm72\" \/>\n<meta name=\"twitter:label1\" content=\"\u00c9crit par\" \/>\n\t<meta name=\"twitter:data1\" content=\"redaction2@contactfm72.fr\" \/>\n\t<meta name=\"twitter:label2\" content=\"Dur\u00e9e de lecture estim\u00e9e\" \/>\n\t<meta name=\"twitter:data2\" content=\"1 minute\" \/>\n<script type=\"application\/ld+json\" class=\"yoast-schema-graph\">{\"@context\":\"https:\\\/\\\/schema.org\",\"@graph\":[{\"@type\":\"Article\",\"@id\":\"https:\\\/\\\/contactfm72.fr\\\/?p=19448#article\",\"isPartOf\":{\"@id\":\"https:\\\/\\\/contactfm72.fr\\\/?p=19448\"},\"author\":{\"name\":\"redaction2@contactfm72.fr\",\"@id\":\"https:\\\/\\\/contactfm72.fr\\\/#\\\/schema\\\/person\\\/d2ef09cdea7331b185acaddc4d14dda8\"},\"headline\":\"Berc\u00e9 Ev\u00e9nements : Une jeune entreprise locale qui fait d\u00e9j\u00e0 du bruit !\",\"datePublished\":\"2025-05-22T14:30:09+00:00\",\"dateModified\":\"2025-05-23T08:57:02+00:00\",\"mainEntityOfPage\":{\"@id\":\"https:\\\/\\\/contactfm72.fr\\\/?p=19448\"},\"wordCount\":178,\"publisher\":{\"@id\":\"https:\\\/\\\/contactfm72.fr\\\/#organization\"},\"image\":{\"@id\":\"https:\\\/\\\/contactfm72.fr\\\/?p=19448#primaryimage\"},\"thumbnailUrl\":\"https:\\\/\\\/contactfm72.fr\\\/wp-content\\\/uploads\\\/2025\\\/05\\\/fg.jpg\",\"articleSection\":[\"Contact FM 72\",\"L'interview du jour\"],\"inLanguage\":\"fr-FR\"},{\"@type\":\"WebPage\",\"@id\":\"https:\\\/\\\/contactfm72.fr\\\/?p=19448\",\"url\":\"https:\\\/\\\/contactfm72.fr\\\/?p=19448\",\"name\":\"Berc\u00e9 Ev\u00e9nements : Une jeune entreprise locale qui fait d\u00e9j\u00e0 du bruit ! - Contact FM 99.3\",\"isPartOf\":{\"@id\":\"https:\\\/\\\/contactfm72.fr\\\/#website\"},\"primaryImageOfPage\":{\"@id\":\"https:\\\/\\\/contactfm72.fr\\\/?p=19448#primaryimage\"},\"image\":{\"@id\":\"https:\\\/\\\/contactfm72.fr\\\/?p=19448#primaryimage\"},\"thumbnailUrl\":\"https:\\\/\\\/contactfm72.fr\\\/wp-content\\\/uploads\\\/2025\\\/05\\\/fg.jpg\",\"datePublished\":\"2025-05-22T14:30:09+00:00\",\"dateModified\":\"2025-05-23T08:57:02+00:00\",\"description\":\"\u00c0 peine lanc\u00e9e, Berc\u00e9 \u00c9v\u00e9nements cartonne dans le paysage local !\u00a0Fra\u00eechement install\u00e9 au c\u0153ur de la vall\u00e9e du Loir, Berc\u00e9 \u00c9v\u00e9nements conna\u00eet un d\u00e9marrage sur les chapeaux de roue. Sp\u00e9cialis\u00e9e dans l\u2019\u00e9v\u00e9nementiel, l\u2019animation et la sonorisation, cette jeune structure sarthoise affiche un carnet de commandes bien rempli. \u00c0 sa t\u00eate, Pierre Dufresne, un v\u00e9ritable passionn\u00e9 qui a fait le choix de transformer sa passion en quotidien. Acteur local dans le domaine de l\u2019\u00e9v\u00e9nementiel, de la sonorisation, de l'animation, il est \u00e9galement DJ pour le grand public et pour les professionnels. Il nous raconte ses d\u00e9buts prometteurs, les portes ouvertes de son entreprise\u2026 et ses projets.L'entrepreneur est dans \\\"L'interview du jour\\\" le jeudi 22 mai \u00e0 18h, le vendredi 23 mai \u00e0 13h, le samedi 24 mai \u00e0 14h et le dimanche 25 mai \u00e0 11h.Pour contacter Berc\u00e9 Ev\u00e9nement :\u00a0\ud83d\udcbb Par mail : berce.evenements@gmail.com\ud83d\udcf2 Par t\u00e9l\u00e9phone : 06 98 78 57 45\",\"breadcrumb\":{\"@id\":\"https:\\\/\\\/contactfm72.fr\\\/?p=19448#breadcrumb\"},\"inLanguage\":\"fr-FR\",\"potentialAction\":[{\"@type\":\"ReadAction\",\"target\":[\"https:\\\/\\\/contactfm72.fr\\\/?p=19448\"]}]},{\"@type\":\"ImageObject\",\"inLanguage\":\"fr-FR\",\"@id\":\"https:\\\/\\\/contactfm72.fr\\\/?p=19448#primaryimage\",\"url\":\"https:\\\/\\\/contactfm72.fr\\\/wp-content\\\/uploads\\\/2025\\\/05\\\/fg.jpg\",\"contentUrl\":\"https:\\\/\\\/contactfm72.fr\\\/wp-content\\\/uploads\\\/2025\\\/05\\\/fg.jpg\",\"width\":2016,\"height\":1512},{\"@type\":\"BreadcrumbList\",\"@id\":\"https:\\\/\\\/contactfm72.fr\\\/?p=19448#breadcrumb\",\"itemListElement\":[{\"@type\":\"ListItem\",\"position\":1,\"name\":\"Accueil\",\"item\":\"https:\\\/\\\/contactfm72.fr\\\/\"},{\"@type\":\"ListItem\",\"position\":2,\"name\":\"Berc\u00e9 Ev\u00e9nements : Une jeune entreprise locale qui fait d\u00e9j\u00e0 du bruit !\"}]},{\"@type\":\"WebSite\",\"@id\":\"https:\\\/\\\/contactfm72.fr\\\/#website\",\"url\":\"https:\\\/\\\/contactfm72.fr\\\/\",\"name\":\"Contact FM 99.3\",\"description\":\"Votre radio en vall\u00e9e du Loir\",\"publisher\":{\"@id\":\"https:\\\/\\\/contactfm72.fr\\\/#organization\"},\"potentialAction\":[{\"@type\":\"SearchAction\",\"target\":{\"@type\":\"EntryPoint\",\"urlTemplate\":\"https:\\\/\\\/contactfm72.fr\\\/?s={search_term_string}\"},\"query-input\":{\"@type\":\"PropertyValueSpecification\",\"valueRequired\":true,\"valueName\":\"search_term_string\"}}],\"inLanguage\":\"fr-FR\"},{\"@type\":\"Organization\",\"@id\":\"https:\\\/\\\/contactfm72.fr\\\/#organization\",\"name\":\"Contact FM 99.3\",\"url\":\"https:\\\/\\\/contactfm72.fr\\\/\",\"logo\":{\"@type\":\"ImageObject\",\"inLanguage\":\"fr-FR\",\"@id\":\"https:\\\/\\\/contactfm72.fr\\\/#\\\/schema\\\/logo\\\/image\\\/\",\"url\":\"https:\\\/\\\/contactfm72.fr\\\/wp-content\\\/uploads\\\/2025\\\/04\\\/2025-04-18-2.jpg\",\"contentUrl\":\"https:\\\/\\\/contactfm72.fr\\\/wp-content\\\/uploads\\\/2025\\\/04\\\/2025-04-18-2.jpg\",\"width\":680,\"height\":307,\"caption\":\"Contact FM 99.3\"},\"image\":{\"@id\":\"https:\\\/\\\/contactfm72.fr\\\/#\\\/schema\\\/logo\\\/image\\\/\"},\"sameAs\":[\"https:\\\/\\\/www.facebook.com\\\/Contactfm.Chateauduloir\",\"https:\\\/\\\/x.com\\\/contactfm72\",\"https:\\\/\\\/www.instagram.com\\\/contact.fm.72?igsh=cGhlMHQ5N2JlNnpp\",\"https:\\\/\\\/www.tiktok.com\\\/@contact.fm\"]},{\"@type\":\"Person\",\"@id\":\"https:\\\/\\\/contactfm72.fr\\\/#\\\/schema\\\/person\\\/d2ef09cdea7331b185acaddc4d14dda8\",\"name\":\"redaction2@contactfm72.fr\",\"image\":{\"@type\":\"ImageObject\",\"inLanguage\":\"fr-FR\",\"@id\":\"https:\\\/\\\/secure.gravatar.com\\\/avatar\\\/897f3d57289c1f4c62cade1c2606ba6ded18d5f1676845e668a9f21cb751c06b?s=96&d=mm&r=g\",\"url\":\"https:\\\/\\\/secure.gravatar.com\\\/avatar\\\/897f3d57289c1f4c62cade1c2606ba6ded18d5f1676845e668a9f21cb751c06b?s=96&d=mm&r=g\",\"contentUrl\":\"https:\\\/\\\/secure.gravatar.com\\\/avatar\\\/897f3d57289c1f4c62cade1c2606ba6ded18d5f1676845e668a9f21cb751c06b?s=96&d=mm&r=g\",\"caption\":\"redaction2@contactfm72.fr\"},\"url\":\"https:\\\/\\\/contactfm72.fr\\\/?author=5\"}]}<\/script>\n<!-- \/ Yoast SEO plugin. -->","yoast_head_json":{"title":"Berc\u00e9 Ev\u00e9nements : Une jeune entreprise locale qui fait d\u00e9j\u00e0 du bruit ! - Contact FM 99.3","description":"\u00c0 peine lanc\u00e9e, Berc\u00e9 \u00c9v\u00e9nements cartonne dans le paysage local !\u00a0Fra\u00eechement install\u00e9 au c\u0153ur de la vall\u00e9e du Loir, Berc\u00e9 \u00c9v\u00e9nements conna\u00eet un d\u00e9marrage sur les chapeaux de roue. Sp\u00e9cialis\u00e9e dans l\u2019\u00e9v\u00e9nementiel, l\u2019animation et la sonorisation, cette jeune structure sarthoise affiche un carnet de commandes bien rempli. \u00c0 sa t\u00eate, Pierre Dufresne, un v\u00e9ritable passionn\u00e9 qui a fait le choix de transformer sa passion en quotidien. Acteur local dans le domaine de l\u2019\u00e9v\u00e9nementiel, de la sonorisation, de l'animation, il est \u00e9galement DJ pour le grand public et pour les professionnels. Il nous raconte ses d\u00e9buts prometteurs, les portes ouvertes de son entreprise\u2026 et ses projets.L'entrepreneur est dans \"L'interview du jour\" le jeudi 22 mai \u00e0 18h, le vendredi 23 mai \u00e0 13h, le samedi 24 mai \u00e0 14h et le dimanche 25 mai \u00e0 11h.Pour contacter Berc\u00e9 Ev\u00e9nement :\u00a0\ud83d\udcbb Par mail : berce.evenements@gmail.com\ud83d\udcf2 Par t\u00e9l\u00e9phone : 06 98 78 57 45","robots":{"index":"index","follow":"follow","max-snippet":"max-snippet:-1","max-image-preview":"max-image-preview:large","max-video-preview":"max-video-preview:-1"},"canonical":"https:\/\/contactfm72.fr\/?p=19448","og_locale":"fr_FR","og_type":"article","og_title":"Berc\u00e9 Ev\u00e9nements : Une jeune entreprise locale qui fait d\u00e9j\u00e0 du bruit ! - Contact FM 99.3","og_description":"\u00c0 peine lanc\u00e9e, Berc\u00e9 \u00c9v\u00e9nements cartonne dans le paysage local !\u00a0Fra\u00eechement install\u00e9 au c\u0153ur de la vall\u00e9e du Loir, Berc\u00e9 \u00c9v\u00e9nements conna\u00eet un d\u00e9marrage sur les chapeaux de roue. Sp\u00e9cialis\u00e9e dans l\u2019\u00e9v\u00e9nementiel, l\u2019animation et la sonorisation, cette jeune structure sarthoise affiche un carnet de commandes bien rempli. \u00c0 sa t\u00eate, Pierre Dufresne, un v\u00e9ritable passionn\u00e9 qui a fait le choix de transformer sa passion en quotidien. Acteur local dans le domaine de l\u2019\u00e9v\u00e9nementiel, de la sonorisation, de l'animation, il est \u00e9galement DJ pour le grand public et pour les professionnels. Il nous raconte ses d\u00e9buts prometteurs, les portes ouvertes de son entreprise\u2026 et ses projets.L'entrepreneur est dans \"L'interview du jour\" le jeudi 22 mai \u00e0 18h, le vendredi 23 mai \u00e0 13h, le samedi 24 mai \u00e0 14h et le dimanche 25 mai \u00e0 11h.Pour contacter Berc\u00e9 Ev\u00e9nement :\u00a0\ud83d\udcbb Par mail : berce.evenements@gmail.com\ud83d\udcf2 Par t\u00e9l\u00e9phone : 06 98 78 57 45","og_url":"https:\/\/contactfm72.fr\/?p=19448","og_site_name":"Contact FM 99.3","article_publisher":"https:\/\/www.facebook.com\/Contactfm.Chateauduloir","article_published_time":"2025-05-22T14:30:09+00:00","article_modified_time":"2025-05-23T08:57:02+00:00","og_image":[{"width":2016,"height":1512,"url":"http:\/\/contactfm72.fr\/wp-content\/uploads\/2025\/05\/fg.jpg","type":"image\/jpeg"}],"author":"redaction2@contactfm72.fr","twitter_card":"summary_large_image","twitter_creator":"@contactfm72","twitter_site":"@contactfm72","twitter_misc":{"\u00c9crit par":"redaction2@contactfm72.fr","Dur\u00e9e de lecture estim\u00e9e":"1 minute"},"schema":{"@context":"https:\/\/schema.org","@graph":[{"@type":"Article","@id":"https:\/\/contactfm72.fr\/?p=19448#article","isPartOf":{"@id":"https:\/\/contactfm72.fr\/?p=19448"},"author":{"name":"redaction2@contactfm72.fr","@id":"https:\/\/contactfm72.fr\/#\/schema\/person\/d2ef09cdea7331b185acaddc4d14dda8"},"headline":"Berc\u00e9 Ev\u00e9nements : Une jeune entreprise locale qui fait d\u00e9j\u00e0 du bruit !","datePublished":"2025-05-22T14:30:09+00:00","dateModified":"2025-05-23T08:57:02+00:00","mainEntityOfPage":{"@id":"https:\/\/contactfm72.fr\/?p=19448"},"wordCount":178,"publisher":{"@id":"https:\/\/contactfm72.fr\/#organization"},"image":{"@id":"https:\/\/contactfm72.fr\/?p=19448#primaryimage"},"thumbnailUrl":"https:\/\/contactfm72.fr\/wp-content\/uploads\/2025\/05\/fg.jpg","articleSection":["Contact FM 72","L'interview du jour"],"inLanguage":"fr-FR"},{"@type":"WebPage","@id":"https:\/\/contactfm72.fr\/?p=19448","url":"https:\/\/contactfm72.fr\/?p=19448","name":"Berc\u00e9 Ev\u00e9nements : Une jeune entreprise locale qui fait d\u00e9j\u00e0 du bruit ! - Contact FM 99.3","isPartOf":{"@id":"https:\/\/contactfm72.fr\/#website"},"primaryImageOfPage":{"@id":"https:\/\/contactfm72.fr\/?p=19448#primaryimage"},"image":{"@id":"https:\/\/contactfm72.fr\/?p=19448#primaryimage"},"thumbnailUrl":"https:\/\/contactfm72.fr\/wp-content\/uploads\/2025\/05\/fg.jpg","datePublished":"2025-05-22T14:30:09+00:00","dateModified":"2025-05-23T08:57:02+00:00","description":"\u00c0 peine lanc\u00e9e, Berc\u00e9 \u00c9v\u00e9nements cartonne dans le paysage local !\u00a0Fra\u00eechement install\u00e9 au c\u0153ur de la vall\u00e9e du Loir, Berc\u00e9 \u00c9v\u00e9nements conna\u00eet un d\u00e9marrage sur les chapeaux de roue. Sp\u00e9cialis\u00e9e dans l\u2019\u00e9v\u00e9nementiel, l\u2019animation et la sonorisation, cette jeune structure sarthoise affiche un carnet de commandes bien rempli. \u00c0 sa t\u00eate, Pierre Dufresne, un v\u00e9ritable passionn\u00e9 qui a fait le choix de transformer sa passion en quotidien. Acteur local dans le domaine de l\u2019\u00e9v\u00e9nementiel, de la sonorisation, de l'animation, il est \u00e9galement DJ pour le grand public et pour les professionnels. Il nous raconte ses d\u00e9buts prometteurs, les portes ouvertes de son entreprise\u2026 et ses projets.L'entrepreneur est dans \"L'interview du jour\" le jeudi 22 mai \u00e0 18h, le vendredi 23 mai \u00e0 13h, le samedi 24 mai \u00e0 14h et le dimanche 25 mai \u00e0 11h.Pour contacter Berc\u00e9 Ev\u00e9nement :\u00a0\ud83d\udcbb Par mail : berce.evenements@gmail.com\ud83d\udcf2 Par t\u00e9l\u00e9phone : 06 98 78 57 45","breadcrumb":{"@id":"https:\/\/contactfm72.fr\/?p=19448#breadcrumb"},"inLanguage":"fr-FR","potentialAction":[{"@type":"ReadAction","target":["https:\/\/contactfm72.fr\/?p=19448"]}]},{"@type":"ImageObject","inLanguage":"fr-FR","@id":"https:\/\/contactfm72.fr\/?p=19448#primaryimage","url":"https:\/\/contactfm72.fr\/wp-content\/uploads\/2025\/05\/fg.jpg","contentUrl":"https:\/\/contactfm72.fr\/wp-content\/uploads\/2025\/05\/fg.jpg","width":2016,"height":1512},{"@type":"BreadcrumbList","@id":"https:\/\/contactfm72.fr\/?p=19448#breadcrumb","itemListElement":[{"@type":"ListItem","position":1,"name":"Accueil","item":"https:\/\/contactfm72.fr\/"},{"@type":"ListItem","position":2,"name":"Berc\u00e9 Ev\u00e9nements : Une jeune entreprise locale qui fait d\u00e9j\u00e0 du bruit !"}]},{"@type":"WebSite","@id":"https:\/\/contactfm72.fr\/#website","url":"https:\/\/contactfm72.fr\/","name":"Contact FM 99.3","description":"Votre radio en vall\u00e9e du Loir","publisher":{"@id":"https:\/\/contactfm72.fr\/#organization"},"potentialAction":[{"@type":"SearchAction","target":{"@type":"EntryPoint","urlTemplate":"https:\/\/contactfm72.fr\/?s={search_term_string}"},"query-input":{"@type":"PropertyValueSpecification","valueRequired":true,"valueName":"search_term_string"}}],"inLanguage":"fr-FR"},{"@type":"Organization","@id":"https:\/\/contactfm72.fr\/#organization","name":"Contact FM 99.3","url":"https:\/\/contactfm72.fr\/","logo":{"@type":"ImageObject","inLanguage":"fr-FR","@id":"https:\/\/contactfm72.fr\/#\/schema\/logo\/image\/","url":"https:\/\/contactfm72.fr\/wp-content\/uploads\/2025\/04\/2025-04-18-2.jpg","contentUrl":"https:\/\/contactfm72.fr\/wp-content\/uploads\/2025\/04\/2025-04-18-2.jpg","width":680,"height":307,"caption":"Contact FM 99.3"},"image":{"@id":"https:\/\/contactfm72.fr\/#\/schema\/logo\/image\/"},"sameAs":["https:\/\/www.facebook.com\/Contactfm.Chateauduloir","https:\/\/x.com\/contactfm72","https:\/\/www.instagram.com\/contact.fm.72?igsh=cGhlMHQ5N2JlNnpp","https:\/\/www.tiktok.com\/@contact.fm"]},{"@type":"Person","@id":"https:\/\/contactfm72.fr\/#\/schema\/person\/d2ef09cdea7331b185acaddc4d14dda8","name":"redaction2@contactfm72.fr","image":{"@type":"ImageObject","inLanguage":"fr-FR","@id":"https:\/\/secure.gravatar.com\/avatar\/897f3d57289c1f4c62cade1c2606ba6ded18d5f1676845e668a9f21cb751c06b?s=96&d=mm&r=g","url":"https:\/\/secure.gravatar.com\/avatar\/897f3d57289c1f4c62cade1c2606ba6ded18d5f1676845e668a9f21cb751c06b?s=96&d=mm&r=g","contentUrl":"https:\/\/secure.gravatar.com\/avatar\/897f3d57289c1f4c62cade1c2606ba6ded18d5f1676845e668a9f21cb751c06b?s=96&d=mm&r=g","caption":"redaction2@contactfm72.fr"},"url":"https:\/\/contactfm72.fr\/?author=5"}]}},"_links":{"self":[{"href":"https:\/\/contactfm72.fr\/index.php?rest_route=\/wp\/v2\/posts\/19448","targetHints":{"allow":["GET"]}}],"collection":[{"href":"https:\/\/contactfm72.fr\/index.php?rest_route=\/wp\/v2\/posts"}],"about":[{"href":"https:\/\/contactfm72.fr\/index.php?rest_route=\/wp\/v2\/types\/post"}],"author":[{"embeddable":true,"href":"https:\/\/contactfm72.fr\/index.php?rest_route=\/wp\/v2\/users\/5"}],"replies":[{"embeddable":true,"href":"https:\/\/contactfm72.fr\/index.php?rest_route=%2Fwp%2Fv2%2Fcomments&post=19448"}],"version-history":[{"count":4,"href":"https:\/\/contactfm72.fr\/index.php?rest_route=\/wp\/v2\/posts\/19448\/revisions"}],"predecessor-version":[{"id":19464,"href":"https:\/\/contactfm72.fr\/index.php?rest_route=\/wp\/v2\/posts\/19448\/revisions\/19464"}],"wp:featuredmedia":[{"embeddable":true,"href":"https:\/\/contactfm72.fr\/index.php?rest_route=\/wp\/v2\/media\/19449"}],"wp:attachment":[{"href":"https:\/\/contactfm72.fr\/index.php?rest_route=%2Fwp%2Fv2%2Fmedia&parent=19448"}],"wp:term":[{"taxonomy":"category","embeddable":true,"href":"https:\/\/contactfm72.fr\/index.php?rest_route=%2Fwp%2Fv2%2Fcategories&post=19448"},{"taxonomy":"post_tag","embeddable":true,"href":"https:\/\/contactfm72.fr\/index.php?rest_route=%2Fwp%2Fv2%2Ftags&post=19448"}],"curies":[{"name":"wp","href":"https:\/\/api.w.org\/{rel}","templated":true}]}}