{"id":19425,"date":"2025-05-20T16:34:53","date_gmt":"2025-05-20T14:34:53","guid":{"rendered":"https:\/\/contactfm72.fr\/?p=19425"},"modified":"2025-05-20T16:38:05","modified_gmt":"2025-05-20T14:38:05","slug":"trognes-une-expo-participative-en-sarthe-avec-les-ecoles-et-le-muz","status":"publish","type":"post","link":"https:\/\/contactfm72.fr\/?p=19425","title":{"rendered":"Trognes : une expo participative en Sarthe avec les \u00e9coles et Le Muz"},"content":{"rendered":"<p>Vous savez ce qu&#8217;est une Trogne ?<\/p>\n<p>C\u2019est un arbre au look un peu particulier, fa\u00e7onn\u00e9 par l\u2019homme au fil des si\u00e8cles. Et cette curiosit\u00e9 v\u00e9g\u00e9tale est \u00e0 l\u2019honneur du <strong data-start=\"443\" data-end=\"459\">21 au 25 mai<\/strong>, \u00e0 travers une exposition originale port\u00e9e par l\u2019association <strong data-start=\"521\" data-end=\"531\">Le Muz <\/strong>\u00e0 la salle du lac des Varennes<strong data-start=\"521\" data-end=\"531\">. <\/strong>L\u2019id\u00e9e ? Inviter les enfants de plusieurs \u00e9coles du territoire \u00e0 imaginer et dessiner leur propre version d\u2019une trogne. Un projet artistique, p\u00e9dagogique qui interroge notre rapport aux arbres et \u00e0 la nature.<\/p>\n<p>Temps fort de l\u2019\u00e9v\u00e9nement : <strong data-start=\"792\" data-end=\"825\">la venue de Dominique Mansion<\/strong>, sp\u00e9cialiste de la trogne, le dimanche 25 mai de 16h30 \u00e0 18h, pour une rencontre passionnante autour de cet arbre hors du commun. L&#8217;invit\u00e9e de &#8220;<strong>L&#8217;interview du jour<\/strong>&#8220;, c&#8217;est Livia Matigot, cheffe de projet pour l&#8217;association &#8220;Le Muz&#8221; et c&#8217;est \u00e0 d\u00e9couvrir le <strong>mardi 20 mai \u00e0 18h, le mercredi 21 mai \u00e0 13h, le samedi 24 mai \u00e0 14h et le dimanche 25 mai \u00e0 11h<\/strong>.<\/p>\n<p>Pour suivre l&#8217;exposition virtuelle \ud83d\udc49\u00a0 <a href=\"http:\/\/lemuz.org\">lemuz.org<\/a><\/p>\n<div id=\"audioigniter-283\" class=\"audioigniter-root \" data-player-type=\"full\" data-tracks-url=\"https:\/\/contactfm72.fr\/?audioigniter_playlist_id=283\" data-display-track-no=\"false\" data-reverse-track-order=\"false\" data-display-tracklist-covers=\"false\" data-display-active-cover=\"false\" data-display-artist-names=\"false\" data-display-buy-buttons=\"true\" data-buy-buttons-target=\"false\" data-cycle-tracks=\"false\" data-display-credits=\"false\" data-display-tracklist=\"true\" data-allow-tracklist-toggle=\"false\" data-allow-tracklist-loop=\"true\" data-limit-tracklist-height=\"true\" data-volume=\"100\" data-tracklist-height=\"185\" data-allow-track-loop=\"false\" ><\/div>\n<p data-start=\"215\" data-end=\"532\">\n<!-- AddThis Advanced Settings generic via filter on the_content --><!-- AddThis Share Buttons generic via filter on the_content -->","protected":false},"excerpt":{"rendered":"<p>Vous savez ce qu&#8217;est une Trogne ? C\u2019est un arbre au look un peu particulier, fa\u00e7onn\u00e9 par l\u2019homme au fil des si\u00e8cles. Et cette curiosit\u00e9 v\u00e9g\u00e9tale est \u00e0 l\u2019honneur du 21 au 25 mai, \u00e0 travers une exposition originale port\u00e9e par l\u2019association Le Muz \u00e0 la salle du lac des Varennes. L\u2019id\u00e9e ? Inviter les&hellip;<!-- AddThis Advanced Settings generic via filter on get_the_excerpt --><!-- AddThis Share Buttons generic via filter on get_the_excerpt --><\/p>\n","protected":false},"author":5,"featured_media":19426,"comment_status":"closed","ping_status":"open","sticky":false,"template":"","format":"standard","meta":{"footnotes":""},"categories":[1,5],"tags":[],"class_list":["post-19425","post","type-post","status-publish","format-standard","has-post-thumbnail","hentry","category-contact-fm-72","category-linterview-du-jour","category-1","category-5","description-off"],"yoast_head":"<!-- This site is optimized with the Yoast SEO plugin v27.4 - https:\/\/yoast.com\/product\/yoast-seo-wordpress\/ -->\n<title>Trognes : une expo participative en Sarthe avec les \u00e9coles et Le Muz - Contact FM 99.3<\/title>\n<meta name=\"description\" content=\"Vous savez ce qu&#039;est une Trogne ?\u00a0C\u2019est surtout un arbre au look un peu particulier, fa\u00e7onn\u00e9 par l\u2019homme au fil des si\u00e8cles. Et cette curiosit\u00e9 v\u00e9g\u00e9tale est \u00e0 l\u2019honneur du 21 au 25 mai, \u00e0 travers une exposition originale port\u00e9e par l\u2019association Le Muz. L\u2019id\u00e9e ? Inviter les enfants de plusieurs \u00e9coles du territoire \u00e0 imaginer et dessiner leur propre version d\u2019une trogne. Un projet artistique, p\u00e9dagogique qui interroge notre rapport aux arbres et \u00e0 la nature.Temps fort de l\u2019\u00e9v\u00e9nement : la venue de Dominique Mansion, sp\u00e9cialiste de la trogne, le dimanche 25 mai de 16h30 \u00e0 18h, pour une rencontre passionnante autour de cet arbre hors du commun. L&#039;invit\u00e9e de &quot;L&#039;interview du jour&quot;, c&#039;est Livia Matigot, cheffe de projet pour l&#039;association &quot;Le Muz&quot; et c&#039;est \u00e0 d\u00e9couvrir le mardi 20 mai \u00e0 18h, le mercredi 21 mai \u00e0 13h, le samedi 24 mai \u00e0 14h et le dimanche 25 mai \u00e0 11h.Pour suivre l&#039;exposition virtuelle \ud83d\udc49\u00a0 lemuz.org\" \/>\n<meta name=\"robots\" content=\"index, follow, max-snippet:-1, max-image-preview:large, max-video-preview:-1\" \/>\n<link rel=\"canonical\" href=\"https:\/\/contactfm72.fr\/?p=19425\" \/>\n<meta property=\"og:locale\" content=\"fr_FR\" \/>\n<meta property=\"og:type\" content=\"article\" \/>\n<meta property=\"og:title\" content=\"Trognes : une expo participative en Sarthe avec les \u00e9coles et Le Muz - Contact FM 99.3\" \/>\n<meta property=\"og:description\" content=\"Vous savez ce qu&#039;est une Trogne ?\u00a0C\u2019est surtout un arbre au look un peu particulier, fa\u00e7onn\u00e9 par l\u2019homme au fil des si\u00e8cles. Et cette curiosit\u00e9 v\u00e9g\u00e9tale est \u00e0 l\u2019honneur du 21 au 25 mai, \u00e0 travers une exposition originale port\u00e9e par l\u2019association Le Muz. L\u2019id\u00e9e ? Inviter les enfants de plusieurs \u00e9coles du territoire \u00e0 imaginer et dessiner leur propre version d\u2019une trogne. Un projet artistique, p\u00e9dagogique qui interroge notre rapport aux arbres et \u00e0 la nature.Temps fort de l\u2019\u00e9v\u00e9nement : la venue de Dominique Mansion, sp\u00e9cialiste de la trogne, le dimanche 25 mai de 16h30 \u00e0 18h, pour une rencontre passionnante autour de cet arbre hors du commun. L&#039;invit\u00e9e de &quot;L&#039;interview du jour&quot;, c&#039;est Livia Matigot, cheffe de projet pour l&#039;association &quot;Le Muz&quot; et c&#039;est \u00e0 d\u00e9couvrir le mardi 20 mai \u00e0 18h, le mercredi 21 mai \u00e0 13h, le samedi 24 mai \u00e0 14h et le dimanche 25 mai \u00e0 11h.Pour suivre l&#039;exposition virtuelle \ud83d\udc49\u00a0 lemuz.org\" \/>\n<meta property=\"og:url\" content=\"https:\/\/contactfm72.fr\/?p=19425\" \/>\n<meta property=\"og:site_name\" content=\"Contact FM 99.3\" \/>\n<meta property=\"article:publisher\" content=\"https:\/\/www.facebook.com\/Contactfm.Chateauduloir\" \/>\n<meta property=\"article:published_time\" content=\"2025-05-20T14:34:53+00:00\" \/>\n<meta property=\"article:modified_time\" content=\"2025-05-20T14:38:05+00:00\" \/>\n<meta property=\"og:image\" content=\"http:\/\/contactfm72.fr\/wp-content\/uploads\/2025\/05\/dfv.png\" \/>\n\t<meta property=\"og:image:width\" content=\"1024\" \/>\n\t<meta property=\"og:image:height\" content=\"768\" \/>\n\t<meta property=\"og:image:type\" content=\"image\/png\" \/>\n<meta name=\"author\" content=\"redaction2@contactfm72.fr\" \/>\n<meta name=\"twitter:card\" content=\"summary_large_image\" \/>\n<meta name=\"twitter:creator\" content=\"@contactfm72\" \/>\n<meta name=\"twitter:site\" content=\"@contactfm72\" \/>\n<meta name=\"twitter:label1\" content=\"\u00c9crit par\" \/>\n\t<meta name=\"twitter:data1\" content=\"redaction2@contactfm72.fr\" \/>\n\t<meta name=\"twitter:label2\" content=\"Dur\u00e9e de lecture estim\u00e9e\" \/>\n\t<meta name=\"twitter:data2\" content=\"2 minutes\" \/>\n<script type=\"application\/ld+json\" class=\"yoast-schema-graph\">{\"@context\":\"https:\\\/\\\/schema.org\",\"@graph\":[{\"@type\":\"Article\",\"@id\":\"https:\\\/\\\/contactfm72.fr\\\/?p=19425#article\",\"isPartOf\":{\"@id\":\"https:\\\/\\\/contactfm72.fr\\\/?p=19425\"},\"author\":{\"name\":\"redaction2@contactfm72.fr\",\"@id\":\"https:\\\/\\\/contactfm72.fr\\\/#\\\/schema\\\/person\\\/d2ef09cdea7331b185acaddc4d14dda8\"},\"headline\":\"Trognes : une expo participative en Sarthe avec les \u00e9coles et Le Muz\",\"datePublished\":\"2025-05-20T14:34:53+00:00\",\"dateModified\":\"2025-05-20T14:38:05+00:00\",\"mainEntityOfPage\":{\"@id\":\"https:\\\/\\\/contactfm72.fr\\\/?p=19425\"},\"wordCount\":186,\"publisher\":{\"@id\":\"https:\\\/\\\/contactfm72.fr\\\/#organization\"},\"image\":{\"@id\":\"https:\\\/\\\/contactfm72.fr\\\/?p=19425#primaryimage\"},\"thumbnailUrl\":\"https:\\\/\\\/contactfm72.fr\\\/wp-content\\\/uploads\\\/2025\\\/05\\\/dfv.png\",\"articleSection\":[\"Contact FM 72\",\"L'interview du jour\"],\"inLanguage\":\"fr-FR\"},{\"@type\":\"WebPage\",\"@id\":\"https:\\\/\\\/contactfm72.fr\\\/?p=19425\",\"url\":\"https:\\\/\\\/contactfm72.fr\\\/?p=19425\",\"name\":\"Trognes : une expo participative en Sarthe avec les \u00e9coles et Le Muz - Contact FM 99.3\",\"isPartOf\":{\"@id\":\"https:\\\/\\\/contactfm72.fr\\\/#website\"},\"primaryImageOfPage\":{\"@id\":\"https:\\\/\\\/contactfm72.fr\\\/?p=19425#primaryimage\"},\"image\":{\"@id\":\"https:\\\/\\\/contactfm72.fr\\\/?p=19425#primaryimage\"},\"thumbnailUrl\":\"https:\\\/\\\/contactfm72.fr\\\/wp-content\\\/uploads\\\/2025\\\/05\\\/dfv.png\",\"datePublished\":\"2025-05-20T14:34:53+00:00\",\"dateModified\":\"2025-05-20T14:38:05+00:00\",\"description\":\"Vous savez ce qu'est une Trogne ?\u00a0C\u2019est surtout un arbre au look un peu particulier, fa\u00e7onn\u00e9 par l\u2019homme au fil des si\u00e8cles. Et cette curiosit\u00e9 v\u00e9g\u00e9tale est \u00e0 l\u2019honneur du 21 au 25 mai, \u00e0 travers une exposition originale port\u00e9e par l\u2019association Le Muz. L\u2019id\u00e9e ? Inviter les enfants de plusieurs \u00e9coles du territoire \u00e0 imaginer et dessiner leur propre version d\u2019une trogne. Un projet artistique, p\u00e9dagogique qui interroge notre rapport aux arbres et \u00e0 la nature.Temps fort de l\u2019\u00e9v\u00e9nement : la venue de Dominique Mansion, sp\u00e9cialiste de la trogne, le dimanche 25 mai de 16h30 \u00e0 18h, pour une rencontre passionnante autour de cet arbre hors du commun. L'invit\u00e9e de \\\"L'interview du jour\\\", c'est Livia Matigot, cheffe de projet pour l'association \\\"Le Muz\\\" et c'est \u00e0 d\u00e9couvrir le mardi 20 mai \u00e0 18h, le mercredi 21 mai \u00e0 13h, le samedi 24 mai \u00e0 14h et le dimanche 25 mai \u00e0 11h.Pour suivre l'exposition virtuelle \ud83d\udc49\u00a0 lemuz.org\",\"breadcrumb\":{\"@id\":\"https:\\\/\\\/contactfm72.fr\\\/?p=19425#breadcrumb\"},\"inLanguage\":\"fr-FR\",\"potentialAction\":[{\"@type\":\"ReadAction\",\"target\":[\"https:\\\/\\\/contactfm72.fr\\\/?p=19425\"]}]},{\"@type\":\"ImageObject\",\"inLanguage\":\"fr-FR\",\"@id\":\"https:\\\/\\\/contactfm72.fr\\\/?p=19425#primaryimage\",\"url\":\"https:\\\/\\\/contactfm72.fr\\\/wp-content\\\/uploads\\\/2025\\\/05\\\/dfv.png\",\"contentUrl\":\"https:\\\/\\\/contactfm72.fr\\\/wp-content\\\/uploads\\\/2025\\\/05\\\/dfv.png\",\"width\":2016,\"height\":1512},{\"@type\":\"BreadcrumbList\",\"@id\":\"https:\\\/\\\/contactfm72.fr\\\/?p=19425#breadcrumb\",\"itemListElement\":[{\"@type\":\"ListItem\",\"position\":1,\"name\":\"Accueil\",\"item\":\"https:\\\/\\\/contactfm72.fr\\\/\"},{\"@type\":\"ListItem\",\"position\":2,\"name\":\"Trognes : une expo participative en Sarthe avec les \u00e9coles et Le Muz\"}]},{\"@type\":\"WebSite\",\"@id\":\"https:\\\/\\\/contactfm72.fr\\\/#website\",\"url\":\"https:\\\/\\\/contactfm72.fr\\\/\",\"name\":\"Contact FM 99.3\",\"description\":\"Votre radio en vall\u00e9e du Loir\",\"publisher\":{\"@id\":\"https:\\\/\\\/contactfm72.fr\\\/#organization\"},\"potentialAction\":[{\"@type\":\"SearchAction\",\"target\":{\"@type\":\"EntryPoint\",\"urlTemplate\":\"https:\\\/\\\/contactfm72.fr\\\/?s={search_term_string}\"},\"query-input\":{\"@type\":\"PropertyValueSpecification\",\"valueRequired\":true,\"valueName\":\"search_term_string\"}}],\"inLanguage\":\"fr-FR\"},{\"@type\":\"Organization\",\"@id\":\"https:\\\/\\\/contactfm72.fr\\\/#organization\",\"name\":\"Contact FM 99.3\",\"url\":\"https:\\\/\\\/contactfm72.fr\\\/\",\"logo\":{\"@type\":\"ImageObject\",\"inLanguage\":\"fr-FR\",\"@id\":\"https:\\\/\\\/contactfm72.fr\\\/#\\\/schema\\\/logo\\\/image\\\/\",\"url\":\"https:\\\/\\\/contactfm72.fr\\\/wp-content\\\/uploads\\\/2025\\\/04\\\/2025-04-18-2.jpg\",\"contentUrl\":\"https:\\\/\\\/contactfm72.fr\\\/wp-content\\\/uploads\\\/2025\\\/04\\\/2025-04-18-2.jpg\",\"width\":680,\"height\":307,\"caption\":\"Contact FM 99.3\"},\"image\":{\"@id\":\"https:\\\/\\\/contactfm72.fr\\\/#\\\/schema\\\/logo\\\/image\\\/\"},\"sameAs\":[\"https:\\\/\\\/www.facebook.com\\\/Contactfm.Chateauduloir\",\"https:\\\/\\\/x.com\\\/contactfm72\",\"https:\\\/\\\/www.instagram.com\\\/contact.fm.72?igsh=cGhlMHQ5N2JlNnpp\",\"https:\\\/\\\/www.tiktok.com\\\/@contact.fm\"]},{\"@type\":\"Person\",\"@id\":\"https:\\\/\\\/contactfm72.fr\\\/#\\\/schema\\\/person\\\/d2ef09cdea7331b185acaddc4d14dda8\",\"name\":\"redaction2@contactfm72.fr\",\"image\":{\"@type\":\"ImageObject\",\"inLanguage\":\"fr-FR\",\"@id\":\"https:\\\/\\\/secure.gravatar.com\\\/avatar\\\/897f3d57289c1f4c62cade1c2606ba6ded18d5f1676845e668a9f21cb751c06b?s=96&d=mm&r=g\",\"url\":\"https:\\\/\\\/secure.gravatar.com\\\/avatar\\\/897f3d57289c1f4c62cade1c2606ba6ded18d5f1676845e668a9f21cb751c06b?s=96&d=mm&r=g\",\"contentUrl\":\"https:\\\/\\\/secure.gravatar.com\\\/avatar\\\/897f3d57289c1f4c62cade1c2606ba6ded18d5f1676845e668a9f21cb751c06b?s=96&d=mm&r=g\",\"caption\":\"redaction2@contactfm72.fr\"},\"url\":\"https:\\\/\\\/contactfm72.fr\\\/?author=5\"}]}<\/script>\n<!-- \/ Yoast SEO plugin. -->","yoast_head_json":{"title":"Trognes : une expo participative en Sarthe avec les \u00e9coles et Le Muz - Contact FM 99.3","description":"Vous savez ce qu'est une Trogne ?\u00a0C\u2019est surtout un arbre au look un peu particulier, fa\u00e7onn\u00e9 par l\u2019homme au fil des si\u00e8cles. Et cette curiosit\u00e9 v\u00e9g\u00e9tale est \u00e0 l\u2019honneur du 21 au 25 mai, \u00e0 travers une exposition originale port\u00e9e par l\u2019association Le Muz. L\u2019id\u00e9e ? Inviter les enfants de plusieurs \u00e9coles du territoire \u00e0 imaginer et dessiner leur propre version d\u2019une trogne. Un projet artistique, p\u00e9dagogique qui interroge notre rapport aux arbres et \u00e0 la nature.Temps fort de l\u2019\u00e9v\u00e9nement : la venue de Dominique Mansion, sp\u00e9cialiste de la trogne, le dimanche 25 mai de 16h30 \u00e0 18h, pour une rencontre passionnante autour de cet arbre hors du commun. L'invit\u00e9e de \"L'interview du jour\", c'est Livia Matigot, cheffe de projet pour l'association \"Le Muz\" et c'est \u00e0 d\u00e9couvrir le mardi 20 mai \u00e0 18h, le mercredi 21 mai \u00e0 13h, le samedi 24 mai \u00e0 14h et le dimanche 25 mai \u00e0 11h.Pour suivre l'exposition virtuelle \ud83d\udc49\u00a0 lemuz.org","robots":{"index":"index","follow":"follow","max-snippet":"max-snippet:-1","max-image-preview":"max-image-preview:large","max-video-preview":"max-video-preview:-1"},"canonical":"https:\/\/contactfm72.fr\/?p=19425","og_locale":"fr_FR","og_type":"article","og_title":"Trognes : une expo participative en Sarthe avec les \u00e9coles et Le Muz - Contact FM 99.3","og_description":"Vous savez ce qu'est une Trogne ?\u00a0C\u2019est surtout un arbre au look un peu particulier, fa\u00e7onn\u00e9 par l\u2019homme au fil des si\u00e8cles. Et cette curiosit\u00e9 v\u00e9g\u00e9tale est \u00e0 l\u2019honneur du 21 au 25 mai, \u00e0 travers une exposition originale port\u00e9e par l\u2019association Le Muz. L\u2019id\u00e9e ? Inviter les enfants de plusieurs \u00e9coles du territoire \u00e0 imaginer et dessiner leur propre version d\u2019une trogne. Un projet artistique, p\u00e9dagogique qui interroge notre rapport aux arbres et \u00e0 la nature.Temps fort de l\u2019\u00e9v\u00e9nement : la venue de Dominique Mansion, sp\u00e9cialiste de la trogne, le dimanche 25 mai de 16h30 \u00e0 18h, pour une rencontre passionnante autour de cet arbre hors du commun. L'invit\u00e9e de \"L'interview du jour\", c'est Livia Matigot, cheffe de projet pour l'association \"Le Muz\" et c'est \u00e0 d\u00e9couvrir le mardi 20 mai \u00e0 18h, le mercredi 21 mai \u00e0 13h, le samedi 24 mai \u00e0 14h et le dimanche 25 mai \u00e0 11h.Pour suivre l'exposition virtuelle \ud83d\udc49\u00a0 lemuz.org","og_url":"https:\/\/contactfm72.fr\/?p=19425","og_site_name":"Contact FM 99.3","article_publisher":"https:\/\/www.facebook.com\/Contactfm.Chateauduloir","article_published_time":"2025-05-20T14:34:53+00:00","article_modified_time":"2025-05-20T14:38:05+00:00","og_image":[{"url":"http:\/\/contactfm72.fr\/wp-content\/uploads\/2025\/05\/dfv.png","width":1024,"height":768,"type":"image\/png"}],"author":"redaction2@contactfm72.fr","twitter_card":"summary_large_image","twitter_creator":"@contactfm72","twitter_site":"@contactfm72","twitter_misc":{"\u00c9crit par":"redaction2@contactfm72.fr","Dur\u00e9e de lecture estim\u00e9e":"2 minutes"},"schema":{"@context":"https:\/\/schema.org","@graph":[{"@type":"Article","@id":"https:\/\/contactfm72.fr\/?p=19425#article","isPartOf":{"@id":"https:\/\/contactfm72.fr\/?p=19425"},"author":{"name":"redaction2@contactfm72.fr","@id":"https:\/\/contactfm72.fr\/#\/schema\/person\/d2ef09cdea7331b185acaddc4d14dda8"},"headline":"Trognes : une expo participative en Sarthe avec les \u00e9coles et Le Muz","datePublished":"2025-05-20T14:34:53+00:00","dateModified":"2025-05-20T14:38:05+00:00","mainEntityOfPage":{"@id":"https:\/\/contactfm72.fr\/?p=19425"},"wordCount":186,"publisher":{"@id":"https:\/\/contactfm72.fr\/#organization"},"image":{"@id":"https:\/\/contactfm72.fr\/?p=19425#primaryimage"},"thumbnailUrl":"https:\/\/contactfm72.fr\/wp-content\/uploads\/2025\/05\/dfv.png","articleSection":["Contact FM 72","L'interview du jour"],"inLanguage":"fr-FR"},{"@type":"WebPage","@id":"https:\/\/contactfm72.fr\/?p=19425","url":"https:\/\/contactfm72.fr\/?p=19425","name":"Trognes : une expo participative en Sarthe avec les \u00e9coles et Le Muz - Contact FM 99.3","isPartOf":{"@id":"https:\/\/contactfm72.fr\/#website"},"primaryImageOfPage":{"@id":"https:\/\/contactfm72.fr\/?p=19425#primaryimage"},"image":{"@id":"https:\/\/contactfm72.fr\/?p=19425#primaryimage"},"thumbnailUrl":"https:\/\/contactfm72.fr\/wp-content\/uploads\/2025\/05\/dfv.png","datePublished":"2025-05-20T14:34:53+00:00","dateModified":"2025-05-20T14:38:05+00:00","description":"Vous savez ce qu'est une Trogne ?\u00a0C\u2019est surtout un arbre au look un peu particulier, fa\u00e7onn\u00e9 par l\u2019homme au fil des si\u00e8cles. Et cette curiosit\u00e9 v\u00e9g\u00e9tale est \u00e0 l\u2019honneur du 21 au 25 mai, \u00e0 travers une exposition originale port\u00e9e par l\u2019association Le Muz. L\u2019id\u00e9e ? Inviter les enfants de plusieurs \u00e9coles du territoire \u00e0 imaginer et dessiner leur propre version d\u2019une trogne. Un projet artistique, p\u00e9dagogique qui interroge notre rapport aux arbres et \u00e0 la nature.Temps fort de l\u2019\u00e9v\u00e9nement : la venue de Dominique Mansion, sp\u00e9cialiste de la trogne, le dimanche 25 mai de 16h30 \u00e0 18h, pour une rencontre passionnante autour de cet arbre hors du commun. L'invit\u00e9e de \"L'interview du jour\", c'est Livia Matigot, cheffe de projet pour l'association \"Le Muz\" et c'est \u00e0 d\u00e9couvrir le mardi 20 mai \u00e0 18h, le mercredi 21 mai \u00e0 13h, le samedi 24 mai \u00e0 14h et le dimanche 25 mai \u00e0 11h.Pour suivre l'exposition virtuelle \ud83d\udc49\u00a0 lemuz.org","breadcrumb":{"@id":"https:\/\/contactfm72.fr\/?p=19425#breadcrumb"},"inLanguage":"fr-FR","potentialAction":[{"@type":"ReadAction","target":["https:\/\/contactfm72.fr\/?p=19425"]}]},{"@type":"ImageObject","inLanguage":"fr-FR","@id":"https:\/\/contactfm72.fr\/?p=19425#primaryimage","url":"https:\/\/contactfm72.fr\/wp-content\/uploads\/2025\/05\/dfv.png","contentUrl":"https:\/\/contactfm72.fr\/wp-content\/uploads\/2025\/05\/dfv.png","width":2016,"height":1512},{"@type":"BreadcrumbList","@id":"https:\/\/contactfm72.fr\/?p=19425#breadcrumb","itemListElement":[{"@type":"ListItem","position":1,"name":"Accueil","item":"https:\/\/contactfm72.fr\/"},{"@type":"ListItem","position":2,"name":"Trognes : une expo participative en Sarthe avec les \u00e9coles et Le Muz"}]},{"@type":"WebSite","@id":"https:\/\/contactfm72.fr\/#website","url":"https:\/\/contactfm72.fr\/","name":"Contact FM 99.3","description":"Votre radio en vall\u00e9e du Loir","publisher":{"@id":"https:\/\/contactfm72.fr\/#organization"},"potentialAction":[{"@type":"SearchAction","target":{"@type":"EntryPoint","urlTemplate":"https:\/\/contactfm72.fr\/?s={search_term_string}"},"query-input":{"@type":"PropertyValueSpecification","valueRequired":true,"valueName":"search_term_string"}}],"inLanguage":"fr-FR"},{"@type":"Organization","@id":"https:\/\/contactfm72.fr\/#organization","name":"Contact FM 99.3","url":"https:\/\/contactfm72.fr\/","logo":{"@type":"ImageObject","inLanguage":"fr-FR","@id":"https:\/\/contactfm72.fr\/#\/schema\/logo\/image\/","url":"https:\/\/contactfm72.fr\/wp-content\/uploads\/2025\/04\/2025-04-18-2.jpg","contentUrl":"https:\/\/contactfm72.fr\/wp-content\/uploads\/2025\/04\/2025-04-18-2.jpg","width":680,"height":307,"caption":"Contact FM 99.3"},"image":{"@id":"https:\/\/contactfm72.fr\/#\/schema\/logo\/image\/"},"sameAs":["https:\/\/www.facebook.com\/Contactfm.Chateauduloir","https:\/\/x.com\/contactfm72","https:\/\/www.instagram.com\/contact.fm.72?igsh=cGhlMHQ5N2JlNnpp","https:\/\/www.tiktok.com\/@contact.fm"]},{"@type":"Person","@id":"https:\/\/contactfm72.fr\/#\/schema\/person\/d2ef09cdea7331b185acaddc4d14dda8","name":"redaction2@contactfm72.fr","image":{"@type":"ImageObject","inLanguage":"fr-FR","@id":"https:\/\/secure.gravatar.com\/avatar\/897f3d57289c1f4c62cade1c2606ba6ded18d5f1676845e668a9f21cb751c06b?s=96&d=mm&r=g","url":"https:\/\/secure.gravatar.com\/avatar\/897f3d57289c1f4c62cade1c2606ba6ded18d5f1676845e668a9f21cb751c06b?s=96&d=mm&r=g","contentUrl":"https:\/\/secure.gravatar.com\/avatar\/897f3d57289c1f4c62cade1c2606ba6ded18d5f1676845e668a9f21cb751c06b?s=96&d=mm&r=g","caption":"redaction2@contactfm72.fr"},"url":"https:\/\/contactfm72.fr\/?author=5"}]}},"_links":{"self":[{"href":"https:\/\/contactfm72.fr\/index.php?rest_route=\/wp\/v2\/posts\/19425","targetHints":{"allow":["GET"]}}],"collection":[{"href":"https:\/\/contactfm72.fr\/index.php?rest_route=\/wp\/v2\/posts"}],"about":[{"href":"https:\/\/contactfm72.fr\/index.php?rest_route=\/wp\/v2\/types\/post"}],"author":[{"embeddable":true,"href":"https:\/\/contactfm72.fr\/index.php?rest_route=\/wp\/v2\/users\/5"}],"replies":[{"embeddable":true,"href":"https:\/\/contactfm72.fr\/index.php?rest_route=%2Fwp%2Fv2%2Fcomments&post=19425"}],"version-history":[{"count":3,"href":"https:\/\/contactfm72.fr\/index.php?rest_route=\/wp\/v2\/posts\/19425\/revisions"}],"predecessor-version":[{"id":19430,"href":"https:\/\/contactfm72.fr\/index.php?rest_route=\/wp\/v2\/posts\/19425\/revisions\/19430"}],"wp:featuredmedia":[{"embeddable":true,"href":"https:\/\/contactfm72.fr\/index.php?rest_route=\/wp\/v2\/media\/19426"}],"wp:attachment":[{"href":"https:\/\/contactfm72.fr\/index.php?rest_route=%2Fwp%2Fv2%2Fmedia&parent=19425"}],"wp:term":[{"taxonomy":"category","embeddable":true,"href":"https:\/\/contactfm72.fr\/index.php?rest_route=%2Fwp%2Fv2%2Fcategories&post=19425"},{"taxonomy":"post_tag","embeddable":true,"href":"https:\/\/contactfm72.fr\/index.php?rest_route=%2Fwp%2Fv2%2Ftags&post=19425"}],"curies":[{"name":"wp","href":"https:\/\/api.w.org\/{rel}","templated":true}]}}