{"id":19401,"date":"2025-05-16T10:30:54","date_gmt":"2025-05-16T08:30:54","guid":{"rendered":"https:\/\/contactfm72.fr\/?p=19401"},"modified":"2025-05-16T10:34:15","modified_gmt":"2025-05-16T08:34:15","slug":"apprentis-sarthe-vous-emmene-dans-les-coulisses-de-lindustrie-de-demain","status":"publish","type":"post","link":"https:\/\/contactfm72.fr\/?p=19401","title":{"rendered":"Apprentis &#8216; Sarthe vous emm\u00e8ne dans les coulisses de l&#8217;industrie de demain"},"content":{"rendered":"<p>On vous emm\u00e8ne \u00e0 la Fab Academy !<\/p>\n<p>Ce mois-ci, Apprentis&#8217; Sarthe\u00a0vous ouvre les portes d\u2019un lieu o\u00f9 l\u2019avenir de l\u2019industrie se fa\u00e7onne au quotidien : la Fab Academy, le centre de formation des apprentis d\u00e9di\u00e9 aux m\u00e9tiers de l\u2019industrie, situ\u00e9 pr\u00e8s de l\u2019universit\u00e9 du Mans. Au programme on aborde le cursus, ce que permet l&#8217;apprentissage \u00e0 la fois sur le plan personnel et professionnel ainsi que sur l&#8217;\u00e9volution des m\u00e9tiers de l&#8217;industrie. Nous partons \u00e0 la rencontre d&#8217;Armelle Chopin, directrice des centres du Mans et de Laval, de deux apprentis; Lilou et Nathan ainsi que deux formateurs du centre, Olivier Riant et David Loiseau.<\/p>\n<p>Apprentis&#8217; Sarthe est \u00e0 d\u00e9couvrir le vendredi 16 mai \u00e0 12h30 et le mardi 20 mai \u00e0 17h30.<\/p>\n\n<!-- AddThis Advanced Settings generic via filter on the_content --><!-- AddThis Share Buttons generic via filter on the_content -->","protected":false},"excerpt":{"rendered":"<p>On vous emm\u00e8ne \u00e0 la Fab Academy ! Ce mois-ci, Apprentis&#8217; Sarthe\u00a0vous ouvre les portes d\u2019un lieu o\u00f9 l\u2019avenir de l\u2019industrie se fa\u00e7onne au quotidien : la Fab Academy, le centre de formation des apprentis d\u00e9di\u00e9 aux m\u00e9tiers de l\u2019industrie, situ\u00e9 pr\u00e8s de l\u2019universit\u00e9 du Mans. Au programme on aborde le cursus, ce que permet&hellip;<!-- AddThis Advanced Settings generic via filter on get_the_excerpt --><!-- AddThis Share Buttons generic via filter on get_the_excerpt --><\/p>\n","protected":false},"author":5,"featured_media":19403,"comment_status":"closed","ping_status":"open","sticky":false,"template":"","format":"standard","meta":{"footnotes":""},"categories":[1],"tags":[],"class_list":["post-19401","post","type-post","status-publish","format-standard","has-post-thumbnail","hentry","category-contact-fm-72","category-1","description-off"],"yoast_head":"<!-- This site is optimized with the Yoast SEO plugin v27.4 - https:\/\/yoast.com\/product\/yoast-seo-wordpress\/ -->\n<title>Apprentis &#039; Sarthe vous emm\u00e8ne dans les coulisses de l&#039;industrie de demain - Contact FM 99.3<\/title>\n<meta name=\"description\" content=\"On vous emm\u00e8ne \u00e0 la Fab Academy !\u00a0Ce mois-ci, \u00ab Apprentis&#039; Sarthe \u00bb vous ouvre les portes d\u2019un lieu o\u00f9 l\u2019avenir de l\u2019industrie se fa\u00e7onne au quotidien : la Fab Academy, le centre de formation des apprentis d\u00e9di\u00e9 aux m\u00e9tiers de l\u2019industrie, situ\u00e9 pr\u00e8s de l\u2019universit\u00e9 du Mans. Au programme on aborde le cursus, ce que permet l&#039;apprentissage \u00e0 la fois sur le plan personnel et professionnel ainsi que sur l&#039;\u00e9volution des m\u00e9tiers de l&#039;industrie. Nous partons \u00e0 la rencontre d&#039;Armelle Chopin, directrice des centres du Mans et de Laval, de deux apprentis; Lilou et Nathan ainsi que deux formateurs du centre, Olivier Riant et David Loiseau.\u00a0Apprentis&#039; Sarthe est \u00e0 d\u00e9couvrir le vendredi 16 mai \u00e0 12h30 et le mardi 20 mai \u00e0 17h30.\" \/>\n<meta name=\"robots\" content=\"index, follow, max-snippet:-1, max-image-preview:large, max-video-preview:-1\" \/>\n<link rel=\"canonical\" href=\"https:\/\/contactfm72.fr\/?p=19401\" \/>\n<meta property=\"og:locale\" content=\"fr_FR\" \/>\n<meta property=\"og:type\" content=\"article\" \/>\n<meta property=\"og:title\" content=\"Apprentis &#039; Sarthe vous emm\u00e8ne dans les coulisses de l&#039;industrie de demain - Contact FM 99.3\" \/>\n<meta property=\"og:description\" content=\"On vous emm\u00e8ne \u00e0 la Fab Academy !\u00a0Ce mois-ci, \u00ab Apprentis&#039; Sarthe \u00bb vous ouvre les portes d\u2019un lieu o\u00f9 l\u2019avenir de l\u2019industrie se fa\u00e7onne au quotidien : la Fab Academy, le centre de formation des apprentis d\u00e9di\u00e9 aux m\u00e9tiers de l\u2019industrie, situ\u00e9 pr\u00e8s de l\u2019universit\u00e9 du Mans. Au programme on aborde le cursus, ce que permet l&#039;apprentissage \u00e0 la fois sur le plan personnel et professionnel ainsi que sur l&#039;\u00e9volution des m\u00e9tiers de l&#039;industrie. Nous partons \u00e0 la rencontre d&#039;Armelle Chopin, directrice des centres du Mans et de Laval, de deux apprentis; Lilou et Nathan ainsi que deux formateurs du centre, Olivier Riant et David Loiseau.\u00a0Apprentis&#039; Sarthe est \u00e0 d\u00e9couvrir le vendredi 16 mai \u00e0 12h30 et le mardi 20 mai \u00e0 17h30.\" \/>\n<meta property=\"og:url\" content=\"https:\/\/contactfm72.fr\/?p=19401\" \/>\n<meta property=\"og:site_name\" content=\"Contact FM 99.3\" \/>\n<meta property=\"article:publisher\" content=\"https:\/\/www.facebook.com\/Contactfm.Chateauduloir\" \/>\n<meta property=\"article:published_time\" content=\"2025-05-16T08:30:54+00:00\" \/>\n<meta property=\"article:modified_time\" content=\"2025-05-16T08:34:15+00:00\" \/>\n<meta property=\"og:image\" content=\"http:\/\/contactfm72.fr\/wp-content\/uploads\/2025\/05\/Visuel-Contact-FM-2.png\" \/>\n\t<meta property=\"og:image:width\" content=\"1024\" \/>\n\t<meta property=\"og:image:height\" content=\"768\" \/>\n\t<meta property=\"og:image:type\" content=\"image\/png\" \/>\n<meta name=\"author\" content=\"redaction2@contactfm72.fr\" \/>\n<meta name=\"twitter:card\" content=\"summary_large_image\" \/>\n<meta name=\"twitter:creator\" content=\"@contactfm72\" \/>\n<meta name=\"twitter:site\" content=\"@contactfm72\" \/>\n<meta name=\"twitter:label1\" content=\"\u00c9crit par\" \/>\n\t<meta name=\"twitter:data1\" content=\"redaction2@contactfm72.fr\" \/>\n\t<meta name=\"twitter:label2\" content=\"Dur\u00e9e de lecture estim\u00e9e\" \/>\n\t<meta name=\"twitter:data2\" content=\"1 minute\" \/>\n<script type=\"application\/ld+json\" class=\"yoast-schema-graph\">{\"@context\":\"https:\\\/\\\/schema.org\",\"@graph\":[{\"@type\":\"Article\",\"@id\":\"https:\\\/\\\/contactfm72.fr\\\/?p=19401#article\",\"isPartOf\":{\"@id\":\"https:\\\/\\\/contactfm72.fr\\\/?p=19401\"},\"author\":{\"name\":\"redaction2@contactfm72.fr\",\"@id\":\"https:\\\/\\\/contactfm72.fr\\\/#\\\/schema\\\/person\\\/d2ef09cdea7331b185acaddc4d14dda8\"},\"headline\":\"Apprentis &#8216; Sarthe vous emm\u00e8ne dans les coulisses de l&#8217;industrie de demain\",\"datePublished\":\"2025-05-16T08:30:54+00:00\",\"dateModified\":\"2025-05-16T08:34:15+00:00\",\"mainEntityOfPage\":{\"@id\":\"https:\\\/\\\/contactfm72.fr\\\/?p=19401\"},\"wordCount\":146,\"publisher\":{\"@id\":\"https:\\\/\\\/contactfm72.fr\\\/#organization\"},\"image\":{\"@id\":\"https:\\\/\\\/contactfm72.fr\\\/?p=19401#primaryimage\"},\"thumbnailUrl\":\"https:\\\/\\\/contactfm72.fr\\\/wp-content\\\/uploads\\\/2025\\\/05\\\/Visuel-Contact-FM-2.png\",\"articleSection\":[\"Contact FM 72\"],\"inLanguage\":\"fr-FR\"},{\"@type\":\"WebPage\",\"@id\":\"https:\\\/\\\/contactfm72.fr\\\/?p=19401\",\"url\":\"https:\\\/\\\/contactfm72.fr\\\/?p=19401\",\"name\":\"Apprentis ' Sarthe vous emm\u00e8ne dans les coulisses de l'industrie de demain - Contact FM 99.3\",\"isPartOf\":{\"@id\":\"https:\\\/\\\/contactfm72.fr\\\/#website\"},\"primaryImageOfPage\":{\"@id\":\"https:\\\/\\\/contactfm72.fr\\\/?p=19401#primaryimage\"},\"image\":{\"@id\":\"https:\\\/\\\/contactfm72.fr\\\/?p=19401#primaryimage\"},\"thumbnailUrl\":\"https:\\\/\\\/contactfm72.fr\\\/wp-content\\\/uploads\\\/2025\\\/05\\\/Visuel-Contact-FM-2.png\",\"datePublished\":\"2025-05-16T08:30:54+00:00\",\"dateModified\":\"2025-05-16T08:34:15+00:00\",\"description\":\"On vous emm\u00e8ne \u00e0 la Fab Academy !\u00a0Ce mois-ci, \u00ab Apprentis' Sarthe \u00bb vous ouvre les portes d\u2019un lieu o\u00f9 l\u2019avenir de l\u2019industrie se fa\u00e7onne au quotidien : la Fab Academy, le centre de formation des apprentis d\u00e9di\u00e9 aux m\u00e9tiers de l\u2019industrie, situ\u00e9 pr\u00e8s de l\u2019universit\u00e9 du Mans. Au programme on aborde le cursus, ce que permet l'apprentissage \u00e0 la fois sur le plan personnel et professionnel ainsi que sur l'\u00e9volution des m\u00e9tiers de l'industrie. Nous partons \u00e0 la rencontre d'Armelle Chopin, directrice des centres du Mans et de Laval, de deux apprentis; Lilou et Nathan ainsi que deux formateurs du centre, Olivier Riant et David Loiseau.\u00a0Apprentis' Sarthe est \u00e0 d\u00e9couvrir le vendredi 16 mai \u00e0 12h30 et le mardi 20 mai \u00e0 17h30.\",\"breadcrumb\":{\"@id\":\"https:\\\/\\\/contactfm72.fr\\\/?p=19401#breadcrumb\"},\"inLanguage\":\"fr-FR\",\"potentialAction\":[{\"@type\":\"ReadAction\",\"target\":[\"https:\\\/\\\/contactfm72.fr\\\/?p=19401\"]}]},{\"@type\":\"ImageObject\",\"inLanguage\":\"fr-FR\",\"@id\":\"https:\\\/\\\/contactfm72.fr\\\/?p=19401#primaryimage\",\"url\":\"https:\\\/\\\/contactfm72.fr\\\/wp-content\\\/uploads\\\/2025\\\/05\\\/Visuel-Contact-FM-2.png\",\"contentUrl\":\"https:\\\/\\\/contactfm72.fr\\\/wp-content\\\/uploads\\\/2025\\\/05\\\/Visuel-Contact-FM-2.png\",\"width\":2016,\"height\":1512},{\"@type\":\"BreadcrumbList\",\"@id\":\"https:\\\/\\\/contactfm72.fr\\\/?p=19401#breadcrumb\",\"itemListElement\":[{\"@type\":\"ListItem\",\"position\":1,\"name\":\"Accueil\",\"item\":\"https:\\\/\\\/contactfm72.fr\\\/\"},{\"@type\":\"ListItem\",\"position\":2,\"name\":\"Apprentis &#8216; Sarthe vous emm\u00e8ne dans les coulisses de l&#8217;industrie de demain\"}]},{\"@type\":\"WebSite\",\"@id\":\"https:\\\/\\\/contactfm72.fr\\\/#website\",\"url\":\"https:\\\/\\\/contactfm72.fr\\\/\",\"name\":\"Contact FM 99.3\",\"description\":\"Votre radio en vall\u00e9e du Loir\",\"publisher\":{\"@id\":\"https:\\\/\\\/contactfm72.fr\\\/#organization\"},\"potentialAction\":[{\"@type\":\"SearchAction\",\"target\":{\"@type\":\"EntryPoint\",\"urlTemplate\":\"https:\\\/\\\/contactfm72.fr\\\/?s={search_term_string}\"},\"query-input\":{\"@type\":\"PropertyValueSpecification\",\"valueRequired\":true,\"valueName\":\"search_term_string\"}}],\"inLanguage\":\"fr-FR\"},{\"@type\":\"Organization\",\"@id\":\"https:\\\/\\\/contactfm72.fr\\\/#organization\",\"name\":\"Contact FM 99.3\",\"url\":\"https:\\\/\\\/contactfm72.fr\\\/\",\"logo\":{\"@type\":\"ImageObject\",\"inLanguage\":\"fr-FR\",\"@id\":\"https:\\\/\\\/contactfm72.fr\\\/#\\\/schema\\\/logo\\\/image\\\/\",\"url\":\"https:\\\/\\\/contactfm72.fr\\\/wp-content\\\/uploads\\\/2025\\\/04\\\/2025-04-18-2.jpg\",\"contentUrl\":\"https:\\\/\\\/contactfm72.fr\\\/wp-content\\\/uploads\\\/2025\\\/04\\\/2025-04-18-2.jpg\",\"width\":680,\"height\":307,\"caption\":\"Contact FM 99.3\"},\"image\":{\"@id\":\"https:\\\/\\\/contactfm72.fr\\\/#\\\/schema\\\/logo\\\/image\\\/\"},\"sameAs\":[\"https:\\\/\\\/www.facebook.com\\\/Contactfm.Chateauduloir\",\"https:\\\/\\\/x.com\\\/contactfm72\",\"https:\\\/\\\/www.instagram.com\\\/contact.fm.72?igsh=cGhlMHQ5N2JlNnpp\",\"https:\\\/\\\/www.tiktok.com\\\/@contact.fm\"]},{\"@type\":\"Person\",\"@id\":\"https:\\\/\\\/contactfm72.fr\\\/#\\\/schema\\\/person\\\/d2ef09cdea7331b185acaddc4d14dda8\",\"name\":\"redaction2@contactfm72.fr\",\"image\":{\"@type\":\"ImageObject\",\"inLanguage\":\"fr-FR\",\"@id\":\"https:\\\/\\\/secure.gravatar.com\\\/avatar\\\/897f3d57289c1f4c62cade1c2606ba6ded18d5f1676845e668a9f21cb751c06b?s=96&d=mm&r=g\",\"url\":\"https:\\\/\\\/secure.gravatar.com\\\/avatar\\\/897f3d57289c1f4c62cade1c2606ba6ded18d5f1676845e668a9f21cb751c06b?s=96&d=mm&r=g\",\"contentUrl\":\"https:\\\/\\\/secure.gravatar.com\\\/avatar\\\/897f3d57289c1f4c62cade1c2606ba6ded18d5f1676845e668a9f21cb751c06b?s=96&d=mm&r=g\",\"caption\":\"redaction2@contactfm72.fr\"},\"url\":\"https:\\\/\\\/contactfm72.fr\\\/?author=5\"}]}<\/script>\n<!-- \/ Yoast SEO plugin. -->","yoast_head_json":{"title":"Apprentis ' Sarthe vous emm\u00e8ne dans les coulisses de l'industrie de demain - Contact FM 99.3","description":"On vous emm\u00e8ne \u00e0 la Fab Academy !\u00a0Ce mois-ci, \u00ab Apprentis' Sarthe \u00bb vous ouvre les portes d\u2019un lieu o\u00f9 l\u2019avenir de l\u2019industrie se fa\u00e7onne au quotidien : la Fab Academy, le centre de formation des apprentis d\u00e9di\u00e9 aux m\u00e9tiers de l\u2019industrie, situ\u00e9 pr\u00e8s de l\u2019universit\u00e9 du Mans. Au programme on aborde le cursus, ce que permet l'apprentissage \u00e0 la fois sur le plan personnel et professionnel ainsi que sur l'\u00e9volution des m\u00e9tiers de l'industrie. Nous partons \u00e0 la rencontre d'Armelle Chopin, directrice des centres du Mans et de Laval, de deux apprentis; Lilou et Nathan ainsi que deux formateurs du centre, Olivier Riant et David Loiseau.\u00a0Apprentis' Sarthe est \u00e0 d\u00e9couvrir le vendredi 16 mai \u00e0 12h30 et le mardi 20 mai \u00e0 17h30.","robots":{"index":"index","follow":"follow","max-snippet":"max-snippet:-1","max-image-preview":"max-image-preview:large","max-video-preview":"max-video-preview:-1"},"canonical":"https:\/\/contactfm72.fr\/?p=19401","og_locale":"fr_FR","og_type":"article","og_title":"Apprentis ' Sarthe vous emm\u00e8ne dans les coulisses de l'industrie de demain - Contact FM 99.3","og_description":"On vous emm\u00e8ne \u00e0 la Fab Academy !\u00a0Ce mois-ci, \u00ab Apprentis' Sarthe \u00bb vous ouvre les portes d\u2019un lieu o\u00f9 l\u2019avenir de l\u2019industrie se fa\u00e7onne au quotidien : la Fab Academy, le centre de formation des apprentis d\u00e9di\u00e9 aux m\u00e9tiers de l\u2019industrie, situ\u00e9 pr\u00e8s de l\u2019universit\u00e9 du Mans. Au programme on aborde le cursus, ce que permet l'apprentissage \u00e0 la fois sur le plan personnel et professionnel ainsi que sur l'\u00e9volution des m\u00e9tiers de l'industrie. Nous partons \u00e0 la rencontre d'Armelle Chopin, directrice des centres du Mans et de Laval, de deux apprentis; Lilou et Nathan ainsi que deux formateurs du centre, Olivier Riant et David Loiseau.\u00a0Apprentis' Sarthe est \u00e0 d\u00e9couvrir le vendredi 16 mai \u00e0 12h30 et le mardi 20 mai \u00e0 17h30.","og_url":"https:\/\/contactfm72.fr\/?p=19401","og_site_name":"Contact FM 99.3","article_publisher":"https:\/\/www.facebook.com\/Contactfm.Chateauduloir","article_published_time":"2025-05-16T08:30:54+00:00","article_modified_time":"2025-05-16T08:34:15+00:00","og_image":[{"url":"http:\/\/contactfm72.fr\/wp-content\/uploads\/2025\/05\/Visuel-Contact-FM-2.png","width":1024,"height":768,"type":"image\/png"}],"author":"redaction2@contactfm72.fr","twitter_card":"summary_large_image","twitter_creator":"@contactfm72","twitter_site":"@contactfm72","twitter_misc":{"\u00c9crit par":"redaction2@contactfm72.fr","Dur\u00e9e de lecture estim\u00e9e":"1 minute"},"schema":{"@context":"https:\/\/schema.org","@graph":[{"@type":"Article","@id":"https:\/\/contactfm72.fr\/?p=19401#article","isPartOf":{"@id":"https:\/\/contactfm72.fr\/?p=19401"},"author":{"name":"redaction2@contactfm72.fr","@id":"https:\/\/contactfm72.fr\/#\/schema\/person\/d2ef09cdea7331b185acaddc4d14dda8"},"headline":"Apprentis &#8216; Sarthe vous emm\u00e8ne dans les coulisses de l&#8217;industrie de demain","datePublished":"2025-05-16T08:30:54+00:00","dateModified":"2025-05-16T08:34:15+00:00","mainEntityOfPage":{"@id":"https:\/\/contactfm72.fr\/?p=19401"},"wordCount":146,"publisher":{"@id":"https:\/\/contactfm72.fr\/#organization"},"image":{"@id":"https:\/\/contactfm72.fr\/?p=19401#primaryimage"},"thumbnailUrl":"https:\/\/contactfm72.fr\/wp-content\/uploads\/2025\/05\/Visuel-Contact-FM-2.png","articleSection":["Contact FM 72"],"inLanguage":"fr-FR"},{"@type":"WebPage","@id":"https:\/\/contactfm72.fr\/?p=19401","url":"https:\/\/contactfm72.fr\/?p=19401","name":"Apprentis ' Sarthe vous emm\u00e8ne dans les coulisses de l'industrie de demain - Contact FM 99.3","isPartOf":{"@id":"https:\/\/contactfm72.fr\/#website"},"primaryImageOfPage":{"@id":"https:\/\/contactfm72.fr\/?p=19401#primaryimage"},"image":{"@id":"https:\/\/contactfm72.fr\/?p=19401#primaryimage"},"thumbnailUrl":"https:\/\/contactfm72.fr\/wp-content\/uploads\/2025\/05\/Visuel-Contact-FM-2.png","datePublished":"2025-05-16T08:30:54+00:00","dateModified":"2025-05-16T08:34:15+00:00","description":"On vous emm\u00e8ne \u00e0 la Fab Academy !\u00a0Ce mois-ci, \u00ab Apprentis' Sarthe \u00bb vous ouvre les portes d\u2019un lieu o\u00f9 l\u2019avenir de l\u2019industrie se fa\u00e7onne au quotidien : la Fab Academy, le centre de formation des apprentis d\u00e9di\u00e9 aux m\u00e9tiers de l\u2019industrie, situ\u00e9 pr\u00e8s de l\u2019universit\u00e9 du Mans. Au programme on aborde le cursus, ce que permet l'apprentissage \u00e0 la fois sur le plan personnel et professionnel ainsi que sur l'\u00e9volution des m\u00e9tiers de l'industrie. Nous partons \u00e0 la rencontre d'Armelle Chopin, directrice des centres du Mans et de Laval, de deux apprentis; Lilou et Nathan ainsi que deux formateurs du centre, Olivier Riant et David Loiseau.\u00a0Apprentis' Sarthe est \u00e0 d\u00e9couvrir le vendredi 16 mai \u00e0 12h30 et le mardi 20 mai \u00e0 17h30.","breadcrumb":{"@id":"https:\/\/contactfm72.fr\/?p=19401#breadcrumb"},"inLanguage":"fr-FR","potentialAction":[{"@type":"ReadAction","target":["https:\/\/contactfm72.fr\/?p=19401"]}]},{"@type":"ImageObject","inLanguage":"fr-FR","@id":"https:\/\/contactfm72.fr\/?p=19401#primaryimage","url":"https:\/\/contactfm72.fr\/wp-content\/uploads\/2025\/05\/Visuel-Contact-FM-2.png","contentUrl":"https:\/\/contactfm72.fr\/wp-content\/uploads\/2025\/05\/Visuel-Contact-FM-2.png","width":2016,"height":1512},{"@type":"BreadcrumbList","@id":"https:\/\/contactfm72.fr\/?p=19401#breadcrumb","itemListElement":[{"@type":"ListItem","position":1,"name":"Accueil","item":"https:\/\/contactfm72.fr\/"},{"@type":"ListItem","position":2,"name":"Apprentis &#8216; Sarthe vous emm\u00e8ne dans les coulisses de l&#8217;industrie de demain"}]},{"@type":"WebSite","@id":"https:\/\/contactfm72.fr\/#website","url":"https:\/\/contactfm72.fr\/","name":"Contact FM 99.3","description":"Votre radio en vall\u00e9e du Loir","publisher":{"@id":"https:\/\/contactfm72.fr\/#organization"},"potentialAction":[{"@type":"SearchAction","target":{"@type":"EntryPoint","urlTemplate":"https:\/\/contactfm72.fr\/?s={search_term_string}"},"query-input":{"@type":"PropertyValueSpecification","valueRequired":true,"valueName":"search_term_string"}}],"inLanguage":"fr-FR"},{"@type":"Organization","@id":"https:\/\/contactfm72.fr\/#organization","name":"Contact FM 99.3","url":"https:\/\/contactfm72.fr\/","logo":{"@type":"ImageObject","inLanguage":"fr-FR","@id":"https:\/\/contactfm72.fr\/#\/schema\/logo\/image\/","url":"https:\/\/contactfm72.fr\/wp-content\/uploads\/2025\/04\/2025-04-18-2.jpg","contentUrl":"https:\/\/contactfm72.fr\/wp-content\/uploads\/2025\/04\/2025-04-18-2.jpg","width":680,"height":307,"caption":"Contact FM 99.3"},"image":{"@id":"https:\/\/contactfm72.fr\/#\/schema\/logo\/image\/"},"sameAs":["https:\/\/www.facebook.com\/Contactfm.Chateauduloir","https:\/\/x.com\/contactfm72","https:\/\/www.instagram.com\/contact.fm.72?igsh=cGhlMHQ5N2JlNnpp","https:\/\/www.tiktok.com\/@contact.fm"]},{"@type":"Person","@id":"https:\/\/contactfm72.fr\/#\/schema\/person\/d2ef09cdea7331b185acaddc4d14dda8","name":"redaction2@contactfm72.fr","image":{"@type":"ImageObject","inLanguage":"fr-FR","@id":"https:\/\/secure.gravatar.com\/avatar\/897f3d57289c1f4c62cade1c2606ba6ded18d5f1676845e668a9f21cb751c06b?s=96&d=mm&r=g","url":"https:\/\/secure.gravatar.com\/avatar\/897f3d57289c1f4c62cade1c2606ba6ded18d5f1676845e668a9f21cb751c06b?s=96&d=mm&r=g","contentUrl":"https:\/\/secure.gravatar.com\/avatar\/897f3d57289c1f4c62cade1c2606ba6ded18d5f1676845e668a9f21cb751c06b?s=96&d=mm&r=g","caption":"redaction2@contactfm72.fr"},"url":"https:\/\/contactfm72.fr\/?author=5"}]}},"_links":{"self":[{"href":"https:\/\/contactfm72.fr\/index.php?rest_route=\/wp\/v2\/posts\/19401","targetHints":{"allow":["GET"]}}],"collection":[{"href":"https:\/\/contactfm72.fr\/index.php?rest_route=\/wp\/v2\/posts"}],"about":[{"href":"https:\/\/contactfm72.fr\/index.php?rest_route=\/wp\/v2\/types\/post"}],"author":[{"embeddable":true,"href":"https:\/\/contactfm72.fr\/index.php?rest_route=\/wp\/v2\/users\/5"}],"replies":[{"embeddable":true,"href":"https:\/\/contactfm72.fr\/index.php?rest_route=%2Fwp%2Fv2%2Fcomments&post=19401"}],"version-history":[{"count":3,"href":"https:\/\/contactfm72.fr\/index.php?rest_route=\/wp\/v2\/posts\/19401\/revisions"}],"predecessor-version":[{"id":19406,"href":"https:\/\/contactfm72.fr\/index.php?rest_route=\/wp\/v2\/posts\/19401\/revisions\/19406"}],"wp:featuredmedia":[{"embeddable":true,"href":"https:\/\/contactfm72.fr\/index.php?rest_route=\/wp\/v2\/media\/19403"}],"wp:attachment":[{"href":"https:\/\/contactfm72.fr\/index.php?rest_route=%2Fwp%2Fv2%2Fmedia&parent=19401"}],"wp:term":[{"taxonomy":"category","embeddable":true,"href":"https:\/\/contactfm72.fr\/index.php?rest_route=%2Fwp%2Fv2%2Fcategories&post=19401"},{"taxonomy":"post_tag","embeddable":true,"href":"https:\/\/contactfm72.fr\/index.php?rest_route=%2Fwp%2Fv2%2Ftags&post=19401"}],"curies":[{"name":"wp","href":"https:\/\/api.w.org\/{rel}","templated":true}]}}