{"id":19241,"date":"2025-04-28T16:20:02","date_gmt":"2025-04-28T14:20:02","guid":{"rendered":"https:\/\/contactfm72.fr\/?p=19241"},"modified":"2025-05-03T15:21:25","modified_gmt":"2025-05-03T13:21:25","slug":"loffice-de-tourisme-de-la-vallee-du-loir-a-lance-sa-saison-2025","status":"publish","type":"post","link":"https:\/\/contactfm72.fr\/?p=19241","title":{"rendered":"L&#8217;office de tourisme de la Vall\u00e9e du Loir a lanc\u00e9 sa saison 2025"},"content":{"rendered":"<div class=\"html-div xdj266r x11i5rnm xat24cr x1mh8g0r xexx8yu x4uap5 x18d9i69 xkhd6sd\" dir=\"auto\">\n<div class=\"html-div xdj266r x11i5rnm xat24cr x1mh8g0r xexx8yu x4uap5 x18d9i69 xkhd6sd\" data-ad-rendering-role=\"story_message\">\n<div id=\"\u00abr1f2\u00bb\" class=\"x1l90r2v x1iorvi4 x1ye3gou xn6708d\" data-ad-comet-preview=\"message\" data-ad-preview=\"message\">\n<div class=\"x78zum5 xdt5ytf xz62fqu x16ldp7u\">\n<div class=\"xu06os2 x1ok221b\">\n<div class=\"xdj266r x11i5rnm xat24cr x1mh8g0r x1vvkbs x126k92a\">\n<div dir=\"auto\">La saison 2025 de l&#8217;Office de <span class=\"html-span xdj266r x11i5rnm xat24cr x1mh8g0r xexx8yu x4uap5 x18d9i69 xkhd6sd x1hl2dhg x16tdsg8 x1vvkbs\"><a class=\"x1i10hfl xjbqb8w x1ejq31n xd10rxx x1sy0etr x17r0tee x972fbf xcfux6l x1qhh985 xm0m39n x9f619 x1ypdohk xt0psk2 xe8uvvx xdj266r x11i5rnm xat24cr x1mh8g0r xexx8yu x4uap5 x18d9i69 xkhd6sd x16tdsg8 x1hl2dhg xggy1nq x1a2a7pz xkrqix3 x1sur9pj x1fey0fg x1s688f\" tabindex=\"0\" role=\"link\" href=\"https:\/\/www.facebook.com\/Valleeduloir?__cft__[0]=AZVRGlCSzq6xpaaoQ7GIJJZWc8VtWoTtS2sfOTXAITCtvGi97jo4VJ7kpQWi-KBqWt8Sq-Izpa5iCcjnZOo5loifek1iJaPhAxnvREoI5_JzWwaxZfmALuf01clQItAqjw2y_NXZfOe8ObV2gGdmVDcaW_bAMU-Kh1kcLzZ-Amj_5Q&amp;__tn__=-]K-R\"><span class=\"xt0psk2\"><span class=\"xjp7ctv\">Tourisme en Vall\u00e9e du Loir, un secret bien gard\u00e9<\/span><\/span><\/a><\/span>, est lanc\u00e9e !<\/div>\n<div dir=\"auto\"><\/div>\n<\/div>\n<div class=\"x11i5rnm xat24cr x1mh8g0r x1vvkbs xtlvy1s x126k92a\">\n<div dir=\"auto\">Le riveau va se lever sur une nouvelle programmation \u00e0 la <span class=\"html-span xdj266r x11i5rnm xat24cr x1mh8g0r xexx8yu x4uap5 x18d9i69 xkhd6sd x1hl2dhg x16tdsg8 x1vvkbs\"><a class=\"x1i10hfl xjbqb8w x1ejq31n xd10rxx x1sy0etr x17r0tee x972fbf xcfux6l x1qhh985 xm0m39n x9f619 x1ypdohk xt0psk2 xe8uvvx xdj266r x11i5rnm xat24cr x1mh8g0r xexx8yu x4uap5 x18d9i69 xkhd6sd x16tdsg8 x1hl2dhg xggy1nq x1a2a7pz xkrqix3 x1sur9pj x1fey0fg x1s688f\" tabindex=\"0\" role=\"link\" href=\"https:\/\/www.facebook.com\/Maisondutourismeetduvignoblevalleeduloir?__cft__[0]=AZVRGlCSzq6xpaaoQ7GIJJZWc8VtWoTtS2sfOTXAITCtvGi97jo4VJ7kpQWi-KBqWt8Sq-Izpa5iCcjnZOo5loifek1iJaPhAxnvREoI5_JzWwaxZfmALuf01clQItAqjw2y_NXZfOe8ObV2gGdmVDcaW_bAMU-Kh1kcLzZ-Amj_5Q&amp;__tn__=-]K-R\"><span class=\"xt0psk2\"><span class=\"xjp7ctv\">Maison du Tourisme et du Vignoble &#8211; Vall\u00e9e du Loir<\/span><\/span><\/a><\/span>, promesse de d\u00e9couverte, d&#8217;\u00e9motions et d&#8217;invitations aux voyages.<\/div>\n<div dir=\"auto\"><\/div>\n<div dir=\"auto\">Le nouveau guide touristique &#8220;Destination Vall\u00e9e du Loir&#8221; propose des diff\u00e9rences par rapport aux ann\u00e9es pr\u00e9c\u00e9dentes.<\/div>\n<div dir=\"auto\"><\/div>\n<\/div>\n<div class=\"x11i5rnm xat24cr x1mh8g0r x1vvkbs xtlvy1s x126k92a\">\n<div dir=\"auto\">C&#8217;est de tout cela qu&#8217;il est question avec Laura Heras, charg\u00e9e des relations presse, dans &#8220;L&#8217;interview du jour&#8221; lundi 28 avril \u00e0 18h, mardi 29 \u00e0 13h, samedi 3 \u00e0 14h et dimanche 4 \u00e0 11h.<\/div>\n<\/div>\n<\/div>\n<\/div>\n<\/div>\n<\/div>\n<\/div>\n<p>&nbsp;<\/p>\n<div id=\"audioigniter-283\" class=\"audioigniter-root \" data-player-type=\"full\" data-tracks-url=\"https:\/\/contactfm72.fr\/?audioigniter_playlist_id=283\" data-display-track-no=\"false\" data-reverse-track-order=\"false\" data-display-tracklist-covers=\"false\" data-display-active-cover=\"false\" data-display-artist-names=\"false\" data-display-buy-buttons=\"true\" data-buy-buttons-target=\"false\" data-cycle-tracks=\"false\" data-display-credits=\"false\" data-display-tracklist=\"true\" data-allow-tracklist-toggle=\"false\" data-allow-tracklist-loop=\"true\" data-limit-tracklist-height=\"true\" data-volume=\"100\" data-tracklist-height=\"185\" data-allow-track-loop=\"false\" ><\/div>\n<!-- AddThis Advanced Settings generic via filter on the_content --><!-- AddThis Share Buttons generic via filter on the_content -->","protected":false},"excerpt":{"rendered":"<p>La saison 2025 de l&#8217;Office de Tourisme en Vall\u00e9e du Loir, un secret bien gard\u00e9, est lanc\u00e9e ! Le riveau va se lever sur une nouvelle programmation \u00e0 la Maison du Tourisme et du Vignoble &#8211; Vall\u00e9e du Loir, promesse de d\u00e9couverte, d&#8217;\u00e9motions et d&#8217;invitations aux voyages. Le nouveau guide touristique &#8220;Destination Vall\u00e9e du Loir&#8221;&hellip;<!-- AddThis Advanced Settings generic via filter on get_the_excerpt --><!-- AddThis Share Buttons generic via filter on get_the_excerpt --><\/p>\n","protected":false},"author":4,"featured_media":19242,"comment_status":"closed","ping_status":"open","sticky":false,"template":"","format":"standard","meta":{"footnotes":""},"categories":[1,5],"tags":[],"class_list":["post-19241","post","type-post","status-publish","format-standard","has-post-thumbnail","hentry","category-contact-fm-72","category-linterview-du-jour","category-1","category-5","description-off"],"yoast_head":"<!-- This site is optimized with the Yoast SEO plugin v27.4 - https:\/\/yoast.com\/product\/yoast-seo-wordpress\/ -->\n<title>L&#039;office de tourisme de la Vall\u00e9e du Loir a lanc\u00e9 sa saison 2025 - Contact FM 99.3<\/title>\n<meta name=\"robots\" content=\"index, follow, max-snippet:-1, max-image-preview:large, max-video-preview:-1\" \/>\n<link rel=\"canonical\" href=\"https:\/\/contactfm72.fr\/?p=19241\" \/>\n<meta property=\"og:locale\" content=\"fr_FR\" \/>\n<meta property=\"og:type\" content=\"article\" \/>\n<meta property=\"og:title\" content=\"L&#039;office de tourisme de la Vall\u00e9e du Loir a lanc\u00e9 sa saison 2025 - Contact FM 99.3\" \/>\n<meta property=\"og:description\" content=\"La saison 2025 de l&#8217;Office de Tourisme en Vall\u00e9e du Loir, un secret bien gard\u00e9, est lanc\u00e9e ! Le riveau va se lever sur une nouvelle programmation \u00e0 la Maison du Tourisme et du Vignoble &#8211; Vall\u00e9e du Loir, promesse de d\u00e9couverte, d&#8217;\u00e9motions et d&#8217;invitations aux voyages. Le nouveau guide touristique &#8220;Destination Vall\u00e9e du Loir&#8221;&hellip;\" \/>\n<meta property=\"og:url\" content=\"https:\/\/contactfm72.fr\/?p=19241\" \/>\n<meta property=\"og:site_name\" content=\"Contact FM 99.3\" \/>\n<meta property=\"article:publisher\" content=\"https:\/\/www.facebook.com\/Contactfm.Chateauduloir\" \/>\n<meta property=\"article:published_time\" content=\"2025-04-28T14:20:02+00:00\" \/>\n<meta property=\"article:modified_time\" content=\"2025-05-03T13:21:25+00:00\" \/>\n<meta property=\"og:image\" content=\"http:\/\/contactfm72.fr\/wp-content\/uploads\/2025\/04\/IMG_8528.jpg\" \/>\n\t<meta property=\"og:image:width\" content=\"2016\" \/>\n\t<meta property=\"og:image:height\" content=\"1512\" \/>\n\t<meta property=\"og:image:type\" content=\"image\/jpeg\" \/>\n<meta name=\"author\" content=\"Val\u00e9rie C.\" \/>\n<meta name=\"twitter:card\" content=\"summary_large_image\" \/>\n<meta name=\"twitter:creator\" content=\"@contactfm72\" \/>\n<meta name=\"twitter:site\" content=\"@contactfm72\" \/>\n<meta name=\"twitter:label1\" content=\"\u00c9crit par\" \/>\n\t<meta name=\"twitter:data1\" content=\"Val\u00e9rie C.\" \/>\n\t<meta name=\"twitter:label2\" content=\"Dur\u00e9e de lecture estim\u00e9e\" \/>\n\t<meta name=\"twitter:data2\" content=\"1 minute\" \/>\n<script type=\"application\/ld+json\" class=\"yoast-schema-graph\">{\"@context\":\"https:\\\/\\\/schema.org\",\"@graph\":[{\"@type\":\"Article\",\"@id\":\"https:\\\/\\\/contactfm72.fr\\\/?p=19241#article\",\"isPartOf\":{\"@id\":\"https:\\\/\\\/contactfm72.fr\\\/?p=19241\"},\"author\":{\"name\":\"Val\u00e9rie C.\",\"@id\":\"https:\\\/\\\/contactfm72.fr\\\/#\\\/schema\\\/person\\\/9fdc9d1c2eb029354a4f1535b90ba82d\"},\"headline\":\"L&#8217;office de tourisme de la Vall\u00e9e du Loir a lanc\u00e9 sa saison 2025\",\"datePublished\":\"2025-04-28T14:20:02+00:00\",\"dateModified\":\"2025-05-03T13:21:25+00:00\",\"mainEntityOfPage\":{\"@id\":\"https:\\\/\\\/contactfm72.fr\\\/?p=19241\"},\"wordCount\":122,\"publisher\":{\"@id\":\"https:\\\/\\\/contactfm72.fr\\\/#organization\"},\"image\":{\"@id\":\"https:\\\/\\\/contactfm72.fr\\\/?p=19241#primaryimage\"},\"thumbnailUrl\":\"https:\\\/\\\/contactfm72.fr\\\/wp-content\\\/uploads\\\/2025\\\/04\\\/IMG_8528.jpg\",\"articleSection\":[\"Contact FM 72\",\"L'interview du jour\"],\"inLanguage\":\"fr-FR\"},{\"@type\":\"WebPage\",\"@id\":\"https:\\\/\\\/contactfm72.fr\\\/?p=19241\",\"url\":\"https:\\\/\\\/contactfm72.fr\\\/?p=19241\",\"name\":\"L'office de tourisme de la Vall\u00e9e du Loir a lanc\u00e9 sa saison 2025 - Contact FM 99.3\",\"isPartOf\":{\"@id\":\"https:\\\/\\\/contactfm72.fr\\\/#website\"},\"primaryImageOfPage\":{\"@id\":\"https:\\\/\\\/contactfm72.fr\\\/?p=19241#primaryimage\"},\"image\":{\"@id\":\"https:\\\/\\\/contactfm72.fr\\\/?p=19241#primaryimage\"},\"thumbnailUrl\":\"https:\\\/\\\/contactfm72.fr\\\/wp-content\\\/uploads\\\/2025\\\/04\\\/IMG_8528.jpg\",\"datePublished\":\"2025-04-28T14:20:02+00:00\",\"dateModified\":\"2025-05-03T13:21:25+00:00\",\"breadcrumb\":{\"@id\":\"https:\\\/\\\/contactfm72.fr\\\/?p=19241#breadcrumb\"},\"inLanguage\":\"fr-FR\",\"potentialAction\":[{\"@type\":\"ReadAction\",\"target\":[\"https:\\\/\\\/contactfm72.fr\\\/?p=19241\"]}]},{\"@type\":\"ImageObject\",\"inLanguage\":\"fr-FR\",\"@id\":\"https:\\\/\\\/contactfm72.fr\\\/?p=19241#primaryimage\",\"url\":\"https:\\\/\\\/contactfm72.fr\\\/wp-content\\\/uploads\\\/2025\\\/04\\\/IMG_8528.jpg\",\"contentUrl\":\"https:\\\/\\\/contactfm72.fr\\\/wp-content\\\/uploads\\\/2025\\\/04\\\/IMG_8528.jpg\",\"width\":2016,\"height\":1512},{\"@type\":\"BreadcrumbList\",\"@id\":\"https:\\\/\\\/contactfm72.fr\\\/?p=19241#breadcrumb\",\"itemListElement\":[{\"@type\":\"ListItem\",\"position\":1,\"name\":\"Accueil\",\"item\":\"https:\\\/\\\/contactfm72.fr\\\/\"},{\"@type\":\"ListItem\",\"position\":2,\"name\":\"L&#8217;office de tourisme de la Vall\u00e9e du Loir a lanc\u00e9 sa saison 2025\"}]},{\"@type\":\"WebSite\",\"@id\":\"https:\\\/\\\/contactfm72.fr\\\/#website\",\"url\":\"https:\\\/\\\/contactfm72.fr\\\/\",\"name\":\"Contact FM 99.3\",\"description\":\"Votre radio en vall\u00e9e du Loir\",\"publisher\":{\"@id\":\"https:\\\/\\\/contactfm72.fr\\\/#organization\"},\"potentialAction\":[{\"@type\":\"SearchAction\",\"target\":{\"@type\":\"EntryPoint\",\"urlTemplate\":\"https:\\\/\\\/contactfm72.fr\\\/?s={search_term_string}\"},\"query-input\":{\"@type\":\"PropertyValueSpecification\",\"valueRequired\":true,\"valueName\":\"search_term_string\"}}],\"inLanguage\":\"fr-FR\"},{\"@type\":\"Organization\",\"@id\":\"https:\\\/\\\/contactfm72.fr\\\/#organization\",\"name\":\"Contact FM 99.3\",\"url\":\"https:\\\/\\\/contactfm72.fr\\\/\",\"logo\":{\"@type\":\"ImageObject\",\"inLanguage\":\"fr-FR\",\"@id\":\"https:\\\/\\\/contactfm72.fr\\\/#\\\/schema\\\/logo\\\/image\\\/\",\"url\":\"https:\\\/\\\/contactfm72.fr\\\/wp-content\\\/uploads\\\/2025\\\/04\\\/2025-04-18-2.jpg\",\"contentUrl\":\"https:\\\/\\\/contactfm72.fr\\\/wp-content\\\/uploads\\\/2025\\\/04\\\/2025-04-18-2.jpg\",\"width\":680,\"height\":307,\"caption\":\"Contact FM 99.3\"},\"image\":{\"@id\":\"https:\\\/\\\/contactfm72.fr\\\/#\\\/schema\\\/logo\\\/image\\\/\"},\"sameAs\":[\"https:\\\/\\\/www.facebook.com\\\/Contactfm.Chateauduloir\",\"https:\\\/\\\/x.com\\\/contactfm72\",\"https:\\\/\\\/www.instagram.com\\\/contact.fm.72?igsh=cGhlMHQ5N2JlNnpp\",\"https:\\\/\\\/www.tiktok.com\\\/@contact.fm\"]},{\"@type\":\"Person\",\"@id\":\"https:\\\/\\\/contactfm72.fr\\\/#\\\/schema\\\/person\\\/9fdc9d1c2eb029354a4f1535b90ba82d\",\"name\":\"Val\u00e9rie C.\",\"image\":{\"@type\":\"ImageObject\",\"inLanguage\":\"fr-FR\",\"@id\":\"https:\\\/\\\/secure.gravatar.com\\\/avatar\\\/2f8aa28f8dfbd7d4420afd1fdcdd0a349923e2c8a38ab28198b0f9d0601e4737?s=96&d=mm&r=g\",\"url\":\"https:\\\/\\\/secure.gravatar.com\\\/avatar\\\/2f8aa28f8dfbd7d4420afd1fdcdd0a349923e2c8a38ab28198b0f9d0601e4737?s=96&d=mm&r=g\",\"contentUrl\":\"https:\\\/\\\/secure.gravatar.com\\\/avatar\\\/2f8aa28f8dfbd7d4420afd1fdcdd0a349923e2c8a38ab28198b0f9d0601e4737?s=96&d=mm&r=g\",\"caption\":\"Val\u00e9rie C.\"},\"url\":\"https:\\\/\\\/contactfm72.fr\\\/?author=4\"}]}<\/script>\n<!-- \/ Yoast SEO plugin. -->","yoast_head_json":{"title":"L'office de tourisme de la Vall\u00e9e du Loir a lanc\u00e9 sa saison 2025 - Contact FM 99.3","robots":{"index":"index","follow":"follow","max-snippet":"max-snippet:-1","max-image-preview":"max-image-preview:large","max-video-preview":"max-video-preview:-1"},"canonical":"https:\/\/contactfm72.fr\/?p=19241","og_locale":"fr_FR","og_type":"article","og_title":"L'office de tourisme de la Vall\u00e9e du Loir a lanc\u00e9 sa saison 2025 - Contact FM 99.3","og_description":"La saison 2025 de l&#8217;Office de Tourisme en Vall\u00e9e du Loir, un secret bien gard\u00e9, est lanc\u00e9e ! Le riveau va se lever sur une nouvelle programmation \u00e0 la Maison du Tourisme et du Vignoble &#8211; Vall\u00e9e du Loir, promesse de d\u00e9couverte, d&#8217;\u00e9motions et d&#8217;invitations aux voyages. Le nouveau guide touristique &#8220;Destination Vall\u00e9e du Loir&#8221;&hellip;","og_url":"https:\/\/contactfm72.fr\/?p=19241","og_site_name":"Contact FM 99.3","article_publisher":"https:\/\/www.facebook.com\/Contactfm.Chateauduloir","article_published_time":"2025-04-28T14:20:02+00:00","article_modified_time":"2025-05-03T13:21:25+00:00","og_image":[{"width":2016,"height":1512,"url":"http:\/\/contactfm72.fr\/wp-content\/uploads\/2025\/04\/IMG_8528.jpg","type":"image\/jpeg"}],"author":"Val\u00e9rie C.","twitter_card":"summary_large_image","twitter_creator":"@contactfm72","twitter_site":"@contactfm72","twitter_misc":{"\u00c9crit par":"Val\u00e9rie C.","Dur\u00e9e de lecture estim\u00e9e":"1 minute"},"schema":{"@context":"https:\/\/schema.org","@graph":[{"@type":"Article","@id":"https:\/\/contactfm72.fr\/?p=19241#article","isPartOf":{"@id":"https:\/\/contactfm72.fr\/?p=19241"},"author":{"name":"Val\u00e9rie C.","@id":"https:\/\/contactfm72.fr\/#\/schema\/person\/9fdc9d1c2eb029354a4f1535b90ba82d"},"headline":"L&#8217;office de tourisme de la Vall\u00e9e du Loir a lanc\u00e9 sa saison 2025","datePublished":"2025-04-28T14:20:02+00:00","dateModified":"2025-05-03T13:21:25+00:00","mainEntityOfPage":{"@id":"https:\/\/contactfm72.fr\/?p=19241"},"wordCount":122,"publisher":{"@id":"https:\/\/contactfm72.fr\/#organization"},"image":{"@id":"https:\/\/contactfm72.fr\/?p=19241#primaryimage"},"thumbnailUrl":"https:\/\/contactfm72.fr\/wp-content\/uploads\/2025\/04\/IMG_8528.jpg","articleSection":["Contact FM 72","L'interview du jour"],"inLanguage":"fr-FR"},{"@type":"WebPage","@id":"https:\/\/contactfm72.fr\/?p=19241","url":"https:\/\/contactfm72.fr\/?p=19241","name":"L'office de tourisme de la Vall\u00e9e du Loir a lanc\u00e9 sa saison 2025 - Contact FM 99.3","isPartOf":{"@id":"https:\/\/contactfm72.fr\/#website"},"primaryImageOfPage":{"@id":"https:\/\/contactfm72.fr\/?p=19241#primaryimage"},"image":{"@id":"https:\/\/contactfm72.fr\/?p=19241#primaryimage"},"thumbnailUrl":"https:\/\/contactfm72.fr\/wp-content\/uploads\/2025\/04\/IMG_8528.jpg","datePublished":"2025-04-28T14:20:02+00:00","dateModified":"2025-05-03T13:21:25+00:00","breadcrumb":{"@id":"https:\/\/contactfm72.fr\/?p=19241#breadcrumb"},"inLanguage":"fr-FR","potentialAction":[{"@type":"ReadAction","target":["https:\/\/contactfm72.fr\/?p=19241"]}]},{"@type":"ImageObject","inLanguage":"fr-FR","@id":"https:\/\/contactfm72.fr\/?p=19241#primaryimage","url":"https:\/\/contactfm72.fr\/wp-content\/uploads\/2025\/04\/IMG_8528.jpg","contentUrl":"https:\/\/contactfm72.fr\/wp-content\/uploads\/2025\/04\/IMG_8528.jpg","width":2016,"height":1512},{"@type":"BreadcrumbList","@id":"https:\/\/contactfm72.fr\/?p=19241#breadcrumb","itemListElement":[{"@type":"ListItem","position":1,"name":"Accueil","item":"https:\/\/contactfm72.fr\/"},{"@type":"ListItem","position":2,"name":"L&#8217;office de tourisme de la Vall\u00e9e du Loir a lanc\u00e9 sa saison 2025"}]},{"@type":"WebSite","@id":"https:\/\/contactfm72.fr\/#website","url":"https:\/\/contactfm72.fr\/","name":"Contact FM 99.3","description":"Votre radio en vall\u00e9e du Loir","publisher":{"@id":"https:\/\/contactfm72.fr\/#organization"},"potentialAction":[{"@type":"SearchAction","target":{"@type":"EntryPoint","urlTemplate":"https:\/\/contactfm72.fr\/?s={search_term_string}"},"query-input":{"@type":"PropertyValueSpecification","valueRequired":true,"valueName":"search_term_string"}}],"inLanguage":"fr-FR"},{"@type":"Organization","@id":"https:\/\/contactfm72.fr\/#organization","name":"Contact FM 99.3","url":"https:\/\/contactfm72.fr\/","logo":{"@type":"ImageObject","inLanguage":"fr-FR","@id":"https:\/\/contactfm72.fr\/#\/schema\/logo\/image\/","url":"https:\/\/contactfm72.fr\/wp-content\/uploads\/2025\/04\/2025-04-18-2.jpg","contentUrl":"https:\/\/contactfm72.fr\/wp-content\/uploads\/2025\/04\/2025-04-18-2.jpg","width":680,"height":307,"caption":"Contact FM 99.3"},"image":{"@id":"https:\/\/contactfm72.fr\/#\/schema\/logo\/image\/"},"sameAs":["https:\/\/www.facebook.com\/Contactfm.Chateauduloir","https:\/\/x.com\/contactfm72","https:\/\/www.instagram.com\/contact.fm.72?igsh=cGhlMHQ5N2JlNnpp","https:\/\/www.tiktok.com\/@contact.fm"]},{"@type":"Person","@id":"https:\/\/contactfm72.fr\/#\/schema\/person\/9fdc9d1c2eb029354a4f1535b90ba82d","name":"Val\u00e9rie C.","image":{"@type":"ImageObject","inLanguage":"fr-FR","@id":"https:\/\/secure.gravatar.com\/avatar\/2f8aa28f8dfbd7d4420afd1fdcdd0a349923e2c8a38ab28198b0f9d0601e4737?s=96&d=mm&r=g","url":"https:\/\/secure.gravatar.com\/avatar\/2f8aa28f8dfbd7d4420afd1fdcdd0a349923e2c8a38ab28198b0f9d0601e4737?s=96&d=mm&r=g","contentUrl":"https:\/\/secure.gravatar.com\/avatar\/2f8aa28f8dfbd7d4420afd1fdcdd0a349923e2c8a38ab28198b0f9d0601e4737?s=96&d=mm&r=g","caption":"Val\u00e9rie C."},"url":"https:\/\/contactfm72.fr\/?author=4"}]}},"_links":{"self":[{"href":"https:\/\/contactfm72.fr\/index.php?rest_route=\/wp\/v2\/posts\/19241","targetHints":{"allow":["GET"]}}],"collection":[{"href":"https:\/\/contactfm72.fr\/index.php?rest_route=\/wp\/v2\/posts"}],"about":[{"href":"https:\/\/contactfm72.fr\/index.php?rest_route=\/wp\/v2\/types\/post"}],"author":[{"embeddable":true,"href":"https:\/\/contactfm72.fr\/index.php?rest_route=\/wp\/v2\/users\/4"}],"replies":[{"embeddable":true,"href":"https:\/\/contactfm72.fr\/index.php?rest_route=%2Fwp%2Fv2%2Fcomments&post=19241"}],"version-history":[{"count":1,"href":"https:\/\/contactfm72.fr\/index.php?rest_route=\/wp\/v2\/posts\/19241\/revisions"}],"predecessor-version":[{"id":19243,"href":"https:\/\/contactfm72.fr\/index.php?rest_route=\/wp\/v2\/posts\/19241\/revisions\/19243"}],"wp:featuredmedia":[{"embeddable":true,"href":"https:\/\/contactfm72.fr\/index.php?rest_route=\/wp\/v2\/media\/19242"}],"wp:attachment":[{"href":"https:\/\/contactfm72.fr\/index.php?rest_route=%2Fwp%2Fv2%2Fmedia&parent=19241"}],"wp:term":[{"taxonomy":"category","embeddable":true,"href":"https:\/\/contactfm72.fr\/index.php?rest_route=%2Fwp%2Fv2%2Fcategories&post=19241"},{"taxonomy":"post_tag","embeddable":true,"href":"https:\/\/contactfm72.fr\/index.php?rest_route=%2Fwp%2Fv2%2Ftags&post=19241"}],"curies":[{"name":"wp","href":"https:\/\/api.w.org\/{rel}","templated":true}]}}