{"id":19180,"date":"2025-04-25T10:30:34","date_gmt":"2025-04-25T08:30:34","guid":{"rendered":"https:\/\/contactfm72.fr\/?p=19180"},"modified":"2025-05-03T15:22:43","modified_gmt":"2025-05-03T13:22:43","slug":"allo-ici-la-terre-joyeux-anniversaire-la-melody-des-fleurs","status":"publish","type":"post","link":"https:\/\/contactfm72.fr\/?p=19180","title":{"rendered":"Allo ici la Terre &#8211; Joyeux anniversaire \u00e0 l&#8217;entreprise &#8220;La M\u00e9lody des Fleurs&#8221;"},"content":{"rendered":"<p>&#8220;La M\u00e9lody des Fleurs&#8221; souffle sa premi\u00e8re bougie !<\/p>\n<p class=\"\" data-start=\"170\" data-end=\"508\">Il y a un an, \u00e0 seulement 19 ans, Ma\u00ebva, une jeune fleuriste passionn\u00e9e reprenait les r\u00eanes de l\u2019\u00e9tablissement &#8220;Yvette et Marguerite&#8221; o\u00f9 elle a \u00e9t\u00e9 form\u00e9e, avenue Jean Jaur\u00e8s \u00e0 Montval-sur-Loir.<\/p>\n<p class=\"\" data-start=\"170\" data-end=\"508\">Rebaptis\u00e9e &#8220;La M\u00e9lody des Fleurs&#8221;, la boutique a rapidement trouv\u00e9 sa place dans le paysage local, port\u00e9e par l&#8217;\u00e9nergie et la cr\u00e9ativit\u00e9 de sa nouvelle propri\u00e9taire.<\/p>\n<p class=\"\" data-start=\"510\" data-end=\"784\">Elle revient sur cette premi\u00e8re ann\u00e9e d\u2019aventure entrepreneuriale, partage son parcours, ses r\u00e9ussites et livre quelques pr\u00e9cieux conseils \u00e0 celles et ceux qui r\u00eavent, comme elle, de se lancer dans le m\u00e9tier de fleuriste.<\/p>\n<p data-start=\"510\" data-end=\"784\">Le magazine &#8220;Allo ici la terre&#8221; est diffus\u00e9 le vendredi 25 avril \u00e0 12h30 et le mardi 29 avril \u00e0 17h30.<\/p>\n<div id=\"audioigniter-291\" class=\"audioigniter-root \" data-player-type=\"full\" data-tracks-url=\"https:\/\/contactfm72.fr\/?audioigniter_playlist_id=291\" data-display-track-no=\"false\" data-reverse-track-order=\"false\" data-display-tracklist-covers=\"false\" data-display-active-cover=\"false\" data-display-artist-names=\"false\" data-display-buy-buttons=\"true\" data-buy-buttons-target=\"false\" data-cycle-tracks=\"false\" data-display-credits=\"false\" data-display-tracklist=\"true\" data-allow-tracklist-toggle=\"true\" data-allow-tracklist-loop=\"true\" data-limit-tracklist-height=\"true\" data-volume=\"100\" data-tracklist-height=\"185\" data-allow-track-loop=\"false\" ><\/div>\n<p>&nbsp;<\/p>\n<!-- AddThis Advanced Settings generic via filter on the_content --><!-- AddThis Share Buttons generic via filter on the_content -->","protected":false},"excerpt":{"rendered":"<p>&#8220;La M\u00e9lody des Fleurs&#8221; souffle sa premi\u00e8re bougie ! Il y a un an, \u00e0 seulement 19 ans, Ma\u00ebva, une jeune fleuriste passionn\u00e9e reprenait les r\u00eanes de l\u2019\u00e9tablissement &#8220;Yvette et Marguerite&#8221; o\u00f9 elle a \u00e9t\u00e9 form\u00e9e, avenue Jean Jaur\u00e8s \u00e0 Montval-sur-Loir. Rebaptis\u00e9e &#8220;La M\u00e9lody des Fleurs&#8221;, la boutique a rapidement trouv\u00e9 sa place dans le&hellip;<!-- AddThis Advanced Settings generic via filter on get_the_excerpt --><!-- AddThis Share Buttons generic via filter on get_the_excerpt --><\/p>\n","protected":false},"author":5,"featured_media":19182,"comment_status":"closed","ping_status":"open","sticky":false,"template":"","format":"standard","meta":{"footnotes":""},"categories":[13,1],"tags":[],"class_list":["post-19180","post","type-post","status-publish","format-standard","has-post-thumbnail","hentry","category-allo-ici-la-terre","category-contact-fm-72","category-13","category-1","description-off"],"yoast_head":"<!-- This site is optimized with the Yoast SEO plugin v27.4 - https:\/\/yoast.com\/product\/yoast-seo-wordpress\/ -->\n<title>Allo ici la Terre - Joyeux anniversaire \u00e0 l&#039;entreprise &quot;La M\u00e9lody des Fleurs&quot; - Contact FM 99.3<\/title>\n<meta name=\"description\" content=\"&quot;Le M\u00e9lody des Fleurs&quot; souffle sa premi\u00e8re bougie !\u00a0Il y a un an, \u00e0 seulement 19 ans, Ma\u00ebva, une jeune fleuriste passionn\u00e9e reprenait les r\u00eanes de l\u2019\u00e9tablissement &quot;Yvette et Marguerite&quot; o\u00f9 elle a \u00e9t\u00e9 form\u00e9e, situ\u00e9 avenue Jean Jaur\u00e8s \u00e0 Montval-sur-Loir.\" \/>\n<meta name=\"robots\" content=\"index, follow, max-snippet:-1, max-image-preview:large, max-video-preview:-1\" \/>\n<link rel=\"canonical\" href=\"https:\/\/contactfm72.fr\/?p=19180\" \/>\n<meta property=\"og:locale\" content=\"fr_FR\" \/>\n<meta property=\"og:type\" content=\"article\" \/>\n<meta property=\"og:title\" content=\"Allo ici la Terre - Joyeux anniversaire \u00e0 l&#039;entreprise &quot;La M\u00e9lody des Fleurs&quot; - Contact FM 99.3\" \/>\n<meta property=\"og:description\" content=\"&quot;Le M\u00e9lody des Fleurs&quot; souffle sa premi\u00e8re bougie !\u00a0Il y a un an, \u00e0 seulement 19 ans, Ma\u00ebva, une jeune fleuriste passionn\u00e9e reprenait les r\u00eanes de l\u2019\u00e9tablissement &quot;Yvette et Marguerite&quot; o\u00f9 elle a \u00e9t\u00e9 form\u00e9e, situ\u00e9 avenue Jean Jaur\u00e8s \u00e0 Montval-sur-Loir.\" \/>\n<meta property=\"og:url\" content=\"https:\/\/contactfm72.fr\/?p=19180\" \/>\n<meta property=\"og:site_name\" content=\"Contact FM 99.3\" \/>\n<meta property=\"article:publisher\" content=\"https:\/\/www.facebook.com\/Contactfm.Chateauduloir\" \/>\n<meta property=\"article:published_time\" content=\"2025-04-25T08:30:34+00:00\" \/>\n<meta property=\"article:modified_time\" content=\"2025-05-03T13:22:43+00:00\" \/>\n<meta property=\"og:image\" content=\"http:\/\/contactfm72.fr\/wp-content\/uploads\/2025\/04\/Visuel-Contact-FM-7.jpg\" \/>\n\t<meta property=\"og:image:width\" content=\"2016\" \/>\n\t<meta property=\"og:image:height\" content=\"1512\" \/>\n\t<meta property=\"og:image:type\" content=\"image\/jpeg\" \/>\n<meta name=\"author\" content=\"redaction2@contactfm72.fr\" \/>\n<meta name=\"twitter:card\" content=\"summary_large_image\" \/>\n<meta name=\"twitter:creator\" content=\"@contactfm72\" \/>\n<meta name=\"twitter:site\" content=\"@contactfm72\" \/>\n<meta name=\"twitter:label1\" content=\"\u00c9crit par\" \/>\n\t<meta name=\"twitter:data1\" content=\"redaction2@contactfm72.fr\" \/>\n\t<meta name=\"twitter:label2\" content=\"Dur\u00e9e de lecture estim\u00e9e\" \/>\n\t<meta name=\"twitter:data2\" content=\"1 minute\" \/>\n<script type=\"application\/ld+json\" class=\"yoast-schema-graph\">{\"@context\":\"https:\\\/\\\/schema.org\",\"@graph\":[{\"@type\":\"Article\",\"@id\":\"https:\\\/\\\/contactfm72.fr\\\/?p=19180#article\",\"isPartOf\":{\"@id\":\"https:\\\/\\\/contactfm72.fr\\\/?p=19180\"},\"author\":{\"name\":\"redaction2@contactfm72.fr\",\"@id\":\"https:\\\/\\\/contactfm72.fr\\\/#\\\/schema\\\/person\\\/d2ef09cdea7331b185acaddc4d14dda8\"},\"headline\":\"Allo ici la Terre &#8211; Joyeux anniversaire \u00e0 l&#8217;entreprise &#8220;La M\u00e9lody des Fleurs&#8221;\",\"datePublished\":\"2025-04-25T08:30:34+00:00\",\"dateModified\":\"2025-05-03T13:22:43+00:00\",\"mainEntityOfPage\":{\"@id\":\"https:\\\/\\\/contactfm72.fr\\\/?p=19180\"},\"wordCount\":152,\"publisher\":{\"@id\":\"https:\\\/\\\/contactfm72.fr\\\/#organization\"},\"image\":{\"@id\":\"https:\\\/\\\/contactfm72.fr\\\/?p=19180#primaryimage\"},\"thumbnailUrl\":\"https:\\\/\\\/contactfm72.fr\\\/wp-content\\\/uploads\\\/2025\\\/04\\\/Visuel-Contact-FM-7.jpg\",\"articleSection\":[\"Allo ici la terre\",\"Contact FM 72\"],\"inLanguage\":\"fr-FR\"},{\"@type\":\"WebPage\",\"@id\":\"https:\\\/\\\/contactfm72.fr\\\/?p=19180\",\"url\":\"https:\\\/\\\/contactfm72.fr\\\/?p=19180\",\"name\":\"Allo ici la Terre - Joyeux anniversaire \u00e0 l'entreprise \\\"La M\u00e9lody des Fleurs\\\" - Contact FM 99.3\",\"isPartOf\":{\"@id\":\"https:\\\/\\\/contactfm72.fr\\\/#website\"},\"primaryImageOfPage\":{\"@id\":\"https:\\\/\\\/contactfm72.fr\\\/?p=19180#primaryimage\"},\"image\":{\"@id\":\"https:\\\/\\\/contactfm72.fr\\\/?p=19180#primaryimage\"},\"thumbnailUrl\":\"https:\\\/\\\/contactfm72.fr\\\/wp-content\\\/uploads\\\/2025\\\/04\\\/Visuel-Contact-FM-7.jpg\",\"datePublished\":\"2025-04-25T08:30:34+00:00\",\"dateModified\":\"2025-05-03T13:22:43+00:00\",\"description\":\"\\\"Le M\u00e9lody des Fleurs\\\" souffle sa premi\u00e8re bougie !\u00a0Il y a un an, \u00e0 seulement 19 ans, Ma\u00ebva, une jeune fleuriste passionn\u00e9e reprenait les r\u00eanes de l\u2019\u00e9tablissement \\\"Yvette et Marguerite\\\" o\u00f9 elle a \u00e9t\u00e9 form\u00e9e, situ\u00e9 avenue Jean Jaur\u00e8s \u00e0 Montval-sur-Loir.\",\"breadcrumb\":{\"@id\":\"https:\\\/\\\/contactfm72.fr\\\/?p=19180#breadcrumb\"},\"inLanguage\":\"fr-FR\",\"potentialAction\":[{\"@type\":\"ReadAction\",\"target\":[\"https:\\\/\\\/contactfm72.fr\\\/?p=19180\"]}]},{\"@type\":\"ImageObject\",\"inLanguage\":\"fr-FR\",\"@id\":\"https:\\\/\\\/contactfm72.fr\\\/?p=19180#primaryimage\",\"url\":\"https:\\\/\\\/contactfm72.fr\\\/wp-content\\\/uploads\\\/2025\\\/04\\\/Visuel-Contact-FM-7.jpg\",\"contentUrl\":\"https:\\\/\\\/contactfm72.fr\\\/wp-content\\\/uploads\\\/2025\\\/04\\\/Visuel-Contact-FM-7.jpg\",\"width\":2016,\"height\":1512},{\"@type\":\"BreadcrumbList\",\"@id\":\"https:\\\/\\\/contactfm72.fr\\\/?p=19180#breadcrumb\",\"itemListElement\":[{\"@type\":\"ListItem\",\"position\":1,\"name\":\"Accueil\",\"item\":\"https:\\\/\\\/contactfm72.fr\\\/\"},{\"@type\":\"ListItem\",\"position\":2,\"name\":\"Allo ici la Terre &#8211; Joyeux anniversaire \u00e0 l&#8217;entreprise &#8220;La M\u00e9lody des Fleurs&#8221;\"}]},{\"@type\":\"WebSite\",\"@id\":\"https:\\\/\\\/contactfm72.fr\\\/#website\",\"url\":\"https:\\\/\\\/contactfm72.fr\\\/\",\"name\":\"Contact FM 99.3\",\"description\":\"Votre radio en vall\u00e9e du Loir\",\"publisher\":{\"@id\":\"https:\\\/\\\/contactfm72.fr\\\/#organization\"},\"potentialAction\":[{\"@type\":\"SearchAction\",\"target\":{\"@type\":\"EntryPoint\",\"urlTemplate\":\"https:\\\/\\\/contactfm72.fr\\\/?s={search_term_string}\"},\"query-input\":{\"@type\":\"PropertyValueSpecification\",\"valueRequired\":true,\"valueName\":\"search_term_string\"}}],\"inLanguage\":\"fr-FR\"},{\"@type\":\"Organization\",\"@id\":\"https:\\\/\\\/contactfm72.fr\\\/#organization\",\"name\":\"Contact FM 99.3\",\"url\":\"https:\\\/\\\/contactfm72.fr\\\/\",\"logo\":{\"@type\":\"ImageObject\",\"inLanguage\":\"fr-FR\",\"@id\":\"https:\\\/\\\/contactfm72.fr\\\/#\\\/schema\\\/logo\\\/image\\\/\",\"url\":\"https:\\\/\\\/contactfm72.fr\\\/wp-content\\\/uploads\\\/2025\\\/04\\\/2025-04-18-2.jpg\",\"contentUrl\":\"https:\\\/\\\/contactfm72.fr\\\/wp-content\\\/uploads\\\/2025\\\/04\\\/2025-04-18-2.jpg\",\"width\":680,\"height\":307,\"caption\":\"Contact FM 99.3\"},\"image\":{\"@id\":\"https:\\\/\\\/contactfm72.fr\\\/#\\\/schema\\\/logo\\\/image\\\/\"},\"sameAs\":[\"https:\\\/\\\/www.facebook.com\\\/Contactfm.Chateauduloir\",\"https:\\\/\\\/x.com\\\/contactfm72\",\"https:\\\/\\\/www.instagram.com\\\/contact.fm.72?igsh=cGhlMHQ5N2JlNnpp\",\"https:\\\/\\\/www.tiktok.com\\\/@contact.fm\"]},{\"@type\":\"Person\",\"@id\":\"https:\\\/\\\/contactfm72.fr\\\/#\\\/schema\\\/person\\\/d2ef09cdea7331b185acaddc4d14dda8\",\"name\":\"redaction2@contactfm72.fr\",\"image\":{\"@type\":\"ImageObject\",\"inLanguage\":\"fr-FR\",\"@id\":\"https:\\\/\\\/secure.gravatar.com\\\/avatar\\\/897f3d57289c1f4c62cade1c2606ba6ded18d5f1676845e668a9f21cb751c06b?s=96&d=mm&r=g\",\"url\":\"https:\\\/\\\/secure.gravatar.com\\\/avatar\\\/897f3d57289c1f4c62cade1c2606ba6ded18d5f1676845e668a9f21cb751c06b?s=96&d=mm&r=g\",\"contentUrl\":\"https:\\\/\\\/secure.gravatar.com\\\/avatar\\\/897f3d57289c1f4c62cade1c2606ba6ded18d5f1676845e668a9f21cb751c06b?s=96&d=mm&r=g\",\"caption\":\"redaction2@contactfm72.fr\"},\"url\":\"https:\\\/\\\/contactfm72.fr\\\/?author=5\"}]}<\/script>\n<!-- \/ Yoast SEO plugin. -->","yoast_head_json":{"title":"Allo ici la Terre - Joyeux anniversaire \u00e0 l'entreprise \"La M\u00e9lody des Fleurs\" - Contact FM 99.3","description":"\"Le M\u00e9lody des Fleurs\" souffle sa premi\u00e8re bougie !\u00a0Il y a un an, \u00e0 seulement 19 ans, Ma\u00ebva, une jeune fleuriste passionn\u00e9e reprenait les r\u00eanes de l\u2019\u00e9tablissement \"Yvette et Marguerite\" o\u00f9 elle a \u00e9t\u00e9 form\u00e9e, situ\u00e9 avenue Jean Jaur\u00e8s \u00e0 Montval-sur-Loir.","robots":{"index":"index","follow":"follow","max-snippet":"max-snippet:-1","max-image-preview":"max-image-preview:large","max-video-preview":"max-video-preview:-1"},"canonical":"https:\/\/contactfm72.fr\/?p=19180","og_locale":"fr_FR","og_type":"article","og_title":"Allo ici la Terre - Joyeux anniversaire \u00e0 l'entreprise \"La M\u00e9lody des Fleurs\" - Contact FM 99.3","og_description":"\"Le M\u00e9lody des Fleurs\" souffle sa premi\u00e8re bougie !\u00a0Il y a un an, \u00e0 seulement 19 ans, Ma\u00ebva, une jeune fleuriste passionn\u00e9e reprenait les r\u00eanes de l\u2019\u00e9tablissement \"Yvette et Marguerite\" o\u00f9 elle a \u00e9t\u00e9 form\u00e9e, situ\u00e9 avenue Jean Jaur\u00e8s \u00e0 Montval-sur-Loir.","og_url":"https:\/\/contactfm72.fr\/?p=19180","og_site_name":"Contact FM 99.3","article_publisher":"https:\/\/www.facebook.com\/Contactfm.Chateauduloir","article_published_time":"2025-04-25T08:30:34+00:00","article_modified_time":"2025-05-03T13:22:43+00:00","og_image":[{"width":2016,"height":1512,"url":"http:\/\/contactfm72.fr\/wp-content\/uploads\/2025\/04\/Visuel-Contact-FM-7.jpg","type":"image\/jpeg"}],"author":"redaction2@contactfm72.fr","twitter_card":"summary_large_image","twitter_creator":"@contactfm72","twitter_site":"@contactfm72","twitter_misc":{"\u00c9crit par":"redaction2@contactfm72.fr","Dur\u00e9e de lecture estim\u00e9e":"1 minute"},"schema":{"@context":"https:\/\/schema.org","@graph":[{"@type":"Article","@id":"https:\/\/contactfm72.fr\/?p=19180#article","isPartOf":{"@id":"https:\/\/contactfm72.fr\/?p=19180"},"author":{"name":"redaction2@contactfm72.fr","@id":"https:\/\/contactfm72.fr\/#\/schema\/person\/d2ef09cdea7331b185acaddc4d14dda8"},"headline":"Allo ici la Terre &#8211; Joyeux anniversaire \u00e0 l&#8217;entreprise &#8220;La M\u00e9lody des Fleurs&#8221;","datePublished":"2025-04-25T08:30:34+00:00","dateModified":"2025-05-03T13:22:43+00:00","mainEntityOfPage":{"@id":"https:\/\/contactfm72.fr\/?p=19180"},"wordCount":152,"publisher":{"@id":"https:\/\/contactfm72.fr\/#organization"},"image":{"@id":"https:\/\/contactfm72.fr\/?p=19180#primaryimage"},"thumbnailUrl":"https:\/\/contactfm72.fr\/wp-content\/uploads\/2025\/04\/Visuel-Contact-FM-7.jpg","articleSection":["Allo ici la terre","Contact FM 72"],"inLanguage":"fr-FR"},{"@type":"WebPage","@id":"https:\/\/contactfm72.fr\/?p=19180","url":"https:\/\/contactfm72.fr\/?p=19180","name":"Allo ici la Terre - Joyeux anniversaire \u00e0 l'entreprise \"La M\u00e9lody des Fleurs\" - Contact FM 99.3","isPartOf":{"@id":"https:\/\/contactfm72.fr\/#website"},"primaryImageOfPage":{"@id":"https:\/\/contactfm72.fr\/?p=19180#primaryimage"},"image":{"@id":"https:\/\/contactfm72.fr\/?p=19180#primaryimage"},"thumbnailUrl":"https:\/\/contactfm72.fr\/wp-content\/uploads\/2025\/04\/Visuel-Contact-FM-7.jpg","datePublished":"2025-04-25T08:30:34+00:00","dateModified":"2025-05-03T13:22:43+00:00","description":"\"Le M\u00e9lody des Fleurs\" souffle sa premi\u00e8re bougie !\u00a0Il y a un an, \u00e0 seulement 19 ans, Ma\u00ebva, une jeune fleuriste passionn\u00e9e reprenait les r\u00eanes de l\u2019\u00e9tablissement \"Yvette et Marguerite\" o\u00f9 elle a \u00e9t\u00e9 form\u00e9e, situ\u00e9 avenue Jean Jaur\u00e8s \u00e0 Montval-sur-Loir.","breadcrumb":{"@id":"https:\/\/contactfm72.fr\/?p=19180#breadcrumb"},"inLanguage":"fr-FR","potentialAction":[{"@type":"ReadAction","target":["https:\/\/contactfm72.fr\/?p=19180"]}]},{"@type":"ImageObject","inLanguage":"fr-FR","@id":"https:\/\/contactfm72.fr\/?p=19180#primaryimage","url":"https:\/\/contactfm72.fr\/wp-content\/uploads\/2025\/04\/Visuel-Contact-FM-7.jpg","contentUrl":"https:\/\/contactfm72.fr\/wp-content\/uploads\/2025\/04\/Visuel-Contact-FM-7.jpg","width":2016,"height":1512},{"@type":"BreadcrumbList","@id":"https:\/\/contactfm72.fr\/?p=19180#breadcrumb","itemListElement":[{"@type":"ListItem","position":1,"name":"Accueil","item":"https:\/\/contactfm72.fr\/"},{"@type":"ListItem","position":2,"name":"Allo ici la Terre &#8211; Joyeux anniversaire \u00e0 l&#8217;entreprise &#8220;La M\u00e9lody des Fleurs&#8221;"}]},{"@type":"WebSite","@id":"https:\/\/contactfm72.fr\/#website","url":"https:\/\/contactfm72.fr\/","name":"Contact FM 99.3","description":"Votre radio en vall\u00e9e du Loir","publisher":{"@id":"https:\/\/contactfm72.fr\/#organization"},"potentialAction":[{"@type":"SearchAction","target":{"@type":"EntryPoint","urlTemplate":"https:\/\/contactfm72.fr\/?s={search_term_string}"},"query-input":{"@type":"PropertyValueSpecification","valueRequired":true,"valueName":"search_term_string"}}],"inLanguage":"fr-FR"},{"@type":"Organization","@id":"https:\/\/contactfm72.fr\/#organization","name":"Contact FM 99.3","url":"https:\/\/contactfm72.fr\/","logo":{"@type":"ImageObject","inLanguage":"fr-FR","@id":"https:\/\/contactfm72.fr\/#\/schema\/logo\/image\/","url":"https:\/\/contactfm72.fr\/wp-content\/uploads\/2025\/04\/2025-04-18-2.jpg","contentUrl":"https:\/\/contactfm72.fr\/wp-content\/uploads\/2025\/04\/2025-04-18-2.jpg","width":680,"height":307,"caption":"Contact FM 99.3"},"image":{"@id":"https:\/\/contactfm72.fr\/#\/schema\/logo\/image\/"},"sameAs":["https:\/\/www.facebook.com\/Contactfm.Chateauduloir","https:\/\/x.com\/contactfm72","https:\/\/www.instagram.com\/contact.fm.72?igsh=cGhlMHQ5N2JlNnpp","https:\/\/www.tiktok.com\/@contact.fm"]},{"@type":"Person","@id":"https:\/\/contactfm72.fr\/#\/schema\/person\/d2ef09cdea7331b185acaddc4d14dda8","name":"redaction2@contactfm72.fr","image":{"@type":"ImageObject","inLanguage":"fr-FR","@id":"https:\/\/secure.gravatar.com\/avatar\/897f3d57289c1f4c62cade1c2606ba6ded18d5f1676845e668a9f21cb751c06b?s=96&d=mm&r=g","url":"https:\/\/secure.gravatar.com\/avatar\/897f3d57289c1f4c62cade1c2606ba6ded18d5f1676845e668a9f21cb751c06b?s=96&d=mm&r=g","contentUrl":"https:\/\/secure.gravatar.com\/avatar\/897f3d57289c1f4c62cade1c2606ba6ded18d5f1676845e668a9f21cb751c06b?s=96&d=mm&r=g","caption":"redaction2@contactfm72.fr"},"url":"https:\/\/contactfm72.fr\/?author=5"}]}},"_links":{"self":[{"href":"https:\/\/contactfm72.fr\/index.php?rest_route=\/wp\/v2\/posts\/19180","targetHints":{"allow":["GET"]}}],"collection":[{"href":"https:\/\/contactfm72.fr\/index.php?rest_route=\/wp\/v2\/posts"}],"about":[{"href":"https:\/\/contactfm72.fr\/index.php?rest_route=\/wp\/v2\/types\/post"}],"author":[{"embeddable":true,"href":"https:\/\/contactfm72.fr\/index.php?rest_route=\/wp\/v2\/users\/5"}],"replies":[{"embeddable":true,"href":"https:\/\/contactfm72.fr\/index.php?rest_route=%2Fwp%2Fv2%2Fcomments&post=19180"}],"version-history":[{"count":4,"href":"https:\/\/contactfm72.fr\/index.php?rest_route=\/wp\/v2\/posts\/19180\/revisions"}],"predecessor-version":[{"id":19227,"href":"https:\/\/contactfm72.fr\/index.php?rest_route=\/wp\/v2\/posts\/19180\/revisions\/19227"}],"wp:featuredmedia":[{"embeddable":true,"href":"https:\/\/contactfm72.fr\/index.php?rest_route=\/wp\/v2\/media\/19182"}],"wp:attachment":[{"href":"https:\/\/contactfm72.fr\/index.php?rest_route=%2Fwp%2Fv2%2Fmedia&parent=19180"}],"wp:term":[{"taxonomy":"category","embeddable":true,"href":"https:\/\/contactfm72.fr\/index.php?rest_route=%2Fwp%2Fv2%2Fcategories&post=19180"},{"taxonomy":"post_tag","embeddable":true,"href":"https:\/\/contactfm72.fr\/index.php?rest_route=%2Fwp%2Fv2%2Ftags&post=19180"}],"curies":[{"name":"wp","href":"https:\/\/api.w.org\/{rel}","templated":true}]}}