{"id":19170,"date":"2025-04-16T16:00:40","date_gmt":"2025-04-16T14:00:40","guid":{"rendered":"https:\/\/contactfm72.fr\/?p=19170"},"modified":"2025-04-16T00:29:35","modified_gmt":"2025-04-15T22:29:35","slug":"sophie-forte-revient-a-montval-sur-loir-avec-la-piece-sur-le-fil","status":"publish","type":"post","link":"https:\/\/contactfm72.fr\/?p=19170","title":{"rendered":"Sophie Forte revient \u00e0 Montval-sur-Loir avec la pi\u00e8ce &#8220;Sur le fil&#8221;"},"content":{"rendered":"<p>D\u00e9j\u00e0 sur la sc\u00e8ne de La Cast\u00e9lorienne en 2023, l&#8217;auteure et com\u00e9dienne Sophie Forte revient \u00e0 Montval-sur-Loir avec la pi\u00e8ce comique &#8220;Sur le fil&#8221; vendredi 25 avril \u00e0 20h30. Elle partage l&#8217;affiche avec Philippe Sivy.<\/p>\n<p>Le synopsis : \u00c0 la suite d\u2019une banale erreur t\u00e9l\u00e9phonique, ce qui n\u2019\u00e9tait qu\u2019un incident domestique se transforme en un merveilleux accident du destin : il aime le temp\u00e9rament de son invisible interlocutrice, elle est s\u00e9duite par son humour et le charme de sa voix. C\u2019est pourquoi ils vont se rappeler, s\u2019esp\u00e9rer, se fantasmer, s\u2019accrocher \u00e0 cette relation t\u00e9l\u00e9phonique comme \u00e0 une derni\u00e8re chance d\u2019un amour possible. Vont-ils enfin se voir, se toucher, poursuivre la rencontre dans le monde r\u00e9el ?<\/p>\n<p>Sophie Forte est au micro de Val\u00e9rie dans &#8220;En coulisses&#8221; mercredi 16 avril \u00e0 19h et lundi 21 \u00e0 14h.<\/p>\n<p>&nbsp;<\/p>\n<div id=\"audioigniter-548\" class=\"audioigniter-root \" data-player-type=\"full\" data-tracks-url=\"https:\/\/contactfm72.fr\/?audioigniter_playlist_id=548\" data-display-track-no=\"false\" data-reverse-track-order=\"false\" data-display-tracklist-covers=\"false\" data-display-active-cover=\"false\" data-display-artist-names=\"false\" data-display-buy-buttons=\"true\" data-buy-buttons-target=\"false\" data-cycle-tracks=\"false\" data-display-credits=\"false\" data-display-tracklist=\"true\" data-allow-tracklist-toggle=\"true\" data-allow-tracklist-loop=\"true\" data-limit-tracklist-height=\"true\" data-volume=\"100\" data-tracklist-height=\"185\" data-allow-track-loop=\"false\" ><\/div>\n<!-- AddThis Advanced Settings generic via filter on the_content --><!-- AddThis Share Buttons generic via filter on the_content -->","protected":false},"excerpt":{"rendered":"<p>D\u00e9j\u00e0 sur la sc\u00e8ne de La Cast\u00e9lorienne en 2023, l&#8217;auteure et com\u00e9dienne Sophie Forte revient \u00e0 Montval-sur-Loir avec la pi\u00e8ce comique &#8220;Sur le fil&#8221; vendredi 25 avril \u00e0 20h30. Elle partage l&#8217;affiche avec Philippe Sivy. Le synopsis : \u00c0 la suite d\u2019une banale erreur t\u00e9l\u00e9phonique, ce qui n\u2019\u00e9tait qu\u2019un incident domestique se transforme en un&hellip;<!-- AddThis Advanced Settings generic via filter on get_the_excerpt --><!-- AddThis Share Buttons generic via filter on get_the_excerpt --><\/p>\n","protected":false},"author":4,"featured_media":19171,"comment_status":"closed","ping_status":"open","sticky":false,"template":"","format":"standard","meta":{"footnotes":""},"categories":[1,35],"tags":[],"class_list":["post-19170","post","type-post","status-publish","format-standard","has-post-thumbnail","hentry","category-contact-fm-72","category-en-coulisses","category-1","category-35","description-off"],"yoast_head":"<!-- This site is optimized with the Yoast SEO plugin v27.4 - https:\/\/yoast.com\/product\/yoast-seo-wordpress\/ -->\n<title>Sophie Forte revient \u00e0 Montval-sur-Loir avec la pi\u00e8ce &quot;Sur le fil&quot; - Contact FM 99.3<\/title>\n<meta name=\"robots\" content=\"index, follow, max-snippet:-1, max-image-preview:large, max-video-preview:-1\" \/>\n<link rel=\"canonical\" href=\"https:\/\/contactfm72.fr\/?p=19170\" \/>\n<meta property=\"og:locale\" content=\"fr_FR\" \/>\n<meta property=\"og:type\" content=\"article\" \/>\n<meta property=\"og:title\" content=\"Sophie Forte revient \u00e0 Montval-sur-Loir avec la pi\u00e8ce &quot;Sur le fil&quot; - Contact FM 99.3\" \/>\n<meta property=\"og:description\" content=\"D\u00e9j\u00e0 sur la sc\u00e8ne de La Cast\u00e9lorienne en 2023, l&#8217;auteure et com\u00e9dienne Sophie Forte revient \u00e0 Montval-sur-Loir avec la pi\u00e8ce comique &#8220;Sur le fil&#8221; vendredi 25 avril \u00e0 20h30. Elle partage l&#8217;affiche avec Philippe Sivy. Le synopsis : \u00c0 la suite d\u2019une banale erreur t\u00e9l\u00e9phonique, ce qui n\u2019\u00e9tait qu\u2019un incident domestique se transforme en un&hellip;\" \/>\n<meta property=\"og:url\" content=\"https:\/\/contactfm72.fr\/?p=19170\" \/>\n<meta property=\"og:site_name\" content=\"Contact FM 99.3\" \/>\n<meta property=\"article:publisher\" content=\"https:\/\/www.facebook.com\/Contactfm.Chateauduloir\" \/>\n<meta property=\"article:published_time\" content=\"2025-04-16T14:00:40+00:00\" \/>\n<meta property=\"og:image\" content=\"https:\/\/contactfm72.fr\/wp-content\/uploads\/2025\/04\/2023-05-11-ATA-Sur-le-fil-a\u0300-Taverny-\u00a9-Fre\u0301de\u0301rique-Toulet-097-copie-900x600-1.jpg\" \/>\n\t<meta property=\"og:image:width\" content=\"900\" \/>\n\t<meta property=\"og:image:height\" content=\"600\" \/>\n\t<meta property=\"og:image:type\" content=\"image\/jpeg\" \/>\n<meta name=\"author\" content=\"Val\u00e9rie C.\" \/>\n<meta name=\"twitter:card\" content=\"summary_large_image\" \/>\n<meta name=\"twitter:creator\" content=\"@contactfm72\" \/>\n<meta name=\"twitter:site\" content=\"@contactfm72\" \/>\n<meta name=\"twitter:label1\" content=\"\u00c9crit par\" \/>\n\t<meta name=\"twitter:data1\" content=\"Val\u00e9rie C.\" \/>\n\t<meta name=\"twitter:label2\" content=\"Dur\u00e9e de lecture estim\u00e9e\" \/>\n\t<meta name=\"twitter:data2\" content=\"1 minute\" \/>\n<script type=\"application\/ld+json\" class=\"yoast-schema-graph\">{\"@context\":\"https:\\\/\\\/schema.org\",\"@graph\":[{\"@type\":\"Article\",\"@id\":\"https:\\\/\\\/contactfm72.fr\\\/?p=19170#article\",\"isPartOf\":{\"@id\":\"https:\\\/\\\/contactfm72.fr\\\/?p=19170\"},\"author\":{\"name\":\"Val\u00e9rie C.\",\"@id\":\"https:\\\/\\\/contactfm72.fr\\\/#\\\/schema\\\/person\\\/9fdc9d1c2eb029354a4f1535b90ba82d\"},\"headline\":\"Sophie Forte revient \u00e0 Montval-sur-Loir avec la pi\u00e8ce &#8220;Sur le fil&#8221;\",\"datePublished\":\"2025-04-16T14:00:40+00:00\",\"mainEntityOfPage\":{\"@id\":\"https:\\\/\\\/contactfm72.fr\\\/?p=19170\"},\"wordCount\":161,\"publisher\":{\"@id\":\"https:\\\/\\\/contactfm72.fr\\\/#organization\"},\"image\":{\"@id\":\"https:\\\/\\\/contactfm72.fr\\\/?p=19170#primaryimage\"},\"thumbnailUrl\":\"https:\\\/\\\/contactfm72.fr\\\/wp-content\\\/uploads\\\/2025\\\/04\\\/2023-05-11-ATA-Sur-le-fil-a\u0300-Taverny-\u00a9-Fre\u0301de\u0301rique-Toulet-097-copie-900x600-1.jpg\",\"articleSection\":[\"Contact FM 72\",\"En coulisses\"],\"inLanguage\":\"fr-FR\"},{\"@type\":\"WebPage\",\"@id\":\"https:\\\/\\\/contactfm72.fr\\\/?p=19170\",\"url\":\"https:\\\/\\\/contactfm72.fr\\\/?p=19170\",\"name\":\"Sophie Forte revient \u00e0 Montval-sur-Loir avec la pi\u00e8ce \\\"Sur le fil\\\" - Contact FM 99.3\",\"isPartOf\":{\"@id\":\"https:\\\/\\\/contactfm72.fr\\\/#website\"},\"primaryImageOfPage\":{\"@id\":\"https:\\\/\\\/contactfm72.fr\\\/?p=19170#primaryimage\"},\"image\":{\"@id\":\"https:\\\/\\\/contactfm72.fr\\\/?p=19170#primaryimage\"},\"thumbnailUrl\":\"https:\\\/\\\/contactfm72.fr\\\/wp-content\\\/uploads\\\/2025\\\/04\\\/2023-05-11-ATA-Sur-le-fil-a\u0300-Taverny-\u00a9-Fre\u0301de\u0301rique-Toulet-097-copie-900x600-1.jpg\",\"datePublished\":\"2025-04-16T14:00:40+00:00\",\"breadcrumb\":{\"@id\":\"https:\\\/\\\/contactfm72.fr\\\/?p=19170#breadcrumb\"},\"inLanguage\":\"fr-FR\",\"potentialAction\":[{\"@type\":\"ReadAction\",\"target\":[\"https:\\\/\\\/contactfm72.fr\\\/?p=19170\"]}]},{\"@type\":\"ImageObject\",\"inLanguage\":\"fr-FR\",\"@id\":\"https:\\\/\\\/contactfm72.fr\\\/?p=19170#primaryimage\",\"url\":\"https:\\\/\\\/contactfm72.fr\\\/wp-content\\\/uploads\\\/2025\\\/04\\\/2023-05-11-ATA-Sur-le-fil-a\u0300-Taverny-\u00a9-Fre\u0301de\u0301rique-Toulet-097-copie-900x600-1.jpg\",\"contentUrl\":\"https:\\\/\\\/contactfm72.fr\\\/wp-content\\\/uploads\\\/2025\\\/04\\\/2023-05-11-ATA-Sur-le-fil-a\u0300-Taverny-\u00a9-Fre\u0301de\u0301rique-Toulet-097-copie-900x600-1.jpg\",\"width\":900,\"height\":600},{\"@type\":\"BreadcrumbList\",\"@id\":\"https:\\\/\\\/contactfm72.fr\\\/?p=19170#breadcrumb\",\"itemListElement\":[{\"@type\":\"ListItem\",\"position\":1,\"name\":\"Accueil\",\"item\":\"https:\\\/\\\/contactfm72.fr\\\/\"},{\"@type\":\"ListItem\",\"position\":2,\"name\":\"Sophie Forte revient \u00e0 Montval-sur-Loir avec la pi\u00e8ce &#8220;Sur le fil&#8221;\"}]},{\"@type\":\"WebSite\",\"@id\":\"https:\\\/\\\/contactfm72.fr\\\/#website\",\"url\":\"https:\\\/\\\/contactfm72.fr\\\/\",\"name\":\"Contact FM 99.3\",\"description\":\"Votre radio en vall\u00e9e du Loir\",\"publisher\":{\"@id\":\"https:\\\/\\\/contactfm72.fr\\\/#organization\"},\"potentialAction\":[{\"@type\":\"SearchAction\",\"target\":{\"@type\":\"EntryPoint\",\"urlTemplate\":\"https:\\\/\\\/contactfm72.fr\\\/?s={search_term_string}\"},\"query-input\":{\"@type\":\"PropertyValueSpecification\",\"valueRequired\":true,\"valueName\":\"search_term_string\"}}],\"inLanguage\":\"fr-FR\"},{\"@type\":\"Organization\",\"@id\":\"https:\\\/\\\/contactfm72.fr\\\/#organization\",\"name\":\"Contact FM 99.3\",\"url\":\"https:\\\/\\\/contactfm72.fr\\\/\",\"logo\":{\"@type\":\"ImageObject\",\"inLanguage\":\"fr-FR\",\"@id\":\"https:\\\/\\\/contactfm72.fr\\\/#\\\/schema\\\/logo\\\/image\\\/\",\"url\":\"https:\\\/\\\/contactfm72.fr\\\/wp-content\\\/uploads\\\/2025\\\/04\\\/2025-04-18-2.jpg\",\"contentUrl\":\"https:\\\/\\\/contactfm72.fr\\\/wp-content\\\/uploads\\\/2025\\\/04\\\/2025-04-18-2.jpg\",\"width\":680,\"height\":307,\"caption\":\"Contact FM 99.3\"},\"image\":{\"@id\":\"https:\\\/\\\/contactfm72.fr\\\/#\\\/schema\\\/logo\\\/image\\\/\"},\"sameAs\":[\"https:\\\/\\\/www.facebook.com\\\/Contactfm.Chateauduloir\",\"https:\\\/\\\/x.com\\\/contactfm72\",\"https:\\\/\\\/www.instagram.com\\\/contact.fm.72?igsh=cGhlMHQ5N2JlNnpp\",\"https:\\\/\\\/www.tiktok.com\\\/@contact.fm\"]},{\"@type\":\"Person\",\"@id\":\"https:\\\/\\\/contactfm72.fr\\\/#\\\/schema\\\/person\\\/9fdc9d1c2eb029354a4f1535b90ba82d\",\"name\":\"Val\u00e9rie C.\",\"image\":{\"@type\":\"ImageObject\",\"inLanguage\":\"fr-FR\",\"@id\":\"https:\\\/\\\/secure.gravatar.com\\\/avatar\\\/2f8aa28f8dfbd7d4420afd1fdcdd0a349923e2c8a38ab28198b0f9d0601e4737?s=96&d=mm&r=g\",\"url\":\"https:\\\/\\\/secure.gravatar.com\\\/avatar\\\/2f8aa28f8dfbd7d4420afd1fdcdd0a349923e2c8a38ab28198b0f9d0601e4737?s=96&d=mm&r=g\",\"contentUrl\":\"https:\\\/\\\/secure.gravatar.com\\\/avatar\\\/2f8aa28f8dfbd7d4420afd1fdcdd0a349923e2c8a38ab28198b0f9d0601e4737?s=96&d=mm&r=g\",\"caption\":\"Val\u00e9rie C.\"},\"url\":\"https:\\\/\\\/contactfm72.fr\\\/?author=4\"}]}<\/script>\n<!-- \/ Yoast SEO plugin. -->","yoast_head_json":{"title":"Sophie Forte revient \u00e0 Montval-sur-Loir avec la pi\u00e8ce \"Sur le fil\" - Contact FM 99.3","robots":{"index":"index","follow":"follow","max-snippet":"max-snippet:-1","max-image-preview":"max-image-preview:large","max-video-preview":"max-video-preview:-1"},"canonical":"https:\/\/contactfm72.fr\/?p=19170","og_locale":"fr_FR","og_type":"article","og_title":"Sophie Forte revient \u00e0 Montval-sur-Loir avec la pi\u00e8ce \"Sur le fil\" - Contact FM 99.3","og_description":"D\u00e9j\u00e0 sur la sc\u00e8ne de La Cast\u00e9lorienne en 2023, l&#8217;auteure et com\u00e9dienne Sophie Forte revient \u00e0 Montval-sur-Loir avec la pi\u00e8ce comique &#8220;Sur le fil&#8221; vendredi 25 avril \u00e0 20h30. Elle partage l&#8217;affiche avec Philippe Sivy. Le synopsis : \u00c0 la suite d\u2019une banale erreur t\u00e9l\u00e9phonique, ce qui n\u2019\u00e9tait qu\u2019un incident domestique se transforme en un&hellip;","og_url":"https:\/\/contactfm72.fr\/?p=19170","og_site_name":"Contact FM 99.3","article_publisher":"https:\/\/www.facebook.com\/Contactfm.Chateauduloir","article_published_time":"2025-04-16T14:00:40+00:00","og_image":[{"width":900,"height":600,"url":"https:\/\/contactfm72.fr\/wp-content\/uploads\/2025\/04\/2023-05-11-ATA-Sur-le-fil-a\u0300-Taverny-\u00a9-Fre\u0301de\u0301rique-Toulet-097-copie-900x600-1.jpg","type":"image\/jpeg"}],"author":"Val\u00e9rie C.","twitter_card":"summary_large_image","twitter_creator":"@contactfm72","twitter_site":"@contactfm72","twitter_misc":{"\u00c9crit par":"Val\u00e9rie C.","Dur\u00e9e de lecture estim\u00e9e":"1 minute"},"schema":{"@context":"https:\/\/schema.org","@graph":[{"@type":"Article","@id":"https:\/\/contactfm72.fr\/?p=19170#article","isPartOf":{"@id":"https:\/\/contactfm72.fr\/?p=19170"},"author":{"name":"Val\u00e9rie C.","@id":"https:\/\/contactfm72.fr\/#\/schema\/person\/9fdc9d1c2eb029354a4f1535b90ba82d"},"headline":"Sophie Forte revient \u00e0 Montval-sur-Loir avec la pi\u00e8ce &#8220;Sur le fil&#8221;","datePublished":"2025-04-16T14:00:40+00:00","mainEntityOfPage":{"@id":"https:\/\/contactfm72.fr\/?p=19170"},"wordCount":161,"publisher":{"@id":"https:\/\/contactfm72.fr\/#organization"},"image":{"@id":"https:\/\/contactfm72.fr\/?p=19170#primaryimage"},"thumbnailUrl":"https:\/\/contactfm72.fr\/wp-content\/uploads\/2025\/04\/2023-05-11-ATA-Sur-le-fil-a\u0300-Taverny-\u00a9-Fre\u0301de\u0301rique-Toulet-097-copie-900x600-1.jpg","articleSection":["Contact FM 72","En coulisses"],"inLanguage":"fr-FR"},{"@type":"WebPage","@id":"https:\/\/contactfm72.fr\/?p=19170","url":"https:\/\/contactfm72.fr\/?p=19170","name":"Sophie Forte revient \u00e0 Montval-sur-Loir avec la pi\u00e8ce \"Sur le fil\" - Contact FM 99.3","isPartOf":{"@id":"https:\/\/contactfm72.fr\/#website"},"primaryImageOfPage":{"@id":"https:\/\/contactfm72.fr\/?p=19170#primaryimage"},"image":{"@id":"https:\/\/contactfm72.fr\/?p=19170#primaryimage"},"thumbnailUrl":"https:\/\/contactfm72.fr\/wp-content\/uploads\/2025\/04\/2023-05-11-ATA-Sur-le-fil-a\u0300-Taverny-\u00a9-Fre\u0301de\u0301rique-Toulet-097-copie-900x600-1.jpg","datePublished":"2025-04-16T14:00:40+00:00","breadcrumb":{"@id":"https:\/\/contactfm72.fr\/?p=19170#breadcrumb"},"inLanguage":"fr-FR","potentialAction":[{"@type":"ReadAction","target":["https:\/\/contactfm72.fr\/?p=19170"]}]},{"@type":"ImageObject","inLanguage":"fr-FR","@id":"https:\/\/contactfm72.fr\/?p=19170#primaryimage","url":"https:\/\/contactfm72.fr\/wp-content\/uploads\/2025\/04\/2023-05-11-ATA-Sur-le-fil-a\u0300-Taverny-\u00a9-Fre\u0301de\u0301rique-Toulet-097-copie-900x600-1.jpg","contentUrl":"https:\/\/contactfm72.fr\/wp-content\/uploads\/2025\/04\/2023-05-11-ATA-Sur-le-fil-a\u0300-Taverny-\u00a9-Fre\u0301de\u0301rique-Toulet-097-copie-900x600-1.jpg","width":900,"height":600},{"@type":"BreadcrumbList","@id":"https:\/\/contactfm72.fr\/?p=19170#breadcrumb","itemListElement":[{"@type":"ListItem","position":1,"name":"Accueil","item":"https:\/\/contactfm72.fr\/"},{"@type":"ListItem","position":2,"name":"Sophie Forte revient \u00e0 Montval-sur-Loir avec la pi\u00e8ce &#8220;Sur le fil&#8221;"}]},{"@type":"WebSite","@id":"https:\/\/contactfm72.fr\/#website","url":"https:\/\/contactfm72.fr\/","name":"Contact FM 99.3","description":"Votre radio en vall\u00e9e du Loir","publisher":{"@id":"https:\/\/contactfm72.fr\/#organization"},"potentialAction":[{"@type":"SearchAction","target":{"@type":"EntryPoint","urlTemplate":"https:\/\/contactfm72.fr\/?s={search_term_string}"},"query-input":{"@type":"PropertyValueSpecification","valueRequired":true,"valueName":"search_term_string"}}],"inLanguage":"fr-FR"},{"@type":"Organization","@id":"https:\/\/contactfm72.fr\/#organization","name":"Contact FM 99.3","url":"https:\/\/contactfm72.fr\/","logo":{"@type":"ImageObject","inLanguage":"fr-FR","@id":"https:\/\/contactfm72.fr\/#\/schema\/logo\/image\/","url":"https:\/\/contactfm72.fr\/wp-content\/uploads\/2025\/04\/2025-04-18-2.jpg","contentUrl":"https:\/\/contactfm72.fr\/wp-content\/uploads\/2025\/04\/2025-04-18-2.jpg","width":680,"height":307,"caption":"Contact FM 99.3"},"image":{"@id":"https:\/\/contactfm72.fr\/#\/schema\/logo\/image\/"},"sameAs":["https:\/\/www.facebook.com\/Contactfm.Chateauduloir","https:\/\/x.com\/contactfm72","https:\/\/www.instagram.com\/contact.fm.72?igsh=cGhlMHQ5N2JlNnpp","https:\/\/www.tiktok.com\/@contact.fm"]},{"@type":"Person","@id":"https:\/\/contactfm72.fr\/#\/schema\/person\/9fdc9d1c2eb029354a4f1535b90ba82d","name":"Val\u00e9rie C.","image":{"@type":"ImageObject","inLanguage":"fr-FR","@id":"https:\/\/secure.gravatar.com\/avatar\/2f8aa28f8dfbd7d4420afd1fdcdd0a349923e2c8a38ab28198b0f9d0601e4737?s=96&d=mm&r=g","url":"https:\/\/secure.gravatar.com\/avatar\/2f8aa28f8dfbd7d4420afd1fdcdd0a349923e2c8a38ab28198b0f9d0601e4737?s=96&d=mm&r=g","contentUrl":"https:\/\/secure.gravatar.com\/avatar\/2f8aa28f8dfbd7d4420afd1fdcdd0a349923e2c8a38ab28198b0f9d0601e4737?s=96&d=mm&r=g","caption":"Val\u00e9rie C."},"url":"https:\/\/contactfm72.fr\/?author=4"}]}},"_links":{"self":[{"href":"https:\/\/contactfm72.fr\/index.php?rest_route=\/wp\/v2\/posts\/19170","targetHints":{"allow":["GET"]}}],"collection":[{"href":"https:\/\/contactfm72.fr\/index.php?rest_route=\/wp\/v2\/posts"}],"about":[{"href":"https:\/\/contactfm72.fr\/index.php?rest_route=\/wp\/v2\/types\/post"}],"author":[{"embeddable":true,"href":"https:\/\/contactfm72.fr\/index.php?rest_route=\/wp\/v2\/users\/4"}],"replies":[{"embeddable":true,"href":"https:\/\/contactfm72.fr\/index.php?rest_route=%2Fwp%2Fv2%2Fcomments&post=19170"}],"version-history":[{"count":3,"href":"https:\/\/contactfm72.fr\/index.php?rest_route=\/wp\/v2\/posts\/19170\/revisions"}],"predecessor-version":[{"id":19174,"href":"https:\/\/contactfm72.fr\/index.php?rest_route=\/wp\/v2\/posts\/19170\/revisions\/19174"}],"wp:featuredmedia":[{"embeddable":true,"href":"https:\/\/contactfm72.fr\/index.php?rest_route=\/wp\/v2\/media\/19171"}],"wp:attachment":[{"href":"https:\/\/contactfm72.fr\/index.php?rest_route=%2Fwp%2Fv2%2Fmedia&parent=19170"}],"wp:term":[{"taxonomy":"category","embeddable":true,"href":"https:\/\/contactfm72.fr\/index.php?rest_route=%2Fwp%2Fv2%2Fcategories&post=19170"},{"taxonomy":"post_tag","embeddable":true,"href":"https:\/\/contactfm72.fr\/index.php?rest_route=%2Fwp%2Fv2%2Ftags&post=19170"}],"curies":[{"name":"wp","href":"https:\/\/api.w.org\/{rel}","templated":true}]}}