{"id":19154,"date":"2025-04-11T16:11:54","date_gmt":"2025-04-11T14:11:54","guid":{"rendered":"https:\/\/contactfm72.fr\/?p=19154"},"modified":"2025-04-11T16:13:25","modified_gmt":"2025-04-11T14:13:25","slug":"zebrures-quand-la-culture-sinvite-a-la-ferme-du-cochon-zebre","status":"publish","type":"post","link":"https:\/\/contactfm72.fr\/?p=19154","title":{"rendered":"&#8220;Z\u00e9brures&#8221; : Quand la Culture s&#8217;invite \u00e0 la Ferme du Cochon Z\u00e9br\u00e9"},"content":{"rendered":"<p>La ferme du cochon z\u00e9br\u00e9 se transforme en sc\u00e8ne artistique.<\/p>\n<p>A Mar\u00e7on, le lieu g\u00e9r\u00e9 par Maude Cochonneau s&#8217;appr\u00eate \u00e0 vibrer au rythme de la culture et des rencontres artistiques. L&#8217;exploitante viticole lance l&#8217;\u00e9dition 2025 des &#8220;Z\u00e9brures&#8221;, un rendez-vous m\u00ealant des ateliers d&#8217;\u00e9critures, spectacle vivant et terroir. Le premier rendez-vous de l&#8217;ann\u00e9e \u00e0 ne pas rater, c&#8217;est l&#8217;atelier d&#8217;\u00e9criture de chansons du 15 au 18 avril, ouvert aux enfants comme aux adultes. La semaine se cl\u00f4turera par un concert du groupe In Vino Delyr.<\/p>\n<p>Maude Cochonneau, la viticultrice et la cr\u00e9atrice des &#8220;Z\u00e9brures&#8221; est l&#8217;invit\u00e9e de &#8220;L&#8217;interview du jour&#8221; le vendredi 11 avril \u00e0 18h, le samedi 12 avril \u00e0 14h, le dimanche 13 avril \u00e0 11h et le lundi 14 avril \u00e0 13h.<\/p>\n<p class=\"\" data-start=\"717\" data-end=\"874\"><div id=\"audioigniter-283\" class=\"audioigniter-root \" data-player-type=\"full\" data-tracks-url=\"https:\/\/contactfm72.fr\/?audioigniter_playlist_id=283\" data-display-track-no=\"false\" data-reverse-track-order=\"false\" data-display-tracklist-covers=\"false\" data-display-active-cover=\"false\" data-display-artist-names=\"false\" data-display-buy-buttons=\"true\" data-buy-buttons-target=\"false\" data-cycle-tracks=\"false\" data-display-credits=\"false\" data-display-tracklist=\"true\" data-allow-tracklist-toggle=\"false\" data-allow-tracklist-loop=\"true\" data-limit-tracklist-height=\"true\" data-volume=\"100\" data-tracklist-height=\"185\" data-allow-track-loop=\"false\" ><\/div>\n<!-- AddThis Advanced Settings generic via filter on the_content --><!-- AddThis Share Buttons generic via filter on the_content -->","protected":false},"excerpt":{"rendered":"<p>La ferme du cochon z\u00e9br\u00e9 se transforme en sc\u00e8ne artistique. A Mar\u00e7on, le lieu g\u00e9r\u00e9 par Maude Cochonneau s&#8217;appr\u00eate \u00e0 vibrer au rythme de la culture et des rencontres artistiques. L&#8217;exploitante viticole lance l&#8217;\u00e9dition 2025 des &#8220;Z\u00e9brures&#8221;, un rendez-vous m\u00ealant des ateliers d&#8217;\u00e9critures, spectacle vivant et terroir. Le premier rendez-vous de l&#8217;ann\u00e9e \u00e0 ne pas&hellip;<!-- AddThis Advanced Settings generic via filter on get_the_excerpt --><!-- AddThis Share Buttons generic via filter on get_the_excerpt --><\/p>\n","protected":false},"author":5,"featured_media":19157,"comment_status":"closed","ping_status":"open","sticky":false,"template":"","format":"standard","meta":{"footnotes":""},"categories":[1,5],"tags":[],"class_list":["post-19154","post","type-post","status-publish","format-standard","has-post-thumbnail","hentry","category-contact-fm-72","category-linterview-du-jour","category-1","category-5","description-off"],"yoast_head":"<!-- This site is optimized with the Yoast SEO plugin v27.4 - https:\/\/yoast.com\/product\/yoast-seo-wordpress\/ -->\n<title>&quot;Z\u00e9brures&quot; : Quand la Culture s&#039;invite \u00e0 la Ferme du Cochon Z\u00e9br\u00e9 - Contact FM 99.3<\/title>\n<meta name=\"description\" content=\"La ferme du cochon zebr\u00e9 se transforme en sc\u00e8ne artistiqueA Mar\u00e7on, le lieu g\u00e9r\u00e9 par Maude Cochonneau s&#039;appr\u00eate \u00e0 vibrer au rythme de la culture et des rencontres artistiques. L&#039;exploitante viticole lance l&#039;\u00e9dition 2025 des &quot;Z\u00e9brures&quot;, un rendez-vous m\u00ealant ateliers d&#039;\u00e9critures, spectacle vivant et terroir. Le premier rendez-vous de l&#039;ann\u00e9e \u00e0 ne pas rater, c&#039;est l&#039;atelier d&#039;\u00e9criture de chansons du 15 au 18 avril, ouvert aux enfants comme aux adultes. La semaine se cl\u00f4turera par un concert du groupe In Vino Delyr.\u00a0Maude Cochonneau, la viticultrice et la cr\u00e9atrice des &quot;Z\u00e9brures&quot; est l&#039;invit\u00e9 de &quot;L&#039;interview du jour&quot; le vendredi 11 avril \u00e0 18h, le samedi 12 avril \u00e0 14h, le dimanche 13 avril \u00e0 11h et le lundi 14 avril \u00e0 13h.\" \/>\n<meta name=\"robots\" content=\"index, follow, max-snippet:-1, max-image-preview:large, max-video-preview:-1\" \/>\n<link rel=\"canonical\" href=\"https:\/\/contactfm72.fr\/?p=19154\" \/>\n<meta property=\"og:locale\" content=\"fr_FR\" \/>\n<meta property=\"og:type\" content=\"article\" \/>\n<meta property=\"og:title\" content=\"&quot;Z\u00e9brures&quot; : Quand la Culture s&#039;invite \u00e0 la Ferme du Cochon Z\u00e9br\u00e9 - Contact FM 99.3\" \/>\n<meta property=\"og:description\" content=\"La ferme du cochon zebr\u00e9 se transforme en sc\u00e8ne artistiqueA Mar\u00e7on, le lieu g\u00e9r\u00e9 par Maude Cochonneau s&#039;appr\u00eate \u00e0 vibrer au rythme de la culture et des rencontres artistiques. L&#039;exploitante viticole lance l&#039;\u00e9dition 2025 des &quot;Z\u00e9brures&quot;, un rendez-vous m\u00ealant ateliers d&#039;\u00e9critures, spectacle vivant et terroir. Le premier rendez-vous de l&#039;ann\u00e9e \u00e0 ne pas rater, c&#039;est l&#039;atelier d&#039;\u00e9criture de chansons du 15 au 18 avril, ouvert aux enfants comme aux adultes. La semaine se cl\u00f4turera par un concert du groupe In Vino Delyr.\u00a0Maude Cochonneau, la viticultrice et la cr\u00e9atrice des &quot;Z\u00e9brures&quot; est l&#039;invit\u00e9 de &quot;L&#039;interview du jour&quot; le vendredi 11 avril \u00e0 18h, le samedi 12 avril \u00e0 14h, le dimanche 13 avril \u00e0 11h et le lundi 14 avril \u00e0 13h.\" \/>\n<meta property=\"og:url\" content=\"https:\/\/contactfm72.fr\/?p=19154\" \/>\n<meta property=\"og:site_name\" content=\"Contact FM 99.3\" \/>\n<meta property=\"article:publisher\" content=\"https:\/\/www.facebook.com\/Contactfm.Chateauduloir\" \/>\n<meta property=\"article:published_time\" content=\"2025-04-11T14:11:54+00:00\" \/>\n<meta property=\"article:modified_time\" content=\"2025-04-11T14:13:25+00:00\" \/>\n<meta property=\"og:image\" content=\"http:\/\/contactfm72.fr\/wp-content\/uploads\/2025\/04\/Visuel-Contact-FM-6.jpg\" \/>\n\t<meta property=\"og:image:width\" content=\"2016\" \/>\n\t<meta property=\"og:image:height\" content=\"1512\" \/>\n\t<meta property=\"og:image:type\" content=\"image\/jpeg\" \/>\n<meta name=\"author\" content=\"redaction2@contactfm72.fr\" \/>\n<meta name=\"twitter:card\" content=\"summary_large_image\" \/>\n<meta name=\"twitter:creator\" content=\"@contactfm72\" \/>\n<meta name=\"twitter:site\" content=\"@contactfm72\" \/>\n<meta name=\"twitter:label1\" content=\"\u00c9crit par\" \/>\n\t<meta name=\"twitter:data1\" content=\"redaction2@contactfm72.fr\" \/>\n\t<meta name=\"twitter:label2\" content=\"Dur\u00e9e de lecture estim\u00e9e\" \/>\n\t<meta name=\"twitter:data2\" content=\"1 minute\" \/>\n<script type=\"application\/ld+json\" class=\"yoast-schema-graph\">{\"@context\":\"https:\\\/\\\/schema.org\",\"@graph\":[{\"@type\":\"Article\",\"@id\":\"https:\\\/\\\/contactfm72.fr\\\/?p=19154#article\",\"isPartOf\":{\"@id\":\"https:\\\/\\\/contactfm72.fr\\\/?p=19154\"},\"author\":{\"name\":\"redaction2@contactfm72.fr\",\"@id\":\"https:\\\/\\\/contactfm72.fr\\\/#\\\/schema\\\/person\\\/d2ef09cdea7331b185acaddc4d14dda8\"},\"headline\":\"&#8220;Z\u00e9brures&#8221; : Quand la Culture s&#8217;invite \u00e0 la Ferme du Cochon Z\u00e9br\u00e9\",\"datePublished\":\"2025-04-11T14:11:54+00:00\",\"dateModified\":\"2025-04-11T14:13:25+00:00\",\"mainEntityOfPage\":{\"@id\":\"https:\\\/\\\/contactfm72.fr\\\/?p=19154\"},\"wordCount\":149,\"publisher\":{\"@id\":\"https:\\\/\\\/contactfm72.fr\\\/#organization\"},\"image\":{\"@id\":\"https:\\\/\\\/contactfm72.fr\\\/?p=19154#primaryimage\"},\"thumbnailUrl\":\"https:\\\/\\\/contactfm72.fr\\\/wp-content\\\/uploads\\\/2025\\\/04\\\/Visuel-Contact-FM-6.jpg\",\"articleSection\":[\"Contact FM 72\",\"L'interview du jour\"],\"inLanguage\":\"fr-FR\"},{\"@type\":\"WebPage\",\"@id\":\"https:\\\/\\\/contactfm72.fr\\\/?p=19154\",\"url\":\"https:\\\/\\\/contactfm72.fr\\\/?p=19154\",\"name\":\"\\\"Z\u00e9brures\\\" : Quand la Culture s'invite \u00e0 la Ferme du Cochon Z\u00e9br\u00e9 - Contact FM 99.3\",\"isPartOf\":{\"@id\":\"https:\\\/\\\/contactfm72.fr\\\/#website\"},\"primaryImageOfPage\":{\"@id\":\"https:\\\/\\\/contactfm72.fr\\\/?p=19154#primaryimage\"},\"image\":{\"@id\":\"https:\\\/\\\/contactfm72.fr\\\/?p=19154#primaryimage\"},\"thumbnailUrl\":\"https:\\\/\\\/contactfm72.fr\\\/wp-content\\\/uploads\\\/2025\\\/04\\\/Visuel-Contact-FM-6.jpg\",\"datePublished\":\"2025-04-11T14:11:54+00:00\",\"dateModified\":\"2025-04-11T14:13:25+00:00\",\"description\":\"La ferme du cochon zebr\u00e9 se transforme en sc\u00e8ne artistiqueA Mar\u00e7on, le lieu g\u00e9r\u00e9 par Maude Cochonneau s'appr\u00eate \u00e0 vibrer au rythme de la culture et des rencontres artistiques. L'exploitante viticole lance l'\u00e9dition 2025 des \\\"Z\u00e9brures\\\", un rendez-vous m\u00ealant ateliers d'\u00e9critures, spectacle vivant et terroir. Le premier rendez-vous de l'ann\u00e9e \u00e0 ne pas rater, c'est l'atelier d'\u00e9criture de chansons du 15 au 18 avril, ouvert aux enfants comme aux adultes. La semaine se cl\u00f4turera par un concert du groupe In Vino Delyr.\u00a0Maude Cochonneau, la viticultrice et la cr\u00e9atrice des \\\"Z\u00e9brures\\\" est l'invit\u00e9 de \\\"L'interview du jour\\\" le vendredi 11 avril \u00e0 18h, le samedi 12 avril \u00e0 14h, le dimanche 13 avril \u00e0 11h et le lundi 14 avril \u00e0 13h.\",\"breadcrumb\":{\"@id\":\"https:\\\/\\\/contactfm72.fr\\\/?p=19154#breadcrumb\"},\"inLanguage\":\"fr-FR\",\"potentialAction\":[{\"@type\":\"ReadAction\",\"target\":[\"https:\\\/\\\/contactfm72.fr\\\/?p=19154\"]}]},{\"@type\":\"ImageObject\",\"inLanguage\":\"fr-FR\",\"@id\":\"https:\\\/\\\/contactfm72.fr\\\/?p=19154#primaryimage\",\"url\":\"https:\\\/\\\/contactfm72.fr\\\/wp-content\\\/uploads\\\/2025\\\/04\\\/Visuel-Contact-FM-6.jpg\",\"contentUrl\":\"https:\\\/\\\/contactfm72.fr\\\/wp-content\\\/uploads\\\/2025\\\/04\\\/Visuel-Contact-FM-6.jpg\",\"width\":2016,\"height\":1512},{\"@type\":\"BreadcrumbList\",\"@id\":\"https:\\\/\\\/contactfm72.fr\\\/?p=19154#breadcrumb\",\"itemListElement\":[{\"@type\":\"ListItem\",\"position\":1,\"name\":\"Accueil\",\"item\":\"https:\\\/\\\/contactfm72.fr\\\/\"},{\"@type\":\"ListItem\",\"position\":2,\"name\":\"&#8220;Z\u00e9brures&#8221; : Quand la Culture s&#8217;invite \u00e0 la Ferme du Cochon Z\u00e9br\u00e9\"}]},{\"@type\":\"WebSite\",\"@id\":\"https:\\\/\\\/contactfm72.fr\\\/#website\",\"url\":\"https:\\\/\\\/contactfm72.fr\\\/\",\"name\":\"Contact FM 99.3\",\"description\":\"Votre radio en vall\u00e9e du Loir\",\"publisher\":{\"@id\":\"https:\\\/\\\/contactfm72.fr\\\/#organization\"},\"potentialAction\":[{\"@type\":\"SearchAction\",\"target\":{\"@type\":\"EntryPoint\",\"urlTemplate\":\"https:\\\/\\\/contactfm72.fr\\\/?s={search_term_string}\"},\"query-input\":{\"@type\":\"PropertyValueSpecification\",\"valueRequired\":true,\"valueName\":\"search_term_string\"}}],\"inLanguage\":\"fr-FR\"},{\"@type\":\"Organization\",\"@id\":\"https:\\\/\\\/contactfm72.fr\\\/#organization\",\"name\":\"Contact FM 99.3\",\"url\":\"https:\\\/\\\/contactfm72.fr\\\/\",\"logo\":{\"@type\":\"ImageObject\",\"inLanguage\":\"fr-FR\",\"@id\":\"https:\\\/\\\/contactfm72.fr\\\/#\\\/schema\\\/logo\\\/image\\\/\",\"url\":\"https:\\\/\\\/contactfm72.fr\\\/wp-content\\\/uploads\\\/2025\\\/04\\\/2025-04-18-2.jpg\",\"contentUrl\":\"https:\\\/\\\/contactfm72.fr\\\/wp-content\\\/uploads\\\/2025\\\/04\\\/2025-04-18-2.jpg\",\"width\":680,\"height\":307,\"caption\":\"Contact FM 99.3\"},\"image\":{\"@id\":\"https:\\\/\\\/contactfm72.fr\\\/#\\\/schema\\\/logo\\\/image\\\/\"},\"sameAs\":[\"https:\\\/\\\/www.facebook.com\\\/Contactfm.Chateauduloir\",\"https:\\\/\\\/x.com\\\/contactfm72\",\"https:\\\/\\\/www.instagram.com\\\/contact.fm.72?igsh=cGhlMHQ5N2JlNnpp\",\"https:\\\/\\\/www.tiktok.com\\\/@contact.fm\"]},{\"@type\":\"Person\",\"@id\":\"https:\\\/\\\/contactfm72.fr\\\/#\\\/schema\\\/person\\\/d2ef09cdea7331b185acaddc4d14dda8\",\"name\":\"redaction2@contactfm72.fr\",\"image\":{\"@type\":\"ImageObject\",\"inLanguage\":\"fr-FR\",\"@id\":\"https:\\\/\\\/secure.gravatar.com\\\/avatar\\\/897f3d57289c1f4c62cade1c2606ba6ded18d5f1676845e668a9f21cb751c06b?s=96&d=mm&r=g\",\"url\":\"https:\\\/\\\/secure.gravatar.com\\\/avatar\\\/897f3d57289c1f4c62cade1c2606ba6ded18d5f1676845e668a9f21cb751c06b?s=96&d=mm&r=g\",\"contentUrl\":\"https:\\\/\\\/secure.gravatar.com\\\/avatar\\\/897f3d57289c1f4c62cade1c2606ba6ded18d5f1676845e668a9f21cb751c06b?s=96&d=mm&r=g\",\"caption\":\"redaction2@contactfm72.fr\"},\"url\":\"https:\\\/\\\/contactfm72.fr\\\/?author=5\"}]}<\/script>\n<!-- \/ Yoast SEO plugin. -->","yoast_head_json":{"title":"\"Z\u00e9brures\" : Quand la Culture s'invite \u00e0 la Ferme du Cochon Z\u00e9br\u00e9 - Contact FM 99.3","description":"La ferme du cochon zebr\u00e9 se transforme en sc\u00e8ne artistiqueA Mar\u00e7on, le lieu g\u00e9r\u00e9 par Maude Cochonneau s'appr\u00eate \u00e0 vibrer au rythme de la culture et des rencontres artistiques. L'exploitante viticole lance l'\u00e9dition 2025 des \"Z\u00e9brures\", un rendez-vous m\u00ealant ateliers d'\u00e9critures, spectacle vivant et terroir. Le premier rendez-vous de l'ann\u00e9e \u00e0 ne pas rater, c'est l'atelier d'\u00e9criture de chansons du 15 au 18 avril, ouvert aux enfants comme aux adultes. La semaine se cl\u00f4turera par un concert du groupe In Vino Delyr.\u00a0Maude Cochonneau, la viticultrice et la cr\u00e9atrice des \"Z\u00e9brures\" est l'invit\u00e9 de \"L'interview du jour\" le vendredi 11 avril \u00e0 18h, le samedi 12 avril \u00e0 14h, le dimanche 13 avril \u00e0 11h et le lundi 14 avril \u00e0 13h.","robots":{"index":"index","follow":"follow","max-snippet":"max-snippet:-1","max-image-preview":"max-image-preview:large","max-video-preview":"max-video-preview:-1"},"canonical":"https:\/\/contactfm72.fr\/?p=19154","og_locale":"fr_FR","og_type":"article","og_title":"\"Z\u00e9brures\" : Quand la Culture s'invite \u00e0 la Ferme du Cochon Z\u00e9br\u00e9 - Contact FM 99.3","og_description":"La ferme du cochon zebr\u00e9 se transforme en sc\u00e8ne artistiqueA Mar\u00e7on, le lieu g\u00e9r\u00e9 par Maude Cochonneau s'appr\u00eate \u00e0 vibrer au rythme de la culture et des rencontres artistiques. L'exploitante viticole lance l'\u00e9dition 2025 des \"Z\u00e9brures\", un rendez-vous m\u00ealant ateliers d'\u00e9critures, spectacle vivant et terroir. Le premier rendez-vous de l'ann\u00e9e \u00e0 ne pas rater, c'est l'atelier d'\u00e9criture de chansons du 15 au 18 avril, ouvert aux enfants comme aux adultes. La semaine se cl\u00f4turera par un concert du groupe In Vino Delyr.\u00a0Maude Cochonneau, la viticultrice et la cr\u00e9atrice des \"Z\u00e9brures\" est l'invit\u00e9 de \"L'interview du jour\" le vendredi 11 avril \u00e0 18h, le samedi 12 avril \u00e0 14h, le dimanche 13 avril \u00e0 11h et le lundi 14 avril \u00e0 13h.","og_url":"https:\/\/contactfm72.fr\/?p=19154","og_site_name":"Contact FM 99.3","article_publisher":"https:\/\/www.facebook.com\/Contactfm.Chateauduloir","article_published_time":"2025-04-11T14:11:54+00:00","article_modified_time":"2025-04-11T14:13:25+00:00","og_image":[{"width":2016,"height":1512,"url":"http:\/\/contactfm72.fr\/wp-content\/uploads\/2025\/04\/Visuel-Contact-FM-6.jpg","type":"image\/jpeg"}],"author":"redaction2@contactfm72.fr","twitter_card":"summary_large_image","twitter_creator":"@contactfm72","twitter_site":"@contactfm72","twitter_misc":{"\u00c9crit par":"redaction2@contactfm72.fr","Dur\u00e9e de lecture estim\u00e9e":"1 minute"},"schema":{"@context":"https:\/\/schema.org","@graph":[{"@type":"Article","@id":"https:\/\/contactfm72.fr\/?p=19154#article","isPartOf":{"@id":"https:\/\/contactfm72.fr\/?p=19154"},"author":{"name":"redaction2@contactfm72.fr","@id":"https:\/\/contactfm72.fr\/#\/schema\/person\/d2ef09cdea7331b185acaddc4d14dda8"},"headline":"&#8220;Z\u00e9brures&#8221; : Quand la Culture s&#8217;invite \u00e0 la Ferme du Cochon Z\u00e9br\u00e9","datePublished":"2025-04-11T14:11:54+00:00","dateModified":"2025-04-11T14:13:25+00:00","mainEntityOfPage":{"@id":"https:\/\/contactfm72.fr\/?p=19154"},"wordCount":149,"publisher":{"@id":"https:\/\/contactfm72.fr\/#organization"},"image":{"@id":"https:\/\/contactfm72.fr\/?p=19154#primaryimage"},"thumbnailUrl":"https:\/\/contactfm72.fr\/wp-content\/uploads\/2025\/04\/Visuel-Contact-FM-6.jpg","articleSection":["Contact FM 72","L'interview du jour"],"inLanguage":"fr-FR"},{"@type":"WebPage","@id":"https:\/\/contactfm72.fr\/?p=19154","url":"https:\/\/contactfm72.fr\/?p=19154","name":"\"Z\u00e9brures\" : Quand la Culture s'invite \u00e0 la Ferme du Cochon Z\u00e9br\u00e9 - Contact FM 99.3","isPartOf":{"@id":"https:\/\/contactfm72.fr\/#website"},"primaryImageOfPage":{"@id":"https:\/\/contactfm72.fr\/?p=19154#primaryimage"},"image":{"@id":"https:\/\/contactfm72.fr\/?p=19154#primaryimage"},"thumbnailUrl":"https:\/\/contactfm72.fr\/wp-content\/uploads\/2025\/04\/Visuel-Contact-FM-6.jpg","datePublished":"2025-04-11T14:11:54+00:00","dateModified":"2025-04-11T14:13:25+00:00","description":"La ferme du cochon zebr\u00e9 se transforme en sc\u00e8ne artistiqueA Mar\u00e7on, le lieu g\u00e9r\u00e9 par Maude Cochonneau s'appr\u00eate \u00e0 vibrer au rythme de la culture et des rencontres artistiques. L'exploitante viticole lance l'\u00e9dition 2025 des \"Z\u00e9brures\", un rendez-vous m\u00ealant ateliers d'\u00e9critures, spectacle vivant et terroir. Le premier rendez-vous de l'ann\u00e9e \u00e0 ne pas rater, c'est l'atelier d'\u00e9criture de chansons du 15 au 18 avril, ouvert aux enfants comme aux adultes. La semaine se cl\u00f4turera par un concert du groupe In Vino Delyr.\u00a0Maude Cochonneau, la viticultrice et la cr\u00e9atrice des \"Z\u00e9brures\" est l'invit\u00e9 de \"L'interview du jour\" le vendredi 11 avril \u00e0 18h, le samedi 12 avril \u00e0 14h, le dimanche 13 avril \u00e0 11h et le lundi 14 avril \u00e0 13h.","breadcrumb":{"@id":"https:\/\/contactfm72.fr\/?p=19154#breadcrumb"},"inLanguage":"fr-FR","potentialAction":[{"@type":"ReadAction","target":["https:\/\/contactfm72.fr\/?p=19154"]}]},{"@type":"ImageObject","inLanguage":"fr-FR","@id":"https:\/\/contactfm72.fr\/?p=19154#primaryimage","url":"https:\/\/contactfm72.fr\/wp-content\/uploads\/2025\/04\/Visuel-Contact-FM-6.jpg","contentUrl":"https:\/\/contactfm72.fr\/wp-content\/uploads\/2025\/04\/Visuel-Contact-FM-6.jpg","width":2016,"height":1512},{"@type":"BreadcrumbList","@id":"https:\/\/contactfm72.fr\/?p=19154#breadcrumb","itemListElement":[{"@type":"ListItem","position":1,"name":"Accueil","item":"https:\/\/contactfm72.fr\/"},{"@type":"ListItem","position":2,"name":"&#8220;Z\u00e9brures&#8221; : Quand la Culture s&#8217;invite \u00e0 la Ferme du Cochon Z\u00e9br\u00e9"}]},{"@type":"WebSite","@id":"https:\/\/contactfm72.fr\/#website","url":"https:\/\/contactfm72.fr\/","name":"Contact FM 99.3","description":"Votre radio en vall\u00e9e du Loir","publisher":{"@id":"https:\/\/contactfm72.fr\/#organization"},"potentialAction":[{"@type":"SearchAction","target":{"@type":"EntryPoint","urlTemplate":"https:\/\/contactfm72.fr\/?s={search_term_string}"},"query-input":{"@type":"PropertyValueSpecification","valueRequired":true,"valueName":"search_term_string"}}],"inLanguage":"fr-FR"},{"@type":"Organization","@id":"https:\/\/contactfm72.fr\/#organization","name":"Contact FM 99.3","url":"https:\/\/contactfm72.fr\/","logo":{"@type":"ImageObject","inLanguage":"fr-FR","@id":"https:\/\/contactfm72.fr\/#\/schema\/logo\/image\/","url":"https:\/\/contactfm72.fr\/wp-content\/uploads\/2025\/04\/2025-04-18-2.jpg","contentUrl":"https:\/\/contactfm72.fr\/wp-content\/uploads\/2025\/04\/2025-04-18-2.jpg","width":680,"height":307,"caption":"Contact FM 99.3"},"image":{"@id":"https:\/\/contactfm72.fr\/#\/schema\/logo\/image\/"},"sameAs":["https:\/\/www.facebook.com\/Contactfm.Chateauduloir","https:\/\/x.com\/contactfm72","https:\/\/www.instagram.com\/contact.fm.72?igsh=cGhlMHQ5N2JlNnpp","https:\/\/www.tiktok.com\/@contact.fm"]},{"@type":"Person","@id":"https:\/\/contactfm72.fr\/#\/schema\/person\/d2ef09cdea7331b185acaddc4d14dda8","name":"redaction2@contactfm72.fr","image":{"@type":"ImageObject","inLanguage":"fr-FR","@id":"https:\/\/secure.gravatar.com\/avatar\/897f3d57289c1f4c62cade1c2606ba6ded18d5f1676845e668a9f21cb751c06b?s=96&d=mm&r=g","url":"https:\/\/secure.gravatar.com\/avatar\/897f3d57289c1f4c62cade1c2606ba6ded18d5f1676845e668a9f21cb751c06b?s=96&d=mm&r=g","contentUrl":"https:\/\/secure.gravatar.com\/avatar\/897f3d57289c1f4c62cade1c2606ba6ded18d5f1676845e668a9f21cb751c06b?s=96&d=mm&r=g","caption":"redaction2@contactfm72.fr"},"url":"https:\/\/contactfm72.fr\/?author=5"}]}},"_links":{"self":[{"href":"https:\/\/contactfm72.fr\/index.php?rest_route=\/wp\/v2\/posts\/19154","targetHints":{"allow":["GET"]}}],"collection":[{"href":"https:\/\/contactfm72.fr\/index.php?rest_route=\/wp\/v2\/posts"}],"about":[{"href":"https:\/\/contactfm72.fr\/index.php?rest_route=\/wp\/v2\/types\/post"}],"author":[{"embeddable":true,"href":"https:\/\/contactfm72.fr\/index.php?rest_route=\/wp\/v2\/users\/5"}],"replies":[{"embeddable":true,"href":"https:\/\/contactfm72.fr\/index.php?rest_route=%2Fwp%2Fv2%2Fcomments&post=19154"}],"version-history":[{"count":2,"href":"https:\/\/contactfm72.fr\/index.php?rest_route=\/wp\/v2\/posts\/19154\/revisions"}],"predecessor-version":[{"id":19159,"href":"https:\/\/contactfm72.fr\/index.php?rest_route=\/wp\/v2\/posts\/19154\/revisions\/19159"}],"wp:featuredmedia":[{"embeddable":true,"href":"https:\/\/contactfm72.fr\/index.php?rest_route=\/wp\/v2\/media\/19157"}],"wp:attachment":[{"href":"https:\/\/contactfm72.fr\/index.php?rest_route=%2Fwp%2Fv2%2Fmedia&parent=19154"}],"wp:term":[{"taxonomy":"category","embeddable":true,"href":"https:\/\/contactfm72.fr\/index.php?rest_route=%2Fwp%2Fv2%2Fcategories&post=19154"},{"taxonomy":"post_tag","embeddable":true,"href":"https:\/\/contactfm72.fr\/index.php?rest_route=%2Fwp%2Fv2%2Ftags&post=19154"}],"curies":[{"name":"wp","href":"https:\/\/api.w.org\/{rel}","templated":true}]}}