{"id":19130,"date":"2025-04-09T15:48:44","date_gmt":"2025-04-09T13:48:44","guid":{"rendered":"https:\/\/contactfm72.fr\/?p=19130"},"modified":"2025-04-09T15:48:44","modified_gmt":"2025-04-09T13:48:44","slug":"actu-sud-sarthe-le-vote-du-budget-de-la-com-com-sud-sarthe","status":"publish","type":"post","link":"https:\/\/contactfm72.fr\/?p=19130","title":{"rendered":"Actu Sud-Sarthe \/ Le Vote du Budget de la Com Com Sud-Sarthe"},"content":{"rendered":"<p>En avril, le th\u00e8me du magazine est celui du budget 2025.<\/p>\n<p>Ce mois-ci est abord\u00e9 l&#8217;actualit\u00e9 \u00e9conomique du territoire avec une attention port\u00e9e sur le budget de la communaut\u00e9 de communes Sud-Sarthe. Fran\u00e7ois Boussard, le pr\u00e9sident de la communaut\u00e9 de communes \u00e9voque les grandes lignes du vote du budget et les projets qui seront marquant.\u00a0Il revient \u00e9galement sur la stabilit\u00e9 fiscale du territoire.<\/p>\n<p>C&#8217;est \u00e0 d\u00e9couvrir dans le magazine mensuel &#8220;Actu Sud-Sarthe&#8221; le mercredi 9 avril \u00e0 17h30 et le lundi 14 avril \u00e0 12h30.<\/p>\n<div id=\"audioigniter-290\" class=\"audioigniter-root \" data-player-type=\"full\" data-tracks-url=\"https:\/\/contactfm72.fr\/?audioigniter_playlist_id=290\" data-display-track-no=\"false\" data-reverse-track-order=\"false\" data-display-tracklist-covers=\"false\" data-display-active-cover=\"false\" data-display-artist-names=\"false\" data-display-buy-buttons=\"true\" data-buy-buttons-target=\"false\" data-cycle-tracks=\"false\" data-display-credits=\"false\" data-display-tracklist=\"true\" data-allow-tracklist-toggle=\"true\" data-allow-tracklist-loop=\"true\" data-limit-tracklist-height=\"true\" data-volume=\"100\" data-tracklist-height=\"185\" data-allow-track-loop=\"false\" ><\/div>\n<!-- AddThis Advanced Settings generic via filter on the_content --><!-- AddThis Share Buttons generic via filter on the_content -->","protected":false},"excerpt":{"rendered":"<p>En avril, le th\u00e8me du magazine est celui du budget 2025. Ce mois-ci est abord\u00e9 l&#8217;actualit\u00e9 \u00e9conomique du territoire avec une attention port\u00e9e sur le budget de la communaut\u00e9 de communes Sud-Sarthe. Fran\u00e7ois Boussard, le pr\u00e9sident de la communaut\u00e9 de communes \u00e9voque les grandes lignes du vote du budget et les projets qui seront marquant.\u00a0Il&hellip;<!-- AddThis Advanced Settings generic via filter on get_the_excerpt --><!-- AddThis Share Buttons generic via filter on get_the_excerpt --><\/p>\n","protected":false},"author":5,"featured_media":19132,"comment_status":"closed","ping_status":"open","sticky":false,"template":"","format":"standard","meta":{"footnotes":""},"categories":[15,5],"tags":[],"class_list":["post-19130","post","type-post","status-publish","format-standard","has-post-thumbnail","hentry","category-actu-sud-sarthe","category-linterview-du-jour","category-15","category-5","description-off"],"yoast_head":"<!-- This site is optimized with the Yoast SEO plugin v27.4 - https:\/\/yoast.com\/product\/yoast-seo-wordpress\/ -->\n<title>Actu Sud-Sarthe \/ Le Vote du Budget de la Com Com Sud-Sarthe - Contact FM 99.3<\/title>\n<meta name=\"description\" content=\"En avril, le th\u00e8me du magazine est celui du budget 2025.Ce mois-ci est abord\u00e9 l&#039;actualit\u00e9 \u00e9conomique du territoire avec une attention port\u00e9e sur le budget de la communaut\u00e9 de communes Sud-Sarthe. Fran\u00e7ois Boussard, le pr\u00e9sident de la communaut\u00e9 de communes \u00e9voque les grandes lignes du vote du budget et les projets qui seront marquant.\u00a0Il revient \u00e9galement sur la stabilit\u00e9 fiscale du territoire.C&#039;est \u00e0 d\u00e9couvrir dans le magazine mensuel &quot;Actu Sud-Sarthe&quot; le mercredi 9 avril \u00e0 17h30 et le lundi 14 avril \u00e0 12h30.\" \/>\n<meta name=\"robots\" content=\"index, follow, max-snippet:-1, max-image-preview:large, max-video-preview:-1\" \/>\n<link rel=\"canonical\" href=\"https:\/\/contactfm72.fr\/?p=19130\" \/>\n<meta property=\"og:locale\" content=\"fr_FR\" \/>\n<meta property=\"og:type\" content=\"article\" \/>\n<meta property=\"og:title\" content=\"Actu Sud-Sarthe \/ Le Vote du Budget de la Com Com Sud-Sarthe - Contact FM 99.3\" \/>\n<meta property=\"og:description\" content=\"En avril, le th\u00e8me du magazine est celui du budget 2025.Ce mois-ci est abord\u00e9 l&#039;actualit\u00e9 \u00e9conomique du territoire avec une attention port\u00e9e sur le budget de la communaut\u00e9 de communes Sud-Sarthe. Fran\u00e7ois Boussard, le pr\u00e9sident de la communaut\u00e9 de communes \u00e9voque les grandes lignes du vote du budget et les projets qui seront marquant.\u00a0Il revient \u00e9galement sur la stabilit\u00e9 fiscale du territoire.C&#039;est \u00e0 d\u00e9couvrir dans le magazine mensuel &quot;Actu Sud-Sarthe&quot; le mercredi 9 avril \u00e0 17h30 et le lundi 14 avril \u00e0 12h30.\" \/>\n<meta property=\"og:url\" content=\"https:\/\/contactfm72.fr\/?p=19130\" \/>\n<meta property=\"og:site_name\" content=\"Contact FM 99.3\" \/>\n<meta property=\"article:publisher\" content=\"https:\/\/www.facebook.com\/Contactfm.Chateauduloir\" \/>\n<meta property=\"article:published_time\" content=\"2025-04-09T13:48:44+00:00\" \/>\n<meta property=\"og:image\" content=\"http:\/\/contactfm72.fr\/wp-content\/uploads\/2025\/04\/Visuel-Contact-FM-3.jpg\" \/>\n\t<meta property=\"og:image:width\" content=\"2016\" \/>\n\t<meta property=\"og:image:height\" content=\"1512\" \/>\n\t<meta property=\"og:image:type\" content=\"image\/jpeg\" \/>\n<meta name=\"author\" content=\"redaction2@contactfm72.fr\" \/>\n<meta name=\"twitter:card\" content=\"summary_large_image\" \/>\n<meta name=\"twitter:creator\" content=\"@contactfm72\" \/>\n<meta name=\"twitter:site\" content=\"@contactfm72\" \/>\n<meta name=\"twitter:label1\" content=\"\u00c9crit par\" \/>\n\t<meta name=\"twitter:data1\" content=\"redaction2@contactfm72.fr\" \/>\n\t<meta name=\"twitter:label2\" content=\"Dur\u00e9e de lecture estim\u00e9e\" \/>\n\t<meta name=\"twitter:data2\" content=\"1 minute\" \/>\n<script type=\"application\/ld+json\" class=\"yoast-schema-graph\">{\"@context\":\"https:\\\/\\\/schema.org\",\"@graph\":[{\"@type\":\"Article\",\"@id\":\"https:\\\/\\\/contactfm72.fr\\\/?p=19130#article\",\"isPartOf\":{\"@id\":\"https:\\\/\\\/contactfm72.fr\\\/?p=19130\"},\"author\":{\"name\":\"redaction2@contactfm72.fr\",\"@id\":\"https:\\\/\\\/contactfm72.fr\\\/#\\\/schema\\\/person\\\/d2ef09cdea7331b185acaddc4d14dda8\"},\"headline\":\"Actu Sud-Sarthe \\\/ Le Vote du Budget de la Com Com Sud-Sarthe\",\"datePublished\":\"2025-04-09T13:48:44+00:00\",\"mainEntityOfPage\":{\"@id\":\"https:\\\/\\\/contactfm72.fr\\\/?p=19130\"},\"wordCount\":101,\"publisher\":{\"@id\":\"https:\\\/\\\/contactfm72.fr\\\/#organization\"},\"image\":{\"@id\":\"https:\\\/\\\/contactfm72.fr\\\/?p=19130#primaryimage\"},\"thumbnailUrl\":\"https:\\\/\\\/contactfm72.fr\\\/wp-content\\\/uploads\\\/2025\\\/04\\\/Visuel-Contact-FM-3.jpg\",\"articleSection\":[\"Actu sud Sarthe\",\"L'interview du jour\"],\"inLanguage\":\"fr-FR\"},{\"@type\":\"WebPage\",\"@id\":\"https:\\\/\\\/contactfm72.fr\\\/?p=19130\",\"url\":\"https:\\\/\\\/contactfm72.fr\\\/?p=19130\",\"name\":\"Actu Sud-Sarthe \\\/ Le Vote du Budget de la Com Com Sud-Sarthe - Contact FM 99.3\",\"isPartOf\":{\"@id\":\"https:\\\/\\\/contactfm72.fr\\\/#website\"},\"primaryImageOfPage\":{\"@id\":\"https:\\\/\\\/contactfm72.fr\\\/?p=19130#primaryimage\"},\"image\":{\"@id\":\"https:\\\/\\\/contactfm72.fr\\\/?p=19130#primaryimage\"},\"thumbnailUrl\":\"https:\\\/\\\/contactfm72.fr\\\/wp-content\\\/uploads\\\/2025\\\/04\\\/Visuel-Contact-FM-3.jpg\",\"datePublished\":\"2025-04-09T13:48:44+00:00\",\"description\":\"En avril, le th\u00e8me du magazine est celui du budget 2025.Ce mois-ci est abord\u00e9 l'actualit\u00e9 \u00e9conomique du territoire avec une attention port\u00e9e sur le budget de la communaut\u00e9 de communes Sud-Sarthe. Fran\u00e7ois Boussard, le pr\u00e9sident de la communaut\u00e9 de communes \u00e9voque les grandes lignes du vote du budget et les projets qui seront marquant.\u00a0Il revient \u00e9galement sur la stabilit\u00e9 fiscale du territoire.C'est \u00e0 d\u00e9couvrir dans le magazine mensuel \\\"Actu Sud-Sarthe\\\" le mercredi 9 avril \u00e0 17h30 et le lundi 14 avril \u00e0 12h30.\",\"breadcrumb\":{\"@id\":\"https:\\\/\\\/contactfm72.fr\\\/?p=19130#breadcrumb\"},\"inLanguage\":\"fr-FR\",\"potentialAction\":[{\"@type\":\"ReadAction\",\"target\":[\"https:\\\/\\\/contactfm72.fr\\\/?p=19130\"]}]},{\"@type\":\"ImageObject\",\"inLanguage\":\"fr-FR\",\"@id\":\"https:\\\/\\\/contactfm72.fr\\\/?p=19130#primaryimage\",\"url\":\"https:\\\/\\\/contactfm72.fr\\\/wp-content\\\/uploads\\\/2025\\\/04\\\/Visuel-Contact-FM-3.jpg\",\"contentUrl\":\"https:\\\/\\\/contactfm72.fr\\\/wp-content\\\/uploads\\\/2025\\\/04\\\/Visuel-Contact-FM-3.jpg\",\"width\":2016,\"height\":1512},{\"@type\":\"BreadcrumbList\",\"@id\":\"https:\\\/\\\/contactfm72.fr\\\/?p=19130#breadcrumb\",\"itemListElement\":[{\"@type\":\"ListItem\",\"position\":1,\"name\":\"Accueil\",\"item\":\"https:\\\/\\\/contactfm72.fr\\\/\"},{\"@type\":\"ListItem\",\"position\":2,\"name\":\"Actu Sud-Sarthe \\\/ Le Vote du Budget de la Com Com Sud-Sarthe\"}]},{\"@type\":\"WebSite\",\"@id\":\"https:\\\/\\\/contactfm72.fr\\\/#website\",\"url\":\"https:\\\/\\\/contactfm72.fr\\\/\",\"name\":\"Contact FM 99.3\",\"description\":\"Votre radio en vall\u00e9e du Loir\",\"publisher\":{\"@id\":\"https:\\\/\\\/contactfm72.fr\\\/#organization\"},\"potentialAction\":[{\"@type\":\"SearchAction\",\"target\":{\"@type\":\"EntryPoint\",\"urlTemplate\":\"https:\\\/\\\/contactfm72.fr\\\/?s={search_term_string}\"},\"query-input\":{\"@type\":\"PropertyValueSpecification\",\"valueRequired\":true,\"valueName\":\"search_term_string\"}}],\"inLanguage\":\"fr-FR\"},{\"@type\":\"Organization\",\"@id\":\"https:\\\/\\\/contactfm72.fr\\\/#organization\",\"name\":\"Contact FM 99.3\",\"url\":\"https:\\\/\\\/contactfm72.fr\\\/\",\"logo\":{\"@type\":\"ImageObject\",\"inLanguage\":\"fr-FR\",\"@id\":\"https:\\\/\\\/contactfm72.fr\\\/#\\\/schema\\\/logo\\\/image\\\/\",\"url\":\"https:\\\/\\\/contactfm72.fr\\\/wp-content\\\/uploads\\\/2025\\\/04\\\/2025-04-18-2.jpg\",\"contentUrl\":\"https:\\\/\\\/contactfm72.fr\\\/wp-content\\\/uploads\\\/2025\\\/04\\\/2025-04-18-2.jpg\",\"width\":680,\"height\":307,\"caption\":\"Contact FM 99.3\"},\"image\":{\"@id\":\"https:\\\/\\\/contactfm72.fr\\\/#\\\/schema\\\/logo\\\/image\\\/\"},\"sameAs\":[\"https:\\\/\\\/www.facebook.com\\\/Contactfm.Chateauduloir\",\"https:\\\/\\\/x.com\\\/contactfm72\",\"https:\\\/\\\/www.instagram.com\\\/contact.fm.72?igsh=cGhlMHQ5N2JlNnpp\",\"https:\\\/\\\/www.tiktok.com\\\/@contact.fm\"]},{\"@type\":\"Person\",\"@id\":\"https:\\\/\\\/contactfm72.fr\\\/#\\\/schema\\\/person\\\/d2ef09cdea7331b185acaddc4d14dda8\",\"name\":\"redaction2@contactfm72.fr\",\"image\":{\"@type\":\"ImageObject\",\"inLanguage\":\"fr-FR\",\"@id\":\"https:\\\/\\\/secure.gravatar.com\\\/avatar\\\/897f3d57289c1f4c62cade1c2606ba6ded18d5f1676845e668a9f21cb751c06b?s=96&d=mm&r=g\",\"url\":\"https:\\\/\\\/secure.gravatar.com\\\/avatar\\\/897f3d57289c1f4c62cade1c2606ba6ded18d5f1676845e668a9f21cb751c06b?s=96&d=mm&r=g\",\"contentUrl\":\"https:\\\/\\\/secure.gravatar.com\\\/avatar\\\/897f3d57289c1f4c62cade1c2606ba6ded18d5f1676845e668a9f21cb751c06b?s=96&d=mm&r=g\",\"caption\":\"redaction2@contactfm72.fr\"},\"url\":\"https:\\\/\\\/contactfm72.fr\\\/?author=5\"}]}<\/script>\n<!-- \/ Yoast SEO plugin. -->","yoast_head_json":{"title":"Actu Sud-Sarthe \/ Le Vote du Budget de la Com Com Sud-Sarthe - Contact FM 99.3","description":"En avril, le th\u00e8me du magazine est celui du budget 2025.Ce mois-ci est abord\u00e9 l'actualit\u00e9 \u00e9conomique du territoire avec une attention port\u00e9e sur le budget de la communaut\u00e9 de communes Sud-Sarthe. Fran\u00e7ois Boussard, le pr\u00e9sident de la communaut\u00e9 de communes \u00e9voque les grandes lignes du vote du budget et les projets qui seront marquant.\u00a0Il revient \u00e9galement sur la stabilit\u00e9 fiscale du territoire.C'est \u00e0 d\u00e9couvrir dans le magazine mensuel \"Actu Sud-Sarthe\" le mercredi 9 avril \u00e0 17h30 et le lundi 14 avril \u00e0 12h30.","robots":{"index":"index","follow":"follow","max-snippet":"max-snippet:-1","max-image-preview":"max-image-preview:large","max-video-preview":"max-video-preview:-1"},"canonical":"https:\/\/contactfm72.fr\/?p=19130","og_locale":"fr_FR","og_type":"article","og_title":"Actu Sud-Sarthe \/ Le Vote du Budget de la Com Com Sud-Sarthe - Contact FM 99.3","og_description":"En avril, le th\u00e8me du magazine est celui du budget 2025.Ce mois-ci est abord\u00e9 l'actualit\u00e9 \u00e9conomique du territoire avec une attention port\u00e9e sur le budget de la communaut\u00e9 de communes Sud-Sarthe. Fran\u00e7ois Boussard, le pr\u00e9sident de la communaut\u00e9 de communes \u00e9voque les grandes lignes du vote du budget et les projets qui seront marquant.\u00a0Il revient \u00e9galement sur la stabilit\u00e9 fiscale du territoire.C'est \u00e0 d\u00e9couvrir dans le magazine mensuel \"Actu Sud-Sarthe\" le mercredi 9 avril \u00e0 17h30 et le lundi 14 avril \u00e0 12h30.","og_url":"https:\/\/contactfm72.fr\/?p=19130","og_site_name":"Contact FM 99.3","article_publisher":"https:\/\/www.facebook.com\/Contactfm.Chateauduloir","article_published_time":"2025-04-09T13:48:44+00:00","og_image":[{"width":2016,"height":1512,"url":"http:\/\/contactfm72.fr\/wp-content\/uploads\/2025\/04\/Visuel-Contact-FM-3.jpg","type":"image\/jpeg"}],"author":"redaction2@contactfm72.fr","twitter_card":"summary_large_image","twitter_creator":"@contactfm72","twitter_site":"@contactfm72","twitter_misc":{"\u00c9crit par":"redaction2@contactfm72.fr","Dur\u00e9e de lecture estim\u00e9e":"1 minute"},"schema":{"@context":"https:\/\/schema.org","@graph":[{"@type":"Article","@id":"https:\/\/contactfm72.fr\/?p=19130#article","isPartOf":{"@id":"https:\/\/contactfm72.fr\/?p=19130"},"author":{"name":"redaction2@contactfm72.fr","@id":"https:\/\/contactfm72.fr\/#\/schema\/person\/d2ef09cdea7331b185acaddc4d14dda8"},"headline":"Actu Sud-Sarthe \/ Le Vote du Budget de la Com Com Sud-Sarthe","datePublished":"2025-04-09T13:48:44+00:00","mainEntityOfPage":{"@id":"https:\/\/contactfm72.fr\/?p=19130"},"wordCount":101,"publisher":{"@id":"https:\/\/contactfm72.fr\/#organization"},"image":{"@id":"https:\/\/contactfm72.fr\/?p=19130#primaryimage"},"thumbnailUrl":"https:\/\/contactfm72.fr\/wp-content\/uploads\/2025\/04\/Visuel-Contact-FM-3.jpg","articleSection":["Actu sud Sarthe","L'interview du jour"],"inLanguage":"fr-FR"},{"@type":"WebPage","@id":"https:\/\/contactfm72.fr\/?p=19130","url":"https:\/\/contactfm72.fr\/?p=19130","name":"Actu Sud-Sarthe \/ Le Vote du Budget de la Com Com Sud-Sarthe - Contact FM 99.3","isPartOf":{"@id":"https:\/\/contactfm72.fr\/#website"},"primaryImageOfPage":{"@id":"https:\/\/contactfm72.fr\/?p=19130#primaryimage"},"image":{"@id":"https:\/\/contactfm72.fr\/?p=19130#primaryimage"},"thumbnailUrl":"https:\/\/contactfm72.fr\/wp-content\/uploads\/2025\/04\/Visuel-Contact-FM-3.jpg","datePublished":"2025-04-09T13:48:44+00:00","description":"En avril, le th\u00e8me du magazine est celui du budget 2025.Ce mois-ci est abord\u00e9 l'actualit\u00e9 \u00e9conomique du territoire avec une attention port\u00e9e sur le budget de la communaut\u00e9 de communes Sud-Sarthe. Fran\u00e7ois Boussard, le pr\u00e9sident de la communaut\u00e9 de communes \u00e9voque les grandes lignes du vote du budget et les projets qui seront marquant.\u00a0Il revient \u00e9galement sur la stabilit\u00e9 fiscale du territoire.C'est \u00e0 d\u00e9couvrir dans le magazine mensuel \"Actu Sud-Sarthe\" le mercredi 9 avril \u00e0 17h30 et le lundi 14 avril \u00e0 12h30.","breadcrumb":{"@id":"https:\/\/contactfm72.fr\/?p=19130#breadcrumb"},"inLanguage":"fr-FR","potentialAction":[{"@type":"ReadAction","target":["https:\/\/contactfm72.fr\/?p=19130"]}]},{"@type":"ImageObject","inLanguage":"fr-FR","@id":"https:\/\/contactfm72.fr\/?p=19130#primaryimage","url":"https:\/\/contactfm72.fr\/wp-content\/uploads\/2025\/04\/Visuel-Contact-FM-3.jpg","contentUrl":"https:\/\/contactfm72.fr\/wp-content\/uploads\/2025\/04\/Visuel-Contact-FM-3.jpg","width":2016,"height":1512},{"@type":"BreadcrumbList","@id":"https:\/\/contactfm72.fr\/?p=19130#breadcrumb","itemListElement":[{"@type":"ListItem","position":1,"name":"Accueil","item":"https:\/\/contactfm72.fr\/"},{"@type":"ListItem","position":2,"name":"Actu Sud-Sarthe \/ Le Vote du Budget de la Com Com Sud-Sarthe"}]},{"@type":"WebSite","@id":"https:\/\/contactfm72.fr\/#website","url":"https:\/\/contactfm72.fr\/","name":"Contact FM 99.3","description":"Votre radio en vall\u00e9e du Loir","publisher":{"@id":"https:\/\/contactfm72.fr\/#organization"},"potentialAction":[{"@type":"SearchAction","target":{"@type":"EntryPoint","urlTemplate":"https:\/\/contactfm72.fr\/?s={search_term_string}"},"query-input":{"@type":"PropertyValueSpecification","valueRequired":true,"valueName":"search_term_string"}}],"inLanguage":"fr-FR"},{"@type":"Organization","@id":"https:\/\/contactfm72.fr\/#organization","name":"Contact FM 99.3","url":"https:\/\/contactfm72.fr\/","logo":{"@type":"ImageObject","inLanguage":"fr-FR","@id":"https:\/\/contactfm72.fr\/#\/schema\/logo\/image\/","url":"https:\/\/contactfm72.fr\/wp-content\/uploads\/2025\/04\/2025-04-18-2.jpg","contentUrl":"https:\/\/contactfm72.fr\/wp-content\/uploads\/2025\/04\/2025-04-18-2.jpg","width":680,"height":307,"caption":"Contact FM 99.3"},"image":{"@id":"https:\/\/contactfm72.fr\/#\/schema\/logo\/image\/"},"sameAs":["https:\/\/www.facebook.com\/Contactfm.Chateauduloir","https:\/\/x.com\/contactfm72","https:\/\/www.instagram.com\/contact.fm.72?igsh=cGhlMHQ5N2JlNnpp","https:\/\/www.tiktok.com\/@contact.fm"]},{"@type":"Person","@id":"https:\/\/contactfm72.fr\/#\/schema\/person\/d2ef09cdea7331b185acaddc4d14dda8","name":"redaction2@contactfm72.fr","image":{"@type":"ImageObject","inLanguage":"fr-FR","@id":"https:\/\/secure.gravatar.com\/avatar\/897f3d57289c1f4c62cade1c2606ba6ded18d5f1676845e668a9f21cb751c06b?s=96&d=mm&r=g","url":"https:\/\/secure.gravatar.com\/avatar\/897f3d57289c1f4c62cade1c2606ba6ded18d5f1676845e668a9f21cb751c06b?s=96&d=mm&r=g","contentUrl":"https:\/\/secure.gravatar.com\/avatar\/897f3d57289c1f4c62cade1c2606ba6ded18d5f1676845e668a9f21cb751c06b?s=96&d=mm&r=g","caption":"redaction2@contactfm72.fr"},"url":"https:\/\/contactfm72.fr\/?author=5"}]}},"_links":{"self":[{"href":"https:\/\/contactfm72.fr\/index.php?rest_route=\/wp\/v2\/posts\/19130","targetHints":{"allow":["GET"]}}],"collection":[{"href":"https:\/\/contactfm72.fr\/index.php?rest_route=\/wp\/v2\/posts"}],"about":[{"href":"https:\/\/contactfm72.fr\/index.php?rest_route=\/wp\/v2\/types\/post"}],"author":[{"embeddable":true,"href":"https:\/\/contactfm72.fr\/index.php?rest_route=\/wp\/v2\/users\/5"}],"replies":[{"embeddable":true,"href":"https:\/\/contactfm72.fr\/index.php?rest_route=%2Fwp%2Fv2%2Fcomments&post=19130"}],"version-history":[{"count":1,"href":"https:\/\/contactfm72.fr\/index.php?rest_route=\/wp\/v2\/posts\/19130\/revisions"}],"predecessor-version":[{"id":19133,"href":"https:\/\/contactfm72.fr\/index.php?rest_route=\/wp\/v2\/posts\/19130\/revisions\/19133"}],"wp:featuredmedia":[{"embeddable":true,"href":"https:\/\/contactfm72.fr\/index.php?rest_route=\/wp\/v2\/media\/19132"}],"wp:attachment":[{"href":"https:\/\/contactfm72.fr\/index.php?rest_route=%2Fwp%2Fv2%2Fmedia&parent=19130"}],"wp:term":[{"taxonomy":"category","embeddable":true,"href":"https:\/\/contactfm72.fr\/index.php?rest_route=%2Fwp%2Fv2%2Fcategories&post=19130"},{"taxonomy":"post_tag","embeddable":true,"href":"https:\/\/contactfm72.fr\/index.php?rest_route=%2Fwp%2Fv2%2Ftags&post=19130"}],"curies":[{"name":"wp","href":"https:\/\/api.w.org\/{rel}","templated":true}]}}