{"id":19126,"date":"2025-04-09T16:45:26","date_gmt":"2025-04-09T14:45:26","guid":{"rendered":"https:\/\/contactfm72.fr\/?p=19126"},"modified":"2025-04-09T17:28:07","modified_gmt":"2025-04-09T15:28:07","slug":"lagence-immo-mais-pas-que-inaugure-ses-locaux","status":"publish","type":"post","link":"https:\/\/contactfm72.fr\/?p=19126","title":{"rendered":"L&#8217;agence immobili\u00e8re &#8220;Immo Mais Pas Que&#8221; inaugure ses locaux !"},"content":{"rendered":"<p>Et si on parlait du march\u00e9 de l&#8217;immobilier \u00e0 &#8220;Montval-sur-Loir&#8221;<\/p>\n<p>Le march\u00e9 de l&#8217;immobilier a v\u00e9cu un v\u00e9ritable boum lors de la p\u00e9riode COVID mais est redevenu stable, l&#8217;agence immobili\u00e8re &#8220;Immo Mais Pas Que&#8221; bouscule les codes du march\u00e9. Avec une volont\u00e9 d&#8217;\u00eatre sur le territoire dans une zone de 15km maximum autour de Ch\u00e2teau-du-Loir, ils g\u00e8rent 90 biens \u00e0 vendre.<\/p>\n<p>Th\u00e9o V\u00e9rit\u00e9 et Paul Faurie, les deux associ\u00e9s de l&#8217;agence de Montval-sur-Loir sont les invit\u00e9s de &#8220;L&#8217;interview du jour&#8221; le mercredi 9 avril \u00e0 18h, le jeudi 10 avril \u00e0 13h, le samedi 12 avril \u00e0 14h et le dimanche 13 avril \u00e0 11h.<\/p>\n<div id=\"audioigniter-283\" class=\"audioigniter-root \" data-player-type=\"full\" data-tracks-url=\"https:\/\/contactfm72.fr\/?audioigniter_playlist_id=283\" data-display-track-no=\"false\" data-reverse-track-order=\"false\" data-display-tracklist-covers=\"false\" data-display-active-cover=\"false\" data-display-artist-names=\"false\" data-display-buy-buttons=\"true\" data-buy-buttons-target=\"false\" data-cycle-tracks=\"false\" data-display-credits=\"false\" data-display-tracklist=\"true\" data-allow-tracklist-toggle=\"false\" data-allow-tracklist-loop=\"true\" data-limit-tracklist-height=\"true\" data-volume=\"100\" data-tracklist-height=\"185\" data-allow-track-loop=\"false\" ><\/div>\n<!-- AddThis Advanced Settings generic via filter on the_content --><!-- AddThis Share Buttons generic via filter on the_content -->","protected":false},"excerpt":{"rendered":"<p>Et si on parlait du march\u00e9 de l&#8217;immobilier \u00e0 &#8220;Montval-sur-Loir&#8221; Le march\u00e9 de l&#8217;immobilier a v\u00e9cu un v\u00e9ritable boum lors de la p\u00e9riode COVID mais est redevenu stable, l&#8217;agence immobili\u00e8re &#8220;Immo Mais Pas Que&#8221; bouscule les codes du march\u00e9. Avec une volont\u00e9 d&#8217;\u00eatre sur le territoire dans une zone de 15km maximum autour de Ch\u00e2teau-du-Loir,&hellip;<!-- AddThis Advanced Settings generic via filter on get_the_excerpt --><!-- AddThis Share Buttons generic via filter on get_the_excerpt --><\/p>\n","protected":false},"author":5,"featured_media":19128,"comment_status":"closed","ping_status":"open","sticky":false,"template":"","format":"standard","meta":{"footnotes":""},"categories":[1,5],"tags":[],"class_list":["post-19126","post","type-post","status-publish","format-standard","has-post-thumbnail","hentry","category-contact-fm-72","category-linterview-du-jour","category-1","category-5","description-off"],"yoast_head":"<!-- This site is optimized with the Yoast SEO plugin v27.4 - https:\/\/yoast.com\/product\/yoast-seo-wordpress\/ -->\n<title>L&#039;agence immobili\u00e8re &quot;Immo Mais Pas Que&quot; inaugure ses locaux ! - Contact FM 99.3<\/title>\n<meta name=\"description\" content=\"Et si on parlait du march\u00e9 de l&#039;immobilier \u00e0 &quot;Montval-sur-Loir&quot;Le march\u00e9 de l&#039;immobilier a v\u00e9cu un v\u00e9ritable boum lors de la p\u00e9riode COVID mais est redevenu stable, l&#039;agence immobili\u00e8re &quot;Immo Mais Pas Que&quot; bouscule les codes du march\u00e9. Avec une volont\u00e9 d&#039;\u00eatre ancr\u00e9 sur le territoire dans une zone de 15km maximum autour de Ch\u00e2teau-du-Loir, ils g\u00e8rent 90 biens \u00e0 vendre.Th\u00e9o V\u00e9rit\u00e9 et Paul Faurie, les deux associ\u00e9s de l&#039;agence de Montval-sur-Loir sont les invit\u00e9s de &quot;L&#039;interview du jour&quot; le mercredi 9 avril \u00e0 18h, le jeudi 10 avril \u00e0 13h, le samedi 12 avril \u00e0 14h et le dimanche 13 avril \u00e0 11h.\u00a0\" \/>\n<meta name=\"robots\" content=\"index, follow, max-snippet:-1, max-image-preview:large, max-video-preview:-1\" \/>\n<link rel=\"canonical\" href=\"https:\/\/contactfm72.fr\/?p=19126\" \/>\n<meta property=\"og:locale\" content=\"fr_FR\" \/>\n<meta property=\"og:type\" content=\"article\" \/>\n<meta property=\"og:title\" content=\"L&#039;agence immobili\u00e8re &quot;Immo Mais Pas Que&quot; inaugure ses locaux ! - Contact FM 99.3\" \/>\n<meta property=\"og:description\" content=\"Et si on parlait du march\u00e9 de l&#039;immobilier \u00e0 &quot;Montval-sur-Loir&quot;Le march\u00e9 de l&#039;immobilier a v\u00e9cu un v\u00e9ritable boum lors de la p\u00e9riode COVID mais est redevenu stable, l&#039;agence immobili\u00e8re &quot;Immo Mais Pas Que&quot; bouscule les codes du march\u00e9. Avec une volont\u00e9 d&#039;\u00eatre ancr\u00e9 sur le territoire dans une zone de 15km maximum autour de Ch\u00e2teau-du-Loir, ils g\u00e8rent 90 biens \u00e0 vendre.Th\u00e9o V\u00e9rit\u00e9 et Paul Faurie, les deux associ\u00e9s de l&#039;agence de Montval-sur-Loir sont les invit\u00e9s de &quot;L&#039;interview du jour&quot; le mercredi 9 avril \u00e0 18h, le jeudi 10 avril \u00e0 13h, le samedi 12 avril \u00e0 14h et le dimanche 13 avril \u00e0 11h.\u00a0\" \/>\n<meta property=\"og:url\" content=\"https:\/\/contactfm72.fr\/?p=19126\" \/>\n<meta property=\"og:site_name\" content=\"Contact FM 99.3\" \/>\n<meta property=\"article:publisher\" content=\"https:\/\/www.facebook.com\/Contactfm.Chateauduloir\" \/>\n<meta property=\"article:published_time\" content=\"2025-04-09T14:45:26+00:00\" \/>\n<meta property=\"article:modified_time\" content=\"2025-04-09T15:28:07+00:00\" \/>\n<meta property=\"og:image\" content=\"http:\/\/contactfm72.fr\/wp-content\/uploads\/2025\/04\/Visuel-Contact-FM-2-1.jpg\" \/>\n\t<meta property=\"og:image:width\" content=\"2016\" \/>\n\t<meta property=\"og:image:height\" content=\"1512\" \/>\n\t<meta property=\"og:image:type\" content=\"image\/jpeg\" \/>\n<meta name=\"author\" content=\"redaction2@contactfm72.fr\" \/>\n<meta name=\"twitter:card\" content=\"summary_large_image\" \/>\n<meta name=\"twitter:creator\" content=\"@contactfm72\" \/>\n<meta name=\"twitter:site\" content=\"@contactfm72\" \/>\n<meta name=\"twitter:label1\" content=\"\u00c9crit par\" \/>\n\t<meta name=\"twitter:data1\" content=\"redaction2@contactfm72.fr\" \/>\n\t<meta name=\"twitter:label2\" content=\"Dur\u00e9e de lecture estim\u00e9e\" \/>\n\t<meta name=\"twitter:data2\" content=\"1 minute\" \/>\n<script type=\"application\/ld+json\" class=\"yoast-schema-graph\">{\"@context\":\"https:\\\/\\\/schema.org\",\"@graph\":[{\"@type\":\"Article\",\"@id\":\"https:\\\/\\\/contactfm72.fr\\\/?p=19126#article\",\"isPartOf\":{\"@id\":\"https:\\\/\\\/contactfm72.fr\\\/?p=19126\"},\"author\":{\"name\":\"redaction2@contactfm72.fr\",\"@id\":\"https:\\\/\\\/contactfm72.fr\\\/#\\\/schema\\\/person\\\/d2ef09cdea7331b185acaddc4d14dda8\"},\"headline\":\"L&#8217;agence immobili\u00e8re &#8220;Immo Mais Pas Que&#8221; inaugure ses locaux !\",\"datePublished\":\"2025-04-09T14:45:26+00:00\",\"dateModified\":\"2025-04-09T15:28:07+00:00\",\"mainEntityOfPage\":{\"@id\":\"https:\\\/\\\/contactfm72.fr\\\/?p=19126\"},\"wordCount\":124,\"publisher\":{\"@id\":\"https:\\\/\\\/contactfm72.fr\\\/#organization\"},\"image\":{\"@id\":\"https:\\\/\\\/contactfm72.fr\\\/?p=19126#primaryimage\"},\"thumbnailUrl\":\"https:\\\/\\\/contactfm72.fr\\\/wp-content\\\/uploads\\\/2025\\\/04\\\/Visuel-Contact-FM-2-1.jpg\",\"articleSection\":[\"Contact FM 72\",\"L'interview du jour\"],\"inLanguage\":\"fr-FR\"},{\"@type\":\"WebPage\",\"@id\":\"https:\\\/\\\/contactfm72.fr\\\/?p=19126\",\"url\":\"https:\\\/\\\/contactfm72.fr\\\/?p=19126\",\"name\":\"L'agence immobili\u00e8re \\\"Immo Mais Pas Que\\\" inaugure ses locaux ! - Contact FM 99.3\",\"isPartOf\":{\"@id\":\"https:\\\/\\\/contactfm72.fr\\\/#website\"},\"primaryImageOfPage\":{\"@id\":\"https:\\\/\\\/contactfm72.fr\\\/?p=19126#primaryimage\"},\"image\":{\"@id\":\"https:\\\/\\\/contactfm72.fr\\\/?p=19126#primaryimage\"},\"thumbnailUrl\":\"https:\\\/\\\/contactfm72.fr\\\/wp-content\\\/uploads\\\/2025\\\/04\\\/Visuel-Contact-FM-2-1.jpg\",\"datePublished\":\"2025-04-09T14:45:26+00:00\",\"dateModified\":\"2025-04-09T15:28:07+00:00\",\"description\":\"Et si on parlait du march\u00e9 de l'immobilier \u00e0 \\\"Montval-sur-Loir\\\"Le march\u00e9 de l'immobilier a v\u00e9cu un v\u00e9ritable boum lors de la p\u00e9riode COVID mais est redevenu stable, l'agence immobili\u00e8re \\\"Immo Mais Pas Que\\\" bouscule les codes du march\u00e9. Avec une volont\u00e9 d'\u00eatre ancr\u00e9 sur le territoire dans une zone de 15km maximum autour de Ch\u00e2teau-du-Loir, ils g\u00e8rent 90 biens \u00e0 vendre.Th\u00e9o V\u00e9rit\u00e9 et Paul Faurie, les deux associ\u00e9s de l'agence de Montval-sur-Loir sont les invit\u00e9s de \\\"L'interview du jour\\\" le mercredi 9 avril \u00e0 18h, le jeudi 10 avril \u00e0 13h, le samedi 12 avril \u00e0 14h et le dimanche 13 avril \u00e0 11h.\u00a0\",\"breadcrumb\":{\"@id\":\"https:\\\/\\\/contactfm72.fr\\\/?p=19126#breadcrumb\"},\"inLanguage\":\"fr-FR\",\"potentialAction\":[{\"@type\":\"ReadAction\",\"target\":[\"https:\\\/\\\/contactfm72.fr\\\/?p=19126\"]}]},{\"@type\":\"ImageObject\",\"inLanguage\":\"fr-FR\",\"@id\":\"https:\\\/\\\/contactfm72.fr\\\/?p=19126#primaryimage\",\"url\":\"https:\\\/\\\/contactfm72.fr\\\/wp-content\\\/uploads\\\/2025\\\/04\\\/Visuel-Contact-FM-2-1.jpg\",\"contentUrl\":\"https:\\\/\\\/contactfm72.fr\\\/wp-content\\\/uploads\\\/2025\\\/04\\\/Visuel-Contact-FM-2-1.jpg\",\"width\":2016,\"height\":1512},{\"@type\":\"BreadcrumbList\",\"@id\":\"https:\\\/\\\/contactfm72.fr\\\/?p=19126#breadcrumb\",\"itemListElement\":[{\"@type\":\"ListItem\",\"position\":1,\"name\":\"Accueil\",\"item\":\"https:\\\/\\\/contactfm72.fr\\\/\"},{\"@type\":\"ListItem\",\"position\":2,\"name\":\"L&#8217;agence immobili\u00e8re &#8220;Immo Mais Pas Que&#8221; inaugure ses locaux !\"}]},{\"@type\":\"WebSite\",\"@id\":\"https:\\\/\\\/contactfm72.fr\\\/#website\",\"url\":\"https:\\\/\\\/contactfm72.fr\\\/\",\"name\":\"Contact FM 99.3\",\"description\":\"Votre radio en vall\u00e9e du Loir\",\"publisher\":{\"@id\":\"https:\\\/\\\/contactfm72.fr\\\/#organization\"},\"potentialAction\":[{\"@type\":\"SearchAction\",\"target\":{\"@type\":\"EntryPoint\",\"urlTemplate\":\"https:\\\/\\\/contactfm72.fr\\\/?s={search_term_string}\"},\"query-input\":{\"@type\":\"PropertyValueSpecification\",\"valueRequired\":true,\"valueName\":\"search_term_string\"}}],\"inLanguage\":\"fr-FR\"},{\"@type\":\"Organization\",\"@id\":\"https:\\\/\\\/contactfm72.fr\\\/#organization\",\"name\":\"Contact FM 99.3\",\"url\":\"https:\\\/\\\/contactfm72.fr\\\/\",\"logo\":{\"@type\":\"ImageObject\",\"inLanguage\":\"fr-FR\",\"@id\":\"https:\\\/\\\/contactfm72.fr\\\/#\\\/schema\\\/logo\\\/image\\\/\",\"url\":\"https:\\\/\\\/contactfm72.fr\\\/wp-content\\\/uploads\\\/2025\\\/04\\\/2025-04-18-2.jpg\",\"contentUrl\":\"https:\\\/\\\/contactfm72.fr\\\/wp-content\\\/uploads\\\/2025\\\/04\\\/2025-04-18-2.jpg\",\"width\":680,\"height\":307,\"caption\":\"Contact FM 99.3\"},\"image\":{\"@id\":\"https:\\\/\\\/contactfm72.fr\\\/#\\\/schema\\\/logo\\\/image\\\/\"},\"sameAs\":[\"https:\\\/\\\/www.facebook.com\\\/Contactfm.Chateauduloir\",\"https:\\\/\\\/x.com\\\/contactfm72\",\"https:\\\/\\\/www.instagram.com\\\/contact.fm.72?igsh=cGhlMHQ5N2JlNnpp\",\"https:\\\/\\\/www.tiktok.com\\\/@contact.fm\"]},{\"@type\":\"Person\",\"@id\":\"https:\\\/\\\/contactfm72.fr\\\/#\\\/schema\\\/person\\\/d2ef09cdea7331b185acaddc4d14dda8\",\"name\":\"redaction2@contactfm72.fr\",\"image\":{\"@type\":\"ImageObject\",\"inLanguage\":\"fr-FR\",\"@id\":\"https:\\\/\\\/secure.gravatar.com\\\/avatar\\\/897f3d57289c1f4c62cade1c2606ba6ded18d5f1676845e668a9f21cb751c06b?s=96&d=mm&r=g\",\"url\":\"https:\\\/\\\/secure.gravatar.com\\\/avatar\\\/897f3d57289c1f4c62cade1c2606ba6ded18d5f1676845e668a9f21cb751c06b?s=96&d=mm&r=g\",\"contentUrl\":\"https:\\\/\\\/secure.gravatar.com\\\/avatar\\\/897f3d57289c1f4c62cade1c2606ba6ded18d5f1676845e668a9f21cb751c06b?s=96&d=mm&r=g\",\"caption\":\"redaction2@contactfm72.fr\"},\"url\":\"https:\\\/\\\/contactfm72.fr\\\/?author=5\"}]}<\/script>\n<!-- \/ Yoast SEO plugin. -->","yoast_head_json":{"title":"L'agence immobili\u00e8re \"Immo Mais Pas Que\" inaugure ses locaux ! - Contact FM 99.3","description":"Et si on parlait du march\u00e9 de l'immobilier \u00e0 \"Montval-sur-Loir\"Le march\u00e9 de l'immobilier a v\u00e9cu un v\u00e9ritable boum lors de la p\u00e9riode COVID mais est redevenu stable, l'agence immobili\u00e8re \"Immo Mais Pas Que\" bouscule les codes du march\u00e9. Avec une volont\u00e9 d'\u00eatre ancr\u00e9 sur le territoire dans une zone de 15km maximum autour de Ch\u00e2teau-du-Loir, ils g\u00e8rent 90 biens \u00e0 vendre.Th\u00e9o V\u00e9rit\u00e9 et Paul Faurie, les deux associ\u00e9s de l'agence de Montval-sur-Loir sont les invit\u00e9s de \"L'interview du jour\" le mercredi 9 avril \u00e0 18h, le jeudi 10 avril \u00e0 13h, le samedi 12 avril \u00e0 14h et le dimanche 13 avril \u00e0 11h.\u00a0","robots":{"index":"index","follow":"follow","max-snippet":"max-snippet:-1","max-image-preview":"max-image-preview:large","max-video-preview":"max-video-preview:-1"},"canonical":"https:\/\/contactfm72.fr\/?p=19126","og_locale":"fr_FR","og_type":"article","og_title":"L'agence immobili\u00e8re \"Immo Mais Pas Que\" inaugure ses locaux ! - Contact FM 99.3","og_description":"Et si on parlait du march\u00e9 de l'immobilier \u00e0 \"Montval-sur-Loir\"Le march\u00e9 de l'immobilier a v\u00e9cu un v\u00e9ritable boum lors de la p\u00e9riode COVID mais est redevenu stable, l'agence immobili\u00e8re \"Immo Mais Pas Que\" bouscule les codes du march\u00e9. Avec une volont\u00e9 d'\u00eatre ancr\u00e9 sur le territoire dans une zone de 15km maximum autour de Ch\u00e2teau-du-Loir, ils g\u00e8rent 90 biens \u00e0 vendre.Th\u00e9o V\u00e9rit\u00e9 et Paul Faurie, les deux associ\u00e9s de l'agence de Montval-sur-Loir sont les invit\u00e9s de \"L'interview du jour\" le mercredi 9 avril \u00e0 18h, le jeudi 10 avril \u00e0 13h, le samedi 12 avril \u00e0 14h et le dimanche 13 avril \u00e0 11h.\u00a0","og_url":"https:\/\/contactfm72.fr\/?p=19126","og_site_name":"Contact FM 99.3","article_publisher":"https:\/\/www.facebook.com\/Contactfm.Chateauduloir","article_published_time":"2025-04-09T14:45:26+00:00","article_modified_time":"2025-04-09T15:28:07+00:00","og_image":[{"width":2016,"height":1512,"url":"http:\/\/contactfm72.fr\/wp-content\/uploads\/2025\/04\/Visuel-Contact-FM-2-1.jpg","type":"image\/jpeg"}],"author":"redaction2@contactfm72.fr","twitter_card":"summary_large_image","twitter_creator":"@contactfm72","twitter_site":"@contactfm72","twitter_misc":{"\u00c9crit par":"redaction2@contactfm72.fr","Dur\u00e9e de lecture estim\u00e9e":"1 minute"},"schema":{"@context":"https:\/\/schema.org","@graph":[{"@type":"Article","@id":"https:\/\/contactfm72.fr\/?p=19126#article","isPartOf":{"@id":"https:\/\/contactfm72.fr\/?p=19126"},"author":{"name":"redaction2@contactfm72.fr","@id":"https:\/\/contactfm72.fr\/#\/schema\/person\/d2ef09cdea7331b185acaddc4d14dda8"},"headline":"L&#8217;agence immobili\u00e8re &#8220;Immo Mais Pas Que&#8221; inaugure ses locaux !","datePublished":"2025-04-09T14:45:26+00:00","dateModified":"2025-04-09T15:28:07+00:00","mainEntityOfPage":{"@id":"https:\/\/contactfm72.fr\/?p=19126"},"wordCount":124,"publisher":{"@id":"https:\/\/contactfm72.fr\/#organization"},"image":{"@id":"https:\/\/contactfm72.fr\/?p=19126#primaryimage"},"thumbnailUrl":"https:\/\/contactfm72.fr\/wp-content\/uploads\/2025\/04\/Visuel-Contact-FM-2-1.jpg","articleSection":["Contact FM 72","L'interview du jour"],"inLanguage":"fr-FR"},{"@type":"WebPage","@id":"https:\/\/contactfm72.fr\/?p=19126","url":"https:\/\/contactfm72.fr\/?p=19126","name":"L'agence immobili\u00e8re \"Immo Mais Pas Que\" inaugure ses locaux ! - Contact FM 99.3","isPartOf":{"@id":"https:\/\/contactfm72.fr\/#website"},"primaryImageOfPage":{"@id":"https:\/\/contactfm72.fr\/?p=19126#primaryimage"},"image":{"@id":"https:\/\/contactfm72.fr\/?p=19126#primaryimage"},"thumbnailUrl":"https:\/\/contactfm72.fr\/wp-content\/uploads\/2025\/04\/Visuel-Contact-FM-2-1.jpg","datePublished":"2025-04-09T14:45:26+00:00","dateModified":"2025-04-09T15:28:07+00:00","description":"Et si on parlait du march\u00e9 de l'immobilier \u00e0 \"Montval-sur-Loir\"Le march\u00e9 de l'immobilier a v\u00e9cu un v\u00e9ritable boum lors de la p\u00e9riode COVID mais est redevenu stable, l'agence immobili\u00e8re \"Immo Mais Pas Que\" bouscule les codes du march\u00e9. Avec une volont\u00e9 d'\u00eatre ancr\u00e9 sur le territoire dans une zone de 15km maximum autour de Ch\u00e2teau-du-Loir, ils g\u00e8rent 90 biens \u00e0 vendre.Th\u00e9o V\u00e9rit\u00e9 et Paul Faurie, les deux associ\u00e9s de l'agence de Montval-sur-Loir sont les invit\u00e9s de \"L'interview du jour\" le mercredi 9 avril \u00e0 18h, le jeudi 10 avril \u00e0 13h, le samedi 12 avril \u00e0 14h et le dimanche 13 avril \u00e0 11h.\u00a0","breadcrumb":{"@id":"https:\/\/contactfm72.fr\/?p=19126#breadcrumb"},"inLanguage":"fr-FR","potentialAction":[{"@type":"ReadAction","target":["https:\/\/contactfm72.fr\/?p=19126"]}]},{"@type":"ImageObject","inLanguage":"fr-FR","@id":"https:\/\/contactfm72.fr\/?p=19126#primaryimage","url":"https:\/\/contactfm72.fr\/wp-content\/uploads\/2025\/04\/Visuel-Contact-FM-2-1.jpg","contentUrl":"https:\/\/contactfm72.fr\/wp-content\/uploads\/2025\/04\/Visuel-Contact-FM-2-1.jpg","width":2016,"height":1512},{"@type":"BreadcrumbList","@id":"https:\/\/contactfm72.fr\/?p=19126#breadcrumb","itemListElement":[{"@type":"ListItem","position":1,"name":"Accueil","item":"https:\/\/contactfm72.fr\/"},{"@type":"ListItem","position":2,"name":"L&#8217;agence immobili\u00e8re &#8220;Immo Mais Pas Que&#8221; inaugure ses locaux !"}]},{"@type":"WebSite","@id":"https:\/\/contactfm72.fr\/#website","url":"https:\/\/contactfm72.fr\/","name":"Contact FM 99.3","description":"Votre radio en vall\u00e9e du Loir","publisher":{"@id":"https:\/\/contactfm72.fr\/#organization"},"potentialAction":[{"@type":"SearchAction","target":{"@type":"EntryPoint","urlTemplate":"https:\/\/contactfm72.fr\/?s={search_term_string}"},"query-input":{"@type":"PropertyValueSpecification","valueRequired":true,"valueName":"search_term_string"}}],"inLanguage":"fr-FR"},{"@type":"Organization","@id":"https:\/\/contactfm72.fr\/#organization","name":"Contact FM 99.3","url":"https:\/\/contactfm72.fr\/","logo":{"@type":"ImageObject","inLanguage":"fr-FR","@id":"https:\/\/contactfm72.fr\/#\/schema\/logo\/image\/","url":"https:\/\/contactfm72.fr\/wp-content\/uploads\/2025\/04\/2025-04-18-2.jpg","contentUrl":"https:\/\/contactfm72.fr\/wp-content\/uploads\/2025\/04\/2025-04-18-2.jpg","width":680,"height":307,"caption":"Contact FM 99.3"},"image":{"@id":"https:\/\/contactfm72.fr\/#\/schema\/logo\/image\/"},"sameAs":["https:\/\/www.facebook.com\/Contactfm.Chateauduloir","https:\/\/x.com\/contactfm72","https:\/\/www.instagram.com\/contact.fm.72?igsh=cGhlMHQ5N2JlNnpp","https:\/\/www.tiktok.com\/@contact.fm"]},{"@type":"Person","@id":"https:\/\/contactfm72.fr\/#\/schema\/person\/d2ef09cdea7331b185acaddc4d14dda8","name":"redaction2@contactfm72.fr","image":{"@type":"ImageObject","inLanguage":"fr-FR","@id":"https:\/\/secure.gravatar.com\/avatar\/897f3d57289c1f4c62cade1c2606ba6ded18d5f1676845e668a9f21cb751c06b?s=96&d=mm&r=g","url":"https:\/\/secure.gravatar.com\/avatar\/897f3d57289c1f4c62cade1c2606ba6ded18d5f1676845e668a9f21cb751c06b?s=96&d=mm&r=g","contentUrl":"https:\/\/secure.gravatar.com\/avatar\/897f3d57289c1f4c62cade1c2606ba6ded18d5f1676845e668a9f21cb751c06b?s=96&d=mm&r=g","caption":"redaction2@contactfm72.fr"},"url":"https:\/\/contactfm72.fr\/?author=5"}]}},"_links":{"self":[{"href":"https:\/\/contactfm72.fr\/index.php?rest_route=\/wp\/v2\/posts\/19126","targetHints":{"allow":["GET"]}}],"collection":[{"href":"https:\/\/contactfm72.fr\/index.php?rest_route=\/wp\/v2\/posts"}],"about":[{"href":"https:\/\/contactfm72.fr\/index.php?rest_route=\/wp\/v2\/types\/post"}],"author":[{"embeddable":true,"href":"https:\/\/contactfm72.fr\/index.php?rest_route=\/wp\/v2\/users\/5"}],"replies":[{"embeddable":true,"href":"https:\/\/contactfm72.fr\/index.php?rest_route=%2Fwp%2Fv2%2Fcomments&post=19126"}],"version-history":[{"count":3,"href":"https:\/\/contactfm72.fr\/index.php?rest_route=\/wp\/v2\/posts\/19126\/revisions"}],"predecessor-version":[{"id":19135,"href":"https:\/\/contactfm72.fr\/index.php?rest_route=\/wp\/v2\/posts\/19126\/revisions\/19135"}],"wp:featuredmedia":[{"embeddable":true,"href":"https:\/\/contactfm72.fr\/index.php?rest_route=\/wp\/v2\/media\/19128"}],"wp:attachment":[{"href":"https:\/\/contactfm72.fr\/index.php?rest_route=%2Fwp%2Fv2%2Fmedia&parent=19126"}],"wp:term":[{"taxonomy":"category","embeddable":true,"href":"https:\/\/contactfm72.fr\/index.php?rest_route=%2Fwp%2Fv2%2Fcategories&post=19126"},{"taxonomy":"post_tag","embeddable":true,"href":"https:\/\/contactfm72.fr\/index.php?rest_route=%2Fwp%2Fv2%2Ftags&post=19126"}],"curies":[{"name":"wp","href":"https:\/\/api.w.org\/{rel}","templated":true}]}}