{"id":19101,"date":"2025-04-08T16:40:17","date_gmt":"2025-04-08T14:40:17","guid":{"rendered":"https:\/\/contactfm72.fr\/?p=19101"},"modified":"2025-04-09T07:05:23","modified_gmt":"2025-04-09T05:05:23","slug":"le-succes-du-dispositif-en-voiture-simone","status":"publish","type":"post","link":"https:\/\/contactfm72.fr\/?p=19101","title":{"rendered":"Le succ\u00e8s du dispositif &#8220;En voiture Simone&#8221; au Grand-Luc\u00e9"},"content":{"rendered":"<p>Une autre fa\u00e7on de se d\u00e9placer sur le territoire !<\/p>\n<p>Le dispositif &#8220;En Voiture Simone&#8221; a \u00e9t\u00e9 mis en place en juin 2024 par le centre social rural de Luc\u00e9. Il permet aux habitants d&#8217;effectuer des d\u00e9placements \u00e0 co\u00fbts r\u00e9duits. Les conducteurs sont des b\u00e9n\u00e9voles qui donnent la possibilit\u00e9 aux b\u00e9n\u00e9ficiaires qui n&#8217;ont pas de moyen de transport de se d\u00e9placer sur des courts trajets, soit pour faire ses courses, aller \u00e0 un rendez-vous m\u00e9dical ou au travail.<\/p>\n<p>V\u00e9ritable succ\u00e8s selon le directeur du centre social, Yohan Ragaigne, l&#8217;invit\u00e9 de &#8220;L&#8217;interview du Jour&#8221; le mardi 8 avril \u00e0 18h, le mercredi 9 avril \u00e0 13h, le samedi 12 avril \u00e0 14h et le dimanche 13 avril \u00e0 11h.<\/p>\n<div id=\"audioigniter-283\" class=\"audioigniter-root \" data-player-type=\"full\" data-tracks-url=\"https:\/\/contactfm72.fr\/?audioigniter_playlist_id=283\" data-display-track-no=\"false\" data-reverse-track-order=\"false\" data-display-tracklist-covers=\"false\" data-display-active-cover=\"false\" data-display-artist-names=\"false\" data-display-buy-buttons=\"true\" data-buy-buttons-target=\"false\" data-cycle-tracks=\"false\" data-display-credits=\"false\" data-display-tracklist=\"true\" data-allow-tracklist-toggle=\"false\" data-allow-tracklist-loop=\"true\" data-limit-tracklist-height=\"true\" data-volume=\"100\" data-tracklist-height=\"185\" data-allow-track-loop=\"false\" ><\/div>\n<!-- AddThis Advanced Settings generic via filter on the_content --><!-- AddThis Share Buttons generic via filter on the_content -->","protected":false},"excerpt":{"rendered":"<p>Une autre fa\u00e7on de se d\u00e9placer sur le territoire ! Le dispositif &#8220;En Voiture Simone&#8221; a \u00e9t\u00e9 mis en place en juin 2024 par le centre social rural de Luc\u00e9. Il permet aux habitants d&#8217;effectuer des d\u00e9placements \u00e0 co\u00fbts r\u00e9duits. Les conducteurs sont des b\u00e9n\u00e9voles qui donnent la possibilit\u00e9 aux b\u00e9n\u00e9ficiaires qui n&#8217;ont pas de&hellip;<!-- AddThis Advanced Settings generic via filter on get_the_excerpt --><!-- AddThis Share Buttons generic via filter on get_the_excerpt --><\/p>\n","protected":false},"author":5,"featured_media":19102,"comment_status":"closed","ping_status":"open","sticky":false,"template":"","format":"standard","meta":{"footnotes":""},"categories":[1,5],"tags":[],"class_list":["post-19101","post","type-post","status-publish","format-standard","has-post-thumbnail","hentry","category-contact-fm-72","category-linterview-du-jour","category-1","category-5","description-off"],"yoast_head":"<!-- This site is optimized with the Yoast SEO plugin v27.4 - https:\/\/yoast.com\/product\/yoast-seo-wordpress\/ -->\n<title>Le succ\u00e8s du dispositif &quot;En voiture Simone&quot; au Grand-Luc\u00e9 - Contact FM 99.3<\/title>\n<meta name=\"description\" content=\"Une autre fa\u00e7on de se d\u00e9placer sur le territoire !\u00a0Le dispositif &quot;En Voiture Simone&quot; a \u00e9t\u00e9 mis en place au mois de Juin 2024 par le centre social rural de Luc\u00e9. Il permet aux habitants d&#039;effectuer des d\u00e9placements \u00e0 co\u00fbts r\u00e9duits, les conducteurs sont des b\u00e9n\u00e9voles et permettent aux b\u00e9n\u00e9ficiaires qui n&#039;ont pas de moyen de transport de se d\u00e9placer sur des courts trajets soit pour faire ses courses, aller \u00e0 un rendez-vous m\u00e9dical ou au travail.V\u00e9ritable succ\u00e8s selon le directeur du centre social, Yohan Ragaigne est l&#039;invit\u00e9 dans &quot;L&#039;interview du Jour&quot; le mardi 8 avril \u00e0 18h, le mercredi 9 avril \u00e0 13h, le samedi 12 avril \u00e0 14h et le dimanche 13 avril \u00e0 11h.\" \/>\n<meta name=\"robots\" content=\"index, follow, max-snippet:-1, max-image-preview:large, max-video-preview:-1\" \/>\n<link rel=\"canonical\" href=\"https:\/\/contactfm72.fr\/?p=19101\" \/>\n<meta property=\"og:locale\" content=\"fr_FR\" \/>\n<meta property=\"og:type\" content=\"article\" \/>\n<meta property=\"og:title\" content=\"Le succ\u00e8s du dispositif &quot;En voiture Simone&quot; au Grand-Luc\u00e9 - Contact FM 99.3\" \/>\n<meta property=\"og:description\" content=\"Une autre fa\u00e7on de se d\u00e9placer sur le territoire !\u00a0Le dispositif &quot;En Voiture Simone&quot; a \u00e9t\u00e9 mis en place au mois de Juin 2024 par le centre social rural de Luc\u00e9. Il permet aux habitants d&#039;effectuer des d\u00e9placements \u00e0 co\u00fbts r\u00e9duits, les conducteurs sont des b\u00e9n\u00e9voles et permettent aux b\u00e9n\u00e9ficiaires qui n&#039;ont pas de moyen de transport de se d\u00e9placer sur des courts trajets soit pour faire ses courses, aller \u00e0 un rendez-vous m\u00e9dical ou au travail.V\u00e9ritable succ\u00e8s selon le directeur du centre social, Yohan Ragaigne est l&#039;invit\u00e9 dans &quot;L&#039;interview du Jour&quot; le mardi 8 avril \u00e0 18h, le mercredi 9 avril \u00e0 13h, le samedi 12 avril \u00e0 14h et le dimanche 13 avril \u00e0 11h.\" \/>\n<meta property=\"og:url\" content=\"https:\/\/contactfm72.fr\/?p=19101\" \/>\n<meta property=\"og:site_name\" content=\"Contact FM 99.3\" \/>\n<meta property=\"article:publisher\" content=\"https:\/\/www.facebook.com\/Contactfm.Chateauduloir\" \/>\n<meta property=\"article:published_time\" content=\"2025-04-08T14:40:17+00:00\" \/>\n<meta property=\"article:modified_time\" content=\"2025-04-09T05:05:23+00:00\" \/>\n<meta property=\"og:image\" content=\"http:\/\/contactfm72.fr\/wp-content\/uploads\/2025\/04\/Visuel-Contact-FM-1-1.jpg\" \/>\n\t<meta property=\"og:image:width\" content=\"2016\" \/>\n\t<meta property=\"og:image:height\" content=\"1512\" \/>\n\t<meta property=\"og:image:type\" content=\"image\/jpeg\" \/>\n<meta name=\"author\" content=\"redaction2@contactfm72.fr\" \/>\n<meta name=\"twitter:card\" content=\"summary_large_image\" \/>\n<meta name=\"twitter:creator\" content=\"@contactfm72\" \/>\n<meta name=\"twitter:site\" content=\"@contactfm72\" \/>\n<meta name=\"twitter:label1\" content=\"\u00c9crit par\" \/>\n\t<meta name=\"twitter:data1\" content=\"redaction2@contactfm72.fr\" \/>\n\t<meta name=\"twitter:label2\" content=\"Dur\u00e9e de lecture estim\u00e9e\" \/>\n\t<meta name=\"twitter:data2\" content=\"1 minute\" \/>\n<script type=\"application\/ld+json\" class=\"yoast-schema-graph\">{\"@context\":\"https:\\\/\\\/schema.org\",\"@graph\":[{\"@type\":\"Article\",\"@id\":\"https:\\\/\\\/contactfm72.fr\\\/?p=19101#article\",\"isPartOf\":{\"@id\":\"https:\\\/\\\/contactfm72.fr\\\/?p=19101\"},\"author\":{\"name\":\"redaction2@contactfm72.fr\",\"@id\":\"https:\\\/\\\/contactfm72.fr\\\/#\\\/schema\\\/person\\\/d2ef09cdea7331b185acaddc4d14dda8\"},\"headline\":\"Le succ\u00e8s du dispositif &#8220;En voiture Simone&#8221; au Grand-Luc\u00e9\",\"datePublished\":\"2025-04-08T14:40:17+00:00\",\"dateModified\":\"2025-04-09T05:05:23+00:00\",\"mainEntityOfPage\":{\"@id\":\"https:\\\/\\\/contactfm72.fr\\\/?p=19101\"},\"wordCount\":136,\"publisher\":{\"@id\":\"https:\\\/\\\/contactfm72.fr\\\/#organization\"},\"image\":{\"@id\":\"https:\\\/\\\/contactfm72.fr\\\/?p=19101#primaryimage\"},\"thumbnailUrl\":\"https:\\\/\\\/contactfm72.fr\\\/wp-content\\\/uploads\\\/2025\\\/04\\\/Visuel-Contact-FM-1-1.jpg\",\"articleSection\":[\"Contact FM 72\",\"L'interview du jour\"],\"inLanguage\":\"fr-FR\"},{\"@type\":\"WebPage\",\"@id\":\"https:\\\/\\\/contactfm72.fr\\\/?p=19101\",\"url\":\"https:\\\/\\\/contactfm72.fr\\\/?p=19101\",\"name\":\"Le succ\u00e8s du dispositif \\\"En voiture Simone\\\" au Grand-Luc\u00e9 - Contact FM 99.3\",\"isPartOf\":{\"@id\":\"https:\\\/\\\/contactfm72.fr\\\/#website\"},\"primaryImageOfPage\":{\"@id\":\"https:\\\/\\\/contactfm72.fr\\\/?p=19101#primaryimage\"},\"image\":{\"@id\":\"https:\\\/\\\/contactfm72.fr\\\/?p=19101#primaryimage\"},\"thumbnailUrl\":\"https:\\\/\\\/contactfm72.fr\\\/wp-content\\\/uploads\\\/2025\\\/04\\\/Visuel-Contact-FM-1-1.jpg\",\"datePublished\":\"2025-04-08T14:40:17+00:00\",\"dateModified\":\"2025-04-09T05:05:23+00:00\",\"description\":\"Une autre fa\u00e7on de se d\u00e9placer sur le territoire !\u00a0Le dispositif \\\"En Voiture Simone\\\" a \u00e9t\u00e9 mis en place au mois de Juin 2024 par le centre social rural de Luc\u00e9. Il permet aux habitants d'effectuer des d\u00e9placements \u00e0 co\u00fbts r\u00e9duits, les conducteurs sont des b\u00e9n\u00e9voles et permettent aux b\u00e9n\u00e9ficiaires qui n'ont pas de moyen de transport de se d\u00e9placer sur des courts trajets soit pour faire ses courses, aller \u00e0 un rendez-vous m\u00e9dical ou au travail.V\u00e9ritable succ\u00e8s selon le directeur du centre social, Yohan Ragaigne est l'invit\u00e9 dans \\\"L'interview du Jour\\\" le mardi 8 avril \u00e0 18h, le mercredi 9 avril \u00e0 13h, le samedi 12 avril \u00e0 14h et le dimanche 13 avril \u00e0 11h.\",\"breadcrumb\":{\"@id\":\"https:\\\/\\\/contactfm72.fr\\\/?p=19101#breadcrumb\"},\"inLanguage\":\"fr-FR\",\"potentialAction\":[{\"@type\":\"ReadAction\",\"target\":[\"https:\\\/\\\/contactfm72.fr\\\/?p=19101\"]}]},{\"@type\":\"ImageObject\",\"inLanguage\":\"fr-FR\",\"@id\":\"https:\\\/\\\/contactfm72.fr\\\/?p=19101#primaryimage\",\"url\":\"https:\\\/\\\/contactfm72.fr\\\/wp-content\\\/uploads\\\/2025\\\/04\\\/Visuel-Contact-FM-1-1.jpg\",\"contentUrl\":\"https:\\\/\\\/contactfm72.fr\\\/wp-content\\\/uploads\\\/2025\\\/04\\\/Visuel-Contact-FM-1-1.jpg\",\"width\":2016,\"height\":1512},{\"@type\":\"BreadcrumbList\",\"@id\":\"https:\\\/\\\/contactfm72.fr\\\/?p=19101#breadcrumb\",\"itemListElement\":[{\"@type\":\"ListItem\",\"position\":1,\"name\":\"Accueil\",\"item\":\"https:\\\/\\\/contactfm72.fr\\\/\"},{\"@type\":\"ListItem\",\"position\":2,\"name\":\"Le succ\u00e8s du dispositif &#8220;En voiture Simone&#8221; au Grand-Luc\u00e9\"}]},{\"@type\":\"WebSite\",\"@id\":\"https:\\\/\\\/contactfm72.fr\\\/#website\",\"url\":\"https:\\\/\\\/contactfm72.fr\\\/\",\"name\":\"Contact FM 99.3\",\"description\":\"Votre radio en vall\u00e9e du Loir\",\"publisher\":{\"@id\":\"https:\\\/\\\/contactfm72.fr\\\/#organization\"},\"potentialAction\":[{\"@type\":\"SearchAction\",\"target\":{\"@type\":\"EntryPoint\",\"urlTemplate\":\"https:\\\/\\\/contactfm72.fr\\\/?s={search_term_string}\"},\"query-input\":{\"@type\":\"PropertyValueSpecification\",\"valueRequired\":true,\"valueName\":\"search_term_string\"}}],\"inLanguage\":\"fr-FR\"},{\"@type\":\"Organization\",\"@id\":\"https:\\\/\\\/contactfm72.fr\\\/#organization\",\"name\":\"Contact FM 99.3\",\"url\":\"https:\\\/\\\/contactfm72.fr\\\/\",\"logo\":{\"@type\":\"ImageObject\",\"inLanguage\":\"fr-FR\",\"@id\":\"https:\\\/\\\/contactfm72.fr\\\/#\\\/schema\\\/logo\\\/image\\\/\",\"url\":\"https:\\\/\\\/contactfm72.fr\\\/wp-content\\\/uploads\\\/2025\\\/04\\\/2025-04-18-2.jpg\",\"contentUrl\":\"https:\\\/\\\/contactfm72.fr\\\/wp-content\\\/uploads\\\/2025\\\/04\\\/2025-04-18-2.jpg\",\"width\":680,\"height\":307,\"caption\":\"Contact FM 99.3\"},\"image\":{\"@id\":\"https:\\\/\\\/contactfm72.fr\\\/#\\\/schema\\\/logo\\\/image\\\/\"},\"sameAs\":[\"https:\\\/\\\/www.facebook.com\\\/Contactfm.Chateauduloir\",\"https:\\\/\\\/x.com\\\/contactfm72\",\"https:\\\/\\\/www.instagram.com\\\/contact.fm.72?igsh=cGhlMHQ5N2JlNnpp\",\"https:\\\/\\\/www.tiktok.com\\\/@contact.fm\"]},{\"@type\":\"Person\",\"@id\":\"https:\\\/\\\/contactfm72.fr\\\/#\\\/schema\\\/person\\\/d2ef09cdea7331b185acaddc4d14dda8\",\"name\":\"redaction2@contactfm72.fr\",\"image\":{\"@type\":\"ImageObject\",\"inLanguage\":\"fr-FR\",\"@id\":\"https:\\\/\\\/secure.gravatar.com\\\/avatar\\\/897f3d57289c1f4c62cade1c2606ba6ded18d5f1676845e668a9f21cb751c06b?s=96&d=mm&r=g\",\"url\":\"https:\\\/\\\/secure.gravatar.com\\\/avatar\\\/897f3d57289c1f4c62cade1c2606ba6ded18d5f1676845e668a9f21cb751c06b?s=96&d=mm&r=g\",\"contentUrl\":\"https:\\\/\\\/secure.gravatar.com\\\/avatar\\\/897f3d57289c1f4c62cade1c2606ba6ded18d5f1676845e668a9f21cb751c06b?s=96&d=mm&r=g\",\"caption\":\"redaction2@contactfm72.fr\"},\"url\":\"https:\\\/\\\/contactfm72.fr\\\/?author=5\"}]}<\/script>\n<!-- \/ Yoast SEO plugin. -->","yoast_head_json":{"title":"Le succ\u00e8s du dispositif \"En voiture Simone\" au Grand-Luc\u00e9 - Contact FM 99.3","description":"Une autre fa\u00e7on de se d\u00e9placer sur le territoire !\u00a0Le dispositif \"En Voiture Simone\" a \u00e9t\u00e9 mis en place au mois de Juin 2024 par le centre social rural de Luc\u00e9. Il permet aux habitants d'effectuer des d\u00e9placements \u00e0 co\u00fbts r\u00e9duits, les conducteurs sont des b\u00e9n\u00e9voles et permettent aux b\u00e9n\u00e9ficiaires qui n'ont pas de moyen de transport de se d\u00e9placer sur des courts trajets soit pour faire ses courses, aller \u00e0 un rendez-vous m\u00e9dical ou au travail.V\u00e9ritable succ\u00e8s selon le directeur du centre social, Yohan Ragaigne est l'invit\u00e9 dans \"L'interview du Jour\" le mardi 8 avril \u00e0 18h, le mercredi 9 avril \u00e0 13h, le samedi 12 avril \u00e0 14h et le dimanche 13 avril \u00e0 11h.","robots":{"index":"index","follow":"follow","max-snippet":"max-snippet:-1","max-image-preview":"max-image-preview:large","max-video-preview":"max-video-preview:-1"},"canonical":"https:\/\/contactfm72.fr\/?p=19101","og_locale":"fr_FR","og_type":"article","og_title":"Le succ\u00e8s du dispositif \"En voiture Simone\" au Grand-Luc\u00e9 - Contact FM 99.3","og_description":"Une autre fa\u00e7on de se d\u00e9placer sur le territoire !\u00a0Le dispositif \"En Voiture Simone\" a \u00e9t\u00e9 mis en place au mois de Juin 2024 par le centre social rural de Luc\u00e9. Il permet aux habitants d'effectuer des d\u00e9placements \u00e0 co\u00fbts r\u00e9duits, les conducteurs sont des b\u00e9n\u00e9voles et permettent aux b\u00e9n\u00e9ficiaires qui n'ont pas de moyen de transport de se d\u00e9placer sur des courts trajets soit pour faire ses courses, aller \u00e0 un rendez-vous m\u00e9dical ou au travail.V\u00e9ritable succ\u00e8s selon le directeur du centre social, Yohan Ragaigne est l'invit\u00e9 dans \"L'interview du Jour\" le mardi 8 avril \u00e0 18h, le mercredi 9 avril \u00e0 13h, le samedi 12 avril \u00e0 14h et le dimanche 13 avril \u00e0 11h.","og_url":"https:\/\/contactfm72.fr\/?p=19101","og_site_name":"Contact FM 99.3","article_publisher":"https:\/\/www.facebook.com\/Contactfm.Chateauduloir","article_published_time":"2025-04-08T14:40:17+00:00","article_modified_time":"2025-04-09T05:05:23+00:00","og_image":[{"width":2016,"height":1512,"url":"http:\/\/contactfm72.fr\/wp-content\/uploads\/2025\/04\/Visuel-Contact-FM-1-1.jpg","type":"image\/jpeg"}],"author":"redaction2@contactfm72.fr","twitter_card":"summary_large_image","twitter_creator":"@contactfm72","twitter_site":"@contactfm72","twitter_misc":{"\u00c9crit par":"redaction2@contactfm72.fr","Dur\u00e9e de lecture estim\u00e9e":"1 minute"},"schema":{"@context":"https:\/\/schema.org","@graph":[{"@type":"Article","@id":"https:\/\/contactfm72.fr\/?p=19101#article","isPartOf":{"@id":"https:\/\/contactfm72.fr\/?p=19101"},"author":{"name":"redaction2@contactfm72.fr","@id":"https:\/\/contactfm72.fr\/#\/schema\/person\/d2ef09cdea7331b185acaddc4d14dda8"},"headline":"Le succ\u00e8s du dispositif &#8220;En voiture Simone&#8221; au Grand-Luc\u00e9","datePublished":"2025-04-08T14:40:17+00:00","dateModified":"2025-04-09T05:05:23+00:00","mainEntityOfPage":{"@id":"https:\/\/contactfm72.fr\/?p=19101"},"wordCount":136,"publisher":{"@id":"https:\/\/contactfm72.fr\/#organization"},"image":{"@id":"https:\/\/contactfm72.fr\/?p=19101#primaryimage"},"thumbnailUrl":"https:\/\/contactfm72.fr\/wp-content\/uploads\/2025\/04\/Visuel-Contact-FM-1-1.jpg","articleSection":["Contact FM 72","L'interview du jour"],"inLanguage":"fr-FR"},{"@type":"WebPage","@id":"https:\/\/contactfm72.fr\/?p=19101","url":"https:\/\/contactfm72.fr\/?p=19101","name":"Le succ\u00e8s du dispositif \"En voiture Simone\" au Grand-Luc\u00e9 - Contact FM 99.3","isPartOf":{"@id":"https:\/\/contactfm72.fr\/#website"},"primaryImageOfPage":{"@id":"https:\/\/contactfm72.fr\/?p=19101#primaryimage"},"image":{"@id":"https:\/\/contactfm72.fr\/?p=19101#primaryimage"},"thumbnailUrl":"https:\/\/contactfm72.fr\/wp-content\/uploads\/2025\/04\/Visuel-Contact-FM-1-1.jpg","datePublished":"2025-04-08T14:40:17+00:00","dateModified":"2025-04-09T05:05:23+00:00","description":"Une autre fa\u00e7on de se d\u00e9placer sur le territoire !\u00a0Le dispositif \"En Voiture Simone\" a \u00e9t\u00e9 mis en place au mois de Juin 2024 par le centre social rural de Luc\u00e9. Il permet aux habitants d'effectuer des d\u00e9placements \u00e0 co\u00fbts r\u00e9duits, les conducteurs sont des b\u00e9n\u00e9voles et permettent aux b\u00e9n\u00e9ficiaires qui n'ont pas de moyen de transport de se d\u00e9placer sur des courts trajets soit pour faire ses courses, aller \u00e0 un rendez-vous m\u00e9dical ou au travail.V\u00e9ritable succ\u00e8s selon le directeur du centre social, Yohan Ragaigne est l'invit\u00e9 dans \"L'interview du Jour\" le mardi 8 avril \u00e0 18h, le mercredi 9 avril \u00e0 13h, le samedi 12 avril \u00e0 14h et le dimanche 13 avril \u00e0 11h.","breadcrumb":{"@id":"https:\/\/contactfm72.fr\/?p=19101#breadcrumb"},"inLanguage":"fr-FR","potentialAction":[{"@type":"ReadAction","target":["https:\/\/contactfm72.fr\/?p=19101"]}]},{"@type":"ImageObject","inLanguage":"fr-FR","@id":"https:\/\/contactfm72.fr\/?p=19101#primaryimage","url":"https:\/\/contactfm72.fr\/wp-content\/uploads\/2025\/04\/Visuel-Contact-FM-1-1.jpg","contentUrl":"https:\/\/contactfm72.fr\/wp-content\/uploads\/2025\/04\/Visuel-Contact-FM-1-1.jpg","width":2016,"height":1512},{"@type":"BreadcrumbList","@id":"https:\/\/contactfm72.fr\/?p=19101#breadcrumb","itemListElement":[{"@type":"ListItem","position":1,"name":"Accueil","item":"https:\/\/contactfm72.fr\/"},{"@type":"ListItem","position":2,"name":"Le succ\u00e8s du dispositif &#8220;En voiture Simone&#8221; au Grand-Luc\u00e9"}]},{"@type":"WebSite","@id":"https:\/\/contactfm72.fr\/#website","url":"https:\/\/contactfm72.fr\/","name":"Contact FM 99.3","description":"Votre radio en vall\u00e9e du Loir","publisher":{"@id":"https:\/\/contactfm72.fr\/#organization"},"potentialAction":[{"@type":"SearchAction","target":{"@type":"EntryPoint","urlTemplate":"https:\/\/contactfm72.fr\/?s={search_term_string}"},"query-input":{"@type":"PropertyValueSpecification","valueRequired":true,"valueName":"search_term_string"}}],"inLanguage":"fr-FR"},{"@type":"Organization","@id":"https:\/\/contactfm72.fr\/#organization","name":"Contact FM 99.3","url":"https:\/\/contactfm72.fr\/","logo":{"@type":"ImageObject","inLanguage":"fr-FR","@id":"https:\/\/contactfm72.fr\/#\/schema\/logo\/image\/","url":"https:\/\/contactfm72.fr\/wp-content\/uploads\/2025\/04\/2025-04-18-2.jpg","contentUrl":"https:\/\/contactfm72.fr\/wp-content\/uploads\/2025\/04\/2025-04-18-2.jpg","width":680,"height":307,"caption":"Contact FM 99.3"},"image":{"@id":"https:\/\/contactfm72.fr\/#\/schema\/logo\/image\/"},"sameAs":["https:\/\/www.facebook.com\/Contactfm.Chateauduloir","https:\/\/x.com\/contactfm72","https:\/\/www.instagram.com\/contact.fm.72?igsh=cGhlMHQ5N2JlNnpp","https:\/\/www.tiktok.com\/@contact.fm"]},{"@type":"Person","@id":"https:\/\/contactfm72.fr\/#\/schema\/person\/d2ef09cdea7331b185acaddc4d14dda8","name":"redaction2@contactfm72.fr","image":{"@type":"ImageObject","inLanguage":"fr-FR","@id":"https:\/\/secure.gravatar.com\/avatar\/897f3d57289c1f4c62cade1c2606ba6ded18d5f1676845e668a9f21cb751c06b?s=96&d=mm&r=g","url":"https:\/\/secure.gravatar.com\/avatar\/897f3d57289c1f4c62cade1c2606ba6ded18d5f1676845e668a9f21cb751c06b?s=96&d=mm&r=g","contentUrl":"https:\/\/secure.gravatar.com\/avatar\/897f3d57289c1f4c62cade1c2606ba6ded18d5f1676845e668a9f21cb751c06b?s=96&d=mm&r=g","caption":"redaction2@contactfm72.fr"},"url":"https:\/\/contactfm72.fr\/?author=5"}]}},"_links":{"self":[{"href":"https:\/\/contactfm72.fr\/index.php?rest_route=\/wp\/v2\/posts\/19101","targetHints":{"allow":["GET"]}}],"collection":[{"href":"https:\/\/contactfm72.fr\/index.php?rest_route=\/wp\/v2\/posts"}],"about":[{"href":"https:\/\/contactfm72.fr\/index.php?rest_route=\/wp\/v2\/types\/post"}],"author":[{"embeddable":true,"href":"https:\/\/contactfm72.fr\/index.php?rest_route=\/wp\/v2\/users\/5"}],"replies":[{"embeddable":true,"href":"https:\/\/contactfm72.fr\/index.php?rest_route=%2Fwp%2Fv2%2Fcomments&post=19101"}],"version-history":[{"count":2,"href":"https:\/\/contactfm72.fr\/index.php?rest_route=\/wp\/v2\/posts\/19101\/revisions"}],"predecessor-version":[{"id":19111,"href":"https:\/\/contactfm72.fr\/index.php?rest_route=\/wp\/v2\/posts\/19101\/revisions\/19111"}],"wp:featuredmedia":[{"embeddable":true,"href":"https:\/\/contactfm72.fr\/index.php?rest_route=\/wp\/v2\/media\/19102"}],"wp:attachment":[{"href":"https:\/\/contactfm72.fr\/index.php?rest_route=%2Fwp%2Fv2%2Fmedia&parent=19101"}],"wp:term":[{"taxonomy":"category","embeddable":true,"href":"https:\/\/contactfm72.fr\/index.php?rest_route=%2Fwp%2Fv2%2Fcategories&post=19101"},{"taxonomy":"post_tag","embeddable":true,"href":"https:\/\/contactfm72.fr\/index.php?rest_route=%2Fwp%2Fv2%2Ftags&post=19101"}],"curies":[{"name":"wp","href":"https:\/\/api.w.org\/{rel}","templated":true}]}}