{"id":19021,"date":"2025-03-28T16:00:29","date_gmt":"2025-03-28T15:00:29","guid":{"rendered":"https:\/\/contactfm72.fr\/?p=19021"},"modified":"2025-03-28T14:54:57","modified_gmt":"2025-03-28T13:54:57","slug":"le-polar-burlesque-laffaire-jessica-hair","status":"publish","type":"post","link":"https:\/\/contactfm72.fr\/?p=19021","title":{"rendered":"Le Polar Burlesque : L&#8217;affaire Jessica Hair"},"content":{"rendered":"<p>Un d\u00e9licieux m\u00e9lange entre les polars des ann\u00e9es 40-50 et &#8220;Qui veut la peau de Roger Rabbit&#8221;<\/p>\n<p>Une pi\u00e8ce de th\u00e9\u00e2tre qui est pour le moins \u00e9tonnante et innovante, la compagnie &#8220;<a href=\"https:\/\/lapetiteelfe.fr\/spectacle\/l-affaire-jessica-hair\">La petite Elfe<\/a>&#8221; pr\u00e9sente une de ses cr\u00e9ations \u00e0 la salle 4 vents situ\u00e9 \u00e0 Rouziers-de-Tourraine. Pour parler de la pi\u00e8ce, des inspirations et des projets de la compagnie de th\u00e9\u00e2tre, Frantz Herman, le directeur artistique de la compagnie, \u00e9galement com\u00e9dien, auteur et metteur en sc\u00e8ne nous raconte presque tout sur ce spectacle \u00e0 ne pas rater le 4 avril prochain.<\/p>\n<p>Frantz Herman est \u00e0 retrouver dans &#8220;L&#8217;interview du jour&#8221; le vendredi 28 mars \u00e0 18h, le samedi 29 mars \u00e0 14h, le dimanche 30 mars \u00e0 11h et le lundi 31 mars \u00e0 13h.<\/p>\n<div id=\"audioigniter-283\" class=\"audioigniter-root \" data-player-type=\"full\" data-tracks-url=\"https:\/\/contactfm72.fr\/?audioigniter_playlist_id=283\" data-display-track-no=\"false\" data-reverse-track-order=\"false\" data-display-tracklist-covers=\"false\" data-display-active-cover=\"false\" data-display-artist-names=\"false\" data-display-buy-buttons=\"true\" data-buy-buttons-target=\"false\" data-cycle-tracks=\"false\" data-display-credits=\"false\" data-display-tracklist=\"true\" data-allow-tracklist-toggle=\"false\" data-allow-tracklist-loop=\"true\" data-limit-tracklist-height=\"true\" data-volume=\"100\" data-tracklist-height=\"185\" data-allow-track-loop=\"false\" ><\/div>\n<!-- AddThis Advanced Settings generic via filter on the_content --><!-- AddThis Share Buttons generic via filter on the_content -->","protected":false},"excerpt":{"rendered":"<p>Un d\u00e9licieux m\u00e9lange entre les polars des ann\u00e9es 40-50 et &#8220;Qui veut la peau de Roger Rabbit&#8221; Une pi\u00e8ce de th\u00e9\u00e2tre qui est pour le moins \u00e9tonnante et innovante, la compagnie &#8220;La petite Elfe&#8221; pr\u00e9sente une de ses cr\u00e9ations \u00e0 la salle 4 vents situ\u00e9 \u00e0 Rouziers-de-Tourraine. Pour parler de la pi\u00e8ce, des inspirations et&hellip;<!-- AddThis Advanced Settings generic via filter on get_the_excerpt --><!-- AddThis Share Buttons generic via filter on get_the_excerpt --><\/p>\n","protected":false},"author":5,"featured_media":19022,"comment_status":"closed","ping_status":"open","sticky":false,"template":"","format":"standard","meta":{"footnotes":""},"categories":[1,5],"tags":[],"class_list":["post-19021","post","type-post","status-publish","format-standard","has-post-thumbnail","hentry","category-contact-fm-72","category-linterview-du-jour","category-1","category-5","description-off"],"yoast_head":"<!-- This site is optimized with the Yoast SEO plugin v27.4 - https:\/\/yoast.com\/product\/yoast-seo-wordpress\/ -->\n<title>Le Polar Burlesque : L&#039;affaire Jessica Hair - Contact FM 99.3<\/title>\n<meta name=\"description\" content=\"Un d\u00e9licieux m\u00e9lange entre les polars des ann\u00e9es 40-50 et &quot;Qui veut la peau de Roger Rabbit&quot;Une pi\u00e8ce de th\u00e9\u00e2tre qui est pour le moins \u00e9tonnante et innovante, la compagnie &quot;La petite Elfe&quot; pr\u00e9sente une de ses cr\u00e9ations \u00e0 la salle 4 vents situ\u00e9 \u00e0 Rouziers-de-Tourraine. Pour parler de la pi\u00e8ce, des inspirations et des projets de la compagnie de th\u00e9\u00e2tre, Frantz Herman, le directeur artistique de la compagnie, \u00e9galement com\u00e9dien, auteur et metteur en sc\u00e8ne nous raconte presque tout sur ce spectacle \u00e0 ne pas rater le 4 avril prochain.\u00a0Frantz Herman est \u00e0 retrouver dans &quot;L&#039;interview du jour&quot; le vendredi 28 mars \u00e0 18h, le samedi 29 mars \u00e0 14h, le dimanche 30 mars \u00e0 11h et le lundi 31 mars \u00e0 13h.\" \/>\n<meta name=\"robots\" content=\"index, follow, max-snippet:-1, max-image-preview:large, max-video-preview:-1\" \/>\n<link rel=\"canonical\" href=\"https:\/\/contactfm72.fr\/?p=19021\" \/>\n<meta property=\"og:locale\" content=\"fr_FR\" \/>\n<meta property=\"og:type\" content=\"article\" \/>\n<meta property=\"og:title\" content=\"Le Polar Burlesque : L&#039;affaire Jessica Hair - Contact FM 99.3\" \/>\n<meta property=\"og:description\" content=\"Un d\u00e9licieux m\u00e9lange entre les polars des ann\u00e9es 40-50 et &quot;Qui veut la peau de Roger Rabbit&quot;Une pi\u00e8ce de th\u00e9\u00e2tre qui est pour le moins \u00e9tonnante et innovante, la compagnie &quot;La petite Elfe&quot; pr\u00e9sente une de ses cr\u00e9ations \u00e0 la salle 4 vents situ\u00e9 \u00e0 Rouziers-de-Tourraine. Pour parler de la pi\u00e8ce, des inspirations et des projets de la compagnie de th\u00e9\u00e2tre, Frantz Herman, le directeur artistique de la compagnie, \u00e9galement com\u00e9dien, auteur et metteur en sc\u00e8ne nous raconte presque tout sur ce spectacle \u00e0 ne pas rater le 4 avril prochain.\u00a0Frantz Herman est \u00e0 retrouver dans &quot;L&#039;interview du jour&quot; le vendredi 28 mars \u00e0 18h, le samedi 29 mars \u00e0 14h, le dimanche 30 mars \u00e0 11h et le lundi 31 mars \u00e0 13h.\" \/>\n<meta property=\"og:url\" content=\"https:\/\/contactfm72.fr\/?p=19021\" \/>\n<meta property=\"og:site_name\" content=\"Contact FM 99.3\" \/>\n<meta property=\"article:publisher\" content=\"https:\/\/www.facebook.com\/Contactfm.Chateauduloir\" \/>\n<meta property=\"article:published_time\" content=\"2025-03-28T15:00:29+00:00\" \/>\n<meta property=\"og:image\" content=\"https:\/\/contactfm72.fr\/wp-content\/uploads\/2025\/03\/Visuel-Contact-FM-1-1.png\" \/>\n\t<meta property=\"og:image:width\" content=\"2016\" \/>\n\t<meta property=\"og:image:height\" content=\"1512\" \/>\n\t<meta property=\"og:image:type\" content=\"image\/png\" \/>\n<meta name=\"author\" content=\"redaction2@contactfm72.fr\" \/>\n<meta name=\"twitter:card\" content=\"summary_large_image\" \/>\n<meta name=\"twitter:creator\" content=\"@contactfm72\" \/>\n<meta name=\"twitter:site\" content=\"@contactfm72\" \/>\n<meta name=\"twitter:label1\" content=\"\u00c9crit par\" \/>\n\t<meta name=\"twitter:data1\" content=\"redaction2@contactfm72.fr\" \/>\n\t<meta name=\"twitter:label2\" content=\"Dur\u00e9e de lecture estim\u00e9e\" \/>\n\t<meta name=\"twitter:data2\" content=\"1 minute\" \/>\n<script type=\"application\/ld+json\" class=\"yoast-schema-graph\">{\"@context\":\"https:\\\/\\\/schema.org\",\"@graph\":[{\"@type\":\"Article\",\"@id\":\"https:\\\/\\\/contactfm72.fr\\\/?p=19021#article\",\"isPartOf\":{\"@id\":\"https:\\\/\\\/contactfm72.fr\\\/?p=19021\"},\"author\":{\"name\":\"redaction2@contactfm72.fr\",\"@id\":\"https:\\\/\\\/contactfm72.fr\\\/#\\\/schema\\\/person\\\/d2ef09cdea7331b185acaddc4d14dda8\"},\"headline\":\"Le Polar Burlesque : L&#8217;affaire Jessica Hair\",\"datePublished\":\"2025-03-28T15:00:29+00:00\",\"mainEntityOfPage\":{\"@id\":\"https:\\\/\\\/contactfm72.fr\\\/?p=19021\"},\"wordCount\":134,\"publisher\":{\"@id\":\"https:\\\/\\\/contactfm72.fr\\\/#organization\"},\"image\":{\"@id\":\"https:\\\/\\\/contactfm72.fr\\\/?p=19021#primaryimage\"},\"thumbnailUrl\":\"https:\\\/\\\/contactfm72.fr\\\/wp-content\\\/uploads\\\/2025\\\/03\\\/Visuel-Contact-FM-1-1.png\",\"articleSection\":[\"Contact FM 72\",\"L'interview du jour\"],\"inLanguage\":\"fr-FR\"},{\"@type\":\"WebPage\",\"@id\":\"https:\\\/\\\/contactfm72.fr\\\/?p=19021\",\"url\":\"https:\\\/\\\/contactfm72.fr\\\/?p=19021\",\"name\":\"Le Polar Burlesque : L'affaire Jessica Hair - Contact FM 99.3\",\"isPartOf\":{\"@id\":\"https:\\\/\\\/contactfm72.fr\\\/#website\"},\"primaryImageOfPage\":{\"@id\":\"https:\\\/\\\/contactfm72.fr\\\/?p=19021#primaryimage\"},\"image\":{\"@id\":\"https:\\\/\\\/contactfm72.fr\\\/?p=19021#primaryimage\"},\"thumbnailUrl\":\"https:\\\/\\\/contactfm72.fr\\\/wp-content\\\/uploads\\\/2025\\\/03\\\/Visuel-Contact-FM-1-1.png\",\"datePublished\":\"2025-03-28T15:00:29+00:00\",\"description\":\"Un d\u00e9licieux m\u00e9lange entre les polars des ann\u00e9es 40-50 et \\\"Qui veut la peau de Roger Rabbit\\\"Une pi\u00e8ce de th\u00e9\u00e2tre qui est pour le moins \u00e9tonnante et innovante, la compagnie \\\"La petite Elfe\\\" pr\u00e9sente une de ses cr\u00e9ations \u00e0 la salle 4 vents situ\u00e9 \u00e0 Rouziers-de-Tourraine. Pour parler de la pi\u00e8ce, des inspirations et des projets de la compagnie de th\u00e9\u00e2tre, Frantz Herman, le directeur artistique de la compagnie, \u00e9galement com\u00e9dien, auteur et metteur en sc\u00e8ne nous raconte presque tout sur ce spectacle \u00e0 ne pas rater le 4 avril prochain.\u00a0Frantz Herman est \u00e0 retrouver dans \\\"L'interview du jour\\\" le vendredi 28 mars \u00e0 18h, le samedi 29 mars \u00e0 14h, le dimanche 30 mars \u00e0 11h et le lundi 31 mars \u00e0 13h.\",\"breadcrumb\":{\"@id\":\"https:\\\/\\\/contactfm72.fr\\\/?p=19021#breadcrumb\"},\"inLanguage\":\"fr-FR\",\"potentialAction\":[{\"@type\":\"ReadAction\",\"target\":[\"https:\\\/\\\/contactfm72.fr\\\/?p=19021\"]}]},{\"@type\":\"ImageObject\",\"inLanguage\":\"fr-FR\",\"@id\":\"https:\\\/\\\/contactfm72.fr\\\/?p=19021#primaryimage\",\"url\":\"https:\\\/\\\/contactfm72.fr\\\/wp-content\\\/uploads\\\/2025\\\/03\\\/Visuel-Contact-FM-1-1.png\",\"contentUrl\":\"https:\\\/\\\/contactfm72.fr\\\/wp-content\\\/uploads\\\/2025\\\/03\\\/Visuel-Contact-FM-1-1.png\",\"width\":2016,\"height\":1512},{\"@type\":\"BreadcrumbList\",\"@id\":\"https:\\\/\\\/contactfm72.fr\\\/?p=19021#breadcrumb\",\"itemListElement\":[{\"@type\":\"ListItem\",\"position\":1,\"name\":\"Accueil\",\"item\":\"https:\\\/\\\/contactfm72.fr\\\/\"},{\"@type\":\"ListItem\",\"position\":2,\"name\":\"Le Polar Burlesque : L&#8217;affaire Jessica Hair\"}]},{\"@type\":\"WebSite\",\"@id\":\"https:\\\/\\\/contactfm72.fr\\\/#website\",\"url\":\"https:\\\/\\\/contactfm72.fr\\\/\",\"name\":\"Contact FM 99.3\",\"description\":\"Votre radio en vall\u00e9e du Loir\",\"publisher\":{\"@id\":\"https:\\\/\\\/contactfm72.fr\\\/#organization\"},\"potentialAction\":[{\"@type\":\"SearchAction\",\"target\":{\"@type\":\"EntryPoint\",\"urlTemplate\":\"https:\\\/\\\/contactfm72.fr\\\/?s={search_term_string}\"},\"query-input\":{\"@type\":\"PropertyValueSpecification\",\"valueRequired\":true,\"valueName\":\"search_term_string\"}}],\"inLanguage\":\"fr-FR\"},{\"@type\":\"Organization\",\"@id\":\"https:\\\/\\\/contactfm72.fr\\\/#organization\",\"name\":\"Contact FM 99.3\",\"url\":\"https:\\\/\\\/contactfm72.fr\\\/\",\"logo\":{\"@type\":\"ImageObject\",\"inLanguage\":\"fr-FR\",\"@id\":\"https:\\\/\\\/contactfm72.fr\\\/#\\\/schema\\\/logo\\\/image\\\/\",\"url\":\"https:\\\/\\\/contactfm72.fr\\\/wp-content\\\/uploads\\\/2025\\\/04\\\/2025-04-18-2.jpg\",\"contentUrl\":\"https:\\\/\\\/contactfm72.fr\\\/wp-content\\\/uploads\\\/2025\\\/04\\\/2025-04-18-2.jpg\",\"width\":680,\"height\":307,\"caption\":\"Contact FM 99.3\"},\"image\":{\"@id\":\"https:\\\/\\\/contactfm72.fr\\\/#\\\/schema\\\/logo\\\/image\\\/\"},\"sameAs\":[\"https:\\\/\\\/www.facebook.com\\\/Contactfm.Chateauduloir\",\"https:\\\/\\\/x.com\\\/contactfm72\",\"https:\\\/\\\/www.instagram.com\\\/contact.fm.72?igsh=cGhlMHQ5N2JlNnpp\",\"https:\\\/\\\/www.tiktok.com\\\/@contact.fm\"]},{\"@type\":\"Person\",\"@id\":\"https:\\\/\\\/contactfm72.fr\\\/#\\\/schema\\\/person\\\/d2ef09cdea7331b185acaddc4d14dda8\",\"name\":\"redaction2@contactfm72.fr\",\"image\":{\"@type\":\"ImageObject\",\"inLanguage\":\"fr-FR\",\"@id\":\"https:\\\/\\\/secure.gravatar.com\\\/avatar\\\/897f3d57289c1f4c62cade1c2606ba6ded18d5f1676845e668a9f21cb751c06b?s=96&d=mm&r=g\",\"url\":\"https:\\\/\\\/secure.gravatar.com\\\/avatar\\\/897f3d57289c1f4c62cade1c2606ba6ded18d5f1676845e668a9f21cb751c06b?s=96&d=mm&r=g\",\"contentUrl\":\"https:\\\/\\\/secure.gravatar.com\\\/avatar\\\/897f3d57289c1f4c62cade1c2606ba6ded18d5f1676845e668a9f21cb751c06b?s=96&d=mm&r=g\",\"caption\":\"redaction2@contactfm72.fr\"},\"url\":\"https:\\\/\\\/contactfm72.fr\\\/?author=5\"}]}<\/script>\n<!-- \/ Yoast SEO plugin. -->","yoast_head_json":{"title":"Le Polar Burlesque : L'affaire Jessica Hair - Contact FM 99.3","description":"Un d\u00e9licieux m\u00e9lange entre les polars des ann\u00e9es 40-50 et \"Qui veut la peau de Roger Rabbit\"Une pi\u00e8ce de th\u00e9\u00e2tre qui est pour le moins \u00e9tonnante et innovante, la compagnie \"La petite Elfe\" pr\u00e9sente une de ses cr\u00e9ations \u00e0 la salle 4 vents situ\u00e9 \u00e0 Rouziers-de-Tourraine. Pour parler de la pi\u00e8ce, des inspirations et des projets de la compagnie de th\u00e9\u00e2tre, Frantz Herman, le directeur artistique de la compagnie, \u00e9galement com\u00e9dien, auteur et metteur en sc\u00e8ne nous raconte presque tout sur ce spectacle \u00e0 ne pas rater le 4 avril prochain.\u00a0Frantz Herman est \u00e0 retrouver dans \"L'interview du jour\" le vendredi 28 mars \u00e0 18h, le samedi 29 mars \u00e0 14h, le dimanche 30 mars \u00e0 11h et le lundi 31 mars \u00e0 13h.","robots":{"index":"index","follow":"follow","max-snippet":"max-snippet:-1","max-image-preview":"max-image-preview:large","max-video-preview":"max-video-preview:-1"},"canonical":"https:\/\/contactfm72.fr\/?p=19021","og_locale":"fr_FR","og_type":"article","og_title":"Le Polar Burlesque : L'affaire Jessica Hair - Contact FM 99.3","og_description":"Un d\u00e9licieux m\u00e9lange entre les polars des ann\u00e9es 40-50 et \"Qui veut la peau de Roger Rabbit\"Une pi\u00e8ce de th\u00e9\u00e2tre qui est pour le moins \u00e9tonnante et innovante, la compagnie \"La petite Elfe\" pr\u00e9sente une de ses cr\u00e9ations \u00e0 la salle 4 vents situ\u00e9 \u00e0 Rouziers-de-Tourraine. Pour parler de la pi\u00e8ce, des inspirations et des projets de la compagnie de th\u00e9\u00e2tre, Frantz Herman, le directeur artistique de la compagnie, \u00e9galement com\u00e9dien, auteur et metteur en sc\u00e8ne nous raconte presque tout sur ce spectacle \u00e0 ne pas rater le 4 avril prochain.\u00a0Frantz Herman est \u00e0 retrouver dans \"L'interview du jour\" le vendredi 28 mars \u00e0 18h, le samedi 29 mars \u00e0 14h, le dimanche 30 mars \u00e0 11h et le lundi 31 mars \u00e0 13h.","og_url":"https:\/\/contactfm72.fr\/?p=19021","og_site_name":"Contact FM 99.3","article_publisher":"https:\/\/www.facebook.com\/Contactfm.Chateauduloir","article_published_time":"2025-03-28T15:00:29+00:00","og_image":[{"width":2016,"height":1512,"url":"https:\/\/contactfm72.fr\/wp-content\/uploads\/2025\/03\/Visuel-Contact-FM-1-1.png","type":"image\/png"}],"author":"redaction2@contactfm72.fr","twitter_card":"summary_large_image","twitter_creator":"@contactfm72","twitter_site":"@contactfm72","twitter_misc":{"\u00c9crit par":"redaction2@contactfm72.fr","Dur\u00e9e de lecture estim\u00e9e":"1 minute"},"schema":{"@context":"https:\/\/schema.org","@graph":[{"@type":"Article","@id":"https:\/\/contactfm72.fr\/?p=19021#article","isPartOf":{"@id":"https:\/\/contactfm72.fr\/?p=19021"},"author":{"name":"redaction2@contactfm72.fr","@id":"https:\/\/contactfm72.fr\/#\/schema\/person\/d2ef09cdea7331b185acaddc4d14dda8"},"headline":"Le Polar Burlesque : L&#8217;affaire Jessica Hair","datePublished":"2025-03-28T15:00:29+00:00","mainEntityOfPage":{"@id":"https:\/\/contactfm72.fr\/?p=19021"},"wordCount":134,"publisher":{"@id":"https:\/\/contactfm72.fr\/#organization"},"image":{"@id":"https:\/\/contactfm72.fr\/?p=19021#primaryimage"},"thumbnailUrl":"https:\/\/contactfm72.fr\/wp-content\/uploads\/2025\/03\/Visuel-Contact-FM-1-1.png","articleSection":["Contact FM 72","L'interview du jour"],"inLanguage":"fr-FR"},{"@type":"WebPage","@id":"https:\/\/contactfm72.fr\/?p=19021","url":"https:\/\/contactfm72.fr\/?p=19021","name":"Le Polar Burlesque : L'affaire Jessica Hair - Contact FM 99.3","isPartOf":{"@id":"https:\/\/contactfm72.fr\/#website"},"primaryImageOfPage":{"@id":"https:\/\/contactfm72.fr\/?p=19021#primaryimage"},"image":{"@id":"https:\/\/contactfm72.fr\/?p=19021#primaryimage"},"thumbnailUrl":"https:\/\/contactfm72.fr\/wp-content\/uploads\/2025\/03\/Visuel-Contact-FM-1-1.png","datePublished":"2025-03-28T15:00:29+00:00","description":"Un d\u00e9licieux m\u00e9lange entre les polars des ann\u00e9es 40-50 et \"Qui veut la peau de Roger Rabbit\"Une pi\u00e8ce de th\u00e9\u00e2tre qui est pour le moins \u00e9tonnante et innovante, la compagnie \"La petite Elfe\" pr\u00e9sente une de ses cr\u00e9ations \u00e0 la salle 4 vents situ\u00e9 \u00e0 Rouziers-de-Tourraine. Pour parler de la pi\u00e8ce, des inspirations et des projets de la compagnie de th\u00e9\u00e2tre, Frantz Herman, le directeur artistique de la compagnie, \u00e9galement com\u00e9dien, auteur et metteur en sc\u00e8ne nous raconte presque tout sur ce spectacle \u00e0 ne pas rater le 4 avril prochain.\u00a0Frantz Herman est \u00e0 retrouver dans \"L'interview du jour\" le vendredi 28 mars \u00e0 18h, le samedi 29 mars \u00e0 14h, le dimanche 30 mars \u00e0 11h et le lundi 31 mars \u00e0 13h.","breadcrumb":{"@id":"https:\/\/contactfm72.fr\/?p=19021#breadcrumb"},"inLanguage":"fr-FR","potentialAction":[{"@type":"ReadAction","target":["https:\/\/contactfm72.fr\/?p=19021"]}]},{"@type":"ImageObject","inLanguage":"fr-FR","@id":"https:\/\/contactfm72.fr\/?p=19021#primaryimage","url":"https:\/\/contactfm72.fr\/wp-content\/uploads\/2025\/03\/Visuel-Contact-FM-1-1.png","contentUrl":"https:\/\/contactfm72.fr\/wp-content\/uploads\/2025\/03\/Visuel-Contact-FM-1-1.png","width":2016,"height":1512},{"@type":"BreadcrumbList","@id":"https:\/\/contactfm72.fr\/?p=19021#breadcrumb","itemListElement":[{"@type":"ListItem","position":1,"name":"Accueil","item":"https:\/\/contactfm72.fr\/"},{"@type":"ListItem","position":2,"name":"Le Polar Burlesque : L&#8217;affaire Jessica Hair"}]},{"@type":"WebSite","@id":"https:\/\/contactfm72.fr\/#website","url":"https:\/\/contactfm72.fr\/","name":"Contact FM 99.3","description":"Votre radio en vall\u00e9e du Loir","publisher":{"@id":"https:\/\/contactfm72.fr\/#organization"},"potentialAction":[{"@type":"SearchAction","target":{"@type":"EntryPoint","urlTemplate":"https:\/\/contactfm72.fr\/?s={search_term_string}"},"query-input":{"@type":"PropertyValueSpecification","valueRequired":true,"valueName":"search_term_string"}}],"inLanguage":"fr-FR"},{"@type":"Organization","@id":"https:\/\/contactfm72.fr\/#organization","name":"Contact FM 99.3","url":"https:\/\/contactfm72.fr\/","logo":{"@type":"ImageObject","inLanguage":"fr-FR","@id":"https:\/\/contactfm72.fr\/#\/schema\/logo\/image\/","url":"https:\/\/contactfm72.fr\/wp-content\/uploads\/2025\/04\/2025-04-18-2.jpg","contentUrl":"https:\/\/contactfm72.fr\/wp-content\/uploads\/2025\/04\/2025-04-18-2.jpg","width":680,"height":307,"caption":"Contact FM 99.3"},"image":{"@id":"https:\/\/contactfm72.fr\/#\/schema\/logo\/image\/"},"sameAs":["https:\/\/www.facebook.com\/Contactfm.Chateauduloir","https:\/\/x.com\/contactfm72","https:\/\/www.instagram.com\/contact.fm.72?igsh=cGhlMHQ5N2JlNnpp","https:\/\/www.tiktok.com\/@contact.fm"]},{"@type":"Person","@id":"https:\/\/contactfm72.fr\/#\/schema\/person\/d2ef09cdea7331b185acaddc4d14dda8","name":"redaction2@contactfm72.fr","image":{"@type":"ImageObject","inLanguage":"fr-FR","@id":"https:\/\/secure.gravatar.com\/avatar\/897f3d57289c1f4c62cade1c2606ba6ded18d5f1676845e668a9f21cb751c06b?s=96&d=mm&r=g","url":"https:\/\/secure.gravatar.com\/avatar\/897f3d57289c1f4c62cade1c2606ba6ded18d5f1676845e668a9f21cb751c06b?s=96&d=mm&r=g","contentUrl":"https:\/\/secure.gravatar.com\/avatar\/897f3d57289c1f4c62cade1c2606ba6ded18d5f1676845e668a9f21cb751c06b?s=96&d=mm&r=g","caption":"redaction2@contactfm72.fr"},"url":"https:\/\/contactfm72.fr\/?author=5"}]}},"_links":{"self":[{"href":"https:\/\/contactfm72.fr\/index.php?rest_route=\/wp\/v2\/posts\/19021","targetHints":{"allow":["GET"]}}],"collection":[{"href":"https:\/\/contactfm72.fr\/index.php?rest_route=\/wp\/v2\/posts"}],"about":[{"href":"https:\/\/contactfm72.fr\/index.php?rest_route=\/wp\/v2\/types\/post"}],"author":[{"embeddable":true,"href":"https:\/\/contactfm72.fr\/index.php?rest_route=\/wp\/v2\/users\/5"}],"replies":[{"embeddable":true,"href":"https:\/\/contactfm72.fr\/index.php?rest_route=%2Fwp%2Fv2%2Fcomments&post=19021"}],"version-history":[{"count":1,"href":"https:\/\/contactfm72.fr\/index.php?rest_route=\/wp\/v2\/posts\/19021\/revisions"}],"predecessor-version":[{"id":19023,"href":"https:\/\/contactfm72.fr\/index.php?rest_route=\/wp\/v2\/posts\/19021\/revisions\/19023"}],"wp:featuredmedia":[{"embeddable":true,"href":"https:\/\/contactfm72.fr\/index.php?rest_route=\/wp\/v2\/media\/19022"}],"wp:attachment":[{"href":"https:\/\/contactfm72.fr\/index.php?rest_route=%2Fwp%2Fv2%2Fmedia&parent=19021"}],"wp:term":[{"taxonomy":"category","embeddable":true,"href":"https:\/\/contactfm72.fr\/index.php?rest_route=%2Fwp%2Fv2%2Fcategories&post=19021"},{"taxonomy":"post_tag","embeddable":true,"href":"https:\/\/contactfm72.fr\/index.php?rest_route=%2Fwp%2Fv2%2Ftags&post=19021"}],"curies":[{"name":"wp","href":"https:\/\/api.w.org\/{rel}","templated":true}]}}