{"id":18971,"date":"2025-03-24T16:36:05","date_gmt":"2025-03-24T15:36:05","guid":{"rendered":"https:\/\/contactfm72.fr\/?p=18971"},"modified":"2025-03-24T16:36:05","modified_gmt":"2025-03-24T15:36:05","slug":"qui-sont-les-sarthoises-du-coeur","status":"publish","type":"post","link":"https:\/\/contactfm72.fr\/?p=18971","title":{"rendered":"Qui sont les &#8220;Sarthois(es) du coeur&#8221; ?"},"content":{"rendered":"<p>Une association qui veut retisser du lien en Sarthe !<\/p>\n<p>&#8220;Les Sarthois(es) du c\u0153ur&#8221; est une jeune association, un collectif qui veut r\u00e9unir les habitants, retisser du lien \u00e0 travers des temps forts, des rendez-vous dans divers lieux en Sarthe. Avec une pr\u00e9sence sur Internet o\u00f9 le public peut mettre en avant des talents, des initiatives locales dans un groupe Facebook public avec une cha\u00eene Youtube qui pr\u00e9sente des communes du territoire.<\/p>\n<p>Pour d\u00e9couvrir cette association et le programme de l&#8217;apr\u00e8s-midi \u00e0 la Brass&#8217;vie de Jupilles, l&#8217;un des membres de l&#8217;association Yann Boishardy en parle dans &#8220;L&#8217;interview du jour&#8221; le lundi 24 mars \u00e0 18h, le mardi 25 mars \u00e0 13h et le samedi 29 mars \u00e0 14h.<\/p>\n<p>&nbsp;<\/p>\n<p>\ud83c\udfa5 <a href=\"https:\/\/www.youtube.com\/@Lessarthoisduc%C5%93ur\">Pour suivre Les Sarthois du C\u0153ur sur Youtube<\/a><\/p>\n<p>\ud83d\udcbb <a href=\"https:\/\/www.facebook.com\/groups\/911502937734080\">Le groupe Facebook public<\/a><\/p>\n<p>&nbsp;<\/p>\n<div id=\"audioigniter-283\" class=\"audioigniter-root \" data-player-type=\"full\" data-tracks-url=\"https:\/\/contactfm72.fr\/?audioigniter_playlist_id=283\" data-display-track-no=\"false\" data-reverse-track-order=\"false\" data-display-tracklist-covers=\"false\" data-display-active-cover=\"false\" data-display-artist-names=\"false\" data-display-buy-buttons=\"true\" data-buy-buttons-target=\"false\" data-cycle-tracks=\"false\" data-display-credits=\"false\" data-display-tracklist=\"true\" data-allow-tracklist-toggle=\"false\" data-allow-tracklist-loop=\"true\" data-limit-tracklist-height=\"true\" data-volume=\"100\" data-tracklist-height=\"185\" data-allow-track-loop=\"false\" ><\/div>\n<p>&nbsp;<\/p>\n<p>&nbsp;<\/p>\n<!-- AddThis Advanced Settings generic via filter on the_content --><!-- AddThis Share Buttons generic via filter on the_content -->","protected":false},"excerpt":{"rendered":"<p>Une association qui veut retisser du lien en Sarthe ! &#8220;Les Sarthois(es) du c\u0153ur&#8221; est une jeune association, un collectif qui veut r\u00e9unir les habitants, retisser du lien \u00e0 travers des temps forts, des rendez-vous dans divers lieux en Sarthe. Avec une pr\u00e9sence sur Internet o\u00f9 le public peut mettre en avant des talents, des&hellip;<!-- AddThis Advanced Settings generic via filter on get_the_excerpt --><!-- AddThis Share Buttons generic via filter on get_the_excerpt --><\/p>\n","protected":false},"author":5,"featured_media":18973,"comment_status":"closed","ping_status":"open","sticky":false,"template":"","format":"standard","meta":{"footnotes":""},"categories":[1,5],"tags":[],"class_list":["post-18971","post","type-post","status-publish","format-standard","has-post-thumbnail","hentry","category-contact-fm-72","category-linterview-du-jour","category-1","category-5","description-off"],"yoast_head":"<!-- This site is optimized with the Yoast SEO plugin v27.4 - https:\/\/yoast.com\/product\/yoast-seo-wordpress\/ -->\n<title>Qui sont les &quot;Sarthois(es) du coeur&quot; ? - Contact FM 99.3<\/title>\n<meta name=\"description\" content=\"Une association qui veut retisser du lien en Sarthe !\u00a0&quot;Les Sarthois(es) du c\u0153ur&quot; est une jeune association, un collectif qui veut r\u00e9unir les habitants, retisser du lien \u00e0 travers des temps forts, des rendez-vous dans divers lieux en Sarthe. Avec une pr\u00e9sence sur Internet o\u00f9 le public peut mettre en avant des talents, des initiatives locales dans un groupe Facebook public avec une cha\u00eene Youtube qui pr\u00e9sente des communes du territoire.\u00a0Pour d\u00e9couvrir cette association et le programme de l&#039;apr\u00e8s-midi \u00e0 la Brass&#039;vie de Jupilles, l&#039;un des membres de l&#039;association Yann Boishardy en parle dans &quot;L&#039;interview du jour&quot; le lundi 24 mars \u00e0 18h, le mardi 25 mars \u00e0 13h et le samedi 29 mars \u00e0 14h.\" \/>\n<meta name=\"robots\" content=\"index, follow, max-snippet:-1, max-image-preview:large, max-video-preview:-1\" \/>\n<link rel=\"canonical\" href=\"https:\/\/contactfm72.fr\/?p=18971\" \/>\n<meta property=\"og:locale\" content=\"fr_FR\" \/>\n<meta property=\"og:type\" content=\"article\" \/>\n<meta property=\"og:title\" content=\"Qui sont les &quot;Sarthois(es) du coeur&quot; ? - Contact FM 99.3\" \/>\n<meta property=\"og:description\" content=\"Une association qui veut retisser du lien en Sarthe !\u00a0&quot;Les Sarthois(es) du c\u0153ur&quot; est une jeune association, un collectif qui veut r\u00e9unir les habitants, retisser du lien \u00e0 travers des temps forts, des rendez-vous dans divers lieux en Sarthe. Avec une pr\u00e9sence sur Internet o\u00f9 le public peut mettre en avant des talents, des initiatives locales dans un groupe Facebook public avec une cha\u00eene Youtube qui pr\u00e9sente des communes du territoire.\u00a0Pour d\u00e9couvrir cette association et le programme de l&#039;apr\u00e8s-midi \u00e0 la Brass&#039;vie de Jupilles, l&#039;un des membres de l&#039;association Yann Boishardy en parle dans &quot;L&#039;interview du jour&quot; le lundi 24 mars \u00e0 18h, le mardi 25 mars \u00e0 13h et le samedi 29 mars \u00e0 14h.\" \/>\n<meta property=\"og:url\" content=\"https:\/\/contactfm72.fr\/?p=18971\" \/>\n<meta property=\"og:site_name\" content=\"Contact FM 99.3\" \/>\n<meta property=\"article:publisher\" content=\"https:\/\/www.facebook.com\/Contactfm.Chateauduloir\" \/>\n<meta property=\"article:published_time\" content=\"2025-03-24T15:36:05+00:00\" \/>\n<meta property=\"og:image\" content=\"http:\/\/contactfm72.fr\/wp-content\/uploads\/2025\/03\/Visuel-Contact-FM-5.jpg\" \/>\n\t<meta property=\"og:image:width\" content=\"2016\" \/>\n\t<meta property=\"og:image:height\" content=\"1512\" \/>\n\t<meta property=\"og:image:type\" content=\"image\/jpeg\" \/>\n<meta name=\"author\" content=\"redaction2@contactfm72.fr\" \/>\n<meta name=\"twitter:card\" content=\"summary_large_image\" \/>\n<meta name=\"twitter:creator\" content=\"@contactfm72\" \/>\n<meta name=\"twitter:site\" content=\"@contactfm72\" \/>\n<meta name=\"twitter:label1\" content=\"\u00c9crit par\" \/>\n\t<meta name=\"twitter:data1\" content=\"redaction2@contactfm72.fr\" \/>\n\t<meta name=\"twitter:label2\" content=\"Dur\u00e9e de lecture estim\u00e9e\" \/>\n\t<meta name=\"twitter:data2\" content=\"1 minute\" \/>\n<script type=\"application\/ld+json\" class=\"yoast-schema-graph\">{\"@context\":\"https:\\\/\\\/schema.org\",\"@graph\":[{\"@type\":\"Article\",\"@id\":\"https:\\\/\\\/contactfm72.fr\\\/?p=18971#article\",\"isPartOf\":{\"@id\":\"https:\\\/\\\/contactfm72.fr\\\/?p=18971\"},\"author\":{\"name\":\"redaction2@contactfm72.fr\",\"@id\":\"https:\\\/\\\/contactfm72.fr\\\/#\\\/schema\\\/person\\\/d2ef09cdea7331b185acaddc4d14dda8\"},\"headline\":\"Qui sont les &#8220;Sarthois(es) du coeur&#8221; ?\",\"datePublished\":\"2025-03-24T15:36:05+00:00\",\"mainEntityOfPage\":{\"@id\":\"https:\\\/\\\/contactfm72.fr\\\/?p=18971\"},\"wordCount\":149,\"publisher\":{\"@id\":\"https:\\\/\\\/contactfm72.fr\\\/#organization\"},\"image\":{\"@id\":\"https:\\\/\\\/contactfm72.fr\\\/?p=18971#primaryimage\"},\"thumbnailUrl\":\"https:\\\/\\\/contactfm72.fr\\\/wp-content\\\/uploads\\\/2025\\\/03\\\/Visuel-Contact-FM-5.jpg\",\"articleSection\":[\"Contact FM 72\",\"L'interview du jour\"],\"inLanguage\":\"fr-FR\"},{\"@type\":\"WebPage\",\"@id\":\"https:\\\/\\\/contactfm72.fr\\\/?p=18971\",\"url\":\"https:\\\/\\\/contactfm72.fr\\\/?p=18971\",\"name\":\"Qui sont les \\\"Sarthois(es) du coeur\\\" ? - Contact FM 99.3\",\"isPartOf\":{\"@id\":\"https:\\\/\\\/contactfm72.fr\\\/#website\"},\"primaryImageOfPage\":{\"@id\":\"https:\\\/\\\/contactfm72.fr\\\/?p=18971#primaryimage\"},\"image\":{\"@id\":\"https:\\\/\\\/contactfm72.fr\\\/?p=18971#primaryimage\"},\"thumbnailUrl\":\"https:\\\/\\\/contactfm72.fr\\\/wp-content\\\/uploads\\\/2025\\\/03\\\/Visuel-Contact-FM-5.jpg\",\"datePublished\":\"2025-03-24T15:36:05+00:00\",\"description\":\"Une association qui veut retisser du lien en Sarthe !\u00a0\\\"Les Sarthois(es) du c\u0153ur\\\" est une jeune association, un collectif qui veut r\u00e9unir les habitants, retisser du lien \u00e0 travers des temps forts, des rendez-vous dans divers lieux en Sarthe. Avec une pr\u00e9sence sur Internet o\u00f9 le public peut mettre en avant des talents, des initiatives locales dans un groupe Facebook public avec une cha\u00eene Youtube qui pr\u00e9sente des communes du territoire.\u00a0Pour d\u00e9couvrir cette association et le programme de l'apr\u00e8s-midi \u00e0 la Brass'vie de Jupilles, l'un des membres de l'association Yann Boishardy en parle dans \\\"L'interview du jour\\\" le lundi 24 mars \u00e0 18h, le mardi 25 mars \u00e0 13h et le samedi 29 mars \u00e0 14h.\",\"breadcrumb\":{\"@id\":\"https:\\\/\\\/contactfm72.fr\\\/?p=18971#breadcrumb\"},\"inLanguage\":\"fr-FR\",\"potentialAction\":[{\"@type\":\"ReadAction\",\"target\":[\"https:\\\/\\\/contactfm72.fr\\\/?p=18971\"]}]},{\"@type\":\"ImageObject\",\"inLanguage\":\"fr-FR\",\"@id\":\"https:\\\/\\\/contactfm72.fr\\\/?p=18971#primaryimage\",\"url\":\"https:\\\/\\\/contactfm72.fr\\\/wp-content\\\/uploads\\\/2025\\\/03\\\/Visuel-Contact-FM-5.jpg\",\"contentUrl\":\"https:\\\/\\\/contactfm72.fr\\\/wp-content\\\/uploads\\\/2025\\\/03\\\/Visuel-Contact-FM-5.jpg\",\"width\":2016,\"height\":1512},{\"@type\":\"BreadcrumbList\",\"@id\":\"https:\\\/\\\/contactfm72.fr\\\/?p=18971#breadcrumb\",\"itemListElement\":[{\"@type\":\"ListItem\",\"position\":1,\"name\":\"Accueil\",\"item\":\"https:\\\/\\\/contactfm72.fr\\\/\"},{\"@type\":\"ListItem\",\"position\":2,\"name\":\"Qui sont les &#8220;Sarthois(es) du coeur&#8221; ?\"}]},{\"@type\":\"WebSite\",\"@id\":\"https:\\\/\\\/contactfm72.fr\\\/#website\",\"url\":\"https:\\\/\\\/contactfm72.fr\\\/\",\"name\":\"Contact FM 99.3\",\"description\":\"Votre radio en vall\u00e9e du Loir\",\"publisher\":{\"@id\":\"https:\\\/\\\/contactfm72.fr\\\/#organization\"},\"potentialAction\":[{\"@type\":\"SearchAction\",\"target\":{\"@type\":\"EntryPoint\",\"urlTemplate\":\"https:\\\/\\\/contactfm72.fr\\\/?s={search_term_string}\"},\"query-input\":{\"@type\":\"PropertyValueSpecification\",\"valueRequired\":true,\"valueName\":\"search_term_string\"}}],\"inLanguage\":\"fr-FR\"},{\"@type\":\"Organization\",\"@id\":\"https:\\\/\\\/contactfm72.fr\\\/#organization\",\"name\":\"Contact FM 99.3\",\"url\":\"https:\\\/\\\/contactfm72.fr\\\/\",\"logo\":{\"@type\":\"ImageObject\",\"inLanguage\":\"fr-FR\",\"@id\":\"https:\\\/\\\/contactfm72.fr\\\/#\\\/schema\\\/logo\\\/image\\\/\",\"url\":\"https:\\\/\\\/contactfm72.fr\\\/wp-content\\\/uploads\\\/2025\\\/04\\\/2025-04-18-2.jpg\",\"contentUrl\":\"https:\\\/\\\/contactfm72.fr\\\/wp-content\\\/uploads\\\/2025\\\/04\\\/2025-04-18-2.jpg\",\"width\":680,\"height\":307,\"caption\":\"Contact FM 99.3\"},\"image\":{\"@id\":\"https:\\\/\\\/contactfm72.fr\\\/#\\\/schema\\\/logo\\\/image\\\/\"},\"sameAs\":[\"https:\\\/\\\/www.facebook.com\\\/Contactfm.Chateauduloir\",\"https:\\\/\\\/x.com\\\/contactfm72\",\"https:\\\/\\\/www.instagram.com\\\/contact.fm.72?igsh=cGhlMHQ5N2JlNnpp\",\"https:\\\/\\\/www.tiktok.com\\\/@contact.fm\"]},{\"@type\":\"Person\",\"@id\":\"https:\\\/\\\/contactfm72.fr\\\/#\\\/schema\\\/person\\\/d2ef09cdea7331b185acaddc4d14dda8\",\"name\":\"redaction2@contactfm72.fr\",\"image\":{\"@type\":\"ImageObject\",\"inLanguage\":\"fr-FR\",\"@id\":\"https:\\\/\\\/secure.gravatar.com\\\/avatar\\\/897f3d57289c1f4c62cade1c2606ba6ded18d5f1676845e668a9f21cb751c06b?s=96&d=mm&r=g\",\"url\":\"https:\\\/\\\/secure.gravatar.com\\\/avatar\\\/897f3d57289c1f4c62cade1c2606ba6ded18d5f1676845e668a9f21cb751c06b?s=96&d=mm&r=g\",\"contentUrl\":\"https:\\\/\\\/secure.gravatar.com\\\/avatar\\\/897f3d57289c1f4c62cade1c2606ba6ded18d5f1676845e668a9f21cb751c06b?s=96&d=mm&r=g\",\"caption\":\"redaction2@contactfm72.fr\"},\"url\":\"https:\\\/\\\/contactfm72.fr\\\/?author=5\"}]}<\/script>\n<!-- \/ Yoast SEO plugin. -->","yoast_head_json":{"title":"Qui sont les \"Sarthois(es) du coeur\" ? - Contact FM 99.3","description":"Une association qui veut retisser du lien en Sarthe !\u00a0\"Les Sarthois(es) du c\u0153ur\" est une jeune association, un collectif qui veut r\u00e9unir les habitants, retisser du lien \u00e0 travers des temps forts, des rendez-vous dans divers lieux en Sarthe. Avec une pr\u00e9sence sur Internet o\u00f9 le public peut mettre en avant des talents, des initiatives locales dans un groupe Facebook public avec une cha\u00eene Youtube qui pr\u00e9sente des communes du territoire.\u00a0Pour d\u00e9couvrir cette association et le programme de l'apr\u00e8s-midi \u00e0 la Brass'vie de Jupilles, l'un des membres de l'association Yann Boishardy en parle dans \"L'interview du jour\" le lundi 24 mars \u00e0 18h, le mardi 25 mars \u00e0 13h et le samedi 29 mars \u00e0 14h.","robots":{"index":"index","follow":"follow","max-snippet":"max-snippet:-1","max-image-preview":"max-image-preview:large","max-video-preview":"max-video-preview:-1"},"canonical":"https:\/\/contactfm72.fr\/?p=18971","og_locale":"fr_FR","og_type":"article","og_title":"Qui sont les \"Sarthois(es) du coeur\" ? - Contact FM 99.3","og_description":"Une association qui veut retisser du lien en Sarthe !\u00a0\"Les Sarthois(es) du c\u0153ur\" est une jeune association, un collectif qui veut r\u00e9unir les habitants, retisser du lien \u00e0 travers des temps forts, des rendez-vous dans divers lieux en Sarthe. Avec une pr\u00e9sence sur Internet o\u00f9 le public peut mettre en avant des talents, des initiatives locales dans un groupe Facebook public avec une cha\u00eene Youtube qui pr\u00e9sente des communes du territoire.\u00a0Pour d\u00e9couvrir cette association et le programme de l'apr\u00e8s-midi \u00e0 la Brass'vie de Jupilles, l'un des membres de l'association Yann Boishardy en parle dans \"L'interview du jour\" le lundi 24 mars \u00e0 18h, le mardi 25 mars \u00e0 13h et le samedi 29 mars \u00e0 14h.","og_url":"https:\/\/contactfm72.fr\/?p=18971","og_site_name":"Contact FM 99.3","article_publisher":"https:\/\/www.facebook.com\/Contactfm.Chateauduloir","article_published_time":"2025-03-24T15:36:05+00:00","og_image":[{"width":2016,"height":1512,"url":"http:\/\/contactfm72.fr\/wp-content\/uploads\/2025\/03\/Visuel-Contact-FM-5.jpg","type":"image\/jpeg"}],"author":"redaction2@contactfm72.fr","twitter_card":"summary_large_image","twitter_creator":"@contactfm72","twitter_site":"@contactfm72","twitter_misc":{"\u00c9crit par":"redaction2@contactfm72.fr","Dur\u00e9e de lecture estim\u00e9e":"1 minute"},"schema":{"@context":"https:\/\/schema.org","@graph":[{"@type":"Article","@id":"https:\/\/contactfm72.fr\/?p=18971#article","isPartOf":{"@id":"https:\/\/contactfm72.fr\/?p=18971"},"author":{"name":"redaction2@contactfm72.fr","@id":"https:\/\/contactfm72.fr\/#\/schema\/person\/d2ef09cdea7331b185acaddc4d14dda8"},"headline":"Qui sont les &#8220;Sarthois(es) du coeur&#8221; ?","datePublished":"2025-03-24T15:36:05+00:00","mainEntityOfPage":{"@id":"https:\/\/contactfm72.fr\/?p=18971"},"wordCount":149,"publisher":{"@id":"https:\/\/contactfm72.fr\/#organization"},"image":{"@id":"https:\/\/contactfm72.fr\/?p=18971#primaryimage"},"thumbnailUrl":"https:\/\/contactfm72.fr\/wp-content\/uploads\/2025\/03\/Visuel-Contact-FM-5.jpg","articleSection":["Contact FM 72","L'interview du jour"],"inLanguage":"fr-FR"},{"@type":"WebPage","@id":"https:\/\/contactfm72.fr\/?p=18971","url":"https:\/\/contactfm72.fr\/?p=18971","name":"Qui sont les \"Sarthois(es) du coeur\" ? - Contact FM 99.3","isPartOf":{"@id":"https:\/\/contactfm72.fr\/#website"},"primaryImageOfPage":{"@id":"https:\/\/contactfm72.fr\/?p=18971#primaryimage"},"image":{"@id":"https:\/\/contactfm72.fr\/?p=18971#primaryimage"},"thumbnailUrl":"https:\/\/contactfm72.fr\/wp-content\/uploads\/2025\/03\/Visuel-Contact-FM-5.jpg","datePublished":"2025-03-24T15:36:05+00:00","description":"Une association qui veut retisser du lien en Sarthe !\u00a0\"Les Sarthois(es) du c\u0153ur\" est une jeune association, un collectif qui veut r\u00e9unir les habitants, retisser du lien \u00e0 travers des temps forts, des rendez-vous dans divers lieux en Sarthe. Avec une pr\u00e9sence sur Internet o\u00f9 le public peut mettre en avant des talents, des initiatives locales dans un groupe Facebook public avec une cha\u00eene Youtube qui pr\u00e9sente des communes du territoire.\u00a0Pour d\u00e9couvrir cette association et le programme de l'apr\u00e8s-midi \u00e0 la Brass'vie de Jupilles, l'un des membres de l'association Yann Boishardy en parle dans \"L'interview du jour\" le lundi 24 mars \u00e0 18h, le mardi 25 mars \u00e0 13h et le samedi 29 mars \u00e0 14h.","breadcrumb":{"@id":"https:\/\/contactfm72.fr\/?p=18971#breadcrumb"},"inLanguage":"fr-FR","potentialAction":[{"@type":"ReadAction","target":["https:\/\/contactfm72.fr\/?p=18971"]}]},{"@type":"ImageObject","inLanguage":"fr-FR","@id":"https:\/\/contactfm72.fr\/?p=18971#primaryimage","url":"https:\/\/contactfm72.fr\/wp-content\/uploads\/2025\/03\/Visuel-Contact-FM-5.jpg","contentUrl":"https:\/\/contactfm72.fr\/wp-content\/uploads\/2025\/03\/Visuel-Contact-FM-5.jpg","width":2016,"height":1512},{"@type":"BreadcrumbList","@id":"https:\/\/contactfm72.fr\/?p=18971#breadcrumb","itemListElement":[{"@type":"ListItem","position":1,"name":"Accueil","item":"https:\/\/contactfm72.fr\/"},{"@type":"ListItem","position":2,"name":"Qui sont les &#8220;Sarthois(es) du coeur&#8221; ?"}]},{"@type":"WebSite","@id":"https:\/\/contactfm72.fr\/#website","url":"https:\/\/contactfm72.fr\/","name":"Contact FM 99.3","description":"Votre radio en vall\u00e9e du Loir","publisher":{"@id":"https:\/\/contactfm72.fr\/#organization"},"potentialAction":[{"@type":"SearchAction","target":{"@type":"EntryPoint","urlTemplate":"https:\/\/contactfm72.fr\/?s={search_term_string}"},"query-input":{"@type":"PropertyValueSpecification","valueRequired":true,"valueName":"search_term_string"}}],"inLanguage":"fr-FR"},{"@type":"Organization","@id":"https:\/\/contactfm72.fr\/#organization","name":"Contact FM 99.3","url":"https:\/\/contactfm72.fr\/","logo":{"@type":"ImageObject","inLanguage":"fr-FR","@id":"https:\/\/contactfm72.fr\/#\/schema\/logo\/image\/","url":"https:\/\/contactfm72.fr\/wp-content\/uploads\/2025\/04\/2025-04-18-2.jpg","contentUrl":"https:\/\/contactfm72.fr\/wp-content\/uploads\/2025\/04\/2025-04-18-2.jpg","width":680,"height":307,"caption":"Contact FM 99.3"},"image":{"@id":"https:\/\/contactfm72.fr\/#\/schema\/logo\/image\/"},"sameAs":["https:\/\/www.facebook.com\/Contactfm.Chateauduloir","https:\/\/x.com\/contactfm72","https:\/\/www.instagram.com\/contact.fm.72?igsh=cGhlMHQ5N2JlNnpp","https:\/\/www.tiktok.com\/@contact.fm"]},{"@type":"Person","@id":"https:\/\/contactfm72.fr\/#\/schema\/person\/d2ef09cdea7331b185acaddc4d14dda8","name":"redaction2@contactfm72.fr","image":{"@type":"ImageObject","inLanguage":"fr-FR","@id":"https:\/\/secure.gravatar.com\/avatar\/897f3d57289c1f4c62cade1c2606ba6ded18d5f1676845e668a9f21cb751c06b?s=96&d=mm&r=g","url":"https:\/\/secure.gravatar.com\/avatar\/897f3d57289c1f4c62cade1c2606ba6ded18d5f1676845e668a9f21cb751c06b?s=96&d=mm&r=g","contentUrl":"https:\/\/secure.gravatar.com\/avatar\/897f3d57289c1f4c62cade1c2606ba6ded18d5f1676845e668a9f21cb751c06b?s=96&d=mm&r=g","caption":"redaction2@contactfm72.fr"},"url":"https:\/\/contactfm72.fr\/?author=5"}]}},"_links":{"self":[{"href":"https:\/\/contactfm72.fr\/index.php?rest_route=\/wp\/v2\/posts\/18971","targetHints":{"allow":["GET"]}}],"collection":[{"href":"https:\/\/contactfm72.fr\/index.php?rest_route=\/wp\/v2\/posts"}],"about":[{"href":"https:\/\/contactfm72.fr\/index.php?rest_route=\/wp\/v2\/types\/post"}],"author":[{"embeddable":true,"href":"https:\/\/contactfm72.fr\/index.php?rest_route=\/wp\/v2\/users\/5"}],"replies":[{"embeddable":true,"href":"https:\/\/contactfm72.fr\/index.php?rest_route=%2Fwp%2Fv2%2Fcomments&post=18971"}],"version-history":[{"count":2,"href":"https:\/\/contactfm72.fr\/index.php?rest_route=\/wp\/v2\/posts\/18971\/revisions"}],"predecessor-version":[{"id":18975,"href":"https:\/\/contactfm72.fr\/index.php?rest_route=\/wp\/v2\/posts\/18971\/revisions\/18975"}],"wp:featuredmedia":[{"embeddable":true,"href":"https:\/\/contactfm72.fr\/index.php?rest_route=\/wp\/v2\/media\/18973"}],"wp:attachment":[{"href":"https:\/\/contactfm72.fr\/index.php?rest_route=%2Fwp%2Fv2%2Fmedia&parent=18971"}],"wp:term":[{"taxonomy":"category","embeddable":true,"href":"https:\/\/contactfm72.fr\/index.php?rest_route=%2Fwp%2Fv2%2Fcategories&post=18971"},{"taxonomy":"post_tag","embeddable":true,"href":"https:\/\/contactfm72.fr\/index.php?rest_route=%2Fwp%2Fv2%2Ftags&post=18971"}],"curies":[{"name":"wp","href":"https:\/\/api.w.org\/{rel}","templated":true}]}}