{"id":18928,"date":"2025-03-19T15:30:04","date_gmt":"2025-03-19T14:30:04","guid":{"rendered":"https:\/\/contactfm72.fr\/?p=18928"},"modified":"2025-03-20T17:00:46","modified_gmt":"2025-03-20T16:00:46","slug":"le-printemps-des-poetes-2025","status":"publish","type":"post","link":"https:\/\/contactfm72.fr\/?p=18928","title":{"rendered":"Le Printemps des Po\u00e8tes 2025 sur la communaut\u00e9 de communes Sud Sarthe"},"content":{"rendered":"<p>La po\u00e9sie est mise \u00e0 l&#8217;honneur !<\/p>\n<p>Jusqu&#8217;au 29 mars, le r\u00e9seau de biblioth\u00e8ques Odyss\u00e9e de la communaut\u00e9 de communes Sud-Sarthe met \u00e0 l&#8217;honneur la po\u00e9sie dans plusieurs communes du territoire. Avec des rendez-vous comme des ateliers de lecture, spectacles, avec \u00e9galement des rencontres et des moments interg\u00e9n\u00e9rationnels, le programme est charg\u00e9 et vari\u00e9.<\/p>\n<p>Pour parler de cet \u00e9v\u00e9nement, nous avons rencontr\u00e9 C\u00e9line Milles, coordinatrice du r\u00e9seau de biblioth\u00e8ques Odyss\u00e9e qui nous dit tout dans &#8220;L&#8217;interview du jour&#8221; le mercredi 19 mars \u00e0 18h, le jeudi 20 mars \u00e0 13h, le samedi 22 mars \u00e0 14h et le dimanche 23 mars \u00e0 11h.<\/p>\n<div id=\"audioigniter-283\" class=\"audioigniter-root \" data-player-type=\"full\" data-tracks-url=\"https:\/\/contactfm72.fr\/?audioigniter_playlist_id=283\" data-display-track-no=\"false\" data-reverse-track-order=\"false\" data-display-tracklist-covers=\"false\" data-display-active-cover=\"false\" data-display-artist-names=\"false\" data-display-buy-buttons=\"true\" data-buy-buttons-target=\"false\" data-cycle-tracks=\"false\" data-display-credits=\"false\" data-display-tracklist=\"true\" data-allow-tracklist-toggle=\"false\" data-allow-tracklist-loop=\"true\" data-limit-tracklist-height=\"true\" data-volume=\"100\" data-tracklist-height=\"185\" data-allow-track-loop=\"false\" ><\/div>\n<!-- AddThis Advanced Settings generic via filter on the_content --><!-- AddThis Share Buttons generic via filter on the_content -->","protected":false},"excerpt":{"rendered":"<p>La po\u00e9sie est mise \u00e0 l&#8217;honneur ! Jusqu&#8217;au 29 mars, le r\u00e9seau de biblioth\u00e8ques Odyss\u00e9e de la communaut\u00e9 de communes Sud-Sarthe met \u00e0 l&#8217;honneur la po\u00e9sie dans plusieurs communes du territoire. Avec des rendez-vous comme des ateliers de lecture, spectacles, avec \u00e9galement des rencontres et des moments interg\u00e9n\u00e9rationnels, le programme est charg\u00e9 et vari\u00e9. Pour&hellip;<!-- AddThis Advanced Settings generic via filter on get_the_excerpt --><!-- AddThis Share Buttons generic via filter on get_the_excerpt --><\/p>\n","protected":false},"author":5,"featured_media":18929,"comment_status":"closed","ping_status":"open","sticky":false,"template":"","format":"standard","meta":{"footnotes":""},"categories":[1,5],"tags":[],"class_list":["post-18928","post","type-post","status-publish","format-standard","has-post-thumbnail","hentry","category-contact-fm-72","category-linterview-du-jour","category-1","category-5","description-off"],"yoast_head":"<!-- This site is optimized with the Yoast SEO plugin v27.4 - https:\/\/yoast.com\/product\/yoast-seo-wordpress\/ -->\n<title>Le Printemps des Po\u00e8tes 2025 sur la communaut\u00e9 de communes Sud Sarthe - Contact FM 99.3<\/title>\n<meta name=\"description\" content=\"La po\u00e9sie est mise \u00e0 l&#039;honneur !\u00a0Jusqu&#039;au 29 mars, le r\u00e9seau de biblioth\u00e8ques Odyss\u00e9e de la communaut\u00e9 de communes Sud-Sarthe met \u00e0 l&#039;honneur la po\u00e9sie dans plusieurs communes du territoire. Avec des rendez-vous comme des ateliers de lecture, spectacles, rencontres et moments interg\u00e9n\u00e9rationnels, le programme est charg\u00e9 et vari\u00e9.\u00a0Pour parler de cet \u00e9v\u00e9nement, nous avons rencontr\u00e9 C\u00e9line Milles, coordinatrice du r\u00e9seau de biblioth\u00e8ques Odyss\u00e9e qui nous dit tout dans &quot;L&#039;interview du jour&quot; le mercredi 19 mars \u00e0 18h, le jeudi 20 mars \u00e0 13h, le samedi 22 mars \u00e0 14h et le dimanche 23 mars \u00e0 11h.\" \/>\n<meta name=\"robots\" content=\"index, follow, max-snippet:-1, max-image-preview:large, max-video-preview:-1\" \/>\n<link rel=\"canonical\" href=\"https:\/\/contactfm72.fr\/?p=18928\" \/>\n<meta property=\"og:locale\" content=\"fr_FR\" \/>\n<meta property=\"og:type\" content=\"article\" \/>\n<meta property=\"og:title\" content=\"Le Printemps des Po\u00e8tes 2025 sur la communaut\u00e9 de communes Sud Sarthe - Contact FM 99.3\" \/>\n<meta property=\"og:description\" content=\"La po\u00e9sie est mise \u00e0 l&#039;honneur !\u00a0Jusqu&#039;au 29 mars, le r\u00e9seau de biblioth\u00e8ques Odyss\u00e9e de la communaut\u00e9 de communes Sud-Sarthe met \u00e0 l&#039;honneur la po\u00e9sie dans plusieurs communes du territoire. Avec des rendez-vous comme des ateliers de lecture, spectacles, rencontres et moments interg\u00e9n\u00e9rationnels, le programme est charg\u00e9 et vari\u00e9.\u00a0Pour parler de cet \u00e9v\u00e9nement, nous avons rencontr\u00e9 C\u00e9line Milles, coordinatrice du r\u00e9seau de biblioth\u00e8ques Odyss\u00e9e qui nous dit tout dans &quot;L&#039;interview du jour&quot; le mercredi 19 mars \u00e0 18h, le jeudi 20 mars \u00e0 13h, le samedi 22 mars \u00e0 14h et le dimanche 23 mars \u00e0 11h.\" \/>\n<meta property=\"og:url\" content=\"https:\/\/contactfm72.fr\/?p=18928\" \/>\n<meta property=\"og:site_name\" content=\"Contact FM 99.3\" \/>\n<meta property=\"article:publisher\" content=\"https:\/\/www.facebook.com\/Contactfm.Chateauduloir\" \/>\n<meta property=\"article:published_time\" content=\"2025-03-19T14:30:04+00:00\" \/>\n<meta property=\"article:modified_time\" content=\"2025-03-20T16:00:46+00:00\" \/>\n<meta property=\"og:image\" content=\"http:\/\/contactfm72.fr\/wp-content\/uploads\/2025\/03\/Visuel-Contact-FM-2.png\" \/>\n\t<meta property=\"og:image:width\" content=\"2016\" \/>\n\t<meta property=\"og:image:height\" content=\"1512\" \/>\n\t<meta property=\"og:image:type\" content=\"image\/png\" \/>\n<meta name=\"author\" content=\"redaction2@contactfm72.fr\" \/>\n<meta name=\"twitter:card\" content=\"summary_large_image\" \/>\n<meta name=\"twitter:creator\" content=\"@contactfm72\" \/>\n<meta name=\"twitter:site\" content=\"@contactfm72\" \/>\n<meta name=\"twitter:label1\" content=\"\u00c9crit par\" \/>\n\t<meta name=\"twitter:data1\" content=\"redaction2@contactfm72.fr\" \/>\n\t<meta name=\"twitter:label2\" content=\"Dur\u00e9e de lecture estim\u00e9e\" \/>\n\t<meta name=\"twitter:data2\" content=\"1 minute\" \/>\n<script type=\"application\/ld+json\" class=\"yoast-schema-graph\">{\"@context\":\"https:\\\/\\\/schema.org\",\"@graph\":[{\"@type\":\"Article\",\"@id\":\"https:\\\/\\\/contactfm72.fr\\\/?p=18928#article\",\"isPartOf\":{\"@id\":\"https:\\\/\\\/contactfm72.fr\\\/?p=18928\"},\"author\":{\"name\":\"redaction2@contactfm72.fr\",\"@id\":\"https:\\\/\\\/contactfm72.fr\\\/#\\\/schema\\\/person\\\/d2ef09cdea7331b185acaddc4d14dda8\"},\"headline\":\"Le Printemps des Po\u00e8tes 2025 sur la communaut\u00e9 de communes Sud Sarthe\",\"datePublished\":\"2025-03-19T14:30:04+00:00\",\"dateModified\":\"2025-03-20T16:00:46+00:00\",\"mainEntityOfPage\":{\"@id\":\"https:\\\/\\\/contactfm72.fr\\\/?p=18928\"},\"wordCount\":122,\"publisher\":{\"@id\":\"https:\\\/\\\/contactfm72.fr\\\/#organization\"},\"image\":{\"@id\":\"https:\\\/\\\/contactfm72.fr\\\/?p=18928#primaryimage\"},\"thumbnailUrl\":\"https:\\\/\\\/contactfm72.fr\\\/wp-content\\\/uploads\\\/2025\\\/03\\\/Visuel-Contact-FM-2.png\",\"articleSection\":[\"Contact FM 72\",\"L'interview du jour\"],\"inLanguage\":\"fr-FR\"},{\"@type\":\"WebPage\",\"@id\":\"https:\\\/\\\/contactfm72.fr\\\/?p=18928\",\"url\":\"https:\\\/\\\/contactfm72.fr\\\/?p=18928\",\"name\":\"Le Printemps des Po\u00e8tes 2025 sur la communaut\u00e9 de communes Sud Sarthe - Contact FM 99.3\",\"isPartOf\":{\"@id\":\"https:\\\/\\\/contactfm72.fr\\\/#website\"},\"primaryImageOfPage\":{\"@id\":\"https:\\\/\\\/contactfm72.fr\\\/?p=18928#primaryimage\"},\"image\":{\"@id\":\"https:\\\/\\\/contactfm72.fr\\\/?p=18928#primaryimage\"},\"thumbnailUrl\":\"https:\\\/\\\/contactfm72.fr\\\/wp-content\\\/uploads\\\/2025\\\/03\\\/Visuel-Contact-FM-2.png\",\"datePublished\":\"2025-03-19T14:30:04+00:00\",\"dateModified\":\"2025-03-20T16:00:46+00:00\",\"description\":\"La po\u00e9sie est mise \u00e0 l'honneur !\u00a0Jusqu'au 29 mars, le r\u00e9seau de biblioth\u00e8ques Odyss\u00e9e de la communaut\u00e9 de communes Sud-Sarthe met \u00e0 l'honneur la po\u00e9sie dans plusieurs communes du territoire. Avec des rendez-vous comme des ateliers de lecture, spectacles, rencontres et moments interg\u00e9n\u00e9rationnels, le programme est charg\u00e9 et vari\u00e9.\u00a0Pour parler de cet \u00e9v\u00e9nement, nous avons rencontr\u00e9 C\u00e9line Milles, coordinatrice du r\u00e9seau de biblioth\u00e8ques Odyss\u00e9e qui nous dit tout dans \\\"L'interview du jour\\\" le mercredi 19 mars \u00e0 18h, le jeudi 20 mars \u00e0 13h, le samedi 22 mars \u00e0 14h et le dimanche 23 mars \u00e0 11h.\",\"breadcrumb\":{\"@id\":\"https:\\\/\\\/contactfm72.fr\\\/?p=18928#breadcrumb\"},\"inLanguage\":\"fr-FR\",\"potentialAction\":[{\"@type\":\"ReadAction\",\"target\":[\"https:\\\/\\\/contactfm72.fr\\\/?p=18928\"]}]},{\"@type\":\"ImageObject\",\"inLanguage\":\"fr-FR\",\"@id\":\"https:\\\/\\\/contactfm72.fr\\\/?p=18928#primaryimage\",\"url\":\"https:\\\/\\\/contactfm72.fr\\\/wp-content\\\/uploads\\\/2025\\\/03\\\/Visuel-Contact-FM-2.png\",\"contentUrl\":\"https:\\\/\\\/contactfm72.fr\\\/wp-content\\\/uploads\\\/2025\\\/03\\\/Visuel-Contact-FM-2.png\",\"width\":2016,\"height\":1512},{\"@type\":\"BreadcrumbList\",\"@id\":\"https:\\\/\\\/contactfm72.fr\\\/?p=18928#breadcrumb\",\"itemListElement\":[{\"@type\":\"ListItem\",\"position\":1,\"name\":\"Accueil\",\"item\":\"https:\\\/\\\/contactfm72.fr\\\/\"},{\"@type\":\"ListItem\",\"position\":2,\"name\":\"Le Printemps des Po\u00e8tes 2025 sur la communaut\u00e9 de communes Sud Sarthe\"}]},{\"@type\":\"WebSite\",\"@id\":\"https:\\\/\\\/contactfm72.fr\\\/#website\",\"url\":\"https:\\\/\\\/contactfm72.fr\\\/\",\"name\":\"Contact FM 99.3\",\"description\":\"Votre radio en vall\u00e9e du Loir\",\"publisher\":{\"@id\":\"https:\\\/\\\/contactfm72.fr\\\/#organization\"},\"potentialAction\":[{\"@type\":\"SearchAction\",\"target\":{\"@type\":\"EntryPoint\",\"urlTemplate\":\"https:\\\/\\\/contactfm72.fr\\\/?s={search_term_string}\"},\"query-input\":{\"@type\":\"PropertyValueSpecification\",\"valueRequired\":true,\"valueName\":\"search_term_string\"}}],\"inLanguage\":\"fr-FR\"},{\"@type\":\"Organization\",\"@id\":\"https:\\\/\\\/contactfm72.fr\\\/#organization\",\"name\":\"Contact FM 99.3\",\"url\":\"https:\\\/\\\/contactfm72.fr\\\/\",\"logo\":{\"@type\":\"ImageObject\",\"inLanguage\":\"fr-FR\",\"@id\":\"https:\\\/\\\/contactfm72.fr\\\/#\\\/schema\\\/logo\\\/image\\\/\",\"url\":\"https:\\\/\\\/contactfm72.fr\\\/wp-content\\\/uploads\\\/2025\\\/04\\\/2025-04-18-2.jpg\",\"contentUrl\":\"https:\\\/\\\/contactfm72.fr\\\/wp-content\\\/uploads\\\/2025\\\/04\\\/2025-04-18-2.jpg\",\"width\":680,\"height\":307,\"caption\":\"Contact FM 99.3\"},\"image\":{\"@id\":\"https:\\\/\\\/contactfm72.fr\\\/#\\\/schema\\\/logo\\\/image\\\/\"},\"sameAs\":[\"https:\\\/\\\/www.facebook.com\\\/Contactfm.Chateauduloir\",\"https:\\\/\\\/x.com\\\/contactfm72\",\"https:\\\/\\\/www.instagram.com\\\/contact.fm.72?igsh=cGhlMHQ5N2JlNnpp\",\"https:\\\/\\\/www.tiktok.com\\\/@contact.fm\"]},{\"@type\":\"Person\",\"@id\":\"https:\\\/\\\/contactfm72.fr\\\/#\\\/schema\\\/person\\\/d2ef09cdea7331b185acaddc4d14dda8\",\"name\":\"redaction2@contactfm72.fr\",\"image\":{\"@type\":\"ImageObject\",\"inLanguage\":\"fr-FR\",\"@id\":\"https:\\\/\\\/secure.gravatar.com\\\/avatar\\\/897f3d57289c1f4c62cade1c2606ba6ded18d5f1676845e668a9f21cb751c06b?s=96&d=mm&r=g\",\"url\":\"https:\\\/\\\/secure.gravatar.com\\\/avatar\\\/897f3d57289c1f4c62cade1c2606ba6ded18d5f1676845e668a9f21cb751c06b?s=96&d=mm&r=g\",\"contentUrl\":\"https:\\\/\\\/secure.gravatar.com\\\/avatar\\\/897f3d57289c1f4c62cade1c2606ba6ded18d5f1676845e668a9f21cb751c06b?s=96&d=mm&r=g\",\"caption\":\"redaction2@contactfm72.fr\"},\"url\":\"https:\\\/\\\/contactfm72.fr\\\/?author=5\"}]}<\/script>\n<!-- \/ Yoast SEO plugin. -->","yoast_head_json":{"title":"Le Printemps des Po\u00e8tes 2025 sur la communaut\u00e9 de communes Sud Sarthe - Contact FM 99.3","description":"La po\u00e9sie est mise \u00e0 l'honneur !\u00a0Jusqu'au 29 mars, le r\u00e9seau de biblioth\u00e8ques Odyss\u00e9e de la communaut\u00e9 de communes Sud-Sarthe met \u00e0 l'honneur la po\u00e9sie dans plusieurs communes du territoire. Avec des rendez-vous comme des ateliers de lecture, spectacles, rencontres et moments interg\u00e9n\u00e9rationnels, le programme est charg\u00e9 et vari\u00e9.\u00a0Pour parler de cet \u00e9v\u00e9nement, nous avons rencontr\u00e9 C\u00e9line Milles, coordinatrice du r\u00e9seau de biblioth\u00e8ques Odyss\u00e9e qui nous dit tout dans \"L'interview du jour\" le mercredi 19 mars \u00e0 18h, le jeudi 20 mars \u00e0 13h, le samedi 22 mars \u00e0 14h et le dimanche 23 mars \u00e0 11h.","robots":{"index":"index","follow":"follow","max-snippet":"max-snippet:-1","max-image-preview":"max-image-preview:large","max-video-preview":"max-video-preview:-1"},"canonical":"https:\/\/contactfm72.fr\/?p=18928","og_locale":"fr_FR","og_type":"article","og_title":"Le Printemps des Po\u00e8tes 2025 sur la communaut\u00e9 de communes Sud Sarthe - Contact FM 99.3","og_description":"La po\u00e9sie est mise \u00e0 l'honneur !\u00a0Jusqu'au 29 mars, le r\u00e9seau de biblioth\u00e8ques Odyss\u00e9e de la communaut\u00e9 de communes Sud-Sarthe met \u00e0 l'honneur la po\u00e9sie dans plusieurs communes du territoire. Avec des rendez-vous comme des ateliers de lecture, spectacles, rencontres et moments interg\u00e9n\u00e9rationnels, le programme est charg\u00e9 et vari\u00e9.\u00a0Pour parler de cet \u00e9v\u00e9nement, nous avons rencontr\u00e9 C\u00e9line Milles, coordinatrice du r\u00e9seau de biblioth\u00e8ques Odyss\u00e9e qui nous dit tout dans \"L'interview du jour\" le mercredi 19 mars \u00e0 18h, le jeudi 20 mars \u00e0 13h, le samedi 22 mars \u00e0 14h et le dimanche 23 mars \u00e0 11h.","og_url":"https:\/\/contactfm72.fr\/?p=18928","og_site_name":"Contact FM 99.3","article_publisher":"https:\/\/www.facebook.com\/Contactfm.Chateauduloir","article_published_time":"2025-03-19T14:30:04+00:00","article_modified_time":"2025-03-20T16:00:46+00:00","og_image":[{"width":2016,"height":1512,"url":"http:\/\/contactfm72.fr\/wp-content\/uploads\/2025\/03\/Visuel-Contact-FM-2.png","type":"image\/png"}],"author":"redaction2@contactfm72.fr","twitter_card":"summary_large_image","twitter_creator":"@contactfm72","twitter_site":"@contactfm72","twitter_misc":{"\u00c9crit par":"redaction2@contactfm72.fr","Dur\u00e9e de lecture estim\u00e9e":"1 minute"},"schema":{"@context":"https:\/\/schema.org","@graph":[{"@type":"Article","@id":"https:\/\/contactfm72.fr\/?p=18928#article","isPartOf":{"@id":"https:\/\/contactfm72.fr\/?p=18928"},"author":{"name":"redaction2@contactfm72.fr","@id":"https:\/\/contactfm72.fr\/#\/schema\/person\/d2ef09cdea7331b185acaddc4d14dda8"},"headline":"Le Printemps des Po\u00e8tes 2025 sur la communaut\u00e9 de communes Sud Sarthe","datePublished":"2025-03-19T14:30:04+00:00","dateModified":"2025-03-20T16:00:46+00:00","mainEntityOfPage":{"@id":"https:\/\/contactfm72.fr\/?p=18928"},"wordCount":122,"publisher":{"@id":"https:\/\/contactfm72.fr\/#organization"},"image":{"@id":"https:\/\/contactfm72.fr\/?p=18928#primaryimage"},"thumbnailUrl":"https:\/\/contactfm72.fr\/wp-content\/uploads\/2025\/03\/Visuel-Contact-FM-2.png","articleSection":["Contact FM 72","L'interview du jour"],"inLanguage":"fr-FR"},{"@type":"WebPage","@id":"https:\/\/contactfm72.fr\/?p=18928","url":"https:\/\/contactfm72.fr\/?p=18928","name":"Le Printemps des Po\u00e8tes 2025 sur la communaut\u00e9 de communes Sud Sarthe - Contact FM 99.3","isPartOf":{"@id":"https:\/\/contactfm72.fr\/#website"},"primaryImageOfPage":{"@id":"https:\/\/contactfm72.fr\/?p=18928#primaryimage"},"image":{"@id":"https:\/\/contactfm72.fr\/?p=18928#primaryimage"},"thumbnailUrl":"https:\/\/contactfm72.fr\/wp-content\/uploads\/2025\/03\/Visuel-Contact-FM-2.png","datePublished":"2025-03-19T14:30:04+00:00","dateModified":"2025-03-20T16:00:46+00:00","description":"La po\u00e9sie est mise \u00e0 l'honneur !\u00a0Jusqu'au 29 mars, le r\u00e9seau de biblioth\u00e8ques Odyss\u00e9e de la communaut\u00e9 de communes Sud-Sarthe met \u00e0 l'honneur la po\u00e9sie dans plusieurs communes du territoire. Avec des rendez-vous comme des ateliers de lecture, spectacles, rencontres et moments interg\u00e9n\u00e9rationnels, le programme est charg\u00e9 et vari\u00e9.\u00a0Pour parler de cet \u00e9v\u00e9nement, nous avons rencontr\u00e9 C\u00e9line Milles, coordinatrice du r\u00e9seau de biblioth\u00e8ques Odyss\u00e9e qui nous dit tout dans \"L'interview du jour\" le mercredi 19 mars \u00e0 18h, le jeudi 20 mars \u00e0 13h, le samedi 22 mars \u00e0 14h et le dimanche 23 mars \u00e0 11h.","breadcrumb":{"@id":"https:\/\/contactfm72.fr\/?p=18928#breadcrumb"},"inLanguage":"fr-FR","potentialAction":[{"@type":"ReadAction","target":["https:\/\/contactfm72.fr\/?p=18928"]}]},{"@type":"ImageObject","inLanguage":"fr-FR","@id":"https:\/\/contactfm72.fr\/?p=18928#primaryimage","url":"https:\/\/contactfm72.fr\/wp-content\/uploads\/2025\/03\/Visuel-Contact-FM-2.png","contentUrl":"https:\/\/contactfm72.fr\/wp-content\/uploads\/2025\/03\/Visuel-Contact-FM-2.png","width":2016,"height":1512},{"@type":"BreadcrumbList","@id":"https:\/\/contactfm72.fr\/?p=18928#breadcrumb","itemListElement":[{"@type":"ListItem","position":1,"name":"Accueil","item":"https:\/\/contactfm72.fr\/"},{"@type":"ListItem","position":2,"name":"Le Printemps des Po\u00e8tes 2025 sur la communaut\u00e9 de communes Sud Sarthe"}]},{"@type":"WebSite","@id":"https:\/\/contactfm72.fr\/#website","url":"https:\/\/contactfm72.fr\/","name":"Contact FM 99.3","description":"Votre radio en vall\u00e9e du Loir","publisher":{"@id":"https:\/\/contactfm72.fr\/#organization"},"potentialAction":[{"@type":"SearchAction","target":{"@type":"EntryPoint","urlTemplate":"https:\/\/contactfm72.fr\/?s={search_term_string}"},"query-input":{"@type":"PropertyValueSpecification","valueRequired":true,"valueName":"search_term_string"}}],"inLanguage":"fr-FR"},{"@type":"Organization","@id":"https:\/\/contactfm72.fr\/#organization","name":"Contact FM 99.3","url":"https:\/\/contactfm72.fr\/","logo":{"@type":"ImageObject","inLanguage":"fr-FR","@id":"https:\/\/contactfm72.fr\/#\/schema\/logo\/image\/","url":"https:\/\/contactfm72.fr\/wp-content\/uploads\/2025\/04\/2025-04-18-2.jpg","contentUrl":"https:\/\/contactfm72.fr\/wp-content\/uploads\/2025\/04\/2025-04-18-2.jpg","width":680,"height":307,"caption":"Contact FM 99.3"},"image":{"@id":"https:\/\/contactfm72.fr\/#\/schema\/logo\/image\/"},"sameAs":["https:\/\/www.facebook.com\/Contactfm.Chateauduloir","https:\/\/x.com\/contactfm72","https:\/\/www.instagram.com\/contact.fm.72?igsh=cGhlMHQ5N2JlNnpp","https:\/\/www.tiktok.com\/@contact.fm"]},{"@type":"Person","@id":"https:\/\/contactfm72.fr\/#\/schema\/person\/d2ef09cdea7331b185acaddc4d14dda8","name":"redaction2@contactfm72.fr","image":{"@type":"ImageObject","inLanguage":"fr-FR","@id":"https:\/\/secure.gravatar.com\/avatar\/897f3d57289c1f4c62cade1c2606ba6ded18d5f1676845e668a9f21cb751c06b?s=96&d=mm&r=g","url":"https:\/\/secure.gravatar.com\/avatar\/897f3d57289c1f4c62cade1c2606ba6ded18d5f1676845e668a9f21cb751c06b?s=96&d=mm&r=g","contentUrl":"https:\/\/secure.gravatar.com\/avatar\/897f3d57289c1f4c62cade1c2606ba6ded18d5f1676845e668a9f21cb751c06b?s=96&d=mm&r=g","caption":"redaction2@contactfm72.fr"},"url":"https:\/\/contactfm72.fr\/?author=5"}]}},"_links":{"self":[{"href":"https:\/\/contactfm72.fr\/index.php?rest_route=\/wp\/v2\/posts\/18928","targetHints":{"allow":["GET"]}}],"collection":[{"href":"https:\/\/contactfm72.fr\/index.php?rest_route=\/wp\/v2\/posts"}],"about":[{"href":"https:\/\/contactfm72.fr\/index.php?rest_route=\/wp\/v2\/types\/post"}],"author":[{"embeddable":true,"href":"https:\/\/contactfm72.fr\/index.php?rest_route=\/wp\/v2\/users\/5"}],"replies":[{"embeddable":true,"href":"https:\/\/contactfm72.fr\/index.php?rest_route=%2Fwp%2Fv2%2Fcomments&post=18928"}],"version-history":[{"count":2,"href":"https:\/\/contactfm72.fr\/index.php?rest_route=\/wp\/v2\/posts\/18928\/revisions"}],"predecessor-version":[{"id":18937,"href":"https:\/\/contactfm72.fr\/index.php?rest_route=\/wp\/v2\/posts\/18928\/revisions\/18937"}],"wp:featuredmedia":[{"embeddable":true,"href":"https:\/\/contactfm72.fr\/index.php?rest_route=\/wp\/v2\/media\/18929"}],"wp:attachment":[{"href":"https:\/\/contactfm72.fr\/index.php?rest_route=%2Fwp%2Fv2%2Fmedia&parent=18928"}],"wp:term":[{"taxonomy":"category","embeddable":true,"href":"https:\/\/contactfm72.fr\/index.php?rest_route=%2Fwp%2Fv2%2Fcategories&post=18928"},{"taxonomy":"post_tag","embeddable":true,"href":"https:\/\/contactfm72.fr\/index.php?rest_route=%2Fwp%2Fv2%2Ftags&post=18928"}],"curies":[{"name":"wp","href":"https:\/\/api.w.org\/{rel}","templated":true}]}}