{"id":18899,"date":"2025-03-17T12:31:09","date_gmt":"2025-03-17T11:31:09","guid":{"rendered":"https:\/\/contactfm72.fr\/?p=18899"},"modified":"2025-03-17T12:31:09","modified_gmt":"2025-03-17T11:31:09","slug":"les-coquettes-en-spectacle-et-le-festival-sortez-local-au-lude","status":"publish","type":"post","link":"https:\/\/contactfm72.fr\/?p=18899","title":{"rendered":"Les Coquettes en spectacle et le festival &#8220;Sortez Local&#8221; au Lude"},"content":{"rendered":"<p>Les Coquettes jouent au Lude ce dimanche 23 mars.<\/p>\n<p>L\u2019association &#8220;Le Ronsard&#8221; continue sa folle ann\u00e9e culturelle avec la venue du trio d&#8217;humoristes, la programmation du festival &#8220;Sortez Local&#8221; qui se d\u00e9roulera du 25 au 27 avril au Lude, sans oublier le concert d&#8217;Agustin Galiana pr\u00e9vu le samedi 17 mai et un appel \u00e0 candidatures pour la future f\u00eate de la musique.<\/p>\n<p>Elina Salaun, coordinatrice du service culture de la ville du Lude et Mich\u00e8le Bellenger: secr\u00e9taire de l\u2019association \u201cLe Ronsard\u201d sont dans le magazine \u201cEn coulisses\u201d diffus\u00e9 le lundi 17 mars 14h et le mercredi 19 mars \u00e0 19h.<\/p>\n<div id=\"audioigniter-548\" class=\"audioigniter-root \" data-player-type=\"full\" data-tracks-url=\"https:\/\/contactfm72.fr\/?audioigniter_playlist_id=548\" data-display-track-no=\"false\" data-reverse-track-order=\"false\" data-display-tracklist-covers=\"false\" data-display-active-cover=\"false\" data-display-artist-names=\"false\" data-display-buy-buttons=\"true\" data-buy-buttons-target=\"false\" data-cycle-tracks=\"false\" data-display-credits=\"false\" data-display-tracklist=\"true\" data-allow-tracklist-toggle=\"true\" data-allow-tracklist-loop=\"true\" data-limit-tracklist-height=\"true\" data-volume=\"100\" data-tracklist-height=\"185\" data-allow-track-loop=\"false\" ><\/div>\n<!-- AddThis Advanced Settings generic via filter on the_content --><!-- AddThis Share Buttons generic via filter on the_content -->","protected":false},"excerpt":{"rendered":"<p>Les Coquettes jouent au Lude ce dimanche 23 mars. L\u2019association &#8220;Le Ronsard&#8221; continue sa folle ann\u00e9e culturelle avec la venue du trio d&#8217;humoristes, la programmation du festival &#8220;Sortez Local&#8221; qui se d\u00e9roulera du 25 au 27 avril au Lude, sans oublier le concert d&#8217;Agustin Galiana pr\u00e9vu le samedi 17 mai et un appel \u00e0 candidatures&hellip;<!-- AddThis Advanced Settings generic via filter on get_the_excerpt --><!-- AddThis Share Buttons generic via filter on get_the_excerpt --><\/p>\n","protected":false},"author":5,"featured_media":18901,"comment_status":"closed","ping_status":"open","sticky":false,"template":"","format":"standard","meta":{"footnotes":""},"categories":[1,35],"tags":[],"class_list":["post-18899","post","type-post","status-publish","format-standard","has-post-thumbnail","hentry","category-contact-fm-72","category-en-coulisses","category-1","category-35","description-off"],"yoast_head":"<!-- This site is optimized with the Yoast SEO plugin v27.4 - https:\/\/yoast.com\/product\/yoast-seo-wordpress\/ -->\n<title>Les Coquettes en spectacle et le festival &quot;Sortez Local&quot; au Lude - Contact FM 99.3<\/title>\n<meta name=\"description\" content=\"Les Coquettes jouent au Lude dimanche 23 mars !\u00a0L\u2019association &quot;Le Ronsard&quot; continue sa folle ann\u00e9e culturelle avec la venue du trio d&#039;humoristes, la programmation du festival &quot;Sortez Local&quot; qui se d\u00e9roulera du 25 au 27 avril au Lude, sans oublier le concert d&#039;Agustin Galiana pr\u00e9vu le samedi 17 mai et un appel \u00e0 candidatures pour la future f\u00eate de la musique.\u00a0Elina Salaun, coordinatrice du service culture de la ville du Lude et Mich\u00e8le Bellenger: secr\u00e9taire de l\u2019association \u201cLe Ronsard\u201d sont dans le magazine \u201cEn coulisses\u201d diffus\u00e9 le lundi 17 mars 14h et le mercredi 19 mars \u00e0 19h.\" \/>\n<meta name=\"robots\" content=\"index, follow, max-snippet:-1, max-image-preview:large, max-video-preview:-1\" \/>\n<link rel=\"canonical\" href=\"https:\/\/contactfm72.fr\/?p=18899\" \/>\n<meta property=\"og:locale\" content=\"fr_FR\" \/>\n<meta property=\"og:type\" content=\"article\" \/>\n<meta property=\"og:title\" content=\"Les Coquettes en spectacle et le festival &quot;Sortez Local&quot; au Lude - Contact FM 99.3\" \/>\n<meta property=\"og:description\" content=\"Les Coquettes jouent au Lude dimanche 23 mars !\u00a0L\u2019association &quot;Le Ronsard&quot; continue sa folle ann\u00e9e culturelle avec la venue du trio d&#039;humoristes, la programmation du festival &quot;Sortez Local&quot; qui se d\u00e9roulera du 25 au 27 avril au Lude, sans oublier le concert d&#039;Agustin Galiana pr\u00e9vu le samedi 17 mai et un appel \u00e0 candidatures pour la future f\u00eate de la musique.\u00a0Elina Salaun, coordinatrice du service culture de la ville du Lude et Mich\u00e8le Bellenger: secr\u00e9taire de l\u2019association \u201cLe Ronsard\u201d sont dans le magazine \u201cEn coulisses\u201d diffus\u00e9 le lundi 17 mars 14h et le mercredi 19 mars \u00e0 19h.\" \/>\n<meta property=\"og:url\" content=\"https:\/\/contactfm72.fr\/?p=18899\" \/>\n<meta property=\"og:site_name\" content=\"Contact FM 99.3\" \/>\n<meta property=\"article:publisher\" content=\"https:\/\/www.facebook.com\/Contactfm.Chateauduloir\" \/>\n<meta property=\"article:published_time\" content=\"2025-03-17T11:31:09+00:00\" \/>\n<meta property=\"og:image\" content=\"http:\/\/contactfm72.fr\/wp-content\/uploads\/2025\/03\/Visuel-Contact-FM-4.jpg\" \/>\n\t<meta property=\"og:image:width\" content=\"2016\" \/>\n\t<meta property=\"og:image:height\" content=\"1512\" \/>\n\t<meta property=\"og:image:type\" content=\"image\/jpeg\" \/>\n<meta name=\"author\" content=\"redaction2@contactfm72.fr\" \/>\n<meta name=\"twitter:card\" content=\"summary_large_image\" \/>\n<meta name=\"twitter:creator\" content=\"@contactfm72\" \/>\n<meta name=\"twitter:site\" content=\"@contactfm72\" \/>\n<meta name=\"twitter:label1\" content=\"\u00c9crit par\" \/>\n\t<meta name=\"twitter:data1\" content=\"redaction2@contactfm72.fr\" \/>\n\t<meta name=\"twitter:label2\" content=\"Dur\u00e9e de lecture estim\u00e9e\" \/>\n\t<meta name=\"twitter:data2\" content=\"1 minute\" \/>\n<script type=\"application\/ld+json\" class=\"yoast-schema-graph\">{\"@context\":\"https:\\\/\\\/schema.org\",\"@graph\":[{\"@type\":\"Article\",\"@id\":\"https:\\\/\\\/contactfm72.fr\\\/?p=18899#article\",\"isPartOf\":{\"@id\":\"https:\\\/\\\/contactfm72.fr\\\/?p=18899\"},\"author\":{\"name\":\"redaction2@contactfm72.fr\",\"@id\":\"https:\\\/\\\/contactfm72.fr\\\/#\\\/schema\\\/person\\\/d2ef09cdea7331b185acaddc4d14dda8\"},\"headline\":\"Les Coquettes en spectacle et le festival &#8220;Sortez Local&#8221; au Lude\",\"datePublished\":\"2025-03-17T11:31:09+00:00\",\"mainEntityOfPage\":{\"@id\":\"https:\\\/\\\/contactfm72.fr\\\/?p=18899\"},\"wordCount\":116,\"publisher\":{\"@id\":\"https:\\\/\\\/contactfm72.fr\\\/#organization\"},\"image\":{\"@id\":\"https:\\\/\\\/contactfm72.fr\\\/?p=18899#primaryimage\"},\"thumbnailUrl\":\"https:\\\/\\\/contactfm72.fr\\\/wp-content\\\/uploads\\\/2025\\\/03\\\/Visuel-Contact-FM-4.jpg\",\"articleSection\":[\"Contact FM 72\",\"En coulisses\"],\"inLanguage\":\"fr-FR\"},{\"@type\":\"WebPage\",\"@id\":\"https:\\\/\\\/contactfm72.fr\\\/?p=18899\",\"url\":\"https:\\\/\\\/contactfm72.fr\\\/?p=18899\",\"name\":\"Les Coquettes en spectacle et le festival \\\"Sortez Local\\\" au Lude - Contact FM 99.3\",\"isPartOf\":{\"@id\":\"https:\\\/\\\/contactfm72.fr\\\/#website\"},\"primaryImageOfPage\":{\"@id\":\"https:\\\/\\\/contactfm72.fr\\\/?p=18899#primaryimage\"},\"image\":{\"@id\":\"https:\\\/\\\/contactfm72.fr\\\/?p=18899#primaryimage\"},\"thumbnailUrl\":\"https:\\\/\\\/contactfm72.fr\\\/wp-content\\\/uploads\\\/2025\\\/03\\\/Visuel-Contact-FM-4.jpg\",\"datePublished\":\"2025-03-17T11:31:09+00:00\",\"description\":\"Les Coquettes jouent au Lude dimanche 23 mars !\u00a0L\u2019association \\\"Le Ronsard\\\" continue sa folle ann\u00e9e culturelle avec la venue du trio d'humoristes, la programmation du festival \\\"Sortez Local\\\" qui se d\u00e9roulera du 25 au 27 avril au Lude, sans oublier le concert d'Agustin Galiana pr\u00e9vu le samedi 17 mai et un appel \u00e0 candidatures pour la future f\u00eate de la musique.\u00a0Elina Salaun, coordinatrice du service culture de la ville du Lude et Mich\u00e8le Bellenger: secr\u00e9taire de l\u2019association \u201cLe Ronsard\u201d sont dans le magazine \u201cEn coulisses\u201d diffus\u00e9 le lundi 17 mars 14h et le mercredi 19 mars \u00e0 19h.\",\"breadcrumb\":{\"@id\":\"https:\\\/\\\/contactfm72.fr\\\/?p=18899#breadcrumb\"},\"inLanguage\":\"fr-FR\",\"potentialAction\":[{\"@type\":\"ReadAction\",\"target\":[\"https:\\\/\\\/contactfm72.fr\\\/?p=18899\"]}]},{\"@type\":\"ImageObject\",\"inLanguage\":\"fr-FR\",\"@id\":\"https:\\\/\\\/contactfm72.fr\\\/?p=18899#primaryimage\",\"url\":\"https:\\\/\\\/contactfm72.fr\\\/wp-content\\\/uploads\\\/2025\\\/03\\\/Visuel-Contact-FM-4.jpg\",\"contentUrl\":\"https:\\\/\\\/contactfm72.fr\\\/wp-content\\\/uploads\\\/2025\\\/03\\\/Visuel-Contact-FM-4.jpg\",\"width\":2016,\"height\":1512},{\"@type\":\"BreadcrumbList\",\"@id\":\"https:\\\/\\\/contactfm72.fr\\\/?p=18899#breadcrumb\",\"itemListElement\":[{\"@type\":\"ListItem\",\"position\":1,\"name\":\"Accueil\",\"item\":\"https:\\\/\\\/contactfm72.fr\\\/\"},{\"@type\":\"ListItem\",\"position\":2,\"name\":\"Les Coquettes en spectacle et le festival &#8220;Sortez Local&#8221; au Lude\"}]},{\"@type\":\"WebSite\",\"@id\":\"https:\\\/\\\/contactfm72.fr\\\/#website\",\"url\":\"https:\\\/\\\/contactfm72.fr\\\/\",\"name\":\"Contact FM 99.3\",\"description\":\"Votre radio en vall\u00e9e du Loir\",\"publisher\":{\"@id\":\"https:\\\/\\\/contactfm72.fr\\\/#organization\"},\"potentialAction\":[{\"@type\":\"SearchAction\",\"target\":{\"@type\":\"EntryPoint\",\"urlTemplate\":\"https:\\\/\\\/contactfm72.fr\\\/?s={search_term_string}\"},\"query-input\":{\"@type\":\"PropertyValueSpecification\",\"valueRequired\":true,\"valueName\":\"search_term_string\"}}],\"inLanguage\":\"fr-FR\"},{\"@type\":\"Organization\",\"@id\":\"https:\\\/\\\/contactfm72.fr\\\/#organization\",\"name\":\"Contact FM 99.3\",\"url\":\"https:\\\/\\\/contactfm72.fr\\\/\",\"logo\":{\"@type\":\"ImageObject\",\"inLanguage\":\"fr-FR\",\"@id\":\"https:\\\/\\\/contactfm72.fr\\\/#\\\/schema\\\/logo\\\/image\\\/\",\"url\":\"https:\\\/\\\/contactfm72.fr\\\/wp-content\\\/uploads\\\/2025\\\/04\\\/2025-04-18-2.jpg\",\"contentUrl\":\"https:\\\/\\\/contactfm72.fr\\\/wp-content\\\/uploads\\\/2025\\\/04\\\/2025-04-18-2.jpg\",\"width\":680,\"height\":307,\"caption\":\"Contact FM 99.3\"},\"image\":{\"@id\":\"https:\\\/\\\/contactfm72.fr\\\/#\\\/schema\\\/logo\\\/image\\\/\"},\"sameAs\":[\"https:\\\/\\\/www.facebook.com\\\/Contactfm.Chateauduloir\",\"https:\\\/\\\/x.com\\\/contactfm72\",\"https:\\\/\\\/www.instagram.com\\\/contact.fm.72?igsh=cGhlMHQ5N2JlNnpp\",\"https:\\\/\\\/www.tiktok.com\\\/@contact.fm\"]},{\"@type\":\"Person\",\"@id\":\"https:\\\/\\\/contactfm72.fr\\\/#\\\/schema\\\/person\\\/d2ef09cdea7331b185acaddc4d14dda8\",\"name\":\"redaction2@contactfm72.fr\",\"image\":{\"@type\":\"ImageObject\",\"inLanguage\":\"fr-FR\",\"@id\":\"https:\\\/\\\/secure.gravatar.com\\\/avatar\\\/897f3d57289c1f4c62cade1c2606ba6ded18d5f1676845e668a9f21cb751c06b?s=96&d=mm&r=g\",\"url\":\"https:\\\/\\\/secure.gravatar.com\\\/avatar\\\/897f3d57289c1f4c62cade1c2606ba6ded18d5f1676845e668a9f21cb751c06b?s=96&d=mm&r=g\",\"contentUrl\":\"https:\\\/\\\/secure.gravatar.com\\\/avatar\\\/897f3d57289c1f4c62cade1c2606ba6ded18d5f1676845e668a9f21cb751c06b?s=96&d=mm&r=g\",\"caption\":\"redaction2@contactfm72.fr\"},\"url\":\"https:\\\/\\\/contactfm72.fr\\\/?author=5\"}]}<\/script>\n<!-- \/ Yoast SEO plugin. -->","yoast_head_json":{"title":"Les Coquettes en spectacle et le festival \"Sortez Local\" au Lude - Contact FM 99.3","description":"Les Coquettes jouent au Lude dimanche 23 mars !\u00a0L\u2019association \"Le Ronsard\" continue sa folle ann\u00e9e culturelle avec la venue du trio d'humoristes, la programmation du festival \"Sortez Local\" qui se d\u00e9roulera du 25 au 27 avril au Lude, sans oublier le concert d'Agustin Galiana pr\u00e9vu le samedi 17 mai et un appel \u00e0 candidatures pour la future f\u00eate de la musique.\u00a0Elina Salaun, coordinatrice du service culture de la ville du Lude et Mich\u00e8le Bellenger: secr\u00e9taire de l\u2019association \u201cLe Ronsard\u201d sont dans le magazine \u201cEn coulisses\u201d diffus\u00e9 le lundi 17 mars 14h et le mercredi 19 mars \u00e0 19h.","robots":{"index":"index","follow":"follow","max-snippet":"max-snippet:-1","max-image-preview":"max-image-preview:large","max-video-preview":"max-video-preview:-1"},"canonical":"https:\/\/contactfm72.fr\/?p=18899","og_locale":"fr_FR","og_type":"article","og_title":"Les Coquettes en spectacle et le festival \"Sortez Local\" au Lude - Contact FM 99.3","og_description":"Les Coquettes jouent au Lude dimanche 23 mars !\u00a0L\u2019association \"Le Ronsard\" continue sa folle ann\u00e9e culturelle avec la venue du trio d'humoristes, la programmation du festival \"Sortez Local\" qui se d\u00e9roulera du 25 au 27 avril au Lude, sans oublier le concert d'Agustin Galiana pr\u00e9vu le samedi 17 mai et un appel \u00e0 candidatures pour la future f\u00eate de la musique.\u00a0Elina Salaun, coordinatrice du service culture de la ville du Lude et Mich\u00e8le Bellenger: secr\u00e9taire de l\u2019association \u201cLe Ronsard\u201d sont dans le magazine \u201cEn coulisses\u201d diffus\u00e9 le lundi 17 mars 14h et le mercredi 19 mars \u00e0 19h.","og_url":"https:\/\/contactfm72.fr\/?p=18899","og_site_name":"Contact FM 99.3","article_publisher":"https:\/\/www.facebook.com\/Contactfm.Chateauduloir","article_published_time":"2025-03-17T11:31:09+00:00","og_image":[{"width":2016,"height":1512,"url":"http:\/\/contactfm72.fr\/wp-content\/uploads\/2025\/03\/Visuel-Contact-FM-4.jpg","type":"image\/jpeg"}],"author":"redaction2@contactfm72.fr","twitter_card":"summary_large_image","twitter_creator":"@contactfm72","twitter_site":"@contactfm72","twitter_misc":{"\u00c9crit par":"redaction2@contactfm72.fr","Dur\u00e9e de lecture estim\u00e9e":"1 minute"},"schema":{"@context":"https:\/\/schema.org","@graph":[{"@type":"Article","@id":"https:\/\/contactfm72.fr\/?p=18899#article","isPartOf":{"@id":"https:\/\/contactfm72.fr\/?p=18899"},"author":{"name":"redaction2@contactfm72.fr","@id":"https:\/\/contactfm72.fr\/#\/schema\/person\/d2ef09cdea7331b185acaddc4d14dda8"},"headline":"Les Coquettes en spectacle et le festival &#8220;Sortez Local&#8221; au Lude","datePublished":"2025-03-17T11:31:09+00:00","mainEntityOfPage":{"@id":"https:\/\/contactfm72.fr\/?p=18899"},"wordCount":116,"publisher":{"@id":"https:\/\/contactfm72.fr\/#organization"},"image":{"@id":"https:\/\/contactfm72.fr\/?p=18899#primaryimage"},"thumbnailUrl":"https:\/\/contactfm72.fr\/wp-content\/uploads\/2025\/03\/Visuel-Contact-FM-4.jpg","articleSection":["Contact FM 72","En coulisses"],"inLanguage":"fr-FR"},{"@type":"WebPage","@id":"https:\/\/contactfm72.fr\/?p=18899","url":"https:\/\/contactfm72.fr\/?p=18899","name":"Les Coquettes en spectacle et le festival \"Sortez Local\" au Lude - Contact FM 99.3","isPartOf":{"@id":"https:\/\/contactfm72.fr\/#website"},"primaryImageOfPage":{"@id":"https:\/\/contactfm72.fr\/?p=18899#primaryimage"},"image":{"@id":"https:\/\/contactfm72.fr\/?p=18899#primaryimage"},"thumbnailUrl":"https:\/\/contactfm72.fr\/wp-content\/uploads\/2025\/03\/Visuel-Contact-FM-4.jpg","datePublished":"2025-03-17T11:31:09+00:00","description":"Les Coquettes jouent au Lude dimanche 23 mars !\u00a0L\u2019association \"Le Ronsard\" continue sa folle ann\u00e9e culturelle avec la venue du trio d'humoristes, la programmation du festival \"Sortez Local\" qui se d\u00e9roulera du 25 au 27 avril au Lude, sans oublier le concert d'Agustin Galiana pr\u00e9vu le samedi 17 mai et un appel \u00e0 candidatures pour la future f\u00eate de la musique.\u00a0Elina Salaun, coordinatrice du service culture de la ville du Lude et Mich\u00e8le Bellenger: secr\u00e9taire de l\u2019association \u201cLe Ronsard\u201d sont dans le magazine \u201cEn coulisses\u201d diffus\u00e9 le lundi 17 mars 14h et le mercredi 19 mars \u00e0 19h.","breadcrumb":{"@id":"https:\/\/contactfm72.fr\/?p=18899#breadcrumb"},"inLanguage":"fr-FR","potentialAction":[{"@type":"ReadAction","target":["https:\/\/contactfm72.fr\/?p=18899"]}]},{"@type":"ImageObject","inLanguage":"fr-FR","@id":"https:\/\/contactfm72.fr\/?p=18899#primaryimage","url":"https:\/\/contactfm72.fr\/wp-content\/uploads\/2025\/03\/Visuel-Contact-FM-4.jpg","contentUrl":"https:\/\/contactfm72.fr\/wp-content\/uploads\/2025\/03\/Visuel-Contact-FM-4.jpg","width":2016,"height":1512},{"@type":"BreadcrumbList","@id":"https:\/\/contactfm72.fr\/?p=18899#breadcrumb","itemListElement":[{"@type":"ListItem","position":1,"name":"Accueil","item":"https:\/\/contactfm72.fr\/"},{"@type":"ListItem","position":2,"name":"Les Coquettes en spectacle et le festival &#8220;Sortez Local&#8221; au Lude"}]},{"@type":"WebSite","@id":"https:\/\/contactfm72.fr\/#website","url":"https:\/\/contactfm72.fr\/","name":"Contact FM 99.3","description":"Votre radio en vall\u00e9e du Loir","publisher":{"@id":"https:\/\/contactfm72.fr\/#organization"},"potentialAction":[{"@type":"SearchAction","target":{"@type":"EntryPoint","urlTemplate":"https:\/\/contactfm72.fr\/?s={search_term_string}"},"query-input":{"@type":"PropertyValueSpecification","valueRequired":true,"valueName":"search_term_string"}}],"inLanguage":"fr-FR"},{"@type":"Organization","@id":"https:\/\/contactfm72.fr\/#organization","name":"Contact FM 99.3","url":"https:\/\/contactfm72.fr\/","logo":{"@type":"ImageObject","inLanguage":"fr-FR","@id":"https:\/\/contactfm72.fr\/#\/schema\/logo\/image\/","url":"https:\/\/contactfm72.fr\/wp-content\/uploads\/2025\/04\/2025-04-18-2.jpg","contentUrl":"https:\/\/contactfm72.fr\/wp-content\/uploads\/2025\/04\/2025-04-18-2.jpg","width":680,"height":307,"caption":"Contact FM 99.3"},"image":{"@id":"https:\/\/contactfm72.fr\/#\/schema\/logo\/image\/"},"sameAs":["https:\/\/www.facebook.com\/Contactfm.Chateauduloir","https:\/\/x.com\/contactfm72","https:\/\/www.instagram.com\/contact.fm.72?igsh=cGhlMHQ5N2JlNnpp","https:\/\/www.tiktok.com\/@contact.fm"]},{"@type":"Person","@id":"https:\/\/contactfm72.fr\/#\/schema\/person\/d2ef09cdea7331b185acaddc4d14dda8","name":"redaction2@contactfm72.fr","image":{"@type":"ImageObject","inLanguage":"fr-FR","@id":"https:\/\/secure.gravatar.com\/avatar\/897f3d57289c1f4c62cade1c2606ba6ded18d5f1676845e668a9f21cb751c06b?s=96&d=mm&r=g","url":"https:\/\/secure.gravatar.com\/avatar\/897f3d57289c1f4c62cade1c2606ba6ded18d5f1676845e668a9f21cb751c06b?s=96&d=mm&r=g","contentUrl":"https:\/\/secure.gravatar.com\/avatar\/897f3d57289c1f4c62cade1c2606ba6ded18d5f1676845e668a9f21cb751c06b?s=96&d=mm&r=g","caption":"redaction2@contactfm72.fr"},"url":"https:\/\/contactfm72.fr\/?author=5"}]}},"_links":{"self":[{"href":"https:\/\/contactfm72.fr\/index.php?rest_route=\/wp\/v2\/posts\/18899","targetHints":{"allow":["GET"]}}],"collection":[{"href":"https:\/\/contactfm72.fr\/index.php?rest_route=\/wp\/v2\/posts"}],"about":[{"href":"https:\/\/contactfm72.fr\/index.php?rest_route=\/wp\/v2\/types\/post"}],"author":[{"embeddable":true,"href":"https:\/\/contactfm72.fr\/index.php?rest_route=\/wp\/v2\/users\/5"}],"replies":[{"embeddable":true,"href":"https:\/\/contactfm72.fr\/index.php?rest_route=%2Fwp%2Fv2%2Fcomments&post=18899"}],"version-history":[{"count":1,"href":"https:\/\/contactfm72.fr\/index.php?rest_route=\/wp\/v2\/posts\/18899\/revisions"}],"predecessor-version":[{"id":18902,"href":"https:\/\/contactfm72.fr\/index.php?rest_route=\/wp\/v2\/posts\/18899\/revisions\/18902"}],"wp:featuredmedia":[{"embeddable":true,"href":"https:\/\/contactfm72.fr\/index.php?rest_route=\/wp\/v2\/media\/18901"}],"wp:attachment":[{"href":"https:\/\/contactfm72.fr\/index.php?rest_route=%2Fwp%2Fv2%2Fmedia&parent=18899"}],"wp:term":[{"taxonomy":"category","embeddable":true,"href":"https:\/\/contactfm72.fr\/index.php?rest_route=%2Fwp%2Fv2%2Fcategories&post=18899"},{"taxonomy":"post_tag","embeddable":true,"href":"https:\/\/contactfm72.fr\/index.php?rest_route=%2Fwp%2Fv2%2Ftags&post=18899"}],"curies":[{"name":"wp","href":"https:\/\/api.w.org\/{rel}","templated":true}]}}