{"id":18860,"date":"2025-03-13T10:54:01","date_gmt":"2025-03-13T09:54:01","guid":{"rendered":"https:\/\/contactfm72.fr\/?p=18860"},"modified":"2025-03-13T23:00:56","modified_gmt":"2025-03-13T22:00:56","slug":"de-leveil-aux-oeuvres-dart-et-une-exposition-sur-le-travail-de-claude-ponti","status":"publish","type":"post","link":"https:\/\/contactfm72.fr\/?p=18860","title":{"rendered":"De l&#8217;\u00e9veil aux \u0153uvres d&#8217;art et une exposition sur le travail de Claude Ponti"},"content":{"rendered":"<p>Ce mois-ci, on travaille la m\u00e9moire avec la biblioth\u00e8que-ludoth\u00e8que Juliette Drouet !<\/p>\n<p>Au mois de mars, il y a de la couleur avec le jeu de soci\u00e9t\u00e9 &#8220;Little Memo Garden&#8221; et le livre &#8220;L&#8217;ange disparu&#8221; qui est une initiation \u00e0 l&#8217;\u00e9veil aux \u0153uvres d&#8217;arts pour les enfants. On parle aussi des \u00e9v\u00e9nements \u00e0 ne pas rater jusqu&#8217;aux vacances de Printemps, dont l&#8217;exposition sur le travail de Claude Ponti et sa s\u00e9ance de d\u00e9dicaces.<\/p>\n<p>Retrouvez le magazine &#8220;Des livres et vous&#8221; avec Sandra Mercier &amp; Jean-Hugues Pi\u00e9tin, le jeudi 13 mars \u00e0 12h30 et le lundi 17 mars \u00e0 17h30.<\/p>\n<div id=\"audioigniter-292\" class=\"audioigniter-root \" data-player-type=\"full\" data-tracks-url=\"https:\/\/contactfm72.fr\/?audioigniter_playlist_id=292\" data-display-track-no=\"false\" data-reverse-track-order=\"false\" data-display-tracklist-covers=\"false\" data-display-active-cover=\"false\" data-display-artist-names=\"false\" data-display-buy-buttons=\"true\" data-buy-buttons-target=\"false\" data-cycle-tracks=\"false\" data-display-credits=\"false\" data-display-tracklist=\"true\" data-allow-tracklist-toggle=\"true\" data-allow-tracklist-loop=\"true\" data-limit-tracklist-height=\"true\" data-volume=\"100\" data-tracklist-height=\"185\" data-allow-track-loop=\"false\" ><\/div>\n<p>&nbsp;<\/p>\n<!-- AddThis Advanced Settings generic via filter on the_content --><!-- AddThis Share Buttons generic via filter on the_content -->","protected":false},"excerpt":{"rendered":"<p>Ce mois-ci, on travaille la m\u00e9moire avec la biblioth\u00e8que-ludoth\u00e8que Juliette Drouet ! Au mois de mars, il y a de la couleur avec le jeu de soci\u00e9t\u00e9 &#8220;Little Memo Garden&#8221; et le livre &#8220;L&#8217;ange disparu&#8221; qui est une initiation \u00e0 l&#8217;\u00e9veil aux \u0153uvres d&#8217;arts pour les enfants. On parle aussi des \u00e9v\u00e9nements \u00e0 ne pas&hellip;<!-- AddThis Advanced Settings generic via filter on get_the_excerpt --><!-- AddThis Share Buttons generic via filter on get_the_excerpt --><\/p>\n","protected":false},"author":5,"featured_media":18861,"comment_status":"closed","ping_status":"open","sticky":false,"template":"","format":"standard","meta":{"footnotes":""},"categories":[1,20],"tags":[],"class_list":["post-18860","post","type-post","status-publish","format-standard","has-post-thumbnail","hentry","category-contact-fm-72","category-des-livres-et-vous","category-1","category-20","description-off"],"yoast_head":"<!-- This site is optimized with the Yoast SEO plugin v27.4 - https:\/\/yoast.com\/product\/yoast-seo-wordpress\/ -->\n<title>De l&#039;\u00e9veil aux \u0153uvres d&#039;art et une exposition sur le travail de Claude Ponti - Contact FM 99.3<\/title>\n<meta name=\"description\" content=\"Ce mois-ci on travaille la m\u00e9moire avec la biblioth\u00e8que-ludoth\u00e8que Juliette Drouet !\u00a0Au mois de mars, il y a de la couleur avec le jeu de soci\u00e9t\u00e9 avec &quot;Little Memo Garden&quot; jouable \u00e0 partir de 3 ans et le livre &quot;L&#039;ange disparu&quot; qui est une initiation, de l&#039;\u00e9veil aux \u0153uvres d&#039;arts destin\u00e9 aux enfants. Avec en plus les \u00e9v\u00e9nements \u00e0 ne pas rater jusqu&#039;aux vacances de Printemps dont l&#039;exposition sur le travail de Claude Ponti et sa s\u00e9ance de d\u00e9dicaces.\u00a0Retrouvez le magazine &quot;Des livres et vous&quot; avec Sandra Mercier &amp; Jean-Hugues Pi\u00e9tin le jeudi 13 mars \u00e0 12h30 et le lundi 17 mars \u00e0 17h30\" \/>\n<meta name=\"robots\" content=\"index, follow, max-snippet:-1, max-image-preview:large, max-video-preview:-1\" \/>\n<link rel=\"canonical\" href=\"https:\/\/contactfm72.fr\/?p=18860\" \/>\n<meta property=\"og:locale\" content=\"fr_FR\" \/>\n<meta property=\"og:type\" content=\"article\" \/>\n<meta property=\"og:title\" content=\"De l&#039;\u00e9veil aux \u0153uvres d&#039;art et une exposition sur le travail de Claude Ponti - Contact FM 99.3\" \/>\n<meta property=\"og:description\" content=\"Ce mois-ci on travaille la m\u00e9moire avec la biblioth\u00e8que-ludoth\u00e8que Juliette Drouet !\u00a0Au mois de mars, il y a de la couleur avec le jeu de soci\u00e9t\u00e9 avec &quot;Little Memo Garden&quot; jouable \u00e0 partir de 3 ans et le livre &quot;L&#039;ange disparu&quot; qui est une initiation, de l&#039;\u00e9veil aux \u0153uvres d&#039;arts destin\u00e9 aux enfants. Avec en plus les \u00e9v\u00e9nements \u00e0 ne pas rater jusqu&#039;aux vacances de Printemps dont l&#039;exposition sur le travail de Claude Ponti et sa s\u00e9ance de d\u00e9dicaces.\u00a0Retrouvez le magazine &quot;Des livres et vous&quot; avec Sandra Mercier &amp; Jean-Hugues Pi\u00e9tin le jeudi 13 mars \u00e0 12h30 et le lundi 17 mars \u00e0 17h30\" \/>\n<meta property=\"og:url\" content=\"https:\/\/contactfm72.fr\/?p=18860\" \/>\n<meta property=\"og:site_name\" content=\"Contact FM 99.3\" \/>\n<meta property=\"article:publisher\" content=\"https:\/\/www.facebook.com\/Contactfm.Chateauduloir\" \/>\n<meta property=\"article:published_time\" content=\"2025-03-13T09:54:01+00:00\" \/>\n<meta property=\"article:modified_time\" content=\"2025-03-13T22:00:56+00:00\" \/>\n<meta property=\"og:image\" content=\"http:\/\/contactfm72.fr\/wp-content\/uploads\/2025\/03\/Visuel-Contact-FM-1.png\" \/>\n\t<meta property=\"og:image:width\" content=\"1024\" \/>\n\t<meta property=\"og:image:height\" content=\"768\" \/>\n\t<meta property=\"og:image:type\" content=\"image\/png\" \/>\n<meta name=\"author\" content=\"redaction2@contactfm72.fr\" \/>\n<meta name=\"twitter:card\" content=\"summary_large_image\" \/>\n<meta name=\"twitter:creator\" content=\"@contactfm72\" \/>\n<meta name=\"twitter:site\" content=\"@contactfm72\" \/>\n<meta name=\"twitter:label1\" content=\"\u00c9crit par\" \/>\n\t<meta name=\"twitter:data1\" content=\"redaction2@contactfm72.fr\" \/>\n\t<meta name=\"twitter:label2\" content=\"Dur\u00e9e de lecture estim\u00e9e\" \/>\n\t<meta name=\"twitter:data2\" content=\"1 minute\" \/>\n<script type=\"application\/ld+json\" class=\"yoast-schema-graph\">{\"@context\":\"https:\\\/\\\/schema.org\",\"@graph\":[{\"@type\":\"Article\",\"@id\":\"https:\\\/\\\/contactfm72.fr\\\/?p=18860#article\",\"isPartOf\":{\"@id\":\"https:\\\/\\\/contactfm72.fr\\\/?p=18860\"},\"author\":{\"name\":\"redaction2@contactfm72.fr\",\"@id\":\"https:\\\/\\\/contactfm72.fr\\\/#\\\/schema\\\/person\\\/d2ef09cdea7331b185acaddc4d14dda8\"},\"headline\":\"De l&#8217;\u00e9veil aux \u0153uvres d&#8217;art et une exposition sur le travail de Claude Ponti\",\"datePublished\":\"2025-03-13T09:54:01+00:00\",\"dateModified\":\"2025-03-13T22:00:56+00:00\",\"mainEntityOfPage\":{\"@id\":\"https:\\\/\\\/contactfm72.fr\\\/?p=18860\"},\"wordCount\":125,\"publisher\":{\"@id\":\"https:\\\/\\\/contactfm72.fr\\\/#organization\"},\"image\":{\"@id\":\"https:\\\/\\\/contactfm72.fr\\\/?p=18860#primaryimage\"},\"thumbnailUrl\":\"https:\\\/\\\/contactfm72.fr\\\/wp-content\\\/uploads\\\/2025\\\/03\\\/Visuel-Contact-FM-1.png\",\"articleSection\":[\"Contact FM 72\",\"Des livres et vous\"],\"inLanguage\":\"fr-FR\"},{\"@type\":\"WebPage\",\"@id\":\"https:\\\/\\\/contactfm72.fr\\\/?p=18860\",\"url\":\"https:\\\/\\\/contactfm72.fr\\\/?p=18860\",\"name\":\"De l'\u00e9veil aux \u0153uvres d'art et une exposition sur le travail de Claude Ponti - Contact FM 99.3\",\"isPartOf\":{\"@id\":\"https:\\\/\\\/contactfm72.fr\\\/#website\"},\"primaryImageOfPage\":{\"@id\":\"https:\\\/\\\/contactfm72.fr\\\/?p=18860#primaryimage\"},\"image\":{\"@id\":\"https:\\\/\\\/contactfm72.fr\\\/?p=18860#primaryimage\"},\"thumbnailUrl\":\"https:\\\/\\\/contactfm72.fr\\\/wp-content\\\/uploads\\\/2025\\\/03\\\/Visuel-Contact-FM-1.png\",\"datePublished\":\"2025-03-13T09:54:01+00:00\",\"dateModified\":\"2025-03-13T22:00:56+00:00\",\"description\":\"Ce mois-ci on travaille la m\u00e9moire avec la biblioth\u00e8que-ludoth\u00e8que Juliette Drouet !\u00a0Au mois de mars, il y a de la couleur avec le jeu de soci\u00e9t\u00e9 avec \\\"Little Memo Garden\\\" jouable \u00e0 partir de 3 ans et le livre \\\"L'ange disparu\\\" qui est une initiation, de l'\u00e9veil aux \u0153uvres d'arts destin\u00e9 aux enfants. Avec en plus les \u00e9v\u00e9nements \u00e0 ne pas rater jusqu'aux vacances de Printemps dont l'exposition sur le travail de Claude Ponti et sa s\u00e9ance de d\u00e9dicaces.\u00a0Retrouvez le magazine \\\"Des livres et vous\\\" avec Sandra Mercier & Jean-Hugues Pi\u00e9tin le jeudi 13 mars \u00e0 12h30 et le lundi 17 mars \u00e0 17h30\",\"breadcrumb\":{\"@id\":\"https:\\\/\\\/contactfm72.fr\\\/?p=18860#breadcrumb\"},\"inLanguage\":\"fr-FR\",\"potentialAction\":[{\"@type\":\"ReadAction\",\"target\":[\"https:\\\/\\\/contactfm72.fr\\\/?p=18860\"]}]},{\"@type\":\"ImageObject\",\"inLanguage\":\"fr-FR\",\"@id\":\"https:\\\/\\\/contactfm72.fr\\\/?p=18860#primaryimage\",\"url\":\"https:\\\/\\\/contactfm72.fr\\\/wp-content\\\/uploads\\\/2025\\\/03\\\/Visuel-Contact-FM-1.png\",\"contentUrl\":\"https:\\\/\\\/contactfm72.fr\\\/wp-content\\\/uploads\\\/2025\\\/03\\\/Visuel-Contact-FM-1.png\",\"width\":2016,\"height\":1512},{\"@type\":\"BreadcrumbList\",\"@id\":\"https:\\\/\\\/contactfm72.fr\\\/?p=18860#breadcrumb\",\"itemListElement\":[{\"@type\":\"ListItem\",\"position\":1,\"name\":\"Accueil\",\"item\":\"https:\\\/\\\/contactfm72.fr\\\/\"},{\"@type\":\"ListItem\",\"position\":2,\"name\":\"De l&#8217;\u00e9veil aux \u0153uvres d&#8217;art et une exposition sur le travail de Claude Ponti\"}]},{\"@type\":\"WebSite\",\"@id\":\"https:\\\/\\\/contactfm72.fr\\\/#website\",\"url\":\"https:\\\/\\\/contactfm72.fr\\\/\",\"name\":\"Contact FM 99.3\",\"description\":\"Votre radio en vall\u00e9e du Loir\",\"publisher\":{\"@id\":\"https:\\\/\\\/contactfm72.fr\\\/#organization\"},\"potentialAction\":[{\"@type\":\"SearchAction\",\"target\":{\"@type\":\"EntryPoint\",\"urlTemplate\":\"https:\\\/\\\/contactfm72.fr\\\/?s={search_term_string}\"},\"query-input\":{\"@type\":\"PropertyValueSpecification\",\"valueRequired\":true,\"valueName\":\"search_term_string\"}}],\"inLanguage\":\"fr-FR\"},{\"@type\":\"Organization\",\"@id\":\"https:\\\/\\\/contactfm72.fr\\\/#organization\",\"name\":\"Contact FM 99.3\",\"url\":\"https:\\\/\\\/contactfm72.fr\\\/\",\"logo\":{\"@type\":\"ImageObject\",\"inLanguage\":\"fr-FR\",\"@id\":\"https:\\\/\\\/contactfm72.fr\\\/#\\\/schema\\\/logo\\\/image\\\/\",\"url\":\"https:\\\/\\\/contactfm72.fr\\\/wp-content\\\/uploads\\\/2025\\\/04\\\/2025-04-18-2.jpg\",\"contentUrl\":\"https:\\\/\\\/contactfm72.fr\\\/wp-content\\\/uploads\\\/2025\\\/04\\\/2025-04-18-2.jpg\",\"width\":680,\"height\":307,\"caption\":\"Contact FM 99.3\"},\"image\":{\"@id\":\"https:\\\/\\\/contactfm72.fr\\\/#\\\/schema\\\/logo\\\/image\\\/\"},\"sameAs\":[\"https:\\\/\\\/www.facebook.com\\\/Contactfm.Chateauduloir\",\"https:\\\/\\\/x.com\\\/contactfm72\",\"https:\\\/\\\/www.instagram.com\\\/contact.fm.72?igsh=cGhlMHQ5N2JlNnpp\",\"https:\\\/\\\/www.tiktok.com\\\/@contact.fm\"]},{\"@type\":\"Person\",\"@id\":\"https:\\\/\\\/contactfm72.fr\\\/#\\\/schema\\\/person\\\/d2ef09cdea7331b185acaddc4d14dda8\",\"name\":\"redaction2@contactfm72.fr\",\"image\":{\"@type\":\"ImageObject\",\"inLanguage\":\"fr-FR\",\"@id\":\"https:\\\/\\\/secure.gravatar.com\\\/avatar\\\/897f3d57289c1f4c62cade1c2606ba6ded18d5f1676845e668a9f21cb751c06b?s=96&d=mm&r=g\",\"url\":\"https:\\\/\\\/secure.gravatar.com\\\/avatar\\\/897f3d57289c1f4c62cade1c2606ba6ded18d5f1676845e668a9f21cb751c06b?s=96&d=mm&r=g\",\"contentUrl\":\"https:\\\/\\\/secure.gravatar.com\\\/avatar\\\/897f3d57289c1f4c62cade1c2606ba6ded18d5f1676845e668a9f21cb751c06b?s=96&d=mm&r=g\",\"caption\":\"redaction2@contactfm72.fr\"},\"url\":\"https:\\\/\\\/contactfm72.fr\\\/?author=5\"}]}<\/script>\n<!-- \/ Yoast SEO plugin. -->","yoast_head_json":{"title":"De l'\u00e9veil aux \u0153uvres d'art et une exposition sur le travail de Claude Ponti - Contact FM 99.3","description":"Ce mois-ci on travaille la m\u00e9moire avec la biblioth\u00e8que-ludoth\u00e8que Juliette Drouet !\u00a0Au mois de mars, il y a de la couleur avec le jeu de soci\u00e9t\u00e9 avec \"Little Memo Garden\" jouable \u00e0 partir de 3 ans et le livre \"L'ange disparu\" qui est une initiation, de l'\u00e9veil aux \u0153uvres d'arts destin\u00e9 aux enfants. Avec en plus les \u00e9v\u00e9nements \u00e0 ne pas rater jusqu'aux vacances de Printemps dont l'exposition sur le travail de Claude Ponti et sa s\u00e9ance de d\u00e9dicaces.\u00a0Retrouvez le magazine \"Des livres et vous\" avec Sandra Mercier & Jean-Hugues Pi\u00e9tin le jeudi 13 mars \u00e0 12h30 et le lundi 17 mars \u00e0 17h30","robots":{"index":"index","follow":"follow","max-snippet":"max-snippet:-1","max-image-preview":"max-image-preview:large","max-video-preview":"max-video-preview:-1"},"canonical":"https:\/\/contactfm72.fr\/?p=18860","og_locale":"fr_FR","og_type":"article","og_title":"De l'\u00e9veil aux \u0153uvres d'art et une exposition sur le travail de Claude Ponti - Contact FM 99.3","og_description":"Ce mois-ci on travaille la m\u00e9moire avec la biblioth\u00e8que-ludoth\u00e8que Juliette Drouet !\u00a0Au mois de mars, il y a de la couleur avec le jeu de soci\u00e9t\u00e9 avec \"Little Memo Garden\" jouable \u00e0 partir de 3 ans et le livre \"L'ange disparu\" qui est une initiation, de l'\u00e9veil aux \u0153uvres d'arts destin\u00e9 aux enfants. Avec en plus les \u00e9v\u00e9nements \u00e0 ne pas rater jusqu'aux vacances de Printemps dont l'exposition sur le travail de Claude Ponti et sa s\u00e9ance de d\u00e9dicaces.\u00a0Retrouvez le magazine \"Des livres et vous\" avec Sandra Mercier & Jean-Hugues Pi\u00e9tin le jeudi 13 mars \u00e0 12h30 et le lundi 17 mars \u00e0 17h30","og_url":"https:\/\/contactfm72.fr\/?p=18860","og_site_name":"Contact FM 99.3","article_publisher":"https:\/\/www.facebook.com\/Contactfm.Chateauduloir","article_published_time":"2025-03-13T09:54:01+00:00","article_modified_time":"2025-03-13T22:00:56+00:00","og_image":[{"url":"http:\/\/contactfm72.fr\/wp-content\/uploads\/2025\/03\/Visuel-Contact-FM-1.png","width":1024,"height":768,"type":"image\/png"}],"author":"redaction2@contactfm72.fr","twitter_card":"summary_large_image","twitter_creator":"@contactfm72","twitter_site":"@contactfm72","twitter_misc":{"\u00c9crit par":"redaction2@contactfm72.fr","Dur\u00e9e de lecture estim\u00e9e":"1 minute"},"schema":{"@context":"https:\/\/schema.org","@graph":[{"@type":"Article","@id":"https:\/\/contactfm72.fr\/?p=18860#article","isPartOf":{"@id":"https:\/\/contactfm72.fr\/?p=18860"},"author":{"name":"redaction2@contactfm72.fr","@id":"https:\/\/contactfm72.fr\/#\/schema\/person\/d2ef09cdea7331b185acaddc4d14dda8"},"headline":"De l&#8217;\u00e9veil aux \u0153uvres d&#8217;art et une exposition sur le travail de Claude Ponti","datePublished":"2025-03-13T09:54:01+00:00","dateModified":"2025-03-13T22:00:56+00:00","mainEntityOfPage":{"@id":"https:\/\/contactfm72.fr\/?p=18860"},"wordCount":125,"publisher":{"@id":"https:\/\/contactfm72.fr\/#organization"},"image":{"@id":"https:\/\/contactfm72.fr\/?p=18860#primaryimage"},"thumbnailUrl":"https:\/\/contactfm72.fr\/wp-content\/uploads\/2025\/03\/Visuel-Contact-FM-1.png","articleSection":["Contact FM 72","Des livres et vous"],"inLanguage":"fr-FR"},{"@type":"WebPage","@id":"https:\/\/contactfm72.fr\/?p=18860","url":"https:\/\/contactfm72.fr\/?p=18860","name":"De l'\u00e9veil aux \u0153uvres d'art et une exposition sur le travail de Claude Ponti - Contact FM 99.3","isPartOf":{"@id":"https:\/\/contactfm72.fr\/#website"},"primaryImageOfPage":{"@id":"https:\/\/contactfm72.fr\/?p=18860#primaryimage"},"image":{"@id":"https:\/\/contactfm72.fr\/?p=18860#primaryimage"},"thumbnailUrl":"https:\/\/contactfm72.fr\/wp-content\/uploads\/2025\/03\/Visuel-Contact-FM-1.png","datePublished":"2025-03-13T09:54:01+00:00","dateModified":"2025-03-13T22:00:56+00:00","description":"Ce mois-ci on travaille la m\u00e9moire avec la biblioth\u00e8que-ludoth\u00e8que Juliette Drouet !\u00a0Au mois de mars, il y a de la couleur avec le jeu de soci\u00e9t\u00e9 avec \"Little Memo Garden\" jouable \u00e0 partir de 3 ans et le livre \"L'ange disparu\" qui est une initiation, de l'\u00e9veil aux \u0153uvres d'arts destin\u00e9 aux enfants. Avec en plus les \u00e9v\u00e9nements \u00e0 ne pas rater jusqu'aux vacances de Printemps dont l'exposition sur le travail de Claude Ponti et sa s\u00e9ance de d\u00e9dicaces.\u00a0Retrouvez le magazine \"Des livres et vous\" avec Sandra Mercier & Jean-Hugues Pi\u00e9tin le jeudi 13 mars \u00e0 12h30 et le lundi 17 mars \u00e0 17h30","breadcrumb":{"@id":"https:\/\/contactfm72.fr\/?p=18860#breadcrumb"},"inLanguage":"fr-FR","potentialAction":[{"@type":"ReadAction","target":["https:\/\/contactfm72.fr\/?p=18860"]}]},{"@type":"ImageObject","inLanguage":"fr-FR","@id":"https:\/\/contactfm72.fr\/?p=18860#primaryimage","url":"https:\/\/contactfm72.fr\/wp-content\/uploads\/2025\/03\/Visuel-Contact-FM-1.png","contentUrl":"https:\/\/contactfm72.fr\/wp-content\/uploads\/2025\/03\/Visuel-Contact-FM-1.png","width":2016,"height":1512},{"@type":"BreadcrumbList","@id":"https:\/\/contactfm72.fr\/?p=18860#breadcrumb","itemListElement":[{"@type":"ListItem","position":1,"name":"Accueil","item":"https:\/\/contactfm72.fr\/"},{"@type":"ListItem","position":2,"name":"De l&#8217;\u00e9veil aux \u0153uvres d&#8217;art et une exposition sur le travail de Claude Ponti"}]},{"@type":"WebSite","@id":"https:\/\/contactfm72.fr\/#website","url":"https:\/\/contactfm72.fr\/","name":"Contact FM 99.3","description":"Votre radio en vall\u00e9e du Loir","publisher":{"@id":"https:\/\/contactfm72.fr\/#organization"},"potentialAction":[{"@type":"SearchAction","target":{"@type":"EntryPoint","urlTemplate":"https:\/\/contactfm72.fr\/?s={search_term_string}"},"query-input":{"@type":"PropertyValueSpecification","valueRequired":true,"valueName":"search_term_string"}}],"inLanguage":"fr-FR"},{"@type":"Organization","@id":"https:\/\/contactfm72.fr\/#organization","name":"Contact FM 99.3","url":"https:\/\/contactfm72.fr\/","logo":{"@type":"ImageObject","inLanguage":"fr-FR","@id":"https:\/\/contactfm72.fr\/#\/schema\/logo\/image\/","url":"https:\/\/contactfm72.fr\/wp-content\/uploads\/2025\/04\/2025-04-18-2.jpg","contentUrl":"https:\/\/contactfm72.fr\/wp-content\/uploads\/2025\/04\/2025-04-18-2.jpg","width":680,"height":307,"caption":"Contact FM 99.3"},"image":{"@id":"https:\/\/contactfm72.fr\/#\/schema\/logo\/image\/"},"sameAs":["https:\/\/www.facebook.com\/Contactfm.Chateauduloir","https:\/\/x.com\/contactfm72","https:\/\/www.instagram.com\/contact.fm.72?igsh=cGhlMHQ5N2JlNnpp","https:\/\/www.tiktok.com\/@contact.fm"]},{"@type":"Person","@id":"https:\/\/contactfm72.fr\/#\/schema\/person\/d2ef09cdea7331b185acaddc4d14dda8","name":"redaction2@contactfm72.fr","image":{"@type":"ImageObject","inLanguage":"fr-FR","@id":"https:\/\/secure.gravatar.com\/avatar\/897f3d57289c1f4c62cade1c2606ba6ded18d5f1676845e668a9f21cb751c06b?s=96&d=mm&r=g","url":"https:\/\/secure.gravatar.com\/avatar\/897f3d57289c1f4c62cade1c2606ba6ded18d5f1676845e668a9f21cb751c06b?s=96&d=mm&r=g","contentUrl":"https:\/\/secure.gravatar.com\/avatar\/897f3d57289c1f4c62cade1c2606ba6ded18d5f1676845e668a9f21cb751c06b?s=96&d=mm&r=g","caption":"redaction2@contactfm72.fr"},"url":"https:\/\/contactfm72.fr\/?author=5"}]}},"_links":{"self":[{"href":"https:\/\/contactfm72.fr\/index.php?rest_route=\/wp\/v2\/posts\/18860","targetHints":{"allow":["GET"]}}],"collection":[{"href":"https:\/\/contactfm72.fr\/index.php?rest_route=\/wp\/v2\/posts"}],"about":[{"href":"https:\/\/contactfm72.fr\/index.php?rest_route=\/wp\/v2\/types\/post"}],"author":[{"embeddable":true,"href":"https:\/\/contactfm72.fr\/index.php?rest_route=\/wp\/v2\/users\/5"}],"replies":[{"embeddable":true,"href":"https:\/\/contactfm72.fr\/index.php?rest_route=%2Fwp%2Fv2%2Fcomments&post=18860"}],"version-history":[{"count":4,"href":"https:\/\/contactfm72.fr\/index.php?rest_route=\/wp\/v2\/posts\/18860\/revisions"}],"predecessor-version":[{"id":18878,"href":"https:\/\/contactfm72.fr\/index.php?rest_route=\/wp\/v2\/posts\/18860\/revisions\/18878"}],"wp:featuredmedia":[{"embeddable":true,"href":"https:\/\/contactfm72.fr\/index.php?rest_route=\/wp\/v2\/media\/18861"}],"wp:attachment":[{"href":"https:\/\/contactfm72.fr\/index.php?rest_route=%2Fwp%2Fv2%2Fmedia&parent=18860"}],"wp:term":[{"taxonomy":"category","embeddable":true,"href":"https:\/\/contactfm72.fr\/index.php?rest_route=%2Fwp%2Fv2%2Fcategories&post=18860"},{"taxonomy":"post_tag","embeddable":true,"href":"https:\/\/contactfm72.fr\/index.php?rest_route=%2Fwp%2Fv2%2Ftags&post=18860"}],"curies":[{"name":"wp","href":"https:\/\/api.w.org\/{rel}","templated":true}]}}