{"id":18833,"date":"2025-03-11T16:18:45","date_gmt":"2025-03-11T15:18:45","guid":{"rendered":"https:\/\/contactfm72.fr\/?p=18833"},"modified":"2025-03-11T16:28:31","modified_gmt":"2025-03-11T15:28:31","slug":"fee-no-men-presente-son-exposition-a-la-chartre-sur-le-loir","status":"publish","type":"post","link":"https:\/\/contactfm72.fr\/?p=18833","title":{"rendered":"Fee No Men pr\u00e9sente son exposition \u00e0 la Chartre-sur-le-Loir"},"content":{"rendered":"<p>Des portraits de femmes \u00e0 la Chartre-sur-le-Loir !<\/p>\n<p>Nolwenn Gourdon AkA &#8220;Fee No Men&#8221; est une artiste-peintre autodidacte, elle s&#8217;est mise \u00e0 la peinture en f\u00e9vrier 2024 et tr\u00e8s rapidement commenc\u00e9 \u00e0 exposer. Elle nous explique son processus de cr\u00e9ation des &#8220;Portraits de Femmes&#8221; et ainsi que l&#8217;opportunit\u00e9 d&#8217;exposer au centre social &#8220;Val du Loir&#8221; \u00e0 La Chartre-sur-le-Loir jusqu&#8217;au 8 avril 2025. Un vernissage est organis\u00e9 le mercredi 12 mars au centre social \u00e0 18h.<\/p>\n<p>L&#8217;artiste est dans &#8220;L&#8217;interview du jour&#8221; le mardi 11 mars \u00e0 18h, le mercredi 12 mars \u00e0 13h, le samedi 15 mars \u00e0 14h et le dimanche 16 mars \u00e0 11h.<\/p>\n<div id=\"audioigniter-283\" class=\"audioigniter-root \" data-player-type=\"full\" data-tracks-url=\"https:\/\/contactfm72.fr\/?audioigniter_playlist_id=283\" data-display-track-no=\"false\" data-reverse-track-order=\"false\" data-display-tracklist-covers=\"false\" data-display-active-cover=\"false\" data-display-artist-names=\"false\" data-display-buy-buttons=\"true\" data-buy-buttons-target=\"false\" data-cycle-tracks=\"false\" data-display-credits=\"false\" data-display-tracklist=\"true\" data-allow-tracklist-toggle=\"false\" data-allow-tracklist-loop=\"true\" data-limit-tracklist-height=\"true\" data-volume=\"100\" data-tracklist-height=\"185\" data-allow-track-loop=\"false\" ><\/div>\n<p>&nbsp;<\/p>\n<!-- AddThis Advanced Settings generic via filter on the_content --><!-- AddThis Share Buttons generic via filter on the_content -->","protected":false},"excerpt":{"rendered":"<p>Des portraits de femmes \u00e0 la Chartre-sur-le-Loir ! Nolwenn Gourdon AkA &#8220;Fee No Men&#8221; est une artiste-peintre autodidacte, elle s&#8217;est mise \u00e0 la peinture en f\u00e9vrier 2024 et tr\u00e8s rapidement commenc\u00e9 \u00e0 exposer. Elle nous explique son processus de cr\u00e9ation des &#8220;Portraits de Femmes&#8221; et ainsi que l&#8217;opportunit\u00e9 d&#8217;exposer au centre social &#8220;Val du Loir&#8221;&hellip;<!-- AddThis Advanced Settings generic via filter on get_the_excerpt --><!-- AddThis Share Buttons generic via filter on get_the_excerpt --><\/p>\n","protected":false},"author":5,"featured_media":18834,"comment_status":"closed","ping_status":"open","sticky":false,"template":"","format":"standard","meta":{"footnotes":""},"categories":[1,5],"tags":[],"class_list":["post-18833","post","type-post","status-publish","format-standard","has-post-thumbnail","hentry","category-contact-fm-72","category-linterview-du-jour","category-1","category-5","description-off"],"yoast_head":"<!-- This site is optimized with the Yoast SEO plugin v27.4 - https:\/\/yoast.com\/product\/yoast-seo-wordpress\/ -->\n<title>Fee No Men pr\u00e9sente son exposition \u00e0 la Chartre-sur-le-Loir - Contact FM 99.3<\/title>\n<meta name=\"description\" content=\"Des portraits de femmes pendant le mois de la femme !\u00a0Nolwenn Gourdon AkA &quot;Fee No Men&quot; est une artiste-peintre autodidacte, elle s&#039;est mise \u00e0 la peinture en juin 2024 et tr\u00e8s rapidement commenc\u00e9 \u00e0 exposer. Elle nous explique son processus de cr\u00e9ation des &quot;Portraits de Femmes&quot; et ainsi que l&#039;opportunit\u00e9 d&#039;exposer au centre social &quot;Val du Loir&quot; \u00e0 La Chartre-sur-le-Loir jusqu&#039;au 8 avril 2025. Un vernissage est organis\u00e9 le mercredi 12 mars au centre social \u00e0 18h.L&#039;artiste est dans &quot;L&#039;interview du jour&quot; le mardi 11 mars \u00e0 18h, le mercredi 12 mars \u00e0 13h, le samedi 15 mars \u00e0 14h et le dimanche 16 mars \u00e0 11h.\" \/>\n<meta name=\"robots\" content=\"index, follow, max-snippet:-1, max-image-preview:large, max-video-preview:-1\" \/>\n<link rel=\"canonical\" href=\"https:\/\/contactfm72.fr\/?p=18833\" \/>\n<meta property=\"og:locale\" content=\"fr_FR\" \/>\n<meta property=\"og:type\" content=\"article\" \/>\n<meta property=\"og:title\" content=\"Fee No Men pr\u00e9sente son exposition \u00e0 la Chartre-sur-le-Loir - Contact FM 99.3\" \/>\n<meta property=\"og:description\" content=\"Des portraits de femmes pendant le mois de la femme !\u00a0Nolwenn Gourdon AkA &quot;Fee No Men&quot; est une artiste-peintre autodidacte, elle s&#039;est mise \u00e0 la peinture en juin 2024 et tr\u00e8s rapidement commenc\u00e9 \u00e0 exposer. Elle nous explique son processus de cr\u00e9ation des &quot;Portraits de Femmes&quot; et ainsi que l&#039;opportunit\u00e9 d&#039;exposer au centre social &quot;Val du Loir&quot; \u00e0 La Chartre-sur-le-Loir jusqu&#039;au 8 avril 2025. Un vernissage est organis\u00e9 le mercredi 12 mars au centre social \u00e0 18h.L&#039;artiste est dans &quot;L&#039;interview du jour&quot; le mardi 11 mars \u00e0 18h, le mercredi 12 mars \u00e0 13h, le samedi 15 mars \u00e0 14h et le dimanche 16 mars \u00e0 11h.\" \/>\n<meta property=\"og:url\" content=\"https:\/\/contactfm72.fr\/?p=18833\" \/>\n<meta property=\"og:site_name\" content=\"Contact FM 99.3\" \/>\n<meta property=\"article:publisher\" content=\"https:\/\/www.facebook.com\/Contactfm.Chateauduloir\" \/>\n<meta property=\"article:published_time\" content=\"2025-03-11T15:18:45+00:00\" \/>\n<meta property=\"article:modified_time\" content=\"2025-03-11T15:28:31+00:00\" \/>\n<meta property=\"og:image\" content=\"http:\/\/contactfm72.fr\/wp-content\/uploads\/2025\/03\/Visuel-Contact-FM.png\" \/>\n\t<meta property=\"og:image:width\" content=\"1024\" \/>\n\t<meta property=\"og:image:height\" content=\"768\" \/>\n\t<meta property=\"og:image:type\" content=\"image\/png\" \/>\n<meta name=\"author\" content=\"redaction2@contactfm72.fr\" \/>\n<meta name=\"twitter:card\" content=\"summary_large_image\" \/>\n<meta name=\"twitter:creator\" content=\"@contactfm72\" \/>\n<meta name=\"twitter:site\" content=\"@contactfm72\" \/>\n<meta name=\"twitter:label1\" content=\"\u00c9crit par\" \/>\n\t<meta name=\"twitter:data1\" content=\"redaction2@contactfm72.fr\" \/>\n\t<meta name=\"twitter:label2\" content=\"Dur\u00e9e de lecture estim\u00e9e\" \/>\n\t<meta name=\"twitter:data2\" content=\"1 minute\" \/>\n<script type=\"application\/ld+json\" class=\"yoast-schema-graph\">{\"@context\":\"https:\\\/\\\/schema.org\",\"@graph\":[{\"@type\":\"Article\",\"@id\":\"https:\\\/\\\/contactfm72.fr\\\/?p=18833#article\",\"isPartOf\":{\"@id\":\"https:\\\/\\\/contactfm72.fr\\\/?p=18833\"},\"author\":{\"name\":\"redaction2@contactfm72.fr\",\"@id\":\"https:\\\/\\\/contactfm72.fr\\\/#\\\/schema\\\/person\\\/d2ef09cdea7331b185acaddc4d14dda8\"},\"headline\":\"Fee No Men pr\u00e9sente son exposition \u00e0 la Chartre-sur-le-Loir\",\"datePublished\":\"2025-03-11T15:18:45+00:00\",\"dateModified\":\"2025-03-11T15:28:31+00:00\",\"mainEntityOfPage\":{\"@id\":\"https:\\\/\\\/contactfm72.fr\\\/?p=18833\"},\"wordCount\":110,\"publisher\":{\"@id\":\"https:\\\/\\\/contactfm72.fr\\\/#organization\"},\"image\":{\"@id\":\"https:\\\/\\\/contactfm72.fr\\\/?p=18833#primaryimage\"},\"thumbnailUrl\":\"https:\\\/\\\/contactfm72.fr\\\/wp-content\\\/uploads\\\/2025\\\/03\\\/Visuel-Contact-FM.png\",\"articleSection\":[\"Contact FM 72\",\"L'interview du jour\"],\"inLanguage\":\"fr-FR\"},{\"@type\":\"WebPage\",\"@id\":\"https:\\\/\\\/contactfm72.fr\\\/?p=18833\",\"url\":\"https:\\\/\\\/contactfm72.fr\\\/?p=18833\",\"name\":\"Fee No Men pr\u00e9sente son exposition \u00e0 la Chartre-sur-le-Loir - Contact FM 99.3\",\"isPartOf\":{\"@id\":\"https:\\\/\\\/contactfm72.fr\\\/#website\"},\"primaryImageOfPage\":{\"@id\":\"https:\\\/\\\/contactfm72.fr\\\/?p=18833#primaryimage\"},\"image\":{\"@id\":\"https:\\\/\\\/contactfm72.fr\\\/?p=18833#primaryimage\"},\"thumbnailUrl\":\"https:\\\/\\\/contactfm72.fr\\\/wp-content\\\/uploads\\\/2025\\\/03\\\/Visuel-Contact-FM.png\",\"datePublished\":\"2025-03-11T15:18:45+00:00\",\"dateModified\":\"2025-03-11T15:28:31+00:00\",\"description\":\"Des portraits de femmes pendant le mois de la femme !\u00a0Nolwenn Gourdon AkA \\\"Fee No Men\\\" est une artiste-peintre autodidacte, elle s'est mise \u00e0 la peinture en juin 2024 et tr\u00e8s rapidement commenc\u00e9 \u00e0 exposer. Elle nous explique son processus de cr\u00e9ation des \\\"Portraits de Femmes\\\" et ainsi que l'opportunit\u00e9 d'exposer au centre social \\\"Val du Loir\\\" \u00e0 La Chartre-sur-le-Loir jusqu'au 8 avril 2025. Un vernissage est organis\u00e9 le mercredi 12 mars au centre social \u00e0 18h.L'artiste est dans \\\"L'interview du jour\\\" le mardi 11 mars \u00e0 18h, le mercredi 12 mars \u00e0 13h, le samedi 15 mars \u00e0 14h et le dimanche 16 mars \u00e0 11h.\",\"breadcrumb\":{\"@id\":\"https:\\\/\\\/contactfm72.fr\\\/?p=18833#breadcrumb\"},\"inLanguage\":\"fr-FR\",\"potentialAction\":[{\"@type\":\"ReadAction\",\"target\":[\"https:\\\/\\\/contactfm72.fr\\\/?p=18833\"]}]},{\"@type\":\"ImageObject\",\"inLanguage\":\"fr-FR\",\"@id\":\"https:\\\/\\\/contactfm72.fr\\\/?p=18833#primaryimage\",\"url\":\"https:\\\/\\\/contactfm72.fr\\\/wp-content\\\/uploads\\\/2025\\\/03\\\/Visuel-Contact-FM.png\",\"contentUrl\":\"https:\\\/\\\/contactfm72.fr\\\/wp-content\\\/uploads\\\/2025\\\/03\\\/Visuel-Contact-FM.png\",\"width\":2016,\"height\":1512},{\"@type\":\"BreadcrumbList\",\"@id\":\"https:\\\/\\\/contactfm72.fr\\\/?p=18833#breadcrumb\",\"itemListElement\":[{\"@type\":\"ListItem\",\"position\":1,\"name\":\"Accueil\",\"item\":\"https:\\\/\\\/contactfm72.fr\\\/\"},{\"@type\":\"ListItem\",\"position\":2,\"name\":\"Fee No Men pr\u00e9sente son exposition \u00e0 la Chartre-sur-le-Loir\"}]},{\"@type\":\"WebSite\",\"@id\":\"https:\\\/\\\/contactfm72.fr\\\/#website\",\"url\":\"https:\\\/\\\/contactfm72.fr\\\/\",\"name\":\"Contact FM 99.3\",\"description\":\"Votre radio en vall\u00e9e du Loir\",\"publisher\":{\"@id\":\"https:\\\/\\\/contactfm72.fr\\\/#organization\"},\"potentialAction\":[{\"@type\":\"SearchAction\",\"target\":{\"@type\":\"EntryPoint\",\"urlTemplate\":\"https:\\\/\\\/contactfm72.fr\\\/?s={search_term_string}\"},\"query-input\":{\"@type\":\"PropertyValueSpecification\",\"valueRequired\":true,\"valueName\":\"search_term_string\"}}],\"inLanguage\":\"fr-FR\"},{\"@type\":\"Organization\",\"@id\":\"https:\\\/\\\/contactfm72.fr\\\/#organization\",\"name\":\"Contact FM 99.3\",\"url\":\"https:\\\/\\\/contactfm72.fr\\\/\",\"logo\":{\"@type\":\"ImageObject\",\"inLanguage\":\"fr-FR\",\"@id\":\"https:\\\/\\\/contactfm72.fr\\\/#\\\/schema\\\/logo\\\/image\\\/\",\"url\":\"https:\\\/\\\/contactfm72.fr\\\/wp-content\\\/uploads\\\/2025\\\/04\\\/2025-04-18-2.jpg\",\"contentUrl\":\"https:\\\/\\\/contactfm72.fr\\\/wp-content\\\/uploads\\\/2025\\\/04\\\/2025-04-18-2.jpg\",\"width\":680,\"height\":307,\"caption\":\"Contact FM 99.3\"},\"image\":{\"@id\":\"https:\\\/\\\/contactfm72.fr\\\/#\\\/schema\\\/logo\\\/image\\\/\"},\"sameAs\":[\"https:\\\/\\\/www.facebook.com\\\/Contactfm.Chateauduloir\",\"https:\\\/\\\/x.com\\\/contactfm72\",\"https:\\\/\\\/www.instagram.com\\\/contact.fm.72?igsh=cGhlMHQ5N2JlNnpp\",\"https:\\\/\\\/www.tiktok.com\\\/@contact.fm\"]},{\"@type\":\"Person\",\"@id\":\"https:\\\/\\\/contactfm72.fr\\\/#\\\/schema\\\/person\\\/d2ef09cdea7331b185acaddc4d14dda8\",\"name\":\"redaction2@contactfm72.fr\",\"image\":{\"@type\":\"ImageObject\",\"inLanguage\":\"fr-FR\",\"@id\":\"https:\\\/\\\/secure.gravatar.com\\\/avatar\\\/897f3d57289c1f4c62cade1c2606ba6ded18d5f1676845e668a9f21cb751c06b?s=96&d=mm&r=g\",\"url\":\"https:\\\/\\\/secure.gravatar.com\\\/avatar\\\/897f3d57289c1f4c62cade1c2606ba6ded18d5f1676845e668a9f21cb751c06b?s=96&d=mm&r=g\",\"contentUrl\":\"https:\\\/\\\/secure.gravatar.com\\\/avatar\\\/897f3d57289c1f4c62cade1c2606ba6ded18d5f1676845e668a9f21cb751c06b?s=96&d=mm&r=g\",\"caption\":\"redaction2@contactfm72.fr\"},\"url\":\"https:\\\/\\\/contactfm72.fr\\\/?author=5\"}]}<\/script>\n<!-- \/ Yoast SEO plugin. -->","yoast_head_json":{"title":"Fee No Men pr\u00e9sente son exposition \u00e0 la Chartre-sur-le-Loir - Contact FM 99.3","description":"Des portraits de femmes pendant le mois de la femme !\u00a0Nolwenn Gourdon AkA \"Fee No Men\" est une artiste-peintre autodidacte, elle s'est mise \u00e0 la peinture en juin 2024 et tr\u00e8s rapidement commenc\u00e9 \u00e0 exposer. Elle nous explique son processus de cr\u00e9ation des \"Portraits de Femmes\" et ainsi que l'opportunit\u00e9 d'exposer au centre social \"Val du Loir\" \u00e0 La Chartre-sur-le-Loir jusqu'au 8 avril 2025. Un vernissage est organis\u00e9 le mercredi 12 mars au centre social \u00e0 18h.L'artiste est dans \"L'interview du jour\" le mardi 11 mars \u00e0 18h, le mercredi 12 mars \u00e0 13h, le samedi 15 mars \u00e0 14h et le dimanche 16 mars \u00e0 11h.","robots":{"index":"index","follow":"follow","max-snippet":"max-snippet:-1","max-image-preview":"max-image-preview:large","max-video-preview":"max-video-preview:-1"},"canonical":"https:\/\/contactfm72.fr\/?p=18833","og_locale":"fr_FR","og_type":"article","og_title":"Fee No Men pr\u00e9sente son exposition \u00e0 la Chartre-sur-le-Loir - Contact FM 99.3","og_description":"Des portraits de femmes pendant le mois de la femme !\u00a0Nolwenn Gourdon AkA \"Fee No Men\" est une artiste-peintre autodidacte, elle s'est mise \u00e0 la peinture en juin 2024 et tr\u00e8s rapidement commenc\u00e9 \u00e0 exposer. Elle nous explique son processus de cr\u00e9ation des \"Portraits de Femmes\" et ainsi que l'opportunit\u00e9 d'exposer au centre social \"Val du Loir\" \u00e0 La Chartre-sur-le-Loir jusqu'au 8 avril 2025. Un vernissage est organis\u00e9 le mercredi 12 mars au centre social \u00e0 18h.L'artiste est dans \"L'interview du jour\" le mardi 11 mars \u00e0 18h, le mercredi 12 mars \u00e0 13h, le samedi 15 mars \u00e0 14h et le dimanche 16 mars \u00e0 11h.","og_url":"https:\/\/contactfm72.fr\/?p=18833","og_site_name":"Contact FM 99.3","article_publisher":"https:\/\/www.facebook.com\/Contactfm.Chateauduloir","article_published_time":"2025-03-11T15:18:45+00:00","article_modified_time":"2025-03-11T15:28:31+00:00","og_image":[{"url":"http:\/\/contactfm72.fr\/wp-content\/uploads\/2025\/03\/Visuel-Contact-FM.png","width":1024,"height":768,"type":"image\/png"}],"author":"redaction2@contactfm72.fr","twitter_card":"summary_large_image","twitter_creator":"@contactfm72","twitter_site":"@contactfm72","twitter_misc":{"\u00c9crit par":"redaction2@contactfm72.fr","Dur\u00e9e de lecture estim\u00e9e":"1 minute"},"schema":{"@context":"https:\/\/schema.org","@graph":[{"@type":"Article","@id":"https:\/\/contactfm72.fr\/?p=18833#article","isPartOf":{"@id":"https:\/\/contactfm72.fr\/?p=18833"},"author":{"name":"redaction2@contactfm72.fr","@id":"https:\/\/contactfm72.fr\/#\/schema\/person\/d2ef09cdea7331b185acaddc4d14dda8"},"headline":"Fee No Men pr\u00e9sente son exposition \u00e0 la Chartre-sur-le-Loir","datePublished":"2025-03-11T15:18:45+00:00","dateModified":"2025-03-11T15:28:31+00:00","mainEntityOfPage":{"@id":"https:\/\/contactfm72.fr\/?p=18833"},"wordCount":110,"publisher":{"@id":"https:\/\/contactfm72.fr\/#organization"},"image":{"@id":"https:\/\/contactfm72.fr\/?p=18833#primaryimage"},"thumbnailUrl":"https:\/\/contactfm72.fr\/wp-content\/uploads\/2025\/03\/Visuel-Contact-FM.png","articleSection":["Contact FM 72","L'interview du jour"],"inLanguage":"fr-FR"},{"@type":"WebPage","@id":"https:\/\/contactfm72.fr\/?p=18833","url":"https:\/\/contactfm72.fr\/?p=18833","name":"Fee No Men pr\u00e9sente son exposition \u00e0 la Chartre-sur-le-Loir - Contact FM 99.3","isPartOf":{"@id":"https:\/\/contactfm72.fr\/#website"},"primaryImageOfPage":{"@id":"https:\/\/contactfm72.fr\/?p=18833#primaryimage"},"image":{"@id":"https:\/\/contactfm72.fr\/?p=18833#primaryimage"},"thumbnailUrl":"https:\/\/contactfm72.fr\/wp-content\/uploads\/2025\/03\/Visuel-Contact-FM.png","datePublished":"2025-03-11T15:18:45+00:00","dateModified":"2025-03-11T15:28:31+00:00","description":"Des portraits de femmes pendant le mois de la femme !\u00a0Nolwenn Gourdon AkA \"Fee No Men\" est une artiste-peintre autodidacte, elle s'est mise \u00e0 la peinture en juin 2024 et tr\u00e8s rapidement commenc\u00e9 \u00e0 exposer. Elle nous explique son processus de cr\u00e9ation des \"Portraits de Femmes\" et ainsi que l'opportunit\u00e9 d'exposer au centre social \"Val du Loir\" \u00e0 La Chartre-sur-le-Loir jusqu'au 8 avril 2025. Un vernissage est organis\u00e9 le mercredi 12 mars au centre social \u00e0 18h.L'artiste est dans \"L'interview du jour\" le mardi 11 mars \u00e0 18h, le mercredi 12 mars \u00e0 13h, le samedi 15 mars \u00e0 14h et le dimanche 16 mars \u00e0 11h.","breadcrumb":{"@id":"https:\/\/contactfm72.fr\/?p=18833#breadcrumb"},"inLanguage":"fr-FR","potentialAction":[{"@type":"ReadAction","target":["https:\/\/contactfm72.fr\/?p=18833"]}]},{"@type":"ImageObject","inLanguage":"fr-FR","@id":"https:\/\/contactfm72.fr\/?p=18833#primaryimage","url":"https:\/\/contactfm72.fr\/wp-content\/uploads\/2025\/03\/Visuel-Contact-FM.png","contentUrl":"https:\/\/contactfm72.fr\/wp-content\/uploads\/2025\/03\/Visuel-Contact-FM.png","width":2016,"height":1512},{"@type":"BreadcrumbList","@id":"https:\/\/contactfm72.fr\/?p=18833#breadcrumb","itemListElement":[{"@type":"ListItem","position":1,"name":"Accueil","item":"https:\/\/contactfm72.fr\/"},{"@type":"ListItem","position":2,"name":"Fee No Men pr\u00e9sente son exposition \u00e0 la Chartre-sur-le-Loir"}]},{"@type":"WebSite","@id":"https:\/\/contactfm72.fr\/#website","url":"https:\/\/contactfm72.fr\/","name":"Contact FM 99.3","description":"Votre radio en vall\u00e9e du Loir","publisher":{"@id":"https:\/\/contactfm72.fr\/#organization"},"potentialAction":[{"@type":"SearchAction","target":{"@type":"EntryPoint","urlTemplate":"https:\/\/contactfm72.fr\/?s={search_term_string}"},"query-input":{"@type":"PropertyValueSpecification","valueRequired":true,"valueName":"search_term_string"}}],"inLanguage":"fr-FR"},{"@type":"Organization","@id":"https:\/\/contactfm72.fr\/#organization","name":"Contact FM 99.3","url":"https:\/\/contactfm72.fr\/","logo":{"@type":"ImageObject","inLanguage":"fr-FR","@id":"https:\/\/contactfm72.fr\/#\/schema\/logo\/image\/","url":"https:\/\/contactfm72.fr\/wp-content\/uploads\/2025\/04\/2025-04-18-2.jpg","contentUrl":"https:\/\/contactfm72.fr\/wp-content\/uploads\/2025\/04\/2025-04-18-2.jpg","width":680,"height":307,"caption":"Contact FM 99.3"},"image":{"@id":"https:\/\/contactfm72.fr\/#\/schema\/logo\/image\/"},"sameAs":["https:\/\/www.facebook.com\/Contactfm.Chateauduloir","https:\/\/x.com\/contactfm72","https:\/\/www.instagram.com\/contact.fm.72?igsh=cGhlMHQ5N2JlNnpp","https:\/\/www.tiktok.com\/@contact.fm"]},{"@type":"Person","@id":"https:\/\/contactfm72.fr\/#\/schema\/person\/d2ef09cdea7331b185acaddc4d14dda8","name":"redaction2@contactfm72.fr","image":{"@type":"ImageObject","inLanguage":"fr-FR","@id":"https:\/\/secure.gravatar.com\/avatar\/897f3d57289c1f4c62cade1c2606ba6ded18d5f1676845e668a9f21cb751c06b?s=96&d=mm&r=g","url":"https:\/\/secure.gravatar.com\/avatar\/897f3d57289c1f4c62cade1c2606ba6ded18d5f1676845e668a9f21cb751c06b?s=96&d=mm&r=g","contentUrl":"https:\/\/secure.gravatar.com\/avatar\/897f3d57289c1f4c62cade1c2606ba6ded18d5f1676845e668a9f21cb751c06b?s=96&d=mm&r=g","caption":"redaction2@contactfm72.fr"},"url":"https:\/\/contactfm72.fr\/?author=5"}]}},"_links":{"self":[{"href":"https:\/\/contactfm72.fr\/index.php?rest_route=\/wp\/v2\/posts\/18833","targetHints":{"allow":["GET"]}}],"collection":[{"href":"https:\/\/contactfm72.fr\/index.php?rest_route=\/wp\/v2\/posts"}],"about":[{"href":"https:\/\/contactfm72.fr\/index.php?rest_route=\/wp\/v2\/types\/post"}],"author":[{"embeddable":true,"href":"https:\/\/contactfm72.fr\/index.php?rest_route=\/wp\/v2\/users\/5"}],"replies":[{"embeddable":true,"href":"https:\/\/contactfm72.fr\/index.php?rest_route=%2Fwp%2Fv2%2Fcomments&post=18833"}],"version-history":[{"count":2,"href":"https:\/\/contactfm72.fr\/index.php?rest_route=\/wp\/v2\/posts\/18833\/revisions"}],"predecessor-version":[{"id":18838,"href":"https:\/\/contactfm72.fr\/index.php?rest_route=\/wp\/v2\/posts\/18833\/revisions\/18838"}],"wp:featuredmedia":[{"embeddable":true,"href":"https:\/\/contactfm72.fr\/index.php?rest_route=\/wp\/v2\/media\/18834"}],"wp:attachment":[{"href":"https:\/\/contactfm72.fr\/index.php?rest_route=%2Fwp%2Fv2%2Fmedia&parent=18833"}],"wp:term":[{"taxonomy":"category","embeddable":true,"href":"https:\/\/contactfm72.fr\/index.php?rest_route=%2Fwp%2Fv2%2Fcategories&post=18833"},{"taxonomy":"post_tag","embeddable":true,"href":"https:\/\/contactfm72.fr\/index.php?rest_route=%2Fwp%2Fv2%2Ftags&post=18833"}],"curies":[{"name":"wp","href":"https:\/\/api.w.org\/{rel}","templated":true}]}}