{"id":18698,"date":"2025-02-26T10:30:36","date_gmt":"2025-02-26T09:30:36","guid":{"rendered":"https:\/\/contactfm72.fr\/?p=18698"},"modified":"2025-02-26T11:59:49","modified_gmt":"2025-02-26T10:59:49","slug":"la-micro-creche-et-un-appel-a-benevoles-dans-le-lien","status":"publish","type":"post","link":"https:\/\/contactfm72.fr\/?p=18698","title":{"rendered":"La micro-cr\u00e8che et un appel \u00e0 b\u00e9n\u00e9voles dans &#8220;Le Lien&#8221;"},"content":{"rendered":"<p>Ils ont besoin de b\u00e9n\u00e9voles pour la f\u00eate du jeu !<\/p>\n<p>Au programme de l&#8217;\u00e9mission mensuelle &#8220;Le lien&#8221;, des d\u00e9tails sur la micro-cr\u00e8che. Il y a aussi une partie du programme des vacances de Printemps et d&#8217;Et\u00e9 avec les camps et les s\u00e9jours propos\u00e9s aux enfants de 6 \u00e0 11 ans et aux ados. Et puis la f\u00eate du jeu se pr\u00e9pare d\u00e9j\u00e0, un appel \u00e0 b\u00e9n\u00e9voles s&#8217;organise d\u00e9j\u00e0 pour le futur \u00e9v\u00e9nement.<\/p>\n<p>C&#8217;est Karine Le Bourhis, directrice du centre social Loir &amp; Berc\u00e9 qui est l&#8217;invit\u00e9e du magazine &#8220;Le lien&#8221;, diffus\u00e9 le mercredi 26 f\u00e9vrier \u00e0 12h30 et le lundi 3 mars \u00e0 17h30.<\/p>\n<div id=\"audioigniter-287\" class=\"audioigniter-root \" data-player-type=\"full\" data-tracks-url=\"https:\/\/contactfm72.fr\/?audioigniter_playlist_id=287\" data-display-track-no=\"false\" data-reverse-track-order=\"false\" data-display-tracklist-covers=\"false\" data-display-active-cover=\"false\" data-display-artist-names=\"false\" data-display-buy-buttons=\"true\" data-buy-buttons-target=\"false\" data-cycle-tracks=\"false\" data-display-credits=\"false\" data-display-tracklist=\"true\" data-allow-tracklist-toggle=\"true\" data-allow-tracklist-loop=\"true\" data-limit-tracklist-height=\"true\" data-volume=\"100\" data-tracklist-height=\"185\" data-allow-track-loop=\"false\" ><\/div>\n<!-- AddThis Advanced Settings generic via filter on the_content --><!-- AddThis Share Buttons generic via filter on the_content -->","protected":false},"excerpt":{"rendered":"<p>Ils ont besoin de b\u00e9n\u00e9voles pour la f\u00eate du jeu ! Au programme de l&#8217;\u00e9mission mensuelle &#8220;Le lien&#8221;, des d\u00e9tails sur la micro-cr\u00e8che. Il y a aussi une partie du programme des vacances de Printemps et d&#8217;Et\u00e9 avec les camps et les s\u00e9jours propos\u00e9s aux enfants de 6 \u00e0 11 ans et aux ados. Et&hellip;<!-- AddThis Advanced Settings generic via filter on get_the_excerpt --><!-- AddThis Share Buttons generic via filter on get_the_excerpt --><\/p>\n","protected":false},"author":5,"featured_media":18704,"comment_status":"closed","ping_status":"open","sticky":false,"template":"","format":"standard","meta":{"footnotes":""},"categories":[1,18],"tags":[],"class_list":["post-18698","post","type-post","status-publish","format-standard","has-post-thumbnail","hentry","category-contact-fm-72","category-le-lien","category-1","category-18","description-off"],"yoast_head":"<!-- This site is optimized with the Yoast SEO plugin v27.4 - https:\/\/yoast.com\/product\/yoast-seo-wordpress\/ -->\n<title>La micro-cr\u00e8che et un appel \u00e0 b\u00e9n\u00e9voles dans &quot;Le Lien&quot; - Contact FM 99.3<\/title>\n<meta name=\"description\" content=\"Ils ont besoin de b\u00e9n\u00e9voles pour la f\u00eate du jeu !\u00a0Au programme de l&#039;\u00e9mission mensuelle &quot;Le lien&quot;, des d\u00e9tails sur la micro-cr\u00e8che o\u00f9 il rappel\u00e9 par la directrice du centre social &quot;Loir et Berc\u00e9&quot; que les parents ne doivent pas h\u00e9siter \u00e0 contacter la micro-cr\u00e8che. Il y a aussi une partie du programme des vacances de Printemps et d&#039;Et\u00e9 avec les camps et les s\u00e9jours propos\u00e9s aux enfants de 6 \u00e0 11 ans et aux ados. Et puis la f\u00eate du jeu se pr\u00e9pare d\u00e9j\u00e0, un appel \u00e0 b\u00e9n\u00e9voles s&#039;organise d\u00e9j\u00e0 pour le futur \u00e9v\u00e9nement.\u00a0C&#039;est Karine Le Bourhis, directrice du centre social Loir &amp; Berc\u00e9 qui est l&#039;invit\u00e9 du magazine &quot;Le Lien&quot; diffus\u00e9 le mercredi 26 f\u00e9vrier \u00e0 12h30 et le lundi 3 mars \u00e0 17h30.\" \/>\n<meta name=\"robots\" content=\"index, follow, max-snippet:-1, max-image-preview:large, max-video-preview:-1\" \/>\n<link rel=\"canonical\" href=\"https:\/\/contactfm72.fr\/?p=18698\" \/>\n<meta property=\"og:locale\" content=\"fr_FR\" \/>\n<meta property=\"og:type\" content=\"article\" \/>\n<meta property=\"og:title\" content=\"La micro-cr\u00e8che et un appel \u00e0 b\u00e9n\u00e9voles dans &quot;Le Lien&quot; - Contact FM 99.3\" \/>\n<meta property=\"og:description\" content=\"Ils ont besoin de b\u00e9n\u00e9voles pour la f\u00eate du jeu !\u00a0Au programme de l&#039;\u00e9mission mensuelle &quot;Le lien&quot;, des d\u00e9tails sur la micro-cr\u00e8che o\u00f9 il rappel\u00e9 par la directrice du centre social &quot;Loir et Berc\u00e9&quot; que les parents ne doivent pas h\u00e9siter \u00e0 contacter la micro-cr\u00e8che. Il y a aussi une partie du programme des vacances de Printemps et d&#039;Et\u00e9 avec les camps et les s\u00e9jours propos\u00e9s aux enfants de 6 \u00e0 11 ans et aux ados. Et puis la f\u00eate du jeu se pr\u00e9pare d\u00e9j\u00e0, un appel \u00e0 b\u00e9n\u00e9voles s&#039;organise d\u00e9j\u00e0 pour le futur \u00e9v\u00e9nement.\u00a0C&#039;est Karine Le Bourhis, directrice du centre social Loir &amp; Berc\u00e9 qui est l&#039;invit\u00e9 du magazine &quot;Le Lien&quot; diffus\u00e9 le mercredi 26 f\u00e9vrier \u00e0 12h30 et le lundi 3 mars \u00e0 17h30.\" \/>\n<meta property=\"og:url\" content=\"https:\/\/contactfm72.fr\/?p=18698\" \/>\n<meta property=\"og:site_name\" content=\"Contact FM 99.3\" \/>\n<meta property=\"article:publisher\" content=\"https:\/\/www.facebook.com\/Contactfm.Chateauduloir\" \/>\n<meta property=\"article:published_time\" content=\"2025-02-26T09:30:36+00:00\" \/>\n<meta property=\"article:modified_time\" content=\"2025-02-26T10:59:49+00:00\" \/>\n<meta property=\"og:image\" content=\"http:\/\/contactfm72.fr\/wp-content\/uploads\/2025\/02\/Visuel-Contact-FM-2-1.jpg\" \/>\n\t<meta property=\"og:image:width\" content=\"2016\" \/>\n\t<meta property=\"og:image:height\" content=\"1512\" \/>\n\t<meta property=\"og:image:type\" content=\"image\/jpeg\" \/>\n<meta name=\"author\" content=\"redaction2@contactfm72.fr\" \/>\n<meta name=\"twitter:card\" content=\"summary_large_image\" \/>\n<meta name=\"twitter:creator\" content=\"@contactfm72\" \/>\n<meta name=\"twitter:site\" content=\"@contactfm72\" \/>\n<meta name=\"twitter:label1\" content=\"\u00c9crit par\" \/>\n\t<meta name=\"twitter:data1\" content=\"redaction2@contactfm72.fr\" \/>\n\t<meta name=\"twitter:label2\" content=\"Dur\u00e9e de lecture estim\u00e9e\" \/>\n\t<meta name=\"twitter:data2\" content=\"1 minute\" \/>\n<script type=\"application\/ld+json\" class=\"yoast-schema-graph\">{\"@context\":\"https:\\\/\\\/schema.org\",\"@graph\":[{\"@type\":\"Article\",\"@id\":\"https:\\\/\\\/contactfm72.fr\\\/?p=18698#article\",\"isPartOf\":{\"@id\":\"https:\\\/\\\/contactfm72.fr\\\/?p=18698\"},\"author\":{\"name\":\"redaction2@contactfm72.fr\",\"@id\":\"https:\\\/\\\/contactfm72.fr\\\/#\\\/schema\\\/person\\\/d2ef09cdea7331b185acaddc4d14dda8\"},\"headline\":\"La micro-cr\u00e8che et un appel \u00e0 b\u00e9n\u00e9voles dans &#8220;Le Lien&#8221;\",\"datePublished\":\"2025-02-26T09:30:36+00:00\",\"dateModified\":\"2025-02-26T10:59:49+00:00\",\"mainEntityOfPage\":{\"@id\":\"https:\\\/\\\/contactfm72.fr\\\/?p=18698\"},\"wordCount\":132,\"publisher\":{\"@id\":\"https:\\\/\\\/contactfm72.fr\\\/#organization\"},\"image\":{\"@id\":\"https:\\\/\\\/contactfm72.fr\\\/?p=18698#primaryimage\"},\"thumbnailUrl\":\"https:\\\/\\\/contactfm72.fr\\\/wp-content\\\/uploads\\\/2025\\\/02\\\/Visuel-Contact-FM-2-1.jpg\",\"articleSection\":[\"Contact FM 72\",\"Le Lien\"],\"inLanguage\":\"fr-FR\"},{\"@type\":\"WebPage\",\"@id\":\"https:\\\/\\\/contactfm72.fr\\\/?p=18698\",\"url\":\"https:\\\/\\\/contactfm72.fr\\\/?p=18698\",\"name\":\"La micro-cr\u00e8che et un appel \u00e0 b\u00e9n\u00e9voles dans \\\"Le Lien\\\" - Contact FM 99.3\",\"isPartOf\":{\"@id\":\"https:\\\/\\\/contactfm72.fr\\\/#website\"},\"primaryImageOfPage\":{\"@id\":\"https:\\\/\\\/contactfm72.fr\\\/?p=18698#primaryimage\"},\"image\":{\"@id\":\"https:\\\/\\\/contactfm72.fr\\\/?p=18698#primaryimage\"},\"thumbnailUrl\":\"https:\\\/\\\/contactfm72.fr\\\/wp-content\\\/uploads\\\/2025\\\/02\\\/Visuel-Contact-FM-2-1.jpg\",\"datePublished\":\"2025-02-26T09:30:36+00:00\",\"dateModified\":\"2025-02-26T10:59:49+00:00\",\"description\":\"Ils ont besoin de b\u00e9n\u00e9voles pour la f\u00eate du jeu !\u00a0Au programme de l'\u00e9mission mensuelle \\\"Le lien\\\", des d\u00e9tails sur la micro-cr\u00e8che o\u00f9 il rappel\u00e9 par la directrice du centre social \\\"Loir et Berc\u00e9\\\" que les parents ne doivent pas h\u00e9siter \u00e0 contacter la micro-cr\u00e8che. Il y a aussi une partie du programme des vacances de Printemps et d'Et\u00e9 avec les camps et les s\u00e9jours propos\u00e9s aux enfants de 6 \u00e0 11 ans et aux ados. Et puis la f\u00eate du jeu se pr\u00e9pare d\u00e9j\u00e0, un appel \u00e0 b\u00e9n\u00e9voles s'organise d\u00e9j\u00e0 pour le futur \u00e9v\u00e9nement.\u00a0C'est Karine Le Bourhis, directrice du centre social Loir & Berc\u00e9 qui est l'invit\u00e9 du magazine \\\"Le Lien\\\" diffus\u00e9 le mercredi 26 f\u00e9vrier \u00e0 12h30 et le lundi 3 mars \u00e0 17h30.\",\"breadcrumb\":{\"@id\":\"https:\\\/\\\/contactfm72.fr\\\/?p=18698#breadcrumb\"},\"inLanguage\":\"fr-FR\",\"potentialAction\":[{\"@type\":\"ReadAction\",\"target\":[\"https:\\\/\\\/contactfm72.fr\\\/?p=18698\"]}]},{\"@type\":\"ImageObject\",\"inLanguage\":\"fr-FR\",\"@id\":\"https:\\\/\\\/contactfm72.fr\\\/?p=18698#primaryimage\",\"url\":\"https:\\\/\\\/contactfm72.fr\\\/wp-content\\\/uploads\\\/2025\\\/02\\\/Visuel-Contact-FM-2-1.jpg\",\"contentUrl\":\"https:\\\/\\\/contactfm72.fr\\\/wp-content\\\/uploads\\\/2025\\\/02\\\/Visuel-Contact-FM-2-1.jpg\",\"width\":2016,\"height\":1512},{\"@type\":\"BreadcrumbList\",\"@id\":\"https:\\\/\\\/contactfm72.fr\\\/?p=18698#breadcrumb\",\"itemListElement\":[{\"@type\":\"ListItem\",\"position\":1,\"name\":\"Accueil\",\"item\":\"https:\\\/\\\/contactfm72.fr\\\/\"},{\"@type\":\"ListItem\",\"position\":2,\"name\":\"La micro-cr\u00e8che et un appel \u00e0 b\u00e9n\u00e9voles dans &#8220;Le Lien&#8221;\"}]},{\"@type\":\"WebSite\",\"@id\":\"https:\\\/\\\/contactfm72.fr\\\/#website\",\"url\":\"https:\\\/\\\/contactfm72.fr\\\/\",\"name\":\"Contact FM 99.3\",\"description\":\"Votre radio en vall\u00e9e du Loir\",\"publisher\":{\"@id\":\"https:\\\/\\\/contactfm72.fr\\\/#organization\"},\"potentialAction\":[{\"@type\":\"SearchAction\",\"target\":{\"@type\":\"EntryPoint\",\"urlTemplate\":\"https:\\\/\\\/contactfm72.fr\\\/?s={search_term_string}\"},\"query-input\":{\"@type\":\"PropertyValueSpecification\",\"valueRequired\":true,\"valueName\":\"search_term_string\"}}],\"inLanguage\":\"fr-FR\"},{\"@type\":\"Organization\",\"@id\":\"https:\\\/\\\/contactfm72.fr\\\/#organization\",\"name\":\"Contact FM 99.3\",\"url\":\"https:\\\/\\\/contactfm72.fr\\\/\",\"logo\":{\"@type\":\"ImageObject\",\"inLanguage\":\"fr-FR\",\"@id\":\"https:\\\/\\\/contactfm72.fr\\\/#\\\/schema\\\/logo\\\/image\\\/\",\"url\":\"https:\\\/\\\/contactfm72.fr\\\/wp-content\\\/uploads\\\/2025\\\/04\\\/2025-04-18-2.jpg\",\"contentUrl\":\"https:\\\/\\\/contactfm72.fr\\\/wp-content\\\/uploads\\\/2025\\\/04\\\/2025-04-18-2.jpg\",\"width\":680,\"height\":307,\"caption\":\"Contact FM 99.3\"},\"image\":{\"@id\":\"https:\\\/\\\/contactfm72.fr\\\/#\\\/schema\\\/logo\\\/image\\\/\"},\"sameAs\":[\"https:\\\/\\\/www.facebook.com\\\/Contactfm.Chateauduloir\",\"https:\\\/\\\/x.com\\\/contactfm72\",\"https:\\\/\\\/www.instagram.com\\\/contact.fm.72?igsh=cGhlMHQ5N2JlNnpp\",\"https:\\\/\\\/www.tiktok.com\\\/@contact.fm\"]},{\"@type\":\"Person\",\"@id\":\"https:\\\/\\\/contactfm72.fr\\\/#\\\/schema\\\/person\\\/d2ef09cdea7331b185acaddc4d14dda8\",\"name\":\"redaction2@contactfm72.fr\",\"image\":{\"@type\":\"ImageObject\",\"inLanguage\":\"fr-FR\",\"@id\":\"https:\\\/\\\/secure.gravatar.com\\\/avatar\\\/897f3d57289c1f4c62cade1c2606ba6ded18d5f1676845e668a9f21cb751c06b?s=96&d=mm&r=g\",\"url\":\"https:\\\/\\\/secure.gravatar.com\\\/avatar\\\/897f3d57289c1f4c62cade1c2606ba6ded18d5f1676845e668a9f21cb751c06b?s=96&d=mm&r=g\",\"contentUrl\":\"https:\\\/\\\/secure.gravatar.com\\\/avatar\\\/897f3d57289c1f4c62cade1c2606ba6ded18d5f1676845e668a9f21cb751c06b?s=96&d=mm&r=g\",\"caption\":\"redaction2@contactfm72.fr\"},\"url\":\"https:\\\/\\\/contactfm72.fr\\\/?author=5\"}]}<\/script>\n<!-- \/ Yoast SEO plugin. -->","yoast_head_json":{"title":"La micro-cr\u00e8che et un appel \u00e0 b\u00e9n\u00e9voles dans \"Le Lien\" - Contact FM 99.3","description":"Ils ont besoin de b\u00e9n\u00e9voles pour la f\u00eate du jeu !\u00a0Au programme de l'\u00e9mission mensuelle \"Le lien\", des d\u00e9tails sur la micro-cr\u00e8che o\u00f9 il rappel\u00e9 par la directrice du centre social \"Loir et Berc\u00e9\" que les parents ne doivent pas h\u00e9siter \u00e0 contacter la micro-cr\u00e8che. Il y a aussi une partie du programme des vacances de Printemps et d'Et\u00e9 avec les camps et les s\u00e9jours propos\u00e9s aux enfants de 6 \u00e0 11 ans et aux ados. Et puis la f\u00eate du jeu se pr\u00e9pare d\u00e9j\u00e0, un appel \u00e0 b\u00e9n\u00e9voles s'organise d\u00e9j\u00e0 pour le futur \u00e9v\u00e9nement.\u00a0C'est Karine Le Bourhis, directrice du centre social Loir & Berc\u00e9 qui est l'invit\u00e9 du magazine \"Le Lien\" diffus\u00e9 le mercredi 26 f\u00e9vrier \u00e0 12h30 et le lundi 3 mars \u00e0 17h30.","robots":{"index":"index","follow":"follow","max-snippet":"max-snippet:-1","max-image-preview":"max-image-preview:large","max-video-preview":"max-video-preview:-1"},"canonical":"https:\/\/contactfm72.fr\/?p=18698","og_locale":"fr_FR","og_type":"article","og_title":"La micro-cr\u00e8che et un appel \u00e0 b\u00e9n\u00e9voles dans \"Le Lien\" - Contact FM 99.3","og_description":"Ils ont besoin de b\u00e9n\u00e9voles pour la f\u00eate du jeu !\u00a0Au programme de l'\u00e9mission mensuelle \"Le lien\", des d\u00e9tails sur la micro-cr\u00e8che o\u00f9 il rappel\u00e9 par la directrice du centre social \"Loir et Berc\u00e9\" que les parents ne doivent pas h\u00e9siter \u00e0 contacter la micro-cr\u00e8che. Il y a aussi une partie du programme des vacances de Printemps et d'Et\u00e9 avec les camps et les s\u00e9jours propos\u00e9s aux enfants de 6 \u00e0 11 ans et aux ados. Et puis la f\u00eate du jeu se pr\u00e9pare d\u00e9j\u00e0, un appel \u00e0 b\u00e9n\u00e9voles s'organise d\u00e9j\u00e0 pour le futur \u00e9v\u00e9nement.\u00a0C'est Karine Le Bourhis, directrice du centre social Loir & Berc\u00e9 qui est l'invit\u00e9 du magazine \"Le Lien\" diffus\u00e9 le mercredi 26 f\u00e9vrier \u00e0 12h30 et le lundi 3 mars \u00e0 17h30.","og_url":"https:\/\/contactfm72.fr\/?p=18698","og_site_name":"Contact FM 99.3","article_publisher":"https:\/\/www.facebook.com\/Contactfm.Chateauduloir","article_published_time":"2025-02-26T09:30:36+00:00","article_modified_time":"2025-02-26T10:59:49+00:00","og_image":[{"width":2016,"height":1512,"url":"http:\/\/contactfm72.fr\/wp-content\/uploads\/2025\/02\/Visuel-Contact-FM-2-1.jpg","type":"image\/jpeg"}],"author":"redaction2@contactfm72.fr","twitter_card":"summary_large_image","twitter_creator":"@contactfm72","twitter_site":"@contactfm72","twitter_misc":{"\u00c9crit par":"redaction2@contactfm72.fr","Dur\u00e9e de lecture estim\u00e9e":"1 minute"},"schema":{"@context":"https:\/\/schema.org","@graph":[{"@type":"Article","@id":"https:\/\/contactfm72.fr\/?p=18698#article","isPartOf":{"@id":"https:\/\/contactfm72.fr\/?p=18698"},"author":{"name":"redaction2@contactfm72.fr","@id":"https:\/\/contactfm72.fr\/#\/schema\/person\/d2ef09cdea7331b185acaddc4d14dda8"},"headline":"La micro-cr\u00e8che et un appel \u00e0 b\u00e9n\u00e9voles dans &#8220;Le Lien&#8221;","datePublished":"2025-02-26T09:30:36+00:00","dateModified":"2025-02-26T10:59:49+00:00","mainEntityOfPage":{"@id":"https:\/\/contactfm72.fr\/?p=18698"},"wordCount":132,"publisher":{"@id":"https:\/\/contactfm72.fr\/#organization"},"image":{"@id":"https:\/\/contactfm72.fr\/?p=18698#primaryimage"},"thumbnailUrl":"https:\/\/contactfm72.fr\/wp-content\/uploads\/2025\/02\/Visuel-Contact-FM-2-1.jpg","articleSection":["Contact FM 72","Le Lien"],"inLanguage":"fr-FR"},{"@type":"WebPage","@id":"https:\/\/contactfm72.fr\/?p=18698","url":"https:\/\/contactfm72.fr\/?p=18698","name":"La micro-cr\u00e8che et un appel \u00e0 b\u00e9n\u00e9voles dans \"Le Lien\" - Contact FM 99.3","isPartOf":{"@id":"https:\/\/contactfm72.fr\/#website"},"primaryImageOfPage":{"@id":"https:\/\/contactfm72.fr\/?p=18698#primaryimage"},"image":{"@id":"https:\/\/contactfm72.fr\/?p=18698#primaryimage"},"thumbnailUrl":"https:\/\/contactfm72.fr\/wp-content\/uploads\/2025\/02\/Visuel-Contact-FM-2-1.jpg","datePublished":"2025-02-26T09:30:36+00:00","dateModified":"2025-02-26T10:59:49+00:00","description":"Ils ont besoin de b\u00e9n\u00e9voles pour la f\u00eate du jeu !\u00a0Au programme de l'\u00e9mission mensuelle \"Le lien\", des d\u00e9tails sur la micro-cr\u00e8che o\u00f9 il rappel\u00e9 par la directrice du centre social \"Loir et Berc\u00e9\" que les parents ne doivent pas h\u00e9siter \u00e0 contacter la micro-cr\u00e8che. Il y a aussi une partie du programme des vacances de Printemps et d'Et\u00e9 avec les camps et les s\u00e9jours propos\u00e9s aux enfants de 6 \u00e0 11 ans et aux ados. Et puis la f\u00eate du jeu se pr\u00e9pare d\u00e9j\u00e0, un appel \u00e0 b\u00e9n\u00e9voles s'organise d\u00e9j\u00e0 pour le futur \u00e9v\u00e9nement.\u00a0C'est Karine Le Bourhis, directrice du centre social Loir & Berc\u00e9 qui est l'invit\u00e9 du magazine \"Le Lien\" diffus\u00e9 le mercredi 26 f\u00e9vrier \u00e0 12h30 et le lundi 3 mars \u00e0 17h30.","breadcrumb":{"@id":"https:\/\/contactfm72.fr\/?p=18698#breadcrumb"},"inLanguage":"fr-FR","potentialAction":[{"@type":"ReadAction","target":["https:\/\/contactfm72.fr\/?p=18698"]}]},{"@type":"ImageObject","inLanguage":"fr-FR","@id":"https:\/\/contactfm72.fr\/?p=18698#primaryimage","url":"https:\/\/contactfm72.fr\/wp-content\/uploads\/2025\/02\/Visuel-Contact-FM-2-1.jpg","contentUrl":"https:\/\/contactfm72.fr\/wp-content\/uploads\/2025\/02\/Visuel-Contact-FM-2-1.jpg","width":2016,"height":1512},{"@type":"BreadcrumbList","@id":"https:\/\/contactfm72.fr\/?p=18698#breadcrumb","itemListElement":[{"@type":"ListItem","position":1,"name":"Accueil","item":"https:\/\/contactfm72.fr\/"},{"@type":"ListItem","position":2,"name":"La micro-cr\u00e8che et un appel \u00e0 b\u00e9n\u00e9voles dans &#8220;Le Lien&#8221;"}]},{"@type":"WebSite","@id":"https:\/\/contactfm72.fr\/#website","url":"https:\/\/contactfm72.fr\/","name":"Contact FM 99.3","description":"Votre radio en vall\u00e9e du Loir","publisher":{"@id":"https:\/\/contactfm72.fr\/#organization"},"potentialAction":[{"@type":"SearchAction","target":{"@type":"EntryPoint","urlTemplate":"https:\/\/contactfm72.fr\/?s={search_term_string}"},"query-input":{"@type":"PropertyValueSpecification","valueRequired":true,"valueName":"search_term_string"}}],"inLanguage":"fr-FR"},{"@type":"Organization","@id":"https:\/\/contactfm72.fr\/#organization","name":"Contact FM 99.3","url":"https:\/\/contactfm72.fr\/","logo":{"@type":"ImageObject","inLanguage":"fr-FR","@id":"https:\/\/contactfm72.fr\/#\/schema\/logo\/image\/","url":"https:\/\/contactfm72.fr\/wp-content\/uploads\/2025\/04\/2025-04-18-2.jpg","contentUrl":"https:\/\/contactfm72.fr\/wp-content\/uploads\/2025\/04\/2025-04-18-2.jpg","width":680,"height":307,"caption":"Contact FM 99.3"},"image":{"@id":"https:\/\/contactfm72.fr\/#\/schema\/logo\/image\/"},"sameAs":["https:\/\/www.facebook.com\/Contactfm.Chateauduloir","https:\/\/x.com\/contactfm72","https:\/\/www.instagram.com\/contact.fm.72?igsh=cGhlMHQ5N2JlNnpp","https:\/\/www.tiktok.com\/@contact.fm"]},{"@type":"Person","@id":"https:\/\/contactfm72.fr\/#\/schema\/person\/d2ef09cdea7331b185acaddc4d14dda8","name":"redaction2@contactfm72.fr","image":{"@type":"ImageObject","inLanguage":"fr-FR","@id":"https:\/\/secure.gravatar.com\/avatar\/897f3d57289c1f4c62cade1c2606ba6ded18d5f1676845e668a9f21cb751c06b?s=96&d=mm&r=g","url":"https:\/\/secure.gravatar.com\/avatar\/897f3d57289c1f4c62cade1c2606ba6ded18d5f1676845e668a9f21cb751c06b?s=96&d=mm&r=g","contentUrl":"https:\/\/secure.gravatar.com\/avatar\/897f3d57289c1f4c62cade1c2606ba6ded18d5f1676845e668a9f21cb751c06b?s=96&d=mm&r=g","caption":"redaction2@contactfm72.fr"},"url":"https:\/\/contactfm72.fr\/?author=5"}]}},"_links":{"self":[{"href":"https:\/\/contactfm72.fr\/index.php?rest_route=\/wp\/v2\/posts\/18698","targetHints":{"allow":["GET"]}}],"collection":[{"href":"https:\/\/contactfm72.fr\/index.php?rest_route=\/wp\/v2\/posts"}],"about":[{"href":"https:\/\/contactfm72.fr\/index.php?rest_route=\/wp\/v2\/types\/post"}],"author":[{"embeddable":true,"href":"https:\/\/contactfm72.fr\/index.php?rest_route=\/wp\/v2\/users\/5"}],"replies":[{"embeddable":true,"href":"https:\/\/contactfm72.fr\/index.php?rest_route=%2Fwp%2Fv2%2Fcomments&post=18698"}],"version-history":[{"count":3,"href":"https:\/\/contactfm72.fr\/index.php?rest_route=\/wp\/v2\/posts\/18698\/revisions"}],"predecessor-version":[{"id":18737,"href":"https:\/\/contactfm72.fr\/index.php?rest_route=\/wp\/v2\/posts\/18698\/revisions\/18737"}],"wp:featuredmedia":[{"embeddable":true,"href":"https:\/\/contactfm72.fr\/index.php?rest_route=\/wp\/v2\/media\/18704"}],"wp:attachment":[{"href":"https:\/\/contactfm72.fr\/index.php?rest_route=%2Fwp%2Fv2%2Fmedia&parent=18698"}],"wp:term":[{"taxonomy":"category","embeddable":true,"href":"https:\/\/contactfm72.fr\/index.php?rest_route=%2Fwp%2Fv2%2Fcategories&post=18698"},{"taxonomy":"post_tag","embeddable":true,"href":"https:\/\/contactfm72.fr\/index.php?rest_route=%2Fwp%2Fv2%2Ftags&post=18698"}],"curies":[{"name":"wp","href":"https:\/\/api.w.org\/{rel}","templated":true}]}}