{"id":18689,"date":"2025-02-26T15:30:56","date_gmt":"2025-02-26T14:30:56","guid":{"rendered":"https:\/\/contactfm72.fr\/?p=18689"},"modified":"2025-02-21T15:31:31","modified_gmt":"2025-02-21T14:31:31","slug":"le-declic-quest-ce-que-lotto-club","status":"publish","type":"post","link":"https:\/\/contactfm72.fr\/?p=18689","title":{"rendered":"Le D\u00e9clic &#8211; Qu&#8217;est-ce que l&#8217;Otto CLub ?"},"content":{"rendered":"<p>Le Lieu qui m\u00eale la gastronomie et la passion de l&#8217;automobile !<\/p>\n<p>Otto Club, situ\u00e9 au domaine de Montlouis \u00e0 Pontvallain est un lieu o\u00f9 l&#8217;\u00e9v\u00e9nementiel, l&#8217;automobile et la gastronomie entre passionn\u00e9(e)s et n\u00e9ophytes se m\u00ealent. Julien Ma\u00eflantz, le co-g\u00e9rant revient sur son parcours, sa passion de la musique et de la co-cr\u00e9ation d&#8217;Otto Club.<\/p>\n<p>Le D\u00e9clic est diffus\u00e9 le mercredi 26 f\u00e9vrier \u00e0 17h30 et le mardi 4 mars \u00e0 12h30.<\/p>\n<div id=\"audioigniter-17427\" class=\"audioigniter-root \" data-player-type=\"full\" data-tracks-url=\"https:\/\/contactfm72.fr\/?audioigniter_playlist_id=17427\" data-display-track-no=\"true\" data-reverse-track-order=\"false\" data-display-tracklist-covers=\"true\" data-display-active-cover=\"true\" data-display-artist-names=\"true\" data-display-buy-buttons=\"true\" data-buy-buttons-target=\"true\" data-cycle-tracks=\"false\" data-display-credits=\"false\" data-display-tracklist=\"true\" data-allow-tracklist-toggle=\"true\" data-allow-tracklist-loop=\"true\" data-limit-tracklist-height=\"true\" data-volume=\"100\" data-tracklist-height=\"185\" data-allow-track-loop=\"false\" ><\/div>\n<!-- AddThis Advanced Settings generic via filter on the_content --><!-- AddThis Share Buttons generic via filter on the_content -->","protected":false},"excerpt":{"rendered":"<p>Le Lieu qui m\u00eale la gastronomie et la passion de l&#8217;automobile ! Otto Club, situ\u00e9 au domaine de Montlouis \u00e0 Pontvallain est un lieu o\u00f9 l&#8217;\u00e9v\u00e9nementiel, l&#8217;automobile et la gastronomie entre passionn\u00e9(e)s et n\u00e9ophytes se m\u00ealent. Julien Ma\u00eflantz, le co-g\u00e9rant revient sur son parcours, sa passion de la musique et de la co-cr\u00e9ation d&#8217;Otto Club.&hellip;<!-- AddThis Advanced Settings generic via filter on get_the_excerpt --><!-- AddThis Share Buttons generic via filter on get_the_excerpt --><\/p>\n","protected":false},"author":5,"featured_media":18690,"comment_status":"closed","ping_status":"open","sticky":false,"template":"","format":"standard","meta":{"footnotes":""},"categories":[1],"tags":[],"class_list":["post-18689","post","type-post","status-publish","format-standard","has-post-thumbnail","hentry","category-contact-fm-72","category-1","description-off"],"yoast_head":"<!-- This site is optimized with the Yoast SEO plugin v27.4 - https:\/\/yoast.com\/product\/yoast-seo-wordpress\/ -->\n<title>Le D\u00e9clic - Qu&#039;est-ce que l&#039;Otto CLub ? - Contact FM 99.3<\/title>\n<meta name=\"description\" content=\"Le Lieu qui m\u00eale la gastronomie et la passion de l&#039;automobile !\u00a0Otto Club, situ\u00e9 au domaine de Montlouis \u00e0 Pontvallain est un lieu o\u00f9 l&#039;\u00e9v\u00e9nementiel, l&#039;automobile et la gastronomie entre passionn\u00e9(e)s et n\u00e9ophytes se m\u00ealent. Julien Ma\u00eflantz, le co-g\u00e9rant revient sur son parcours, sa passion de la musique et de la co-cr\u00e9ation d&#039;Otto Club.Le D\u00e9clic est diffus\u00e9 le mercredi 26 f\u00e9vrier \u00e0 17h30 et le mardi 4 mars \u00e0 12h30.\" \/>\n<meta name=\"robots\" content=\"index, follow, max-snippet:-1, max-image-preview:large, max-video-preview:-1\" \/>\n<link rel=\"canonical\" href=\"https:\/\/contactfm72.fr\/?p=18689\" \/>\n<meta property=\"og:locale\" content=\"fr_FR\" \/>\n<meta property=\"og:type\" content=\"article\" \/>\n<meta property=\"og:title\" content=\"Le D\u00e9clic - Qu&#039;est-ce que l&#039;Otto CLub ? - Contact FM 99.3\" \/>\n<meta property=\"og:description\" content=\"Le Lieu qui m\u00eale la gastronomie et la passion de l&#039;automobile !\u00a0Otto Club, situ\u00e9 au domaine de Montlouis \u00e0 Pontvallain est un lieu o\u00f9 l&#039;\u00e9v\u00e9nementiel, l&#039;automobile et la gastronomie entre passionn\u00e9(e)s et n\u00e9ophytes se m\u00ealent. Julien Ma\u00eflantz, le co-g\u00e9rant revient sur son parcours, sa passion de la musique et de la co-cr\u00e9ation d&#039;Otto Club.Le D\u00e9clic est diffus\u00e9 le mercredi 26 f\u00e9vrier \u00e0 17h30 et le mardi 4 mars \u00e0 12h30.\" \/>\n<meta property=\"og:url\" content=\"https:\/\/contactfm72.fr\/?p=18689\" \/>\n<meta property=\"og:site_name\" content=\"Contact FM 99.3\" \/>\n<meta property=\"article:publisher\" content=\"https:\/\/www.facebook.com\/Contactfm.Chateauduloir\" \/>\n<meta property=\"article:published_time\" content=\"2025-02-26T14:30:56+00:00\" \/>\n<meta property=\"og:image\" content=\"https:\/\/contactfm72.fr\/wp-content\/uploads\/2025\/02\/Visuel-Contact-FM-2.jpg\" \/>\n\t<meta property=\"og:image:width\" content=\"2016\" \/>\n\t<meta property=\"og:image:height\" content=\"1512\" \/>\n\t<meta property=\"og:image:type\" content=\"image\/jpeg\" \/>\n<meta name=\"author\" content=\"redaction2@contactfm72.fr\" \/>\n<meta name=\"twitter:card\" content=\"summary_large_image\" \/>\n<meta name=\"twitter:creator\" content=\"@contactfm72\" \/>\n<meta name=\"twitter:site\" content=\"@contactfm72\" \/>\n<meta name=\"twitter:label1\" content=\"\u00c9crit par\" \/>\n\t<meta name=\"twitter:data1\" content=\"redaction2@contactfm72.fr\" \/>\n\t<meta name=\"twitter:label2\" content=\"Dur\u00e9e de lecture estim\u00e9e\" \/>\n\t<meta name=\"twitter:data2\" content=\"1 minute\" \/>\n<script type=\"application\/ld+json\" class=\"yoast-schema-graph\">{\"@context\":\"https:\\\/\\\/schema.org\",\"@graph\":[{\"@type\":\"Article\",\"@id\":\"https:\\\/\\\/contactfm72.fr\\\/?p=18689#article\",\"isPartOf\":{\"@id\":\"https:\\\/\\\/contactfm72.fr\\\/?p=18689\"},\"author\":{\"name\":\"redaction2@contactfm72.fr\",\"@id\":\"https:\\\/\\\/contactfm72.fr\\\/#\\\/schema\\\/person\\\/d2ef09cdea7331b185acaddc4d14dda8\"},\"headline\":\"Le D\u00e9clic &#8211; Qu&#8217;est-ce que l&#8217;Otto CLub ?\",\"datePublished\":\"2025-02-26T14:30:56+00:00\",\"mainEntityOfPage\":{\"@id\":\"https:\\\/\\\/contactfm72.fr\\\/?p=18689\"},\"wordCount\":94,\"publisher\":{\"@id\":\"https:\\\/\\\/contactfm72.fr\\\/#organization\"},\"image\":{\"@id\":\"https:\\\/\\\/contactfm72.fr\\\/?p=18689#primaryimage\"},\"thumbnailUrl\":\"https:\\\/\\\/contactfm72.fr\\\/wp-content\\\/uploads\\\/2025\\\/02\\\/Visuel-Contact-FM-2.jpg\",\"articleSection\":[\"Contact FM 72\"],\"inLanguage\":\"fr-FR\"},{\"@type\":\"WebPage\",\"@id\":\"https:\\\/\\\/contactfm72.fr\\\/?p=18689\",\"url\":\"https:\\\/\\\/contactfm72.fr\\\/?p=18689\",\"name\":\"Le D\u00e9clic - Qu'est-ce que l'Otto CLub ? - Contact FM 99.3\",\"isPartOf\":{\"@id\":\"https:\\\/\\\/contactfm72.fr\\\/#website\"},\"primaryImageOfPage\":{\"@id\":\"https:\\\/\\\/contactfm72.fr\\\/?p=18689#primaryimage\"},\"image\":{\"@id\":\"https:\\\/\\\/contactfm72.fr\\\/?p=18689#primaryimage\"},\"thumbnailUrl\":\"https:\\\/\\\/contactfm72.fr\\\/wp-content\\\/uploads\\\/2025\\\/02\\\/Visuel-Contact-FM-2.jpg\",\"datePublished\":\"2025-02-26T14:30:56+00:00\",\"description\":\"Le Lieu qui m\u00eale la gastronomie et la passion de l'automobile !\u00a0Otto Club, situ\u00e9 au domaine de Montlouis \u00e0 Pontvallain est un lieu o\u00f9 l'\u00e9v\u00e9nementiel, l'automobile et la gastronomie entre passionn\u00e9(e)s et n\u00e9ophytes se m\u00ealent. Julien Ma\u00eflantz, le co-g\u00e9rant revient sur son parcours, sa passion de la musique et de la co-cr\u00e9ation d'Otto Club.Le D\u00e9clic est diffus\u00e9 le mercredi 26 f\u00e9vrier \u00e0 17h30 et le mardi 4 mars \u00e0 12h30.\",\"breadcrumb\":{\"@id\":\"https:\\\/\\\/contactfm72.fr\\\/?p=18689#breadcrumb\"},\"inLanguage\":\"fr-FR\",\"potentialAction\":[{\"@type\":\"ReadAction\",\"target\":[\"https:\\\/\\\/contactfm72.fr\\\/?p=18689\"]}]},{\"@type\":\"ImageObject\",\"inLanguage\":\"fr-FR\",\"@id\":\"https:\\\/\\\/contactfm72.fr\\\/?p=18689#primaryimage\",\"url\":\"https:\\\/\\\/contactfm72.fr\\\/wp-content\\\/uploads\\\/2025\\\/02\\\/Visuel-Contact-FM-2.jpg\",\"contentUrl\":\"https:\\\/\\\/contactfm72.fr\\\/wp-content\\\/uploads\\\/2025\\\/02\\\/Visuel-Contact-FM-2.jpg\",\"width\":2016,\"height\":1512},{\"@type\":\"BreadcrumbList\",\"@id\":\"https:\\\/\\\/contactfm72.fr\\\/?p=18689#breadcrumb\",\"itemListElement\":[{\"@type\":\"ListItem\",\"position\":1,\"name\":\"Accueil\",\"item\":\"https:\\\/\\\/contactfm72.fr\\\/\"},{\"@type\":\"ListItem\",\"position\":2,\"name\":\"Le D\u00e9clic &#8211; Qu&#8217;est-ce que l&#8217;Otto CLub ?\"}]},{\"@type\":\"WebSite\",\"@id\":\"https:\\\/\\\/contactfm72.fr\\\/#website\",\"url\":\"https:\\\/\\\/contactfm72.fr\\\/\",\"name\":\"Contact FM 99.3\",\"description\":\"Votre radio en vall\u00e9e du Loir\",\"publisher\":{\"@id\":\"https:\\\/\\\/contactfm72.fr\\\/#organization\"},\"potentialAction\":[{\"@type\":\"SearchAction\",\"target\":{\"@type\":\"EntryPoint\",\"urlTemplate\":\"https:\\\/\\\/contactfm72.fr\\\/?s={search_term_string}\"},\"query-input\":{\"@type\":\"PropertyValueSpecification\",\"valueRequired\":true,\"valueName\":\"search_term_string\"}}],\"inLanguage\":\"fr-FR\"},{\"@type\":\"Organization\",\"@id\":\"https:\\\/\\\/contactfm72.fr\\\/#organization\",\"name\":\"Contact FM 99.3\",\"url\":\"https:\\\/\\\/contactfm72.fr\\\/\",\"logo\":{\"@type\":\"ImageObject\",\"inLanguage\":\"fr-FR\",\"@id\":\"https:\\\/\\\/contactfm72.fr\\\/#\\\/schema\\\/logo\\\/image\\\/\",\"url\":\"https:\\\/\\\/contactfm72.fr\\\/wp-content\\\/uploads\\\/2025\\\/04\\\/2025-04-18-2.jpg\",\"contentUrl\":\"https:\\\/\\\/contactfm72.fr\\\/wp-content\\\/uploads\\\/2025\\\/04\\\/2025-04-18-2.jpg\",\"width\":680,\"height\":307,\"caption\":\"Contact FM 99.3\"},\"image\":{\"@id\":\"https:\\\/\\\/contactfm72.fr\\\/#\\\/schema\\\/logo\\\/image\\\/\"},\"sameAs\":[\"https:\\\/\\\/www.facebook.com\\\/Contactfm.Chateauduloir\",\"https:\\\/\\\/x.com\\\/contactfm72\",\"https:\\\/\\\/www.instagram.com\\\/contact.fm.72?igsh=cGhlMHQ5N2JlNnpp\",\"https:\\\/\\\/www.tiktok.com\\\/@contact.fm\"]},{\"@type\":\"Person\",\"@id\":\"https:\\\/\\\/contactfm72.fr\\\/#\\\/schema\\\/person\\\/d2ef09cdea7331b185acaddc4d14dda8\",\"name\":\"redaction2@contactfm72.fr\",\"image\":{\"@type\":\"ImageObject\",\"inLanguage\":\"fr-FR\",\"@id\":\"https:\\\/\\\/secure.gravatar.com\\\/avatar\\\/897f3d57289c1f4c62cade1c2606ba6ded18d5f1676845e668a9f21cb751c06b?s=96&d=mm&r=g\",\"url\":\"https:\\\/\\\/secure.gravatar.com\\\/avatar\\\/897f3d57289c1f4c62cade1c2606ba6ded18d5f1676845e668a9f21cb751c06b?s=96&d=mm&r=g\",\"contentUrl\":\"https:\\\/\\\/secure.gravatar.com\\\/avatar\\\/897f3d57289c1f4c62cade1c2606ba6ded18d5f1676845e668a9f21cb751c06b?s=96&d=mm&r=g\",\"caption\":\"redaction2@contactfm72.fr\"},\"url\":\"https:\\\/\\\/contactfm72.fr\\\/?author=5\"}]}<\/script>\n<!-- \/ Yoast SEO plugin. -->","yoast_head_json":{"title":"Le D\u00e9clic - Qu'est-ce que l'Otto CLub ? - Contact FM 99.3","description":"Le Lieu qui m\u00eale la gastronomie et la passion de l'automobile !\u00a0Otto Club, situ\u00e9 au domaine de Montlouis \u00e0 Pontvallain est un lieu o\u00f9 l'\u00e9v\u00e9nementiel, l'automobile et la gastronomie entre passionn\u00e9(e)s et n\u00e9ophytes se m\u00ealent. Julien Ma\u00eflantz, le co-g\u00e9rant revient sur son parcours, sa passion de la musique et de la co-cr\u00e9ation d'Otto Club.Le D\u00e9clic est diffus\u00e9 le mercredi 26 f\u00e9vrier \u00e0 17h30 et le mardi 4 mars \u00e0 12h30.","robots":{"index":"index","follow":"follow","max-snippet":"max-snippet:-1","max-image-preview":"max-image-preview:large","max-video-preview":"max-video-preview:-1"},"canonical":"https:\/\/contactfm72.fr\/?p=18689","og_locale":"fr_FR","og_type":"article","og_title":"Le D\u00e9clic - Qu'est-ce que l'Otto CLub ? - Contact FM 99.3","og_description":"Le Lieu qui m\u00eale la gastronomie et la passion de l'automobile !\u00a0Otto Club, situ\u00e9 au domaine de Montlouis \u00e0 Pontvallain est un lieu o\u00f9 l'\u00e9v\u00e9nementiel, l'automobile et la gastronomie entre passionn\u00e9(e)s et n\u00e9ophytes se m\u00ealent. Julien Ma\u00eflantz, le co-g\u00e9rant revient sur son parcours, sa passion de la musique et de la co-cr\u00e9ation d'Otto Club.Le D\u00e9clic est diffus\u00e9 le mercredi 26 f\u00e9vrier \u00e0 17h30 et le mardi 4 mars \u00e0 12h30.","og_url":"https:\/\/contactfm72.fr\/?p=18689","og_site_name":"Contact FM 99.3","article_publisher":"https:\/\/www.facebook.com\/Contactfm.Chateauduloir","article_published_time":"2025-02-26T14:30:56+00:00","og_image":[{"width":2016,"height":1512,"url":"https:\/\/contactfm72.fr\/wp-content\/uploads\/2025\/02\/Visuel-Contact-FM-2.jpg","type":"image\/jpeg"}],"author":"redaction2@contactfm72.fr","twitter_card":"summary_large_image","twitter_creator":"@contactfm72","twitter_site":"@contactfm72","twitter_misc":{"\u00c9crit par":"redaction2@contactfm72.fr","Dur\u00e9e de lecture estim\u00e9e":"1 minute"},"schema":{"@context":"https:\/\/schema.org","@graph":[{"@type":"Article","@id":"https:\/\/contactfm72.fr\/?p=18689#article","isPartOf":{"@id":"https:\/\/contactfm72.fr\/?p=18689"},"author":{"name":"redaction2@contactfm72.fr","@id":"https:\/\/contactfm72.fr\/#\/schema\/person\/d2ef09cdea7331b185acaddc4d14dda8"},"headline":"Le D\u00e9clic &#8211; Qu&#8217;est-ce que l&#8217;Otto CLub ?","datePublished":"2025-02-26T14:30:56+00:00","mainEntityOfPage":{"@id":"https:\/\/contactfm72.fr\/?p=18689"},"wordCount":94,"publisher":{"@id":"https:\/\/contactfm72.fr\/#organization"},"image":{"@id":"https:\/\/contactfm72.fr\/?p=18689#primaryimage"},"thumbnailUrl":"https:\/\/contactfm72.fr\/wp-content\/uploads\/2025\/02\/Visuel-Contact-FM-2.jpg","articleSection":["Contact FM 72"],"inLanguage":"fr-FR"},{"@type":"WebPage","@id":"https:\/\/contactfm72.fr\/?p=18689","url":"https:\/\/contactfm72.fr\/?p=18689","name":"Le D\u00e9clic - Qu'est-ce que l'Otto CLub ? - Contact FM 99.3","isPartOf":{"@id":"https:\/\/contactfm72.fr\/#website"},"primaryImageOfPage":{"@id":"https:\/\/contactfm72.fr\/?p=18689#primaryimage"},"image":{"@id":"https:\/\/contactfm72.fr\/?p=18689#primaryimage"},"thumbnailUrl":"https:\/\/contactfm72.fr\/wp-content\/uploads\/2025\/02\/Visuel-Contact-FM-2.jpg","datePublished":"2025-02-26T14:30:56+00:00","description":"Le Lieu qui m\u00eale la gastronomie et la passion de l'automobile !\u00a0Otto Club, situ\u00e9 au domaine de Montlouis \u00e0 Pontvallain est un lieu o\u00f9 l'\u00e9v\u00e9nementiel, l'automobile et la gastronomie entre passionn\u00e9(e)s et n\u00e9ophytes se m\u00ealent. Julien Ma\u00eflantz, le co-g\u00e9rant revient sur son parcours, sa passion de la musique et de la co-cr\u00e9ation d'Otto Club.Le D\u00e9clic est diffus\u00e9 le mercredi 26 f\u00e9vrier \u00e0 17h30 et le mardi 4 mars \u00e0 12h30.","breadcrumb":{"@id":"https:\/\/contactfm72.fr\/?p=18689#breadcrumb"},"inLanguage":"fr-FR","potentialAction":[{"@type":"ReadAction","target":["https:\/\/contactfm72.fr\/?p=18689"]}]},{"@type":"ImageObject","inLanguage":"fr-FR","@id":"https:\/\/contactfm72.fr\/?p=18689#primaryimage","url":"https:\/\/contactfm72.fr\/wp-content\/uploads\/2025\/02\/Visuel-Contact-FM-2.jpg","contentUrl":"https:\/\/contactfm72.fr\/wp-content\/uploads\/2025\/02\/Visuel-Contact-FM-2.jpg","width":2016,"height":1512},{"@type":"BreadcrumbList","@id":"https:\/\/contactfm72.fr\/?p=18689#breadcrumb","itemListElement":[{"@type":"ListItem","position":1,"name":"Accueil","item":"https:\/\/contactfm72.fr\/"},{"@type":"ListItem","position":2,"name":"Le D\u00e9clic &#8211; Qu&#8217;est-ce que l&#8217;Otto CLub ?"}]},{"@type":"WebSite","@id":"https:\/\/contactfm72.fr\/#website","url":"https:\/\/contactfm72.fr\/","name":"Contact FM 99.3","description":"Votre radio en vall\u00e9e du Loir","publisher":{"@id":"https:\/\/contactfm72.fr\/#organization"},"potentialAction":[{"@type":"SearchAction","target":{"@type":"EntryPoint","urlTemplate":"https:\/\/contactfm72.fr\/?s={search_term_string}"},"query-input":{"@type":"PropertyValueSpecification","valueRequired":true,"valueName":"search_term_string"}}],"inLanguage":"fr-FR"},{"@type":"Organization","@id":"https:\/\/contactfm72.fr\/#organization","name":"Contact FM 99.3","url":"https:\/\/contactfm72.fr\/","logo":{"@type":"ImageObject","inLanguage":"fr-FR","@id":"https:\/\/contactfm72.fr\/#\/schema\/logo\/image\/","url":"https:\/\/contactfm72.fr\/wp-content\/uploads\/2025\/04\/2025-04-18-2.jpg","contentUrl":"https:\/\/contactfm72.fr\/wp-content\/uploads\/2025\/04\/2025-04-18-2.jpg","width":680,"height":307,"caption":"Contact FM 99.3"},"image":{"@id":"https:\/\/contactfm72.fr\/#\/schema\/logo\/image\/"},"sameAs":["https:\/\/www.facebook.com\/Contactfm.Chateauduloir","https:\/\/x.com\/contactfm72","https:\/\/www.instagram.com\/contact.fm.72?igsh=cGhlMHQ5N2JlNnpp","https:\/\/www.tiktok.com\/@contact.fm"]},{"@type":"Person","@id":"https:\/\/contactfm72.fr\/#\/schema\/person\/d2ef09cdea7331b185acaddc4d14dda8","name":"redaction2@contactfm72.fr","image":{"@type":"ImageObject","inLanguage":"fr-FR","@id":"https:\/\/secure.gravatar.com\/avatar\/897f3d57289c1f4c62cade1c2606ba6ded18d5f1676845e668a9f21cb751c06b?s=96&d=mm&r=g","url":"https:\/\/secure.gravatar.com\/avatar\/897f3d57289c1f4c62cade1c2606ba6ded18d5f1676845e668a9f21cb751c06b?s=96&d=mm&r=g","contentUrl":"https:\/\/secure.gravatar.com\/avatar\/897f3d57289c1f4c62cade1c2606ba6ded18d5f1676845e668a9f21cb751c06b?s=96&d=mm&r=g","caption":"redaction2@contactfm72.fr"},"url":"https:\/\/contactfm72.fr\/?author=5"}]}},"_links":{"self":[{"href":"https:\/\/contactfm72.fr\/index.php?rest_route=\/wp\/v2\/posts\/18689","targetHints":{"allow":["GET"]}}],"collection":[{"href":"https:\/\/contactfm72.fr\/index.php?rest_route=\/wp\/v2\/posts"}],"about":[{"href":"https:\/\/contactfm72.fr\/index.php?rest_route=\/wp\/v2\/types\/post"}],"author":[{"embeddable":true,"href":"https:\/\/contactfm72.fr\/index.php?rest_route=\/wp\/v2\/users\/5"}],"replies":[{"embeddable":true,"href":"https:\/\/contactfm72.fr\/index.php?rest_route=%2Fwp%2Fv2%2Fcomments&post=18689"}],"version-history":[{"count":1,"href":"https:\/\/contactfm72.fr\/index.php?rest_route=\/wp\/v2\/posts\/18689\/revisions"}],"predecessor-version":[{"id":18691,"href":"https:\/\/contactfm72.fr\/index.php?rest_route=\/wp\/v2\/posts\/18689\/revisions\/18691"}],"wp:featuredmedia":[{"embeddable":true,"href":"https:\/\/contactfm72.fr\/index.php?rest_route=\/wp\/v2\/media\/18690"}],"wp:attachment":[{"href":"https:\/\/contactfm72.fr\/index.php?rest_route=%2Fwp%2Fv2%2Fmedia&parent=18689"}],"wp:term":[{"taxonomy":"category","embeddable":true,"href":"https:\/\/contactfm72.fr\/index.php?rest_route=%2Fwp%2Fv2%2Fcategories&post=18689"},{"taxonomy":"post_tag","embeddable":true,"href":"https:\/\/contactfm72.fr\/index.php?rest_route=%2Fwp%2Fv2%2Ftags&post=18689"}],"curies":[{"name":"wp","href":"https:\/\/api.w.org\/{rel}","templated":true}]}}