{"id":18636,"date":"2025-02-14T15:27:57","date_gmt":"2025-02-14T14:27:57","guid":{"rendered":"https:\/\/contactfm72.fr\/?p=18636"},"modified":"2025-02-14T15:29:03","modified_gmt":"2025-02-14T14:29:03","slug":"une-soiree-dedies-aux-femmes-de-la-terre-a-verneil-le-chetif","status":"publish","type":"post","link":"https:\/\/contactfm72.fr\/?p=18636","title":{"rendered":"Une soir\u00e9e d\u00e9di\u00e9e aux &#8220;Femmes de la Terre&#8221; \u00e0 Verneil-le-Ch\u00e9tif"},"content":{"rendered":"<p>&#8220;Un tiers des agriculteurs sont des femmes en 2025&#8221;<\/p>\n<p>Le mercredi 26 f\u00e9vrier, la MFR de Verneil-le-Ch\u00e9tif et la MSA Orne Mayenne Sarthe organisent une soir\u00e9e \u00e9v\u00e9nement mettant en avant les femmes travaillant dans le milieu agricole. Au programme de ce rendez-vous unique, la diffusion du documentaire d&#8217;Edouard Bergeon &#8220;Femmes de la Terre&#8221; suivi dune table ronde.<\/p>\n<p>Cet \u00e9v\u00e9nement est ouvert \u00e0 tous, gratuit \u00e0 la salle polyvalente de Verneil-le-Ch\u00e9tif. C&#8217;est Adeline G\u00e9raud, conseill\u00e8re en animation et d\u00e9veloppement des territoires \u00e0 la MSA Mayenne Orne Sarthe qui en parle dans &#8220;L&#8217;interview du Jour&#8221; le vendredi 14 f\u00e9vrier \u00e0 18h, le samedi 15 f\u00e9vrier \u00e0 14h, le dimanche 16 f\u00e9vrier \u00e0 11h et le lundi 17 f\u00e9vrier \u00e0 13h.<\/p>\n<div id=\"audioigniter-283\" class=\"audioigniter-root \" data-player-type=\"full\" data-tracks-url=\"https:\/\/contactfm72.fr\/?audioigniter_playlist_id=283\" data-display-track-no=\"false\" data-reverse-track-order=\"false\" data-display-tracklist-covers=\"false\" data-display-active-cover=\"false\" data-display-artist-names=\"false\" data-display-buy-buttons=\"true\" data-buy-buttons-target=\"false\" data-cycle-tracks=\"false\" data-display-credits=\"false\" data-display-tracklist=\"true\" data-allow-tracklist-toggle=\"false\" data-allow-tracklist-loop=\"true\" data-limit-tracklist-height=\"true\" data-volume=\"100\" data-tracklist-height=\"185\" data-allow-track-loop=\"false\" ><\/div>\n<!-- AddThis Advanced Settings generic via filter on the_content --><!-- AddThis Share Buttons generic via filter on the_content -->","protected":false},"excerpt":{"rendered":"<p>&#8220;Un tiers des agriculteurs sont des femmes en 2025&#8221; Le mercredi 26 f\u00e9vrier, la MFR de Verneil-le-Ch\u00e9tif et la MSA Orne Mayenne Sarthe organisent une soir\u00e9e \u00e9v\u00e9nement mettant en avant les femmes travaillant dans le milieu agricole. Au programme de ce rendez-vous unique, la diffusion du documentaire d&#8217;Edouard Bergeon &#8220;Femmes de la Terre&#8221; suivi dune&hellip;<!-- AddThis Advanced Settings generic via filter on get_the_excerpt --><!-- AddThis Share Buttons generic via filter on get_the_excerpt --><\/p>\n","protected":false},"author":5,"featured_media":18638,"comment_status":"closed","ping_status":"open","sticky":false,"template":"","format":"standard","meta":{"footnotes":""},"categories":[1,5],"tags":[],"class_list":["post-18636","post","type-post","status-publish","format-standard","has-post-thumbnail","hentry","category-contact-fm-72","category-linterview-du-jour","category-1","category-5","description-off"],"yoast_head":"<!-- This site is optimized with the Yoast SEO plugin v27.4 - https:\/\/yoast.com\/product\/yoast-seo-wordpress\/ -->\n<title>Une soir\u00e9e d\u00e9di\u00e9e aux &quot;Femmes de la Terre&quot; \u00e0 Verneil-le-Ch\u00e9tif - Contact FM 99.3<\/title>\n<meta name=\"description\" content=\"&quot;Un tiers des agriculteurs sont des femmes en 2025&quot;Le mercredi 26 f\u00e9vrier, la MFR de Verneil-le-Ch\u00e9tif et la MSA Orne Mayenne Sarthe organise une soir\u00e9e \u00e9v\u00e9nement mettant en avant les femmes travaillant dans le milieu agricole. Au programme de ce rendez-vous unique, la diffusion du documentaire d&#039;Edouard Bergeon &quot;Femmes de la Terre&quot; suivi dune table ronde.Cet \u00e9v\u00e9nement est ouvert \u00e0 tous, gratuit \u00e0 la salle polyvalente de Verneil-le-Ch\u00e9tif. C&#039;est Adeline G\u00e9raud, conseill\u00e8re en animation et d\u00e9veloppement des territoires \u00e0 la MSA Mayenne Orne Sarthe qui en parle dans &quot;L&#039;interview du Jour&quot; le vendredi 14 f\u00e9vrier \u00e0 18h, le samedi 15 f\u00e9vrier \u00e0 14h, le dimanche 16 f\u00e9vrier \u00e0 11h et le lundi 17 f\u00e9vrier \u00e0 13h.\" \/>\n<meta name=\"robots\" content=\"index, follow, max-snippet:-1, max-image-preview:large, max-video-preview:-1\" \/>\n<link rel=\"canonical\" href=\"https:\/\/contactfm72.fr\/?p=18636\" \/>\n<meta property=\"og:locale\" content=\"fr_FR\" \/>\n<meta property=\"og:type\" content=\"article\" \/>\n<meta property=\"og:title\" content=\"Une soir\u00e9e d\u00e9di\u00e9e aux &quot;Femmes de la Terre&quot; \u00e0 Verneil-le-Ch\u00e9tif - Contact FM 99.3\" \/>\n<meta property=\"og:description\" content=\"&quot;Un tiers des agriculteurs sont des femmes en 2025&quot;Le mercredi 26 f\u00e9vrier, la MFR de Verneil-le-Ch\u00e9tif et la MSA Orne Mayenne Sarthe organise une soir\u00e9e \u00e9v\u00e9nement mettant en avant les femmes travaillant dans le milieu agricole. Au programme de ce rendez-vous unique, la diffusion du documentaire d&#039;Edouard Bergeon &quot;Femmes de la Terre&quot; suivi dune table ronde.Cet \u00e9v\u00e9nement est ouvert \u00e0 tous, gratuit \u00e0 la salle polyvalente de Verneil-le-Ch\u00e9tif. C&#039;est Adeline G\u00e9raud, conseill\u00e8re en animation et d\u00e9veloppement des territoires \u00e0 la MSA Mayenne Orne Sarthe qui en parle dans &quot;L&#039;interview du Jour&quot; le vendredi 14 f\u00e9vrier \u00e0 18h, le samedi 15 f\u00e9vrier \u00e0 14h, le dimanche 16 f\u00e9vrier \u00e0 11h et le lundi 17 f\u00e9vrier \u00e0 13h.\" \/>\n<meta property=\"og:url\" content=\"https:\/\/contactfm72.fr\/?p=18636\" \/>\n<meta property=\"og:site_name\" content=\"Contact FM 99.3\" \/>\n<meta property=\"article:publisher\" content=\"https:\/\/www.facebook.com\/Contactfm.Chateauduloir\" \/>\n<meta property=\"article:published_time\" content=\"2025-02-14T14:27:57+00:00\" \/>\n<meta property=\"article:modified_time\" content=\"2025-02-14T14:29:03+00:00\" \/>\n<meta property=\"og:image\" content=\"http:\/\/contactfm72.fr\/wp-content\/uploads\/2025\/02\/Visuel-Contact-FM.png\" \/>\n\t<meta property=\"og:image:width\" content=\"1024\" \/>\n\t<meta property=\"og:image:height\" content=\"768\" \/>\n\t<meta property=\"og:image:type\" content=\"image\/png\" \/>\n<meta name=\"author\" content=\"redaction2@contactfm72.fr\" \/>\n<meta name=\"twitter:card\" content=\"summary_large_image\" \/>\n<meta name=\"twitter:creator\" content=\"@contactfm72\" \/>\n<meta name=\"twitter:site\" content=\"@contactfm72\" \/>\n<meta name=\"twitter:label1\" content=\"\u00c9crit par\" \/>\n\t<meta name=\"twitter:data1\" content=\"redaction2@contactfm72.fr\" \/>\n\t<meta name=\"twitter:label2\" content=\"Dur\u00e9e de lecture estim\u00e9e\" \/>\n\t<meta name=\"twitter:data2\" content=\"1 minute\" \/>\n<script type=\"application\/ld+json\" class=\"yoast-schema-graph\">{\"@context\":\"https:\\\/\\\/schema.org\",\"@graph\":[{\"@type\":\"Article\",\"@id\":\"https:\\\/\\\/contactfm72.fr\\\/?p=18636#article\",\"isPartOf\":{\"@id\":\"https:\\\/\\\/contactfm72.fr\\\/?p=18636\"},\"author\":{\"name\":\"redaction2@contactfm72.fr\",\"@id\":\"https:\\\/\\\/contactfm72.fr\\\/#\\\/schema\\\/person\\\/d2ef09cdea7331b185acaddc4d14dda8\"},\"headline\":\"Une soir\u00e9e d\u00e9di\u00e9e aux &#8220;Femmes de la Terre&#8221; \u00e0 Verneil-le-Ch\u00e9tif\",\"datePublished\":\"2025-02-14T14:27:57+00:00\",\"dateModified\":\"2025-02-14T14:29:03+00:00\",\"mainEntityOfPage\":{\"@id\":\"https:\\\/\\\/contactfm72.fr\\\/?p=18636\"},\"wordCount\":137,\"publisher\":{\"@id\":\"https:\\\/\\\/contactfm72.fr\\\/#organization\"},\"image\":{\"@id\":\"https:\\\/\\\/contactfm72.fr\\\/?p=18636#primaryimage\"},\"thumbnailUrl\":\"https:\\\/\\\/contactfm72.fr\\\/wp-content\\\/uploads\\\/2025\\\/02\\\/Visuel-Contact-FM.png\",\"articleSection\":[\"Contact FM 72\",\"L'interview du jour\"],\"inLanguage\":\"fr-FR\"},{\"@type\":\"WebPage\",\"@id\":\"https:\\\/\\\/contactfm72.fr\\\/?p=18636\",\"url\":\"https:\\\/\\\/contactfm72.fr\\\/?p=18636\",\"name\":\"Une soir\u00e9e d\u00e9di\u00e9e aux \\\"Femmes de la Terre\\\" \u00e0 Verneil-le-Ch\u00e9tif - Contact FM 99.3\",\"isPartOf\":{\"@id\":\"https:\\\/\\\/contactfm72.fr\\\/#website\"},\"primaryImageOfPage\":{\"@id\":\"https:\\\/\\\/contactfm72.fr\\\/?p=18636#primaryimage\"},\"image\":{\"@id\":\"https:\\\/\\\/contactfm72.fr\\\/?p=18636#primaryimage\"},\"thumbnailUrl\":\"https:\\\/\\\/contactfm72.fr\\\/wp-content\\\/uploads\\\/2025\\\/02\\\/Visuel-Contact-FM.png\",\"datePublished\":\"2025-02-14T14:27:57+00:00\",\"dateModified\":\"2025-02-14T14:29:03+00:00\",\"description\":\"\\\"Un tiers des agriculteurs sont des femmes en 2025\\\"Le mercredi 26 f\u00e9vrier, la MFR de Verneil-le-Ch\u00e9tif et la MSA Orne Mayenne Sarthe organise une soir\u00e9e \u00e9v\u00e9nement mettant en avant les femmes travaillant dans le milieu agricole. Au programme de ce rendez-vous unique, la diffusion du documentaire d'Edouard Bergeon \\\"Femmes de la Terre\\\" suivi dune table ronde.Cet \u00e9v\u00e9nement est ouvert \u00e0 tous, gratuit \u00e0 la salle polyvalente de Verneil-le-Ch\u00e9tif. C'est Adeline G\u00e9raud, conseill\u00e8re en animation et d\u00e9veloppement des territoires \u00e0 la MSA Mayenne Orne Sarthe qui en parle dans \\\"L'interview du Jour\\\" le vendredi 14 f\u00e9vrier \u00e0 18h, le samedi 15 f\u00e9vrier \u00e0 14h, le dimanche 16 f\u00e9vrier \u00e0 11h et le lundi 17 f\u00e9vrier \u00e0 13h.\",\"breadcrumb\":{\"@id\":\"https:\\\/\\\/contactfm72.fr\\\/?p=18636#breadcrumb\"},\"inLanguage\":\"fr-FR\",\"potentialAction\":[{\"@type\":\"ReadAction\",\"target\":[\"https:\\\/\\\/contactfm72.fr\\\/?p=18636\"]}]},{\"@type\":\"ImageObject\",\"inLanguage\":\"fr-FR\",\"@id\":\"https:\\\/\\\/contactfm72.fr\\\/?p=18636#primaryimage\",\"url\":\"https:\\\/\\\/contactfm72.fr\\\/wp-content\\\/uploads\\\/2025\\\/02\\\/Visuel-Contact-FM.png\",\"contentUrl\":\"https:\\\/\\\/contactfm72.fr\\\/wp-content\\\/uploads\\\/2025\\\/02\\\/Visuel-Contact-FM.png\",\"width\":2016,\"height\":1512},{\"@type\":\"BreadcrumbList\",\"@id\":\"https:\\\/\\\/contactfm72.fr\\\/?p=18636#breadcrumb\",\"itemListElement\":[{\"@type\":\"ListItem\",\"position\":1,\"name\":\"Accueil\",\"item\":\"https:\\\/\\\/contactfm72.fr\\\/\"},{\"@type\":\"ListItem\",\"position\":2,\"name\":\"Une soir\u00e9e d\u00e9di\u00e9e aux &#8220;Femmes de la Terre&#8221; \u00e0 Verneil-le-Ch\u00e9tif\"}]},{\"@type\":\"WebSite\",\"@id\":\"https:\\\/\\\/contactfm72.fr\\\/#website\",\"url\":\"https:\\\/\\\/contactfm72.fr\\\/\",\"name\":\"Contact FM 99.3\",\"description\":\"Votre radio en vall\u00e9e du Loir\",\"publisher\":{\"@id\":\"https:\\\/\\\/contactfm72.fr\\\/#organization\"},\"potentialAction\":[{\"@type\":\"SearchAction\",\"target\":{\"@type\":\"EntryPoint\",\"urlTemplate\":\"https:\\\/\\\/contactfm72.fr\\\/?s={search_term_string}\"},\"query-input\":{\"@type\":\"PropertyValueSpecification\",\"valueRequired\":true,\"valueName\":\"search_term_string\"}}],\"inLanguage\":\"fr-FR\"},{\"@type\":\"Organization\",\"@id\":\"https:\\\/\\\/contactfm72.fr\\\/#organization\",\"name\":\"Contact FM 99.3\",\"url\":\"https:\\\/\\\/contactfm72.fr\\\/\",\"logo\":{\"@type\":\"ImageObject\",\"inLanguage\":\"fr-FR\",\"@id\":\"https:\\\/\\\/contactfm72.fr\\\/#\\\/schema\\\/logo\\\/image\\\/\",\"url\":\"https:\\\/\\\/contactfm72.fr\\\/wp-content\\\/uploads\\\/2025\\\/04\\\/2025-04-18-2.jpg\",\"contentUrl\":\"https:\\\/\\\/contactfm72.fr\\\/wp-content\\\/uploads\\\/2025\\\/04\\\/2025-04-18-2.jpg\",\"width\":680,\"height\":307,\"caption\":\"Contact FM 99.3\"},\"image\":{\"@id\":\"https:\\\/\\\/contactfm72.fr\\\/#\\\/schema\\\/logo\\\/image\\\/\"},\"sameAs\":[\"https:\\\/\\\/www.facebook.com\\\/Contactfm.Chateauduloir\",\"https:\\\/\\\/x.com\\\/contactfm72\",\"https:\\\/\\\/www.instagram.com\\\/contact.fm.72?igsh=cGhlMHQ5N2JlNnpp\",\"https:\\\/\\\/www.tiktok.com\\\/@contact.fm\"]},{\"@type\":\"Person\",\"@id\":\"https:\\\/\\\/contactfm72.fr\\\/#\\\/schema\\\/person\\\/d2ef09cdea7331b185acaddc4d14dda8\",\"name\":\"redaction2@contactfm72.fr\",\"image\":{\"@type\":\"ImageObject\",\"inLanguage\":\"fr-FR\",\"@id\":\"https:\\\/\\\/secure.gravatar.com\\\/avatar\\\/897f3d57289c1f4c62cade1c2606ba6ded18d5f1676845e668a9f21cb751c06b?s=96&d=mm&r=g\",\"url\":\"https:\\\/\\\/secure.gravatar.com\\\/avatar\\\/897f3d57289c1f4c62cade1c2606ba6ded18d5f1676845e668a9f21cb751c06b?s=96&d=mm&r=g\",\"contentUrl\":\"https:\\\/\\\/secure.gravatar.com\\\/avatar\\\/897f3d57289c1f4c62cade1c2606ba6ded18d5f1676845e668a9f21cb751c06b?s=96&d=mm&r=g\",\"caption\":\"redaction2@contactfm72.fr\"},\"url\":\"https:\\\/\\\/contactfm72.fr\\\/?author=5\"}]}<\/script>\n<!-- \/ Yoast SEO plugin. -->","yoast_head_json":{"title":"Une soir\u00e9e d\u00e9di\u00e9e aux \"Femmes de la Terre\" \u00e0 Verneil-le-Ch\u00e9tif - Contact FM 99.3","description":"\"Un tiers des agriculteurs sont des femmes en 2025\"Le mercredi 26 f\u00e9vrier, la MFR de Verneil-le-Ch\u00e9tif et la MSA Orne Mayenne Sarthe organise une soir\u00e9e \u00e9v\u00e9nement mettant en avant les femmes travaillant dans le milieu agricole. Au programme de ce rendez-vous unique, la diffusion du documentaire d'Edouard Bergeon \"Femmes de la Terre\" suivi dune table ronde.Cet \u00e9v\u00e9nement est ouvert \u00e0 tous, gratuit \u00e0 la salle polyvalente de Verneil-le-Ch\u00e9tif. C'est Adeline G\u00e9raud, conseill\u00e8re en animation et d\u00e9veloppement des territoires \u00e0 la MSA Mayenne Orne Sarthe qui en parle dans \"L'interview du Jour\" le vendredi 14 f\u00e9vrier \u00e0 18h, le samedi 15 f\u00e9vrier \u00e0 14h, le dimanche 16 f\u00e9vrier \u00e0 11h et le lundi 17 f\u00e9vrier \u00e0 13h.","robots":{"index":"index","follow":"follow","max-snippet":"max-snippet:-1","max-image-preview":"max-image-preview:large","max-video-preview":"max-video-preview:-1"},"canonical":"https:\/\/contactfm72.fr\/?p=18636","og_locale":"fr_FR","og_type":"article","og_title":"Une soir\u00e9e d\u00e9di\u00e9e aux \"Femmes de la Terre\" \u00e0 Verneil-le-Ch\u00e9tif - Contact FM 99.3","og_description":"\"Un tiers des agriculteurs sont des femmes en 2025\"Le mercredi 26 f\u00e9vrier, la MFR de Verneil-le-Ch\u00e9tif et la MSA Orne Mayenne Sarthe organise une soir\u00e9e \u00e9v\u00e9nement mettant en avant les femmes travaillant dans le milieu agricole. Au programme de ce rendez-vous unique, la diffusion du documentaire d'Edouard Bergeon \"Femmes de la Terre\" suivi dune table ronde.Cet \u00e9v\u00e9nement est ouvert \u00e0 tous, gratuit \u00e0 la salle polyvalente de Verneil-le-Ch\u00e9tif. C'est Adeline G\u00e9raud, conseill\u00e8re en animation et d\u00e9veloppement des territoires \u00e0 la MSA Mayenne Orne Sarthe qui en parle dans \"L'interview du Jour\" le vendredi 14 f\u00e9vrier \u00e0 18h, le samedi 15 f\u00e9vrier \u00e0 14h, le dimanche 16 f\u00e9vrier \u00e0 11h et le lundi 17 f\u00e9vrier \u00e0 13h.","og_url":"https:\/\/contactfm72.fr\/?p=18636","og_site_name":"Contact FM 99.3","article_publisher":"https:\/\/www.facebook.com\/Contactfm.Chateauduloir","article_published_time":"2025-02-14T14:27:57+00:00","article_modified_time":"2025-02-14T14:29:03+00:00","og_image":[{"url":"http:\/\/contactfm72.fr\/wp-content\/uploads\/2025\/02\/Visuel-Contact-FM.png","width":1024,"height":768,"type":"image\/png"}],"author":"redaction2@contactfm72.fr","twitter_card":"summary_large_image","twitter_creator":"@contactfm72","twitter_site":"@contactfm72","twitter_misc":{"\u00c9crit par":"redaction2@contactfm72.fr","Dur\u00e9e de lecture estim\u00e9e":"1 minute"},"schema":{"@context":"https:\/\/schema.org","@graph":[{"@type":"Article","@id":"https:\/\/contactfm72.fr\/?p=18636#article","isPartOf":{"@id":"https:\/\/contactfm72.fr\/?p=18636"},"author":{"name":"redaction2@contactfm72.fr","@id":"https:\/\/contactfm72.fr\/#\/schema\/person\/d2ef09cdea7331b185acaddc4d14dda8"},"headline":"Une soir\u00e9e d\u00e9di\u00e9e aux &#8220;Femmes de la Terre&#8221; \u00e0 Verneil-le-Ch\u00e9tif","datePublished":"2025-02-14T14:27:57+00:00","dateModified":"2025-02-14T14:29:03+00:00","mainEntityOfPage":{"@id":"https:\/\/contactfm72.fr\/?p=18636"},"wordCount":137,"publisher":{"@id":"https:\/\/contactfm72.fr\/#organization"},"image":{"@id":"https:\/\/contactfm72.fr\/?p=18636#primaryimage"},"thumbnailUrl":"https:\/\/contactfm72.fr\/wp-content\/uploads\/2025\/02\/Visuel-Contact-FM.png","articleSection":["Contact FM 72","L'interview du jour"],"inLanguage":"fr-FR"},{"@type":"WebPage","@id":"https:\/\/contactfm72.fr\/?p=18636","url":"https:\/\/contactfm72.fr\/?p=18636","name":"Une soir\u00e9e d\u00e9di\u00e9e aux \"Femmes de la Terre\" \u00e0 Verneil-le-Ch\u00e9tif - Contact FM 99.3","isPartOf":{"@id":"https:\/\/contactfm72.fr\/#website"},"primaryImageOfPage":{"@id":"https:\/\/contactfm72.fr\/?p=18636#primaryimage"},"image":{"@id":"https:\/\/contactfm72.fr\/?p=18636#primaryimage"},"thumbnailUrl":"https:\/\/contactfm72.fr\/wp-content\/uploads\/2025\/02\/Visuel-Contact-FM.png","datePublished":"2025-02-14T14:27:57+00:00","dateModified":"2025-02-14T14:29:03+00:00","description":"\"Un tiers des agriculteurs sont des femmes en 2025\"Le mercredi 26 f\u00e9vrier, la MFR de Verneil-le-Ch\u00e9tif et la MSA Orne Mayenne Sarthe organise une soir\u00e9e \u00e9v\u00e9nement mettant en avant les femmes travaillant dans le milieu agricole. Au programme de ce rendez-vous unique, la diffusion du documentaire d'Edouard Bergeon \"Femmes de la Terre\" suivi dune table ronde.Cet \u00e9v\u00e9nement est ouvert \u00e0 tous, gratuit \u00e0 la salle polyvalente de Verneil-le-Ch\u00e9tif. C'est Adeline G\u00e9raud, conseill\u00e8re en animation et d\u00e9veloppement des territoires \u00e0 la MSA Mayenne Orne Sarthe qui en parle dans \"L'interview du Jour\" le vendredi 14 f\u00e9vrier \u00e0 18h, le samedi 15 f\u00e9vrier \u00e0 14h, le dimanche 16 f\u00e9vrier \u00e0 11h et le lundi 17 f\u00e9vrier \u00e0 13h.","breadcrumb":{"@id":"https:\/\/contactfm72.fr\/?p=18636#breadcrumb"},"inLanguage":"fr-FR","potentialAction":[{"@type":"ReadAction","target":["https:\/\/contactfm72.fr\/?p=18636"]}]},{"@type":"ImageObject","inLanguage":"fr-FR","@id":"https:\/\/contactfm72.fr\/?p=18636#primaryimage","url":"https:\/\/contactfm72.fr\/wp-content\/uploads\/2025\/02\/Visuel-Contact-FM.png","contentUrl":"https:\/\/contactfm72.fr\/wp-content\/uploads\/2025\/02\/Visuel-Contact-FM.png","width":2016,"height":1512},{"@type":"BreadcrumbList","@id":"https:\/\/contactfm72.fr\/?p=18636#breadcrumb","itemListElement":[{"@type":"ListItem","position":1,"name":"Accueil","item":"https:\/\/contactfm72.fr\/"},{"@type":"ListItem","position":2,"name":"Une soir\u00e9e d\u00e9di\u00e9e aux &#8220;Femmes de la Terre&#8221; \u00e0 Verneil-le-Ch\u00e9tif"}]},{"@type":"WebSite","@id":"https:\/\/contactfm72.fr\/#website","url":"https:\/\/contactfm72.fr\/","name":"Contact FM 99.3","description":"Votre radio en vall\u00e9e du Loir","publisher":{"@id":"https:\/\/contactfm72.fr\/#organization"},"potentialAction":[{"@type":"SearchAction","target":{"@type":"EntryPoint","urlTemplate":"https:\/\/contactfm72.fr\/?s={search_term_string}"},"query-input":{"@type":"PropertyValueSpecification","valueRequired":true,"valueName":"search_term_string"}}],"inLanguage":"fr-FR"},{"@type":"Organization","@id":"https:\/\/contactfm72.fr\/#organization","name":"Contact FM 99.3","url":"https:\/\/contactfm72.fr\/","logo":{"@type":"ImageObject","inLanguage":"fr-FR","@id":"https:\/\/contactfm72.fr\/#\/schema\/logo\/image\/","url":"https:\/\/contactfm72.fr\/wp-content\/uploads\/2025\/04\/2025-04-18-2.jpg","contentUrl":"https:\/\/contactfm72.fr\/wp-content\/uploads\/2025\/04\/2025-04-18-2.jpg","width":680,"height":307,"caption":"Contact FM 99.3"},"image":{"@id":"https:\/\/contactfm72.fr\/#\/schema\/logo\/image\/"},"sameAs":["https:\/\/www.facebook.com\/Contactfm.Chateauduloir","https:\/\/x.com\/contactfm72","https:\/\/www.instagram.com\/contact.fm.72?igsh=cGhlMHQ5N2JlNnpp","https:\/\/www.tiktok.com\/@contact.fm"]},{"@type":"Person","@id":"https:\/\/contactfm72.fr\/#\/schema\/person\/d2ef09cdea7331b185acaddc4d14dda8","name":"redaction2@contactfm72.fr","image":{"@type":"ImageObject","inLanguage":"fr-FR","@id":"https:\/\/secure.gravatar.com\/avatar\/897f3d57289c1f4c62cade1c2606ba6ded18d5f1676845e668a9f21cb751c06b?s=96&d=mm&r=g","url":"https:\/\/secure.gravatar.com\/avatar\/897f3d57289c1f4c62cade1c2606ba6ded18d5f1676845e668a9f21cb751c06b?s=96&d=mm&r=g","contentUrl":"https:\/\/secure.gravatar.com\/avatar\/897f3d57289c1f4c62cade1c2606ba6ded18d5f1676845e668a9f21cb751c06b?s=96&d=mm&r=g","caption":"redaction2@contactfm72.fr"},"url":"https:\/\/contactfm72.fr\/?author=5"}]}},"_links":{"self":[{"href":"https:\/\/contactfm72.fr\/index.php?rest_route=\/wp\/v2\/posts\/18636","targetHints":{"allow":["GET"]}}],"collection":[{"href":"https:\/\/contactfm72.fr\/index.php?rest_route=\/wp\/v2\/posts"}],"about":[{"href":"https:\/\/contactfm72.fr\/index.php?rest_route=\/wp\/v2\/types\/post"}],"author":[{"embeddable":true,"href":"https:\/\/contactfm72.fr\/index.php?rest_route=\/wp\/v2\/users\/5"}],"replies":[{"embeddable":true,"href":"https:\/\/contactfm72.fr\/index.php?rest_route=%2Fwp%2Fv2%2Fcomments&post=18636"}],"version-history":[{"count":2,"href":"https:\/\/contactfm72.fr\/index.php?rest_route=\/wp\/v2\/posts\/18636\/revisions"}],"predecessor-version":[{"id":18643,"href":"https:\/\/contactfm72.fr\/index.php?rest_route=\/wp\/v2\/posts\/18636\/revisions\/18643"}],"wp:featuredmedia":[{"embeddable":true,"href":"https:\/\/contactfm72.fr\/index.php?rest_route=\/wp\/v2\/media\/18638"}],"wp:attachment":[{"href":"https:\/\/contactfm72.fr\/index.php?rest_route=%2Fwp%2Fv2%2Fmedia&parent=18636"}],"wp:term":[{"taxonomy":"category","embeddable":true,"href":"https:\/\/contactfm72.fr\/index.php?rest_route=%2Fwp%2Fv2%2Fcategories&post=18636"},{"taxonomy":"post_tag","embeddable":true,"href":"https:\/\/contactfm72.fr\/index.php?rest_route=%2Fwp%2Fv2%2Ftags&post=18636"}],"curies":[{"name":"wp","href":"https:\/\/api.w.org\/{rel}","templated":true}]}}