{"id":18627,"date":"2025-02-13T16:35:39","date_gmt":"2025-02-13T15:35:39","guid":{"rendered":"https:\/\/contactfm72.fr\/?p=18627"},"modified":"2025-02-13T16:35:39","modified_gmt":"2025-02-13T15:35:39","slug":"romeo-et-juliette-adapte-pour-le-festival-malices-au-pays","status":"publish","type":"post","link":"https:\/\/contactfm72.fr\/?p=18627","title":{"rendered":"&#8220;Rom\u00e9o et Juliette&#8221; adapt\u00e9 pour le festival &#8220;Malices au Pays&#8221;"},"content":{"rendered":"<p>&#8220;Rom\u00e9o ? Pourquoi est-tu Rom\u00e9o ?&#8221;<\/p>\n<p>La 10\u00e8me \u00e9dition du festival &#8220;Malice au pays&#8221; se termine ce dimanche 16 f\u00e9vrier, un rendez-vous destin\u00e9 aux enfants de 0 \u00e0 12 ans en pr\u00e9sentant divers spectacles. Pour conclure cette 10\u00e8me \u00e9dition, c&#8217;est la compagnie des assoiff\u00e9s d&#8217;Azur qui aura la t\u00e2che de proposer une adaptation des contes de Shakespeare \u00e9crit par Mary et Charles Lamb.<\/p>\n<p>Pour parler de cette date \u00e0 l&#8217;espace Ronsard et des projets de la compagnie, la com\u00e9dienne Camille Gelin est dans &#8220;L&#8217;interview du jour&#8221; diffus\u00e9 le jeudi 13 f\u00e9vrier \u00e0 18h, le vendredi 14 f\u00e9vrier \u00e0 13h, le samedi 15 f\u00e9vrier \u00e0 14h et le dimanche 16 f\u00e9vrier \u00e0 11h.<\/p>\n<div id=\"audioigniter-283\" class=\"audioigniter-root \" data-player-type=\"full\" data-tracks-url=\"https:\/\/contactfm72.fr\/?audioigniter_playlist_id=283\" data-display-track-no=\"false\" data-reverse-track-order=\"false\" data-display-tracklist-covers=\"false\" data-display-active-cover=\"false\" data-display-artist-names=\"false\" data-display-buy-buttons=\"true\" data-buy-buttons-target=\"false\" data-cycle-tracks=\"false\" data-display-credits=\"false\" data-display-tracklist=\"true\" data-allow-tracklist-toggle=\"false\" data-allow-tracklist-loop=\"true\" data-limit-tracklist-height=\"true\" data-volume=\"100\" data-tracklist-height=\"185\" data-allow-track-loop=\"false\" ><\/div>\n<!-- AddThis Advanced Settings generic via filter on the_content --><!-- AddThis Share Buttons generic via filter on the_content -->","protected":false},"excerpt":{"rendered":"<p>&#8220;Rom\u00e9o ? Pourquoi est-tu Rom\u00e9o ?&#8221; La 10\u00e8me \u00e9dition du festival &#8220;Malice au pays&#8221; se termine ce dimanche 16 f\u00e9vrier, un rendez-vous destin\u00e9 aux enfants de 0 \u00e0 12 ans en pr\u00e9sentant divers spectacles. Pour conclure cette 10\u00e8me \u00e9dition, c&#8217;est la compagnie des assoiff\u00e9s d&#8217;Azur qui aura la t\u00e2che de proposer une adaptation des contes&hellip;<!-- AddThis Advanced Settings generic via filter on get_the_excerpt --><!-- AddThis Share Buttons generic via filter on get_the_excerpt --><\/p>\n","protected":false},"author":5,"featured_media":18628,"comment_status":"closed","ping_status":"open","sticky":false,"template":"","format":"standard","meta":{"footnotes":""},"categories":[1,5],"tags":[],"class_list":["post-18627","post","type-post","status-publish","format-standard","has-post-thumbnail","hentry","category-contact-fm-72","category-linterview-du-jour","category-1","category-5","description-off"],"yoast_head":"<!-- This site is optimized with the Yoast SEO plugin v27.4 - https:\/\/yoast.com\/product\/yoast-seo-wordpress\/ -->\n<title>&quot;Rom\u00e9o et Juliette&quot; adapt\u00e9 pour le festival &quot;Malices au Pays&quot; - Contact FM 99.3<\/title>\n<meta name=\"description\" content=\"&quot;Rom\u00e9o ? Pourquoi est-tu Rom\u00e9o ?&quot;La 10\u00e8me \u00e9dition du festival &quot;Malice au pays&quot; se termine ce dimanche 16 f\u00e9vrier, un rendez-vous destin\u00e9 aux enfants de 0 \u00e0 12 ans en pr\u00e9sentant divers spectacles. Pour conclure cette 10\u00e8me \u00e9dition, c&#039;est la compagnie des assoiff\u00e9s d&#039;Azur qui aura la t\u00e2che de proposer une adaptation des contes de Shakespeare \u00e9crit par Mary et Charles Lamb.\u00a0Pour parler de cette date \u00e0 l&#039;espace Ronsard et des projets de la compagnie, la com\u00e9dienne Camille Gelin est dans &quot;L&#039;interview du jour&quot; diffus\u00e9 le jeudi 13 f\u00e9vrier \u00e0 18h, le vendredi 14 f\u00e9vrier \u00e0 13h, le samedi 15 f\u00e9vrier \u00e0 14h et le dimanche 16 f\u00e9vrier \u00e0 11h.\" \/>\n<meta name=\"robots\" content=\"index, follow, max-snippet:-1, max-image-preview:large, max-video-preview:-1\" \/>\n<link rel=\"canonical\" href=\"https:\/\/contactfm72.fr\/?p=18627\" \/>\n<meta property=\"og:locale\" content=\"fr_FR\" \/>\n<meta property=\"og:type\" content=\"article\" \/>\n<meta property=\"og:title\" content=\"&quot;Rom\u00e9o et Juliette&quot; adapt\u00e9 pour le festival &quot;Malices au Pays&quot; - Contact FM 99.3\" \/>\n<meta property=\"og:description\" content=\"&quot;Rom\u00e9o ? Pourquoi est-tu Rom\u00e9o ?&quot;La 10\u00e8me \u00e9dition du festival &quot;Malice au pays&quot; se termine ce dimanche 16 f\u00e9vrier, un rendez-vous destin\u00e9 aux enfants de 0 \u00e0 12 ans en pr\u00e9sentant divers spectacles. Pour conclure cette 10\u00e8me \u00e9dition, c&#039;est la compagnie des assoiff\u00e9s d&#039;Azur qui aura la t\u00e2che de proposer une adaptation des contes de Shakespeare \u00e9crit par Mary et Charles Lamb.\u00a0Pour parler de cette date \u00e0 l&#039;espace Ronsard et des projets de la compagnie, la com\u00e9dienne Camille Gelin est dans &quot;L&#039;interview du jour&quot; diffus\u00e9 le jeudi 13 f\u00e9vrier \u00e0 18h, le vendredi 14 f\u00e9vrier \u00e0 13h, le samedi 15 f\u00e9vrier \u00e0 14h et le dimanche 16 f\u00e9vrier \u00e0 11h.\" \/>\n<meta property=\"og:url\" content=\"https:\/\/contactfm72.fr\/?p=18627\" \/>\n<meta property=\"og:site_name\" content=\"Contact FM 99.3\" \/>\n<meta property=\"article:publisher\" content=\"https:\/\/www.facebook.com\/Contactfm.Chateauduloir\" \/>\n<meta property=\"article:published_time\" content=\"2025-02-13T15:35:39+00:00\" \/>\n<meta property=\"og:image\" content=\"http:\/\/contactfm72.fr\/wp-content\/uploads\/2025\/02\/Visuel-Contact-FM-1.jpg\" \/>\n\t<meta property=\"og:image:width\" content=\"2016\" \/>\n\t<meta property=\"og:image:height\" content=\"1512\" \/>\n\t<meta property=\"og:image:type\" content=\"image\/jpeg\" \/>\n<meta name=\"author\" content=\"redaction2@contactfm72.fr\" \/>\n<meta name=\"twitter:card\" content=\"summary_large_image\" \/>\n<meta name=\"twitter:creator\" content=\"@contactfm72\" \/>\n<meta name=\"twitter:site\" content=\"@contactfm72\" \/>\n<meta name=\"twitter:label1\" content=\"\u00c9crit par\" \/>\n\t<meta name=\"twitter:data1\" content=\"redaction2@contactfm72.fr\" \/>\n\t<meta name=\"twitter:label2\" content=\"Dur\u00e9e de lecture estim\u00e9e\" \/>\n\t<meta name=\"twitter:data2\" content=\"1 minute\" \/>\n<script type=\"application\/ld+json\" class=\"yoast-schema-graph\">{\"@context\":\"https:\\\/\\\/schema.org\",\"@graph\":[{\"@type\":\"Article\",\"@id\":\"https:\\\/\\\/contactfm72.fr\\\/?p=18627#article\",\"isPartOf\":{\"@id\":\"https:\\\/\\\/contactfm72.fr\\\/?p=18627\"},\"author\":{\"name\":\"redaction2@contactfm72.fr\",\"@id\":\"https:\\\/\\\/contactfm72.fr\\\/#\\\/schema\\\/person\\\/d2ef09cdea7331b185acaddc4d14dda8\"},\"headline\":\"&#8220;Rom\u00e9o et Juliette&#8221; adapt\u00e9 pour le festival &#8220;Malices au Pays&#8221;\",\"datePublished\":\"2025-02-13T15:35:39+00:00\",\"mainEntityOfPage\":{\"@id\":\"https:\\\/\\\/contactfm72.fr\\\/?p=18627\"},\"wordCount\":126,\"publisher\":{\"@id\":\"https:\\\/\\\/contactfm72.fr\\\/#organization\"},\"image\":{\"@id\":\"https:\\\/\\\/contactfm72.fr\\\/?p=18627#primaryimage\"},\"thumbnailUrl\":\"https:\\\/\\\/contactfm72.fr\\\/wp-content\\\/uploads\\\/2025\\\/02\\\/Visuel-Contact-FM-1.jpg\",\"articleSection\":[\"Contact FM 72\",\"L'interview du jour\"],\"inLanguage\":\"fr-FR\"},{\"@type\":\"WebPage\",\"@id\":\"https:\\\/\\\/contactfm72.fr\\\/?p=18627\",\"url\":\"https:\\\/\\\/contactfm72.fr\\\/?p=18627\",\"name\":\"\\\"Rom\u00e9o et Juliette\\\" adapt\u00e9 pour le festival \\\"Malices au Pays\\\" - Contact FM 99.3\",\"isPartOf\":{\"@id\":\"https:\\\/\\\/contactfm72.fr\\\/#website\"},\"primaryImageOfPage\":{\"@id\":\"https:\\\/\\\/contactfm72.fr\\\/?p=18627#primaryimage\"},\"image\":{\"@id\":\"https:\\\/\\\/contactfm72.fr\\\/?p=18627#primaryimage\"},\"thumbnailUrl\":\"https:\\\/\\\/contactfm72.fr\\\/wp-content\\\/uploads\\\/2025\\\/02\\\/Visuel-Contact-FM-1.jpg\",\"datePublished\":\"2025-02-13T15:35:39+00:00\",\"description\":\"\\\"Rom\u00e9o ? Pourquoi est-tu Rom\u00e9o ?\\\"La 10\u00e8me \u00e9dition du festival \\\"Malice au pays\\\" se termine ce dimanche 16 f\u00e9vrier, un rendez-vous destin\u00e9 aux enfants de 0 \u00e0 12 ans en pr\u00e9sentant divers spectacles. Pour conclure cette 10\u00e8me \u00e9dition, c'est la compagnie des assoiff\u00e9s d'Azur qui aura la t\u00e2che de proposer une adaptation des contes de Shakespeare \u00e9crit par Mary et Charles Lamb.\u00a0Pour parler de cette date \u00e0 l'espace Ronsard et des projets de la compagnie, la com\u00e9dienne Camille Gelin est dans \\\"L'interview du jour\\\" diffus\u00e9 le jeudi 13 f\u00e9vrier \u00e0 18h, le vendredi 14 f\u00e9vrier \u00e0 13h, le samedi 15 f\u00e9vrier \u00e0 14h et le dimanche 16 f\u00e9vrier \u00e0 11h.\",\"breadcrumb\":{\"@id\":\"https:\\\/\\\/contactfm72.fr\\\/?p=18627#breadcrumb\"},\"inLanguage\":\"fr-FR\",\"potentialAction\":[{\"@type\":\"ReadAction\",\"target\":[\"https:\\\/\\\/contactfm72.fr\\\/?p=18627\"]}]},{\"@type\":\"ImageObject\",\"inLanguage\":\"fr-FR\",\"@id\":\"https:\\\/\\\/contactfm72.fr\\\/?p=18627#primaryimage\",\"url\":\"https:\\\/\\\/contactfm72.fr\\\/wp-content\\\/uploads\\\/2025\\\/02\\\/Visuel-Contact-FM-1.jpg\",\"contentUrl\":\"https:\\\/\\\/contactfm72.fr\\\/wp-content\\\/uploads\\\/2025\\\/02\\\/Visuel-Contact-FM-1.jpg\",\"width\":2016,\"height\":1512},{\"@type\":\"BreadcrumbList\",\"@id\":\"https:\\\/\\\/contactfm72.fr\\\/?p=18627#breadcrumb\",\"itemListElement\":[{\"@type\":\"ListItem\",\"position\":1,\"name\":\"Accueil\",\"item\":\"https:\\\/\\\/contactfm72.fr\\\/\"},{\"@type\":\"ListItem\",\"position\":2,\"name\":\"&#8220;Rom\u00e9o et Juliette&#8221; adapt\u00e9 pour le festival &#8220;Malices au Pays&#8221;\"}]},{\"@type\":\"WebSite\",\"@id\":\"https:\\\/\\\/contactfm72.fr\\\/#website\",\"url\":\"https:\\\/\\\/contactfm72.fr\\\/\",\"name\":\"Contact FM 99.3\",\"description\":\"Votre radio en vall\u00e9e du Loir\",\"publisher\":{\"@id\":\"https:\\\/\\\/contactfm72.fr\\\/#organization\"},\"potentialAction\":[{\"@type\":\"SearchAction\",\"target\":{\"@type\":\"EntryPoint\",\"urlTemplate\":\"https:\\\/\\\/contactfm72.fr\\\/?s={search_term_string}\"},\"query-input\":{\"@type\":\"PropertyValueSpecification\",\"valueRequired\":true,\"valueName\":\"search_term_string\"}}],\"inLanguage\":\"fr-FR\"},{\"@type\":\"Organization\",\"@id\":\"https:\\\/\\\/contactfm72.fr\\\/#organization\",\"name\":\"Contact FM 99.3\",\"url\":\"https:\\\/\\\/contactfm72.fr\\\/\",\"logo\":{\"@type\":\"ImageObject\",\"inLanguage\":\"fr-FR\",\"@id\":\"https:\\\/\\\/contactfm72.fr\\\/#\\\/schema\\\/logo\\\/image\\\/\",\"url\":\"https:\\\/\\\/contactfm72.fr\\\/wp-content\\\/uploads\\\/2025\\\/04\\\/2025-04-18-2.jpg\",\"contentUrl\":\"https:\\\/\\\/contactfm72.fr\\\/wp-content\\\/uploads\\\/2025\\\/04\\\/2025-04-18-2.jpg\",\"width\":680,\"height\":307,\"caption\":\"Contact FM 99.3\"},\"image\":{\"@id\":\"https:\\\/\\\/contactfm72.fr\\\/#\\\/schema\\\/logo\\\/image\\\/\"},\"sameAs\":[\"https:\\\/\\\/www.facebook.com\\\/Contactfm.Chateauduloir\",\"https:\\\/\\\/x.com\\\/contactfm72\",\"https:\\\/\\\/www.instagram.com\\\/contact.fm.72?igsh=cGhlMHQ5N2JlNnpp\",\"https:\\\/\\\/www.tiktok.com\\\/@contact.fm\"]},{\"@type\":\"Person\",\"@id\":\"https:\\\/\\\/contactfm72.fr\\\/#\\\/schema\\\/person\\\/d2ef09cdea7331b185acaddc4d14dda8\",\"name\":\"redaction2@contactfm72.fr\",\"image\":{\"@type\":\"ImageObject\",\"inLanguage\":\"fr-FR\",\"@id\":\"https:\\\/\\\/secure.gravatar.com\\\/avatar\\\/897f3d57289c1f4c62cade1c2606ba6ded18d5f1676845e668a9f21cb751c06b?s=96&d=mm&r=g\",\"url\":\"https:\\\/\\\/secure.gravatar.com\\\/avatar\\\/897f3d57289c1f4c62cade1c2606ba6ded18d5f1676845e668a9f21cb751c06b?s=96&d=mm&r=g\",\"contentUrl\":\"https:\\\/\\\/secure.gravatar.com\\\/avatar\\\/897f3d57289c1f4c62cade1c2606ba6ded18d5f1676845e668a9f21cb751c06b?s=96&d=mm&r=g\",\"caption\":\"redaction2@contactfm72.fr\"},\"url\":\"https:\\\/\\\/contactfm72.fr\\\/?author=5\"}]}<\/script>\n<!-- \/ Yoast SEO plugin. -->","yoast_head_json":{"title":"\"Rom\u00e9o et Juliette\" adapt\u00e9 pour le festival \"Malices au Pays\" - Contact FM 99.3","description":"\"Rom\u00e9o ? Pourquoi est-tu Rom\u00e9o ?\"La 10\u00e8me \u00e9dition du festival \"Malice au pays\" se termine ce dimanche 16 f\u00e9vrier, un rendez-vous destin\u00e9 aux enfants de 0 \u00e0 12 ans en pr\u00e9sentant divers spectacles. Pour conclure cette 10\u00e8me \u00e9dition, c'est la compagnie des assoiff\u00e9s d'Azur qui aura la t\u00e2che de proposer une adaptation des contes de Shakespeare \u00e9crit par Mary et Charles Lamb.\u00a0Pour parler de cette date \u00e0 l'espace Ronsard et des projets de la compagnie, la com\u00e9dienne Camille Gelin est dans \"L'interview du jour\" diffus\u00e9 le jeudi 13 f\u00e9vrier \u00e0 18h, le vendredi 14 f\u00e9vrier \u00e0 13h, le samedi 15 f\u00e9vrier \u00e0 14h et le dimanche 16 f\u00e9vrier \u00e0 11h.","robots":{"index":"index","follow":"follow","max-snippet":"max-snippet:-1","max-image-preview":"max-image-preview:large","max-video-preview":"max-video-preview:-1"},"canonical":"https:\/\/contactfm72.fr\/?p=18627","og_locale":"fr_FR","og_type":"article","og_title":"\"Rom\u00e9o et Juliette\" adapt\u00e9 pour le festival \"Malices au Pays\" - Contact FM 99.3","og_description":"\"Rom\u00e9o ? Pourquoi est-tu Rom\u00e9o ?\"La 10\u00e8me \u00e9dition du festival \"Malice au pays\" se termine ce dimanche 16 f\u00e9vrier, un rendez-vous destin\u00e9 aux enfants de 0 \u00e0 12 ans en pr\u00e9sentant divers spectacles. Pour conclure cette 10\u00e8me \u00e9dition, c'est la compagnie des assoiff\u00e9s d'Azur qui aura la t\u00e2che de proposer une adaptation des contes de Shakespeare \u00e9crit par Mary et Charles Lamb.\u00a0Pour parler de cette date \u00e0 l'espace Ronsard et des projets de la compagnie, la com\u00e9dienne Camille Gelin est dans \"L'interview du jour\" diffus\u00e9 le jeudi 13 f\u00e9vrier \u00e0 18h, le vendredi 14 f\u00e9vrier \u00e0 13h, le samedi 15 f\u00e9vrier \u00e0 14h et le dimanche 16 f\u00e9vrier \u00e0 11h.","og_url":"https:\/\/contactfm72.fr\/?p=18627","og_site_name":"Contact FM 99.3","article_publisher":"https:\/\/www.facebook.com\/Contactfm.Chateauduloir","article_published_time":"2025-02-13T15:35:39+00:00","og_image":[{"width":2016,"height":1512,"url":"http:\/\/contactfm72.fr\/wp-content\/uploads\/2025\/02\/Visuel-Contact-FM-1.jpg","type":"image\/jpeg"}],"author":"redaction2@contactfm72.fr","twitter_card":"summary_large_image","twitter_creator":"@contactfm72","twitter_site":"@contactfm72","twitter_misc":{"\u00c9crit par":"redaction2@contactfm72.fr","Dur\u00e9e de lecture estim\u00e9e":"1 minute"},"schema":{"@context":"https:\/\/schema.org","@graph":[{"@type":"Article","@id":"https:\/\/contactfm72.fr\/?p=18627#article","isPartOf":{"@id":"https:\/\/contactfm72.fr\/?p=18627"},"author":{"name":"redaction2@contactfm72.fr","@id":"https:\/\/contactfm72.fr\/#\/schema\/person\/d2ef09cdea7331b185acaddc4d14dda8"},"headline":"&#8220;Rom\u00e9o et Juliette&#8221; adapt\u00e9 pour le festival &#8220;Malices au Pays&#8221;","datePublished":"2025-02-13T15:35:39+00:00","mainEntityOfPage":{"@id":"https:\/\/contactfm72.fr\/?p=18627"},"wordCount":126,"publisher":{"@id":"https:\/\/contactfm72.fr\/#organization"},"image":{"@id":"https:\/\/contactfm72.fr\/?p=18627#primaryimage"},"thumbnailUrl":"https:\/\/contactfm72.fr\/wp-content\/uploads\/2025\/02\/Visuel-Contact-FM-1.jpg","articleSection":["Contact FM 72","L'interview du jour"],"inLanguage":"fr-FR"},{"@type":"WebPage","@id":"https:\/\/contactfm72.fr\/?p=18627","url":"https:\/\/contactfm72.fr\/?p=18627","name":"\"Rom\u00e9o et Juliette\" adapt\u00e9 pour le festival \"Malices au Pays\" - Contact FM 99.3","isPartOf":{"@id":"https:\/\/contactfm72.fr\/#website"},"primaryImageOfPage":{"@id":"https:\/\/contactfm72.fr\/?p=18627#primaryimage"},"image":{"@id":"https:\/\/contactfm72.fr\/?p=18627#primaryimage"},"thumbnailUrl":"https:\/\/contactfm72.fr\/wp-content\/uploads\/2025\/02\/Visuel-Contact-FM-1.jpg","datePublished":"2025-02-13T15:35:39+00:00","description":"\"Rom\u00e9o ? Pourquoi est-tu Rom\u00e9o ?\"La 10\u00e8me \u00e9dition du festival \"Malice au pays\" se termine ce dimanche 16 f\u00e9vrier, un rendez-vous destin\u00e9 aux enfants de 0 \u00e0 12 ans en pr\u00e9sentant divers spectacles. Pour conclure cette 10\u00e8me \u00e9dition, c'est la compagnie des assoiff\u00e9s d'Azur qui aura la t\u00e2che de proposer une adaptation des contes de Shakespeare \u00e9crit par Mary et Charles Lamb.\u00a0Pour parler de cette date \u00e0 l'espace Ronsard et des projets de la compagnie, la com\u00e9dienne Camille Gelin est dans \"L'interview du jour\" diffus\u00e9 le jeudi 13 f\u00e9vrier \u00e0 18h, le vendredi 14 f\u00e9vrier \u00e0 13h, le samedi 15 f\u00e9vrier \u00e0 14h et le dimanche 16 f\u00e9vrier \u00e0 11h.","breadcrumb":{"@id":"https:\/\/contactfm72.fr\/?p=18627#breadcrumb"},"inLanguage":"fr-FR","potentialAction":[{"@type":"ReadAction","target":["https:\/\/contactfm72.fr\/?p=18627"]}]},{"@type":"ImageObject","inLanguage":"fr-FR","@id":"https:\/\/contactfm72.fr\/?p=18627#primaryimage","url":"https:\/\/contactfm72.fr\/wp-content\/uploads\/2025\/02\/Visuel-Contact-FM-1.jpg","contentUrl":"https:\/\/contactfm72.fr\/wp-content\/uploads\/2025\/02\/Visuel-Contact-FM-1.jpg","width":2016,"height":1512},{"@type":"BreadcrumbList","@id":"https:\/\/contactfm72.fr\/?p=18627#breadcrumb","itemListElement":[{"@type":"ListItem","position":1,"name":"Accueil","item":"https:\/\/contactfm72.fr\/"},{"@type":"ListItem","position":2,"name":"&#8220;Rom\u00e9o et Juliette&#8221; adapt\u00e9 pour le festival &#8220;Malices au Pays&#8221;"}]},{"@type":"WebSite","@id":"https:\/\/contactfm72.fr\/#website","url":"https:\/\/contactfm72.fr\/","name":"Contact FM 99.3","description":"Votre radio en vall\u00e9e du Loir","publisher":{"@id":"https:\/\/contactfm72.fr\/#organization"},"potentialAction":[{"@type":"SearchAction","target":{"@type":"EntryPoint","urlTemplate":"https:\/\/contactfm72.fr\/?s={search_term_string}"},"query-input":{"@type":"PropertyValueSpecification","valueRequired":true,"valueName":"search_term_string"}}],"inLanguage":"fr-FR"},{"@type":"Organization","@id":"https:\/\/contactfm72.fr\/#organization","name":"Contact FM 99.3","url":"https:\/\/contactfm72.fr\/","logo":{"@type":"ImageObject","inLanguage":"fr-FR","@id":"https:\/\/contactfm72.fr\/#\/schema\/logo\/image\/","url":"https:\/\/contactfm72.fr\/wp-content\/uploads\/2025\/04\/2025-04-18-2.jpg","contentUrl":"https:\/\/contactfm72.fr\/wp-content\/uploads\/2025\/04\/2025-04-18-2.jpg","width":680,"height":307,"caption":"Contact FM 99.3"},"image":{"@id":"https:\/\/contactfm72.fr\/#\/schema\/logo\/image\/"},"sameAs":["https:\/\/www.facebook.com\/Contactfm.Chateauduloir","https:\/\/x.com\/contactfm72","https:\/\/www.instagram.com\/contact.fm.72?igsh=cGhlMHQ5N2JlNnpp","https:\/\/www.tiktok.com\/@contact.fm"]},{"@type":"Person","@id":"https:\/\/contactfm72.fr\/#\/schema\/person\/d2ef09cdea7331b185acaddc4d14dda8","name":"redaction2@contactfm72.fr","image":{"@type":"ImageObject","inLanguage":"fr-FR","@id":"https:\/\/secure.gravatar.com\/avatar\/897f3d57289c1f4c62cade1c2606ba6ded18d5f1676845e668a9f21cb751c06b?s=96&d=mm&r=g","url":"https:\/\/secure.gravatar.com\/avatar\/897f3d57289c1f4c62cade1c2606ba6ded18d5f1676845e668a9f21cb751c06b?s=96&d=mm&r=g","contentUrl":"https:\/\/secure.gravatar.com\/avatar\/897f3d57289c1f4c62cade1c2606ba6ded18d5f1676845e668a9f21cb751c06b?s=96&d=mm&r=g","caption":"redaction2@contactfm72.fr"},"url":"https:\/\/contactfm72.fr\/?author=5"}]}},"_links":{"self":[{"href":"https:\/\/contactfm72.fr\/index.php?rest_route=\/wp\/v2\/posts\/18627","targetHints":{"allow":["GET"]}}],"collection":[{"href":"https:\/\/contactfm72.fr\/index.php?rest_route=\/wp\/v2\/posts"}],"about":[{"href":"https:\/\/contactfm72.fr\/index.php?rest_route=\/wp\/v2\/types\/post"}],"author":[{"embeddable":true,"href":"https:\/\/contactfm72.fr\/index.php?rest_route=\/wp\/v2\/users\/5"}],"replies":[{"embeddable":true,"href":"https:\/\/contactfm72.fr\/index.php?rest_route=%2Fwp%2Fv2%2Fcomments&post=18627"}],"version-history":[{"count":1,"href":"https:\/\/contactfm72.fr\/index.php?rest_route=\/wp\/v2\/posts\/18627\/revisions"}],"predecessor-version":[{"id":18630,"href":"https:\/\/contactfm72.fr\/index.php?rest_route=\/wp\/v2\/posts\/18627\/revisions\/18630"}],"wp:featuredmedia":[{"embeddable":true,"href":"https:\/\/contactfm72.fr\/index.php?rest_route=\/wp\/v2\/media\/18628"}],"wp:attachment":[{"href":"https:\/\/contactfm72.fr\/index.php?rest_route=%2Fwp%2Fv2%2Fmedia&parent=18627"}],"wp:term":[{"taxonomy":"category","embeddable":true,"href":"https:\/\/contactfm72.fr\/index.php?rest_route=%2Fwp%2Fv2%2Fcategories&post=18627"},{"taxonomy":"post_tag","embeddable":true,"href":"https:\/\/contactfm72.fr\/index.php?rest_route=%2Fwp%2Fv2%2Ftags&post=18627"}],"curies":[{"name":"wp","href":"https:\/\/api.w.org\/{rel}","templated":true}]}}