{"id":18588,"date":"2025-02-10T16:54:08","date_gmt":"2025-02-10T15:54:08","guid":{"rendered":"https:\/\/contactfm72.fr\/?p=18588"},"modified":"2025-02-11T08:09:43","modified_gmt":"2025-02-11T07:09:43","slug":"la-photographe-animalier-franck-pasquier-expose-a-la-chartre-sur-le-loir","status":"publish","type":"post","link":"https:\/\/contactfm72.fr\/?p=18588","title":{"rendered":"Le photographe animalier Franck Pasquier expose \u00e0 La Chartre-sur-le-Loir&#8221;"},"content":{"rendered":"<p>Venez d\u00e9couvrir 8 portraits de chevaux \u00e0 la galerie Nocogo.<\/p>\n<p>Franck Pasquier est un photographe professionnel passionn\u00e9 par les animaux, apr\u00e8s avoir photographi\u00e9 des chiens et des chats. Il pr\u00e9sente son exposition jusqu&#8217;au 27 f\u00e9vrier 2025.<\/p>\n<p>De l&#8217;origine de ce projet \u00e0 la fa\u00e7on d&#8217;aborder ces s\u00e9ances photos, il nous raconte les coulisses de ce projet jusqu&#8217;\u00e0 la mise en place de cette exposition visible \u00e0 La Chartre-sur-le-Loir.<\/p>\n<p>Le photographe professionnel est dans &#8220;L&#8217;interview du jour&#8221; le lundi 10 f\u00e9vrier \u00e0 18h, le mardi 11 f\u00e9vrier \u00e0 13h, le samedi 15 f\u00e9vrier \u00e0 14h et le dimanche 16 f\u00e9vrier \u00e0 11h.<\/p>\n<p>&nbsp;<\/p>\n<p>Pour suivre Franck Pasquier :<\/p>\n<p>\ud83d\udcf2 : <a href=\"https:\/\/www.instagram.com\/franckp_photography\/\">Son compte Instagram<\/a><\/p>\n<p>\ud83d\udcbb : <a href=\"https:\/\/www.franckpasquier.com\/\">Son site Internet\u00a0<\/a><\/p>\n<div id=\"audioigniter-283\" class=\"audioigniter-root \" data-player-type=\"full\" data-tracks-url=\"https:\/\/contactfm72.fr\/?audioigniter_playlist_id=283\" data-display-track-no=\"false\" data-reverse-track-order=\"false\" data-display-tracklist-covers=\"false\" data-display-active-cover=\"false\" data-display-artist-names=\"false\" data-display-buy-buttons=\"true\" data-buy-buttons-target=\"false\" data-cycle-tracks=\"false\" data-display-credits=\"false\" data-display-tracklist=\"true\" data-allow-tracklist-toggle=\"false\" data-allow-tracklist-loop=\"true\" data-limit-tracklist-height=\"true\" data-volume=\"100\" data-tracklist-height=\"185\" data-allow-track-loop=\"false\" ><\/div>\n<!-- AddThis Advanced Settings generic via filter on the_content --><!-- AddThis Share Buttons generic via filter on the_content -->","protected":false},"excerpt":{"rendered":"<p>Venez d\u00e9couvrir 8 portraits de chevaux \u00e0 la galerie Nocogo. Franck Pasquier est un photographe professionnel passionn\u00e9 par les animaux, apr\u00e8s avoir photographi\u00e9 des chiens et des chats. Il pr\u00e9sente son exposition jusqu&#8217;au 27 f\u00e9vrier 2025. De l&#8217;origine de ce projet \u00e0 la fa\u00e7on d&#8217;aborder ces s\u00e9ances photos, il nous raconte les coulisses de ce&hellip;<!-- AddThis Advanced Settings generic via filter on get_the_excerpt --><!-- AddThis Share Buttons generic via filter on get_the_excerpt --><\/p>\n","protected":false},"author":5,"featured_media":18590,"comment_status":"closed","ping_status":"open","sticky":false,"template":"","format":"standard","meta":{"footnotes":""},"categories":[1,5],"tags":[],"class_list":["post-18588","post","type-post","status-publish","format-standard","has-post-thumbnail","hentry","category-contact-fm-72","category-linterview-du-jour","category-1","category-5","description-off"],"yoast_head":"<!-- This site is optimized with the Yoast SEO plugin v27.4 - https:\/\/yoast.com\/product\/yoast-seo-wordpress\/ -->\n<title>Le photographe animalier Franck Pasquier expose \u00e0 La Chartre-sur-le-Loir&quot; - Contact FM 99.3<\/title>\n<meta name=\"description\" content=\"Venez d\u00e9couvrir 8 portraits de chevaux \u00e0 la galerie NocogoFranck Pasquier est un photographe professionnel passionn\u00e9 par les animaux, apr\u00e8s avoir photographier des chiens et des chats, il pr\u00e9sente son exposition visible jusqu&#039;au 27 f\u00e9vrier 20258 portraits \u00e9quins. De l&#039;origine de ce projet \u00e0 la fa\u00e7on d&#039;aborder ces s\u00e9ances photos, il nous raconte les coulisses jusqu&#039;\u00e0 la mise en place de cette exposition pr\u00e9sente \u00e0 La Chartre-sur-le-Loir ainsi que de ses projets \u00e0 venir.\u00a0Le photographe professionnel est dans &quot;L&#039;interview du jour&quot; le lundi 10 f\u00e9vrier \u00e0 18h, le mardi 11 f\u00e9vrier \u00e0 13h, le samedi 15 f\u00e9vrier \u00e0 14h et le dimanche 16 f\u00e9vrier \u00e0 11h.Pour suivre Franck Pasquier :\u00a0\ud83d\udcf2 : Son compte Instagram\ud83d\udcbb : Son site Internet\u00a0\" \/>\n<meta name=\"robots\" content=\"index, follow, max-snippet:-1, max-image-preview:large, max-video-preview:-1\" \/>\n<link rel=\"canonical\" href=\"https:\/\/contactfm72.fr\/?p=18588\" \/>\n<meta property=\"og:locale\" content=\"fr_FR\" \/>\n<meta property=\"og:type\" content=\"article\" \/>\n<meta property=\"og:title\" content=\"Le photographe animalier Franck Pasquier expose \u00e0 La Chartre-sur-le-Loir&quot; - Contact FM 99.3\" \/>\n<meta property=\"og:description\" content=\"Venez d\u00e9couvrir 8 portraits de chevaux \u00e0 la galerie NocogoFranck Pasquier est un photographe professionnel passionn\u00e9 par les animaux, apr\u00e8s avoir photographier des chiens et des chats, il pr\u00e9sente son exposition visible jusqu&#039;au 27 f\u00e9vrier 20258 portraits \u00e9quins. De l&#039;origine de ce projet \u00e0 la fa\u00e7on d&#039;aborder ces s\u00e9ances photos, il nous raconte les coulisses jusqu&#039;\u00e0 la mise en place de cette exposition pr\u00e9sente \u00e0 La Chartre-sur-le-Loir ainsi que de ses projets \u00e0 venir.\u00a0Le photographe professionnel est dans &quot;L&#039;interview du jour&quot; le lundi 10 f\u00e9vrier \u00e0 18h, le mardi 11 f\u00e9vrier \u00e0 13h, le samedi 15 f\u00e9vrier \u00e0 14h et le dimanche 16 f\u00e9vrier \u00e0 11h.Pour suivre Franck Pasquier :\u00a0\ud83d\udcf2 : Son compte Instagram\ud83d\udcbb : Son site Internet\u00a0\" \/>\n<meta property=\"og:url\" content=\"https:\/\/contactfm72.fr\/?p=18588\" \/>\n<meta property=\"og:site_name\" content=\"Contact FM 99.3\" \/>\n<meta property=\"article:publisher\" content=\"https:\/\/www.facebook.com\/Contactfm.Chateauduloir\" \/>\n<meta property=\"article:published_time\" content=\"2025-02-10T15:54:08+00:00\" \/>\n<meta property=\"article:modified_time\" content=\"2025-02-11T07:09:43+00:00\" \/>\n<meta property=\"og:image\" content=\"http:\/\/contactfm72.fr\/wp-content\/uploads\/2025\/02\/franck.png\" \/>\n\t<meta property=\"og:image:width\" content=\"1024\" \/>\n\t<meta property=\"og:image:height\" content=\"768\" \/>\n\t<meta property=\"og:image:type\" content=\"image\/png\" \/>\n<meta name=\"author\" content=\"redaction2@contactfm72.fr\" \/>\n<meta name=\"twitter:card\" content=\"summary_large_image\" \/>\n<meta name=\"twitter:creator\" content=\"@contactfm72\" \/>\n<meta name=\"twitter:site\" content=\"@contactfm72\" \/>\n<meta name=\"twitter:label1\" content=\"\u00c9crit par\" \/>\n\t<meta name=\"twitter:data1\" content=\"redaction2@contactfm72.fr\" \/>\n\t<meta name=\"twitter:label2\" content=\"Dur\u00e9e de lecture estim\u00e9e\" \/>\n\t<meta name=\"twitter:data2\" content=\"1 minute\" \/>\n<script type=\"application\/ld+json\" class=\"yoast-schema-graph\">{\"@context\":\"https:\\\/\\\/schema.org\",\"@graph\":[{\"@type\":\"Article\",\"@id\":\"https:\\\/\\\/contactfm72.fr\\\/?p=18588#article\",\"isPartOf\":{\"@id\":\"https:\\\/\\\/contactfm72.fr\\\/?p=18588\"},\"author\":{\"name\":\"redaction2@contactfm72.fr\",\"@id\":\"https:\\\/\\\/contactfm72.fr\\\/#\\\/schema\\\/person\\\/d2ef09cdea7331b185acaddc4d14dda8\"},\"headline\":\"Le photographe animalier Franck Pasquier expose \u00e0 La Chartre-sur-le-Loir&#8221;\",\"datePublished\":\"2025-02-10T15:54:08+00:00\",\"dateModified\":\"2025-02-11T07:09:43+00:00\",\"mainEntityOfPage\":{\"@id\":\"https:\\\/\\\/contactfm72.fr\\\/?p=18588\"},\"wordCount\":123,\"publisher\":{\"@id\":\"https:\\\/\\\/contactfm72.fr\\\/#organization\"},\"image\":{\"@id\":\"https:\\\/\\\/contactfm72.fr\\\/?p=18588#primaryimage\"},\"thumbnailUrl\":\"https:\\\/\\\/contactfm72.fr\\\/wp-content\\\/uploads\\\/2025\\\/02\\\/franck.png\",\"articleSection\":[\"Contact FM 72\",\"L'interview du jour\"],\"inLanguage\":\"fr-FR\"},{\"@type\":\"WebPage\",\"@id\":\"https:\\\/\\\/contactfm72.fr\\\/?p=18588\",\"url\":\"https:\\\/\\\/contactfm72.fr\\\/?p=18588\",\"name\":\"Le photographe animalier Franck Pasquier expose \u00e0 La Chartre-sur-le-Loir\\\" - Contact FM 99.3\",\"isPartOf\":{\"@id\":\"https:\\\/\\\/contactfm72.fr\\\/#website\"},\"primaryImageOfPage\":{\"@id\":\"https:\\\/\\\/contactfm72.fr\\\/?p=18588#primaryimage\"},\"image\":{\"@id\":\"https:\\\/\\\/contactfm72.fr\\\/?p=18588#primaryimage\"},\"thumbnailUrl\":\"https:\\\/\\\/contactfm72.fr\\\/wp-content\\\/uploads\\\/2025\\\/02\\\/franck.png\",\"datePublished\":\"2025-02-10T15:54:08+00:00\",\"dateModified\":\"2025-02-11T07:09:43+00:00\",\"description\":\"Venez d\u00e9couvrir 8 portraits de chevaux \u00e0 la galerie NocogoFranck Pasquier est un photographe professionnel passionn\u00e9 par les animaux, apr\u00e8s avoir photographier des chiens et des chats, il pr\u00e9sente son exposition visible jusqu'au 27 f\u00e9vrier 20258 portraits \u00e9quins. De l'origine de ce projet \u00e0 la fa\u00e7on d'aborder ces s\u00e9ances photos, il nous raconte les coulisses jusqu'\u00e0 la mise en place de cette exposition pr\u00e9sente \u00e0 La Chartre-sur-le-Loir ainsi que de ses projets \u00e0 venir.\u00a0Le photographe professionnel est dans \\\"L'interview du jour\\\" le lundi 10 f\u00e9vrier \u00e0 18h, le mardi 11 f\u00e9vrier \u00e0 13h, le samedi 15 f\u00e9vrier \u00e0 14h et le dimanche 16 f\u00e9vrier \u00e0 11h.Pour suivre Franck Pasquier :\u00a0\ud83d\udcf2 : Son compte Instagram\ud83d\udcbb : Son site Internet\u00a0\",\"breadcrumb\":{\"@id\":\"https:\\\/\\\/contactfm72.fr\\\/?p=18588#breadcrumb\"},\"inLanguage\":\"fr-FR\",\"potentialAction\":[{\"@type\":\"ReadAction\",\"target\":[\"https:\\\/\\\/contactfm72.fr\\\/?p=18588\"]}]},{\"@type\":\"ImageObject\",\"inLanguage\":\"fr-FR\",\"@id\":\"https:\\\/\\\/contactfm72.fr\\\/?p=18588#primaryimage\",\"url\":\"https:\\\/\\\/contactfm72.fr\\\/wp-content\\\/uploads\\\/2025\\\/02\\\/franck.png\",\"contentUrl\":\"https:\\\/\\\/contactfm72.fr\\\/wp-content\\\/uploads\\\/2025\\\/02\\\/franck.png\",\"width\":2016,\"height\":1512},{\"@type\":\"BreadcrumbList\",\"@id\":\"https:\\\/\\\/contactfm72.fr\\\/?p=18588#breadcrumb\",\"itemListElement\":[{\"@type\":\"ListItem\",\"position\":1,\"name\":\"Accueil\",\"item\":\"https:\\\/\\\/contactfm72.fr\\\/\"},{\"@type\":\"ListItem\",\"position\":2,\"name\":\"Le photographe animalier Franck Pasquier expose \u00e0 La Chartre-sur-le-Loir&#8221;\"}]},{\"@type\":\"WebSite\",\"@id\":\"https:\\\/\\\/contactfm72.fr\\\/#website\",\"url\":\"https:\\\/\\\/contactfm72.fr\\\/\",\"name\":\"Contact FM 99.3\",\"description\":\"Votre radio en vall\u00e9e du Loir\",\"publisher\":{\"@id\":\"https:\\\/\\\/contactfm72.fr\\\/#organization\"},\"potentialAction\":[{\"@type\":\"SearchAction\",\"target\":{\"@type\":\"EntryPoint\",\"urlTemplate\":\"https:\\\/\\\/contactfm72.fr\\\/?s={search_term_string}\"},\"query-input\":{\"@type\":\"PropertyValueSpecification\",\"valueRequired\":true,\"valueName\":\"search_term_string\"}}],\"inLanguage\":\"fr-FR\"},{\"@type\":\"Organization\",\"@id\":\"https:\\\/\\\/contactfm72.fr\\\/#organization\",\"name\":\"Contact FM 99.3\",\"url\":\"https:\\\/\\\/contactfm72.fr\\\/\",\"logo\":{\"@type\":\"ImageObject\",\"inLanguage\":\"fr-FR\",\"@id\":\"https:\\\/\\\/contactfm72.fr\\\/#\\\/schema\\\/logo\\\/image\\\/\",\"url\":\"https:\\\/\\\/contactfm72.fr\\\/wp-content\\\/uploads\\\/2025\\\/04\\\/2025-04-18-2.jpg\",\"contentUrl\":\"https:\\\/\\\/contactfm72.fr\\\/wp-content\\\/uploads\\\/2025\\\/04\\\/2025-04-18-2.jpg\",\"width\":680,\"height\":307,\"caption\":\"Contact FM 99.3\"},\"image\":{\"@id\":\"https:\\\/\\\/contactfm72.fr\\\/#\\\/schema\\\/logo\\\/image\\\/\"},\"sameAs\":[\"https:\\\/\\\/www.facebook.com\\\/Contactfm.Chateauduloir\",\"https:\\\/\\\/x.com\\\/contactfm72\",\"https:\\\/\\\/www.instagram.com\\\/contact.fm.72?igsh=cGhlMHQ5N2JlNnpp\",\"https:\\\/\\\/www.tiktok.com\\\/@contact.fm\"]},{\"@type\":\"Person\",\"@id\":\"https:\\\/\\\/contactfm72.fr\\\/#\\\/schema\\\/person\\\/d2ef09cdea7331b185acaddc4d14dda8\",\"name\":\"redaction2@contactfm72.fr\",\"image\":{\"@type\":\"ImageObject\",\"inLanguage\":\"fr-FR\",\"@id\":\"https:\\\/\\\/secure.gravatar.com\\\/avatar\\\/897f3d57289c1f4c62cade1c2606ba6ded18d5f1676845e668a9f21cb751c06b?s=96&d=mm&r=g\",\"url\":\"https:\\\/\\\/secure.gravatar.com\\\/avatar\\\/897f3d57289c1f4c62cade1c2606ba6ded18d5f1676845e668a9f21cb751c06b?s=96&d=mm&r=g\",\"contentUrl\":\"https:\\\/\\\/secure.gravatar.com\\\/avatar\\\/897f3d57289c1f4c62cade1c2606ba6ded18d5f1676845e668a9f21cb751c06b?s=96&d=mm&r=g\",\"caption\":\"redaction2@contactfm72.fr\"},\"url\":\"https:\\\/\\\/contactfm72.fr\\\/?author=5\"}]}<\/script>\n<!-- \/ Yoast SEO plugin. -->","yoast_head_json":{"title":"Le photographe animalier Franck Pasquier expose \u00e0 La Chartre-sur-le-Loir\" - Contact FM 99.3","description":"Venez d\u00e9couvrir 8 portraits de chevaux \u00e0 la galerie NocogoFranck Pasquier est un photographe professionnel passionn\u00e9 par les animaux, apr\u00e8s avoir photographier des chiens et des chats, il pr\u00e9sente son exposition visible jusqu'au 27 f\u00e9vrier 20258 portraits \u00e9quins. De l'origine de ce projet \u00e0 la fa\u00e7on d'aborder ces s\u00e9ances photos, il nous raconte les coulisses jusqu'\u00e0 la mise en place de cette exposition pr\u00e9sente \u00e0 La Chartre-sur-le-Loir ainsi que de ses projets \u00e0 venir.\u00a0Le photographe professionnel est dans \"L'interview du jour\" le lundi 10 f\u00e9vrier \u00e0 18h, le mardi 11 f\u00e9vrier \u00e0 13h, le samedi 15 f\u00e9vrier \u00e0 14h et le dimanche 16 f\u00e9vrier \u00e0 11h.Pour suivre Franck Pasquier :\u00a0\ud83d\udcf2 : Son compte Instagram\ud83d\udcbb : Son site Internet\u00a0","robots":{"index":"index","follow":"follow","max-snippet":"max-snippet:-1","max-image-preview":"max-image-preview:large","max-video-preview":"max-video-preview:-1"},"canonical":"https:\/\/contactfm72.fr\/?p=18588","og_locale":"fr_FR","og_type":"article","og_title":"Le photographe animalier Franck Pasquier expose \u00e0 La Chartre-sur-le-Loir\" - Contact FM 99.3","og_description":"Venez d\u00e9couvrir 8 portraits de chevaux \u00e0 la galerie NocogoFranck Pasquier est un photographe professionnel passionn\u00e9 par les animaux, apr\u00e8s avoir photographier des chiens et des chats, il pr\u00e9sente son exposition visible jusqu'au 27 f\u00e9vrier 20258 portraits \u00e9quins. De l'origine de ce projet \u00e0 la fa\u00e7on d'aborder ces s\u00e9ances photos, il nous raconte les coulisses jusqu'\u00e0 la mise en place de cette exposition pr\u00e9sente \u00e0 La Chartre-sur-le-Loir ainsi que de ses projets \u00e0 venir.\u00a0Le photographe professionnel est dans \"L'interview du jour\" le lundi 10 f\u00e9vrier \u00e0 18h, le mardi 11 f\u00e9vrier \u00e0 13h, le samedi 15 f\u00e9vrier \u00e0 14h et le dimanche 16 f\u00e9vrier \u00e0 11h.Pour suivre Franck Pasquier :\u00a0\ud83d\udcf2 : Son compte Instagram\ud83d\udcbb : Son site Internet\u00a0","og_url":"https:\/\/contactfm72.fr\/?p=18588","og_site_name":"Contact FM 99.3","article_publisher":"https:\/\/www.facebook.com\/Contactfm.Chateauduloir","article_published_time":"2025-02-10T15:54:08+00:00","article_modified_time":"2025-02-11T07:09:43+00:00","og_image":[{"url":"http:\/\/contactfm72.fr\/wp-content\/uploads\/2025\/02\/franck.png","width":1024,"height":768,"type":"image\/png"}],"author":"redaction2@contactfm72.fr","twitter_card":"summary_large_image","twitter_creator":"@contactfm72","twitter_site":"@contactfm72","twitter_misc":{"\u00c9crit par":"redaction2@contactfm72.fr","Dur\u00e9e de lecture estim\u00e9e":"1 minute"},"schema":{"@context":"https:\/\/schema.org","@graph":[{"@type":"Article","@id":"https:\/\/contactfm72.fr\/?p=18588#article","isPartOf":{"@id":"https:\/\/contactfm72.fr\/?p=18588"},"author":{"name":"redaction2@contactfm72.fr","@id":"https:\/\/contactfm72.fr\/#\/schema\/person\/d2ef09cdea7331b185acaddc4d14dda8"},"headline":"Le photographe animalier Franck Pasquier expose \u00e0 La Chartre-sur-le-Loir&#8221;","datePublished":"2025-02-10T15:54:08+00:00","dateModified":"2025-02-11T07:09:43+00:00","mainEntityOfPage":{"@id":"https:\/\/contactfm72.fr\/?p=18588"},"wordCount":123,"publisher":{"@id":"https:\/\/contactfm72.fr\/#organization"},"image":{"@id":"https:\/\/contactfm72.fr\/?p=18588#primaryimage"},"thumbnailUrl":"https:\/\/contactfm72.fr\/wp-content\/uploads\/2025\/02\/franck.png","articleSection":["Contact FM 72","L'interview du jour"],"inLanguage":"fr-FR"},{"@type":"WebPage","@id":"https:\/\/contactfm72.fr\/?p=18588","url":"https:\/\/contactfm72.fr\/?p=18588","name":"Le photographe animalier Franck Pasquier expose \u00e0 La Chartre-sur-le-Loir\" - Contact FM 99.3","isPartOf":{"@id":"https:\/\/contactfm72.fr\/#website"},"primaryImageOfPage":{"@id":"https:\/\/contactfm72.fr\/?p=18588#primaryimage"},"image":{"@id":"https:\/\/contactfm72.fr\/?p=18588#primaryimage"},"thumbnailUrl":"https:\/\/contactfm72.fr\/wp-content\/uploads\/2025\/02\/franck.png","datePublished":"2025-02-10T15:54:08+00:00","dateModified":"2025-02-11T07:09:43+00:00","description":"Venez d\u00e9couvrir 8 portraits de chevaux \u00e0 la galerie NocogoFranck Pasquier est un photographe professionnel passionn\u00e9 par les animaux, apr\u00e8s avoir photographier des chiens et des chats, il pr\u00e9sente son exposition visible jusqu'au 27 f\u00e9vrier 20258 portraits \u00e9quins. De l'origine de ce projet \u00e0 la fa\u00e7on d'aborder ces s\u00e9ances photos, il nous raconte les coulisses jusqu'\u00e0 la mise en place de cette exposition pr\u00e9sente \u00e0 La Chartre-sur-le-Loir ainsi que de ses projets \u00e0 venir.\u00a0Le photographe professionnel est dans \"L'interview du jour\" le lundi 10 f\u00e9vrier \u00e0 18h, le mardi 11 f\u00e9vrier \u00e0 13h, le samedi 15 f\u00e9vrier \u00e0 14h et le dimanche 16 f\u00e9vrier \u00e0 11h.Pour suivre Franck Pasquier :\u00a0\ud83d\udcf2 : Son compte Instagram\ud83d\udcbb : Son site Internet\u00a0","breadcrumb":{"@id":"https:\/\/contactfm72.fr\/?p=18588#breadcrumb"},"inLanguage":"fr-FR","potentialAction":[{"@type":"ReadAction","target":["https:\/\/contactfm72.fr\/?p=18588"]}]},{"@type":"ImageObject","inLanguage":"fr-FR","@id":"https:\/\/contactfm72.fr\/?p=18588#primaryimage","url":"https:\/\/contactfm72.fr\/wp-content\/uploads\/2025\/02\/franck.png","contentUrl":"https:\/\/contactfm72.fr\/wp-content\/uploads\/2025\/02\/franck.png","width":2016,"height":1512},{"@type":"BreadcrumbList","@id":"https:\/\/contactfm72.fr\/?p=18588#breadcrumb","itemListElement":[{"@type":"ListItem","position":1,"name":"Accueil","item":"https:\/\/contactfm72.fr\/"},{"@type":"ListItem","position":2,"name":"Le photographe animalier Franck Pasquier expose \u00e0 La Chartre-sur-le-Loir&#8221;"}]},{"@type":"WebSite","@id":"https:\/\/contactfm72.fr\/#website","url":"https:\/\/contactfm72.fr\/","name":"Contact FM 99.3","description":"Votre radio en vall\u00e9e du Loir","publisher":{"@id":"https:\/\/contactfm72.fr\/#organization"},"potentialAction":[{"@type":"SearchAction","target":{"@type":"EntryPoint","urlTemplate":"https:\/\/contactfm72.fr\/?s={search_term_string}"},"query-input":{"@type":"PropertyValueSpecification","valueRequired":true,"valueName":"search_term_string"}}],"inLanguage":"fr-FR"},{"@type":"Organization","@id":"https:\/\/contactfm72.fr\/#organization","name":"Contact FM 99.3","url":"https:\/\/contactfm72.fr\/","logo":{"@type":"ImageObject","inLanguage":"fr-FR","@id":"https:\/\/contactfm72.fr\/#\/schema\/logo\/image\/","url":"https:\/\/contactfm72.fr\/wp-content\/uploads\/2025\/04\/2025-04-18-2.jpg","contentUrl":"https:\/\/contactfm72.fr\/wp-content\/uploads\/2025\/04\/2025-04-18-2.jpg","width":680,"height":307,"caption":"Contact FM 99.3"},"image":{"@id":"https:\/\/contactfm72.fr\/#\/schema\/logo\/image\/"},"sameAs":["https:\/\/www.facebook.com\/Contactfm.Chateauduloir","https:\/\/x.com\/contactfm72","https:\/\/www.instagram.com\/contact.fm.72?igsh=cGhlMHQ5N2JlNnpp","https:\/\/www.tiktok.com\/@contact.fm"]},{"@type":"Person","@id":"https:\/\/contactfm72.fr\/#\/schema\/person\/d2ef09cdea7331b185acaddc4d14dda8","name":"redaction2@contactfm72.fr","image":{"@type":"ImageObject","inLanguage":"fr-FR","@id":"https:\/\/secure.gravatar.com\/avatar\/897f3d57289c1f4c62cade1c2606ba6ded18d5f1676845e668a9f21cb751c06b?s=96&d=mm&r=g","url":"https:\/\/secure.gravatar.com\/avatar\/897f3d57289c1f4c62cade1c2606ba6ded18d5f1676845e668a9f21cb751c06b?s=96&d=mm&r=g","contentUrl":"https:\/\/secure.gravatar.com\/avatar\/897f3d57289c1f4c62cade1c2606ba6ded18d5f1676845e668a9f21cb751c06b?s=96&d=mm&r=g","caption":"redaction2@contactfm72.fr"},"url":"https:\/\/contactfm72.fr\/?author=5"}]}},"_links":{"self":[{"href":"https:\/\/contactfm72.fr\/index.php?rest_route=\/wp\/v2\/posts\/18588","targetHints":{"allow":["GET"]}}],"collection":[{"href":"https:\/\/contactfm72.fr\/index.php?rest_route=\/wp\/v2\/posts"}],"about":[{"href":"https:\/\/contactfm72.fr\/index.php?rest_route=\/wp\/v2\/types\/post"}],"author":[{"embeddable":true,"href":"https:\/\/contactfm72.fr\/index.php?rest_route=\/wp\/v2\/users\/5"}],"replies":[{"embeddable":true,"href":"https:\/\/contactfm72.fr\/index.php?rest_route=%2Fwp%2Fv2%2Fcomments&post=18588"}],"version-history":[{"count":5,"href":"https:\/\/contactfm72.fr\/index.php?rest_route=\/wp\/v2\/posts\/18588\/revisions"}],"predecessor-version":[{"id":18597,"href":"https:\/\/contactfm72.fr\/index.php?rest_route=\/wp\/v2\/posts\/18588\/revisions\/18597"}],"wp:featuredmedia":[{"embeddable":true,"href":"https:\/\/contactfm72.fr\/index.php?rest_route=\/wp\/v2\/media\/18590"}],"wp:attachment":[{"href":"https:\/\/contactfm72.fr\/index.php?rest_route=%2Fwp%2Fv2%2Fmedia&parent=18588"}],"wp:term":[{"taxonomy":"category","embeddable":true,"href":"https:\/\/contactfm72.fr\/index.php?rest_route=%2Fwp%2Fv2%2Fcategories&post=18588"},{"taxonomy":"post_tag","embeddable":true,"href":"https:\/\/contactfm72.fr\/index.php?rest_route=%2Fwp%2Fv2%2Ftags&post=18588"}],"curies":[{"name":"wp","href":"https:\/\/api.w.org\/{rel}","templated":true}]}}