{"id":18556,"date":"2025-02-07T10:53:14","date_gmt":"2025-02-07T09:53:14","guid":{"rendered":"https:\/\/contactfm72.fr\/?p=18556"},"modified":"2025-02-07T10:53:14","modified_gmt":"2025-02-07T09:53:14","slug":"julie-troncin-une-maroquiniere-et-une-formatrice-passionnee","status":"publish","type":"post","link":"https:\/\/contactfm72.fr\/?p=18556","title":{"rendered":"Julie Troncin, une maroquini\u00e8re et une formatrice passionn\u00e9e"},"content":{"rendered":"<p>De la formation &amp; de la cr\u00e9ation avec Julie Troncin.<\/p>\n<p>Dans le milieu du luxe, de la maroquinerie depuis de nombreuses ann\u00e9es, elle a plusieurs cordes \u00e0 son arc comme la formation et l&#8217;animation d&#8217;ateliers pour le grand public pour cr\u00e9er sa ceinture ou encore sa banane. Elle nous partage son parcours, ses exp\u00e9riences, ainsi que ses projets pour l&#8217;ann\u00e9e 2025.<\/p>\n<p>Le magazine &#8220;Si on parlait d&#8217;elles&#8221;\u00a0 est diffus\u00e9 le vendredi 7 f\u00e9vrier \u00e0 12h30 et le jeudi 13 f\u00e9vrier \u00e0 17h30.<\/p>\n<div id=\"audioigniter-294\" class=\"audioigniter-root \" data-player-type=\"full\" data-tracks-url=\"https:\/\/contactfm72.fr\/?audioigniter_playlist_id=294\" data-display-track-no=\"false\" data-reverse-track-order=\"false\" data-display-tracklist-covers=\"false\" data-display-active-cover=\"false\" data-display-artist-names=\"false\" data-display-buy-buttons=\"true\" data-buy-buttons-target=\"false\" data-cycle-tracks=\"false\" data-display-credits=\"false\" data-display-tracklist=\"true\" data-allow-tracklist-toggle=\"true\" data-allow-tracklist-loop=\"true\" data-limit-tracklist-height=\"true\" data-volume=\"100\" data-tracklist-height=\"185\" data-allow-track-loop=\"false\" ><\/div>\n<p>&nbsp;<\/p>\n<!-- AddThis Advanced Settings generic via filter on the_content --><!-- AddThis Share Buttons generic via filter on the_content -->","protected":false},"excerpt":{"rendered":"<p>De la formation &amp; de la cr\u00e9ation avec Julie Troncin. Dans le milieu du luxe, de la maroquinerie depuis de nombreuses ann\u00e9es, elle a plusieurs cordes \u00e0 son arc comme la formation et l&#8217;animation d&#8217;ateliers pour le grand public pour cr\u00e9er sa ceinture ou encore sa banane. Elle nous partage son parcours, ses exp\u00e9riences, ainsi&hellip;<!-- AddThis Advanced Settings generic via filter on get_the_excerpt --><!-- AddThis Share Buttons generic via filter on get_the_excerpt --><\/p>\n","protected":false},"author":5,"featured_media":18558,"comment_status":"closed","ping_status":"open","sticky":false,"template":"","format":"standard","meta":{"footnotes":""},"categories":[1,14],"tags":[],"class_list":["post-18556","post","type-post","status-publish","format-standard","has-post-thumbnail","hentry","category-contact-fm-72","category-si-on-parlait-delles","category-1","category-14","description-off"],"yoast_head":"<!-- This site is optimized with the Yoast SEO plugin v27.4 - https:\/\/yoast.com\/product\/yoast-seo-wordpress\/ -->\n<title>Julie Troncin, une maroquini\u00e8re et une formatrice passionn\u00e9e - Contact FM 99.3<\/title>\n<meta name=\"description\" content=\"De la formation &amp; de la cr\u00e9ation avec Julie Troncin.\u00a0Dans le milieu du luxe, de la maroquinerie depuis de nombreuses ann\u00e9es, elle a plusieurs cordes \u00e0 son arc comme la formation et l&#039;animation d&#039;ateliers pour le grand public pour cr\u00e9er sa ceinture, sa banane. Julie Troncin partage son parcours, ses exp\u00e9riences, ainsi que ses projets pour l&#039;ann\u00e9e 2025.Le magazine &quot;Si on parlait d&#039;elles&quot;\u00a0 est diffus\u00e9 le vendredi 7 f\u00e9vrier \u00e0 12h30 et le jeudi 13 f\u00e9vrier \u00e0 17h30.\" \/>\n<meta name=\"robots\" content=\"index, follow, max-snippet:-1, max-image-preview:large, max-video-preview:-1\" \/>\n<link rel=\"canonical\" href=\"https:\/\/contactfm72.fr\/?p=18556\" \/>\n<meta property=\"og:locale\" content=\"fr_FR\" \/>\n<meta property=\"og:type\" content=\"article\" \/>\n<meta property=\"og:title\" content=\"Julie Troncin, une maroquini\u00e8re et une formatrice passionn\u00e9e - Contact FM 99.3\" \/>\n<meta property=\"og:description\" content=\"De la formation &amp; de la cr\u00e9ation avec Julie Troncin.\u00a0Dans le milieu du luxe, de la maroquinerie depuis de nombreuses ann\u00e9es, elle a plusieurs cordes \u00e0 son arc comme la formation et l&#039;animation d&#039;ateliers pour le grand public pour cr\u00e9er sa ceinture, sa banane. Julie Troncin partage son parcours, ses exp\u00e9riences, ainsi que ses projets pour l&#039;ann\u00e9e 2025.Le magazine &quot;Si on parlait d&#039;elles&quot;\u00a0 est diffus\u00e9 le vendredi 7 f\u00e9vrier \u00e0 12h30 et le jeudi 13 f\u00e9vrier \u00e0 17h30.\" \/>\n<meta property=\"og:url\" content=\"https:\/\/contactfm72.fr\/?p=18556\" \/>\n<meta property=\"og:site_name\" content=\"Contact FM 99.3\" \/>\n<meta property=\"article:publisher\" content=\"https:\/\/www.facebook.com\/Contactfm.Chateauduloir\" \/>\n<meta property=\"article:published_time\" content=\"2025-02-07T09:53:14+00:00\" \/>\n<meta property=\"og:image\" content=\"http:\/\/contactfm72.fr\/wp-content\/uploads\/2025\/02\/jh.jpg\" \/>\n\t<meta property=\"og:image:width\" content=\"2016\" \/>\n\t<meta property=\"og:image:height\" content=\"1512\" \/>\n\t<meta property=\"og:image:type\" content=\"image\/jpeg\" \/>\n<meta name=\"author\" content=\"redaction2@contactfm72.fr\" \/>\n<meta name=\"twitter:card\" content=\"summary_large_image\" \/>\n<meta name=\"twitter:creator\" content=\"@contactfm72\" \/>\n<meta name=\"twitter:site\" content=\"@contactfm72\" \/>\n<meta name=\"twitter:label1\" content=\"\u00c9crit par\" \/>\n\t<meta name=\"twitter:data1\" content=\"redaction2@contactfm72.fr\" \/>\n\t<meta name=\"twitter:label2\" content=\"Dur\u00e9e de lecture estim\u00e9e\" \/>\n\t<meta name=\"twitter:data2\" content=\"1 minute\" \/>\n<script type=\"application\/ld+json\" class=\"yoast-schema-graph\">{\"@context\":\"https:\\\/\\\/schema.org\",\"@graph\":[{\"@type\":\"Article\",\"@id\":\"https:\\\/\\\/contactfm72.fr\\\/?p=18556#article\",\"isPartOf\":{\"@id\":\"https:\\\/\\\/contactfm72.fr\\\/?p=18556\"},\"author\":{\"name\":\"redaction2@contactfm72.fr\",\"@id\":\"https:\\\/\\\/contactfm72.fr\\\/#\\\/schema\\\/person\\\/d2ef09cdea7331b185acaddc4d14dda8\"},\"headline\":\"Julie Troncin, une maroquini\u00e8re et une formatrice passionn\u00e9e\",\"datePublished\":\"2025-02-07T09:53:14+00:00\",\"mainEntityOfPage\":{\"@id\":\"https:\\\/\\\/contactfm72.fr\\\/?p=18556\"},\"wordCount\":101,\"publisher\":{\"@id\":\"https:\\\/\\\/contactfm72.fr\\\/#organization\"},\"image\":{\"@id\":\"https:\\\/\\\/contactfm72.fr\\\/?p=18556#primaryimage\"},\"thumbnailUrl\":\"https:\\\/\\\/contactfm72.fr\\\/wp-content\\\/uploads\\\/2025\\\/02\\\/jh.jpg\",\"articleSection\":[\"Contact FM 72\",\"Si on parlait d'elles\"],\"inLanguage\":\"fr-FR\"},{\"@type\":\"WebPage\",\"@id\":\"https:\\\/\\\/contactfm72.fr\\\/?p=18556\",\"url\":\"https:\\\/\\\/contactfm72.fr\\\/?p=18556\",\"name\":\"Julie Troncin, une maroquini\u00e8re et une formatrice passionn\u00e9e - Contact FM 99.3\",\"isPartOf\":{\"@id\":\"https:\\\/\\\/contactfm72.fr\\\/#website\"},\"primaryImageOfPage\":{\"@id\":\"https:\\\/\\\/contactfm72.fr\\\/?p=18556#primaryimage\"},\"image\":{\"@id\":\"https:\\\/\\\/contactfm72.fr\\\/?p=18556#primaryimage\"},\"thumbnailUrl\":\"https:\\\/\\\/contactfm72.fr\\\/wp-content\\\/uploads\\\/2025\\\/02\\\/jh.jpg\",\"datePublished\":\"2025-02-07T09:53:14+00:00\",\"description\":\"De la formation & de la cr\u00e9ation avec Julie Troncin.\u00a0Dans le milieu du luxe, de la maroquinerie depuis de nombreuses ann\u00e9es, elle a plusieurs cordes \u00e0 son arc comme la formation et l'animation d'ateliers pour le grand public pour cr\u00e9er sa ceinture, sa banane. Julie Troncin partage son parcours, ses exp\u00e9riences, ainsi que ses projets pour l'ann\u00e9e 2025.Le magazine \\\"Si on parlait d'elles\\\"\u00a0 est diffus\u00e9 le vendredi 7 f\u00e9vrier \u00e0 12h30 et le jeudi 13 f\u00e9vrier \u00e0 17h30.\",\"breadcrumb\":{\"@id\":\"https:\\\/\\\/contactfm72.fr\\\/?p=18556#breadcrumb\"},\"inLanguage\":\"fr-FR\",\"potentialAction\":[{\"@type\":\"ReadAction\",\"target\":[\"https:\\\/\\\/contactfm72.fr\\\/?p=18556\"]}]},{\"@type\":\"ImageObject\",\"inLanguage\":\"fr-FR\",\"@id\":\"https:\\\/\\\/contactfm72.fr\\\/?p=18556#primaryimage\",\"url\":\"https:\\\/\\\/contactfm72.fr\\\/wp-content\\\/uploads\\\/2025\\\/02\\\/jh.jpg\",\"contentUrl\":\"https:\\\/\\\/contactfm72.fr\\\/wp-content\\\/uploads\\\/2025\\\/02\\\/jh.jpg\",\"width\":2016,\"height\":1512},{\"@type\":\"BreadcrumbList\",\"@id\":\"https:\\\/\\\/contactfm72.fr\\\/?p=18556#breadcrumb\",\"itemListElement\":[{\"@type\":\"ListItem\",\"position\":1,\"name\":\"Accueil\",\"item\":\"https:\\\/\\\/contactfm72.fr\\\/\"},{\"@type\":\"ListItem\",\"position\":2,\"name\":\"Julie Troncin, une maroquini\u00e8re et une formatrice passionn\u00e9e\"}]},{\"@type\":\"WebSite\",\"@id\":\"https:\\\/\\\/contactfm72.fr\\\/#website\",\"url\":\"https:\\\/\\\/contactfm72.fr\\\/\",\"name\":\"Contact FM 99.3\",\"description\":\"Votre radio en vall\u00e9e du Loir\",\"publisher\":{\"@id\":\"https:\\\/\\\/contactfm72.fr\\\/#organization\"},\"potentialAction\":[{\"@type\":\"SearchAction\",\"target\":{\"@type\":\"EntryPoint\",\"urlTemplate\":\"https:\\\/\\\/contactfm72.fr\\\/?s={search_term_string}\"},\"query-input\":{\"@type\":\"PropertyValueSpecification\",\"valueRequired\":true,\"valueName\":\"search_term_string\"}}],\"inLanguage\":\"fr-FR\"},{\"@type\":\"Organization\",\"@id\":\"https:\\\/\\\/contactfm72.fr\\\/#organization\",\"name\":\"Contact FM 99.3\",\"url\":\"https:\\\/\\\/contactfm72.fr\\\/\",\"logo\":{\"@type\":\"ImageObject\",\"inLanguage\":\"fr-FR\",\"@id\":\"https:\\\/\\\/contactfm72.fr\\\/#\\\/schema\\\/logo\\\/image\\\/\",\"url\":\"https:\\\/\\\/contactfm72.fr\\\/wp-content\\\/uploads\\\/2025\\\/04\\\/2025-04-18-2.jpg\",\"contentUrl\":\"https:\\\/\\\/contactfm72.fr\\\/wp-content\\\/uploads\\\/2025\\\/04\\\/2025-04-18-2.jpg\",\"width\":680,\"height\":307,\"caption\":\"Contact FM 99.3\"},\"image\":{\"@id\":\"https:\\\/\\\/contactfm72.fr\\\/#\\\/schema\\\/logo\\\/image\\\/\"},\"sameAs\":[\"https:\\\/\\\/www.facebook.com\\\/Contactfm.Chateauduloir\",\"https:\\\/\\\/x.com\\\/contactfm72\",\"https:\\\/\\\/www.instagram.com\\\/contact.fm.72?igsh=cGhlMHQ5N2JlNnpp\",\"https:\\\/\\\/www.tiktok.com\\\/@contact.fm\"]},{\"@type\":\"Person\",\"@id\":\"https:\\\/\\\/contactfm72.fr\\\/#\\\/schema\\\/person\\\/d2ef09cdea7331b185acaddc4d14dda8\",\"name\":\"redaction2@contactfm72.fr\",\"image\":{\"@type\":\"ImageObject\",\"inLanguage\":\"fr-FR\",\"@id\":\"https:\\\/\\\/secure.gravatar.com\\\/avatar\\\/897f3d57289c1f4c62cade1c2606ba6ded18d5f1676845e668a9f21cb751c06b?s=96&d=mm&r=g\",\"url\":\"https:\\\/\\\/secure.gravatar.com\\\/avatar\\\/897f3d57289c1f4c62cade1c2606ba6ded18d5f1676845e668a9f21cb751c06b?s=96&d=mm&r=g\",\"contentUrl\":\"https:\\\/\\\/secure.gravatar.com\\\/avatar\\\/897f3d57289c1f4c62cade1c2606ba6ded18d5f1676845e668a9f21cb751c06b?s=96&d=mm&r=g\",\"caption\":\"redaction2@contactfm72.fr\"},\"url\":\"https:\\\/\\\/contactfm72.fr\\\/?author=5\"}]}<\/script>\n<!-- \/ Yoast SEO plugin. -->","yoast_head_json":{"title":"Julie Troncin, une maroquini\u00e8re et une formatrice passionn\u00e9e - Contact FM 99.3","description":"De la formation & de la cr\u00e9ation avec Julie Troncin.\u00a0Dans le milieu du luxe, de la maroquinerie depuis de nombreuses ann\u00e9es, elle a plusieurs cordes \u00e0 son arc comme la formation et l'animation d'ateliers pour le grand public pour cr\u00e9er sa ceinture, sa banane. Julie Troncin partage son parcours, ses exp\u00e9riences, ainsi que ses projets pour l'ann\u00e9e 2025.Le magazine \"Si on parlait d'elles\"\u00a0 est diffus\u00e9 le vendredi 7 f\u00e9vrier \u00e0 12h30 et le jeudi 13 f\u00e9vrier \u00e0 17h30.","robots":{"index":"index","follow":"follow","max-snippet":"max-snippet:-1","max-image-preview":"max-image-preview:large","max-video-preview":"max-video-preview:-1"},"canonical":"https:\/\/contactfm72.fr\/?p=18556","og_locale":"fr_FR","og_type":"article","og_title":"Julie Troncin, une maroquini\u00e8re et une formatrice passionn\u00e9e - Contact FM 99.3","og_description":"De la formation & de la cr\u00e9ation avec Julie Troncin.\u00a0Dans le milieu du luxe, de la maroquinerie depuis de nombreuses ann\u00e9es, elle a plusieurs cordes \u00e0 son arc comme la formation et l'animation d'ateliers pour le grand public pour cr\u00e9er sa ceinture, sa banane. Julie Troncin partage son parcours, ses exp\u00e9riences, ainsi que ses projets pour l'ann\u00e9e 2025.Le magazine \"Si on parlait d'elles\"\u00a0 est diffus\u00e9 le vendredi 7 f\u00e9vrier \u00e0 12h30 et le jeudi 13 f\u00e9vrier \u00e0 17h30.","og_url":"https:\/\/contactfm72.fr\/?p=18556","og_site_name":"Contact FM 99.3","article_publisher":"https:\/\/www.facebook.com\/Contactfm.Chateauduloir","article_published_time":"2025-02-07T09:53:14+00:00","og_image":[{"width":2016,"height":1512,"url":"http:\/\/contactfm72.fr\/wp-content\/uploads\/2025\/02\/jh.jpg","type":"image\/jpeg"}],"author":"redaction2@contactfm72.fr","twitter_card":"summary_large_image","twitter_creator":"@contactfm72","twitter_site":"@contactfm72","twitter_misc":{"\u00c9crit par":"redaction2@contactfm72.fr","Dur\u00e9e de lecture estim\u00e9e":"1 minute"},"schema":{"@context":"https:\/\/schema.org","@graph":[{"@type":"Article","@id":"https:\/\/contactfm72.fr\/?p=18556#article","isPartOf":{"@id":"https:\/\/contactfm72.fr\/?p=18556"},"author":{"name":"redaction2@contactfm72.fr","@id":"https:\/\/contactfm72.fr\/#\/schema\/person\/d2ef09cdea7331b185acaddc4d14dda8"},"headline":"Julie Troncin, une maroquini\u00e8re et une formatrice passionn\u00e9e","datePublished":"2025-02-07T09:53:14+00:00","mainEntityOfPage":{"@id":"https:\/\/contactfm72.fr\/?p=18556"},"wordCount":101,"publisher":{"@id":"https:\/\/contactfm72.fr\/#organization"},"image":{"@id":"https:\/\/contactfm72.fr\/?p=18556#primaryimage"},"thumbnailUrl":"https:\/\/contactfm72.fr\/wp-content\/uploads\/2025\/02\/jh.jpg","articleSection":["Contact FM 72","Si on parlait d'elles"],"inLanguage":"fr-FR"},{"@type":"WebPage","@id":"https:\/\/contactfm72.fr\/?p=18556","url":"https:\/\/contactfm72.fr\/?p=18556","name":"Julie Troncin, une maroquini\u00e8re et une formatrice passionn\u00e9e - Contact FM 99.3","isPartOf":{"@id":"https:\/\/contactfm72.fr\/#website"},"primaryImageOfPage":{"@id":"https:\/\/contactfm72.fr\/?p=18556#primaryimage"},"image":{"@id":"https:\/\/contactfm72.fr\/?p=18556#primaryimage"},"thumbnailUrl":"https:\/\/contactfm72.fr\/wp-content\/uploads\/2025\/02\/jh.jpg","datePublished":"2025-02-07T09:53:14+00:00","description":"De la formation & de la cr\u00e9ation avec Julie Troncin.\u00a0Dans le milieu du luxe, de la maroquinerie depuis de nombreuses ann\u00e9es, elle a plusieurs cordes \u00e0 son arc comme la formation et l'animation d'ateliers pour le grand public pour cr\u00e9er sa ceinture, sa banane. Julie Troncin partage son parcours, ses exp\u00e9riences, ainsi que ses projets pour l'ann\u00e9e 2025.Le magazine \"Si on parlait d'elles\"\u00a0 est diffus\u00e9 le vendredi 7 f\u00e9vrier \u00e0 12h30 et le jeudi 13 f\u00e9vrier \u00e0 17h30.","breadcrumb":{"@id":"https:\/\/contactfm72.fr\/?p=18556#breadcrumb"},"inLanguage":"fr-FR","potentialAction":[{"@type":"ReadAction","target":["https:\/\/contactfm72.fr\/?p=18556"]}]},{"@type":"ImageObject","inLanguage":"fr-FR","@id":"https:\/\/contactfm72.fr\/?p=18556#primaryimage","url":"https:\/\/contactfm72.fr\/wp-content\/uploads\/2025\/02\/jh.jpg","contentUrl":"https:\/\/contactfm72.fr\/wp-content\/uploads\/2025\/02\/jh.jpg","width":2016,"height":1512},{"@type":"BreadcrumbList","@id":"https:\/\/contactfm72.fr\/?p=18556#breadcrumb","itemListElement":[{"@type":"ListItem","position":1,"name":"Accueil","item":"https:\/\/contactfm72.fr\/"},{"@type":"ListItem","position":2,"name":"Julie Troncin, une maroquini\u00e8re et une formatrice passionn\u00e9e"}]},{"@type":"WebSite","@id":"https:\/\/contactfm72.fr\/#website","url":"https:\/\/contactfm72.fr\/","name":"Contact FM 99.3","description":"Votre radio en vall\u00e9e du Loir","publisher":{"@id":"https:\/\/contactfm72.fr\/#organization"},"potentialAction":[{"@type":"SearchAction","target":{"@type":"EntryPoint","urlTemplate":"https:\/\/contactfm72.fr\/?s={search_term_string}"},"query-input":{"@type":"PropertyValueSpecification","valueRequired":true,"valueName":"search_term_string"}}],"inLanguage":"fr-FR"},{"@type":"Organization","@id":"https:\/\/contactfm72.fr\/#organization","name":"Contact FM 99.3","url":"https:\/\/contactfm72.fr\/","logo":{"@type":"ImageObject","inLanguage":"fr-FR","@id":"https:\/\/contactfm72.fr\/#\/schema\/logo\/image\/","url":"https:\/\/contactfm72.fr\/wp-content\/uploads\/2025\/04\/2025-04-18-2.jpg","contentUrl":"https:\/\/contactfm72.fr\/wp-content\/uploads\/2025\/04\/2025-04-18-2.jpg","width":680,"height":307,"caption":"Contact FM 99.3"},"image":{"@id":"https:\/\/contactfm72.fr\/#\/schema\/logo\/image\/"},"sameAs":["https:\/\/www.facebook.com\/Contactfm.Chateauduloir","https:\/\/x.com\/contactfm72","https:\/\/www.instagram.com\/contact.fm.72?igsh=cGhlMHQ5N2JlNnpp","https:\/\/www.tiktok.com\/@contact.fm"]},{"@type":"Person","@id":"https:\/\/contactfm72.fr\/#\/schema\/person\/d2ef09cdea7331b185acaddc4d14dda8","name":"redaction2@contactfm72.fr","image":{"@type":"ImageObject","inLanguage":"fr-FR","@id":"https:\/\/secure.gravatar.com\/avatar\/897f3d57289c1f4c62cade1c2606ba6ded18d5f1676845e668a9f21cb751c06b?s=96&d=mm&r=g","url":"https:\/\/secure.gravatar.com\/avatar\/897f3d57289c1f4c62cade1c2606ba6ded18d5f1676845e668a9f21cb751c06b?s=96&d=mm&r=g","contentUrl":"https:\/\/secure.gravatar.com\/avatar\/897f3d57289c1f4c62cade1c2606ba6ded18d5f1676845e668a9f21cb751c06b?s=96&d=mm&r=g","caption":"redaction2@contactfm72.fr"},"url":"https:\/\/contactfm72.fr\/?author=5"}]}},"_links":{"self":[{"href":"https:\/\/contactfm72.fr\/index.php?rest_route=\/wp\/v2\/posts\/18556","targetHints":{"allow":["GET"]}}],"collection":[{"href":"https:\/\/contactfm72.fr\/index.php?rest_route=\/wp\/v2\/posts"}],"about":[{"href":"https:\/\/contactfm72.fr\/index.php?rest_route=\/wp\/v2\/types\/post"}],"author":[{"embeddable":true,"href":"https:\/\/contactfm72.fr\/index.php?rest_route=\/wp\/v2\/users\/5"}],"replies":[{"embeddable":true,"href":"https:\/\/contactfm72.fr\/index.php?rest_route=%2Fwp%2Fv2%2Fcomments&post=18556"}],"version-history":[{"count":1,"href":"https:\/\/contactfm72.fr\/index.php?rest_route=\/wp\/v2\/posts\/18556\/revisions"}],"predecessor-version":[{"id":18559,"href":"https:\/\/contactfm72.fr\/index.php?rest_route=\/wp\/v2\/posts\/18556\/revisions\/18559"}],"wp:featuredmedia":[{"embeddable":true,"href":"https:\/\/contactfm72.fr\/index.php?rest_route=\/wp\/v2\/media\/18558"}],"wp:attachment":[{"href":"https:\/\/contactfm72.fr\/index.php?rest_route=%2Fwp%2Fv2%2Fmedia&parent=18556"}],"wp:term":[{"taxonomy":"category","embeddable":true,"href":"https:\/\/contactfm72.fr\/index.php?rest_route=%2Fwp%2Fv2%2Fcategories&post=18556"},{"taxonomy":"post_tag","embeddable":true,"href":"https:\/\/contactfm72.fr\/index.php?rest_route=%2Fwp%2Fv2%2Ftags&post=18556"}],"curies":[{"name":"wp","href":"https:\/\/api.w.org\/{rel}","templated":true}]}}