{"id":18538,"date":"2025-02-06T10:29:45","date_gmt":"2025-02-06T09:29:45","guid":{"rendered":"https:\/\/contactfm72.fr\/?p=18538"},"modified":"2025-02-06T16:26:59","modified_gmt":"2025-02-06T15:26:59","slug":"18538","status":"publish","type":"post","link":"https:\/\/contactfm72.fr\/?p=18538","title":{"rendered":"L&#8217;\u00e9v\u00e9nement &#8220;Fa\u00eetes en Famille&#8221; &#038; un livre sur le harc\u00e8lement scolaire"},"content":{"rendered":"<p>La s\u00e9lection de livres et d&#8217;un jeu de soci\u00e9t\u00e9 du mois !<\/p>\n<p>Camille B\u00e9nard, du r\u00e9seau des biblioth\u00e8ques de la <span class=\"xv78j7m\" spellcheck=\"false\">Communaut\u00e9 de Communes Sud Sarthe<\/span> \u201cOdyss\u00e9e\u201d, nous pr\u00e9pare pour les vacances du mois de f\u00e9vrier sa s\u00e9lection de livres, de jeux et un film M\u00e9diabox. Elle parle aussi des \u00e9v\u00e9nements \u00e0 ne pas rater sur le territoire.<\/p>\n<p><img decoding=\"async\" class=\"emoji\" role=\"img\" draggable=\"false\" src=\"https:\/\/s.w.org\/images\/core\/emoji\/15.0.3\/svg\/1f0cf.svg\" alt=\"\ud83c\udccf\" \/> Le jeu Galapa Go \u00e0 partir de 4 ans<\/p>\n<p><img decoding=\"async\" class=\"emoji\" role=\"img\" draggable=\"false\" src=\"https:\/\/s.w.org\/images\/core\/emoji\/15.0.3\/svg\/1f4d5.svg\" alt=\"\ud83d\udcd5\" \/> Le livre pour enfants : La jungle<\/p>\n<p><img decoding=\"async\" class=\"emoji\" role=\"img\" draggable=\"false\" src=\"https:\/\/s.w.org\/images\/core\/emoji\/15.0.3\/svg\/1f4d8.svg\" alt=\"\ud83d\udcd8\" \/> Un roman : Long Island<\/p>\n<p>C\u2019est \u00e0 d\u00e9couvrir dans \u201cDes livres et vous\u201d le jeudi 6 f\u00e9vrier \u00e0 12h30 et le lundi 10 f\u00e9vrier \u00e0 17h30.<\/p>\n<p>&nbsp;<\/p>\n<div id=\"audioigniter-292\" class=\"audioigniter-root \" data-player-type=\"full\" data-tracks-url=\"https:\/\/contactfm72.fr\/?audioigniter_playlist_id=292\" data-display-track-no=\"false\" data-reverse-track-order=\"false\" data-display-tracklist-covers=\"false\" data-display-active-cover=\"false\" data-display-artist-names=\"false\" data-display-buy-buttons=\"true\" data-buy-buttons-target=\"false\" data-cycle-tracks=\"false\" data-display-credits=\"false\" data-display-tracklist=\"true\" data-allow-tracklist-toggle=\"true\" data-allow-tracklist-loop=\"true\" data-limit-tracklist-height=\"true\" data-volume=\"100\" data-tracklist-height=\"185\" data-allow-track-loop=\"false\" ><\/div>\n<!-- AddThis Advanced Settings generic via filter on the_content --><!-- AddThis Share Buttons generic via filter on the_content -->","protected":false},"excerpt":{"rendered":"<p>La s\u00e9lection de livres et d&#8217;un jeu de soci\u00e9t\u00e9 du mois ! Camille B\u00e9nard, du r\u00e9seau des biblioth\u00e8ques de la Communaut\u00e9 de Communes Sud Sarthe \u201cOdyss\u00e9e\u201d, nous pr\u00e9pare pour les vacances du mois de f\u00e9vrier sa s\u00e9lection de livres, de jeux et un film M\u00e9diabox. Elle parle aussi des \u00e9v\u00e9nements \u00e0 ne pas rater sur&hellip;<!-- AddThis Advanced Settings generic via filter on get_the_excerpt --><!-- AddThis Share Buttons generic via filter on get_the_excerpt --><\/p>\n","protected":false},"author":5,"featured_media":18539,"comment_status":"closed","ping_status":"open","sticky":false,"template":"","format":"standard","meta":{"footnotes":""},"categories":[1,20],"tags":[],"class_list":["post-18538","post","type-post","status-publish","format-standard","has-post-thumbnail","hentry","category-contact-fm-72","category-des-livres-et-vous","category-1","category-20","description-off"],"yoast_head":"<!-- This site is optimized with the Yoast SEO plugin v27.4 - https:\/\/yoast.com\/product\/yoast-seo-wordpress\/ -->\n<title>L&#039;\u00e9v\u00e9nement &quot;Fa\u00eetes en Famille&quot; &amp; un livre sur le harc\u00e8lement scolaire - Contact FM 99.3<\/title>\n<meta name=\"description\" content=\"La s\u00e9lection de livres et d&#039;un jeu de soci\u00e9t\u00e9 du mois !\u00a0Camille B\u00e9nard du r\u00e9seau de biblioth\u00e8ques de la communaut\u00e9 de communes Sud-Sarthe \u201cOdyss\u00e9e\u201d nous pr\u00e9pare pour les vacances du mois de f\u00e9vrier avec sa s\u00e9lection de livres, jeux, d&#039;un film Mediabox et \u00e9galement des \u00e9v\u00e9nements \u00e0 ne pas rater sur le territoire. Voici sa s\u00e9lection : Le jeu Galapa Go \u00e0 partir de 4 ans Le livre pour enfants : La jungle Un roman : Long IslandC\u2019est \u00e0 d\u00e9couvrir dans \u201cDes livres et vous\u201d le jeudi 6 f\u00e9vrier \u00e0 12h30 et le lundi 10 f\u00e9vrier \u00e0 17h30.\" \/>\n<meta name=\"robots\" content=\"index, follow, max-snippet:-1, max-image-preview:large, max-video-preview:-1\" \/>\n<link rel=\"canonical\" href=\"https:\/\/contactfm72.fr\/?p=18538\" \/>\n<meta property=\"og:locale\" content=\"fr_FR\" \/>\n<meta property=\"og:type\" content=\"article\" \/>\n<meta property=\"og:title\" content=\"L&#039;\u00e9v\u00e9nement &quot;Fa\u00eetes en Famille&quot; &amp; un livre sur le harc\u00e8lement scolaire - Contact FM 99.3\" \/>\n<meta property=\"og:description\" content=\"La s\u00e9lection de livres et d&#039;un jeu de soci\u00e9t\u00e9 du mois !\u00a0Camille B\u00e9nard du r\u00e9seau de biblioth\u00e8ques de la communaut\u00e9 de communes Sud-Sarthe \u201cOdyss\u00e9e\u201d nous pr\u00e9pare pour les vacances du mois de f\u00e9vrier avec sa s\u00e9lection de livres, jeux, d&#039;un film Mediabox et \u00e9galement des \u00e9v\u00e9nements \u00e0 ne pas rater sur le territoire. Voici sa s\u00e9lection : Le jeu Galapa Go \u00e0 partir de 4 ans Le livre pour enfants : La jungle Un roman : Long IslandC\u2019est \u00e0 d\u00e9couvrir dans \u201cDes livres et vous\u201d le jeudi 6 f\u00e9vrier \u00e0 12h30 et le lundi 10 f\u00e9vrier \u00e0 17h30.\" \/>\n<meta property=\"og:url\" content=\"https:\/\/contactfm72.fr\/?p=18538\" \/>\n<meta property=\"og:site_name\" content=\"Contact FM 99.3\" \/>\n<meta property=\"article:publisher\" content=\"https:\/\/www.facebook.com\/Contactfm.Chateauduloir\" \/>\n<meta property=\"article:published_time\" content=\"2025-02-06T09:29:45+00:00\" \/>\n<meta property=\"article:modified_time\" content=\"2025-02-06T15:26:59+00:00\" \/>\n<meta property=\"og:image\" content=\"http:\/\/contactfm72.fr\/wp-content\/uploads\/2025\/02\/Galapa.jpg\" \/>\n\t<meta property=\"og:image:width\" content=\"2016\" \/>\n\t<meta property=\"og:image:height\" content=\"1512\" \/>\n\t<meta property=\"og:image:type\" content=\"image\/jpeg\" \/>\n<meta name=\"author\" content=\"redaction2@contactfm72.fr\" \/>\n<meta name=\"twitter:card\" content=\"summary_large_image\" \/>\n<meta name=\"twitter:creator\" content=\"@contactfm72\" \/>\n<meta name=\"twitter:site\" content=\"@contactfm72\" \/>\n<meta name=\"twitter:label1\" content=\"\u00c9crit par\" \/>\n\t<meta name=\"twitter:data1\" content=\"redaction2@contactfm72.fr\" \/>\n\t<meta name=\"twitter:label2\" content=\"Dur\u00e9e de lecture estim\u00e9e\" \/>\n\t<meta name=\"twitter:data2\" content=\"2 minutes\" \/>\n<script type=\"application\/ld+json\" class=\"yoast-schema-graph\">{\"@context\":\"https:\\\/\\\/schema.org\",\"@graph\":[{\"@type\":\"Article\",\"@id\":\"https:\\\/\\\/contactfm72.fr\\\/?p=18538#article\",\"isPartOf\":{\"@id\":\"https:\\\/\\\/contactfm72.fr\\\/?p=18538\"},\"author\":{\"name\":\"redaction2@contactfm72.fr\",\"@id\":\"https:\\\/\\\/contactfm72.fr\\\/#\\\/schema\\\/person\\\/d2ef09cdea7331b185acaddc4d14dda8\"},\"headline\":\"L&#8217;\u00e9v\u00e9nement &#8220;Fa\u00eetes en Famille&#8221; &#038; un livre sur le harc\u00e8lement scolaire\",\"datePublished\":\"2025-02-06T09:29:45+00:00\",\"dateModified\":\"2025-02-06T15:26:59+00:00\",\"mainEntityOfPage\":{\"@id\":\"https:\\\/\\\/contactfm72.fr\\\/?p=18538\"},\"wordCount\":122,\"publisher\":{\"@id\":\"https:\\\/\\\/contactfm72.fr\\\/#organization\"},\"image\":{\"@id\":\"https:\\\/\\\/contactfm72.fr\\\/?p=18538#primaryimage\"},\"thumbnailUrl\":\"https:\\\/\\\/contactfm72.fr\\\/wp-content\\\/uploads\\\/2025\\\/02\\\/Galapa.jpg\",\"articleSection\":[\"Contact FM 72\",\"Des livres et vous\"],\"inLanguage\":\"fr-FR\"},{\"@type\":\"WebPage\",\"@id\":\"https:\\\/\\\/contactfm72.fr\\\/?p=18538\",\"url\":\"https:\\\/\\\/contactfm72.fr\\\/?p=18538\",\"name\":\"L'\u00e9v\u00e9nement \\\"Fa\u00eetes en Famille\\\" & un livre sur le harc\u00e8lement scolaire - Contact FM 99.3\",\"isPartOf\":{\"@id\":\"https:\\\/\\\/contactfm72.fr\\\/#website\"},\"primaryImageOfPage\":{\"@id\":\"https:\\\/\\\/contactfm72.fr\\\/?p=18538#primaryimage\"},\"image\":{\"@id\":\"https:\\\/\\\/contactfm72.fr\\\/?p=18538#primaryimage\"},\"thumbnailUrl\":\"https:\\\/\\\/contactfm72.fr\\\/wp-content\\\/uploads\\\/2025\\\/02\\\/Galapa.jpg\",\"datePublished\":\"2025-02-06T09:29:45+00:00\",\"dateModified\":\"2025-02-06T15:26:59+00:00\",\"description\":\"La s\u00e9lection de livres et d'un jeu de soci\u00e9t\u00e9 du mois !\u00a0Camille B\u00e9nard du r\u00e9seau de biblioth\u00e8ques de la communaut\u00e9 de communes Sud-Sarthe \u201cOdyss\u00e9e\u201d nous pr\u00e9pare pour les vacances du mois de f\u00e9vrier avec sa s\u00e9lection de livres, jeux, d'un film Mediabox et \u00e9galement des \u00e9v\u00e9nements \u00e0 ne pas rater sur le territoire. Voici sa s\u00e9lection : Le jeu Galapa Go \u00e0 partir de 4 ans Le livre pour enfants : La jungle Un roman : Long IslandC\u2019est \u00e0 d\u00e9couvrir dans \u201cDes livres et vous\u201d le jeudi 6 f\u00e9vrier \u00e0 12h30 et le lundi 10 f\u00e9vrier \u00e0 17h30.\",\"breadcrumb\":{\"@id\":\"https:\\\/\\\/contactfm72.fr\\\/?p=18538#breadcrumb\"},\"inLanguage\":\"fr-FR\",\"potentialAction\":[{\"@type\":\"ReadAction\",\"target\":[\"https:\\\/\\\/contactfm72.fr\\\/?p=18538\"]}]},{\"@type\":\"ImageObject\",\"inLanguage\":\"fr-FR\",\"@id\":\"https:\\\/\\\/contactfm72.fr\\\/?p=18538#primaryimage\",\"url\":\"https:\\\/\\\/contactfm72.fr\\\/wp-content\\\/uploads\\\/2025\\\/02\\\/Galapa.jpg\",\"contentUrl\":\"https:\\\/\\\/contactfm72.fr\\\/wp-content\\\/uploads\\\/2025\\\/02\\\/Galapa.jpg\",\"width\":2016,\"height\":1512},{\"@type\":\"BreadcrumbList\",\"@id\":\"https:\\\/\\\/contactfm72.fr\\\/?p=18538#breadcrumb\",\"itemListElement\":[{\"@type\":\"ListItem\",\"position\":1,\"name\":\"Accueil\",\"item\":\"https:\\\/\\\/contactfm72.fr\\\/\"},{\"@type\":\"ListItem\",\"position\":2,\"name\":\"L&#8217;\u00e9v\u00e9nement &#8220;Fa\u00eetes en Famille&#8221; &#038; un livre sur le harc\u00e8lement scolaire\"}]},{\"@type\":\"WebSite\",\"@id\":\"https:\\\/\\\/contactfm72.fr\\\/#website\",\"url\":\"https:\\\/\\\/contactfm72.fr\\\/\",\"name\":\"Contact FM 99.3\",\"description\":\"Votre radio en vall\u00e9e du Loir\",\"publisher\":{\"@id\":\"https:\\\/\\\/contactfm72.fr\\\/#organization\"},\"potentialAction\":[{\"@type\":\"SearchAction\",\"target\":{\"@type\":\"EntryPoint\",\"urlTemplate\":\"https:\\\/\\\/contactfm72.fr\\\/?s={search_term_string}\"},\"query-input\":{\"@type\":\"PropertyValueSpecification\",\"valueRequired\":true,\"valueName\":\"search_term_string\"}}],\"inLanguage\":\"fr-FR\"},{\"@type\":\"Organization\",\"@id\":\"https:\\\/\\\/contactfm72.fr\\\/#organization\",\"name\":\"Contact FM 99.3\",\"url\":\"https:\\\/\\\/contactfm72.fr\\\/\",\"logo\":{\"@type\":\"ImageObject\",\"inLanguage\":\"fr-FR\",\"@id\":\"https:\\\/\\\/contactfm72.fr\\\/#\\\/schema\\\/logo\\\/image\\\/\",\"url\":\"https:\\\/\\\/contactfm72.fr\\\/wp-content\\\/uploads\\\/2025\\\/04\\\/2025-04-18-2.jpg\",\"contentUrl\":\"https:\\\/\\\/contactfm72.fr\\\/wp-content\\\/uploads\\\/2025\\\/04\\\/2025-04-18-2.jpg\",\"width\":680,\"height\":307,\"caption\":\"Contact FM 99.3\"},\"image\":{\"@id\":\"https:\\\/\\\/contactfm72.fr\\\/#\\\/schema\\\/logo\\\/image\\\/\"},\"sameAs\":[\"https:\\\/\\\/www.facebook.com\\\/Contactfm.Chateauduloir\",\"https:\\\/\\\/x.com\\\/contactfm72\",\"https:\\\/\\\/www.instagram.com\\\/contact.fm.72?igsh=cGhlMHQ5N2JlNnpp\",\"https:\\\/\\\/www.tiktok.com\\\/@contact.fm\"]},{\"@type\":\"Person\",\"@id\":\"https:\\\/\\\/contactfm72.fr\\\/#\\\/schema\\\/person\\\/d2ef09cdea7331b185acaddc4d14dda8\",\"name\":\"redaction2@contactfm72.fr\",\"image\":{\"@type\":\"ImageObject\",\"inLanguage\":\"fr-FR\",\"@id\":\"https:\\\/\\\/secure.gravatar.com\\\/avatar\\\/897f3d57289c1f4c62cade1c2606ba6ded18d5f1676845e668a9f21cb751c06b?s=96&d=mm&r=g\",\"url\":\"https:\\\/\\\/secure.gravatar.com\\\/avatar\\\/897f3d57289c1f4c62cade1c2606ba6ded18d5f1676845e668a9f21cb751c06b?s=96&d=mm&r=g\",\"contentUrl\":\"https:\\\/\\\/secure.gravatar.com\\\/avatar\\\/897f3d57289c1f4c62cade1c2606ba6ded18d5f1676845e668a9f21cb751c06b?s=96&d=mm&r=g\",\"caption\":\"redaction2@contactfm72.fr\"},\"url\":\"https:\\\/\\\/contactfm72.fr\\\/?author=5\"}]}<\/script>\n<!-- \/ Yoast SEO plugin. -->","yoast_head_json":{"title":"L'\u00e9v\u00e9nement \"Fa\u00eetes en Famille\" & un livre sur le harc\u00e8lement scolaire - Contact FM 99.3","description":"La s\u00e9lection de livres et d'un jeu de soci\u00e9t\u00e9 du mois !\u00a0Camille B\u00e9nard du r\u00e9seau de biblioth\u00e8ques de la communaut\u00e9 de communes Sud-Sarthe \u201cOdyss\u00e9e\u201d nous pr\u00e9pare pour les vacances du mois de f\u00e9vrier avec sa s\u00e9lection de livres, jeux, d'un film Mediabox et \u00e9galement des \u00e9v\u00e9nements \u00e0 ne pas rater sur le territoire. Voici sa s\u00e9lection : Le jeu Galapa Go \u00e0 partir de 4 ans Le livre pour enfants : La jungle Un roman : Long IslandC\u2019est \u00e0 d\u00e9couvrir dans \u201cDes livres et vous\u201d le jeudi 6 f\u00e9vrier \u00e0 12h30 et le lundi 10 f\u00e9vrier \u00e0 17h30.","robots":{"index":"index","follow":"follow","max-snippet":"max-snippet:-1","max-image-preview":"max-image-preview:large","max-video-preview":"max-video-preview:-1"},"canonical":"https:\/\/contactfm72.fr\/?p=18538","og_locale":"fr_FR","og_type":"article","og_title":"L'\u00e9v\u00e9nement \"Fa\u00eetes en Famille\" & un livre sur le harc\u00e8lement scolaire - Contact FM 99.3","og_description":"La s\u00e9lection de livres et d'un jeu de soci\u00e9t\u00e9 du mois !\u00a0Camille B\u00e9nard du r\u00e9seau de biblioth\u00e8ques de la communaut\u00e9 de communes Sud-Sarthe \u201cOdyss\u00e9e\u201d nous pr\u00e9pare pour les vacances du mois de f\u00e9vrier avec sa s\u00e9lection de livres, jeux, d'un film Mediabox et \u00e9galement des \u00e9v\u00e9nements \u00e0 ne pas rater sur le territoire. Voici sa s\u00e9lection : Le jeu Galapa Go \u00e0 partir de 4 ans Le livre pour enfants : La jungle Un roman : Long IslandC\u2019est \u00e0 d\u00e9couvrir dans \u201cDes livres et vous\u201d le jeudi 6 f\u00e9vrier \u00e0 12h30 et le lundi 10 f\u00e9vrier \u00e0 17h30.","og_url":"https:\/\/contactfm72.fr\/?p=18538","og_site_name":"Contact FM 99.3","article_publisher":"https:\/\/www.facebook.com\/Contactfm.Chateauduloir","article_published_time":"2025-02-06T09:29:45+00:00","article_modified_time":"2025-02-06T15:26:59+00:00","og_image":[{"width":2016,"height":1512,"url":"http:\/\/contactfm72.fr\/wp-content\/uploads\/2025\/02\/Galapa.jpg","type":"image\/jpeg"}],"author":"redaction2@contactfm72.fr","twitter_card":"summary_large_image","twitter_creator":"@contactfm72","twitter_site":"@contactfm72","twitter_misc":{"\u00c9crit par":"redaction2@contactfm72.fr","Dur\u00e9e de lecture estim\u00e9e":"2 minutes"},"schema":{"@context":"https:\/\/schema.org","@graph":[{"@type":"Article","@id":"https:\/\/contactfm72.fr\/?p=18538#article","isPartOf":{"@id":"https:\/\/contactfm72.fr\/?p=18538"},"author":{"name":"redaction2@contactfm72.fr","@id":"https:\/\/contactfm72.fr\/#\/schema\/person\/d2ef09cdea7331b185acaddc4d14dda8"},"headline":"L&#8217;\u00e9v\u00e9nement &#8220;Fa\u00eetes en Famille&#8221; &#038; un livre sur le harc\u00e8lement scolaire","datePublished":"2025-02-06T09:29:45+00:00","dateModified":"2025-02-06T15:26:59+00:00","mainEntityOfPage":{"@id":"https:\/\/contactfm72.fr\/?p=18538"},"wordCount":122,"publisher":{"@id":"https:\/\/contactfm72.fr\/#organization"},"image":{"@id":"https:\/\/contactfm72.fr\/?p=18538#primaryimage"},"thumbnailUrl":"https:\/\/contactfm72.fr\/wp-content\/uploads\/2025\/02\/Galapa.jpg","articleSection":["Contact FM 72","Des livres et vous"],"inLanguage":"fr-FR"},{"@type":"WebPage","@id":"https:\/\/contactfm72.fr\/?p=18538","url":"https:\/\/contactfm72.fr\/?p=18538","name":"L'\u00e9v\u00e9nement \"Fa\u00eetes en Famille\" & un livre sur le harc\u00e8lement scolaire - Contact FM 99.3","isPartOf":{"@id":"https:\/\/contactfm72.fr\/#website"},"primaryImageOfPage":{"@id":"https:\/\/contactfm72.fr\/?p=18538#primaryimage"},"image":{"@id":"https:\/\/contactfm72.fr\/?p=18538#primaryimage"},"thumbnailUrl":"https:\/\/contactfm72.fr\/wp-content\/uploads\/2025\/02\/Galapa.jpg","datePublished":"2025-02-06T09:29:45+00:00","dateModified":"2025-02-06T15:26:59+00:00","description":"La s\u00e9lection de livres et d'un jeu de soci\u00e9t\u00e9 du mois !\u00a0Camille B\u00e9nard du r\u00e9seau de biblioth\u00e8ques de la communaut\u00e9 de communes Sud-Sarthe \u201cOdyss\u00e9e\u201d nous pr\u00e9pare pour les vacances du mois de f\u00e9vrier avec sa s\u00e9lection de livres, jeux, d'un film Mediabox et \u00e9galement des \u00e9v\u00e9nements \u00e0 ne pas rater sur le territoire. Voici sa s\u00e9lection : Le jeu Galapa Go \u00e0 partir de 4 ans Le livre pour enfants : La jungle Un roman : Long IslandC\u2019est \u00e0 d\u00e9couvrir dans \u201cDes livres et vous\u201d le jeudi 6 f\u00e9vrier \u00e0 12h30 et le lundi 10 f\u00e9vrier \u00e0 17h30.","breadcrumb":{"@id":"https:\/\/contactfm72.fr\/?p=18538#breadcrumb"},"inLanguage":"fr-FR","potentialAction":[{"@type":"ReadAction","target":["https:\/\/contactfm72.fr\/?p=18538"]}]},{"@type":"ImageObject","inLanguage":"fr-FR","@id":"https:\/\/contactfm72.fr\/?p=18538#primaryimage","url":"https:\/\/contactfm72.fr\/wp-content\/uploads\/2025\/02\/Galapa.jpg","contentUrl":"https:\/\/contactfm72.fr\/wp-content\/uploads\/2025\/02\/Galapa.jpg","width":2016,"height":1512},{"@type":"BreadcrumbList","@id":"https:\/\/contactfm72.fr\/?p=18538#breadcrumb","itemListElement":[{"@type":"ListItem","position":1,"name":"Accueil","item":"https:\/\/contactfm72.fr\/"},{"@type":"ListItem","position":2,"name":"L&#8217;\u00e9v\u00e9nement &#8220;Fa\u00eetes en Famille&#8221; &#038; un livre sur le harc\u00e8lement scolaire"}]},{"@type":"WebSite","@id":"https:\/\/contactfm72.fr\/#website","url":"https:\/\/contactfm72.fr\/","name":"Contact FM 99.3","description":"Votre radio en vall\u00e9e du Loir","publisher":{"@id":"https:\/\/contactfm72.fr\/#organization"},"potentialAction":[{"@type":"SearchAction","target":{"@type":"EntryPoint","urlTemplate":"https:\/\/contactfm72.fr\/?s={search_term_string}"},"query-input":{"@type":"PropertyValueSpecification","valueRequired":true,"valueName":"search_term_string"}}],"inLanguage":"fr-FR"},{"@type":"Organization","@id":"https:\/\/contactfm72.fr\/#organization","name":"Contact FM 99.3","url":"https:\/\/contactfm72.fr\/","logo":{"@type":"ImageObject","inLanguage":"fr-FR","@id":"https:\/\/contactfm72.fr\/#\/schema\/logo\/image\/","url":"https:\/\/contactfm72.fr\/wp-content\/uploads\/2025\/04\/2025-04-18-2.jpg","contentUrl":"https:\/\/contactfm72.fr\/wp-content\/uploads\/2025\/04\/2025-04-18-2.jpg","width":680,"height":307,"caption":"Contact FM 99.3"},"image":{"@id":"https:\/\/contactfm72.fr\/#\/schema\/logo\/image\/"},"sameAs":["https:\/\/www.facebook.com\/Contactfm.Chateauduloir","https:\/\/x.com\/contactfm72","https:\/\/www.instagram.com\/contact.fm.72?igsh=cGhlMHQ5N2JlNnpp","https:\/\/www.tiktok.com\/@contact.fm"]},{"@type":"Person","@id":"https:\/\/contactfm72.fr\/#\/schema\/person\/d2ef09cdea7331b185acaddc4d14dda8","name":"redaction2@contactfm72.fr","image":{"@type":"ImageObject","inLanguage":"fr-FR","@id":"https:\/\/secure.gravatar.com\/avatar\/897f3d57289c1f4c62cade1c2606ba6ded18d5f1676845e668a9f21cb751c06b?s=96&d=mm&r=g","url":"https:\/\/secure.gravatar.com\/avatar\/897f3d57289c1f4c62cade1c2606ba6ded18d5f1676845e668a9f21cb751c06b?s=96&d=mm&r=g","contentUrl":"https:\/\/secure.gravatar.com\/avatar\/897f3d57289c1f4c62cade1c2606ba6ded18d5f1676845e668a9f21cb751c06b?s=96&d=mm&r=g","caption":"redaction2@contactfm72.fr"},"url":"https:\/\/contactfm72.fr\/?author=5"}]}},"_links":{"self":[{"href":"https:\/\/contactfm72.fr\/index.php?rest_route=\/wp\/v2\/posts\/18538","targetHints":{"allow":["GET"]}}],"collection":[{"href":"https:\/\/contactfm72.fr\/index.php?rest_route=\/wp\/v2\/posts"}],"about":[{"href":"https:\/\/contactfm72.fr\/index.php?rest_route=\/wp\/v2\/types\/post"}],"author":[{"embeddable":true,"href":"https:\/\/contactfm72.fr\/index.php?rest_route=\/wp\/v2\/users\/5"}],"replies":[{"embeddable":true,"href":"https:\/\/contactfm72.fr\/index.php?rest_route=%2Fwp%2Fv2%2Fcomments&post=18538"}],"version-history":[{"count":5,"href":"https:\/\/contactfm72.fr\/index.php?rest_route=\/wp\/v2\/posts\/18538\/revisions"}],"predecessor-version":[{"id":18547,"href":"https:\/\/contactfm72.fr\/index.php?rest_route=\/wp\/v2\/posts\/18538\/revisions\/18547"}],"wp:featuredmedia":[{"embeddable":true,"href":"https:\/\/contactfm72.fr\/index.php?rest_route=\/wp\/v2\/media\/18539"}],"wp:attachment":[{"href":"https:\/\/contactfm72.fr\/index.php?rest_route=%2Fwp%2Fv2%2Fmedia&parent=18538"}],"wp:term":[{"taxonomy":"category","embeddable":true,"href":"https:\/\/contactfm72.fr\/index.php?rest_route=%2Fwp%2Fv2%2Fcategories&post=18538"},{"taxonomy":"post_tag","embeddable":true,"href":"https:\/\/contactfm72.fr\/index.php?rest_route=%2Fwp%2Fv2%2Ftags&post=18538"}],"curies":[{"name":"wp","href":"https:\/\/api.w.org\/{rel}","templated":true}]}}